{"id":9719,"date":"2023-10-13T11:50:55","date_gmt":"2023-10-13T11:50:55","guid":{"rendered":"https:\/\/www.latribunedufaso.net\/?p=9719"},"modified":"2023-10-13T11:50:55","modified_gmt":"2023-10-13T11:50:55","slug":"gestion-integree-des-ressources-en-eau-gire-bilan-et-perspectives-des-30-ans-de-sa-mise-en-oeuvre","status":"publish","type":"post","link":"https:\/\/www.latribunedufaso.net\/?p=9719","title":{"rendered":"Gestion Int\u00e9gr\u00e9e des ressources en eau (GIRE): bilan et perspectives des 30 ans de sa mise en \u0153uvre"},"content":{"rendered":"<p><strong><span style=\"font-size: 1.0625rem;\">Le jeudi 12 Octobre 2023, les Etats g\u00e9n\u00e9raux sur la mise en \u0153uvre de la Gestion int\u00e9gr\u00e9e des ressources en eau (GIRE) a ouvert ses portes sous le th\u00e8me : \u00ab mise en \u0153uvre de la GIRE au Burkina Faso : acquis, d\u00e9fis, perspectives \u00bb. <\/span><span style=\"font-size: 1.0625rem;\">Ladite c\u00e9r\u00e9monie plac\u00e9e sous le patronage du Premier ministre, Apollinaire Joachim Ky\u00e9lem de Tamb\u00e8la a connu la participation des repr\u00e9sentants des pays invit\u00e9s d\u2019honneur du Mali et du Niger.<\/span><\/strong><br \/><!--more--><\/p>\n<p><span style=\"font-size: 1.0625rem;\">Notons que la GIRE est un syst\u00e8me de prise en compte de tous les facteurs pertinents et de tous les acteurs dans la gestion \u00e9quitable, durable et rationnelle de la ressource en eau. Elle est issue des recommandations de la conf\u00e9rence de Dublin en 1992 sur l\u2019eau et l\u2019environnement. Elle a permis la mise en place des Agences de l\u2019eau et des comit\u00e9s locaux de l\u2019eau, l\u2019op\u00e9rationnalisation de la Police de l\u2019eau et la Contribution financi\u00e8re en mati\u00e8re d\u2019eau (CFE).<\/span><\/p>\n<p><a href=\"https:\/\/www.latribunedufaso.net\/wp-content\/uploads\/2023\/10\/FB_IMG_1697197523629.jpg\"><img loading=\"lazy\" decoding=\"async\" class=\"size-medium wp-image-9724 alignleft\" src=\"https:\/\/www.latribunedufaso.net\/wp-content\/uploads\/2023\/10\/FB_IMG_1697197523629-300x230.jpg\" alt=\"\" width=\"300\" height=\"230\" srcset=\"https:\/\/www.latribunedufaso.net\/wp-content\/uploads\/2023\/10\/FB_IMG_1697197523629-300x230.jpg 300w, https:\/\/www.latribunedufaso.net\/wp-content\/uploads\/2023\/10\/FB_IMG_1697197523629.jpg 720w\" sizes=\"auto, (max-width: 300px) 100vw, 300px\" \/><\/a>Le premier ministre, dans son Discours lu par le ministre en charge de l\u2019Eau, Roger Baro,\u00a0 a invit\u00e9 les diff\u00e9rents acteurs \u00e0 d\u00e9gager, durant ces trois jours, les moyens qui permettront aux diff\u00e9rents Etats de relever efficacement le d\u00e9fis de l\u2019exploitation et de l\u2019usage optimal des ressources en eau face \u00e0 l\u2019accentuation de la pression anthropique et aux effets du changement climatiques.\u00a0<\/p>\n<p>Le d\u00e9veloppement \u00e9conomique et social du Burkina Faso \u00e0 l\u2019instar du Mali et du Niger, passe n\u00e9cessairement par une bonne gestion de la ressource en eau. Ces deux pays fr\u00e8res sont donc venus marquer leur engagement aupr\u00e8s du Burkina Faso afin de conjuguer les efforts pour assurer un mieux-\u00eatre aux populations confront\u00e9es \u00e0 une situation d\u2019ins\u00e9curit\u00e9, et surtout pour la g\u00e9n\u00e9ration future.<\/p>\n<p><a href=\"https:\/\/www.latribunedufaso.net\/wp-content\/uploads\/2023\/10\/FB_IMG_1697197542046.jpg\"><img loading=\"lazy\" decoding=\"async\" class=\"size-medium wp-image-9722 alignleft\" src=\"https:\/\/www.latribunedufaso.net\/wp-content\/uploads\/2023\/10\/FB_IMG_1697197542046-300x223.jpg\" alt=\"\" width=\"300\" height=\"223\" srcset=\"https:\/\/www.latribunedufaso.net\/wp-content\/uploads\/2023\/10\/FB_IMG_1697197542046-300x223.jpg 300w, https:\/\/www.latribunedufaso.net\/wp-content\/uploads\/2023\/10\/FB_IMG_1697197542046.jpg 720w\" sizes=\"auto, (max-width: 300px) 100vw, 300px\" \/><\/a>A \u00e9couter le ministre de l&rsquo;Hydraulique, de l&rsquo;Assainissement et de l&rsquo;Environnement du Niger repr\u00e9sentant des pays invit\u00e9s d\u2019honneur, MAIZAMA Abdoulaye, ces \u00e9tats g\u00e9n\u00e9raux constituent un cadre de partage d\u2019exp\u00e9riences et de synergie d\u2019actions pour les diff\u00e9rents pays. \u00ab La pr\u00e9sente conf\u00e9rence du donner et du recevoir nous offre, j\u2019en suis convaincu, des opportunit\u00e9s de prendre connaissance des le\u00e7ons tir\u00e9es des riches et longues exp\u00e9riences de la mise en \u0153uvre de la GIRE dans votre pays, qui constitue un mod\u00e8le dans ce domaine .Nous avons fortement espoir que les pr\u00e9sentes assises permettront de poser les bonnes questions et de trouver les meilleures r\u00e9ponses qui permettront non seulement au Burkina Faso de poursuivre sa marche vers l\u2019op\u00e9rationnalisation de la GIRE mais aussi aux pays fr\u00e8res du Mali et du Niger d\u2019en tirer des le\u00e7ons int\u00e9ressantes en mati\u00e8re de GIRE. \u00bb<\/p>\n<p><a href=\"https:\/\/www.latribunedufaso.net\/wp-content\/uploads\/2023\/10\/FB_IMG_1697197567689.jpg\"><img loading=\"lazy\" decoding=\"async\" class=\"size-medium wp-image-9721 alignleft\" src=\"https:\/\/www.latribunedufaso.net\/wp-content\/uploads\/2023\/10\/FB_IMG_1697197567689-300x194.jpg\" alt=\"\" width=\"300\" height=\"194\" srcset=\"https:\/\/www.latribunedufaso.net\/wp-content\/uploads\/2023\/10\/FB_IMG_1697197567689-300x194.jpg 300w, https:\/\/www.latribunedufaso.net\/wp-content\/uploads\/2023\/10\/FB_IMG_1697197567689.jpg 720w\" sizes=\"auto, (max-width: 300px) 100vw, 300px\" \/><\/a>Ainsi, jusqu\u2019au samedi 14 octobre, Plus de 400 acteurs constitu\u00e9s de chercheurs nationaux et internationaux, du minist\u00e8re de l\u2019Environnement de l\u2019Eau et de l\u2019Assainissement, des partenaires techniques et financiers mettront en communs leurs connaissances afin de fournir des recommandations structurantes et durables par la mise \u0153uvre future de la GIRE.<\/p>\n<p><a href=\"https:\/\/www.latribunedufaso.net\/wp-content\/uploads\/2023\/10\/FB_IMG_1697197573678.jpg\"><img loading=\"lazy\" decoding=\"async\" class=\"size-medium wp-image-9720 alignleft\" src=\"https:\/\/www.latribunedufaso.net\/wp-content\/uploads\/2023\/10\/FB_IMG_1697197573678-300x190.jpg\" alt=\"\" width=\"300\" height=\"190\" srcset=\"https:\/\/www.latribunedufaso.net\/wp-content\/uploads\/2023\/10\/FB_IMG_1697197573678-300x190.jpg 300w, https:\/\/www.latribunedufaso.net\/wp-content\/uploads\/2023\/10\/FB_IMG_1697197573678.jpg 720w\" sizes=\"auto, (max-width: 300px) 100vw, 300px\" \/><\/a><\/p>\n<p><strong>Latribunedufaso.net\u00a0<\/strong><\/p>\n<p><strong>Source : DCRP\/ MEEA<\/strong><\/p>\n","protected":false},"excerpt":{"rendered":"<p>Le jeudi 12 Octobre 2023, les Etats g\u00e9n\u00e9raux sur la mise en \u0153uvre de la Gestion int\u00e9gr\u00e9e des ressources en eau (GIRE) a ouvert ses portes sous le th\u00e8me : \u00ab mise en \u0153uvre de la GIRE au Burkina Faso : acquis, d\u00e9fis, perspectives \u00bb. Ladite c\u00e9r\u00e9monie plac\u00e9e sous le patronage du Premier ministre, Apollinaire Joachim Ky\u00e9lem de Tamb\u00e8la a connu la participation des repr\u00e9sentants des pays invit\u00e9s d\u2019honneur du Mali et du Niger.<\/p>\n","protected":false},"author":5,"featured_media":9725,"comment_status":"open","ping_status":"open","sticky":false,"template":"","format":"standard","meta":{"footnotes":""},"categories":[13,1,23],"tags":[],"class_list":["post-9719","post","type-post","status-publish","format-standard","has-post-thumbnail","hentry","category-une","category-actu","category-eau-et-assainissement"],"yoast_head":"<!-- This site is optimized with the Yoast SEO plugin v27.4 - https:\/\/yoast.com\/product\/yoast-seo-wordpress\/ -->\n<title>Gestion Int\u00e9gr\u00e9e des ressources en eau (GIRE): bilan et perspectives des 30 ans de sa mise en \u0153uvre - La Tribune du Faso<\/title>\n<meta name=\"robots\" content=\"index, follow, max-snippet:-1, max-image-preview:large, max-video-preview:-1\" \/>\n<link rel=\"canonical\" href=\"https:\/\/www.latribunedufaso.net\/?p=9719\" \/>\n<meta property=\"og:locale\" content=\"fr_FR\" \/>\n<meta property=\"og:type\" content=\"article\" \/>\n<meta property=\"og:title\" content=\"Gestion Int\u00e9gr\u00e9e des ressources en eau (GIRE): bilan et perspectives des 30 ans de sa mise en \u0153uvre - La Tribune du Faso\" \/>\n<meta property=\"og:description\" content=\"Le jeudi 12 Octobre 2023, les Etats g\u00e9n\u00e9raux sur la mise en \u0153uvre de la Gestion int\u00e9gr\u00e9e des ressources en eau (GIRE) a ouvert ses portes sous le th\u00e8me : \u00ab mise en \u0153uvre de la GIRE au Burkina Faso : acquis, d\u00e9fis, perspectives \u00bb. Ladite c\u00e9r\u00e9monie plac\u00e9e sous le patronage du Premier ministre, Apollinaire Joachim Ky\u00e9lem de Tamb\u00e8la a connu la participation des repr\u00e9sentants des pays invit\u00e9s d\u2019honneur du Mali et du Niger.\" \/>\n<meta property=\"og:url\" content=\"https:\/\/www.latribunedufaso.net\/?p=9719\" \/>\n<meta property=\"og:site_name\" content=\"La Tribune du Faso\" \/>\n<meta property=\"article:publisher\" content=\"https:\/\/www.facebook.com\/LatribuneduFaso\/\" \/>\n<meta property=\"article:published_time\" content=\"2023-10-13T11:50:55+00:00\" \/>\n<meta property=\"og:image\" content=\"https:\/\/www.latribunedufaso.net\/wp-content\/uploads\/2023\/10\/FB_IMG_1697197516490.jpg\" \/>\n\t<meta property=\"og:image:width\" content=\"720\" \/>\n\t<meta property=\"og:image:height\" content=\"475\" \/>\n\t<meta property=\"og:image:type\" content=\"image\/jpeg\" \/>\n<meta name=\"author\" content=\"Issouf Tapsoba\" \/>\n<meta name=\"twitter:label1\" content=\"\u00c9crit par\" \/>\n\t<meta name=\"twitter:data1\" content=\"Issouf Tapsoba\" \/>\n\t<meta name=\"twitter:label2\" content=\"Dur\u00e9e de lecture estim\u00e9e\" \/>\n\t<meta name=\"twitter:data2\" content=\"3 minutes\" \/>\n<script type=\"application\/ld+json\" class=\"yoast-schema-graph\">{\"@context\":\"https:\\\/\\\/schema.org\",\"@graph\":[{\"@type\":\"Article\",\"@id\":\"https:\\\/\\\/www.latribunedufaso.net\\\/?p=9719#article\",\"isPartOf\":{\"@id\":\"https:\\\/\\\/www.latribunedufaso.net\\\/?p=9719\"},\"author\":{\"name\":\"Issouf Tapsoba\",\"@id\":\"https:\\\/\\\/www.latribunedufaso.net\\\/#\\\/schema\\\/person\\\/e54e64c5778a7e72cf80a318b7a622b0\"},\"headline\":\"Gestion Int\u00e9gr\u00e9e des ressources en eau (GIRE): bilan et perspectives des 30 ans de sa mise en \u0153uvre\",\"datePublished\":\"2023-10-13T11:50:55+00:00\",\"mainEntityOfPage\":{\"@id\":\"https:\\\/\\\/www.latribunedufaso.net\\\/?p=9719\"},\"wordCount\":556,\"commentCount\":0,\"publisher\":{\"@id\":\"https:\\\/\\\/www.latribunedufaso.net\\\/#organization\"},\"image\":{\"@id\":\"https:\\\/\\\/www.latribunedufaso.net\\\/?p=9719#primaryimage\"},\"thumbnailUrl\":\"https:\\\/\\\/www.latribunedufaso.net\\\/wp-content\\\/uploads\\\/2023\\\/10\\\/FB_IMG_1697197516490.jpg\",\"articleSection\":[\"A la une\",\"Actualit\u00e9\",\"Eau et assainissement\"],\"inLanguage\":\"fr-FR\",\"potentialAction\":[{\"@type\":\"CommentAction\",\"name\":\"Comment\",\"target\":[\"https:\\\/\\\/www.latribunedufaso.net\\\/?p=9719#respond\"]}]},{\"@type\":\"WebPage\",\"@id\":\"https:\\\/\\\/www.latribunedufaso.net\\\/?p=9719\",\"url\":\"https:\\\/\\\/www.latribunedufaso.net\\\/?p=9719\",\"name\":\"Gestion Int\u00e9gr\u00e9e des ressources en eau (GIRE): bilan et perspectives des 30 ans de sa mise en \u0153uvre - La Tribune du Faso\",\"isPartOf\":{\"@id\":\"https:\\\/\\\/www.latribunedufaso.net\\\/#website\"},\"primaryImageOfPage\":{\"@id\":\"https:\\\/\\\/www.latribunedufaso.net\\\/?p=9719#primaryimage\"},\"image\":{\"@id\":\"https:\\\/\\\/www.latribunedufaso.net\\\/?p=9719#primaryimage\"},\"thumbnailUrl\":\"https:\\\/\\\/www.latribunedufaso.net\\\/wp-content\\\/uploads\\\/2023\\\/10\\\/FB_IMG_1697197516490.jpg\",\"datePublished\":\"2023-10-13T11:50:55+00:00\",\"breadcrumb\":{\"@id\":\"https:\\\/\\\/www.latribunedufaso.net\\\/?p=9719#breadcrumb\"},\"inLanguage\":\"fr-FR\",\"potentialAction\":[{\"@type\":\"ReadAction\",\"target\":[\"https:\\\/\\\/www.latribunedufaso.net\\\/?p=9719\"]}]},{\"@type\":\"ImageObject\",\"inLanguage\":\"fr-FR\",\"@id\":\"https:\\\/\\\/www.latribunedufaso.net\\\/?p=9719#primaryimage\",\"url\":\"https:\\\/\\\/www.latribunedufaso.net\\\/wp-content\\\/uploads\\\/2023\\\/10\\\/FB_IMG_1697197516490.jpg\",\"contentUrl\":\"https:\\\/\\\/www.latribunedufaso.net\\\/wp-content\\\/uploads\\\/2023\\\/10\\\/FB_IMG_1697197516490.jpg\",\"width\":720,\"height\":475},{\"@type\":\"BreadcrumbList\",\"@id\":\"https:\\\/\\\/www.latribunedufaso.net\\\/?p=9719#breadcrumb\",\"itemListElement\":[{\"@type\":\"ListItem\",\"position\":1,\"name\":\"Accueil\",\"item\":\"https:\\\/\\\/www.latribunedufaso.net\\\/\"},{\"@type\":\"ListItem\",\"position\":2,\"name\":\"Gestion Int\u00e9gr\u00e9e des ressources en eau (GIRE): bilan et perspectives des 30 ans de sa mise en \u0153uvre\"}]},{\"@type\":\"WebSite\",\"@id\":\"https:\\\/\\\/www.latribunedufaso.net\\\/#website\",\"url\":\"https:\\\/\\\/www.latribunedufaso.net\\\/\",\"name\":\"La Tribune du Faso\",\"description\":\"L&#039;information du monde rural en un clic\",\"publisher\":{\"@id\":\"https:\\\/\\\/www.latribunedufaso.net\\\/#organization\"},\"potentialAction\":[{\"@type\":\"SearchAction\",\"target\":{\"@type\":\"EntryPoint\",\"urlTemplate\":\"https:\\\/\\\/www.latribunedufaso.net\\\/?s={search_term_string}\"},\"query-input\":{\"@type\":\"PropertyValueSpecification\",\"valueRequired\":true,\"valueName\":\"search_term_string\"}}],\"inLanguage\":\"fr-FR\"},{\"@type\":\"Organization\",\"@id\":\"https:\\\/\\\/www.latribunedufaso.net\\\/#organization\",\"name\":\"La Tribune du Faso\",\"url\":\"https:\\\/\\\/www.latribunedufaso.net\\\/\",\"logo\":{\"@type\":\"ImageObject\",\"inLanguage\":\"fr-FR\",\"@id\":\"https:\\\/\\\/www.latribunedufaso.net\\\/#\\\/schema\\\/logo\\\/image\\\/\",\"url\":\"https:\\\/\\\/www.latribunedufaso.net\\\/wp-content\\\/uploads\\\/2020\\\/08\\\/Logo-Tribune-du-Faso-final-scaled.jpg\",\"contentUrl\":\"https:\\\/\\\/www.latribunedufaso.net\\\/wp-content\\\/uploads\\\/2020\\\/08\\\/Logo-Tribune-du-Faso-final-scaled.jpg\",\"width\":2560,\"height\":1856,\"caption\":\"La Tribune du Faso\"},\"image\":{\"@id\":\"https:\\\/\\\/www.latribunedufaso.net\\\/#\\\/schema\\\/logo\\\/image\\\/\"},\"sameAs\":[\"https:\\\/\\\/www.facebook.com\\\/LatribuneduFaso\\\/\"]},{\"@type\":\"Person\",\"@id\":\"https:\\\/\\\/www.latribunedufaso.net\\\/#\\\/schema\\\/person\\\/e54e64c5778a7e72cf80a318b7a622b0\",\"name\":\"Issouf Tapsoba\",\"image\":{\"@type\":\"ImageObject\",\"inLanguage\":\"fr-FR\",\"@id\":\"https:\\\/\\\/secure.gravatar.com\\\/avatar\\\/5e6c05150ce3230247d167f5b94d678eb05936197436d69b7921e3a95c9107ac?s=96&d=mm&r=g\",\"url\":\"https:\\\/\\\/secure.gravatar.com\\\/avatar\\\/5e6c05150ce3230247d167f5b94d678eb05936197436d69b7921e3a95c9107ac?s=96&d=mm&r=g\",\"contentUrl\":\"https:\\\/\\\/secure.gravatar.com\\\/avatar\\\/5e6c05150ce3230247d167f5b94d678eb05936197436d69b7921e3a95c9107ac?s=96&d=mm&r=g\",\"caption\":\"Issouf Tapsoba\"},\"url\":\"https:\\\/\\\/www.latribunedufaso.net\\\/?author=5\"}]}<\/script>\n<!-- \/ Yoast SEO plugin. -->","yoast_head_json":{"title":"Gestion Int\u00e9gr\u00e9e des ressources en eau (GIRE): bilan et perspectives des 30 ans de sa mise en \u0153uvre - La Tribune du Faso","robots":{"index":"index","follow":"follow","max-snippet":"max-snippet:-1","max-image-preview":"max-image-preview:large","max-video-preview":"max-video-preview:-1"},"canonical":"https:\/\/www.latribunedufaso.net\/?p=9719","og_locale":"fr_FR","og_type":"article","og_title":"Gestion Int\u00e9gr\u00e9e des ressources en eau (GIRE): bilan et perspectives des 30 ans de sa mise en \u0153uvre - La Tribune du Faso","og_description":"Le jeudi 12 Octobre 2023, les Etats g\u00e9n\u00e9raux sur la mise en \u0153uvre de la Gestion int\u00e9gr\u00e9e des ressources en eau (GIRE) a ouvert ses portes sous le th\u00e8me : \u00ab mise en \u0153uvre de la GIRE au Burkina Faso : acquis, d\u00e9fis, perspectives \u00bb. Ladite c\u00e9r\u00e9monie plac\u00e9e sous le patronage du Premier ministre, Apollinaire Joachim Ky\u00e9lem de Tamb\u00e8la a connu la participation des repr\u00e9sentants des pays invit\u00e9s d\u2019honneur du Mali et du Niger.","og_url":"https:\/\/www.latribunedufaso.net\/?p=9719","og_site_name":"La Tribune du Faso","article_publisher":"https:\/\/www.facebook.com\/LatribuneduFaso\/","article_published_time":"2023-10-13T11:50:55+00:00","og_image":[{"width":720,"height":475,"url":"https:\/\/www.latribunedufaso.net\/wp-content\/uploads\/2023\/10\/FB_IMG_1697197516490.jpg","type":"image\/jpeg"}],"author":"Issouf Tapsoba","twitter_misc":{"\u00c9crit par":"Issouf Tapsoba","Dur\u00e9e de lecture estim\u00e9e":"3 minutes"},"schema":{"@context":"https:\/\/schema.org","@graph":[{"@type":"Article","@id":"https:\/\/www.latribunedufaso.net\/?p=9719#article","isPartOf":{"@id":"https:\/\/www.latribunedufaso.net\/?p=9719"},"author":{"name":"Issouf Tapsoba","@id":"https:\/\/www.latribunedufaso.net\/#\/schema\/person\/e54e64c5778a7e72cf80a318b7a622b0"},"headline":"Gestion Int\u00e9gr\u00e9e des ressources en eau (GIRE): bilan et perspectives des 30 ans de sa mise en \u0153uvre","datePublished":"2023-10-13T11:50:55+00:00","mainEntityOfPage":{"@id":"https:\/\/www.latribunedufaso.net\/?p=9719"},"wordCount":556,"commentCount":0,"publisher":{"@id":"https:\/\/www.latribunedufaso.net\/#organization"},"image":{"@id":"https:\/\/www.latribunedufaso.net\/?p=9719#primaryimage"},"thumbnailUrl":"https:\/\/www.latribunedufaso.net\/wp-content\/uploads\/2023\/10\/FB_IMG_1697197516490.jpg","articleSection":["A la une","Actualit\u00e9","Eau et assainissement"],"inLanguage":"fr-FR","potentialAction":[{"@type":"CommentAction","name":"Comment","target":["https:\/\/www.latribunedufaso.net\/?p=9719#respond"]}]},{"@type":"WebPage","@id":"https:\/\/www.latribunedufaso.net\/?p=9719","url":"https:\/\/www.latribunedufaso.net\/?p=9719","name":"Gestion Int\u00e9gr\u00e9e des ressources en eau (GIRE): bilan et perspectives des 30 ans de sa mise en \u0153uvre - La Tribune du Faso","isPartOf":{"@id":"https:\/\/www.latribunedufaso.net\/#website"},"primaryImageOfPage":{"@id":"https:\/\/www.latribunedufaso.net\/?p=9719#primaryimage"},"image":{"@id":"https:\/\/www.latribunedufaso.net\/?p=9719#primaryimage"},"thumbnailUrl":"https:\/\/www.latribunedufaso.net\/wp-content\/uploads\/2023\/10\/FB_IMG_1697197516490.jpg","datePublished":"2023-10-13T11:50:55+00:00","breadcrumb":{"@id":"https:\/\/www.latribunedufaso.net\/?p=9719#breadcrumb"},"inLanguage":"fr-FR","potentialAction":[{"@type":"ReadAction","target":["https:\/\/www.latribunedufaso.net\/?p=9719"]}]},{"@type":"ImageObject","inLanguage":"fr-FR","@id":"https:\/\/www.latribunedufaso.net\/?p=9719#primaryimage","url":"https:\/\/www.latribunedufaso.net\/wp-content\/uploads\/2023\/10\/FB_IMG_1697197516490.jpg","contentUrl":"https:\/\/www.latribunedufaso.net\/wp-content\/uploads\/2023\/10\/FB_IMG_1697197516490.jpg","width":720,"height":475},{"@type":"BreadcrumbList","@id":"https:\/\/www.latribunedufaso.net\/?p=9719#breadcrumb","itemListElement":[{"@type":"ListItem","position":1,"name":"Accueil","item":"https:\/\/www.latribunedufaso.net\/"},{"@type":"ListItem","position":2,"name":"Gestion Int\u00e9gr\u00e9e des ressources en eau (GIRE): bilan et perspectives des 30 ans de sa mise en \u0153uvre"}]},{"@type":"WebSite","@id":"https:\/\/www.latribunedufaso.net\/#website","url":"https:\/\/www.latribunedufaso.net\/","name":"La Tribune du Faso","description":"L&#039;information du monde rural en un clic","publisher":{"@id":"https:\/\/www.latribunedufaso.net\/#organization"},"potentialAction":[{"@type":"SearchAction","target":{"@type":"EntryPoint","urlTemplate":"https:\/\/www.latribunedufaso.net\/?s={search_term_string}"},"query-input":{"@type":"PropertyValueSpecification","valueRequired":true,"valueName":"search_term_string"}}],"inLanguage":"fr-FR"},{"@type":"Organization","@id":"https:\/\/www.latribunedufaso.net\/#organization","name":"La Tribune du Faso","url":"https:\/\/www.latribunedufaso.net\/","logo":{"@type":"ImageObject","inLanguage":"fr-FR","@id":"https:\/\/www.latribunedufaso.net\/#\/schema\/logo\/image\/","url":"https:\/\/www.latribunedufaso.net\/wp-content\/uploads\/2020\/08\/Logo-Tribune-du-Faso-final-scaled.jpg","contentUrl":"https:\/\/www.latribunedufaso.net\/wp-content\/uploads\/2020\/08\/Logo-Tribune-du-Faso-final-scaled.jpg","width":2560,"height":1856,"caption":"La Tribune du Faso"},"image":{"@id":"https:\/\/www.latribunedufaso.net\/#\/schema\/logo\/image\/"},"sameAs":["https:\/\/www.facebook.com\/LatribuneduFaso\/"]},{"@type":"Person","@id":"https:\/\/www.latribunedufaso.net\/#\/schema\/person\/e54e64c5778a7e72cf80a318b7a622b0","name":"Issouf Tapsoba","image":{"@type":"ImageObject","inLanguage":"fr-FR","@id":"https:\/\/secure.gravatar.com\/avatar\/5e6c05150ce3230247d167f5b94d678eb05936197436d69b7921e3a95c9107ac?s=96&d=mm&r=g","url":"https:\/\/secure.gravatar.com\/avatar\/5e6c05150ce3230247d167f5b94d678eb05936197436d69b7921e3a95c9107ac?s=96&d=mm&r=g","contentUrl":"https:\/\/secure.gravatar.com\/avatar\/5e6c05150ce3230247d167f5b94d678eb05936197436d69b7921e3a95c9107ac?s=96&d=mm&r=g","caption":"Issouf Tapsoba"},"url":"https:\/\/www.latribunedufaso.net\/?author=5"}]}},"_links":{"self":[{"href":"https:\/\/www.latribunedufaso.net\/index.php?rest_route=\/wp\/v2\/posts\/9719","targetHints":{"allow":["GET"]}}],"collection":[{"href":"https:\/\/www.latribunedufaso.net\/index.php?rest_route=\/wp\/v2\/posts"}],"about":[{"href":"https:\/\/www.latribunedufaso.net\/index.php?rest_route=\/wp\/v2\/types\/post"}],"author":[{"embeddable":true,"href":"https:\/\/www.latribunedufaso.net\/index.php?rest_route=\/wp\/v2\/users\/5"}],"replies":[{"embeddable":true,"href":"https:\/\/www.latribunedufaso.net\/index.php?rest_route=%2Fwp%2Fv2%2Fcomments&post=9719"}],"version-history":[{"count":1,"href":"https:\/\/www.latribunedufaso.net\/index.php?rest_route=\/wp\/v2\/posts\/9719\/revisions"}],"predecessor-version":[{"id":9726,"href":"https:\/\/www.latribunedufaso.net\/index.php?rest_route=\/wp\/v2\/posts\/9719\/revisions\/9726"}],"wp:featuredmedia":[{"embeddable":true,"href":"https:\/\/www.latribunedufaso.net\/index.php?rest_route=\/wp\/v2\/media\/9725"}],"wp:attachment":[{"href":"https:\/\/www.latribunedufaso.net\/index.php?rest_route=%2Fwp%2Fv2%2Fmedia&parent=9719"}],"wp:term":[{"taxonomy":"category","embeddable":true,"href":"https:\/\/www.latribunedufaso.net\/index.php?rest_route=%2Fwp%2Fv2%2Fcategories&post=9719"},{"taxonomy":"post_tag","embeddable":true,"href":"https:\/\/www.latribunedufaso.net\/index.php?rest_route=%2Fwp%2Fv2%2Ftags&post=9719"}],"curies":[{"name":"wp","href":"https:\/\/api.w.org\/{rel}","templated":true}]}}