{"id":964,"date":"2020-08-11T07:51:53","date_gmt":"2020-08-11T07:51:53","guid":{"rendered":"https:\/\/www.latribunedufaso.net\/?p=964"},"modified":"2020-08-13T00:10:56","modified_gmt":"2020-08-13T00:10:56","slug":"village-de-sane-la-population-rend-hommage-au-pere-abraham","status":"publish","type":"post","link":"https:\/\/www.latribunedufaso.net\/?p=964","title":{"rendered":"Village de San\u00e9\u00a0: La population rend hommage au \u00ab\u00a0P\u00e8re Abraham\u00a0\u00bb"},"content":{"rendered":"<p><strong>San\u00e9, village situ\u00e9 dans la commune de Tanghin-Dassouri, \u00e0 une quarantaine de kilom\u00e8tres de Ouagadougou, s\u2019est souvenu de leur ami bienfaiteur Abrahamovich Sacha Alexander, commun\u00e9ment appel\u00e9 \u00ab P\u00e8re Abraham \u00bb. C\u2019\u00e9tait \u00e0 l\u2019occasion d\u2019une c\u00e9r\u00e9monie d\u2019hommage tenue le dimanche 09 ao\u00fbt 2020.<\/strong><!--more--><\/p>\n<p><a href=\"https:\/\/latribunedufaso.net\/wp-content\/uploads\/2020\/08\/IMG-20200811-WA0005-1.jpg\"><img loading=\"lazy\" decoding=\"async\" class=\"size-medium wp-image-972 aligncenter\" src=\"https:\/\/latribunedufaso.net\/wp-content\/uploads\/2020\/08\/IMG-20200811-WA0005-1-225x300.jpg\" alt=\"\" width=\"225\" height=\"300\" srcset=\"https:\/\/www.latribunedufaso.net\/wp-content\/uploads\/2020\/08\/IMG-20200811-WA0005-1-225x300.jpg 225w, https:\/\/www.latribunedufaso.net\/wp-content\/uploads\/2020\/08\/IMG-20200811-WA0005-1-768x1024.jpg 768w, https:\/\/www.latribunedufaso.net\/wp-content\/uploads\/2020\/08\/IMG-20200811-WA0005-1-600x800.jpg 600w, https:\/\/www.latribunedufaso.net\/wp-content\/uploads\/2020\/08\/IMG-20200811-WA0005-1.jpg 780w\" sizes=\"auto, (max-width: 225px) 100vw, 225px\" \/><\/a> \u00ab P\u00e8re Abraham \u00bb, n\u00e9 le 10\/09\/1926 et d\u00e9c\u00e9d\u00e9 le 19\/03\/2020 \u00e0 Vienne, en Autriche, a re\u00e7u un vibrant hommage pour son engagement et son d\u00e9vouement pendant plusieurs ann\u00e9es au rayonnement et au d\u00e9veloppement du village de San\u00e9. Cette c\u00e9r\u00e9monie qui intervient quatre mois 20 jours apr\u00e8s la date de son d\u00e9c\u00e8s, a \u00e9galement \u00e9t\u00e9 riche en t\u00e9moignages. De ces derniers, celui de Ousmane Kabor\u00e9, de la premi\u00e8re promotion de l\u2019\u00e9cole primaire publique de San\u00e9. Il a pris la parole au nom de tous les anciens \u00e9l\u00e8ves de l\u2019\u00e9cole pour rendre hommage au P\u00e8re Abraham sans oublier le premier directeur de l\u2019\u00e9tablissement, Albert K\u00e9r\u00e9, d\u00e9c\u00e9d\u00e9 le 24 mai 2020, \u00e0 Ouagadougou. \u00ab Sonn\u00e9s et assom\u00e9s, nous sommes ; mais patients, nous demeurons convaincus que sa joie de vivre ici-bas, n\u2019aura d\u2019\u00e9gale que le bonheur \u00e9ternel qui l\u2019attend l\u00e0-haut ; Plaise \u00e0 Dieu tout-puissant, de le lui accorder \u00bb, a d\u00e9clar\u00e9 le porte-parole avant d\u2019indiquer \u00ab la gratitude dit-on, est la m\u00e9moire du c\u0153ur \u00bb.<\/p>\n<p>Fort d\u2019une telle citation, il est revenu sur quelques-unes des \u0153uvres dont ils ont \u00e9t\u00e9 les heureux b\u00e9n\u00e9ficiaires : \u00ab la construction d\u2019infrastructures scolaires (salles de classe, logements d\u2019enseignants\u2026) ; l\u2019octroi de bourses d\u2019\u00e9tude et d\u2019allocation alimentaire, servies annuellement ; la dotation de bicyclettes aux nouveaux coll\u00e9giens, etc. \u00bb.<\/p>\n<p><a href=\"https:\/\/latribunedufaso.net\/wp-content\/uploads\/2020\/08\/IMG-20200811-WA0004-1.jpg\"><img loading=\"lazy\" decoding=\"async\" class=\"size-medium wp-image-973 aligncenter\" src=\"https:\/\/latribunedufaso.net\/wp-content\/uploads\/2020\/08\/IMG-20200811-WA0004-1-300x225.jpg\" alt=\"\" width=\"300\" height=\"225\" srcset=\"https:\/\/www.latribunedufaso.net\/wp-content\/uploads\/2020\/08\/IMG-20200811-WA0004-1-300x225.jpg 300w, https:\/\/www.latribunedufaso.net\/wp-content\/uploads\/2020\/08\/IMG-20200811-WA0004-1-1024x768.jpg 1024w, https:\/\/www.latribunedufaso.net\/wp-content\/uploads\/2020\/08\/IMG-20200811-WA0004-1-768x576.jpg 768w, https:\/\/www.latribunedufaso.net\/wp-content\/uploads\/2020\/08\/IMG-20200811-WA0004-1-600x450.jpg 600w, https:\/\/www.latribunedufaso.net\/wp-content\/uploads\/2020\/08\/IMG-20200811-WA0004-1.jpg 1040w\" sizes=\"auto, (max-width: 300px) 100vw, 300px\" \/><\/a><\/p>\n<p>Pour sa part, Bernard Sam, fils de San\u00e9 et l\u2019une des personnes ayant particip\u00e9 \u00e0 la venue du bienfaiteur Abraham \u00e0 San\u00e9, a fait savoir\u00a0: \u00ab\u00a0le malheur de t\u2019avoir perdu ne doit pas nous faire oublier le bonheur de t\u2019avoir connu\u00a0\u00bb. Il a, ce faisant, rappel\u00e9 l\u2019histoire de la rencontre entre l\u2019un des fils de San\u00e9 et le \u00ab\u00a0P\u00e8re Abraham\u00a0\u00bb, qui a conduit le p\u00e8re missionnaire \u00e0 jeter son d\u00e9volu sur San\u00e9. \u00ab\u00a0Il a d\u00e9cid\u00e9, dans les ann\u00e9es 80, d\u2019investir dans une zone en Afrique de son choix (San\u00e9) gr\u00e2ce \u00e0 une rencontre qu\u2019il a eue avec un de nos fr\u00e8res, Moustapha, qui r\u00e9side \u00e0 Vienne. Des entretiens, ici, de leur rencontre, est n\u00e9 l\u2019int\u00e9r\u00eat de Sacha pour San\u00e9 et celui-ci d\u00e9barqua \u00e0 Ouagadougou dans le courant du premier trimestre de l\u2019ann\u00e9e 1984\u2026\u00a0\u00bb, a-t-il indiqu\u00e9.<\/p>\n<p>Le pr\u00e9sident de la c\u00e9r\u00e9monie, le maire de la commune de Tanghin-Dassouri, Alassane Kiemtor\u00e9, a d\u2019embl\u00e9e remerci\u00e9 l\u2019ensemble des acteurs qui ont contribu\u00e9 \u00e0 la tenue de l\u2019\u00e9v\u00e9nement. Pour lui, cette c\u00e9r\u00e9monie est une reconnaissance pour le bienfait et l\u2019ardeur du \u00ab\u00a0p\u00e8re blanc\u00a0\u00bb \u00e0 la question humaine. Aussi estime-t-il qu\u2019\u00e0 travers la c\u00e9l\u00e9bration du personnage d\u2019Abraham, l\u2019on c\u00e9l\u00e8bre aussi tout individu qui s\u2019est sacrifi\u00e9 afin de donner du sien pour que les populations les plus d\u00e9munies puisse retrouver un tant soit peu le sourire\u00a0; sourire pour l\u2019\u00e9cole, sourire pour la sant\u00e9, sourire pour le social, sourire pour l\u2019alimentaire.<\/p>\n<p>&nbsp;<\/p>\n<p><a href=\"https:\/\/latribunedufaso.net\/wp-content\/uploads\/2020\/08\/IMG_20200809_142617_7-scaled.jpg\"><img loading=\"lazy\" decoding=\"async\" class=\"size-medium wp-image-975 aligncenter\" src=\"https:\/\/latribunedufaso.net\/wp-content\/uploads\/2020\/08\/IMG_20200809_142617_7-300x225.jpg\" alt=\"\" width=\"300\" height=\"225\" srcset=\"https:\/\/www.latribunedufaso.net\/wp-content\/uploads\/2020\/08\/IMG_20200809_142617_7-300x225.jpg 300w, https:\/\/www.latribunedufaso.net\/wp-content\/uploads\/2020\/08\/IMG_20200809_142617_7-1024x768.jpg 1024w, https:\/\/www.latribunedufaso.net\/wp-content\/uploads\/2020\/08\/IMG_20200809_142617_7-768x576.jpg 768w, https:\/\/www.latribunedufaso.net\/wp-content\/uploads\/2020\/08\/IMG_20200809_142617_7-600x450.jpg 600w, https:\/\/www.latribunedufaso.net\/wp-content\/uploads\/2020\/08\/IMG_20200809_142617_7-1536x1152.jpg 1536w, https:\/\/www.latribunedufaso.net\/wp-content\/uploads\/2020\/08\/IMG_20200809_142617_7-2048x1536.jpg 2048w\" sizes=\"auto, (max-width: 300px) 100vw, 300px\" \/><\/a><\/p>\n<p>Pour terminer, il a appel\u00e9 les populations \u00e0\u00a0raviver la flamme qui br\u00fble depuis lors. \u00ab\u00a0Faire des fun\u00e9railles pour un blanc, c\u2019est une reconnaissance\u00a0; et cette reconnaissance, c\u2019est de garder cette flamme. Il faut que San\u00e9, \u00e0 partir de l\u00e0, puisse toujours continuer \u00e0 communier ensemble pour que San\u00e9 continue dans ce p\u00f4le de concept de d\u00e9veloppement durable humain. Sans cela, tout ce que Abraham a fait tomberait un jour\u00a0\u00bb, a lanc\u00e9 Alassane Kiemtor\u00e9.<\/p>\n<p>D\u2019autres t\u00e9moignages, notamment ceux du 1er pr\u00e9sident des parents d\u2019\u00e9l\u00e8ves de San\u00e9\u00a0; de la maison des c\u00e9r\u00e9ales\u00a0; de la maison du jardinage ont \u00e9t\u00e9 entendus. Tous, du 1er responsable de la commune aux populations, lui ont rendu hommage, et lui ont souhait\u00e9 un repos \u00e9ternel. Cette c\u00e9r\u00e9monie a de m\u00eame vu la mise en terre d\u2019un plant et la visite d\u2019une exposition photos d\u00e9di\u00e9s aux r\u00e9alisateur du \u00ab\u00a0P\u00e8re Abraham\u00a0\u00bb.<\/p>\n<p><a href=\"https:\/\/latribunedufaso.net\/wp-content\/uploads\/2020\/08\/IMG-20200811-WA0010.jpg\"><img loading=\"lazy\" decoding=\"async\" class=\"size-medium wp-image-971 aligncenter\" src=\"https:\/\/latribunedufaso.net\/wp-content\/uploads\/2020\/08\/IMG-20200811-WA0010-300x225.jpg\" alt=\"\" width=\"300\" height=\"225\" srcset=\"https:\/\/www.latribunedufaso.net\/wp-content\/uploads\/2020\/08\/IMG-20200811-WA0010-300x225.jpg 300w, https:\/\/www.latribunedufaso.net\/wp-content\/uploads\/2020\/08\/IMG-20200811-WA0010-1024x768.jpg 1024w, https:\/\/www.latribunedufaso.net\/wp-content\/uploads\/2020\/08\/IMG-20200811-WA0010-768x576.jpg 768w, https:\/\/www.latribunedufaso.net\/wp-content\/uploads\/2020\/08\/IMG-20200811-WA0010-600x450.jpg 600w, https:\/\/www.latribunedufaso.net\/wp-content\/uploads\/2020\/08\/IMG-20200811-WA0010.jpg 1040w\" sizes=\"auto, (max-width: 300px) 100vw, 300px\" \/><\/a><\/p>\n<p>Pour rappel, cette c\u00e9r\u00e9monie d\u2019hommage fait suite \u00e0 une c\u00e9r\u00e9monie de reconnaissance c\u00e9l\u00e9br\u00e9e \u00e0 l\u2019occasion du 20e anniversaire de l\u2019intervention du \u00ab P\u00e8re Abraham \u00bb \u00e0 San\u00e9, le 20 janvier 2005. Elle fut initi\u00e9e par les populations de San\u00e9 en collaboration avec l\u2019association Buud-nooma de San\u00e9 ; et fut pr\u00e9sid\u00e9e par le ministre de l\u2019Enseignement de base et de l\u2019alphab\u00e9tisation de l\u2019\u00e9poque, Matthieu Ou\u00e9draogo. Il fut \u00e9lev\u00e9 au grade de Chevalier de l\u2019ordre du m\u00e9rite burkinab\u00e8.<\/p>\n<p><strong>Tambi Serge Pac\u00f4me Zongo<\/strong><br \/>\n<strong>Latribunedufaso.net<\/strong><\/p>\n<p><strong>Quelques r\u00e9alisations du \u00ab\u00a0P\u00e8re Abraham\u00a0\u00bb \u00e0 San\u00e9\u00a0:<\/strong><br \/>\n&#8211; en 1985, ouverture du chantier de l\u2019\u00e9cole primaire o\u00f9 le premier b\u00e2timent a \u00e9t\u00e9 construit avec une nouvelle technologie de l\u2019\u00e9poque (briques press\u00e9es confectionn\u00e9es avec de l\u2019argile et du ciment) ;<\/p>\n<p>&#8211; envoie pour la formation de deux fils de la localit\u00e9 \u00e0 Ouagadougou en confection de briques press\u00e9es confectionn\u00e9es avec de l\u2019argile et du ciment ;<\/p>\n<p>&#8211; avec son accompagnement, l\u2019\u00e9cole primaire de San\u00e9 fut normalis\u00e9e en six classes en 1989, et depuis 1990 comme centre d\u2019examen jusqu\u2019\u00e0 maintenant (aujourd\u2019hui, l\u2019\u00e9cole compte trois salles de classe chacun ; un b\u00e2timent servant de bureau ; cinq logements d\u2019enseignant ; un forage ; un jardin scolaire et des latrines) ;<\/p>\n<p>&#8211; cr\u00e9ation d\u2019une banque de c\u00e9r\u00e9ales (approvisionnement annuel) ;<\/p>\n<p>&#8211; une aide au mara\u00eechage pour les paysans et une aide aux personnes indigentes et aux orphelins ;<\/p>\n<p>&#8211; construction du CSPS, de la maternit\u00e9 et du dispensaire ;<\/p>\n<p>&#8211; \u00e9lectrification de San\u00e9 avec une plateforme multifonctionnelle ;<\/p>\n<p>&#8211; construction d\u2019une aire d\u2019abattage ;<\/p>\n<p>&#8211; construction du CEG en 2011 et inaugur\u00e9 en 2012, etc.<\/p>\n<p><strong style=\"font-size: 1.0625rem;\">TSP<\/strong><\/p>\n","protected":false},"excerpt":{"rendered":"<p>San\u00e9, village situ\u00e9 dans la commune de Tanghin-Dassouri, \u00e0 une quarantaine de kilom\u00e8tres de Ouagadougou, s\u2019est souvenu de leur ami bienfaiteur Abrahamovich Sacha Alexander, commun\u00e9ment appel\u00e9 \u00ab P\u00e8re Abraham \u00bb. C\u2019\u00e9tait \u00e0 l\u2019occasion d\u2019une c\u00e9r\u00e9monie d\u2019hommage tenue le dimanche 09 ao\u00fbt 2020.<\/p>\n","protected":false},"author":2,"featured_media":965,"comment_status":"open","ping_status":"open","sticky":false,"template":"","format":"standard","meta":{"footnotes":""},"categories":[1,8],"tags":[],"class_list":["post-964","post","type-post","status-publish","format-standard","has-post-thumbnail","hentry","category-actu","category-societe"],"yoast_head":"<!-- This site is optimized with the Yoast SEO plugin v27.4 - https:\/\/yoast.com\/product\/yoast-seo-wordpress\/ -->\n<title>Village de San\u00e9\u00a0: La population rend hommage au \u00ab\u00a0P\u00e8re Abraham\u00a0\u00bb - La Tribune du Faso<\/title>\n<meta name=\"robots\" content=\"index, follow, max-snippet:-1, max-image-preview:large, max-video-preview:-1\" \/>\n<link rel=\"canonical\" href=\"https:\/\/www.latribunedufaso.net\/?p=964\" \/>\n<meta property=\"og:locale\" content=\"fr_FR\" \/>\n<meta property=\"og:type\" content=\"article\" \/>\n<meta property=\"og:title\" content=\"Village de San\u00e9\u00a0: La population rend hommage au \u00ab\u00a0P\u00e8re Abraham\u00a0\u00bb - La Tribune du Faso\" \/>\n<meta property=\"og:description\" content=\"San\u00e9, village situ\u00e9 dans la commune de Tanghin-Dassouri, \u00e0 une quarantaine de kilom\u00e8tres de Ouagadougou, s\u2019est souvenu de leur ami bienfaiteur Abrahamovich Sacha Alexander, commun\u00e9ment appel\u00e9 \u00ab P\u00e8re Abraham \u00bb. C\u2019\u00e9tait \u00e0 l\u2019occasion d\u2019une c\u00e9r\u00e9monie d\u2019hommage tenue le dimanche 09 ao\u00fbt 2020.\" \/>\n<meta property=\"og:url\" content=\"https:\/\/www.latribunedufaso.net\/?p=964\" \/>\n<meta property=\"og:site_name\" content=\"La Tribune du Faso\" \/>\n<meta property=\"article:publisher\" content=\"https:\/\/www.facebook.com\/LatribuneduFaso\/\" \/>\n<meta property=\"article:published_time\" content=\"2020-08-11T07:51:53+00:00\" \/>\n<meta property=\"article:modified_time\" content=\"2020-08-13T00:10:56+00:00\" \/>\n<meta property=\"og:image\" content=\"https:\/\/latribunedufaso.net\/wp-content\/uploads\/2020\/08\/IMG-20200811-WA0000.jpg\" \/>\n\t<meta property=\"og:image:width\" content=\"1040\" \/>\n\t<meta property=\"og:image:height\" content=\"780\" \/>\n\t<meta property=\"og:image:type\" content=\"image\/jpeg\" \/>\n<meta name=\"author\" content=\"Administrateur\" \/>\n<meta name=\"twitter:label1\" content=\"\u00c9crit par\" \/>\n\t<meta name=\"twitter:data1\" content=\"Administrateur\" \/>\n\t<meta name=\"twitter:label2\" content=\"Dur\u00e9e de lecture estim\u00e9e\" \/>\n\t<meta name=\"twitter:data2\" content=\"5 minutes\" \/>\n<script type=\"application\/ld+json\" class=\"yoast-schema-graph\">{\"@context\":\"https:\\\/\\\/schema.org\",\"@graph\":[{\"@type\":\"Article\",\"@id\":\"https:\\\/\\\/www.latribunedufaso.net\\\/?p=964#article\",\"isPartOf\":{\"@id\":\"https:\\\/\\\/www.latribunedufaso.net\\\/?p=964\"},\"author\":{\"name\":\"Administrateur\",\"@id\":\"https:\\\/\\\/www.latribunedufaso.net\\\/#\\\/schema\\\/person\\\/a380782d0605bb8aae27c40ea93b35b1\"},\"headline\":\"Village de San\u00e9\u00a0: La population rend hommage au \u00ab\u00a0P\u00e8re Abraham\u00a0\u00bb\",\"datePublished\":\"2020-08-11T07:51:53+00:00\",\"dateModified\":\"2020-08-13T00:10:56+00:00\",\"mainEntityOfPage\":{\"@id\":\"https:\\\/\\\/www.latribunedufaso.net\\\/?p=964\"},\"wordCount\":1005,\"commentCount\":0,\"publisher\":{\"@id\":\"https:\\\/\\\/www.latribunedufaso.net\\\/#organization\"},\"image\":{\"@id\":\"https:\\\/\\\/www.latribunedufaso.net\\\/?p=964#primaryimage\"},\"thumbnailUrl\":\"https:\\\/\\\/www.latribunedufaso.net\\\/wp-content\\\/uploads\\\/2020\\\/08\\\/IMG-20200811-WA0000.jpg\",\"articleSection\":[\"Actualit\u00e9\",\"Soci\u00e9t\u00e9\"],\"inLanguage\":\"fr-FR\",\"potentialAction\":[{\"@type\":\"CommentAction\",\"name\":\"Comment\",\"target\":[\"https:\\\/\\\/www.latribunedufaso.net\\\/?p=964#respond\"]}]},{\"@type\":\"WebPage\",\"@id\":\"https:\\\/\\\/www.latribunedufaso.net\\\/?p=964\",\"url\":\"https:\\\/\\\/www.latribunedufaso.net\\\/?p=964\",\"name\":\"Village de San\u00e9\u00a0: La population rend hommage au \u00ab\u00a0P\u00e8re Abraham\u00a0\u00bb - La Tribune du Faso\",\"isPartOf\":{\"@id\":\"https:\\\/\\\/www.latribunedufaso.net\\\/#website\"},\"primaryImageOfPage\":{\"@id\":\"https:\\\/\\\/www.latribunedufaso.net\\\/?p=964#primaryimage\"},\"image\":{\"@id\":\"https:\\\/\\\/www.latribunedufaso.net\\\/?p=964#primaryimage\"},\"thumbnailUrl\":\"https:\\\/\\\/www.latribunedufaso.net\\\/wp-content\\\/uploads\\\/2020\\\/08\\\/IMG-20200811-WA0000.jpg\",\"datePublished\":\"2020-08-11T07:51:53+00:00\",\"dateModified\":\"2020-08-13T00:10:56+00:00\",\"breadcrumb\":{\"@id\":\"https:\\\/\\\/www.latribunedufaso.net\\\/?p=964#breadcrumb\"},\"inLanguage\":\"fr-FR\",\"potentialAction\":[{\"@type\":\"ReadAction\",\"target\":[\"https:\\\/\\\/www.latribunedufaso.net\\\/?p=964\"]}]},{\"@type\":\"ImageObject\",\"inLanguage\":\"fr-FR\",\"@id\":\"https:\\\/\\\/www.latribunedufaso.net\\\/?p=964#primaryimage\",\"url\":\"https:\\\/\\\/www.latribunedufaso.net\\\/wp-content\\\/uploads\\\/2020\\\/08\\\/IMG-20200811-WA0000.jpg\",\"contentUrl\":\"https:\\\/\\\/www.latribunedufaso.net\\\/wp-content\\\/uploads\\\/2020\\\/08\\\/IMG-20200811-WA0000.jpg\",\"width\":1040,\"height\":780},{\"@type\":\"BreadcrumbList\",\"@id\":\"https:\\\/\\\/www.latribunedufaso.net\\\/?p=964#breadcrumb\",\"itemListElement\":[{\"@type\":\"ListItem\",\"position\":1,\"name\":\"Accueil\",\"item\":\"https:\\\/\\\/www.latribunedufaso.net\\\/\"},{\"@type\":\"ListItem\",\"position\":2,\"name\":\"Village de San\u00e9\u00a0: La population rend hommage au \u00ab\u00a0P\u00e8re Abraham\u00a0\u00bb\"}]},{\"@type\":\"WebSite\",\"@id\":\"https:\\\/\\\/www.latribunedufaso.net\\\/#website\",\"url\":\"https:\\\/\\\/www.latribunedufaso.net\\\/\",\"name\":\"La Tribune du Faso\",\"description\":\"L&#039;information du monde rural en un clic\",\"publisher\":{\"@id\":\"https:\\\/\\\/www.latribunedufaso.net\\\/#organization\"},\"potentialAction\":[{\"@type\":\"SearchAction\",\"target\":{\"@type\":\"EntryPoint\",\"urlTemplate\":\"https:\\\/\\\/www.latribunedufaso.net\\\/?s={search_term_string}\"},\"query-input\":{\"@type\":\"PropertyValueSpecification\",\"valueRequired\":true,\"valueName\":\"search_term_string\"}}],\"inLanguage\":\"fr-FR\"},{\"@type\":\"Organization\",\"@id\":\"https:\\\/\\\/www.latribunedufaso.net\\\/#organization\",\"name\":\"La Tribune du Faso\",\"url\":\"https:\\\/\\\/www.latribunedufaso.net\\\/\",\"logo\":{\"@type\":\"ImageObject\",\"inLanguage\":\"fr-FR\",\"@id\":\"https:\\\/\\\/www.latribunedufaso.net\\\/#\\\/schema\\\/logo\\\/image\\\/\",\"url\":\"https:\\\/\\\/www.latribunedufaso.net\\\/wp-content\\\/uploads\\\/2020\\\/08\\\/Logo-Tribune-du-Faso-final-scaled.jpg\",\"contentUrl\":\"https:\\\/\\\/www.latribunedufaso.net\\\/wp-content\\\/uploads\\\/2020\\\/08\\\/Logo-Tribune-du-Faso-final-scaled.jpg\",\"width\":2560,\"height\":1856,\"caption\":\"La Tribune du Faso\"},\"image\":{\"@id\":\"https:\\\/\\\/www.latribunedufaso.net\\\/#\\\/schema\\\/logo\\\/image\\\/\"},\"sameAs\":[\"https:\\\/\\\/www.facebook.com\\\/LatribuneduFaso\\\/\"]},{\"@type\":\"Person\",\"@id\":\"https:\\\/\\\/www.latribunedufaso.net\\\/#\\\/schema\\\/person\\\/a380782d0605bb8aae27c40ea93b35b1\",\"name\":\"Administrateur\",\"image\":{\"@type\":\"ImageObject\",\"inLanguage\":\"fr-FR\",\"@id\":\"https:\\\/\\\/secure.gravatar.com\\\/avatar\\\/e20266f97d741f0e80ba1f60283074a9b3317fd7bfb727e0d95b51dafbf854a1?s=96&d=mm&r=g\",\"url\":\"https:\\\/\\\/secure.gravatar.com\\\/avatar\\\/e20266f97d741f0e80ba1f60283074a9b3317fd7bfb727e0d95b51dafbf854a1?s=96&d=mm&r=g\",\"contentUrl\":\"https:\\\/\\\/secure.gravatar.com\\\/avatar\\\/e20266f97d741f0e80ba1f60283074a9b3317fd7bfb727e0d95b51dafbf854a1?s=96&d=mm&r=g\",\"caption\":\"Administrateur\"},\"url\":\"https:\\\/\\\/www.latribunedufaso.net\\\/?author=2\"}]}<\/script>\n<!-- \/ Yoast SEO plugin. -->","yoast_head_json":{"title":"Village de San\u00e9\u00a0: La population rend hommage au \u00ab\u00a0P\u00e8re Abraham\u00a0\u00bb - La Tribune du Faso","robots":{"index":"index","follow":"follow","max-snippet":"max-snippet:-1","max-image-preview":"max-image-preview:large","max-video-preview":"max-video-preview:-1"},"canonical":"https:\/\/www.latribunedufaso.net\/?p=964","og_locale":"fr_FR","og_type":"article","og_title":"Village de San\u00e9\u00a0: La population rend hommage au \u00ab\u00a0P\u00e8re Abraham\u00a0\u00bb - La Tribune du Faso","og_description":"San\u00e9, village situ\u00e9 dans la commune de Tanghin-Dassouri, \u00e0 une quarantaine de kilom\u00e8tres de Ouagadougou, s\u2019est souvenu de leur ami bienfaiteur Abrahamovich Sacha Alexander, commun\u00e9ment appel\u00e9 \u00ab P\u00e8re Abraham \u00bb. C\u2019\u00e9tait \u00e0 l\u2019occasion d\u2019une c\u00e9r\u00e9monie d\u2019hommage tenue le dimanche 09 ao\u00fbt 2020.","og_url":"https:\/\/www.latribunedufaso.net\/?p=964","og_site_name":"La Tribune du Faso","article_publisher":"https:\/\/www.facebook.com\/LatribuneduFaso\/","article_published_time":"2020-08-11T07:51:53+00:00","article_modified_time":"2020-08-13T00:10:56+00:00","og_image":[{"width":1040,"height":780,"url":"https:\/\/latribunedufaso.net\/wp-content\/uploads\/2020\/08\/IMG-20200811-WA0000.jpg","type":"image\/jpeg"}],"author":"Administrateur","twitter_misc":{"\u00c9crit par":"Administrateur","Dur\u00e9e de lecture estim\u00e9e":"5 minutes"},"schema":{"@context":"https:\/\/schema.org","@graph":[{"@type":"Article","@id":"https:\/\/www.latribunedufaso.net\/?p=964#article","isPartOf":{"@id":"https:\/\/www.latribunedufaso.net\/?p=964"},"author":{"name":"Administrateur","@id":"https:\/\/www.latribunedufaso.net\/#\/schema\/person\/a380782d0605bb8aae27c40ea93b35b1"},"headline":"Village de San\u00e9\u00a0: La population rend hommage au \u00ab\u00a0P\u00e8re Abraham\u00a0\u00bb","datePublished":"2020-08-11T07:51:53+00:00","dateModified":"2020-08-13T00:10:56+00:00","mainEntityOfPage":{"@id":"https:\/\/www.latribunedufaso.net\/?p=964"},"wordCount":1005,"commentCount":0,"publisher":{"@id":"https:\/\/www.latribunedufaso.net\/#organization"},"image":{"@id":"https:\/\/www.latribunedufaso.net\/?p=964#primaryimage"},"thumbnailUrl":"https:\/\/www.latribunedufaso.net\/wp-content\/uploads\/2020\/08\/IMG-20200811-WA0000.jpg","articleSection":["Actualit\u00e9","Soci\u00e9t\u00e9"],"inLanguage":"fr-FR","potentialAction":[{"@type":"CommentAction","name":"Comment","target":["https:\/\/www.latribunedufaso.net\/?p=964#respond"]}]},{"@type":"WebPage","@id":"https:\/\/www.latribunedufaso.net\/?p=964","url":"https:\/\/www.latribunedufaso.net\/?p=964","name":"Village de San\u00e9\u00a0: La population rend hommage au \u00ab\u00a0P\u00e8re Abraham\u00a0\u00bb - La Tribune du Faso","isPartOf":{"@id":"https:\/\/www.latribunedufaso.net\/#website"},"primaryImageOfPage":{"@id":"https:\/\/www.latribunedufaso.net\/?p=964#primaryimage"},"image":{"@id":"https:\/\/www.latribunedufaso.net\/?p=964#primaryimage"},"thumbnailUrl":"https:\/\/www.latribunedufaso.net\/wp-content\/uploads\/2020\/08\/IMG-20200811-WA0000.jpg","datePublished":"2020-08-11T07:51:53+00:00","dateModified":"2020-08-13T00:10:56+00:00","breadcrumb":{"@id":"https:\/\/www.latribunedufaso.net\/?p=964#breadcrumb"},"inLanguage":"fr-FR","potentialAction":[{"@type":"ReadAction","target":["https:\/\/www.latribunedufaso.net\/?p=964"]}]},{"@type":"ImageObject","inLanguage":"fr-FR","@id":"https:\/\/www.latribunedufaso.net\/?p=964#primaryimage","url":"https:\/\/www.latribunedufaso.net\/wp-content\/uploads\/2020\/08\/IMG-20200811-WA0000.jpg","contentUrl":"https:\/\/www.latribunedufaso.net\/wp-content\/uploads\/2020\/08\/IMG-20200811-WA0000.jpg","width":1040,"height":780},{"@type":"BreadcrumbList","@id":"https:\/\/www.latribunedufaso.net\/?p=964#breadcrumb","itemListElement":[{"@type":"ListItem","position":1,"name":"Accueil","item":"https:\/\/www.latribunedufaso.net\/"},{"@type":"ListItem","position":2,"name":"Village de San\u00e9\u00a0: La population rend hommage au \u00ab\u00a0P\u00e8re Abraham\u00a0\u00bb"}]},{"@type":"WebSite","@id":"https:\/\/www.latribunedufaso.net\/#website","url":"https:\/\/www.latribunedufaso.net\/","name":"La Tribune du Faso","description":"L&#039;information du monde rural en un clic","publisher":{"@id":"https:\/\/www.latribunedufaso.net\/#organization"},"potentialAction":[{"@type":"SearchAction","target":{"@type":"EntryPoint","urlTemplate":"https:\/\/www.latribunedufaso.net\/?s={search_term_string}"},"query-input":{"@type":"PropertyValueSpecification","valueRequired":true,"valueName":"search_term_string"}}],"inLanguage":"fr-FR"},{"@type":"Organization","@id":"https:\/\/www.latribunedufaso.net\/#organization","name":"La Tribune du Faso","url":"https:\/\/www.latribunedufaso.net\/","logo":{"@type":"ImageObject","inLanguage":"fr-FR","@id":"https:\/\/www.latribunedufaso.net\/#\/schema\/logo\/image\/","url":"https:\/\/www.latribunedufaso.net\/wp-content\/uploads\/2020\/08\/Logo-Tribune-du-Faso-final-scaled.jpg","contentUrl":"https:\/\/www.latribunedufaso.net\/wp-content\/uploads\/2020\/08\/Logo-Tribune-du-Faso-final-scaled.jpg","width":2560,"height":1856,"caption":"La Tribune du Faso"},"image":{"@id":"https:\/\/www.latribunedufaso.net\/#\/schema\/logo\/image\/"},"sameAs":["https:\/\/www.facebook.com\/LatribuneduFaso\/"]},{"@type":"Person","@id":"https:\/\/www.latribunedufaso.net\/#\/schema\/person\/a380782d0605bb8aae27c40ea93b35b1","name":"Administrateur","image":{"@type":"ImageObject","inLanguage":"fr-FR","@id":"https:\/\/secure.gravatar.com\/avatar\/e20266f97d741f0e80ba1f60283074a9b3317fd7bfb727e0d95b51dafbf854a1?s=96&d=mm&r=g","url":"https:\/\/secure.gravatar.com\/avatar\/e20266f97d741f0e80ba1f60283074a9b3317fd7bfb727e0d95b51dafbf854a1?s=96&d=mm&r=g","contentUrl":"https:\/\/secure.gravatar.com\/avatar\/e20266f97d741f0e80ba1f60283074a9b3317fd7bfb727e0d95b51dafbf854a1?s=96&d=mm&r=g","caption":"Administrateur"},"url":"https:\/\/www.latribunedufaso.net\/?author=2"}]}},"_links":{"self":[{"href":"https:\/\/www.latribunedufaso.net\/index.php?rest_route=\/wp\/v2\/posts\/964","targetHints":{"allow":["GET"]}}],"collection":[{"href":"https:\/\/www.latribunedufaso.net\/index.php?rest_route=\/wp\/v2\/posts"}],"about":[{"href":"https:\/\/www.latribunedufaso.net\/index.php?rest_route=\/wp\/v2\/types\/post"}],"author":[{"embeddable":true,"href":"https:\/\/www.latribunedufaso.net\/index.php?rest_route=\/wp\/v2\/users\/2"}],"replies":[{"embeddable":true,"href":"https:\/\/www.latribunedufaso.net\/index.php?rest_route=%2Fwp%2Fv2%2Fcomments&post=964"}],"version-history":[{"count":1,"href":"https:\/\/www.latribunedufaso.net\/index.php?rest_route=\/wp\/v2\/posts\/964\/revisions"}],"predecessor-version":[{"id":976,"href":"https:\/\/www.latribunedufaso.net\/index.php?rest_route=\/wp\/v2\/posts\/964\/revisions\/976"}],"wp:featuredmedia":[{"embeddable":true,"href":"https:\/\/www.latribunedufaso.net\/index.php?rest_route=\/wp\/v2\/media\/965"}],"wp:attachment":[{"href":"https:\/\/www.latribunedufaso.net\/index.php?rest_route=%2Fwp%2Fv2%2Fmedia&parent=964"}],"wp:term":[{"taxonomy":"category","embeddable":true,"href":"https:\/\/www.latribunedufaso.net\/index.php?rest_route=%2Fwp%2Fv2%2Fcategories&post=964"},{"taxonomy":"post_tag","embeddable":true,"href":"https:\/\/www.latribunedufaso.net\/index.php?rest_route=%2Fwp%2Fv2%2Ftags&post=964"}],"curies":[{"name":"wp","href":"https:\/\/api.w.org\/{rel}","templated":true}]}}