{"id":9624,"date":"2023-10-07T22:07:08","date_gmt":"2023-10-07T22:07:08","guid":{"rendered":"https:\/\/www.latribunedufaso.net\/?p=9624"},"modified":"2023-10-08T15:40:33","modified_gmt":"2023-10-08T15:40:33","slug":"16e-edition-du-tournoi-inter-redactions-la-presse-audiovisuelle-privee-remporte-la-victoire","status":"publish","type":"post","link":"https:\/\/www.latribunedufaso.net\/?p=9624","title":{"rendered":"16e \u00e9dition du Tournoi inter-r\u00e9dactions : La presse audiovisuelle priv\u00e9e remporte la victoire"},"content":{"rendered":"<p><strong><span style=\"font-size: 1.0625rem;\">La 16 \u00e9dition du tournoi Inter &#8211; r\u00e9dactions (TIR) s\u2019est disput\u00e9e dans la soir\u00e9e de ce vendredi 06 octobre 2023 sur le terrain de l\u2019espace Siguian Arena \u00e0 Ouagadougou. C\u2019\u00e9tait en pr\u00e9sence du ministre de la Communication, de la Culture, des Arts et du Tourisme, Jean Emmanuel Ou\u00e9draogo, du pr\u00e9sident de la F\u00e9d\u00e9ration burkinab\u00e8 de football, Lazare Banss\u00e9 et de plusieurs autres personnalit\u00e9s.<\/span><\/strong><br \/><!--more--><\/p>\n<p>Au total cinq \u00e9quipes ont pris part aux phases \u00e9liminatoires. Il s\u2019agit des \u00e9ditions Sidwaya, de la Radiodiffusion t\u00e9l\u00e9vision du Burkina (RTB) , la presse audiovisuelle priv\u00e9e, la presse de Bobo-Dioulasso et la presse \u00e9crite priv\u00e9e qui est compos\u00e9e de la presse papier et celle en ligne.<\/p>\n<p>A l\u2019issue des demis finales, la presse audiovisuelle priv\u00e9e est vainqueur devant la presse \u00e9crite priv\u00e9e (score, 2-1) et la formation de Sidwaya vainqueur devant la presse de Bobo (score, 5-2).<\/p>\n<p>Les deux \u00e9quipes vainqueurs se sont ensuite affront\u00e9es en finale, pour savoir qui repartira avec le troph\u00e9e.<\/p>\n<p><a href=\"https:\/\/www.latribunedufaso.net\/wp-content\/uploads\/2023\/10\/IMG-20231007-WA0071.jpg\"><img loading=\"lazy\" decoding=\"async\" class=\"size-medium wp-image-9625 alignleft\" src=\"https:\/\/www.latribunedufaso.net\/wp-content\/uploads\/2023\/10\/IMG-20231007-WA0071-300x226.jpg\" alt=\"\" width=\"300\" height=\"226\" srcset=\"https:\/\/www.latribunedufaso.net\/wp-content\/uploads\/2023\/10\/IMG-20231007-WA0071-300x226.jpg 300w, https:\/\/www.latribunedufaso.net\/wp-content\/uploads\/2023\/10\/IMG-20231007-WA0071-768x578.jpg 768w, https:\/\/www.latribunedufaso.net\/wp-content\/uploads\/2023\/10\/IMG-20231007-WA0071.jpg 1020w\" sizes=\"auto, (max-width: 300px) 100vw, 300px\" \/><\/a>Apr\u00e8s 30 minutes de rude bataille, la formation de Sidwaya, alors championne de l\u2019\u00e9dition pr\u00e9c\u00e9dente du TIR, va fl\u00e9chir les genoux devant la presse audiovisuelle priv\u00e9e avec un score de 1-2.<\/p>\n<p>La presse audiovisuelle priv\u00e9e remporte ainsi la victoire et repart avec une enveloppe de 100 mille francs CFA, un lot de maillots, un ballon, en plus de son troph\u00e9e de vainqueur. Les quatre autres \u00e9quipes repartent chacun avec une enveloppe de 100 mille francs CFA en plus des autres lots.<\/p>\n<p>Selon le capitaine de la presse audiovisuelle priv\u00e9e, Luc Pagbelguem, la force de son \u00e9quipe a \u00e9t\u00e9 le collectif. \u00ab <em>Nous avons l\u2019habitude de jouer ensemble<\/em> \u00bb, a-t-il signifi\u00e9.<\/p>\n<p>\u00ab <em>La finale se joue sur les d\u00e9tails. On a tout donn\u00e9 \u00e0 notre premier match contre l\u2019\u00e9quipe bobolaise qui est en bonne forme. Au deuxi\u00e8me match, on a encore crois\u00e9 cette \u00e9quipe qui a \u00e9t\u00e9 rep\u00each\u00e9e comme meilleure perdante. Les gars ont tout donn\u00e9 dans ces deux matchs contre cette \u00e9quipe qui est r\u00e9sistante. Arriv\u00e9e a la finale, les gars \u00e9taient fatigu\u00e9s. Je pense que ce sont ces facteurs qui ont jou\u00e9 sur notre performance \u00bb, <\/em>a pour sa part expliqu\u00e9 le capitaine de l\u2019\u00e9quipe de Sidwaya, Ousmane Traor\u00e9, qui dit ne pas d\u00e9m\u00e9riter .<em> \u00ab On reviendra l\u2019ann\u00e9e prochaine pour remporter la coupe<\/em> \u00bb, a-t-il promis.<\/p>\n<p><a href=\"https:\/\/www.latribunedufaso.net\/wp-content\/uploads\/2023\/10\/FB_IMG_1696713986415.jpg\"><img loading=\"lazy\" decoding=\"async\" class=\"size-medium wp-image-9627 alignleft\" src=\"https:\/\/www.latribunedufaso.net\/wp-content\/uploads\/2023\/10\/FB_IMG_1696713986415-300x226.jpg\" alt=\"\" width=\"300\" height=\"226\" srcset=\"https:\/\/www.latribunedufaso.net\/wp-content\/uploads\/2023\/10\/FB_IMG_1696713986415-300x226.jpg 300w, https:\/\/www.latribunedufaso.net\/wp-content\/uploads\/2023\/10\/FB_IMG_1696713986415.jpg 720w\" sizes=\"auto, (max-width: 300px) 100vw, 300px\" \/><\/a>Pour le ministre Jean Emmanuel Ou\u00e9draogo, le meilleur a gagn\u00e9, mais le plus important est la convivialit\u00e9 et la confraternit\u00e9.\u00ab <em>Quant on conna\u00eet la pression du travail au quotidien dans les r\u00e9dactions, une pression qui p\u00e8se autant sur les journalistes que sur les techniciens, on comprend l\u2019engouement autour de ce tournoi. Cette ann\u00e9e n\u2019a pas d\u00e9rog\u00e9 \u00e0 la r\u00e8gle. On a vu du sportif et de la confraternit\u00e9. Je pense que c\u2019est l\u2019\u00e9l\u00e9ment le plus important du TIR et le minist\u00e8re est l\u00e0, comme d\u2019habitude, pour soutenir tout ce qui est initiative pour accompagner l\u2019\u00e9panouissement des acteurs du monde de la presse<\/em> \u00bb, a-t-il soulign\u00e9.<\/p>\n<p>\u00ab <em>C\u2019est une bonne initiative. Il faut encourager tous ces journalistes qui ont organis\u00e9 cette comp\u00e9tition car elle permet aux uns et aux autres de d\u00e9compresser, de sortir des r\u00e9dactions et dans la confraternit\u00e9 de se retrouver pour f\u00eater le football\u2026C\u2019est ce que nous demandons pour ce pays et dans le monde du football. L\u2019entente, la cordialit\u00e9\u2026<\/em> \u00bb, a soutenu le pr\u00e9sident de la F\u00e9d\u00e9ration burkinab\u00e8 de football, Lazare Banss\u00e9.<\/p>\n<p><a href=\"https:\/\/www.latribunedufaso.net\/wp-content\/uploads\/2023\/10\/FB_IMG_1696713976168.jpg\"><img loading=\"lazy\" decoding=\"async\" class=\"size-medium wp-image-9629 alignleft\" src=\"https:\/\/www.latribunedufaso.net\/wp-content\/uploads\/2023\/10\/FB_IMG_1696713976168-300x225.jpg\" alt=\"\" width=\"300\" height=\"225\" srcset=\"https:\/\/www.latribunedufaso.net\/wp-content\/uploads\/2023\/10\/FB_IMG_1696713976168-300x225.jpg 300w, https:\/\/www.latribunedufaso.net\/wp-content\/uploads\/2023\/10\/FB_IMG_1696713976168.jpg 720w\" sizes=\"auto, (max-width: 300px) 100vw, 300px\" \/><\/a>\u00ab <em>L\u2019organisation du TIR n\u2019est pas chose facile, mais nous avons tenu \u00e0 le faire, parce que si nous le laissons tomber, c\u2019est comme si notre pays ne vit pas. C\u2019est notre mani\u00e8re de lutter, notre mani\u00e8re de dire \u00e0 nos fr\u00e8res qui sont au front que nous sommes avec eux et que le Burkina ne tombera jamais\u2026<\/em> \u00bb, a fait savoir le pr\u00e9sident du comit\u00e9 d\u2019organisation du TIR, S\u00e9kou Diara, en ce qui concerne l\u2019objectif de l\u2019\u00e9v\u00e8nement.<\/p>\n<p>Il faut noter qu\u2019au-del\u00e0 des jeux inter-r\u00e9dactions, cette \u00e9dition du TIR a \u00e9t\u00e9 marqu\u00e9e par un match de gala entre les patrons de presse et les acteurs du minist\u00e8re en charge de la Communication. De ce match, c\u2019est l\u2019\u00e9quipe des patrons de presse qui est sortie victorieuse par un score de 1-0.<\/p>\n<p><a href=\"https:\/\/www.latribunedufaso.net\/wp-content\/uploads\/2023\/10\/FB_IMG_1696713981385.jpg\"><img loading=\"lazy\" decoding=\"async\" class=\"size-medium wp-image-9628 alignleft\" src=\"https:\/\/www.latribunedufaso.net\/wp-content\/uploads\/2023\/10\/FB_IMG_1696713981385-300x226.jpg\" alt=\"\" width=\"300\" height=\"226\" srcset=\"https:\/\/www.latribunedufaso.net\/wp-content\/uploads\/2023\/10\/FB_IMG_1696713981385-300x226.jpg 300w, https:\/\/www.latribunedufaso.net\/wp-content\/uploads\/2023\/10\/FB_IMG_1696713981385.jpg 720w\" sizes=\"auto, (max-width: 300px) 100vw, 300px\" \/><\/a><\/p>\n<p><strong><span style=\"font-size: 1.0625rem;\"><a href=\"https:\/\/www.latribunedufaso.net\/wp-content\/uploads\/2023\/10\/FB_IMG_1696713996272.jpg\"><img loading=\"lazy\" decoding=\"async\" class=\"size-medium wp-image-9626 alignleft\" src=\"https:\/\/www.latribunedufaso.net\/wp-content\/uploads\/2023\/10\/FB_IMG_1696713996272-300x226.jpg\" alt=\"\" width=\"300\" height=\"226\" srcset=\"https:\/\/www.latribunedufaso.net\/wp-content\/uploads\/2023\/10\/FB_IMG_1696713996272-300x226.jpg 300w, https:\/\/www.latribunedufaso.net\/wp-content\/uploads\/2023\/10\/FB_IMG_1696713996272.jpg 720w\" sizes=\"auto, (max-width: 300px) 100vw, 300px\" \/><\/a>Rosana Astride Kiendrebeogo<\/span><\/strong><\/p>\n<p><strong>Latribunedufaso.net<\/strong><\/p>\n","protected":false},"excerpt":{"rendered":"<p>La 16 \u00e9dition du tournoi Inter &#8211; r\u00e9dactions (TIR) s\u2019est disput\u00e9e dans la soir\u00e9e de ce vendredi 06 octobre 2023 sur le terrain de l\u2019espace Siguian Arena \u00e0 Ouagadougou. C\u2019\u00e9tait en pr\u00e9sence du ministre de la Communication, de la Culture, des Arts et du Tourisme, Jean Emmanuel Ou\u00e9draogo, du pr\u00e9sident de la F\u00e9d\u00e9ration burkinab\u00e8 de football, Lazare Banss\u00e9 et de plusieurs autres personnalit\u00e9s.<\/p>\n","protected":false},"author":5,"featured_media":9631,"comment_status":"open","ping_status":"open","sticky":false,"template":"","format":"standard","meta":{"footnotes":""},"categories":[13,1,8],"tags":[],"class_list":["post-9624","post","type-post","status-publish","format-standard","has-post-thumbnail","hentry","category-une","category-actu","category-societe"],"yoast_head":"<!-- This site is optimized with the Yoast SEO plugin v27.4 - https:\/\/yoast.com\/product\/yoast-seo-wordpress\/ -->\n<title>16e \u00e9dition du Tournoi inter-r\u00e9dactions : La presse audiovisuelle priv\u00e9e remporte la victoire - La Tribune du Faso<\/title>\n<meta name=\"robots\" content=\"index, follow, max-snippet:-1, max-image-preview:large, max-video-preview:-1\" \/>\n<link rel=\"canonical\" href=\"https:\/\/www.latribunedufaso.net\/?p=9624\" \/>\n<meta property=\"og:locale\" content=\"fr_FR\" \/>\n<meta property=\"og:type\" content=\"article\" \/>\n<meta property=\"og:title\" content=\"16e \u00e9dition du Tournoi inter-r\u00e9dactions : La presse audiovisuelle priv\u00e9e remporte la victoire - La Tribune du Faso\" \/>\n<meta property=\"og:description\" content=\"La 16 \u00e9dition du tournoi Inter &#8211; r\u00e9dactions (TIR) s\u2019est disput\u00e9e dans la soir\u00e9e de ce vendredi 06 octobre 2023 sur le terrain de l\u2019espace Siguian Arena \u00e0 Ouagadougou. C\u2019\u00e9tait en pr\u00e9sence du ministre de la Communication, de la Culture, des Arts et du Tourisme, Jean Emmanuel Ou\u00e9draogo, du pr\u00e9sident de la F\u00e9d\u00e9ration burkinab\u00e8 de football, Lazare Banss\u00e9 et de plusieurs autres personnalit\u00e9s.\" \/>\n<meta property=\"og:url\" content=\"https:\/\/www.latribunedufaso.net\/?p=9624\" \/>\n<meta property=\"og:site_name\" content=\"La Tribune du Faso\" \/>\n<meta property=\"article:publisher\" content=\"https:\/\/www.facebook.com\/LatribuneduFaso\/\" \/>\n<meta property=\"article:published_time\" content=\"2023-10-07T22:07:08+00:00\" \/>\n<meta property=\"article:modified_time\" content=\"2023-10-08T15:40:33+00:00\" \/>\n<meta property=\"og:image\" content=\"https:\/\/www.latribunedufaso.net\/wp-content\/uploads\/2023\/10\/FB_IMG_1696713958055.jpg\" \/>\n\t<meta property=\"og:image:width\" content=\"720\" \/>\n\t<meta property=\"og:image:height\" content=\"542\" \/>\n\t<meta property=\"og:image:type\" content=\"image\/jpeg\" \/>\n<meta name=\"author\" content=\"Issouf Tapsoba\" \/>\n<meta name=\"twitter:label1\" content=\"\u00c9crit par\" \/>\n\t<meta name=\"twitter:data1\" content=\"Issouf Tapsoba\" \/>\n\t<meta name=\"twitter:label2\" content=\"Dur\u00e9e de lecture estim\u00e9e\" \/>\n\t<meta name=\"twitter:data2\" content=\"4 minutes\" \/>\n<script type=\"application\/ld+json\" class=\"yoast-schema-graph\">{\"@context\":\"https:\\\/\\\/schema.org\",\"@graph\":[{\"@type\":\"Article\",\"@id\":\"https:\\\/\\\/www.latribunedufaso.net\\\/?p=9624#article\",\"isPartOf\":{\"@id\":\"https:\\\/\\\/www.latribunedufaso.net\\\/?p=9624\"},\"author\":{\"name\":\"Issouf Tapsoba\",\"@id\":\"https:\\\/\\\/www.latribunedufaso.net\\\/#\\\/schema\\\/person\\\/e54e64c5778a7e72cf80a318b7a622b0\"},\"headline\":\"16e \u00e9dition du Tournoi inter-r\u00e9dactions : La presse audiovisuelle priv\u00e9e remporte la victoire\",\"datePublished\":\"2023-10-07T22:07:08+00:00\",\"dateModified\":\"2023-10-08T15:40:33+00:00\",\"mainEntityOfPage\":{\"@id\":\"https:\\\/\\\/www.latribunedufaso.net\\\/?p=9624\"},\"wordCount\":767,\"commentCount\":0,\"publisher\":{\"@id\":\"https:\\\/\\\/www.latribunedufaso.net\\\/#organization\"},\"image\":{\"@id\":\"https:\\\/\\\/www.latribunedufaso.net\\\/?p=9624#primaryimage\"},\"thumbnailUrl\":\"https:\\\/\\\/www.latribunedufaso.net\\\/wp-content\\\/uploads\\\/2023\\\/10\\\/FB_IMG_1696713958055.jpg\",\"articleSection\":[\"A la une\",\"Actualit\u00e9\",\"Soci\u00e9t\u00e9\"],\"inLanguage\":\"fr-FR\",\"potentialAction\":[{\"@type\":\"CommentAction\",\"name\":\"Comment\",\"target\":[\"https:\\\/\\\/www.latribunedufaso.net\\\/?p=9624#respond\"]}]},{\"@type\":\"WebPage\",\"@id\":\"https:\\\/\\\/www.latribunedufaso.net\\\/?p=9624\",\"url\":\"https:\\\/\\\/www.latribunedufaso.net\\\/?p=9624\",\"name\":\"16e \u00e9dition du Tournoi inter-r\u00e9dactions : La presse audiovisuelle priv\u00e9e remporte la victoire - La Tribune du Faso\",\"isPartOf\":{\"@id\":\"https:\\\/\\\/www.latribunedufaso.net\\\/#website\"},\"primaryImageOfPage\":{\"@id\":\"https:\\\/\\\/www.latribunedufaso.net\\\/?p=9624#primaryimage\"},\"image\":{\"@id\":\"https:\\\/\\\/www.latribunedufaso.net\\\/?p=9624#primaryimage\"},\"thumbnailUrl\":\"https:\\\/\\\/www.latribunedufaso.net\\\/wp-content\\\/uploads\\\/2023\\\/10\\\/FB_IMG_1696713958055.jpg\",\"datePublished\":\"2023-10-07T22:07:08+00:00\",\"dateModified\":\"2023-10-08T15:40:33+00:00\",\"breadcrumb\":{\"@id\":\"https:\\\/\\\/www.latribunedufaso.net\\\/?p=9624#breadcrumb\"},\"inLanguage\":\"fr-FR\",\"potentialAction\":[{\"@type\":\"ReadAction\",\"target\":[\"https:\\\/\\\/www.latribunedufaso.net\\\/?p=9624\"]}]},{\"@type\":\"ImageObject\",\"inLanguage\":\"fr-FR\",\"@id\":\"https:\\\/\\\/www.latribunedufaso.net\\\/?p=9624#primaryimage\",\"url\":\"https:\\\/\\\/www.latribunedufaso.net\\\/wp-content\\\/uploads\\\/2023\\\/10\\\/FB_IMG_1696713958055.jpg\",\"contentUrl\":\"https:\\\/\\\/www.latribunedufaso.net\\\/wp-content\\\/uploads\\\/2023\\\/10\\\/FB_IMG_1696713958055.jpg\",\"width\":720,\"height\":542},{\"@type\":\"BreadcrumbList\",\"@id\":\"https:\\\/\\\/www.latribunedufaso.net\\\/?p=9624#breadcrumb\",\"itemListElement\":[{\"@type\":\"ListItem\",\"position\":1,\"name\":\"Accueil\",\"item\":\"https:\\\/\\\/www.latribunedufaso.net\\\/\"},{\"@type\":\"ListItem\",\"position\":2,\"name\":\"16e \u00e9dition du Tournoi inter-r\u00e9dactions : La presse audiovisuelle priv\u00e9e remporte la victoire\"}]},{\"@type\":\"WebSite\",\"@id\":\"https:\\\/\\\/www.latribunedufaso.net\\\/#website\",\"url\":\"https:\\\/\\\/www.latribunedufaso.net\\\/\",\"name\":\"La Tribune du Faso\",\"description\":\"L&#039;information du monde rural en un clic\",\"publisher\":{\"@id\":\"https:\\\/\\\/www.latribunedufaso.net\\\/#organization\"},\"potentialAction\":[{\"@type\":\"SearchAction\",\"target\":{\"@type\":\"EntryPoint\",\"urlTemplate\":\"https:\\\/\\\/www.latribunedufaso.net\\\/?s={search_term_string}\"},\"query-input\":{\"@type\":\"PropertyValueSpecification\",\"valueRequired\":true,\"valueName\":\"search_term_string\"}}],\"inLanguage\":\"fr-FR\"},{\"@type\":\"Organization\",\"@id\":\"https:\\\/\\\/www.latribunedufaso.net\\\/#organization\",\"name\":\"La Tribune du Faso\",\"url\":\"https:\\\/\\\/www.latribunedufaso.net\\\/\",\"logo\":{\"@type\":\"ImageObject\",\"inLanguage\":\"fr-FR\",\"@id\":\"https:\\\/\\\/www.latribunedufaso.net\\\/#\\\/schema\\\/logo\\\/image\\\/\",\"url\":\"https:\\\/\\\/www.latribunedufaso.net\\\/wp-content\\\/uploads\\\/2020\\\/08\\\/Logo-Tribune-du-Faso-final-scaled.jpg\",\"contentUrl\":\"https:\\\/\\\/www.latribunedufaso.net\\\/wp-content\\\/uploads\\\/2020\\\/08\\\/Logo-Tribune-du-Faso-final-scaled.jpg\",\"width\":2560,\"height\":1856,\"caption\":\"La Tribune du Faso\"},\"image\":{\"@id\":\"https:\\\/\\\/www.latribunedufaso.net\\\/#\\\/schema\\\/logo\\\/image\\\/\"},\"sameAs\":[\"https:\\\/\\\/www.facebook.com\\\/LatribuneduFaso\\\/\"]},{\"@type\":\"Person\",\"@id\":\"https:\\\/\\\/www.latribunedufaso.net\\\/#\\\/schema\\\/person\\\/e54e64c5778a7e72cf80a318b7a622b0\",\"name\":\"Issouf Tapsoba\",\"image\":{\"@type\":\"ImageObject\",\"inLanguage\":\"fr-FR\",\"@id\":\"https:\\\/\\\/secure.gravatar.com\\\/avatar\\\/5e6c05150ce3230247d167f5b94d678eb05936197436d69b7921e3a95c9107ac?s=96&d=mm&r=g\",\"url\":\"https:\\\/\\\/secure.gravatar.com\\\/avatar\\\/5e6c05150ce3230247d167f5b94d678eb05936197436d69b7921e3a95c9107ac?s=96&d=mm&r=g\",\"contentUrl\":\"https:\\\/\\\/secure.gravatar.com\\\/avatar\\\/5e6c05150ce3230247d167f5b94d678eb05936197436d69b7921e3a95c9107ac?s=96&d=mm&r=g\",\"caption\":\"Issouf Tapsoba\"},\"url\":\"https:\\\/\\\/www.latribunedufaso.net\\\/?author=5\"}]}<\/script>\n<!-- \/ Yoast SEO plugin. -->","yoast_head_json":{"title":"16e \u00e9dition du Tournoi inter-r\u00e9dactions : La presse audiovisuelle priv\u00e9e remporte la victoire - La Tribune du Faso","robots":{"index":"index","follow":"follow","max-snippet":"max-snippet:-1","max-image-preview":"max-image-preview:large","max-video-preview":"max-video-preview:-1"},"canonical":"https:\/\/www.latribunedufaso.net\/?p=9624","og_locale":"fr_FR","og_type":"article","og_title":"16e \u00e9dition du Tournoi inter-r\u00e9dactions : La presse audiovisuelle priv\u00e9e remporte la victoire - La Tribune du Faso","og_description":"La 16 \u00e9dition du tournoi Inter &#8211; r\u00e9dactions (TIR) s\u2019est disput\u00e9e dans la soir\u00e9e de ce vendredi 06 octobre 2023 sur le terrain de l\u2019espace Siguian Arena \u00e0 Ouagadougou. C\u2019\u00e9tait en pr\u00e9sence du ministre de la Communication, de la Culture, des Arts et du Tourisme, Jean Emmanuel Ou\u00e9draogo, du pr\u00e9sident de la F\u00e9d\u00e9ration burkinab\u00e8 de football, Lazare Banss\u00e9 et de plusieurs autres personnalit\u00e9s.","og_url":"https:\/\/www.latribunedufaso.net\/?p=9624","og_site_name":"La Tribune du Faso","article_publisher":"https:\/\/www.facebook.com\/LatribuneduFaso\/","article_published_time":"2023-10-07T22:07:08+00:00","article_modified_time":"2023-10-08T15:40:33+00:00","og_image":[{"width":720,"height":542,"url":"https:\/\/www.latribunedufaso.net\/wp-content\/uploads\/2023\/10\/FB_IMG_1696713958055.jpg","type":"image\/jpeg"}],"author":"Issouf Tapsoba","twitter_misc":{"\u00c9crit par":"Issouf Tapsoba","Dur\u00e9e de lecture estim\u00e9e":"4 minutes"},"schema":{"@context":"https:\/\/schema.org","@graph":[{"@type":"Article","@id":"https:\/\/www.latribunedufaso.net\/?p=9624#article","isPartOf":{"@id":"https:\/\/www.latribunedufaso.net\/?p=9624"},"author":{"name":"Issouf Tapsoba","@id":"https:\/\/www.latribunedufaso.net\/#\/schema\/person\/e54e64c5778a7e72cf80a318b7a622b0"},"headline":"16e \u00e9dition du Tournoi inter-r\u00e9dactions : La presse audiovisuelle priv\u00e9e remporte la victoire","datePublished":"2023-10-07T22:07:08+00:00","dateModified":"2023-10-08T15:40:33+00:00","mainEntityOfPage":{"@id":"https:\/\/www.latribunedufaso.net\/?p=9624"},"wordCount":767,"commentCount":0,"publisher":{"@id":"https:\/\/www.latribunedufaso.net\/#organization"},"image":{"@id":"https:\/\/www.latribunedufaso.net\/?p=9624#primaryimage"},"thumbnailUrl":"https:\/\/www.latribunedufaso.net\/wp-content\/uploads\/2023\/10\/FB_IMG_1696713958055.jpg","articleSection":["A la une","Actualit\u00e9","Soci\u00e9t\u00e9"],"inLanguage":"fr-FR","potentialAction":[{"@type":"CommentAction","name":"Comment","target":["https:\/\/www.latribunedufaso.net\/?p=9624#respond"]}]},{"@type":"WebPage","@id":"https:\/\/www.latribunedufaso.net\/?p=9624","url":"https:\/\/www.latribunedufaso.net\/?p=9624","name":"16e \u00e9dition du Tournoi inter-r\u00e9dactions : La presse audiovisuelle priv\u00e9e remporte la victoire - La Tribune du Faso","isPartOf":{"@id":"https:\/\/www.latribunedufaso.net\/#website"},"primaryImageOfPage":{"@id":"https:\/\/www.latribunedufaso.net\/?p=9624#primaryimage"},"image":{"@id":"https:\/\/www.latribunedufaso.net\/?p=9624#primaryimage"},"thumbnailUrl":"https:\/\/www.latribunedufaso.net\/wp-content\/uploads\/2023\/10\/FB_IMG_1696713958055.jpg","datePublished":"2023-10-07T22:07:08+00:00","dateModified":"2023-10-08T15:40:33+00:00","breadcrumb":{"@id":"https:\/\/www.latribunedufaso.net\/?p=9624#breadcrumb"},"inLanguage":"fr-FR","potentialAction":[{"@type":"ReadAction","target":["https:\/\/www.latribunedufaso.net\/?p=9624"]}]},{"@type":"ImageObject","inLanguage":"fr-FR","@id":"https:\/\/www.latribunedufaso.net\/?p=9624#primaryimage","url":"https:\/\/www.latribunedufaso.net\/wp-content\/uploads\/2023\/10\/FB_IMG_1696713958055.jpg","contentUrl":"https:\/\/www.latribunedufaso.net\/wp-content\/uploads\/2023\/10\/FB_IMG_1696713958055.jpg","width":720,"height":542},{"@type":"BreadcrumbList","@id":"https:\/\/www.latribunedufaso.net\/?p=9624#breadcrumb","itemListElement":[{"@type":"ListItem","position":1,"name":"Accueil","item":"https:\/\/www.latribunedufaso.net\/"},{"@type":"ListItem","position":2,"name":"16e \u00e9dition du Tournoi inter-r\u00e9dactions : La presse audiovisuelle priv\u00e9e remporte la victoire"}]},{"@type":"WebSite","@id":"https:\/\/www.latribunedufaso.net\/#website","url":"https:\/\/www.latribunedufaso.net\/","name":"La Tribune du Faso","description":"L&#039;information du monde rural en un clic","publisher":{"@id":"https:\/\/www.latribunedufaso.net\/#organization"},"potentialAction":[{"@type":"SearchAction","target":{"@type":"EntryPoint","urlTemplate":"https:\/\/www.latribunedufaso.net\/?s={search_term_string}"},"query-input":{"@type":"PropertyValueSpecification","valueRequired":true,"valueName":"search_term_string"}}],"inLanguage":"fr-FR"},{"@type":"Organization","@id":"https:\/\/www.latribunedufaso.net\/#organization","name":"La Tribune du Faso","url":"https:\/\/www.latribunedufaso.net\/","logo":{"@type":"ImageObject","inLanguage":"fr-FR","@id":"https:\/\/www.latribunedufaso.net\/#\/schema\/logo\/image\/","url":"https:\/\/www.latribunedufaso.net\/wp-content\/uploads\/2020\/08\/Logo-Tribune-du-Faso-final-scaled.jpg","contentUrl":"https:\/\/www.latribunedufaso.net\/wp-content\/uploads\/2020\/08\/Logo-Tribune-du-Faso-final-scaled.jpg","width":2560,"height":1856,"caption":"La Tribune du Faso"},"image":{"@id":"https:\/\/www.latribunedufaso.net\/#\/schema\/logo\/image\/"},"sameAs":["https:\/\/www.facebook.com\/LatribuneduFaso\/"]},{"@type":"Person","@id":"https:\/\/www.latribunedufaso.net\/#\/schema\/person\/e54e64c5778a7e72cf80a318b7a622b0","name":"Issouf Tapsoba","image":{"@type":"ImageObject","inLanguage":"fr-FR","@id":"https:\/\/secure.gravatar.com\/avatar\/5e6c05150ce3230247d167f5b94d678eb05936197436d69b7921e3a95c9107ac?s=96&d=mm&r=g","url":"https:\/\/secure.gravatar.com\/avatar\/5e6c05150ce3230247d167f5b94d678eb05936197436d69b7921e3a95c9107ac?s=96&d=mm&r=g","contentUrl":"https:\/\/secure.gravatar.com\/avatar\/5e6c05150ce3230247d167f5b94d678eb05936197436d69b7921e3a95c9107ac?s=96&d=mm&r=g","caption":"Issouf Tapsoba"},"url":"https:\/\/www.latribunedufaso.net\/?author=5"}]}},"_links":{"self":[{"href":"https:\/\/www.latribunedufaso.net\/index.php?rest_route=\/wp\/v2\/posts\/9624","targetHints":{"allow":["GET"]}}],"collection":[{"href":"https:\/\/www.latribunedufaso.net\/index.php?rest_route=\/wp\/v2\/posts"}],"about":[{"href":"https:\/\/www.latribunedufaso.net\/index.php?rest_route=\/wp\/v2\/types\/post"}],"author":[{"embeddable":true,"href":"https:\/\/www.latribunedufaso.net\/index.php?rest_route=\/wp\/v2\/users\/5"}],"replies":[{"embeddable":true,"href":"https:\/\/www.latribunedufaso.net\/index.php?rest_route=%2Fwp%2Fv2%2Fcomments&post=9624"}],"version-history":[{"count":2,"href":"https:\/\/www.latribunedufaso.net\/index.php?rest_route=\/wp\/v2\/posts\/9624\/revisions"}],"predecessor-version":[{"id":9637,"href":"https:\/\/www.latribunedufaso.net\/index.php?rest_route=\/wp\/v2\/posts\/9624\/revisions\/9637"}],"wp:featuredmedia":[{"embeddable":true,"href":"https:\/\/www.latribunedufaso.net\/index.php?rest_route=\/wp\/v2\/media\/9631"}],"wp:attachment":[{"href":"https:\/\/www.latribunedufaso.net\/index.php?rest_route=%2Fwp%2Fv2%2Fmedia&parent=9624"}],"wp:term":[{"taxonomy":"category","embeddable":true,"href":"https:\/\/www.latribunedufaso.net\/index.php?rest_route=%2Fwp%2Fv2%2Fcategories&post=9624"},{"taxonomy":"post_tag","embeddable":true,"href":"https:\/\/www.latribunedufaso.net\/index.php?rest_route=%2Fwp%2Fv2%2Ftags&post=9624"}],"curies":[{"name":"wp","href":"https:\/\/api.w.org\/{rel}","templated":true}]}}