{"id":9446,"date":"2023-09-27T15:35:08","date_gmt":"2023-09-27T15:35:08","guid":{"rendered":"https:\/\/www.latribunedufaso.net\/?p=9446"},"modified":"2023-10-01T15:47:13","modified_gmt":"2023-10-01T15:47:13","slug":"exploitation-des-mineraux-du-developpement-les-acteurs-formulent-des-recommandations-aux-problematiques-de-developpement-du-secteur","status":"publish","type":"post","link":"https:\/\/www.latribunedufaso.net\/?p=9446","title":{"rendered":"Exploitation des min\u00e9raux du d\u00e9veloppement : Les acteurs formulent des recommandations aux probl\u00e9matiques de d\u00e9veloppement du secteur\u00a0"},"content":{"rendered":"<p><strong><span style=\"font-size: 1.0625rem;\">Le 27 septembre 2023 \u00e0 Ouagadougou, a eu lieu la cl\u00f4ture de l\u2019atelier de formation et de partage d\u2019exp\u00e9riences sur le potentiel et les probl\u00e9matiques de d\u00e9veloppement du secteur des min\u00e9raux du d\u00e9veloppement. Il s\u2019est tenu en marge de la 5e \u00e9dition de la Semaine des activit\u00e9s mini\u00e8res de l\u2019Afrique de l\u2019Ouest (SAMAO). Cette rencontre a \u00e9t\u00e9 organis\u00e9e par le minist\u00e8re de l\u2019Energie, des Mines et des Carri\u00e8res, en partenariat avec le PNUD.<\/span><\/strong><!--more--><\/p>\n<p><span style=\"font-size: 1.0625rem;\">L\u2019atelier s\u2019est tenue dans le cadre du Programme ACP-UE en faveur des min\u00e9raux du d\u00e9veloppement, encore appel\u00e9s substances de carri\u00e8res. Il avait pour objectif de faciliter le partage d\u2019exp\u00e9riences entre les pays b\u00e9n\u00e9ficiaires de ce programme (Burkina Faso, Congo Brazzaville, Tanzanie, Cameroun et Mauritanie) autour de la probl\u00e9matique de d\u00e9veloppement de ces substances. Il s\u2019agit notamment de la m\u00e9connaissance, la faible valorisation et promotion du secteur.<\/span><\/p>\n<p>Apr\u00e8s les diff\u00e9rentes pr\u00e9sentations en salle, les participants ont effectu\u00e9 des cas pratiques sur le terrain. Il s\u2019agit de la formation des formateurs sur la fabrication des briques en terre stabilis\u00e9e : une approche z\u00e9ro d\u00e9chet dans la taille des briques en lat\u00e9rite. Ils ont \u00e9galement b\u00e9n\u00e9fici\u00e9 d\u2019un renforcement de capacit\u00e9s sur la production et la promotion des habitats avec ces briques.\u00a0<\/p>\n<p>Pendant 2 jours, cet atelier a r\u00e9uni une trentaine de participants issus de divers groupes d\u2019Exploitation mini\u00e8re artisanale \u00e0 petite \u00e9chelle (EMAPE). Ils ont vu un accroissement sensible de leurs connaissances, toute chose qui leur permettront d\u2019\u00eatre plus innovants, responsables et plus performants dans leurs activit\u00e9s.\u00a0<\/p>\n<p><a href=\"https:\/\/www.latribunedufaso.net\/wp-content\/uploads\/2023\/09\/IMG-20230928-WA0068_1.jpg\"><img loading=\"lazy\" decoding=\"async\" class=\"size-medium wp-image-9452 alignleft\" src=\"https:\/\/www.latribunedufaso.net\/wp-content\/uploads\/2023\/09\/IMG-20230928-WA0068_1-300x207.jpg\" alt=\"\" width=\"300\" height=\"207\" srcset=\"https:\/\/www.latribunedufaso.net\/wp-content\/uploads\/2023\/09\/IMG-20230928-WA0068_1-300x207.jpg 300w, https:\/\/www.latribunedufaso.net\/wp-content\/uploads\/2023\/09\/IMG-20230928-WA0068_1.jpg 688w\" sizes=\"auto, (max-width: 300px) 100vw, 300px\" \/><\/a>Andr\u00e9 Njoya, enseignant en sciences des mat\u00e9riaux est le repr\u00e9sentant de la d\u00e9l\u00e9gation du Cameroun. Il dit avoir appris beaucoup de choses en participant \u00e0 la rencontre. Il a pris l\u2019engagement de partager ces connaissances avec ses fr\u00e8res camerounais.<\/p>\n<p>Ars\u00e8ne Hien est, quant \u00e0 lui, de la d\u00e9l\u00e9gation burkinab\u00e8. Il \u00e9volue dans exploitation s\u00e9mi-m\u00e9canis\u00e9e des briques lat\u00e9rites taill\u00e9es \u00e0 Dano. Pour lui, cette rencontre est un cadre de partage de connaissances qui lui a permis d\u2019apprendre beaucoup de choses afin de d\u00e9velopper son activit\u00e9.<\/p>\n<p><a href=\"https:\/\/www.latribunedufaso.net\/wp-content\/uploads\/2023\/09\/IMG_20230927_184525_456-scaled.jpg\"><img loading=\"lazy\" decoding=\"async\" class=\"size-medium wp-image-9451 alignleft\" src=\"https:\/\/www.latribunedufaso.net\/wp-content\/uploads\/2023\/09\/IMG_20230927_184525_456-300x225.jpg\" alt=\"\" width=\"300\" height=\"225\" srcset=\"https:\/\/www.latribunedufaso.net\/wp-content\/uploads\/2023\/09\/IMG_20230927_184525_456-300x225.jpg 300w, https:\/\/www.latribunedufaso.net\/wp-content\/uploads\/2023\/09\/IMG_20230927_184525_456-1024x768.jpg 1024w, https:\/\/www.latribunedufaso.net\/wp-content\/uploads\/2023\/09\/IMG_20230927_184525_456-768x576.jpg 768w, https:\/\/www.latribunedufaso.net\/wp-content\/uploads\/2023\/09\/IMG_20230927_184525_456-1536x1152.jpg 1536w, https:\/\/www.latribunedufaso.net\/wp-content\/uploads\/2023\/09\/IMG_20230927_184525_456-2048x1536.jpg 2048w\" sizes=\"auto, (max-width: 300px) 100vw, 300px\" \/><\/a>\u00ab On a \u00e9t\u00e9 form\u00e9 en fabrication de Briques de terre comprim\u00e9e (BTC). Apr\u00e8s la production des briques, je laisse les r\u00e9sidus. Mais a l\u2019issue de cet atelier, j\u2019ai appris qu&rsquo;on peut utiliser ces r\u00e9sidus pour fabriquer des BTC \u00bb, s\u2019est-il r\u00e9joui.<\/p>\n<p>A l\u2019issu des \u00e9changes, les acteurs ont fait des recommandations pour le d\u00e9veloppement du secteur. Il s\u2019agit notamment de reconsid\u00e9rer l\u2019EMAPE comme une activit\u00e9 \u00e9conomique viable fond\u00e9e sur la connaissance g\u00e9ologique, placer l\u2019EMAPE au c\u0153ur de l\u2019industrialisation nationale et de la transformation \u00e9conomique gr\u00e2ce \u00e0 la promotion de la valeur ajout\u00e9e et d\u2019\u00e9laborer des normes et standards adapt\u00e9s aux r\u00e9alit\u00e9s nationales.<\/p>\n<p><a href=\"https:\/\/www.latribunedufaso.net\/wp-content\/uploads\/2023\/09\/IMG_20230927_174359_057-scaled.jpg\"><img loading=\"lazy\" decoding=\"async\" class=\"size-medium wp-image-9449 alignleft\" src=\"https:\/\/www.latribunedufaso.net\/wp-content\/uploads\/2023\/09\/IMG_20230927_174359_057-300x225.jpg\" alt=\"\" width=\"300\" height=\"225\" srcset=\"https:\/\/www.latribunedufaso.net\/wp-content\/uploads\/2023\/09\/IMG_20230927_174359_057-300x225.jpg 300w, https:\/\/www.latribunedufaso.net\/wp-content\/uploads\/2023\/09\/IMG_20230927_174359_057-1024x768.jpg 1024w, https:\/\/www.latribunedufaso.net\/wp-content\/uploads\/2023\/09\/IMG_20230927_174359_057-768x576.jpg 768w, https:\/\/www.latribunedufaso.net\/wp-content\/uploads\/2023\/09\/IMG_20230927_174359_057-1536x1152.jpg 1536w, https:\/\/www.latribunedufaso.net\/wp-content\/uploads\/2023\/09\/IMG_20230927_174359_057-2048x1536.jpg 2048w\" sizes=\"auto, (max-width: 300px) 100vw, 300px\" \/><\/a>En outre, l\u2019EMAPE ne doit pas \u00eatre consid\u00e9r\u00e9e de prime abord comme une source d\u2019imp\u00f4ts mais comme une source de cr\u00e9ation d\u2019emplois et de richesses (jusqu\u2019\u00e0 ce que le secteur arrive \u00e0 maturit\u00e9). Aussi, ils ont proposer de rendre les informations disponibles aux acteurs (g\u00e9o donn\u00e9es, financement et march\u00e9) et de concevoir une politique sectorielle sp\u00e9cifique en faveur de la formalisation et l\u2019organisation du secteur.<\/p>\n<p>La c\u00e9r\u00e9monie de cl\u00f4ture \u00e9tait plac\u00e9e sous la pr\u00e9sidence du ministre des Mines, Simon-Pierre Boussim. Il a \u00e9t\u00e9 repr\u00e9sent\u00e9 par son Secr\u00e9taire g\u00e9n\u00e9ral, Jean Baptiste Kabor\u00e9.<\/p>\n<p><a href=\"https:\/\/www.latribunedufaso.net\/wp-content\/uploads\/2023\/09\/IMG_20230927_183134_211-1-scaled.jpg\"><img loading=\"lazy\" decoding=\"async\" class=\"size-medium wp-image-9448 alignleft\" src=\"https:\/\/www.latribunedufaso.net\/wp-content\/uploads\/2023\/09\/IMG_20230927_183134_211-1-300x225.jpg\" alt=\"\" width=\"300\" height=\"225\" srcset=\"https:\/\/www.latribunedufaso.net\/wp-content\/uploads\/2023\/09\/IMG_20230927_183134_211-1-300x225.jpg 300w, https:\/\/www.latribunedufaso.net\/wp-content\/uploads\/2023\/09\/IMG_20230927_183134_211-1-1024x768.jpg 1024w, https:\/\/www.latribunedufaso.net\/wp-content\/uploads\/2023\/09\/IMG_20230927_183134_211-1-768x576.jpg 768w, https:\/\/www.latribunedufaso.net\/wp-content\/uploads\/2023\/09\/IMG_20230927_183134_211-1-1536x1152.jpg 1536w, https:\/\/www.latribunedufaso.net\/wp-content\/uploads\/2023\/09\/IMG_20230927_183134_211-1-2048x1536.jpg 2048w\" sizes=\"auto, (max-width: 300px) 100vw, 300px\" \/><\/a>Selon lui, au regard de la \u00ab qualit\u00e9 des participants \u00bb, il affirme que les objectifs poursuivis dans le cadre de ce cadre d\u2019\u00e9changes ont \u00e9t\u00e9 atteints. \u00ab Les recommandations qui en sont issues nous permettront de conserver les acquis et de lever les goulots d\u2019\u00e9tranglement relatifs au secteur des min\u00e9raux du d\u00e9veloppement pour en faire un v\u00e9ritable levier de d\u00e9veloppement socio\u00e9conomique de nos pays \u00bb, a-t-il conclu.<\/p>\n<p>&nbsp;<\/p>\n<p><strong>Issouf Tapsoba\u00a0<\/strong><\/p>\n<p><strong>Latri<span style=\"font-size: 1.0625rem;\">bunedufaso.net<\/span><\/strong><\/p>\n","protected":false},"excerpt":{"rendered":"<p>Le 27 septembre 2023 \u00e0 Ouagadougou, a eu lieu la cl\u00f4ture de l\u2019atelier de formation et de partage d\u2019exp\u00e9riences sur le potentiel et les probl\u00e9matiques de d\u00e9veloppement du secteur des min\u00e9raux du d\u00e9veloppement. Il s\u2019est tenu en marge de la 5e \u00e9dition de la Semaine des activit\u00e9s mini\u00e8res de l\u2019Afrique de l\u2019Ouest (SAMAO). Cette rencontre a \u00e9t\u00e9 organis\u00e9e par le minist\u00e8re de l\u2019Energie, des Mines et des Carri\u00e8res, en partenariat avec le PNUD.<\/p>\n","protected":false},"author":5,"featured_media":9450,"comment_status":"open","ping_status":"open","sticky":false,"template":"","format":"standard","meta":{"footnotes":""},"categories":[13,1,19],"tags":[],"class_list":["post-9446","post","type-post","status-publish","format-standard","has-post-thumbnail","hentry","category-une","category-actu","category-mines-et-carrieres"],"yoast_head":"<!-- This site is optimized with the Yoast SEO plugin v27.4 - https:\/\/yoast.com\/product\/yoast-seo-wordpress\/ -->\n<title>Exploitation des min\u00e9raux du d\u00e9veloppement : Les acteurs formulent des recommandations aux probl\u00e9matiques de d\u00e9veloppement du secteur\u00a0 - La Tribune du Faso<\/title>\n<meta name=\"robots\" content=\"index, follow, max-snippet:-1, max-image-preview:large, max-video-preview:-1\" \/>\n<link rel=\"canonical\" href=\"https:\/\/www.latribunedufaso.net\/?p=9446\" \/>\n<meta property=\"og:locale\" content=\"fr_FR\" \/>\n<meta property=\"og:type\" content=\"article\" \/>\n<meta property=\"og:title\" content=\"Exploitation des min\u00e9raux du d\u00e9veloppement : Les acteurs formulent des recommandations aux probl\u00e9matiques de d\u00e9veloppement du secteur\u00a0 - La Tribune du Faso\" \/>\n<meta property=\"og:description\" content=\"Le 27 septembre 2023 \u00e0 Ouagadougou, a eu lieu la cl\u00f4ture de l\u2019atelier de formation et de partage d\u2019exp\u00e9riences sur le potentiel et les probl\u00e9matiques de d\u00e9veloppement du secteur des min\u00e9raux du d\u00e9veloppement. Il s\u2019est tenu en marge de la 5e \u00e9dition de la Semaine des activit\u00e9s mini\u00e8res de l\u2019Afrique de l\u2019Ouest (SAMAO). Cette rencontre a \u00e9t\u00e9 organis\u00e9e par le minist\u00e8re de l\u2019Energie, des Mines et des Carri\u00e8res, en partenariat avec le PNUD.\" \/>\n<meta property=\"og:url\" content=\"https:\/\/www.latribunedufaso.net\/?p=9446\" \/>\n<meta property=\"og:site_name\" content=\"La Tribune du Faso\" \/>\n<meta property=\"article:publisher\" content=\"https:\/\/www.facebook.com\/LatribuneduFaso\/\" \/>\n<meta property=\"article:published_time\" content=\"2023-09-27T15:35:08+00:00\" \/>\n<meta property=\"article:modified_time\" content=\"2023-10-01T15:47:13+00:00\" \/>\n<meta property=\"og:image\" content=\"https:\/\/www.latribunedufaso.net\/wp-content\/uploads\/2023\/09\/IMG_20230927_174339_822-scaled.jpg\" \/>\n\t<meta property=\"og:image:width\" content=\"2560\" \/>\n\t<meta property=\"og:image:height\" content=\"1920\" \/>\n\t<meta property=\"og:image:type\" content=\"image\/jpeg\" \/>\n<meta name=\"author\" content=\"Issouf Tapsoba\" \/>\n<meta name=\"twitter:label1\" content=\"\u00c9crit par\" \/>\n\t<meta name=\"twitter:data1\" content=\"Issouf Tapsoba\" \/>\n\t<meta name=\"twitter:label2\" content=\"Dur\u00e9e de lecture estim\u00e9e\" \/>\n\t<meta name=\"twitter:data2\" content=\"3 minutes\" \/>\n<script type=\"application\/ld+json\" class=\"yoast-schema-graph\">{\"@context\":\"https:\\\/\\\/schema.org\",\"@graph\":[{\"@type\":\"Article\",\"@id\":\"https:\\\/\\\/www.latribunedufaso.net\\\/?p=9446#article\",\"isPartOf\":{\"@id\":\"https:\\\/\\\/www.latribunedufaso.net\\\/?p=9446\"},\"author\":{\"name\":\"Issouf Tapsoba\",\"@id\":\"https:\\\/\\\/www.latribunedufaso.net\\\/#\\\/schema\\\/person\\\/e54e64c5778a7e72cf80a318b7a622b0\"},\"headline\":\"Exploitation des min\u00e9raux du d\u00e9veloppement : Les acteurs formulent des recommandations aux probl\u00e9matiques de d\u00e9veloppement du secteur\u00a0\",\"datePublished\":\"2023-09-27T15:35:08+00:00\",\"dateModified\":\"2023-10-01T15:47:13+00:00\",\"mainEntityOfPage\":{\"@id\":\"https:\\\/\\\/www.latribunedufaso.net\\\/?p=9446\"},\"wordCount\":717,\"commentCount\":0,\"publisher\":{\"@id\":\"https:\\\/\\\/www.latribunedufaso.net\\\/#organization\"},\"image\":{\"@id\":\"https:\\\/\\\/www.latribunedufaso.net\\\/?p=9446#primaryimage\"},\"thumbnailUrl\":\"https:\\\/\\\/www.latribunedufaso.net\\\/wp-content\\\/uploads\\\/2023\\\/09\\\/IMG_20230927_174339_822-scaled.jpg\",\"articleSection\":[\"A la une\",\"Actualit\u00e9\",\"Mines et Carri\u00e8res\"],\"inLanguage\":\"fr-FR\",\"potentialAction\":[{\"@type\":\"CommentAction\",\"name\":\"Comment\",\"target\":[\"https:\\\/\\\/www.latribunedufaso.net\\\/?p=9446#respond\"]}]},{\"@type\":\"WebPage\",\"@id\":\"https:\\\/\\\/www.latribunedufaso.net\\\/?p=9446\",\"url\":\"https:\\\/\\\/www.latribunedufaso.net\\\/?p=9446\",\"name\":\"Exploitation des min\u00e9raux du d\u00e9veloppement : Les acteurs formulent des recommandations aux probl\u00e9matiques de d\u00e9veloppement du secteur\u00a0 - La Tribune du Faso\",\"isPartOf\":{\"@id\":\"https:\\\/\\\/www.latribunedufaso.net\\\/#website\"},\"primaryImageOfPage\":{\"@id\":\"https:\\\/\\\/www.latribunedufaso.net\\\/?p=9446#primaryimage\"},\"image\":{\"@id\":\"https:\\\/\\\/www.latribunedufaso.net\\\/?p=9446#primaryimage\"},\"thumbnailUrl\":\"https:\\\/\\\/www.latribunedufaso.net\\\/wp-content\\\/uploads\\\/2023\\\/09\\\/IMG_20230927_174339_822-scaled.jpg\",\"datePublished\":\"2023-09-27T15:35:08+00:00\",\"dateModified\":\"2023-10-01T15:47:13+00:00\",\"breadcrumb\":{\"@id\":\"https:\\\/\\\/www.latribunedufaso.net\\\/?p=9446#breadcrumb\"},\"inLanguage\":\"fr-FR\",\"potentialAction\":[{\"@type\":\"ReadAction\",\"target\":[\"https:\\\/\\\/www.latribunedufaso.net\\\/?p=9446\"]}]},{\"@type\":\"ImageObject\",\"inLanguage\":\"fr-FR\",\"@id\":\"https:\\\/\\\/www.latribunedufaso.net\\\/?p=9446#primaryimage\",\"url\":\"https:\\\/\\\/www.latribunedufaso.net\\\/wp-content\\\/uploads\\\/2023\\\/09\\\/IMG_20230927_174339_822-scaled.jpg\",\"contentUrl\":\"https:\\\/\\\/www.latribunedufaso.net\\\/wp-content\\\/uploads\\\/2023\\\/09\\\/IMG_20230927_174339_822-scaled.jpg\",\"width\":2560,\"height\":1920},{\"@type\":\"BreadcrumbList\",\"@id\":\"https:\\\/\\\/www.latribunedufaso.net\\\/?p=9446#breadcrumb\",\"itemListElement\":[{\"@type\":\"ListItem\",\"position\":1,\"name\":\"Accueil\",\"item\":\"https:\\\/\\\/www.latribunedufaso.net\\\/\"},{\"@type\":\"ListItem\",\"position\":2,\"name\":\"Exploitation des min\u00e9raux du d\u00e9veloppement : Les acteurs formulent des recommandations aux probl\u00e9matiques de d\u00e9veloppement du secteur\u00a0\"}]},{\"@type\":\"WebSite\",\"@id\":\"https:\\\/\\\/www.latribunedufaso.net\\\/#website\",\"url\":\"https:\\\/\\\/www.latribunedufaso.net\\\/\",\"name\":\"La Tribune du Faso\",\"description\":\"L&#039;information du monde rural en un clic\",\"publisher\":{\"@id\":\"https:\\\/\\\/www.latribunedufaso.net\\\/#organization\"},\"potentialAction\":[{\"@type\":\"SearchAction\",\"target\":{\"@type\":\"EntryPoint\",\"urlTemplate\":\"https:\\\/\\\/www.latribunedufaso.net\\\/?s={search_term_string}\"},\"query-input\":{\"@type\":\"PropertyValueSpecification\",\"valueRequired\":true,\"valueName\":\"search_term_string\"}}],\"inLanguage\":\"fr-FR\"},{\"@type\":\"Organization\",\"@id\":\"https:\\\/\\\/www.latribunedufaso.net\\\/#organization\",\"name\":\"La Tribune du Faso\",\"url\":\"https:\\\/\\\/www.latribunedufaso.net\\\/\",\"logo\":{\"@type\":\"ImageObject\",\"inLanguage\":\"fr-FR\",\"@id\":\"https:\\\/\\\/www.latribunedufaso.net\\\/#\\\/schema\\\/logo\\\/image\\\/\",\"url\":\"https:\\\/\\\/www.latribunedufaso.net\\\/wp-content\\\/uploads\\\/2020\\\/08\\\/Logo-Tribune-du-Faso-final-scaled.jpg\",\"contentUrl\":\"https:\\\/\\\/www.latribunedufaso.net\\\/wp-content\\\/uploads\\\/2020\\\/08\\\/Logo-Tribune-du-Faso-final-scaled.jpg\",\"width\":2560,\"height\":1856,\"caption\":\"La Tribune du Faso\"},\"image\":{\"@id\":\"https:\\\/\\\/www.latribunedufaso.net\\\/#\\\/schema\\\/logo\\\/image\\\/\"},\"sameAs\":[\"https:\\\/\\\/www.facebook.com\\\/LatribuneduFaso\\\/\"]},{\"@type\":\"Person\",\"@id\":\"https:\\\/\\\/www.latribunedufaso.net\\\/#\\\/schema\\\/person\\\/e54e64c5778a7e72cf80a318b7a622b0\",\"name\":\"Issouf Tapsoba\",\"image\":{\"@type\":\"ImageObject\",\"inLanguage\":\"fr-FR\",\"@id\":\"https:\\\/\\\/secure.gravatar.com\\\/avatar\\\/5e6c05150ce3230247d167f5b94d678eb05936197436d69b7921e3a95c9107ac?s=96&d=mm&r=g\",\"url\":\"https:\\\/\\\/secure.gravatar.com\\\/avatar\\\/5e6c05150ce3230247d167f5b94d678eb05936197436d69b7921e3a95c9107ac?s=96&d=mm&r=g\",\"contentUrl\":\"https:\\\/\\\/secure.gravatar.com\\\/avatar\\\/5e6c05150ce3230247d167f5b94d678eb05936197436d69b7921e3a95c9107ac?s=96&d=mm&r=g\",\"caption\":\"Issouf Tapsoba\"},\"url\":\"https:\\\/\\\/www.latribunedufaso.net\\\/?author=5\"}]}<\/script>\n<!-- \/ Yoast SEO plugin. -->","yoast_head_json":{"title":"Exploitation des min\u00e9raux du d\u00e9veloppement : Les acteurs formulent des recommandations aux probl\u00e9matiques de d\u00e9veloppement du secteur\u00a0 - La Tribune du Faso","robots":{"index":"index","follow":"follow","max-snippet":"max-snippet:-1","max-image-preview":"max-image-preview:large","max-video-preview":"max-video-preview:-1"},"canonical":"https:\/\/www.latribunedufaso.net\/?p=9446","og_locale":"fr_FR","og_type":"article","og_title":"Exploitation des min\u00e9raux du d\u00e9veloppement : Les acteurs formulent des recommandations aux probl\u00e9matiques de d\u00e9veloppement du secteur\u00a0 - La Tribune du Faso","og_description":"Le 27 septembre 2023 \u00e0 Ouagadougou, a eu lieu la cl\u00f4ture de l\u2019atelier de formation et de partage d\u2019exp\u00e9riences sur le potentiel et les probl\u00e9matiques de d\u00e9veloppement du secteur des min\u00e9raux du d\u00e9veloppement. Il s\u2019est tenu en marge de la 5e \u00e9dition de la Semaine des activit\u00e9s mini\u00e8res de l\u2019Afrique de l\u2019Ouest (SAMAO). Cette rencontre a \u00e9t\u00e9 organis\u00e9e par le minist\u00e8re de l\u2019Energie, des Mines et des Carri\u00e8res, en partenariat avec le PNUD.","og_url":"https:\/\/www.latribunedufaso.net\/?p=9446","og_site_name":"La Tribune du Faso","article_publisher":"https:\/\/www.facebook.com\/LatribuneduFaso\/","article_published_time":"2023-09-27T15:35:08+00:00","article_modified_time":"2023-10-01T15:47:13+00:00","og_image":[{"width":2560,"height":1920,"url":"https:\/\/www.latribunedufaso.net\/wp-content\/uploads\/2023\/09\/IMG_20230927_174339_822-scaled.jpg","type":"image\/jpeg"}],"author":"Issouf Tapsoba","twitter_misc":{"\u00c9crit par":"Issouf Tapsoba","Dur\u00e9e de lecture estim\u00e9e":"3 minutes"},"schema":{"@context":"https:\/\/schema.org","@graph":[{"@type":"Article","@id":"https:\/\/www.latribunedufaso.net\/?p=9446#article","isPartOf":{"@id":"https:\/\/www.latribunedufaso.net\/?p=9446"},"author":{"name":"Issouf Tapsoba","@id":"https:\/\/www.latribunedufaso.net\/#\/schema\/person\/e54e64c5778a7e72cf80a318b7a622b0"},"headline":"Exploitation des min\u00e9raux du d\u00e9veloppement : Les acteurs formulent des recommandations aux probl\u00e9matiques de d\u00e9veloppement du secteur\u00a0","datePublished":"2023-09-27T15:35:08+00:00","dateModified":"2023-10-01T15:47:13+00:00","mainEntityOfPage":{"@id":"https:\/\/www.latribunedufaso.net\/?p=9446"},"wordCount":717,"commentCount":0,"publisher":{"@id":"https:\/\/www.latribunedufaso.net\/#organization"},"image":{"@id":"https:\/\/www.latribunedufaso.net\/?p=9446#primaryimage"},"thumbnailUrl":"https:\/\/www.latribunedufaso.net\/wp-content\/uploads\/2023\/09\/IMG_20230927_174339_822-scaled.jpg","articleSection":["A la une","Actualit\u00e9","Mines et Carri\u00e8res"],"inLanguage":"fr-FR","potentialAction":[{"@type":"CommentAction","name":"Comment","target":["https:\/\/www.latribunedufaso.net\/?p=9446#respond"]}]},{"@type":"WebPage","@id":"https:\/\/www.latribunedufaso.net\/?p=9446","url":"https:\/\/www.latribunedufaso.net\/?p=9446","name":"Exploitation des min\u00e9raux du d\u00e9veloppement : Les acteurs formulent des recommandations aux probl\u00e9matiques de d\u00e9veloppement du secteur\u00a0 - La Tribune du Faso","isPartOf":{"@id":"https:\/\/www.latribunedufaso.net\/#website"},"primaryImageOfPage":{"@id":"https:\/\/www.latribunedufaso.net\/?p=9446#primaryimage"},"image":{"@id":"https:\/\/www.latribunedufaso.net\/?p=9446#primaryimage"},"thumbnailUrl":"https:\/\/www.latribunedufaso.net\/wp-content\/uploads\/2023\/09\/IMG_20230927_174339_822-scaled.jpg","datePublished":"2023-09-27T15:35:08+00:00","dateModified":"2023-10-01T15:47:13+00:00","breadcrumb":{"@id":"https:\/\/www.latribunedufaso.net\/?p=9446#breadcrumb"},"inLanguage":"fr-FR","potentialAction":[{"@type":"ReadAction","target":["https:\/\/www.latribunedufaso.net\/?p=9446"]}]},{"@type":"ImageObject","inLanguage":"fr-FR","@id":"https:\/\/www.latribunedufaso.net\/?p=9446#primaryimage","url":"https:\/\/www.latribunedufaso.net\/wp-content\/uploads\/2023\/09\/IMG_20230927_174339_822-scaled.jpg","contentUrl":"https:\/\/www.latribunedufaso.net\/wp-content\/uploads\/2023\/09\/IMG_20230927_174339_822-scaled.jpg","width":2560,"height":1920},{"@type":"BreadcrumbList","@id":"https:\/\/www.latribunedufaso.net\/?p=9446#breadcrumb","itemListElement":[{"@type":"ListItem","position":1,"name":"Accueil","item":"https:\/\/www.latribunedufaso.net\/"},{"@type":"ListItem","position":2,"name":"Exploitation des min\u00e9raux du d\u00e9veloppement : Les acteurs formulent des recommandations aux probl\u00e9matiques de d\u00e9veloppement du secteur\u00a0"}]},{"@type":"WebSite","@id":"https:\/\/www.latribunedufaso.net\/#website","url":"https:\/\/www.latribunedufaso.net\/","name":"La Tribune du Faso","description":"L&#039;information du monde rural en un clic","publisher":{"@id":"https:\/\/www.latribunedufaso.net\/#organization"},"potentialAction":[{"@type":"SearchAction","target":{"@type":"EntryPoint","urlTemplate":"https:\/\/www.latribunedufaso.net\/?s={search_term_string}"},"query-input":{"@type":"PropertyValueSpecification","valueRequired":true,"valueName":"search_term_string"}}],"inLanguage":"fr-FR"},{"@type":"Organization","@id":"https:\/\/www.latribunedufaso.net\/#organization","name":"La Tribune du Faso","url":"https:\/\/www.latribunedufaso.net\/","logo":{"@type":"ImageObject","inLanguage":"fr-FR","@id":"https:\/\/www.latribunedufaso.net\/#\/schema\/logo\/image\/","url":"https:\/\/www.latribunedufaso.net\/wp-content\/uploads\/2020\/08\/Logo-Tribune-du-Faso-final-scaled.jpg","contentUrl":"https:\/\/www.latribunedufaso.net\/wp-content\/uploads\/2020\/08\/Logo-Tribune-du-Faso-final-scaled.jpg","width":2560,"height":1856,"caption":"La Tribune du Faso"},"image":{"@id":"https:\/\/www.latribunedufaso.net\/#\/schema\/logo\/image\/"},"sameAs":["https:\/\/www.facebook.com\/LatribuneduFaso\/"]},{"@type":"Person","@id":"https:\/\/www.latribunedufaso.net\/#\/schema\/person\/e54e64c5778a7e72cf80a318b7a622b0","name":"Issouf Tapsoba","image":{"@type":"ImageObject","inLanguage":"fr-FR","@id":"https:\/\/secure.gravatar.com\/avatar\/5e6c05150ce3230247d167f5b94d678eb05936197436d69b7921e3a95c9107ac?s=96&d=mm&r=g","url":"https:\/\/secure.gravatar.com\/avatar\/5e6c05150ce3230247d167f5b94d678eb05936197436d69b7921e3a95c9107ac?s=96&d=mm&r=g","contentUrl":"https:\/\/secure.gravatar.com\/avatar\/5e6c05150ce3230247d167f5b94d678eb05936197436d69b7921e3a95c9107ac?s=96&d=mm&r=g","caption":"Issouf Tapsoba"},"url":"https:\/\/www.latribunedufaso.net\/?author=5"}]}},"_links":{"self":[{"href":"https:\/\/www.latribunedufaso.net\/index.php?rest_route=\/wp\/v2\/posts\/9446","targetHints":{"allow":["GET"]}}],"collection":[{"href":"https:\/\/www.latribunedufaso.net\/index.php?rest_route=\/wp\/v2\/posts"}],"about":[{"href":"https:\/\/www.latribunedufaso.net\/index.php?rest_route=\/wp\/v2\/types\/post"}],"author":[{"embeddable":true,"href":"https:\/\/www.latribunedufaso.net\/index.php?rest_route=\/wp\/v2\/users\/5"}],"replies":[{"embeddable":true,"href":"https:\/\/www.latribunedufaso.net\/index.php?rest_route=%2Fwp%2Fv2%2Fcomments&post=9446"}],"version-history":[{"count":2,"href":"https:\/\/www.latribunedufaso.net\/index.php?rest_route=\/wp\/v2\/posts\/9446\/revisions"}],"predecessor-version":[{"id":9496,"href":"https:\/\/www.latribunedufaso.net\/index.php?rest_route=\/wp\/v2\/posts\/9446\/revisions\/9496"}],"wp:featuredmedia":[{"embeddable":true,"href":"https:\/\/www.latribunedufaso.net\/index.php?rest_route=\/wp\/v2\/media\/9450"}],"wp:attachment":[{"href":"https:\/\/www.latribunedufaso.net\/index.php?rest_route=%2Fwp%2Fv2%2Fmedia&parent=9446"}],"wp:term":[{"taxonomy":"category","embeddable":true,"href":"https:\/\/www.latribunedufaso.net\/index.php?rest_route=%2Fwp%2Fv2%2Fcategories&post=9446"},{"taxonomy":"post_tag","embeddable":true,"href":"https:\/\/www.latribunedufaso.net\/index.php?rest_route=%2Fwp%2Fv2%2Ftags&post=9446"}],"curies":[{"name":"wp","href":"https:\/\/api.w.org\/{rel}","templated":true}]}}