{"id":9428,"date":"2023-05-30T23:02:35","date_gmt":"2023-05-30T23:02:35","guid":{"rendered":"https:\/\/www.latribunedufaso.net\/?p=9428"},"modified":"2023-09-26T17:44:49","modified_gmt":"2023-09-26T17:44:49","slug":"participation-citoyenne-et-politique-gerddes-burkina-outille-des-acteurs-de-la-commune-de-koudougou","status":"publish","type":"post","link":"https:\/\/www.latribunedufaso.net\/?p=9428","title":{"rendered":"Participation citoyenne et politique : GERDDES-Burkina outille des acteurs de la commune de Koudougou\u00a0"},"content":{"rendered":"<p style=\"text-align: justify;\"><strong><span style=\"font-size: 1.0625rem;\">Dans l\u2019optique d\u2019am\u00e9liorer la participation citoyenne et politique des femmes et des jeunes (filles et gar\u00e7ons), le Groupe d\u2019\u00e9tude et de recherche sur la d\u00e9mocratie et le d\u00e9veloppement \u00e9conomique et social au Burkina Faso (GERDDES-Burkina) a organis\u00e9 ce samedi 27 mai 2023 \u00e0 Koudougou, une rencontre d\u2019\u00e9changes avec les acteurs de la localit\u00e9. Cette activit\u00e9 vise \u00e0 identifier les facteurs qui entravent la participation de cette couche de la soci\u00e9t\u00e9 \u00e0 la gestion des affaires publiques et de proposer des solutions.<\/span><\/strong><br \/><!--more--><\/p>\n<p style=\"text-align: justify;\"><a href=\"https:\/\/www.latribunedufaso.net\/wp-content\/uploads\/2023\/09\/IMG-20230602-WA0004.jpg\"><img loading=\"lazy\" decoding=\"async\" class=\"size-medium wp-image-9429 alignleft\" src=\"https:\/\/www.latribunedufaso.net\/wp-content\/uploads\/2023\/09\/IMG-20230602-WA0004-300x225.jpg\" alt=\"\" width=\"300\" height=\"225\" srcset=\"https:\/\/www.latribunedufaso.net\/wp-content\/uploads\/2023\/09\/IMG-20230602-WA0004-300x225.jpg 300w, https:\/\/www.latribunedufaso.net\/wp-content\/uploads\/2023\/09\/IMG-20230602-WA0004-1024x768.jpg 1024w, https:\/\/www.latribunedufaso.net\/wp-content\/uploads\/2023\/09\/IMG-20230602-WA0004-768x576.jpg 768w, https:\/\/www.latribunedufaso.net\/wp-content\/uploads\/2023\/09\/IMG-20230602-WA0004.jpg 1040w\" sizes=\"auto, (max-width: 300px) 100vw, 300px\" \/><\/a>La Transition au Burkina Faso devrait prendre fin pour permettre la continuit\u00e9 du processus d\u00e9mocratique du pays. Au regard des donn\u00e9es des \u00e9lections de 2020, on constate que malgr\u00e9 les actions des diff\u00e9rents acteurs notamment le gouvernement, les Organisations de la soci\u00e9t\u00e9 civile (OSC) et les partis politiques pour amener la population \u00e0 s\u2019impliquer davantage dans la gestion des affaires publiques, la participation politique et citoyenne des femmes et des jeunes reste limit\u00e9e \u00e0 cause de plusieurs obstacles. C\u2019est ce qui a suscit\u00e9 la mise en \u0153uvre de ce projet par GERDDES-Burkina intitul\u00e9 \u00ab\u00a0am\u00e9lioration du taux de participation des femmes et des jeunes (filles et gar\u00e7ons) aux processus \u00e9lectoraux de fin de Transition\u00a0dans onze (11) communes urbaines de trois (03) r\u00e9gions du Burkina Faso \u00bb. Il a b\u00e9n\u00e9fici\u00e9 de l&rsquo;appui de la CENI sur financement du PNUD.<\/p>\n<p style=\"text-align: justify;\">C\u2019est dans ce cadre que se tient la tenue de la pr\u00e9sente rencontre d\u2019\u00e9changes. Une trentaine de personnes en ont pris part. Il s\u2019agit notamment des agents des services techniques, des autorit\u00e9s coutumi\u00e8res et religieuses et des repr\u00e9sentants d&rsquo;organisations de femmes et de jeunes de la localit\u00e9.<\/p>\n<p style=\"text-align: justify;\">\u00ab\u00a0Nous avons abord\u00e9 les notions sur le th\u00e8me avec les participants notamment la d\u00e9finition de la participation citoyenne, l\u2019\u00e9tat des lieux de la participation politique des femmes et des jeunes, les obstacles et les solutions envisageables\u00a0\u00bb a expliqu\u00e9 le facilitateur des \u00e9changes, Tass\u00e9r\u00e9 Ou\u00e9draogo. Pour lui, cela leur a permis de mener des travaux de groupe afin d\u2019identifier les facteurs qui freinent la participation citoyenne et politique des femmes et des jeunes dans la commune de Koudougou et a propos\u00e9 des pistes de solutions. Comme facteurs, il s\u2019agit notamment des pesanteurs socioculturels, l\u2019ignorance des enjeux li\u00e9s \u00e0 la participation citoyenne et politique et le manque de documents d\u2019identification. Les solutions propos\u00e9es sont entre autres, la sensibilisation de la population contre les pesanteurs socioculturels, la promotion des formations sur la politique et la participation citoyenne et l\u2019acc\u00e9l\u00e9ration du processus de d\u00e9livrance des documents d\u2019identification.<\/p>\n<p style=\"text-align: justify;\">Pour le premier vice pr\u00e9sident de la d\u00e9l\u00e9gation sp\u00e9ciale de Koudougou, Jean Urbain Kombass\u00e9r\u00e9, le renfoncement des capacit\u00e9s des femmes et des jeunes sur les notions de participation citoyenne leur permettra de mieux jouer leur r\u00f4le et d\u2019accompagner la commune dans le cadre de ses actions de d\u00e9veloppement.<\/p>\n<p style=\"text-align: justify;\">Les participants ont pris l\u2019engagement de partager les conclusions des \u00e9changes avec leur entourage pour contribuer davantage \u00e0 l\u2019atteinte des objectifs de la rencontre. Pour Sandrine Som\u00e9, repr\u00e9sentante de l\u2019Association \u00ab\u00a0les femmes soumises\u00a0\u00bb, la tendance va changer car la femme est consciente que sa participation \u00e0 la gestion des affaires publiques est beaucoup plus attendue.<\/p>\n<p style=\"text-align: justify;\">Selon le coordonnateur de programme au GERDDES Burkina, Fid\u00e8le Yonli, la pr\u00e9sente rencontre est une activit\u00e9 de la campagne d\u2019\u00e9ducation civique et de veille d\u00e9mocratique lanc\u00e9e dans le cadre de ce projet. Apr\u00e8s la mise en place des comit\u00e9s de veille citoyenne et d\u2019alerte pr\u00e9coce dans chaque commune et la tenue de la rencontre d\u2019\u00e9changes, il est pr\u00e9vu d\u2019autres activit\u00e9s notamment l\u2019organisation des rencontres d\u2019information et de sensibilisation avec la jeunesse scolaris\u00e9 et le secteur informel et la diffusion de messages de sensibilisation \u00e0 la radio.<\/p>\n<p style=\"text-align: justify;\"><strong>Issouf Tapsoba\u00a0<\/strong><\/p>\n<p style=\"text-align: justify;\"><strong>Latribunedufaso.net<\/strong><\/p>\n<p><a href=\"https:\/\/www.latribunedufaso.net\/wp-content\/uploads\/2023\/09\/IMG-20230602-WA0006.jpg\"><img loading=\"lazy\" decoding=\"async\" class=\"alignnone size-medium wp-image-9430\" src=\"https:\/\/www.latribunedufaso.net\/wp-content\/uploads\/2023\/09\/IMG-20230602-WA0006-300x225.jpg\" alt=\"\" width=\"300\" height=\"225\" srcset=\"https:\/\/www.latribunedufaso.net\/wp-content\/uploads\/2023\/09\/IMG-20230602-WA0006-300x225.jpg 300w, https:\/\/www.latribunedufaso.net\/wp-content\/uploads\/2023\/09\/IMG-20230602-WA0006-1024x768.jpg 1024w, https:\/\/www.latribunedufaso.net\/wp-content\/uploads\/2023\/09\/IMG-20230602-WA0006-768x576.jpg 768w, https:\/\/www.latribunedufaso.net\/wp-content\/uploads\/2023\/09\/IMG-20230602-WA0006.jpg 1040w\" sizes=\"auto, (max-width: 300px) 100vw, 300px\" \/><\/a> <a href=\"https:\/\/www.latribunedufaso.net\/wp-content\/uploads\/2023\/09\/IMG-20230602-WA0010.jpg\"><img loading=\"lazy\" decoding=\"async\" class=\"alignnone size-medium wp-image-9431\" src=\"https:\/\/www.latribunedufaso.net\/wp-content\/uploads\/2023\/09\/IMG-20230602-WA0010-300x225.jpg\" alt=\"\" width=\"300\" height=\"225\" srcset=\"https:\/\/www.latribunedufaso.net\/wp-content\/uploads\/2023\/09\/IMG-20230602-WA0010-300x225.jpg 300w, https:\/\/www.latribunedufaso.net\/wp-content\/uploads\/2023\/09\/IMG-20230602-WA0010-1024x768.jpg 1024w, https:\/\/www.latribunedufaso.net\/wp-content\/uploads\/2023\/09\/IMG-20230602-WA0010-768x576.jpg 768w, https:\/\/www.latribunedufaso.net\/wp-content\/uploads\/2023\/09\/IMG-20230602-WA0010.jpg 1040w\" sizes=\"auto, (max-width: 300px) 100vw, 300px\" \/><\/a> <a href=\"https:\/\/www.latribunedufaso.net\/wp-content\/uploads\/2023\/09\/IMG-20230602-WA0011.jpg\"><img loading=\"lazy\" decoding=\"async\" class=\"alignnone size-medium wp-image-9432\" src=\"https:\/\/www.latribunedufaso.net\/wp-content\/uploads\/2023\/09\/IMG-20230602-WA0011-300x225.jpg\" alt=\"\" width=\"300\" height=\"225\" srcset=\"https:\/\/www.latribunedufaso.net\/wp-content\/uploads\/2023\/09\/IMG-20230602-WA0011-300x225.jpg 300w, https:\/\/www.latribunedufaso.net\/wp-content\/uploads\/2023\/09\/IMG-20230602-WA0011-1024x768.jpg 1024w, https:\/\/www.latribunedufaso.net\/wp-content\/uploads\/2023\/09\/IMG-20230602-WA0011-768x576.jpg 768w, https:\/\/www.latribunedufaso.net\/wp-content\/uploads\/2023\/09\/IMG-20230602-WA0011.jpg 1040w\" sizes=\"auto, (max-width: 300px) 100vw, 300px\" \/><\/a> <a href=\"https:\/\/www.latribunedufaso.net\/wp-content\/uploads\/2023\/09\/IMG-20230602-WA0008.jpg\"><img loading=\"lazy\" decoding=\"async\" class=\"alignnone size-medium wp-image-9433\" src=\"https:\/\/www.latribunedufaso.net\/wp-content\/uploads\/2023\/09\/IMG-20230602-WA0008-300x225.jpg\" alt=\"\" width=\"300\" height=\"225\" srcset=\"https:\/\/www.latribunedufaso.net\/wp-content\/uploads\/2023\/09\/IMG-20230602-WA0008-300x225.jpg 300w, https:\/\/www.latribunedufaso.net\/wp-content\/uploads\/2023\/09\/IMG-20230602-WA0008-1024x768.jpg 1024w, https:\/\/www.latribunedufaso.net\/wp-content\/uploads\/2023\/09\/IMG-20230602-WA0008-768x576.jpg 768w, https:\/\/www.latribunedufaso.net\/wp-content\/uploads\/2023\/09\/IMG-20230602-WA0008.jpg 1040w\" sizes=\"auto, (max-width: 300px) 100vw, 300px\" \/><\/a> <a href=\"https:\/\/www.latribunedufaso.net\/wp-content\/uploads\/2023\/09\/IMG-20230602-WA0005.jpg\"><img loading=\"lazy\" decoding=\"async\" class=\"alignnone size-medium wp-image-9435\" src=\"https:\/\/www.latribunedufaso.net\/wp-content\/uploads\/2023\/09\/IMG-20230602-WA0005-300x225.jpg\" alt=\"\" width=\"300\" height=\"225\" srcset=\"https:\/\/www.latribunedufaso.net\/wp-content\/uploads\/2023\/09\/IMG-20230602-WA0005-300x225.jpg 300w, https:\/\/www.latribunedufaso.net\/wp-content\/uploads\/2023\/09\/IMG-20230602-WA0005-1024x768.jpg 1024w, https:\/\/www.latribunedufaso.net\/wp-content\/uploads\/2023\/09\/IMG-20230602-WA0005-768x576.jpg 768w, https:\/\/www.latribunedufaso.net\/wp-content\/uploads\/2023\/09\/IMG-20230602-WA0005.jpg 1040w\" sizes=\"auto, (max-width: 300px) 100vw, 300px\" \/><\/a> <a href=\"https:\/\/www.latribunedufaso.net\/wp-content\/uploads\/2023\/09\/IMG-20230602-WA0003.jpg\"><img loading=\"lazy\" decoding=\"async\" class=\"alignnone size-medium wp-image-9436\" src=\"https:\/\/www.latribunedufaso.net\/wp-content\/uploads\/2023\/09\/IMG-20230602-WA0003-300x225.jpg\" alt=\"\" width=\"300\" height=\"225\" srcset=\"https:\/\/www.latribunedufaso.net\/wp-content\/uploads\/2023\/09\/IMG-20230602-WA0003-300x225.jpg 300w, https:\/\/www.latribunedufaso.net\/wp-content\/uploads\/2023\/09\/IMG-20230602-WA0003-1024x768.jpg 1024w, https:\/\/www.latribunedufaso.net\/wp-content\/uploads\/2023\/09\/IMG-20230602-WA0003-768x576.jpg 768w, https:\/\/www.latribunedufaso.net\/wp-content\/uploads\/2023\/09\/IMG-20230602-WA0003.jpg 1040w\" sizes=\"auto, (max-width: 300px) 100vw, 300px\" \/><\/a> <a href=\"https:\/\/www.latribunedufaso.net\/wp-content\/uploads\/2023\/09\/IMG-20230602-WA0007.jpg\"><img loading=\"lazy\" decoding=\"async\" class=\"alignnone size-medium wp-image-9437\" src=\"https:\/\/www.latribunedufaso.net\/wp-content\/uploads\/2023\/09\/IMG-20230602-WA0007-300x225.jpg\" alt=\"\" width=\"300\" height=\"225\" srcset=\"https:\/\/www.latribunedufaso.net\/wp-content\/uploads\/2023\/09\/IMG-20230602-WA0007-300x225.jpg 300w, https:\/\/www.latribunedufaso.net\/wp-content\/uploads\/2023\/09\/IMG-20230602-WA0007-1024x768.jpg 1024w, https:\/\/www.latribunedufaso.net\/wp-content\/uploads\/2023\/09\/IMG-20230602-WA0007-768x576.jpg 768w, https:\/\/www.latribunedufaso.net\/wp-content\/uploads\/2023\/09\/IMG-20230602-WA0007.jpg 1040w\" sizes=\"auto, (max-width: 300px) 100vw, 300px\" \/><\/a><\/p>\n","protected":false},"excerpt":{"rendered":"<p>Dans l\u2019optique d\u2019am\u00e9liorer la participation citoyenne et politique des femmes et des jeunes (filles et gar\u00e7ons), le Groupe d\u2019\u00e9tude et de recherche sur la d\u00e9mocratie et le d\u00e9veloppement \u00e9conomique et social au Burkina Faso (GERDDES-Burkina) a organis\u00e9 ce samedi 27 mai 2023 \u00e0 Koudougou, une rencontre d\u2019\u00e9changes avec les acteurs de la localit\u00e9. Cette activit\u00e9 vise \u00e0 identifier les facteurs qui entravent la participation de cette couche de la soci\u00e9t\u00e9 \u00e0 la gestion des affaires publiques et de proposer des solutions.<\/p>\n","protected":false},"author":2,"featured_media":9434,"comment_status":"open","ping_status":"open","sticky":false,"template":"","format":"standard","meta":{"footnotes":""},"categories":[13,1,8],"tags":[],"class_list":["post-9428","post","type-post","status-publish","format-standard","has-post-thumbnail","hentry","category-une","category-actu","category-societe"],"yoast_head":"<!-- This site is optimized with the Yoast SEO plugin v27.4 - https:\/\/yoast.com\/product\/yoast-seo-wordpress\/ -->\n<title>Participation citoyenne et politique : GERDDES-Burkina outille des acteurs de la commune de Koudougou\u00a0 - La Tribune du Faso<\/title>\n<meta name=\"robots\" content=\"index, follow, max-snippet:-1, max-image-preview:large, max-video-preview:-1\" \/>\n<link rel=\"canonical\" href=\"https:\/\/www.latribunedufaso.net\/?p=9428\" \/>\n<meta property=\"og:locale\" content=\"fr_FR\" \/>\n<meta property=\"og:type\" content=\"article\" \/>\n<meta property=\"og:title\" content=\"Participation citoyenne et politique : GERDDES-Burkina outille des acteurs de la commune de Koudougou\u00a0 - La Tribune du Faso\" \/>\n<meta property=\"og:description\" content=\"Dans l\u2019optique d\u2019am\u00e9liorer la participation citoyenne et politique des femmes et des jeunes (filles et gar\u00e7ons), le Groupe d\u2019\u00e9tude et de recherche sur la d\u00e9mocratie et le d\u00e9veloppement \u00e9conomique et social au Burkina Faso (GERDDES-Burkina) a organis\u00e9 ce samedi 27 mai 2023 \u00e0 Koudougou, une rencontre d\u2019\u00e9changes avec les acteurs de la localit\u00e9. Cette activit\u00e9 vise \u00e0 identifier les facteurs qui entravent la participation de cette couche de la soci\u00e9t\u00e9 \u00e0 la gestion des affaires publiques et de proposer des solutions.\" \/>\n<meta property=\"og:url\" content=\"https:\/\/www.latribunedufaso.net\/?p=9428\" \/>\n<meta property=\"og:site_name\" content=\"La Tribune du Faso\" \/>\n<meta property=\"article:publisher\" content=\"https:\/\/www.facebook.com\/LatribuneduFaso\/\" \/>\n<meta property=\"article:published_time\" content=\"2023-05-30T23:02:35+00:00\" \/>\n<meta property=\"article:modified_time\" content=\"2023-09-26T17:44:49+00:00\" \/>\n<meta property=\"og:image\" content=\"https:\/\/www.latribunedufaso.net\/wp-content\/uploads\/2023\/09\/IMG-20230602-WA0009.jpg\" \/>\n\t<meta property=\"og:image:width\" content=\"1040\" \/>\n\t<meta property=\"og:image:height\" content=\"780\" \/>\n\t<meta property=\"og:image:type\" content=\"image\/jpeg\" \/>\n<meta name=\"author\" content=\"Administrateur\" \/>\n<meta name=\"twitter:label1\" content=\"\u00c9crit par\" \/>\n\t<meta name=\"twitter:data1\" content=\"Administrateur\" \/>\n\t<meta name=\"twitter:label2\" content=\"Dur\u00e9e de lecture estim\u00e9e\" \/>\n\t<meta name=\"twitter:data2\" content=\"3 minutes\" \/>\n<script type=\"application\/ld+json\" class=\"yoast-schema-graph\">{\"@context\":\"https:\\\/\\\/schema.org\",\"@graph\":[{\"@type\":\"Article\",\"@id\":\"https:\\\/\\\/www.latribunedufaso.net\\\/?p=9428#article\",\"isPartOf\":{\"@id\":\"https:\\\/\\\/www.latribunedufaso.net\\\/?p=9428\"},\"author\":{\"name\":\"Administrateur\",\"@id\":\"https:\\\/\\\/www.latribunedufaso.net\\\/#\\\/schema\\\/person\\\/a380782d0605bb8aae27c40ea93b35b1\"},\"headline\":\"Participation citoyenne et politique : GERDDES-Burkina outille des acteurs de la commune de Koudougou\u00a0\",\"datePublished\":\"2023-05-30T23:02:35+00:00\",\"dateModified\":\"2023-09-26T17:44:49+00:00\",\"mainEntityOfPage\":{\"@id\":\"https:\\\/\\\/www.latribunedufaso.net\\\/?p=9428\"},\"wordCount\":674,\"commentCount\":0,\"publisher\":{\"@id\":\"https:\\\/\\\/www.latribunedufaso.net\\\/#organization\"},\"image\":{\"@id\":\"https:\\\/\\\/www.latribunedufaso.net\\\/?p=9428#primaryimage\"},\"thumbnailUrl\":\"https:\\\/\\\/www.latribunedufaso.net\\\/wp-content\\\/uploads\\\/2023\\\/09\\\/IMG-20230602-WA0009.jpg\",\"articleSection\":[\"A la une\",\"Actualit\u00e9\",\"Soci\u00e9t\u00e9\"],\"inLanguage\":\"fr-FR\",\"potentialAction\":[{\"@type\":\"CommentAction\",\"name\":\"Comment\",\"target\":[\"https:\\\/\\\/www.latribunedufaso.net\\\/?p=9428#respond\"]}]},{\"@type\":\"WebPage\",\"@id\":\"https:\\\/\\\/www.latribunedufaso.net\\\/?p=9428\",\"url\":\"https:\\\/\\\/www.latribunedufaso.net\\\/?p=9428\",\"name\":\"Participation citoyenne et politique : GERDDES-Burkina outille des acteurs de la commune de Koudougou\u00a0 - La Tribune du Faso\",\"isPartOf\":{\"@id\":\"https:\\\/\\\/www.latribunedufaso.net\\\/#website\"},\"primaryImageOfPage\":{\"@id\":\"https:\\\/\\\/www.latribunedufaso.net\\\/?p=9428#primaryimage\"},\"image\":{\"@id\":\"https:\\\/\\\/www.latribunedufaso.net\\\/?p=9428#primaryimage\"},\"thumbnailUrl\":\"https:\\\/\\\/www.latribunedufaso.net\\\/wp-content\\\/uploads\\\/2023\\\/09\\\/IMG-20230602-WA0009.jpg\",\"datePublished\":\"2023-05-30T23:02:35+00:00\",\"dateModified\":\"2023-09-26T17:44:49+00:00\",\"breadcrumb\":{\"@id\":\"https:\\\/\\\/www.latribunedufaso.net\\\/?p=9428#breadcrumb\"},\"inLanguage\":\"fr-FR\",\"potentialAction\":[{\"@type\":\"ReadAction\",\"target\":[\"https:\\\/\\\/www.latribunedufaso.net\\\/?p=9428\"]}]},{\"@type\":\"ImageObject\",\"inLanguage\":\"fr-FR\",\"@id\":\"https:\\\/\\\/www.latribunedufaso.net\\\/?p=9428#primaryimage\",\"url\":\"https:\\\/\\\/www.latribunedufaso.net\\\/wp-content\\\/uploads\\\/2023\\\/09\\\/IMG-20230602-WA0009.jpg\",\"contentUrl\":\"https:\\\/\\\/www.latribunedufaso.net\\\/wp-content\\\/uploads\\\/2023\\\/09\\\/IMG-20230602-WA0009.jpg\",\"width\":1040,\"height\":780},{\"@type\":\"BreadcrumbList\",\"@id\":\"https:\\\/\\\/www.latribunedufaso.net\\\/?p=9428#breadcrumb\",\"itemListElement\":[{\"@type\":\"ListItem\",\"position\":1,\"name\":\"Accueil\",\"item\":\"https:\\\/\\\/www.latribunedufaso.net\\\/\"},{\"@type\":\"ListItem\",\"position\":2,\"name\":\"Participation citoyenne et politique : GERDDES-Burkina outille des acteurs de la commune de Koudougou\u00a0\"}]},{\"@type\":\"WebSite\",\"@id\":\"https:\\\/\\\/www.latribunedufaso.net\\\/#website\",\"url\":\"https:\\\/\\\/www.latribunedufaso.net\\\/\",\"name\":\"La Tribune du Faso\",\"description\":\"L&#039;information du monde rural en un clic\",\"publisher\":{\"@id\":\"https:\\\/\\\/www.latribunedufaso.net\\\/#organization\"},\"potentialAction\":[{\"@type\":\"SearchAction\",\"target\":{\"@type\":\"EntryPoint\",\"urlTemplate\":\"https:\\\/\\\/www.latribunedufaso.net\\\/?s={search_term_string}\"},\"query-input\":{\"@type\":\"PropertyValueSpecification\",\"valueRequired\":true,\"valueName\":\"search_term_string\"}}],\"inLanguage\":\"fr-FR\"},{\"@type\":\"Organization\",\"@id\":\"https:\\\/\\\/www.latribunedufaso.net\\\/#organization\",\"name\":\"La Tribune du Faso\",\"url\":\"https:\\\/\\\/www.latribunedufaso.net\\\/\",\"logo\":{\"@type\":\"ImageObject\",\"inLanguage\":\"fr-FR\",\"@id\":\"https:\\\/\\\/www.latribunedufaso.net\\\/#\\\/schema\\\/logo\\\/image\\\/\",\"url\":\"https:\\\/\\\/www.latribunedufaso.net\\\/wp-content\\\/uploads\\\/2020\\\/08\\\/Logo-Tribune-du-Faso-final-scaled.jpg\",\"contentUrl\":\"https:\\\/\\\/www.latribunedufaso.net\\\/wp-content\\\/uploads\\\/2020\\\/08\\\/Logo-Tribune-du-Faso-final-scaled.jpg\",\"width\":2560,\"height\":1856,\"caption\":\"La Tribune du Faso\"},\"image\":{\"@id\":\"https:\\\/\\\/www.latribunedufaso.net\\\/#\\\/schema\\\/logo\\\/image\\\/\"},\"sameAs\":[\"https:\\\/\\\/www.facebook.com\\\/LatribuneduFaso\\\/\"]},{\"@type\":\"Person\",\"@id\":\"https:\\\/\\\/www.latribunedufaso.net\\\/#\\\/schema\\\/person\\\/a380782d0605bb8aae27c40ea93b35b1\",\"name\":\"Administrateur\",\"image\":{\"@type\":\"ImageObject\",\"inLanguage\":\"fr-FR\",\"@id\":\"https:\\\/\\\/secure.gravatar.com\\\/avatar\\\/e20266f97d741f0e80ba1f60283074a9b3317fd7bfb727e0d95b51dafbf854a1?s=96&d=mm&r=g\",\"url\":\"https:\\\/\\\/secure.gravatar.com\\\/avatar\\\/e20266f97d741f0e80ba1f60283074a9b3317fd7bfb727e0d95b51dafbf854a1?s=96&d=mm&r=g\",\"contentUrl\":\"https:\\\/\\\/secure.gravatar.com\\\/avatar\\\/e20266f97d741f0e80ba1f60283074a9b3317fd7bfb727e0d95b51dafbf854a1?s=96&d=mm&r=g\",\"caption\":\"Administrateur\"},\"url\":\"https:\\\/\\\/www.latribunedufaso.net\\\/?author=2\"}]}<\/script>\n<!-- \/ Yoast SEO plugin. -->","yoast_head_json":{"title":"Participation citoyenne et politique : GERDDES-Burkina outille des acteurs de la commune de Koudougou\u00a0 - La Tribune du Faso","robots":{"index":"index","follow":"follow","max-snippet":"max-snippet:-1","max-image-preview":"max-image-preview:large","max-video-preview":"max-video-preview:-1"},"canonical":"https:\/\/www.latribunedufaso.net\/?p=9428","og_locale":"fr_FR","og_type":"article","og_title":"Participation citoyenne et politique : GERDDES-Burkina outille des acteurs de la commune de Koudougou\u00a0 - La Tribune du Faso","og_description":"Dans l\u2019optique d\u2019am\u00e9liorer la participation citoyenne et politique des femmes et des jeunes (filles et gar\u00e7ons), le Groupe d\u2019\u00e9tude et de recherche sur la d\u00e9mocratie et le d\u00e9veloppement \u00e9conomique et social au Burkina Faso (GERDDES-Burkina) a organis\u00e9 ce samedi 27 mai 2023 \u00e0 Koudougou, une rencontre d\u2019\u00e9changes avec les acteurs de la localit\u00e9. Cette activit\u00e9 vise \u00e0 identifier les facteurs qui entravent la participation de cette couche de la soci\u00e9t\u00e9 \u00e0 la gestion des affaires publiques et de proposer des solutions.","og_url":"https:\/\/www.latribunedufaso.net\/?p=9428","og_site_name":"La Tribune du Faso","article_publisher":"https:\/\/www.facebook.com\/LatribuneduFaso\/","article_published_time":"2023-05-30T23:02:35+00:00","article_modified_time":"2023-09-26T17:44:49+00:00","og_image":[{"width":1040,"height":780,"url":"https:\/\/www.latribunedufaso.net\/wp-content\/uploads\/2023\/09\/IMG-20230602-WA0009.jpg","type":"image\/jpeg"}],"author":"Administrateur","twitter_misc":{"\u00c9crit par":"Administrateur","Dur\u00e9e de lecture estim\u00e9e":"3 minutes"},"schema":{"@context":"https:\/\/schema.org","@graph":[{"@type":"Article","@id":"https:\/\/www.latribunedufaso.net\/?p=9428#article","isPartOf":{"@id":"https:\/\/www.latribunedufaso.net\/?p=9428"},"author":{"name":"Administrateur","@id":"https:\/\/www.latribunedufaso.net\/#\/schema\/person\/a380782d0605bb8aae27c40ea93b35b1"},"headline":"Participation citoyenne et politique : GERDDES-Burkina outille des acteurs de la commune de Koudougou\u00a0","datePublished":"2023-05-30T23:02:35+00:00","dateModified":"2023-09-26T17:44:49+00:00","mainEntityOfPage":{"@id":"https:\/\/www.latribunedufaso.net\/?p=9428"},"wordCount":674,"commentCount":0,"publisher":{"@id":"https:\/\/www.latribunedufaso.net\/#organization"},"image":{"@id":"https:\/\/www.latribunedufaso.net\/?p=9428#primaryimage"},"thumbnailUrl":"https:\/\/www.latribunedufaso.net\/wp-content\/uploads\/2023\/09\/IMG-20230602-WA0009.jpg","articleSection":["A la une","Actualit\u00e9","Soci\u00e9t\u00e9"],"inLanguage":"fr-FR","potentialAction":[{"@type":"CommentAction","name":"Comment","target":["https:\/\/www.latribunedufaso.net\/?p=9428#respond"]}]},{"@type":"WebPage","@id":"https:\/\/www.latribunedufaso.net\/?p=9428","url":"https:\/\/www.latribunedufaso.net\/?p=9428","name":"Participation citoyenne et politique : GERDDES-Burkina outille des acteurs de la commune de Koudougou\u00a0 - La Tribune du Faso","isPartOf":{"@id":"https:\/\/www.latribunedufaso.net\/#website"},"primaryImageOfPage":{"@id":"https:\/\/www.latribunedufaso.net\/?p=9428#primaryimage"},"image":{"@id":"https:\/\/www.latribunedufaso.net\/?p=9428#primaryimage"},"thumbnailUrl":"https:\/\/www.latribunedufaso.net\/wp-content\/uploads\/2023\/09\/IMG-20230602-WA0009.jpg","datePublished":"2023-05-30T23:02:35+00:00","dateModified":"2023-09-26T17:44:49+00:00","breadcrumb":{"@id":"https:\/\/www.latribunedufaso.net\/?p=9428#breadcrumb"},"inLanguage":"fr-FR","potentialAction":[{"@type":"ReadAction","target":["https:\/\/www.latribunedufaso.net\/?p=9428"]}]},{"@type":"ImageObject","inLanguage":"fr-FR","@id":"https:\/\/www.latribunedufaso.net\/?p=9428#primaryimage","url":"https:\/\/www.latribunedufaso.net\/wp-content\/uploads\/2023\/09\/IMG-20230602-WA0009.jpg","contentUrl":"https:\/\/www.latribunedufaso.net\/wp-content\/uploads\/2023\/09\/IMG-20230602-WA0009.jpg","width":1040,"height":780},{"@type":"BreadcrumbList","@id":"https:\/\/www.latribunedufaso.net\/?p=9428#breadcrumb","itemListElement":[{"@type":"ListItem","position":1,"name":"Accueil","item":"https:\/\/www.latribunedufaso.net\/"},{"@type":"ListItem","position":2,"name":"Participation citoyenne et politique : GERDDES-Burkina outille des acteurs de la commune de Koudougou\u00a0"}]},{"@type":"WebSite","@id":"https:\/\/www.latribunedufaso.net\/#website","url":"https:\/\/www.latribunedufaso.net\/","name":"La Tribune du Faso","description":"L&#039;information du monde rural en un clic","publisher":{"@id":"https:\/\/www.latribunedufaso.net\/#organization"},"potentialAction":[{"@type":"SearchAction","target":{"@type":"EntryPoint","urlTemplate":"https:\/\/www.latribunedufaso.net\/?s={search_term_string}"},"query-input":{"@type":"PropertyValueSpecification","valueRequired":true,"valueName":"search_term_string"}}],"inLanguage":"fr-FR"},{"@type":"Organization","@id":"https:\/\/www.latribunedufaso.net\/#organization","name":"La Tribune du Faso","url":"https:\/\/www.latribunedufaso.net\/","logo":{"@type":"ImageObject","inLanguage":"fr-FR","@id":"https:\/\/www.latribunedufaso.net\/#\/schema\/logo\/image\/","url":"https:\/\/www.latribunedufaso.net\/wp-content\/uploads\/2020\/08\/Logo-Tribune-du-Faso-final-scaled.jpg","contentUrl":"https:\/\/www.latribunedufaso.net\/wp-content\/uploads\/2020\/08\/Logo-Tribune-du-Faso-final-scaled.jpg","width":2560,"height":1856,"caption":"La Tribune du Faso"},"image":{"@id":"https:\/\/www.latribunedufaso.net\/#\/schema\/logo\/image\/"},"sameAs":["https:\/\/www.facebook.com\/LatribuneduFaso\/"]},{"@type":"Person","@id":"https:\/\/www.latribunedufaso.net\/#\/schema\/person\/a380782d0605bb8aae27c40ea93b35b1","name":"Administrateur","image":{"@type":"ImageObject","inLanguage":"fr-FR","@id":"https:\/\/secure.gravatar.com\/avatar\/e20266f97d741f0e80ba1f60283074a9b3317fd7bfb727e0d95b51dafbf854a1?s=96&d=mm&r=g","url":"https:\/\/secure.gravatar.com\/avatar\/e20266f97d741f0e80ba1f60283074a9b3317fd7bfb727e0d95b51dafbf854a1?s=96&d=mm&r=g","contentUrl":"https:\/\/secure.gravatar.com\/avatar\/e20266f97d741f0e80ba1f60283074a9b3317fd7bfb727e0d95b51dafbf854a1?s=96&d=mm&r=g","caption":"Administrateur"},"url":"https:\/\/www.latribunedufaso.net\/?author=2"}]}},"_links":{"self":[{"href":"https:\/\/www.latribunedufaso.net\/index.php?rest_route=\/wp\/v2\/posts\/9428","targetHints":{"allow":["GET"]}}],"collection":[{"href":"https:\/\/www.latribunedufaso.net\/index.php?rest_route=\/wp\/v2\/posts"}],"about":[{"href":"https:\/\/www.latribunedufaso.net\/index.php?rest_route=\/wp\/v2\/types\/post"}],"author":[{"embeddable":true,"href":"https:\/\/www.latribunedufaso.net\/index.php?rest_route=\/wp\/v2\/users\/2"}],"replies":[{"embeddable":true,"href":"https:\/\/www.latribunedufaso.net\/index.php?rest_route=%2Fwp%2Fv2%2Fcomments&post=9428"}],"version-history":[{"count":1,"href":"https:\/\/www.latribunedufaso.net\/index.php?rest_route=\/wp\/v2\/posts\/9428\/revisions"}],"predecessor-version":[{"id":9438,"href":"https:\/\/www.latribunedufaso.net\/index.php?rest_route=\/wp\/v2\/posts\/9428\/revisions\/9438"}],"wp:featuredmedia":[{"embeddable":true,"href":"https:\/\/www.latribunedufaso.net\/index.php?rest_route=\/wp\/v2\/media\/9434"}],"wp:attachment":[{"href":"https:\/\/www.latribunedufaso.net\/index.php?rest_route=%2Fwp%2Fv2%2Fmedia&parent=9428"}],"wp:term":[{"taxonomy":"category","embeddable":true,"href":"https:\/\/www.latribunedufaso.net\/index.php?rest_route=%2Fwp%2Fv2%2Fcategories&post=9428"},{"taxonomy":"post_tag","embeddable":true,"href":"https:\/\/www.latribunedufaso.net\/index.php?rest_route=%2Fwp%2Fv2%2Ftags&post=9428"}],"curies":[{"name":"wp","href":"https:\/\/api.w.org\/{rel}","templated":true}]}}