{"id":9409,"date":"2023-09-26T16:21:41","date_gmt":"2023-09-26T16:21:41","guid":{"rendered":"https:\/\/www.latribunedufaso.net\/?p=9409"},"modified":"2023-09-26T16:21:41","modified_gmt":"2023-09-26T16:21:41","slug":"protection-de-la-sante-publique-cest-parti-pour-la-septieme-edition-des-journees-veterinaires-jvet-7","status":"publish","type":"post","link":"https:\/\/www.latribunedufaso.net\/?p=9409","title":{"rendered":"Protection de la sant\u00e9 publique : C\u2019est parti pour la septi\u00e8me \u00e9dition des Journ\u00e9es V\u00e9t\u00e9rinaires (JVET 7)"},"content":{"rendered":"<p><strong><span style=\"font-size: 1.0625rem;\">L\u2019ordre National des v\u00e9t\u00e9rinaires (ONV), organise du 26 au 29 septembre 2023 \u00e0 Ouagadougou, la 7 \u00e8me \u00e9dition des journ\u00e9es v\u00e9t\u00e9rinaires (JVET 7) sur le th\u00e8me : \u00ab Les m\u00e9dicaments v\u00e9t\u00e9rinaires : enjeux et perspectives de leur utilisation pour la promotion des productions animales et la protection de la sant\u00e9 publique dans un contexte d\u2019ins\u00e9curit\u00e9 \u00bb.<\/span><\/strong><br \/><!--more--><\/p>\n<p>La c\u00e9r\u00e9monie d\u2019ouverture a lieu ce mardi 26 septembre sous le patronage du ministre de la Sant\u00e9 et de l\u2019Hygi\u00e8ne publique, Dr Robert Lucien Jean-Claude Kargougou et le parrainage du ministre d\u00e9l\u00e9gu\u00e9 charg\u00e9 des Ressources animales, aupr\u00e8s du ministre de l\u2019Agriculture, des Ressources animales et halieutiques, Dr Amadou Dicko.<\/p>\n<p>L\u2019objectif g\u00e9n\u00e9ral des JVET 7 est d\u2019am\u00e9liorer la visibilit\u00e9 de la profession v\u00e9t\u00e9rinaire et de r\u00e9unir l\u2019ensemble des acteurs cl\u00e9s de la profession afin de mener la r\u00e9flexion sur la probl\u00e9matique des m\u00e9dicaments v\u00e9t\u00e9rinaires au Burkina Faso.<\/p>\n<p>Pour cette \u00e9dition, il s\u2019agit plus pr\u00e9cis\u00e9ment de sensibiliser la population sur les enjeux des produits v\u00e9t\u00e9rinaires issus des transits illicites en les amenant vers une utilisation responsable des m\u00e9dicaments v\u00e9t\u00e9rinaires, socle de la sant\u00e9 publique.<\/p>\n<p><a href=\"https:\/\/www.latribunedufaso.net\/wp-content\/uploads\/2023\/09\/IMG-20230926-WA0036.jpg\"><img loading=\"lazy\" decoding=\"async\" class=\"size-medium wp-image-9411 alignleft\" src=\"https:\/\/www.latribunedufaso.net\/wp-content\/uploads\/2023\/09\/IMG-20230926-WA0036-300x225.jpg\" alt=\"\" width=\"300\" height=\"225\" srcset=\"https:\/\/www.latribunedufaso.net\/wp-content\/uploads\/2023\/09\/IMG-20230926-WA0036-300x225.jpg 300w, https:\/\/www.latribunedufaso.net\/wp-content\/uploads\/2023\/09\/IMG-20230926-WA0036-1024x768.jpg 1024w, https:\/\/www.latribunedufaso.net\/wp-content\/uploads\/2023\/09\/IMG-20230926-WA0036-768x576.jpg 768w, https:\/\/www.latribunedufaso.net\/wp-content\/uploads\/2023\/09\/IMG-20230926-WA0036.jpg 1040w\" sizes=\"auto, (max-width: 300px) 100vw, 300px\" \/><\/a>Selon le pr\u00e9sident de l\u2019ONV, Dr v\u00e9t\u00e9rinaire, Charles Dieudonn\u00e9 Mand\u00e9, la sensibilisation se fera \u00e0 travers les diff\u00e9rentes communications, les diff\u00e9rents aspects en lien avec la r\u00e8glementation, le circuit de distribution des m\u00e9dicaments v\u00e9t\u00e9rinaires ainsi que les cons\u00e9quences de leur utilisation inappropri\u00e9e sur la sant\u00e9 animale, sur la sant\u00e9 publique et sur l\u2019\u00e9conomie nationale, qui seront largement d\u00e9battus.<\/p>\n<p><a href=\"https:\/\/www.latribunedufaso.net\/wp-content\/uploads\/2023\/09\/FB_IMG_1695745038832.jpg\"><img loading=\"lazy\" decoding=\"async\" class=\"size-medium wp-image-9413 alignleft\" src=\"https:\/\/www.latribunedufaso.net\/wp-content\/uploads\/2023\/09\/FB_IMG_1695745038832-300x225.jpg\" alt=\"\" width=\"300\" height=\"225\" srcset=\"https:\/\/www.latribunedufaso.net\/wp-content\/uploads\/2023\/09\/FB_IMG_1695745038832-300x225.jpg 300w, https:\/\/www.latribunedufaso.net\/wp-content\/uploads\/2023\/09\/FB_IMG_1695745038832.jpg 720w\" sizes=\"auto, (max-width: 300px) 100vw, 300px\" \/><\/a>Le ministre de la sant\u00e9, patron de la c\u00e9r\u00e9monie, Robert Lucien Jean-Claude Kargougou a f\u00e9licit\u00e9 l\u2019ONV pour l\u2019organisation de cette septi\u00e8me \u00e9dition des journ\u00e9es v\u00e9t\u00e9rinaires. Il a par la suite rappel\u00e9 le r\u00f4le d\u2019\u2019interlocuteur privil\u00e9gi\u00e9 des pouvoirs publics et des usagers de la profession v\u00e9t\u00e9rinaire en souhaitant qu\u2019il soit consolider pour un d\u00e9veloppement harmonieux des productions animales et pour la promotion de la sant\u00e9 publique.\u00a0\u00a0<\/p>\n<p>Durant les 96h des journ\u00e9es v\u00e9t\u00e9rinaires, plusieurs activit\u00e9s seront au programme. Il s\u2019agit entre autres des conf\u00e9rence sur des sujets en lien avec le th\u00e8me des journ\u00e9es v\u00e9t\u00e9rinaires, des communications libres, sans oublier les expositions de stands.<\/p>\n<p><a href=\"https:\/\/www.latribunedufaso.net\/wp-content\/uploads\/2023\/09\/IMG-20230926-WA0037.jpg\"><img loading=\"lazy\" decoding=\"async\" class=\"size-medium wp-image-9412 alignleft\" src=\"https:\/\/www.latribunedufaso.net\/wp-content\/uploads\/2023\/09\/IMG-20230926-WA0037-300x225.jpg\" alt=\"\" width=\"300\" height=\"225\" srcset=\"https:\/\/www.latribunedufaso.net\/wp-content\/uploads\/2023\/09\/IMG-20230926-WA0037-300x225.jpg 300w, https:\/\/www.latribunedufaso.net\/wp-content\/uploads\/2023\/09\/IMG-20230926-WA0037-1024x768.jpg 1024w, https:\/\/www.latribunedufaso.net\/wp-content\/uploads\/2023\/09\/IMG-20230926-WA0037-768x576.jpg 768w, https:\/\/www.latribunedufaso.net\/wp-content\/uploads\/2023\/09\/IMG-20230926-WA0037.jpg 1040w\" sizes=\"auto, (max-width: 300px) 100vw, 300px\" \/><\/a><\/p>\n<p><strong>Nabintou Ouattara (stagiaire)<\/strong><\/p>\n<p><strong><span style=\"font-size: 1.0625rem;\">Latribunedufaso.net<\/span><\/strong><\/p>\n","protected":false},"excerpt":{"rendered":"<p>L\u2019ordre National des v\u00e9t\u00e9rinaires (ONV), organise du 26 au 29 septembre 2023 \u00e0 Ouagadougou, la 7 \u00e8me \u00e9dition des journ\u00e9es v\u00e9t\u00e9rinaires (JVET 7) sur le th\u00e8me : \u00ab Les m\u00e9dicaments v\u00e9t\u00e9rinaires : enjeux et perspectives de leur utilisation pour la promotion des productions animales et la protection de la sant\u00e9 publique dans un contexte d\u2019ins\u00e9curit\u00e9 \u00bb.<\/p>\n","protected":false},"author":5,"featured_media":9410,"comment_status":"open","ping_status":"open","sticky":false,"template":"","format":"standard","meta":{"footnotes":""},"categories":[13,1,7],"tags":[],"class_list":["post-9409","post","type-post","status-publish","format-standard","has-post-thumbnail","hentry","category-une","category-actu","category-sante"],"yoast_head":"<!-- This site is optimized with the Yoast SEO plugin v27.4 - https:\/\/yoast.com\/product\/yoast-seo-wordpress\/ -->\n<title>Protection de la sant\u00e9 publique : C\u2019est parti pour la septi\u00e8me \u00e9dition des Journ\u00e9es V\u00e9t\u00e9rinaires (JVET 7) - La Tribune du Faso<\/title>\n<meta name=\"robots\" content=\"index, follow, max-snippet:-1, max-image-preview:large, max-video-preview:-1\" \/>\n<link rel=\"canonical\" href=\"https:\/\/www.latribunedufaso.net\/?p=9409\" \/>\n<meta property=\"og:locale\" content=\"fr_FR\" \/>\n<meta property=\"og:type\" content=\"article\" \/>\n<meta property=\"og:title\" content=\"Protection de la sant\u00e9 publique : C\u2019est parti pour la septi\u00e8me \u00e9dition des Journ\u00e9es V\u00e9t\u00e9rinaires (JVET 7) - La Tribune du Faso\" \/>\n<meta property=\"og:description\" content=\"L\u2019ordre National des v\u00e9t\u00e9rinaires (ONV), organise du 26 au 29 septembre 2023 \u00e0 Ouagadougou, la 7 \u00e8me \u00e9dition des journ\u00e9es v\u00e9t\u00e9rinaires (JVET 7) sur le th\u00e8me : \u00ab Les m\u00e9dicaments v\u00e9t\u00e9rinaires : enjeux et perspectives de leur utilisation pour la promotion des productions animales et la protection de la sant\u00e9 publique dans un contexte d\u2019ins\u00e9curit\u00e9 \u00bb.\" \/>\n<meta property=\"og:url\" content=\"https:\/\/www.latribunedufaso.net\/?p=9409\" \/>\n<meta property=\"og:site_name\" content=\"La Tribune du Faso\" \/>\n<meta property=\"article:publisher\" content=\"https:\/\/www.facebook.com\/LatribuneduFaso\/\" \/>\n<meta property=\"article:published_time\" content=\"2023-09-26T16:21:41+00:00\" \/>\n<meta property=\"og:image\" content=\"https:\/\/www.latribunedufaso.net\/wp-content\/uploads\/2023\/09\/FB_IMG_1695745025834.jpg\" \/>\n\t<meta property=\"og:image:width\" content=\"720\" \/>\n\t<meta property=\"og:image:height\" content=\"540\" \/>\n\t<meta property=\"og:image:type\" content=\"image\/jpeg\" \/>\n<meta name=\"author\" content=\"Issouf Tapsoba\" \/>\n<meta name=\"twitter:label1\" content=\"\u00c9crit par\" \/>\n\t<meta name=\"twitter:data1\" content=\"Issouf Tapsoba\" \/>\n\t<meta name=\"twitter:label2\" content=\"Dur\u00e9e de lecture estim\u00e9e\" \/>\n\t<meta name=\"twitter:data2\" content=\"2 minutes\" \/>\n<script type=\"application\/ld+json\" class=\"yoast-schema-graph\">{\"@context\":\"https:\\\/\\\/schema.org\",\"@graph\":[{\"@type\":\"Article\",\"@id\":\"https:\\\/\\\/www.latribunedufaso.net\\\/?p=9409#article\",\"isPartOf\":{\"@id\":\"https:\\\/\\\/www.latribunedufaso.net\\\/?p=9409\"},\"author\":{\"name\":\"Issouf Tapsoba\",\"@id\":\"https:\\\/\\\/www.latribunedufaso.net\\\/#\\\/schema\\\/person\\\/e54e64c5778a7e72cf80a318b7a622b0\"},\"headline\":\"Protection de la sant\u00e9 publique : C\u2019est parti pour la septi\u00e8me \u00e9dition des Journ\u00e9es V\u00e9t\u00e9rinaires (JVET 7)\",\"datePublished\":\"2023-09-26T16:21:41+00:00\",\"mainEntityOfPage\":{\"@id\":\"https:\\\/\\\/www.latribunedufaso.net\\\/?p=9409\"},\"wordCount\":434,\"commentCount\":0,\"publisher\":{\"@id\":\"https:\\\/\\\/www.latribunedufaso.net\\\/#organization\"},\"image\":{\"@id\":\"https:\\\/\\\/www.latribunedufaso.net\\\/?p=9409#primaryimage\"},\"thumbnailUrl\":\"https:\\\/\\\/www.latribunedufaso.net\\\/wp-content\\\/uploads\\\/2023\\\/09\\\/FB_IMG_1695745025834.jpg\",\"articleSection\":[\"A la une\",\"Actualit\u00e9\",\"Sant\u00e9\"],\"inLanguage\":\"fr-FR\",\"potentialAction\":[{\"@type\":\"CommentAction\",\"name\":\"Comment\",\"target\":[\"https:\\\/\\\/www.latribunedufaso.net\\\/?p=9409#respond\"]}]},{\"@type\":\"WebPage\",\"@id\":\"https:\\\/\\\/www.latribunedufaso.net\\\/?p=9409\",\"url\":\"https:\\\/\\\/www.latribunedufaso.net\\\/?p=9409\",\"name\":\"Protection de la sant\u00e9 publique : C\u2019est parti pour la septi\u00e8me \u00e9dition des Journ\u00e9es V\u00e9t\u00e9rinaires (JVET 7) - La Tribune du Faso\",\"isPartOf\":{\"@id\":\"https:\\\/\\\/www.latribunedufaso.net\\\/#website\"},\"primaryImageOfPage\":{\"@id\":\"https:\\\/\\\/www.latribunedufaso.net\\\/?p=9409#primaryimage\"},\"image\":{\"@id\":\"https:\\\/\\\/www.latribunedufaso.net\\\/?p=9409#primaryimage\"},\"thumbnailUrl\":\"https:\\\/\\\/www.latribunedufaso.net\\\/wp-content\\\/uploads\\\/2023\\\/09\\\/FB_IMG_1695745025834.jpg\",\"datePublished\":\"2023-09-26T16:21:41+00:00\",\"breadcrumb\":{\"@id\":\"https:\\\/\\\/www.latribunedufaso.net\\\/?p=9409#breadcrumb\"},\"inLanguage\":\"fr-FR\",\"potentialAction\":[{\"@type\":\"ReadAction\",\"target\":[\"https:\\\/\\\/www.latribunedufaso.net\\\/?p=9409\"]}]},{\"@type\":\"ImageObject\",\"inLanguage\":\"fr-FR\",\"@id\":\"https:\\\/\\\/www.latribunedufaso.net\\\/?p=9409#primaryimage\",\"url\":\"https:\\\/\\\/www.latribunedufaso.net\\\/wp-content\\\/uploads\\\/2023\\\/09\\\/FB_IMG_1695745025834.jpg\",\"contentUrl\":\"https:\\\/\\\/www.latribunedufaso.net\\\/wp-content\\\/uploads\\\/2023\\\/09\\\/FB_IMG_1695745025834.jpg\",\"width\":720,\"height\":540},{\"@type\":\"BreadcrumbList\",\"@id\":\"https:\\\/\\\/www.latribunedufaso.net\\\/?p=9409#breadcrumb\",\"itemListElement\":[{\"@type\":\"ListItem\",\"position\":1,\"name\":\"Accueil\",\"item\":\"https:\\\/\\\/www.latribunedufaso.net\\\/\"},{\"@type\":\"ListItem\",\"position\":2,\"name\":\"Protection de la sant\u00e9 publique : C\u2019est parti pour la septi\u00e8me \u00e9dition des Journ\u00e9es V\u00e9t\u00e9rinaires (JVET 7)\"}]},{\"@type\":\"WebSite\",\"@id\":\"https:\\\/\\\/www.latribunedufaso.net\\\/#website\",\"url\":\"https:\\\/\\\/www.latribunedufaso.net\\\/\",\"name\":\"La Tribune du Faso\",\"description\":\"L&#039;information du monde rural en un clic\",\"publisher\":{\"@id\":\"https:\\\/\\\/www.latribunedufaso.net\\\/#organization\"},\"potentialAction\":[{\"@type\":\"SearchAction\",\"target\":{\"@type\":\"EntryPoint\",\"urlTemplate\":\"https:\\\/\\\/www.latribunedufaso.net\\\/?s={search_term_string}\"},\"query-input\":{\"@type\":\"PropertyValueSpecification\",\"valueRequired\":true,\"valueName\":\"search_term_string\"}}],\"inLanguage\":\"fr-FR\"},{\"@type\":\"Organization\",\"@id\":\"https:\\\/\\\/www.latribunedufaso.net\\\/#organization\",\"name\":\"La Tribune du Faso\",\"url\":\"https:\\\/\\\/www.latribunedufaso.net\\\/\",\"logo\":{\"@type\":\"ImageObject\",\"inLanguage\":\"fr-FR\",\"@id\":\"https:\\\/\\\/www.latribunedufaso.net\\\/#\\\/schema\\\/logo\\\/image\\\/\",\"url\":\"https:\\\/\\\/www.latribunedufaso.net\\\/wp-content\\\/uploads\\\/2020\\\/08\\\/Logo-Tribune-du-Faso-final-scaled.jpg\",\"contentUrl\":\"https:\\\/\\\/www.latribunedufaso.net\\\/wp-content\\\/uploads\\\/2020\\\/08\\\/Logo-Tribune-du-Faso-final-scaled.jpg\",\"width\":2560,\"height\":1856,\"caption\":\"La Tribune du Faso\"},\"image\":{\"@id\":\"https:\\\/\\\/www.latribunedufaso.net\\\/#\\\/schema\\\/logo\\\/image\\\/\"},\"sameAs\":[\"https:\\\/\\\/www.facebook.com\\\/LatribuneduFaso\\\/\"]},{\"@type\":\"Person\",\"@id\":\"https:\\\/\\\/www.latribunedufaso.net\\\/#\\\/schema\\\/person\\\/e54e64c5778a7e72cf80a318b7a622b0\",\"name\":\"Issouf Tapsoba\",\"image\":{\"@type\":\"ImageObject\",\"inLanguage\":\"fr-FR\",\"@id\":\"https:\\\/\\\/secure.gravatar.com\\\/avatar\\\/5e6c05150ce3230247d167f5b94d678eb05936197436d69b7921e3a95c9107ac?s=96&d=mm&r=g\",\"url\":\"https:\\\/\\\/secure.gravatar.com\\\/avatar\\\/5e6c05150ce3230247d167f5b94d678eb05936197436d69b7921e3a95c9107ac?s=96&d=mm&r=g\",\"contentUrl\":\"https:\\\/\\\/secure.gravatar.com\\\/avatar\\\/5e6c05150ce3230247d167f5b94d678eb05936197436d69b7921e3a95c9107ac?s=96&d=mm&r=g\",\"caption\":\"Issouf Tapsoba\"},\"url\":\"https:\\\/\\\/www.latribunedufaso.net\\\/?author=5\"}]}<\/script>\n<!-- \/ Yoast SEO plugin. -->","yoast_head_json":{"title":"Protection de la sant\u00e9 publique : C\u2019est parti pour la septi\u00e8me \u00e9dition des Journ\u00e9es V\u00e9t\u00e9rinaires (JVET 7) - La Tribune du Faso","robots":{"index":"index","follow":"follow","max-snippet":"max-snippet:-1","max-image-preview":"max-image-preview:large","max-video-preview":"max-video-preview:-1"},"canonical":"https:\/\/www.latribunedufaso.net\/?p=9409","og_locale":"fr_FR","og_type":"article","og_title":"Protection de la sant\u00e9 publique : C\u2019est parti pour la septi\u00e8me \u00e9dition des Journ\u00e9es V\u00e9t\u00e9rinaires (JVET 7) - La Tribune du Faso","og_description":"L\u2019ordre National des v\u00e9t\u00e9rinaires (ONV), organise du 26 au 29 septembre 2023 \u00e0 Ouagadougou, la 7 \u00e8me \u00e9dition des journ\u00e9es v\u00e9t\u00e9rinaires (JVET 7) sur le th\u00e8me : \u00ab Les m\u00e9dicaments v\u00e9t\u00e9rinaires : enjeux et perspectives de leur utilisation pour la promotion des productions animales et la protection de la sant\u00e9 publique dans un contexte d\u2019ins\u00e9curit\u00e9 \u00bb.","og_url":"https:\/\/www.latribunedufaso.net\/?p=9409","og_site_name":"La Tribune du Faso","article_publisher":"https:\/\/www.facebook.com\/LatribuneduFaso\/","article_published_time":"2023-09-26T16:21:41+00:00","og_image":[{"width":720,"height":540,"url":"https:\/\/www.latribunedufaso.net\/wp-content\/uploads\/2023\/09\/FB_IMG_1695745025834.jpg","type":"image\/jpeg"}],"author":"Issouf Tapsoba","twitter_misc":{"\u00c9crit par":"Issouf Tapsoba","Dur\u00e9e de lecture estim\u00e9e":"2 minutes"},"schema":{"@context":"https:\/\/schema.org","@graph":[{"@type":"Article","@id":"https:\/\/www.latribunedufaso.net\/?p=9409#article","isPartOf":{"@id":"https:\/\/www.latribunedufaso.net\/?p=9409"},"author":{"name":"Issouf Tapsoba","@id":"https:\/\/www.latribunedufaso.net\/#\/schema\/person\/e54e64c5778a7e72cf80a318b7a622b0"},"headline":"Protection de la sant\u00e9 publique : C\u2019est parti pour la septi\u00e8me \u00e9dition des Journ\u00e9es V\u00e9t\u00e9rinaires (JVET 7)","datePublished":"2023-09-26T16:21:41+00:00","mainEntityOfPage":{"@id":"https:\/\/www.latribunedufaso.net\/?p=9409"},"wordCount":434,"commentCount":0,"publisher":{"@id":"https:\/\/www.latribunedufaso.net\/#organization"},"image":{"@id":"https:\/\/www.latribunedufaso.net\/?p=9409#primaryimage"},"thumbnailUrl":"https:\/\/www.latribunedufaso.net\/wp-content\/uploads\/2023\/09\/FB_IMG_1695745025834.jpg","articleSection":["A la une","Actualit\u00e9","Sant\u00e9"],"inLanguage":"fr-FR","potentialAction":[{"@type":"CommentAction","name":"Comment","target":["https:\/\/www.latribunedufaso.net\/?p=9409#respond"]}]},{"@type":"WebPage","@id":"https:\/\/www.latribunedufaso.net\/?p=9409","url":"https:\/\/www.latribunedufaso.net\/?p=9409","name":"Protection de la sant\u00e9 publique : C\u2019est parti pour la septi\u00e8me \u00e9dition des Journ\u00e9es V\u00e9t\u00e9rinaires (JVET 7) - La Tribune du Faso","isPartOf":{"@id":"https:\/\/www.latribunedufaso.net\/#website"},"primaryImageOfPage":{"@id":"https:\/\/www.latribunedufaso.net\/?p=9409#primaryimage"},"image":{"@id":"https:\/\/www.latribunedufaso.net\/?p=9409#primaryimage"},"thumbnailUrl":"https:\/\/www.latribunedufaso.net\/wp-content\/uploads\/2023\/09\/FB_IMG_1695745025834.jpg","datePublished":"2023-09-26T16:21:41+00:00","breadcrumb":{"@id":"https:\/\/www.latribunedufaso.net\/?p=9409#breadcrumb"},"inLanguage":"fr-FR","potentialAction":[{"@type":"ReadAction","target":["https:\/\/www.latribunedufaso.net\/?p=9409"]}]},{"@type":"ImageObject","inLanguage":"fr-FR","@id":"https:\/\/www.latribunedufaso.net\/?p=9409#primaryimage","url":"https:\/\/www.latribunedufaso.net\/wp-content\/uploads\/2023\/09\/FB_IMG_1695745025834.jpg","contentUrl":"https:\/\/www.latribunedufaso.net\/wp-content\/uploads\/2023\/09\/FB_IMG_1695745025834.jpg","width":720,"height":540},{"@type":"BreadcrumbList","@id":"https:\/\/www.latribunedufaso.net\/?p=9409#breadcrumb","itemListElement":[{"@type":"ListItem","position":1,"name":"Accueil","item":"https:\/\/www.latribunedufaso.net\/"},{"@type":"ListItem","position":2,"name":"Protection de la sant\u00e9 publique : C\u2019est parti pour la septi\u00e8me \u00e9dition des Journ\u00e9es V\u00e9t\u00e9rinaires (JVET 7)"}]},{"@type":"WebSite","@id":"https:\/\/www.latribunedufaso.net\/#website","url":"https:\/\/www.latribunedufaso.net\/","name":"La Tribune du Faso","description":"L&#039;information du monde rural en un clic","publisher":{"@id":"https:\/\/www.latribunedufaso.net\/#organization"},"potentialAction":[{"@type":"SearchAction","target":{"@type":"EntryPoint","urlTemplate":"https:\/\/www.latribunedufaso.net\/?s={search_term_string}"},"query-input":{"@type":"PropertyValueSpecification","valueRequired":true,"valueName":"search_term_string"}}],"inLanguage":"fr-FR"},{"@type":"Organization","@id":"https:\/\/www.latribunedufaso.net\/#organization","name":"La Tribune du Faso","url":"https:\/\/www.latribunedufaso.net\/","logo":{"@type":"ImageObject","inLanguage":"fr-FR","@id":"https:\/\/www.latribunedufaso.net\/#\/schema\/logo\/image\/","url":"https:\/\/www.latribunedufaso.net\/wp-content\/uploads\/2020\/08\/Logo-Tribune-du-Faso-final-scaled.jpg","contentUrl":"https:\/\/www.latribunedufaso.net\/wp-content\/uploads\/2020\/08\/Logo-Tribune-du-Faso-final-scaled.jpg","width":2560,"height":1856,"caption":"La Tribune du Faso"},"image":{"@id":"https:\/\/www.latribunedufaso.net\/#\/schema\/logo\/image\/"},"sameAs":["https:\/\/www.facebook.com\/LatribuneduFaso\/"]},{"@type":"Person","@id":"https:\/\/www.latribunedufaso.net\/#\/schema\/person\/e54e64c5778a7e72cf80a318b7a622b0","name":"Issouf Tapsoba","image":{"@type":"ImageObject","inLanguage":"fr-FR","@id":"https:\/\/secure.gravatar.com\/avatar\/5e6c05150ce3230247d167f5b94d678eb05936197436d69b7921e3a95c9107ac?s=96&d=mm&r=g","url":"https:\/\/secure.gravatar.com\/avatar\/5e6c05150ce3230247d167f5b94d678eb05936197436d69b7921e3a95c9107ac?s=96&d=mm&r=g","contentUrl":"https:\/\/secure.gravatar.com\/avatar\/5e6c05150ce3230247d167f5b94d678eb05936197436d69b7921e3a95c9107ac?s=96&d=mm&r=g","caption":"Issouf Tapsoba"},"url":"https:\/\/www.latribunedufaso.net\/?author=5"}]}},"_links":{"self":[{"href":"https:\/\/www.latribunedufaso.net\/index.php?rest_route=\/wp\/v2\/posts\/9409","targetHints":{"allow":["GET"]}}],"collection":[{"href":"https:\/\/www.latribunedufaso.net\/index.php?rest_route=\/wp\/v2\/posts"}],"about":[{"href":"https:\/\/www.latribunedufaso.net\/index.php?rest_route=\/wp\/v2\/types\/post"}],"author":[{"embeddable":true,"href":"https:\/\/www.latribunedufaso.net\/index.php?rest_route=\/wp\/v2\/users\/5"}],"replies":[{"embeddable":true,"href":"https:\/\/www.latribunedufaso.net\/index.php?rest_route=%2Fwp%2Fv2%2Fcomments&post=9409"}],"version-history":[{"count":2,"href":"https:\/\/www.latribunedufaso.net\/index.php?rest_route=\/wp\/v2\/posts\/9409\/revisions"}],"predecessor-version":[{"id":9416,"href":"https:\/\/www.latribunedufaso.net\/index.php?rest_route=\/wp\/v2\/posts\/9409\/revisions\/9416"}],"wp:featuredmedia":[{"embeddable":true,"href":"https:\/\/www.latribunedufaso.net\/index.php?rest_route=\/wp\/v2\/media\/9410"}],"wp:attachment":[{"href":"https:\/\/www.latribunedufaso.net\/index.php?rest_route=%2Fwp%2Fv2%2Fmedia&parent=9409"}],"wp:term":[{"taxonomy":"category","embeddable":true,"href":"https:\/\/www.latribunedufaso.net\/index.php?rest_route=%2Fwp%2Fv2%2Fcategories&post=9409"},{"taxonomy":"post_tag","embeddable":true,"href":"https:\/\/www.latribunedufaso.net\/index.php?rest_route=%2Fwp%2Fv2%2Ftags&post=9409"}],"curies":[{"name":"wp","href":"https:\/\/api.w.org\/{rel}","templated":true}]}}