{"id":9402,"date":"2023-09-26T16:08:44","date_gmt":"2023-09-26T16:08:44","guid":{"rendered":"https:\/\/www.latribunedufaso.net\/?p=9402"},"modified":"2023-09-26T16:08:44","modified_gmt":"2023-09-26T16:08:44","slug":"exploitation-des-mineraux-du-developpement-les-acteurs-reflechissent-sur-les-potentialites-et-les-problematiques-de-developpement-du-secteur","status":"publish","type":"post","link":"https:\/\/www.latribunedufaso.net\/?p=9402","title":{"rendered":"Exploitation des min\u00e9raux du d\u00e9veloppement : Les acteurs r\u00e9fl\u00e9chissent sur les potentialit\u00e9s et les probl\u00e9matiques de d\u00e9veloppement du secteur"},"content":{"rendered":"<p><strong><span style=\"font-size: 1.0625rem;\">En pr\u00e9lude \u00e0 la 5e \u00e9dition de la Semaine des activit\u00e9s mini\u00e8res de l\u2019Afrique de l\u2019Ouest (SAMAO), le minist\u00e8re de l\u2019Energie, des Mines et des Carri\u00e8res, en partenariat avec le PNUD organise un atelier de formation et de partage d\u2019exp\u00e9riences sur le potentiel et les probl\u00e9matiques de d\u00e9veloppement du secteur des min\u00e9raux du d\u00e9veloppement. Il se tient du 26 au 27 septembre 2023 \u00e0 Ouagadougou.<\/span><\/strong><!--more--><\/p>\n<p><span style=\"font-size: 1.0625rem;\">Cet atelier vise \u00e0 faciliter le partage de connaissances entre les pays b\u00e9n\u00e9ficiaires du Programme ACP-UE en faveur des min\u00e9raux du d\u00e9veloppement en vue de renforcer la coop\u00e9ration Sud-Sud. Il s\u2019agit notamment du Burkina Faso, du Congo, de la Tanzanie, du Cameroun et de la Mauritanie.<\/span><\/p>\n<p>Le Burkina Faso dispose d\u2019un potentiel important et diversifi\u00e9 en min\u00e9raux du d\u00e9veloppement (substances de carri\u00e8res). Cependant, leur exploitation est essentiellement artisanale et les appuis en mati\u00e8re de promotion sont insuffisants. La pr\u00e9sente rencontre se veut donc un cadre d\u2019\u00e9changes entre acteurs afin de d\u00e9velopper le secteur.<\/p>\n<p><a href=\"https:\/\/www.latribunedufaso.net\/wp-content\/uploads\/2023\/09\/IMG_20230926_090912_428-scaled.jpg\"><img loading=\"lazy\" decoding=\"async\" class=\"size-medium wp-image-9403 alignleft\" src=\"https:\/\/www.latribunedufaso.net\/wp-content\/uploads\/2023\/09\/IMG_20230926_090912_428-300x225.jpg\" alt=\"\" width=\"300\" height=\"225\" srcset=\"https:\/\/www.latribunedufaso.net\/wp-content\/uploads\/2023\/09\/IMG_20230926_090912_428-300x225.jpg 300w, https:\/\/www.latribunedufaso.net\/wp-content\/uploads\/2023\/09\/IMG_20230926_090912_428-1024x768.jpg 1024w, https:\/\/www.latribunedufaso.net\/wp-content\/uploads\/2023\/09\/IMG_20230926_090912_428-768x576.jpg 768w, https:\/\/www.latribunedufaso.net\/wp-content\/uploads\/2023\/09\/IMG_20230926_090912_428-1536x1152.jpg 1536w, https:\/\/www.latribunedufaso.net\/wp-content\/uploads\/2023\/09\/IMG_20230926_090912_428-2048x1536.jpg 2048w\" sizes=\"auto, (max-width: 300px) 100vw, 300px\" \/><\/a>Selon le repr\u00e9sentant r\u00e9sident au Burkina du Programme des Nations unies pour le d\u00e9veloppement (PNUD), Alfredo Teixeira, les min\u00e9raux du d\u00e9veloppement comprennent un groupe diversifi\u00e9 de min\u00e9raux qui sont extraits, trait\u00e9s, transform\u00e9s et utilis\u00e9s principalement au niveau national dans des secteurs tels que la construction, la fabrication, les infrastructures et l\u2019agriculture. Pour lui, le d\u00e9veloppement de ce secteur contribuera \u00ab \u00e0 n\u2019en point douter \u00bb \u00e0 l\u2019\u00e9closion et \u00e0 la r\u00e9silience des \u00e9conomies locales \u00e0 travers les opportunit\u00e9s de cr\u00e9ation de richesses, d\u2019emplois d\u00e9cents et de diversification des moyens de subsistance.<\/p>\n<p>De fa\u00e7on sp\u00e9cifique, pendant ces 48 heures de travaux, cet atelier r\u00e9unira une trentaine de participants issus de divers groupes d\u2019Exploitation mini\u00e8re artisanale \u00e0 petite \u00e9chelle (EMAPE) dont les entrepreneurs, les architectes, les miniers artisanaux ainsi que les r\u00e9gulateurs et les \u00e9coles de formation. La rencontre se tient sous la pr\u00e9sidence du ministre de l\u2019Energie, des Mines et des Carri\u00e8res, Simon-Pierre Boussim.\u00a0<\/p>\n<p><a href=\"https:\/\/www.latribunedufaso.net\/wp-content\/uploads\/2023\/09\/IMG_20230926_095300_194-scaled.jpg\"><img loading=\"lazy\" decoding=\"async\" class=\"size-medium wp-image-9404 alignleft\" src=\"https:\/\/www.latribunedufaso.net\/wp-content\/uploads\/2023\/09\/IMG_20230926_095300_194-300x225.jpg\" alt=\"\" width=\"300\" height=\"225\" srcset=\"https:\/\/www.latribunedufaso.net\/wp-content\/uploads\/2023\/09\/IMG_20230926_095300_194-300x225.jpg 300w, https:\/\/www.latribunedufaso.net\/wp-content\/uploads\/2023\/09\/IMG_20230926_095300_194-1024x768.jpg 1024w, https:\/\/www.latribunedufaso.net\/wp-content\/uploads\/2023\/09\/IMG_20230926_095300_194-768x576.jpg 768w, https:\/\/www.latribunedufaso.net\/wp-content\/uploads\/2023\/09\/IMG_20230926_095300_194-1536x1152.jpg 1536w, https:\/\/www.latribunedufaso.net\/wp-content\/uploads\/2023\/09\/IMG_20230926_095300_194-2048x1536.jpg 2048w\" sizes=\"auto, (max-width: 300px) 100vw, 300px\" \/><\/a>Selon lui, ces participants seront amen\u00e9s notamment \u00e0 discuter sur les d\u00e9fis et opportunit\u00e9s de la formalisation et de l\u2019organisation du secteur, \u00e0 \u00e9changer sur les bonnes pratiques en mati\u00e8re d\u2019environnement dans le domaine des min\u00e9raux du d\u00e9veloppement et \u00e0 proposer des dispositions \u00e0 prendre pour la mise en \u0153uvre des solutions propos\u00e9es.<\/p>\n<p><a href=\"https:\/\/www.latribunedufaso.net\/wp-content\/uploads\/2023\/09\/IMG_20230926_090921_324-scaled.jpg\"><img loading=\"lazy\" decoding=\"async\" class=\"size-medium wp-image-9405 alignleft\" src=\"https:\/\/www.latribunedufaso.net\/wp-content\/uploads\/2023\/09\/IMG_20230926_090921_324-300x225.jpg\" alt=\"\" width=\"300\" height=\"225\" srcset=\"https:\/\/www.latribunedufaso.net\/wp-content\/uploads\/2023\/09\/IMG_20230926_090921_324-300x225.jpg 300w, https:\/\/www.latribunedufaso.net\/wp-content\/uploads\/2023\/09\/IMG_20230926_090921_324-1024x768.jpg 1024w, https:\/\/www.latribunedufaso.net\/wp-content\/uploads\/2023\/09\/IMG_20230926_090921_324-768x576.jpg 768w, https:\/\/www.latribunedufaso.net\/wp-content\/uploads\/2023\/09\/IMG_20230926_090921_324-1536x1152.jpg 1536w, https:\/\/www.latribunedufaso.net\/wp-content\/uploads\/2023\/09\/IMG_20230926_090921_324-2048x1536.jpg 2048w\" sizes=\"auto, (max-width: 300px) 100vw, 300px\" \/><\/a>Pour le repr\u00e9sentant de l\u2019ambassadeur de l\u2019Union Europ\u00e9enne (UE) au Burkina Faso, Marc Duponcel, l\u2019organisation europ\u00e9enne est engag\u00e9e \u00e0 accompagner ce programme qui vise \u00e0 soutenir le d\u00e9veloppement des industries de carri\u00e8res au Burkina Faso \u00e0 travers la formalisation du secteur, la r\u00e9solution des conflits entre les diff\u00e9rents acteurs et l\u2019utilisation des substances de carri\u00e8res de fa\u00e7on durable.\u00a0<\/p>\n<p>En rappel, le Programme ACP-UE en faveur des min\u00e9raux du d\u00e9veloppement est un programme de renforcement des capacit\u00e9s qui vise \u00e0 am\u00e9liorer le profil et la gestion ces substances d\u2019exploitation. Elle est une initiative de l\u2019Organisation des \u00c9tats d\u2019Afrique, des Cara\u00efbes et du Pacifique (OACP), financ\u00e9e par l\u2019UE et le PNUD qui en est aussi le maitre d\u2019\u0153uvre. La phase I du programme a \u00e9t\u00e9 mise en \u0153uvre entre 2015-2019. S\u2019inspirant de la premi\u00e8re phase, la seconde phase a cours de novembre 2019 \u00e0 novembre 2023 et couvre 10 pays cibles dont le Burkina Faso.<\/p>\n<p><a href=\"https:\/\/www.latribunedufaso.net\/wp-content\/uploads\/2023\/09\/IMG_20230926_090945_523-scaled.jpg\"><img loading=\"lazy\" decoding=\"async\" class=\"size-medium wp-image-9406 alignleft\" src=\"https:\/\/www.latribunedufaso.net\/wp-content\/uploads\/2023\/09\/IMG_20230926_090945_523-300x225.jpg\" alt=\"\" width=\"300\" height=\"225\" srcset=\"https:\/\/www.latribunedufaso.net\/wp-content\/uploads\/2023\/09\/IMG_20230926_090945_523-300x225.jpg 300w, https:\/\/www.latribunedufaso.net\/wp-content\/uploads\/2023\/09\/IMG_20230926_090945_523-1024x768.jpg 1024w, https:\/\/www.latribunedufaso.net\/wp-content\/uploads\/2023\/09\/IMG_20230926_090945_523-768x576.jpg 768w, https:\/\/www.latribunedufaso.net\/wp-content\/uploads\/2023\/09\/IMG_20230926_090945_523-1536x1152.jpg 1536w, https:\/\/www.latribunedufaso.net\/wp-content\/uploads\/2023\/09\/IMG_20230926_090945_523-2048x1536.jpg 2048w\" sizes=\"auto, (max-width: 300px) 100vw, 300px\" \/><\/a><\/p>\n<p><strong>Issouf Tapsoba\u00a0<\/strong><\/p>\n<p><strong>Latrib<span style=\"font-size: 1.0625rem;\">unedufaso.net<\/span><\/strong><\/p>\n","protected":false},"excerpt":{"rendered":"<p>En pr\u00e9lude \u00e0 la 5e \u00e9dition de la Semaine des activit\u00e9s mini\u00e8res de l\u2019Afrique de l\u2019Ouest (SAMAO), le minist\u00e8re de l\u2019Energie, des Mines et des Carri\u00e8res, en partenariat avec le PNUD organise un atelier de formation et de partage d\u2019exp\u00e9riences sur le potentiel et les probl\u00e9matiques de d\u00e9veloppement du secteur des min\u00e9raux du d\u00e9veloppement. Il se tient du 26 au 27 septembre 2023 \u00e0 Ouagadougou.<\/p>\n","protected":false},"author":5,"featured_media":9407,"comment_status":"open","ping_status":"open","sticky":false,"template":"","format":"standard","meta":{"footnotes":""},"categories":[13,1,19],"tags":[],"class_list":["post-9402","post","type-post","status-publish","format-standard","has-post-thumbnail","hentry","category-une","category-actu","category-mines-et-carrieres"],"yoast_head":"<!-- This site is optimized with the Yoast SEO plugin v27.5 - https:\/\/yoast.com\/product\/yoast-seo-wordpress\/ -->\n<title>Exploitation des min\u00e9raux du d\u00e9veloppement : Les acteurs r\u00e9fl\u00e9chissent sur les potentialit\u00e9s et les probl\u00e9matiques de d\u00e9veloppement du secteur - La Tribune du Faso<\/title>\n<meta name=\"robots\" content=\"index, follow, max-snippet:-1, max-image-preview:large, max-video-preview:-1\" \/>\n<link rel=\"canonical\" href=\"https:\/\/www.latribunedufaso.net\/?p=9402\" \/>\n<meta property=\"og:locale\" content=\"fr_FR\" \/>\n<meta property=\"og:type\" content=\"article\" \/>\n<meta property=\"og:title\" content=\"Exploitation des min\u00e9raux du d\u00e9veloppement : Les acteurs r\u00e9fl\u00e9chissent sur les potentialit\u00e9s et les probl\u00e9matiques de d\u00e9veloppement du secteur - La Tribune du Faso\" \/>\n<meta property=\"og:description\" content=\"En pr\u00e9lude \u00e0 la 5e \u00e9dition de la Semaine des activit\u00e9s mini\u00e8res de l\u2019Afrique de l\u2019Ouest (SAMAO), le minist\u00e8re de l\u2019Energie, des Mines et des Carri\u00e8res, en partenariat avec le PNUD organise un atelier de formation et de partage d\u2019exp\u00e9riences sur le potentiel et les probl\u00e9matiques de d\u00e9veloppement du secteur des min\u00e9raux du d\u00e9veloppement. Il se tient du 26 au 27 septembre 2023 \u00e0 Ouagadougou.\" \/>\n<meta property=\"og:url\" content=\"https:\/\/www.latribunedufaso.net\/?p=9402\" \/>\n<meta property=\"og:site_name\" content=\"La Tribune du Faso\" \/>\n<meta property=\"article:publisher\" content=\"https:\/\/www.facebook.com\/LatribuneduFaso\/\" \/>\n<meta property=\"article:published_time\" content=\"2023-09-26T16:08:44+00:00\" \/>\n<meta property=\"og:image\" content=\"https:\/\/www.latribunedufaso.net\/wp-content\/uploads\/2023\/09\/IMG_20230926_090751_132-scaled.jpg\" \/>\n\t<meta property=\"og:image:width\" content=\"2560\" \/>\n\t<meta property=\"og:image:height\" content=\"1920\" \/>\n\t<meta property=\"og:image:type\" content=\"image\/jpeg\" \/>\n<meta name=\"author\" content=\"Issouf Tapsoba\" \/>\n<meta name=\"twitter:label1\" content=\"\u00c9crit par\" \/>\n\t<meta name=\"twitter:data1\" content=\"Issouf Tapsoba\" \/>\n\t<meta name=\"twitter:label2\" content=\"Dur\u00e9e de lecture estim\u00e9e\" \/>\n\t<meta name=\"twitter:data2\" content=\"3 minutes\" \/>\n<script type=\"application\/ld+json\" class=\"yoast-schema-graph\">{\"@context\":\"https:\\\/\\\/schema.org\",\"@graph\":[{\"@type\":\"Article\",\"@id\":\"https:\\\/\\\/www.latribunedufaso.net\\\/?p=9402#article\",\"isPartOf\":{\"@id\":\"https:\\\/\\\/www.latribunedufaso.net\\\/?p=9402\"},\"author\":{\"name\":\"Issouf Tapsoba\",\"@id\":\"https:\\\/\\\/www.latribunedufaso.net\\\/#\\\/schema\\\/person\\\/e54e64c5778a7e72cf80a318b7a622b0\"},\"headline\":\"Exploitation des min\u00e9raux du d\u00e9veloppement : Les acteurs r\u00e9fl\u00e9chissent sur les potentialit\u00e9s et les probl\u00e9matiques de d\u00e9veloppement du secteur\",\"datePublished\":\"2023-09-26T16:08:44+00:00\",\"mainEntityOfPage\":{\"@id\":\"https:\\\/\\\/www.latribunedufaso.net\\\/?p=9402\"},\"wordCount\":611,\"commentCount\":0,\"publisher\":{\"@id\":\"https:\\\/\\\/www.latribunedufaso.net\\\/#organization\"},\"image\":{\"@id\":\"https:\\\/\\\/www.latribunedufaso.net\\\/?p=9402#primaryimage\"},\"thumbnailUrl\":\"https:\\\/\\\/www.latribunedufaso.net\\\/wp-content\\\/uploads\\\/2023\\\/09\\\/IMG_20230926_090751_132-scaled.jpg\",\"articleSection\":[\"A la une\",\"Actualit\u00e9\",\"Mines et Carri\u00e8res\"],\"inLanguage\":\"fr-FR\",\"potentialAction\":[{\"@type\":\"CommentAction\",\"name\":\"Comment\",\"target\":[\"https:\\\/\\\/www.latribunedufaso.net\\\/?p=9402#respond\"]}]},{\"@type\":\"WebPage\",\"@id\":\"https:\\\/\\\/www.latribunedufaso.net\\\/?p=9402\",\"url\":\"https:\\\/\\\/www.latribunedufaso.net\\\/?p=9402\",\"name\":\"Exploitation des min\u00e9raux du d\u00e9veloppement : Les acteurs r\u00e9fl\u00e9chissent sur les potentialit\u00e9s et les probl\u00e9matiques de d\u00e9veloppement du secteur - La Tribune du Faso\",\"isPartOf\":{\"@id\":\"https:\\\/\\\/www.latribunedufaso.net\\\/#website\"},\"primaryImageOfPage\":{\"@id\":\"https:\\\/\\\/www.latribunedufaso.net\\\/?p=9402#primaryimage\"},\"image\":{\"@id\":\"https:\\\/\\\/www.latribunedufaso.net\\\/?p=9402#primaryimage\"},\"thumbnailUrl\":\"https:\\\/\\\/www.latribunedufaso.net\\\/wp-content\\\/uploads\\\/2023\\\/09\\\/IMG_20230926_090751_132-scaled.jpg\",\"datePublished\":\"2023-09-26T16:08:44+00:00\",\"breadcrumb\":{\"@id\":\"https:\\\/\\\/www.latribunedufaso.net\\\/?p=9402#breadcrumb\"},\"inLanguage\":\"fr-FR\",\"potentialAction\":[{\"@type\":\"ReadAction\",\"target\":[\"https:\\\/\\\/www.latribunedufaso.net\\\/?p=9402\"]}]},{\"@type\":\"ImageObject\",\"inLanguage\":\"fr-FR\",\"@id\":\"https:\\\/\\\/www.latribunedufaso.net\\\/?p=9402#primaryimage\",\"url\":\"https:\\\/\\\/www.latribunedufaso.net\\\/wp-content\\\/uploads\\\/2023\\\/09\\\/IMG_20230926_090751_132-scaled.jpg\",\"contentUrl\":\"https:\\\/\\\/www.latribunedufaso.net\\\/wp-content\\\/uploads\\\/2023\\\/09\\\/IMG_20230926_090751_132-scaled.jpg\",\"width\":2560,\"height\":1920},{\"@type\":\"BreadcrumbList\",\"@id\":\"https:\\\/\\\/www.latribunedufaso.net\\\/?p=9402#breadcrumb\",\"itemListElement\":[{\"@type\":\"ListItem\",\"position\":1,\"name\":\"Accueil\",\"item\":\"https:\\\/\\\/www.latribunedufaso.net\\\/\"},{\"@type\":\"ListItem\",\"position\":2,\"name\":\"Exploitation des min\u00e9raux du d\u00e9veloppement : Les acteurs r\u00e9fl\u00e9chissent sur les potentialit\u00e9s et les probl\u00e9matiques de d\u00e9veloppement du secteur\"}]},{\"@type\":\"WebSite\",\"@id\":\"https:\\\/\\\/www.latribunedufaso.net\\\/#website\",\"url\":\"https:\\\/\\\/www.latribunedufaso.net\\\/\",\"name\":\"La Tribune du Faso\",\"description\":\"L&#039;information du monde rural en un clic\",\"publisher\":{\"@id\":\"https:\\\/\\\/www.latribunedufaso.net\\\/#organization\"},\"potentialAction\":[{\"@type\":\"SearchAction\",\"target\":{\"@type\":\"EntryPoint\",\"urlTemplate\":\"https:\\\/\\\/www.latribunedufaso.net\\\/?s={search_term_string}\"},\"query-input\":{\"@type\":\"PropertyValueSpecification\",\"valueRequired\":true,\"valueName\":\"search_term_string\"}}],\"inLanguage\":\"fr-FR\"},{\"@type\":\"Organization\",\"@id\":\"https:\\\/\\\/www.latribunedufaso.net\\\/#organization\",\"name\":\"La Tribune du Faso\",\"url\":\"https:\\\/\\\/www.latribunedufaso.net\\\/\",\"logo\":{\"@type\":\"ImageObject\",\"inLanguage\":\"fr-FR\",\"@id\":\"https:\\\/\\\/www.latribunedufaso.net\\\/#\\\/schema\\\/logo\\\/image\\\/\",\"url\":\"https:\\\/\\\/www.latribunedufaso.net\\\/wp-content\\\/uploads\\\/2020\\\/08\\\/Logo-Tribune-du-Faso-final-scaled.jpg\",\"contentUrl\":\"https:\\\/\\\/www.latribunedufaso.net\\\/wp-content\\\/uploads\\\/2020\\\/08\\\/Logo-Tribune-du-Faso-final-scaled.jpg\",\"width\":2560,\"height\":1856,\"caption\":\"La Tribune du Faso\"},\"image\":{\"@id\":\"https:\\\/\\\/www.latribunedufaso.net\\\/#\\\/schema\\\/logo\\\/image\\\/\"},\"sameAs\":[\"https:\\\/\\\/www.facebook.com\\\/LatribuneduFaso\\\/\"]},{\"@type\":\"Person\",\"@id\":\"https:\\\/\\\/www.latribunedufaso.net\\\/#\\\/schema\\\/person\\\/e54e64c5778a7e72cf80a318b7a622b0\",\"name\":\"Issouf Tapsoba\",\"image\":{\"@type\":\"ImageObject\",\"inLanguage\":\"fr-FR\",\"@id\":\"https:\\\/\\\/secure.gravatar.com\\\/avatar\\\/5e6c05150ce3230247d167f5b94d678eb05936197436d69b7921e3a95c9107ac?s=96&d=mm&r=g\",\"url\":\"https:\\\/\\\/secure.gravatar.com\\\/avatar\\\/5e6c05150ce3230247d167f5b94d678eb05936197436d69b7921e3a95c9107ac?s=96&d=mm&r=g\",\"contentUrl\":\"https:\\\/\\\/secure.gravatar.com\\\/avatar\\\/5e6c05150ce3230247d167f5b94d678eb05936197436d69b7921e3a95c9107ac?s=96&d=mm&r=g\",\"caption\":\"Issouf Tapsoba\"},\"url\":\"https:\\\/\\\/www.latribunedufaso.net\\\/?author=5\"}]}<\/script>\n<!-- \/ Yoast SEO plugin. -->","yoast_head_json":{"title":"Exploitation des min\u00e9raux du d\u00e9veloppement : Les acteurs r\u00e9fl\u00e9chissent sur les potentialit\u00e9s et les probl\u00e9matiques de d\u00e9veloppement du secteur - La Tribune du Faso","robots":{"index":"index","follow":"follow","max-snippet":"max-snippet:-1","max-image-preview":"max-image-preview:large","max-video-preview":"max-video-preview:-1"},"canonical":"https:\/\/www.latribunedufaso.net\/?p=9402","og_locale":"fr_FR","og_type":"article","og_title":"Exploitation des min\u00e9raux du d\u00e9veloppement : Les acteurs r\u00e9fl\u00e9chissent sur les potentialit\u00e9s et les probl\u00e9matiques de d\u00e9veloppement du secteur - La Tribune du Faso","og_description":"En pr\u00e9lude \u00e0 la 5e \u00e9dition de la Semaine des activit\u00e9s mini\u00e8res de l\u2019Afrique de l\u2019Ouest (SAMAO), le minist\u00e8re de l\u2019Energie, des Mines et des Carri\u00e8res, en partenariat avec le PNUD organise un atelier de formation et de partage d\u2019exp\u00e9riences sur le potentiel et les probl\u00e9matiques de d\u00e9veloppement du secteur des min\u00e9raux du d\u00e9veloppement. Il se tient du 26 au 27 septembre 2023 \u00e0 Ouagadougou.","og_url":"https:\/\/www.latribunedufaso.net\/?p=9402","og_site_name":"La Tribune du Faso","article_publisher":"https:\/\/www.facebook.com\/LatribuneduFaso\/","article_published_time":"2023-09-26T16:08:44+00:00","og_image":[{"width":2560,"height":1920,"url":"https:\/\/www.latribunedufaso.net\/wp-content\/uploads\/2023\/09\/IMG_20230926_090751_132-scaled.jpg","type":"image\/jpeg"}],"author":"Issouf Tapsoba","twitter_misc":{"\u00c9crit par":"Issouf Tapsoba","Dur\u00e9e de lecture estim\u00e9e":"3 minutes"},"schema":{"@context":"https:\/\/schema.org","@graph":[{"@type":"Article","@id":"https:\/\/www.latribunedufaso.net\/?p=9402#article","isPartOf":{"@id":"https:\/\/www.latribunedufaso.net\/?p=9402"},"author":{"name":"Issouf Tapsoba","@id":"https:\/\/www.latribunedufaso.net\/#\/schema\/person\/e54e64c5778a7e72cf80a318b7a622b0"},"headline":"Exploitation des min\u00e9raux du d\u00e9veloppement : Les acteurs r\u00e9fl\u00e9chissent sur les potentialit\u00e9s et les probl\u00e9matiques de d\u00e9veloppement du secteur","datePublished":"2023-09-26T16:08:44+00:00","mainEntityOfPage":{"@id":"https:\/\/www.latribunedufaso.net\/?p=9402"},"wordCount":611,"commentCount":0,"publisher":{"@id":"https:\/\/www.latribunedufaso.net\/#organization"},"image":{"@id":"https:\/\/www.latribunedufaso.net\/?p=9402#primaryimage"},"thumbnailUrl":"https:\/\/www.latribunedufaso.net\/wp-content\/uploads\/2023\/09\/IMG_20230926_090751_132-scaled.jpg","articleSection":["A la une","Actualit\u00e9","Mines et Carri\u00e8res"],"inLanguage":"fr-FR","potentialAction":[{"@type":"CommentAction","name":"Comment","target":["https:\/\/www.latribunedufaso.net\/?p=9402#respond"]}]},{"@type":"WebPage","@id":"https:\/\/www.latribunedufaso.net\/?p=9402","url":"https:\/\/www.latribunedufaso.net\/?p=9402","name":"Exploitation des min\u00e9raux du d\u00e9veloppement : Les acteurs r\u00e9fl\u00e9chissent sur les potentialit\u00e9s et les probl\u00e9matiques de d\u00e9veloppement du secteur - La Tribune du Faso","isPartOf":{"@id":"https:\/\/www.latribunedufaso.net\/#website"},"primaryImageOfPage":{"@id":"https:\/\/www.latribunedufaso.net\/?p=9402#primaryimage"},"image":{"@id":"https:\/\/www.latribunedufaso.net\/?p=9402#primaryimage"},"thumbnailUrl":"https:\/\/www.latribunedufaso.net\/wp-content\/uploads\/2023\/09\/IMG_20230926_090751_132-scaled.jpg","datePublished":"2023-09-26T16:08:44+00:00","breadcrumb":{"@id":"https:\/\/www.latribunedufaso.net\/?p=9402#breadcrumb"},"inLanguage":"fr-FR","potentialAction":[{"@type":"ReadAction","target":["https:\/\/www.latribunedufaso.net\/?p=9402"]}]},{"@type":"ImageObject","inLanguage":"fr-FR","@id":"https:\/\/www.latribunedufaso.net\/?p=9402#primaryimage","url":"https:\/\/www.latribunedufaso.net\/wp-content\/uploads\/2023\/09\/IMG_20230926_090751_132-scaled.jpg","contentUrl":"https:\/\/www.latribunedufaso.net\/wp-content\/uploads\/2023\/09\/IMG_20230926_090751_132-scaled.jpg","width":2560,"height":1920},{"@type":"BreadcrumbList","@id":"https:\/\/www.latribunedufaso.net\/?p=9402#breadcrumb","itemListElement":[{"@type":"ListItem","position":1,"name":"Accueil","item":"https:\/\/www.latribunedufaso.net\/"},{"@type":"ListItem","position":2,"name":"Exploitation des min\u00e9raux du d\u00e9veloppement : Les acteurs r\u00e9fl\u00e9chissent sur les potentialit\u00e9s et les probl\u00e9matiques de d\u00e9veloppement du secteur"}]},{"@type":"WebSite","@id":"https:\/\/www.latribunedufaso.net\/#website","url":"https:\/\/www.latribunedufaso.net\/","name":"La Tribune du Faso","description":"L&#039;information du monde rural en un clic","publisher":{"@id":"https:\/\/www.latribunedufaso.net\/#organization"},"potentialAction":[{"@type":"SearchAction","target":{"@type":"EntryPoint","urlTemplate":"https:\/\/www.latribunedufaso.net\/?s={search_term_string}"},"query-input":{"@type":"PropertyValueSpecification","valueRequired":true,"valueName":"search_term_string"}}],"inLanguage":"fr-FR"},{"@type":"Organization","@id":"https:\/\/www.latribunedufaso.net\/#organization","name":"La Tribune du Faso","url":"https:\/\/www.latribunedufaso.net\/","logo":{"@type":"ImageObject","inLanguage":"fr-FR","@id":"https:\/\/www.latribunedufaso.net\/#\/schema\/logo\/image\/","url":"https:\/\/www.latribunedufaso.net\/wp-content\/uploads\/2020\/08\/Logo-Tribune-du-Faso-final-scaled.jpg","contentUrl":"https:\/\/www.latribunedufaso.net\/wp-content\/uploads\/2020\/08\/Logo-Tribune-du-Faso-final-scaled.jpg","width":2560,"height":1856,"caption":"La Tribune du Faso"},"image":{"@id":"https:\/\/www.latribunedufaso.net\/#\/schema\/logo\/image\/"},"sameAs":["https:\/\/www.facebook.com\/LatribuneduFaso\/"]},{"@type":"Person","@id":"https:\/\/www.latribunedufaso.net\/#\/schema\/person\/e54e64c5778a7e72cf80a318b7a622b0","name":"Issouf Tapsoba","image":{"@type":"ImageObject","inLanguage":"fr-FR","@id":"https:\/\/secure.gravatar.com\/avatar\/5e6c05150ce3230247d167f5b94d678eb05936197436d69b7921e3a95c9107ac?s=96&d=mm&r=g","url":"https:\/\/secure.gravatar.com\/avatar\/5e6c05150ce3230247d167f5b94d678eb05936197436d69b7921e3a95c9107ac?s=96&d=mm&r=g","contentUrl":"https:\/\/secure.gravatar.com\/avatar\/5e6c05150ce3230247d167f5b94d678eb05936197436d69b7921e3a95c9107ac?s=96&d=mm&r=g","caption":"Issouf Tapsoba"},"url":"https:\/\/www.latribunedufaso.net\/?author=5"}]}},"_links":{"self":[{"href":"https:\/\/www.latribunedufaso.net\/index.php?rest_route=\/wp\/v2\/posts\/9402","targetHints":{"allow":["GET"]}}],"collection":[{"href":"https:\/\/www.latribunedufaso.net\/index.php?rest_route=\/wp\/v2\/posts"}],"about":[{"href":"https:\/\/www.latribunedufaso.net\/index.php?rest_route=\/wp\/v2\/types\/post"}],"author":[{"embeddable":true,"href":"https:\/\/www.latribunedufaso.net\/index.php?rest_route=\/wp\/v2\/users\/5"}],"replies":[{"embeddable":true,"href":"https:\/\/www.latribunedufaso.net\/index.php?rest_route=%2Fwp%2Fv2%2Fcomments&post=9402"}],"version-history":[{"count":1,"href":"https:\/\/www.latribunedufaso.net\/index.php?rest_route=\/wp\/v2\/posts\/9402\/revisions"}],"predecessor-version":[{"id":9408,"href":"https:\/\/www.latribunedufaso.net\/index.php?rest_route=\/wp\/v2\/posts\/9402\/revisions\/9408"}],"wp:featuredmedia":[{"embeddable":true,"href":"https:\/\/www.latribunedufaso.net\/index.php?rest_route=\/wp\/v2\/media\/9407"}],"wp:attachment":[{"href":"https:\/\/www.latribunedufaso.net\/index.php?rest_route=%2Fwp%2Fv2%2Fmedia&parent=9402"}],"wp:term":[{"taxonomy":"category","embeddable":true,"href":"https:\/\/www.latribunedufaso.net\/index.php?rest_route=%2Fwp%2Fv2%2Fcategories&post=9402"},{"taxonomy":"post_tag","embeddable":true,"href":"https:\/\/www.latribunedufaso.net\/index.php?rest_route=%2Fwp%2Fv2%2Ftags&post=9402"}],"curies":[{"name":"wp","href":"https:\/\/api.w.org\/{rel}","templated":true}]}}