{"id":9396,"date":"2023-09-25T20:58:30","date_gmt":"2023-09-25T20:58:30","guid":{"rendered":"https:\/\/www.latribunedufaso.net\/?p=9396"},"modified":"2023-09-25T20:58:30","modified_gmt":"2023-09-25T20:58:30","slug":"2e-edition-du-forum-inclusif-sur-le-commerce-electronique-ficel-les-acteurs-reflechissent-sur-les-opportunites-demplois-des-jeunes-dans-le-domaine","status":"publish","type":"post","link":"https:\/\/www.latribunedufaso.net\/?p=9396","title":{"rendered":"2e \u00e9dition du Forum inclusif sur le commerce \u00e9lectronique (FICEL) : Les acteurs r\u00e9fl\u00e9chissent sur les opportunit\u00e9s d&#8217;emplois des jeunes dans le domaine"},"content":{"rendered":"<p><strong><span style=\"font-size: 1.0625rem;\">Ce lundi 25 septembre 2023, le ministre du commerce, Serge Poda, repr\u00e9sentant du Premier ministre, Apollinaire Joachimson Ky\u00e9lem de Tamb\u00e8la, \u00e0 pr\u00e9side la c\u00e9r\u00e9monie d\u2019ouverture de la 2\u00e8me \u00e9dition du Forum inclusif sur le commerce \u00e9lectronique au Burkina Faso ( FICEL).<\/span><\/strong><br \/><!--more--><\/p>\n<p><span style=\"font-size: 1.0625rem;\">Ledit forum a lieu du 25 au 26 septembre et se tient sous le th\u00e8me \u00ab R\u00e9ponses aux d\u00e9fis de l&#8217;emploi et de l&rsquo;entrepreneuriat des jeunes et des femmes : opportunit\u00e9s du commerce \u00e9lectronique au Burkina Faso \u00bb.<\/span><\/p>\n<p>Cette 2\u00e8me \u00e9dition est le lieu pour les acteurs d\u2019\u00e9changer sur les enjeux, les opportunit\u00e9s et les d\u00e9fis qui d\u00e9coule de l\u2019\u00e9volution du commerce \u00e9lectronique.\u00a0<\/p>\n<p><a href=\"https:\/\/www.latribunedufaso.net\/wp-content\/uploads\/2023\/09\/FB_IMG_1695675323582.jpg\"><img loading=\"lazy\" decoding=\"async\" class=\"size-medium wp-image-9397 alignleft\" src=\"https:\/\/www.latribunedufaso.net\/wp-content\/uploads\/2023\/09\/FB_IMG_1695675323582-300x169.jpg\" alt=\"\" width=\"300\" height=\"169\" srcset=\"https:\/\/www.latribunedufaso.net\/wp-content\/uploads\/2023\/09\/FB_IMG_1695675323582-300x169.jpg 300w, https:\/\/www.latribunedufaso.net\/wp-content\/uploads\/2023\/09\/FB_IMG_1695675323582.jpg 720w\" sizes=\"auto, (max-width: 300px) 100vw, 300px\" \/><\/a>\u00ab Je ne doute point que les activit\u00e9s qui seront men\u00e9es contribueront de mani\u00e8re singuli\u00e8re \u00e0 lever les goulots d\u2019\u00e9tranglement qui minent le secteur du commerce \u00e9lectronique \u00bb, a indiqu\u00e9 le ministre du Commerce, Serge Poda, repr\u00e9sentant le Premier ministre, Appolinaire Joachimson Ky\u00e9lem de Tamb\u00e8la.<\/p>\n<p>A le croire, selon un rapport de la Conf\u00e9rence des Nations Unies sur le commerce et le d\u00e9veloppement (CNUCED), le commerce \u00e9lectronique mondial a atteint 26.700 milliards de dollars en 2020. Toujours selon le m\u00eame rapport, la part des ventes au d\u00e9tail en ligne est pass\u00e9e de 16% en 2019 \u00e0 19% du total des ventes au d\u00e9tail en 2020, soit une augmentation de 3 points de pourcentage. C\u2019est dire donc que le e-commerce est au centre d\u2019une transformation \u00e9conomique et sociale irr\u00e9versible et sans pr\u00e9c\u00e9dent.<\/p>\n<p><a href=\"https:\/\/www.latribunedufaso.net\/wp-content\/uploads\/2023\/09\/FB_IMG_1695675425432.jpg\"><img loading=\"lazy\" decoding=\"async\" class=\"size-medium wp-image-9399 alignleft\" src=\"https:\/\/www.latribunedufaso.net\/wp-content\/uploads\/2023\/09\/FB_IMG_1695675425432-300x241.jpg\" alt=\"\" width=\"300\" height=\"241\" srcset=\"https:\/\/www.latribunedufaso.net\/wp-content\/uploads\/2023\/09\/FB_IMG_1695675425432-300x241.jpg 300w, https:\/\/www.latribunedufaso.net\/wp-content\/uploads\/2023\/09\/FB_IMG_1695675425432.jpg 720w\" sizes=\"auto, (max-width: 300px) 100vw, 300px\" \/><\/a>Pour ne pas rester en marge de ce ph\u00e9nom\u00e8ne, le Burkina a mis en place de nombreuses initiatives en vue de tirer pleinement profit du e-commerce. On peut citer entre autres, la cr\u00e9ation du comit\u00e9 de d\u00e9veloppement du commerce \u00e9lectronique en 2020, l\u2019adh\u00e9sion en 2020 \u00e0 l\u2019initiative conjointe sur le commerce \u00e9lectronique \u00e0 l\u2019Organisation mondiale du commerce (OMC), le processus de certification des entreprises du e-commerce (en cours) et l\u2019\u00e9laboration d\u2019une strat\u00e9gie nationale de d\u00e9veloppement du e-commerce (en cours).<\/p>\n<p>Notons que, l&rsquo;innovation majeure de cette ann\u00e9e est la mise en place d&rsquo;une initiative d\u00e9nomm\u00e9e FICEL ACADEMIE dont le but est de d\u00e9celer des solutions du commerce \u00e9lectronique, port\u00e9es par des jeunes. Ainsi, sur les 67 projets pr\u00e9sent\u00e9s au d\u00e9part, 6 ont \u00e9t\u00e9 retenus pour la phase finale qui consistera en la pr\u00e9sentation d&rsquo;un projet devant un jury. Au final, ce sont les 3 meilleurs projets qui seront prim\u00e9s.<\/p>\n<p><a href=\"https:\/\/www.latribunedufaso.net\/wp-content\/uploads\/2023\/09\/FB_IMG_1695675341614.jpg\"><img loading=\"lazy\" decoding=\"async\" class=\"size-medium wp-image-9398 alignleft\" src=\"https:\/\/www.latribunedufaso.net\/wp-content\/uploads\/2023\/09\/FB_IMG_1695675341614-300x225.jpg\" alt=\"\" width=\"300\" height=\"225\" srcset=\"https:\/\/www.latribunedufaso.net\/wp-content\/uploads\/2023\/09\/FB_IMG_1695675341614-300x225.jpg 300w, https:\/\/www.latribunedufaso.net\/wp-content\/uploads\/2023\/09\/FB_IMG_1695675341614.jpg 720w\" sizes=\"auto, (max-width: 300px) 100vw, 300px\" \/><\/a><\/p>\n<p><strong>In\u00e8s Tougma (stagiaire)<\/strong><\/p>\n<p><strong>Latribu<span style=\"font-size: 1.0625rem;\">nedufaso.net<\/span><\/strong><\/p>\n","protected":false},"excerpt":{"rendered":"<p>Ce lundi 25 septembre 2023, le ministre du commerce, Serge Poda, repr\u00e9sentant du Premier ministre, Apollinaire Joachimson Ky\u00e9lem de Tamb\u00e8la, \u00e0 pr\u00e9side la c\u00e9r\u00e9monie d\u2019ouverture de la 2\u00e8me \u00e9dition du Forum inclusif sur le commerce \u00e9lectronique au Burkina Faso ( FICEL).<\/p>\n","protected":false},"author":5,"featured_media":9400,"comment_status":"open","ping_status":"open","sticky":false,"template":"","format":"standard","meta":{"footnotes":""},"categories":[13,1,8],"tags":[],"class_list":["post-9396","post","type-post","status-publish","format-standard","has-post-thumbnail","hentry","category-une","category-actu","category-societe"],"yoast_head":"<!-- This site is optimized with the Yoast SEO plugin v27.4 - https:\/\/yoast.com\/product\/yoast-seo-wordpress\/ -->\n<title>2e \u00e9dition du Forum inclusif sur le commerce \u00e9lectronique (FICEL) : Les acteurs r\u00e9fl\u00e9chissent sur les opportunit\u00e9s d&#039;emplois des jeunes dans le domaine - La Tribune du Faso<\/title>\n<meta name=\"robots\" content=\"index, follow, max-snippet:-1, max-image-preview:large, max-video-preview:-1\" \/>\n<link rel=\"canonical\" href=\"https:\/\/www.latribunedufaso.net\/?p=9396\" \/>\n<meta property=\"og:locale\" content=\"fr_FR\" \/>\n<meta property=\"og:type\" content=\"article\" \/>\n<meta property=\"og:title\" content=\"2e \u00e9dition du Forum inclusif sur le commerce \u00e9lectronique (FICEL) : Les acteurs r\u00e9fl\u00e9chissent sur les opportunit\u00e9s d&#039;emplois des jeunes dans le domaine - La Tribune du Faso\" \/>\n<meta property=\"og:description\" content=\"Ce lundi 25 septembre 2023, le ministre du commerce, Serge Poda, repr\u00e9sentant du Premier ministre, Apollinaire Joachimson Ky\u00e9lem de Tamb\u00e8la, \u00e0 pr\u00e9side la c\u00e9r\u00e9monie d\u2019ouverture de la 2\u00e8me \u00e9dition du Forum inclusif sur le commerce \u00e9lectronique au Burkina Faso ( FICEL).\" \/>\n<meta property=\"og:url\" content=\"https:\/\/www.latribunedufaso.net\/?p=9396\" \/>\n<meta property=\"og:site_name\" content=\"La Tribune du Faso\" \/>\n<meta property=\"article:publisher\" content=\"https:\/\/www.facebook.com\/LatribuneduFaso\/\" \/>\n<meta property=\"article:published_time\" content=\"2023-09-25T20:58:30+00:00\" \/>\n<meta property=\"og:image\" content=\"https:\/\/www.latribunedufaso.net\/wp-content\/uploads\/2023\/09\/FB_IMG_1695675320344.jpg\" \/>\n\t<meta property=\"og:image:width\" content=\"720\" \/>\n\t<meta property=\"og:image:height\" content=\"405\" \/>\n\t<meta property=\"og:image:type\" content=\"image\/jpeg\" \/>\n<meta name=\"author\" content=\"Issouf Tapsoba\" \/>\n<meta name=\"twitter:label1\" content=\"\u00c9crit par\" \/>\n\t<meta name=\"twitter:data1\" content=\"Issouf Tapsoba\" \/>\n\t<meta name=\"twitter:label2\" content=\"Dur\u00e9e de lecture estim\u00e9e\" \/>\n\t<meta name=\"twitter:data2\" content=\"2 minutes\" \/>\n<script type=\"application\/ld+json\" class=\"yoast-schema-graph\">{\"@context\":\"https:\\\/\\\/schema.org\",\"@graph\":[{\"@type\":\"Article\",\"@id\":\"https:\\\/\\\/www.latribunedufaso.net\\\/?p=9396#article\",\"isPartOf\":{\"@id\":\"https:\\\/\\\/www.latribunedufaso.net\\\/?p=9396\"},\"author\":{\"name\":\"Issouf Tapsoba\",\"@id\":\"https:\\\/\\\/www.latribunedufaso.net\\\/#\\\/schema\\\/person\\\/e54e64c5778a7e72cf80a318b7a622b0\"},\"headline\":\"2e \u00e9dition du Forum inclusif sur le commerce \u00e9lectronique (FICEL) : Les acteurs r\u00e9fl\u00e9chissent sur les opportunit\u00e9s d&#8217;emplois des jeunes dans le domaine\",\"datePublished\":\"2023-09-25T20:58:30+00:00\",\"mainEntityOfPage\":{\"@id\":\"https:\\\/\\\/www.latribunedufaso.net\\\/?p=9396\"},\"wordCount\":450,\"commentCount\":0,\"publisher\":{\"@id\":\"https:\\\/\\\/www.latribunedufaso.net\\\/#organization\"},\"image\":{\"@id\":\"https:\\\/\\\/www.latribunedufaso.net\\\/?p=9396#primaryimage\"},\"thumbnailUrl\":\"https:\\\/\\\/www.latribunedufaso.net\\\/wp-content\\\/uploads\\\/2023\\\/09\\\/FB_IMG_1695675320344.jpg\",\"articleSection\":[\"A la une\",\"Actualit\u00e9\",\"Soci\u00e9t\u00e9\"],\"inLanguage\":\"fr-FR\",\"potentialAction\":[{\"@type\":\"CommentAction\",\"name\":\"Comment\",\"target\":[\"https:\\\/\\\/www.latribunedufaso.net\\\/?p=9396#respond\"]}]},{\"@type\":\"WebPage\",\"@id\":\"https:\\\/\\\/www.latribunedufaso.net\\\/?p=9396\",\"url\":\"https:\\\/\\\/www.latribunedufaso.net\\\/?p=9396\",\"name\":\"2e \u00e9dition du Forum inclusif sur le commerce \u00e9lectronique (FICEL) : Les acteurs r\u00e9fl\u00e9chissent sur les opportunit\u00e9s d'emplois des jeunes dans le domaine - La Tribune du Faso\",\"isPartOf\":{\"@id\":\"https:\\\/\\\/www.latribunedufaso.net\\\/#website\"},\"primaryImageOfPage\":{\"@id\":\"https:\\\/\\\/www.latribunedufaso.net\\\/?p=9396#primaryimage\"},\"image\":{\"@id\":\"https:\\\/\\\/www.latribunedufaso.net\\\/?p=9396#primaryimage\"},\"thumbnailUrl\":\"https:\\\/\\\/www.latribunedufaso.net\\\/wp-content\\\/uploads\\\/2023\\\/09\\\/FB_IMG_1695675320344.jpg\",\"datePublished\":\"2023-09-25T20:58:30+00:00\",\"breadcrumb\":{\"@id\":\"https:\\\/\\\/www.latribunedufaso.net\\\/?p=9396#breadcrumb\"},\"inLanguage\":\"fr-FR\",\"potentialAction\":[{\"@type\":\"ReadAction\",\"target\":[\"https:\\\/\\\/www.latribunedufaso.net\\\/?p=9396\"]}]},{\"@type\":\"ImageObject\",\"inLanguage\":\"fr-FR\",\"@id\":\"https:\\\/\\\/www.latribunedufaso.net\\\/?p=9396#primaryimage\",\"url\":\"https:\\\/\\\/www.latribunedufaso.net\\\/wp-content\\\/uploads\\\/2023\\\/09\\\/FB_IMG_1695675320344.jpg\",\"contentUrl\":\"https:\\\/\\\/www.latribunedufaso.net\\\/wp-content\\\/uploads\\\/2023\\\/09\\\/FB_IMG_1695675320344.jpg\",\"width\":720,\"height\":405},{\"@type\":\"BreadcrumbList\",\"@id\":\"https:\\\/\\\/www.latribunedufaso.net\\\/?p=9396#breadcrumb\",\"itemListElement\":[{\"@type\":\"ListItem\",\"position\":1,\"name\":\"Accueil\",\"item\":\"https:\\\/\\\/www.latribunedufaso.net\\\/\"},{\"@type\":\"ListItem\",\"position\":2,\"name\":\"2e \u00e9dition du Forum inclusif sur le commerce \u00e9lectronique (FICEL) : Les acteurs r\u00e9fl\u00e9chissent sur les opportunit\u00e9s d&#8217;emplois des jeunes dans le domaine\"}]},{\"@type\":\"WebSite\",\"@id\":\"https:\\\/\\\/www.latribunedufaso.net\\\/#website\",\"url\":\"https:\\\/\\\/www.latribunedufaso.net\\\/\",\"name\":\"La Tribune du Faso\",\"description\":\"L&#039;information du monde rural en un clic\",\"publisher\":{\"@id\":\"https:\\\/\\\/www.latribunedufaso.net\\\/#organization\"},\"potentialAction\":[{\"@type\":\"SearchAction\",\"target\":{\"@type\":\"EntryPoint\",\"urlTemplate\":\"https:\\\/\\\/www.latribunedufaso.net\\\/?s={search_term_string}\"},\"query-input\":{\"@type\":\"PropertyValueSpecification\",\"valueRequired\":true,\"valueName\":\"search_term_string\"}}],\"inLanguage\":\"fr-FR\"},{\"@type\":\"Organization\",\"@id\":\"https:\\\/\\\/www.latribunedufaso.net\\\/#organization\",\"name\":\"La Tribune du Faso\",\"url\":\"https:\\\/\\\/www.latribunedufaso.net\\\/\",\"logo\":{\"@type\":\"ImageObject\",\"inLanguage\":\"fr-FR\",\"@id\":\"https:\\\/\\\/www.latribunedufaso.net\\\/#\\\/schema\\\/logo\\\/image\\\/\",\"url\":\"https:\\\/\\\/www.latribunedufaso.net\\\/wp-content\\\/uploads\\\/2020\\\/08\\\/Logo-Tribune-du-Faso-final-scaled.jpg\",\"contentUrl\":\"https:\\\/\\\/www.latribunedufaso.net\\\/wp-content\\\/uploads\\\/2020\\\/08\\\/Logo-Tribune-du-Faso-final-scaled.jpg\",\"width\":2560,\"height\":1856,\"caption\":\"La Tribune du Faso\"},\"image\":{\"@id\":\"https:\\\/\\\/www.latribunedufaso.net\\\/#\\\/schema\\\/logo\\\/image\\\/\"},\"sameAs\":[\"https:\\\/\\\/www.facebook.com\\\/LatribuneduFaso\\\/\"]},{\"@type\":\"Person\",\"@id\":\"https:\\\/\\\/www.latribunedufaso.net\\\/#\\\/schema\\\/person\\\/e54e64c5778a7e72cf80a318b7a622b0\",\"name\":\"Issouf Tapsoba\",\"image\":{\"@type\":\"ImageObject\",\"inLanguage\":\"fr-FR\",\"@id\":\"https:\\\/\\\/secure.gravatar.com\\\/avatar\\\/5e6c05150ce3230247d167f5b94d678eb05936197436d69b7921e3a95c9107ac?s=96&d=mm&r=g\",\"url\":\"https:\\\/\\\/secure.gravatar.com\\\/avatar\\\/5e6c05150ce3230247d167f5b94d678eb05936197436d69b7921e3a95c9107ac?s=96&d=mm&r=g\",\"contentUrl\":\"https:\\\/\\\/secure.gravatar.com\\\/avatar\\\/5e6c05150ce3230247d167f5b94d678eb05936197436d69b7921e3a95c9107ac?s=96&d=mm&r=g\",\"caption\":\"Issouf Tapsoba\"},\"url\":\"https:\\\/\\\/www.latribunedufaso.net\\\/?author=5\"}]}<\/script>\n<!-- \/ Yoast SEO plugin. -->","yoast_head_json":{"title":"2e \u00e9dition du Forum inclusif sur le commerce \u00e9lectronique (FICEL) : Les acteurs r\u00e9fl\u00e9chissent sur les opportunit\u00e9s d'emplois des jeunes dans le domaine - La Tribune du Faso","robots":{"index":"index","follow":"follow","max-snippet":"max-snippet:-1","max-image-preview":"max-image-preview:large","max-video-preview":"max-video-preview:-1"},"canonical":"https:\/\/www.latribunedufaso.net\/?p=9396","og_locale":"fr_FR","og_type":"article","og_title":"2e \u00e9dition du Forum inclusif sur le commerce \u00e9lectronique (FICEL) : Les acteurs r\u00e9fl\u00e9chissent sur les opportunit\u00e9s d'emplois des jeunes dans le domaine - La Tribune du Faso","og_description":"Ce lundi 25 septembre 2023, le ministre du commerce, Serge Poda, repr\u00e9sentant du Premier ministre, Apollinaire Joachimson Ky\u00e9lem de Tamb\u00e8la, \u00e0 pr\u00e9side la c\u00e9r\u00e9monie d\u2019ouverture de la 2\u00e8me \u00e9dition du Forum inclusif sur le commerce \u00e9lectronique au Burkina Faso ( FICEL).","og_url":"https:\/\/www.latribunedufaso.net\/?p=9396","og_site_name":"La Tribune du Faso","article_publisher":"https:\/\/www.facebook.com\/LatribuneduFaso\/","article_published_time":"2023-09-25T20:58:30+00:00","og_image":[{"width":720,"height":405,"url":"https:\/\/www.latribunedufaso.net\/wp-content\/uploads\/2023\/09\/FB_IMG_1695675320344.jpg","type":"image\/jpeg"}],"author":"Issouf Tapsoba","twitter_misc":{"\u00c9crit par":"Issouf Tapsoba","Dur\u00e9e de lecture estim\u00e9e":"2 minutes"},"schema":{"@context":"https:\/\/schema.org","@graph":[{"@type":"Article","@id":"https:\/\/www.latribunedufaso.net\/?p=9396#article","isPartOf":{"@id":"https:\/\/www.latribunedufaso.net\/?p=9396"},"author":{"name":"Issouf Tapsoba","@id":"https:\/\/www.latribunedufaso.net\/#\/schema\/person\/e54e64c5778a7e72cf80a318b7a622b0"},"headline":"2e \u00e9dition du Forum inclusif sur le commerce \u00e9lectronique (FICEL) : Les acteurs r\u00e9fl\u00e9chissent sur les opportunit\u00e9s d&#8217;emplois des jeunes dans le domaine","datePublished":"2023-09-25T20:58:30+00:00","mainEntityOfPage":{"@id":"https:\/\/www.latribunedufaso.net\/?p=9396"},"wordCount":450,"commentCount":0,"publisher":{"@id":"https:\/\/www.latribunedufaso.net\/#organization"},"image":{"@id":"https:\/\/www.latribunedufaso.net\/?p=9396#primaryimage"},"thumbnailUrl":"https:\/\/www.latribunedufaso.net\/wp-content\/uploads\/2023\/09\/FB_IMG_1695675320344.jpg","articleSection":["A la une","Actualit\u00e9","Soci\u00e9t\u00e9"],"inLanguage":"fr-FR","potentialAction":[{"@type":"CommentAction","name":"Comment","target":["https:\/\/www.latribunedufaso.net\/?p=9396#respond"]}]},{"@type":"WebPage","@id":"https:\/\/www.latribunedufaso.net\/?p=9396","url":"https:\/\/www.latribunedufaso.net\/?p=9396","name":"2e \u00e9dition du Forum inclusif sur le commerce \u00e9lectronique (FICEL) : Les acteurs r\u00e9fl\u00e9chissent sur les opportunit\u00e9s d'emplois des jeunes dans le domaine - La Tribune du Faso","isPartOf":{"@id":"https:\/\/www.latribunedufaso.net\/#website"},"primaryImageOfPage":{"@id":"https:\/\/www.latribunedufaso.net\/?p=9396#primaryimage"},"image":{"@id":"https:\/\/www.latribunedufaso.net\/?p=9396#primaryimage"},"thumbnailUrl":"https:\/\/www.latribunedufaso.net\/wp-content\/uploads\/2023\/09\/FB_IMG_1695675320344.jpg","datePublished":"2023-09-25T20:58:30+00:00","breadcrumb":{"@id":"https:\/\/www.latribunedufaso.net\/?p=9396#breadcrumb"},"inLanguage":"fr-FR","potentialAction":[{"@type":"ReadAction","target":["https:\/\/www.latribunedufaso.net\/?p=9396"]}]},{"@type":"ImageObject","inLanguage":"fr-FR","@id":"https:\/\/www.latribunedufaso.net\/?p=9396#primaryimage","url":"https:\/\/www.latribunedufaso.net\/wp-content\/uploads\/2023\/09\/FB_IMG_1695675320344.jpg","contentUrl":"https:\/\/www.latribunedufaso.net\/wp-content\/uploads\/2023\/09\/FB_IMG_1695675320344.jpg","width":720,"height":405},{"@type":"BreadcrumbList","@id":"https:\/\/www.latribunedufaso.net\/?p=9396#breadcrumb","itemListElement":[{"@type":"ListItem","position":1,"name":"Accueil","item":"https:\/\/www.latribunedufaso.net\/"},{"@type":"ListItem","position":2,"name":"2e \u00e9dition du Forum inclusif sur le commerce \u00e9lectronique (FICEL) : Les acteurs r\u00e9fl\u00e9chissent sur les opportunit\u00e9s d&#8217;emplois des jeunes dans le domaine"}]},{"@type":"WebSite","@id":"https:\/\/www.latribunedufaso.net\/#website","url":"https:\/\/www.latribunedufaso.net\/","name":"La Tribune du Faso","description":"L&#039;information du monde rural en un clic","publisher":{"@id":"https:\/\/www.latribunedufaso.net\/#organization"},"potentialAction":[{"@type":"SearchAction","target":{"@type":"EntryPoint","urlTemplate":"https:\/\/www.latribunedufaso.net\/?s={search_term_string}"},"query-input":{"@type":"PropertyValueSpecification","valueRequired":true,"valueName":"search_term_string"}}],"inLanguage":"fr-FR"},{"@type":"Organization","@id":"https:\/\/www.latribunedufaso.net\/#organization","name":"La Tribune du Faso","url":"https:\/\/www.latribunedufaso.net\/","logo":{"@type":"ImageObject","inLanguage":"fr-FR","@id":"https:\/\/www.latribunedufaso.net\/#\/schema\/logo\/image\/","url":"https:\/\/www.latribunedufaso.net\/wp-content\/uploads\/2020\/08\/Logo-Tribune-du-Faso-final-scaled.jpg","contentUrl":"https:\/\/www.latribunedufaso.net\/wp-content\/uploads\/2020\/08\/Logo-Tribune-du-Faso-final-scaled.jpg","width":2560,"height":1856,"caption":"La Tribune du Faso"},"image":{"@id":"https:\/\/www.latribunedufaso.net\/#\/schema\/logo\/image\/"},"sameAs":["https:\/\/www.facebook.com\/LatribuneduFaso\/"]},{"@type":"Person","@id":"https:\/\/www.latribunedufaso.net\/#\/schema\/person\/e54e64c5778a7e72cf80a318b7a622b0","name":"Issouf Tapsoba","image":{"@type":"ImageObject","inLanguage":"fr-FR","@id":"https:\/\/secure.gravatar.com\/avatar\/5e6c05150ce3230247d167f5b94d678eb05936197436d69b7921e3a95c9107ac?s=96&d=mm&r=g","url":"https:\/\/secure.gravatar.com\/avatar\/5e6c05150ce3230247d167f5b94d678eb05936197436d69b7921e3a95c9107ac?s=96&d=mm&r=g","contentUrl":"https:\/\/secure.gravatar.com\/avatar\/5e6c05150ce3230247d167f5b94d678eb05936197436d69b7921e3a95c9107ac?s=96&d=mm&r=g","caption":"Issouf Tapsoba"},"url":"https:\/\/www.latribunedufaso.net\/?author=5"}]}},"_links":{"self":[{"href":"https:\/\/www.latribunedufaso.net\/index.php?rest_route=\/wp\/v2\/posts\/9396","targetHints":{"allow":["GET"]}}],"collection":[{"href":"https:\/\/www.latribunedufaso.net\/index.php?rest_route=\/wp\/v2\/posts"}],"about":[{"href":"https:\/\/www.latribunedufaso.net\/index.php?rest_route=\/wp\/v2\/types\/post"}],"author":[{"embeddable":true,"href":"https:\/\/www.latribunedufaso.net\/index.php?rest_route=\/wp\/v2\/users\/5"}],"replies":[{"embeddable":true,"href":"https:\/\/www.latribunedufaso.net\/index.php?rest_route=%2Fwp%2Fv2%2Fcomments&post=9396"}],"version-history":[{"count":1,"href":"https:\/\/www.latribunedufaso.net\/index.php?rest_route=\/wp\/v2\/posts\/9396\/revisions"}],"predecessor-version":[{"id":9401,"href":"https:\/\/www.latribunedufaso.net\/index.php?rest_route=\/wp\/v2\/posts\/9396\/revisions\/9401"}],"wp:featuredmedia":[{"embeddable":true,"href":"https:\/\/www.latribunedufaso.net\/index.php?rest_route=\/wp\/v2\/media\/9400"}],"wp:attachment":[{"href":"https:\/\/www.latribunedufaso.net\/index.php?rest_route=%2Fwp%2Fv2%2Fmedia&parent=9396"}],"wp:term":[{"taxonomy":"category","embeddable":true,"href":"https:\/\/www.latribunedufaso.net\/index.php?rest_route=%2Fwp%2Fv2%2Fcategories&post=9396"},{"taxonomy":"post_tag","embeddable":true,"href":"https:\/\/www.latribunedufaso.net\/index.php?rest_route=%2Fwp%2Fv2%2Ftags&post=9396"}],"curies":[{"name":"wp","href":"https:\/\/api.w.org\/{rel}","templated":true}]}}