{"id":9360,"date":"2023-09-23T08:00:56","date_gmt":"2023-09-23T08:00:56","guid":{"rendered":"https:\/\/www.latribunedufaso.net\/?p=9360"},"modified":"2023-09-23T00:32:13","modified_gmt":"2023-09-23T00:32:13","slug":"preparatifs-de-la-rentree-scolaire-des-parents-deleves-en-pleurs-dans-la-comoe","status":"publish","type":"post","link":"https:\/\/www.latribunedufaso.net\/?p=9360","title":{"rendered":"Pr\u00e9paratifs de la rentr\u00e9e scolaire : Des parents d\u2019\u00e9l\u00e8ves \u00ab en pleurs \u00bb dans la Como\u00e9\u00a0"},"content":{"rendered":"<p><span style=\"font-size: 1.0625rem;\"><strong>Plus que quelques semaines pour que les \u00e9l\u00e8ves reprennent le chemin de l\u2019\u00e9cole au Burkina. Du c\u00f4t\u00e9 des parents, les pr\u00e9paratifs vont bon train. Ce lundi 11 septembre 2023, notre reporter a balad\u00e9 son micro dans les rues de Banfora dans la r\u00e9gion des Cacades afin de recueillir les impressions de parents d\u2019\u00e9l\u00e8ves. Le moins que l\u2019on puisse dire, c\u2019est que les choses ne se passent pas aussi ais\u00e9ment. Lisez !<\/strong><\/span><br \/><!--more--><\/p>\n<p>&nbsp;<\/p>\n<p><a href=\"https:\/\/www.latribunedufaso.net\/wp-content\/uploads\/2023\/09\/IMG-20230923-WA0000_1.jpg\"><img loading=\"lazy\" decoding=\"async\" class=\"alignleft wp-image-9363 size-medium\" src=\"https:\/\/www.latribunedufaso.net\/wp-content\/uploads\/2023\/09\/IMG-20230923-WA0000_1-236x300.jpg\" width=\"236\" height=\"300\" srcset=\"https:\/\/www.latribunedufaso.net\/wp-content\/uploads\/2023\/09\/IMG-20230923-WA0000_1-236x300.jpg 236w, https:\/\/www.latribunedufaso.net\/wp-content\/uploads\/2023\/09\/IMG-20230923-WA0000_1.jpg 720w\" sizes=\"auto, (max-width: 236px) 100vw, 236px\" \/><\/a><\/p>\n<p><strong>Nobila Mariam Ma\u00efga\/Ou\u00e9draogo, parente d&rsquo;\u00e9l\u00e8ve<\/strong><\/p>\n<p><strong>\u00ab C&rsquo;est un moment de stress pour nous les parents \u00bb<\/strong><\/p>\n<p>Malheureusement, c&rsquo;est un moment de stress intense surtout pour les parents. Nous avons l&rsquo;habitude de faire les courses quelques jours avant la rentr\u00e9e pour les fournitures. Il y a les inscriptions et r\u00e9inscriptions qui s&rsquo;ajoutent \u00e0 cela.<\/p>\n<p>\u00c9galement, les moyens financiers font pression sur plus d&rsquo;un d&rsquo;entre nous. Cette m\u00eame pression fait que les parents font des mises en garde qui s&rsquo;apparentent \u00e0 des menaces envers leurs enfants. Je m&rsquo;explique : certains parents ont l&rsquo;habitude de menacer leurs enfants en leur disant, tu vois la souffrance que tu me causes \u00e0 cause de l&rsquo;\u00e9cole ? Si tu ne travailles pas bien \u00e0 l&rsquo;\u00e9cole, tu verras ta punition. Pourtant l&rsquo;enfant ne vous a pas demand\u00e9 \u00e0 aller \u00e0 l&rsquo;\u00e9cole, c&rsquo;est vous le parent qui voulez l&rsquo;inscrire, vous devez lui donner le plaisir d&rsquo;aller \u00e0 l&rsquo;\u00e9cole. En lui disant par exemple : tu vois mon fils\/ma fille, je fais des efforts pour que tu puisses aller \u00e0 l&rsquo;\u00e9cole. A ton tour, tu dois me rendre fier(\u00e8re) de toi en travaillant bien \u00e0 l&rsquo;\u00e9cole, en restant sage et bien conserver tes fournitures. En ce qui concerne l&rsquo;achat des fournitures, il est souhaitable que nous achetions la majorit\u00e9 des fournitures pendant les vacances. En ce moment, les prix sont abordables, pas beaucoup de clients, donc moins de stress. Faire de l&rsquo;\u00e9pargne pour la scolarit\u00e9 au lieu d&rsquo;attendre la rentr\u00e9e et vouloir payer tous les frais. Bonne ann\u00e9e scolaire \u00e0 toute la communaut\u00e9 \u00e9ducative. Nos pens\u00e9es vont \u00e0 l&rsquo;endroit des \u00e9l\u00e8ves d\u00e9plac\u00e9s internes et leurs familles. Que la paix et la s\u00e9curit\u00e9 reviennent au Faso.<\/p>\n<p>&nbsp;<\/p>\n<p><strong><a href=\"https:\/\/www.latribunedufaso.net\/wp-content\/uploads\/2023\/09\/IMG-20230923-WA0001.jpg\"><img loading=\"lazy\" decoding=\"async\" class=\"size-medium wp-image-9364 alignleft\" src=\"https:\/\/www.latribunedufaso.net\/wp-content\/uploads\/2023\/09\/IMG-20230923-WA0001-296x300.jpg\" alt=\"\" width=\"296\" height=\"300\" srcset=\"https:\/\/www.latribunedufaso.net\/wp-content\/uploads\/2023\/09\/IMG-20230923-WA0001-296x300.jpg 296w, https:\/\/www.latribunedufaso.net\/wp-content\/uploads\/2023\/09\/IMG-20230923-WA0001.jpg 603w\" sizes=\"auto, (max-width: 296px) 100vw, 296px\" \/><\/a>Abdoulaye Konat\u00e9, commer\u00e7ant<\/strong><\/p>\n<p><strong>\u00ab Actuellement mon souci c\u2019est de trouver une place pour mon enfant mais c\u2019est compliqu\u00e9 \u00bb<\/strong><\/p>\n<p><span style=\"font-size: 1.0625rem;\">Moi personnellement, depuis plusieurs jours je cours partout. Les temps sont difficiles, on n\u2019a pas les moyens aussi pour aller au priv\u00e9. Ce qui nous d\u00e9courage souvent, on fait tous ces sacrifices mais une fois l&rsquo;enfant \u00e0 l&rsquo;\u00e9cole, il ne veut pas travailler, il devient \u00ab\u00a0MC\u00a0\u00bb ou un r\u00e9calcitrant. C&rsquo;est difficile, je ne sais m\u00eame pas o\u00f9 mettre la t\u00eate. On se bat pour les enfants, mais ils ignorent cela. On veut qu&rsquo;ils soient des responsables dans le futur.<\/span><\/p>\n<p>&nbsp;<\/p>\n<p><strong><a href=\"https:\/\/www.latribunedufaso.net\/wp-content\/uploads\/2023\/09\/IMG-20230923-WA0002.jpg\"><img loading=\"lazy\" decoding=\"async\" class=\"size-medium wp-image-9365 alignleft\" src=\"https:\/\/www.latribunedufaso.net\/wp-content\/uploads\/2023\/09\/IMG-20230923-WA0002-300x257.jpg\" alt=\"\" width=\"300\" height=\"257\" srcset=\"https:\/\/www.latribunedufaso.net\/wp-content\/uploads\/2023\/09\/IMG-20230923-WA0002-300x257.jpg 300w, https:\/\/www.latribunedufaso.net\/wp-content\/uploads\/2023\/09\/IMG-20230923-WA0002.jpg 429w\" sizes=\"auto, (max-width: 300px) 100vw, 300px\" \/><\/a>Midjour\/ Soulama Catherine, parente d&rsquo;\u00e9l\u00e8ves<\/strong><\/p>\n<p><strong>\u00ab Cette ann\u00e9e tout a augment\u00e9 \u00bb<\/strong><\/p>\n<p>La qu\u00eate des places n\u2019est pas facile. Cette ann\u00e9e avec le co\u00fbt \u00e9lev\u00e9 de la vie, tout a grimp\u00e9. Nous devons faire d&rsquo;\u00e9normes sacrifices pour inscrire les enfants, payer les tenues, les uniformes. Mes conseils \u00e0 l&rsquo;endroit des \u00e9l\u00e8ves, c&rsquo;est de travailler bien afin de r\u00e9ussir en fin d&rsquo;ann\u00e9e pour la satisfaction de nous qui sommes leurs parents.<\/p>\n<p>&nbsp;<\/p>\n<p><strong><a href=\"https:\/\/www.latribunedufaso.net\/wp-content\/uploads\/2023\/09\/IMG-20230923-WA0003.jpg\"><img loading=\"lazy\" decoding=\"async\" class=\"size-medium wp-image-9366 alignleft\" src=\"https:\/\/www.latribunedufaso.net\/wp-content\/uploads\/2023\/09\/IMG-20230923-WA0003-300x266.jpg\" alt=\"\" width=\"300\" height=\"266\" srcset=\"https:\/\/www.latribunedufaso.net\/wp-content\/uploads\/2023\/09\/IMG-20230923-WA0003-300x266.jpg 300w, https:\/\/www.latribunedufaso.net\/wp-content\/uploads\/2023\/09\/IMG-20230923-WA0003.jpg 689w\" sizes=\"auto, (max-width: 300px) 100vw, 300px\" \/><\/a>Cl\u00e9ment Kabor\u00e9, parent d&rsquo;\u00e9l\u00e8ve<\/strong><\/p>\n<p><strong>\u00ab C&rsquo;est vraiment une ann\u00e9e scolaire hors pair \u00bb<\/strong><\/p>\n<p>C&rsquo;est une ann\u00e9e qui n&rsquo;est pas comme les autres, compte tenu de la crise s\u00e9curitaire. Les parents que nous sommes, travaillons d&rsquo;arrache-pied pour pouvoir inscrire nos enfants. Ce qui fait que ce n&rsquo;est pas une t\u00e2che facile pour tout le monde, surtout quand tu es seul dans ta famille \u00e0 prendre les \u00e9l\u00e8ves en charge. Quand on prend l&rsquo;\u00e9tat des d\u00e9plac\u00e9s, c&rsquo;est vrai que l&rsquo;\u00c9tat fait beaucoup d&rsquo;efforts pour les accompagner, mais ce n&rsquo;est pas facile. Les fournitures scolaires ont compl\u00e8tement doubl\u00e9. Il y a des articles qu&rsquo;on payait \u00e0 100 FCFA, maintenant c&rsquo;est devenu 150 FCFA, ce n&rsquo;est pas simple pour nous parents d&rsquo;\u00e9l\u00e8ves. J&rsquo;invite les \u00e9l\u00e8ves \u00e0 plus d&rsquo;ardeur au travail. Malgr\u00e9 les efforts des parents, certains \u00e9l\u00e8ves partent \u00e0 l&rsquo;\u00e9cole pour s&rsquo;amuser.\u00a0<\/p>\n<p>&nbsp;<\/p>\n<p><strong><a href=\"https:\/\/www.latribunedufaso.net\/wp-content\/uploads\/2023\/09\/IMG-20230923-WA0004.jpg\"><img loading=\"lazy\" decoding=\"async\" class=\"size-medium wp-image-9367 alignleft\" src=\"https:\/\/www.latribunedufaso.net\/wp-content\/uploads\/2023\/09\/IMG-20230923-WA0004-300x282.jpg\" alt=\"\" width=\"300\" height=\"282\" srcset=\"https:\/\/www.latribunedufaso.net\/wp-content\/uploads\/2023\/09\/IMG-20230923-WA0004-300x282.jpg 300w, https:\/\/www.latribunedufaso.net\/wp-content\/uploads\/2023\/09\/IMG-20230923-WA0004.jpg 650w\" sizes=\"auto, (max-width: 300px) 100vw, 300px\" \/><\/a>Fran\u00e7ois Bayala, conducteur \u00e0 Banfora<\/strong><\/p>\n<p><strong>\u00ab Nous sommes oblig\u00e9s de nous sacrifier pour les enfants \u00bb<\/strong><\/p>\n<p>Tout est cher avec l&rsquo;ins\u00e9curit\u00e9, \u00e7a devient encore des probl\u00e8mes pour nous. Je voudrais que l&rsquo;\u00c9tat essaie de voir avec les fondateurs des \u00e9tablissements priv\u00e9s pour qu&rsquo;ils puissent ramener les prix en fonction du contexte actuel, sinon ce n&rsquo;est pas facile. On se sacrifie pour les enfants, un enfant qui est conscient n&rsquo;a pas besoin qu&rsquo;on lui dise il faut bosser.<\/p>\n<p>&nbsp;<\/p>\n<p><strong>Propos recueillis par <span style=\"font-size: 1.0625rem;\">Franck Soulama<\/span><\/strong><\/p>\n<p><strong>Latribunedufaso.net<\/strong><\/p>\n","protected":false},"excerpt":{"rendered":"<p>Plus que quelques semaines pour que les \u00e9l\u00e8ves reprennent le chemin de l\u2019\u00e9cole au Burkina. Du c\u00f4t\u00e9 des parents, les pr\u00e9paratifs vont bon train. Ce lundi 11 septembre 2023, notre reporter a balad\u00e9 son micro dans les rues de Banfora dans la r\u00e9gion des Cacades afin de recueillir les impressions de parents d\u2019\u00e9l\u00e8ves. Le moins que l\u2019on puisse dire, c\u2019est que les choses ne se passent pas aussi ais\u00e9ment. Lisez !<\/p>\n","protected":false},"author":5,"featured_media":9368,"comment_status":"open","ping_status":"open","sticky":false,"template":"","format":"standard","meta":{"footnotes":""},"categories":[13,1,31],"tags":[],"class_list":["post-9360","post","type-post","status-publish","format-standard","has-post-thumbnail","hentry","category-une","category-actu","category-education"],"yoast_head":"<!-- This site is optimized with the Yoast SEO plugin v27.5 - https:\/\/yoast.com\/product\/yoast-seo-wordpress\/ -->\n<title>Pr\u00e9paratifs de la rentr\u00e9e scolaire : Des parents d\u2019\u00e9l\u00e8ves \u00ab en pleurs \u00bb dans la Como\u00e9\u00a0 - La Tribune du Faso<\/title>\n<meta name=\"robots\" content=\"index, follow, max-snippet:-1, max-image-preview:large, max-video-preview:-1\" \/>\n<link rel=\"canonical\" href=\"https:\/\/www.latribunedufaso.net\/?p=9360\" \/>\n<meta property=\"og:locale\" content=\"fr_FR\" \/>\n<meta property=\"og:type\" content=\"article\" \/>\n<meta property=\"og:title\" content=\"Pr\u00e9paratifs de la rentr\u00e9e scolaire : Des parents d\u2019\u00e9l\u00e8ves \u00ab en pleurs \u00bb dans la Como\u00e9\u00a0 - La Tribune du Faso\" \/>\n<meta property=\"og:description\" content=\"Plus que quelques semaines pour que les \u00e9l\u00e8ves reprennent le chemin de l\u2019\u00e9cole au Burkina. Du c\u00f4t\u00e9 des parents, les pr\u00e9paratifs vont bon train. Ce lundi 11 septembre 2023, notre reporter a balad\u00e9 son micro dans les rues de Banfora dans la r\u00e9gion des Cacades afin de recueillir les impressions de parents d\u2019\u00e9l\u00e8ves. Le moins que l\u2019on puisse dire, c\u2019est que les choses ne se passent pas aussi ais\u00e9ment. Lisez !\" \/>\n<meta property=\"og:url\" content=\"https:\/\/www.latribunedufaso.net\/?p=9360\" \/>\n<meta property=\"og:site_name\" content=\"La Tribune du Faso\" \/>\n<meta property=\"article:publisher\" content=\"https:\/\/www.facebook.com\/LatribuneduFaso\/\" \/>\n<meta property=\"article:published_time\" content=\"2023-09-23T08:00:56+00:00\" \/>\n<meta property=\"og:image\" content=\"https:\/\/www.latribunedufaso.net\/wp-content\/uploads\/2023\/09\/16900844.jpg\" \/>\n\t<meta property=\"og:image:width\" content=\"1500\" \/>\n\t<meta property=\"og:image:height\" content=\"1000\" \/>\n\t<meta property=\"og:image:type\" content=\"image\/jpeg\" \/>\n<meta name=\"author\" content=\"Issouf Tapsoba\" \/>\n<meta name=\"twitter:label1\" content=\"\u00c9crit par\" \/>\n\t<meta name=\"twitter:data1\" content=\"Issouf Tapsoba\" \/>\n\t<meta name=\"twitter:label2\" content=\"Dur\u00e9e de lecture estim\u00e9e\" \/>\n\t<meta name=\"twitter:data2\" content=\"4 minutes\" \/>\n<script type=\"application\/ld+json\" class=\"yoast-schema-graph\">{\"@context\":\"https:\\\/\\\/schema.org\",\"@graph\":[{\"@type\":\"Article\",\"@id\":\"https:\\\/\\\/www.latribunedufaso.net\\\/?p=9360#article\",\"isPartOf\":{\"@id\":\"https:\\\/\\\/www.latribunedufaso.net\\\/?p=9360\"},\"author\":{\"name\":\"Issouf Tapsoba\",\"@id\":\"https:\\\/\\\/www.latribunedufaso.net\\\/#\\\/schema\\\/person\\\/e54e64c5778a7e72cf80a318b7a622b0\"},\"headline\":\"Pr\u00e9paratifs de la rentr\u00e9e scolaire : Des parents d\u2019\u00e9l\u00e8ves \u00ab en pleurs \u00bb dans la Como\u00e9\u00a0\",\"datePublished\":\"2023-09-23T08:00:56+00:00\",\"mainEntityOfPage\":{\"@id\":\"https:\\\/\\\/www.latribunedufaso.net\\\/?p=9360\"},\"wordCount\":843,\"commentCount\":0,\"publisher\":{\"@id\":\"https:\\\/\\\/www.latribunedufaso.net\\\/#organization\"},\"image\":{\"@id\":\"https:\\\/\\\/www.latribunedufaso.net\\\/?p=9360#primaryimage\"},\"thumbnailUrl\":\"https:\\\/\\\/www.latribunedufaso.net\\\/wp-content\\\/uploads\\\/2023\\\/09\\\/16900844.jpg\",\"articleSection\":[\"A la une\",\"Actualit\u00e9\",\"\u00c9ducation\"],\"inLanguage\":\"fr-FR\",\"potentialAction\":[{\"@type\":\"CommentAction\",\"name\":\"Comment\",\"target\":[\"https:\\\/\\\/www.latribunedufaso.net\\\/?p=9360#respond\"]}]},{\"@type\":\"WebPage\",\"@id\":\"https:\\\/\\\/www.latribunedufaso.net\\\/?p=9360\",\"url\":\"https:\\\/\\\/www.latribunedufaso.net\\\/?p=9360\",\"name\":\"Pr\u00e9paratifs de la rentr\u00e9e scolaire : Des parents d\u2019\u00e9l\u00e8ves \u00ab en pleurs \u00bb dans la Como\u00e9\u00a0 - La Tribune du Faso\",\"isPartOf\":{\"@id\":\"https:\\\/\\\/www.latribunedufaso.net\\\/#website\"},\"primaryImageOfPage\":{\"@id\":\"https:\\\/\\\/www.latribunedufaso.net\\\/?p=9360#primaryimage\"},\"image\":{\"@id\":\"https:\\\/\\\/www.latribunedufaso.net\\\/?p=9360#primaryimage\"},\"thumbnailUrl\":\"https:\\\/\\\/www.latribunedufaso.net\\\/wp-content\\\/uploads\\\/2023\\\/09\\\/16900844.jpg\",\"datePublished\":\"2023-09-23T08:00:56+00:00\",\"breadcrumb\":{\"@id\":\"https:\\\/\\\/www.latribunedufaso.net\\\/?p=9360#breadcrumb\"},\"inLanguage\":\"fr-FR\",\"potentialAction\":[{\"@type\":\"ReadAction\",\"target\":[\"https:\\\/\\\/www.latribunedufaso.net\\\/?p=9360\"]}]},{\"@type\":\"ImageObject\",\"inLanguage\":\"fr-FR\",\"@id\":\"https:\\\/\\\/www.latribunedufaso.net\\\/?p=9360#primaryimage\",\"url\":\"https:\\\/\\\/www.latribunedufaso.net\\\/wp-content\\\/uploads\\\/2023\\\/09\\\/16900844.jpg\",\"contentUrl\":\"https:\\\/\\\/www.latribunedufaso.net\\\/wp-content\\\/uploads\\\/2023\\\/09\\\/16900844.jpg\",\"width\":1500,\"height\":1000},{\"@type\":\"BreadcrumbList\",\"@id\":\"https:\\\/\\\/www.latribunedufaso.net\\\/?p=9360#breadcrumb\",\"itemListElement\":[{\"@type\":\"ListItem\",\"position\":1,\"name\":\"Accueil\",\"item\":\"https:\\\/\\\/www.latribunedufaso.net\\\/\"},{\"@type\":\"ListItem\",\"position\":2,\"name\":\"Pr\u00e9paratifs de la rentr\u00e9e scolaire : Des parents d\u2019\u00e9l\u00e8ves \u00ab en pleurs \u00bb dans la Como\u00e9\u00a0\"}]},{\"@type\":\"WebSite\",\"@id\":\"https:\\\/\\\/www.latribunedufaso.net\\\/#website\",\"url\":\"https:\\\/\\\/www.latribunedufaso.net\\\/\",\"name\":\"La Tribune du Faso\",\"description\":\"L&#039;information du monde rural en un clic\",\"publisher\":{\"@id\":\"https:\\\/\\\/www.latribunedufaso.net\\\/#organization\"},\"potentialAction\":[{\"@type\":\"SearchAction\",\"target\":{\"@type\":\"EntryPoint\",\"urlTemplate\":\"https:\\\/\\\/www.latribunedufaso.net\\\/?s={search_term_string}\"},\"query-input\":{\"@type\":\"PropertyValueSpecification\",\"valueRequired\":true,\"valueName\":\"search_term_string\"}}],\"inLanguage\":\"fr-FR\"},{\"@type\":\"Organization\",\"@id\":\"https:\\\/\\\/www.latribunedufaso.net\\\/#organization\",\"name\":\"La Tribune du Faso\",\"url\":\"https:\\\/\\\/www.latribunedufaso.net\\\/\",\"logo\":{\"@type\":\"ImageObject\",\"inLanguage\":\"fr-FR\",\"@id\":\"https:\\\/\\\/www.latribunedufaso.net\\\/#\\\/schema\\\/logo\\\/image\\\/\",\"url\":\"https:\\\/\\\/www.latribunedufaso.net\\\/wp-content\\\/uploads\\\/2020\\\/08\\\/Logo-Tribune-du-Faso-final-scaled.jpg\",\"contentUrl\":\"https:\\\/\\\/www.latribunedufaso.net\\\/wp-content\\\/uploads\\\/2020\\\/08\\\/Logo-Tribune-du-Faso-final-scaled.jpg\",\"width\":2560,\"height\":1856,\"caption\":\"La Tribune du Faso\"},\"image\":{\"@id\":\"https:\\\/\\\/www.latribunedufaso.net\\\/#\\\/schema\\\/logo\\\/image\\\/\"},\"sameAs\":[\"https:\\\/\\\/www.facebook.com\\\/LatribuneduFaso\\\/\"]},{\"@type\":\"Person\",\"@id\":\"https:\\\/\\\/www.latribunedufaso.net\\\/#\\\/schema\\\/person\\\/e54e64c5778a7e72cf80a318b7a622b0\",\"name\":\"Issouf Tapsoba\",\"image\":{\"@type\":\"ImageObject\",\"inLanguage\":\"fr-FR\",\"@id\":\"https:\\\/\\\/secure.gravatar.com\\\/avatar\\\/5e6c05150ce3230247d167f5b94d678eb05936197436d69b7921e3a95c9107ac?s=96&d=mm&r=g\",\"url\":\"https:\\\/\\\/secure.gravatar.com\\\/avatar\\\/5e6c05150ce3230247d167f5b94d678eb05936197436d69b7921e3a95c9107ac?s=96&d=mm&r=g\",\"contentUrl\":\"https:\\\/\\\/secure.gravatar.com\\\/avatar\\\/5e6c05150ce3230247d167f5b94d678eb05936197436d69b7921e3a95c9107ac?s=96&d=mm&r=g\",\"caption\":\"Issouf Tapsoba\"},\"url\":\"https:\\\/\\\/www.latribunedufaso.net\\\/?author=5\"}]}<\/script>\n<!-- \/ Yoast SEO plugin. -->","yoast_head_json":{"title":"Pr\u00e9paratifs de la rentr\u00e9e scolaire : Des parents d\u2019\u00e9l\u00e8ves \u00ab en pleurs \u00bb dans la Como\u00e9\u00a0 - La Tribune du Faso","robots":{"index":"index","follow":"follow","max-snippet":"max-snippet:-1","max-image-preview":"max-image-preview:large","max-video-preview":"max-video-preview:-1"},"canonical":"https:\/\/www.latribunedufaso.net\/?p=9360","og_locale":"fr_FR","og_type":"article","og_title":"Pr\u00e9paratifs de la rentr\u00e9e scolaire : Des parents d\u2019\u00e9l\u00e8ves \u00ab en pleurs \u00bb dans la Como\u00e9\u00a0 - La Tribune du Faso","og_description":"Plus que quelques semaines pour que les \u00e9l\u00e8ves reprennent le chemin de l\u2019\u00e9cole au Burkina. Du c\u00f4t\u00e9 des parents, les pr\u00e9paratifs vont bon train. Ce lundi 11 septembre 2023, notre reporter a balad\u00e9 son micro dans les rues de Banfora dans la r\u00e9gion des Cacades afin de recueillir les impressions de parents d\u2019\u00e9l\u00e8ves. Le moins que l\u2019on puisse dire, c\u2019est que les choses ne se passent pas aussi ais\u00e9ment. Lisez !","og_url":"https:\/\/www.latribunedufaso.net\/?p=9360","og_site_name":"La Tribune du Faso","article_publisher":"https:\/\/www.facebook.com\/LatribuneduFaso\/","article_published_time":"2023-09-23T08:00:56+00:00","og_image":[{"width":1500,"height":1000,"url":"https:\/\/www.latribunedufaso.net\/wp-content\/uploads\/2023\/09\/16900844.jpg","type":"image\/jpeg"}],"author":"Issouf Tapsoba","twitter_misc":{"\u00c9crit par":"Issouf Tapsoba","Dur\u00e9e de lecture estim\u00e9e":"4 minutes"},"schema":{"@context":"https:\/\/schema.org","@graph":[{"@type":"Article","@id":"https:\/\/www.latribunedufaso.net\/?p=9360#article","isPartOf":{"@id":"https:\/\/www.latribunedufaso.net\/?p=9360"},"author":{"name":"Issouf Tapsoba","@id":"https:\/\/www.latribunedufaso.net\/#\/schema\/person\/e54e64c5778a7e72cf80a318b7a622b0"},"headline":"Pr\u00e9paratifs de la rentr\u00e9e scolaire : Des parents d\u2019\u00e9l\u00e8ves \u00ab en pleurs \u00bb dans la Como\u00e9\u00a0","datePublished":"2023-09-23T08:00:56+00:00","mainEntityOfPage":{"@id":"https:\/\/www.latribunedufaso.net\/?p=9360"},"wordCount":843,"commentCount":0,"publisher":{"@id":"https:\/\/www.latribunedufaso.net\/#organization"},"image":{"@id":"https:\/\/www.latribunedufaso.net\/?p=9360#primaryimage"},"thumbnailUrl":"https:\/\/www.latribunedufaso.net\/wp-content\/uploads\/2023\/09\/16900844.jpg","articleSection":["A la une","Actualit\u00e9","\u00c9ducation"],"inLanguage":"fr-FR","potentialAction":[{"@type":"CommentAction","name":"Comment","target":["https:\/\/www.latribunedufaso.net\/?p=9360#respond"]}]},{"@type":"WebPage","@id":"https:\/\/www.latribunedufaso.net\/?p=9360","url":"https:\/\/www.latribunedufaso.net\/?p=9360","name":"Pr\u00e9paratifs de la rentr\u00e9e scolaire : Des parents d\u2019\u00e9l\u00e8ves \u00ab en pleurs \u00bb dans la Como\u00e9\u00a0 - La Tribune du Faso","isPartOf":{"@id":"https:\/\/www.latribunedufaso.net\/#website"},"primaryImageOfPage":{"@id":"https:\/\/www.latribunedufaso.net\/?p=9360#primaryimage"},"image":{"@id":"https:\/\/www.latribunedufaso.net\/?p=9360#primaryimage"},"thumbnailUrl":"https:\/\/www.latribunedufaso.net\/wp-content\/uploads\/2023\/09\/16900844.jpg","datePublished":"2023-09-23T08:00:56+00:00","breadcrumb":{"@id":"https:\/\/www.latribunedufaso.net\/?p=9360#breadcrumb"},"inLanguage":"fr-FR","potentialAction":[{"@type":"ReadAction","target":["https:\/\/www.latribunedufaso.net\/?p=9360"]}]},{"@type":"ImageObject","inLanguage":"fr-FR","@id":"https:\/\/www.latribunedufaso.net\/?p=9360#primaryimage","url":"https:\/\/www.latribunedufaso.net\/wp-content\/uploads\/2023\/09\/16900844.jpg","contentUrl":"https:\/\/www.latribunedufaso.net\/wp-content\/uploads\/2023\/09\/16900844.jpg","width":1500,"height":1000},{"@type":"BreadcrumbList","@id":"https:\/\/www.latribunedufaso.net\/?p=9360#breadcrumb","itemListElement":[{"@type":"ListItem","position":1,"name":"Accueil","item":"https:\/\/www.latribunedufaso.net\/"},{"@type":"ListItem","position":2,"name":"Pr\u00e9paratifs de la rentr\u00e9e scolaire : Des parents d\u2019\u00e9l\u00e8ves \u00ab en pleurs \u00bb dans la Como\u00e9\u00a0"}]},{"@type":"WebSite","@id":"https:\/\/www.latribunedufaso.net\/#website","url":"https:\/\/www.latribunedufaso.net\/","name":"La Tribune du Faso","description":"L&#039;information du monde rural en un clic","publisher":{"@id":"https:\/\/www.latribunedufaso.net\/#organization"},"potentialAction":[{"@type":"SearchAction","target":{"@type":"EntryPoint","urlTemplate":"https:\/\/www.latribunedufaso.net\/?s={search_term_string}"},"query-input":{"@type":"PropertyValueSpecification","valueRequired":true,"valueName":"search_term_string"}}],"inLanguage":"fr-FR"},{"@type":"Organization","@id":"https:\/\/www.latribunedufaso.net\/#organization","name":"La Tribune du Faso","url":"https:\/\/www.latribunedufaso.net\/","logo":{"@type":"ImageObject","inLanguage":"fr-FR","@id":"https:\/\/www.latribunedufaso.net\/#\/schema\/logo\/image\/","url":"https:\/\/www.latribunedufaso.net\/wp-content\/uploads\/2020\/08\/Logo-Tribune-du-Faso-final-scaled.jpg","contentUrl":"https:\/\/www.latribunedufaso.net\/wp-content\/uploads\/2020\/08\/Logo-Tribune-du-Faso-final-scaled.jpg","width":2560,"height":1856,"caption":"La Tribune du Faso"},"image":{"@id":"https:\/\/www.latribunedufaso.net\/#\/schema\/logo\/image\/"},"sameAs":["https:\/\/www.facebook.com\/LatribuneduFaso\/"]},{"@type":"Person","@id":"https:\/\/www.latribunedufaso.net\/#\/schema\/person\/e54e64c5778a7e72cf80a318b7a622b0","name":"Issouf Tapsoba","image":{"@type":"ImageObject","inLanguage":"fr-FR","@id":"https:\/\/secure.gravatar.com\/avatar\/5e6c05150ce3230247d167f5b94d678eb05936197436d69b7921e3a95c9107ac?s=96&d=mm&r=g","url":"https:\/\/secure.gravatar.com\/avatar\/5e6c05150ce3230247d167f5b94d678eb05936197436d69b7921e3a95c9107ac?s=96&d=mm&r=g","contentUrl":"https:\/\/secure.gravatar.com\/avatar\/5e6c05150ce3230247d167f5b94d678eb05936197436d69b7921e3a95c9107ac?s=96&d=mm&r=g","caption":"Issouf Tapsoba"},"url":"https:\/\/www.latribunedufaso.net\/?author=5"}]}},"_links":{"self":[{"href":"https:\/\/www.latribunedufaso.net\/index.php?rest_route=\/wp\/v2\/posts\/9360","targetHints":{"allow":["GET"]}}],"collection":[{"href":"https:\/\/www.latribunedufaso.net\/index.php?rest_route=\/wp\/v2\/posts"}],"about":[{"href":"https:\/\/www.latribunedufaso.net\/index.php?rest_route=\/wp\/v2\/types\/post"}],"author":[{"embeddable":true,"href":"https:\/\/www.latribunedufaso.net\/index.php?rest_route=\/wp\/v2\/users\/5"}],"replies":[{"embeddable":true,"href":"https:\/\/www.latribunedufaso.net\/index.php?rest_route=%2Fwp%2Fv2%2Fcomments&post=9360"}],"version-history":[{"count":1,"href":"https:\/\/www.latribunedufaso.net\/index.php?rest_route=\/wp\/v2\/posts\/9360\/revisions"}],"predecessor-version":[{"id":9369,"href":"https:\/\/www.latribunedufaso.net\/index.php?rest_route=\/wp\/v2\/posts\/9360\/revisions\/9369"}],"wp:featuredmedia":[{"embeddable":true,"href":"https:\/\/www.latribunedufaso.net\/index.php?rest_route=\/wp\/v2\/media\/9368"}],"wp:attachment":[{"href":"https:\/\/www.latribunedufaso.net\/index.php?rest_route=%2Fwp%2Fv2%2Fmedia&parent=9360"}],"wp:term":[{"taxonomy":"category","embeddable":true,"href":"https:\/\/www.latribunedufaso.net\/index.php?rest_route=%2Fwp%2Fv2%2Fcategories&post=9360"},{"taxonomy":"post_tag","embeddable":true,"href":"https:\/\/www.latribunedufaso.net\/index.php?rest_route=%2Fwp%2Fv2%2Ftags&post=9360"}],"curies":[{"name":"wp","href":"https:\/\/api.w.org\/{rel}","templated":true}]}}