{"id":9256,"date":"2023-09-18T12:24:16","date_gmt":"2023-09-18T12:24:16","guid":{"rendered":"https:\/\/www.latribunedufaso.net\/?p=9256"},"modified":"2023-09-18T12:24:16","modified_gmt":"2023-09-18T12:24:16","slug":"affaire-charbon-fin-dossier-renvoye-au-3-octobre-2023","status":"publish","type":"post","link":"https:\/\/www.latribunedufaso.net\/?p=9256","title":{"rendered":"Affaire charbon fin : Dossier renvoy\u00e9 au 3 octobre 2023"},"content":{"rendered":"<p><strong><span style=\"font-size: 1.0625rem;\">Le proc\u00e8s sur l\u2019affaire charbon fin opposant l\u2019Etat Burkinab\u00e8 et la soci\u00e9t\u00e9 mini\u00e8re IAMGOLD Essakane SA, pr\u00e9vu ce lundi 18 septembre 2023 au Tribunal de grande instance Ouaga 1, n\u2019a finalement pas eu lieu. La d\u00e9fense, demandant ce renvoi, avance le motif des vacances judiciaires.\u00a0<\/span><\/strong><br \/><!--more--><\/p>\n<p>A la session de juillet 2023, le tribunal avait d\u00e9cid\u00e9 de juger ce dossier lors d\u2019une session sp\u00e9ciale. Les deux parties se sont pr\u00e9sent\u00e9es ce jour en audience du P\u00f4le \u00e9conomique et financier (ECOFI).\u00a0<\/p>\n<p><a href=\"https:\/\/www.latribunedufaso.net\/wp-content\/uploads\/2023\/09\/IMG-20230918-WA0019.jpg\"><img loading=\"lazy\" decoding=\"async\" class=\"size-medium wp-image-9258 alignleft\" src=\"https:\/\/www.latribunedufaso.net\/wp-content\/uploads\/2023\/09\/IMG-20230918-WA0019-300x225.jpg\" alt=\"\" width=\"300\" height=\"225\" srcset=\"https:\/\/www.latribunedufaso.net\/wp-content\/uploads\/2023\/09\/IMG-20230918-WA0019-300x225.jpg 300w, https:\/\/www.latribunedufaso.net\/wp-content\/uploads\/2023\/09\/IMG-20230918-WA0019-1024x768.jpg 1024w, https:\/\/www.latribunedufaso.net\/wp-content\/uploads\/2023\/09\/IMG-20230918-WA0019-768x576.jpg 768w, https:\/\/www.latribunedufaso.net\/wp-content\/uploads\/2023\/09\/IMG-20230918-WA0019.jpg 1040w\" sizes=\"auto, (max-width: 300px) 100vw, 300px\" \/><\/a>Aussit\u00f4t appel\u00e9 \u00e0 la barre, l\u2019avocat stagiaire Me Oumarou Ciss\u00e9, repr\u00e9sentant les avocats de la d\u00e9fense a demand\u00e9 le renvoi du dossier pour une autre session. Il avance le motif des vacances judiciaires. \u00ab Le dossier a \u00e9t\u00e9 renvoy\u00e9 pour raison de vacances judiciaires pour permettre de le mettre en \u00e9tat d\u2019ici la rentr\u00e9e prochaine \u00bb, a-t-il indiqu\u00e9. A l\u2019\u00e9couter, c\u2019est pas un dossier urgent car, dit-il, \u00ab pendant les vacances judiciaires les dossiers jug\u00e9s, ce sont ceux qui sont urgents \u00bb.<\/p>\n<p><a href=\"https:\/\/www.latribunedufaso.net\/wp-content\/uploads\/2023\/09\/IMG_20230918_090932_245-scaled.jpg\"><img loading=\"lazy\" decoding=\"async\" class=\"size-medium wp-image-9257 alignleft\" src=\"https:\/\/www.latribunedufaso.net\/wp-content\/uploads\/2023\/09\/IMG_20230918_090932_245-300x225.jpg\" alt=\"\" width=\"300\" height=\"225\" srcset=\"https:\/\/www.latribunedufaso.net\/wp-content\/uploads\/2023\/09\/IMG_20230918_090932_245-300x225.jpg 300w, https:\/\/www.latribunedufaso.net\/wp-content\/uploads\/2023\/09\/IMG_20230918_090932_245-1024x768.jpg 1024w, https:\/\/www.latribunedufaso.net\/wp-content\/uploads\/2023\/09\/IMG_20230918_090932_245-768x576.jpg 768w, https:\/\/www.latribunedufaso.net\/wp-content\/uploads\/2023\/09\/IMG_20230918_090932_245-1536x1152.jpg 1536w, https:\/\/www.latribunedufaso.net\/wp-content\/uploads\/2023\/09\/IMG_20230918_090932_245-2048x1536.jpg 2048w\" sizes=\"auto, (max-width: 300px) 100vw, 300px\" \/><\/a>Visiblement, l\u2019avocat de l\u2019Etat, en la personne de Me Andr\u00e9 Ou\u00e9draogo n\u2019a pas appr\u00e9ci\u00e9 cette demande. <span style=\"font-size: 1.0625rem;\">Selon lui, c\u2019est un motif \u00ab l\u00e9ger \u00bb. <\/span><span style=\"font-size: 1.0625rem;\">\u00ab Comme nous l\u2019avons dit auparavant, les avocats ne sont pas l\u00e0. Il est mal indiqu\u00e9 et le tribunal serait embarrass\u00e9 de retenir le dossier et de juger les personnes poursuivies en l\u2019absence de leurs avocats \u00bb, a soulign\u00e9 le conseil de l\u2019\u00c9tat. A l\u2019entendre, c\u2019est cela qui a milit\u00e9 en faveur du report de l\u2019audience plut\u00f4t que la raison des vacances judiciaires.<\/span><\/p>\n<p>De plus, il dit s\u2019inqui\u00e9ter de l\u2019indemnisation de l\u2019Etat dans cette affaire si le dossier traine. Il craint que la soci\u00e9t\u00e9 ne puisse pas avoir les moyens pour faire face \u00e0 la condamnation car elle exploite une ressource tarissable.\u00a0<\/p>\n<p>Le parquet, pour sa part, dit s\u2019offusquer de cet motif avanc\u00e9 par la d\u00e9fense pour demander un renvoi. <span style=\"font-size: 1.0625rem;\">Pour le procureur, cela n\u2019a rien avoir avec le droit.<\/span><\/p>\n<p>Apr\u00e8s avoir \u00e9cout\u00e9 les deux parties, le tribunal a renvoy\u00e9 le dossier au 3 octobre 2023 pour jugement.<\/p>\n<p>&nbsp;<\/p>\n<p><strong>Issouf Tapsoba et Nabintou Ouattara (stagiaire)<\/strong><\/p>\n<p><strong>Latribunedu<span style=\"font-size: 1.0625rem;\">faso.net<\/span><\/strong><\/p>\n","protected":false},"excerpt":{"rendered":"<p>Le proc\u00e8s sur l\u2019affaire charbon fin opposant l\u2019Etat Burkinab\u00e8 et la soci\u00e9t\u00e9 mini\u00e8re IAMGOLD Essakane SA, pr\u00e9vu ce lundi 18 septembre 2023 au Tribunal de grande instance Ouaga 1, n\u2019a finalement pas eu lieu. La d\u00e9fense, demandant ce renvoi, avance le motif des vacances judiciaires.\u00a0<\/p>\n","protected":false},"author":5,"featured_media":9259,"comment_status":"open","ping_status":"open","sticky":false,"template":"","format":"standard","meta":{"footnotes":""},"categories":[13,1,19],"tags":[],"class_list":["post-9256","post","type-post","status-publish","format-standard","has-post-thumbnail","hentry","category-une","category-actu","category-mines-et-carrieres"],"yoast_head":"<!-- This site is optimized with the Yoast SEO plugin v27.4 - https:\/\/yoast.com\/product\/yoast-seo-wordpress\/ -->\n<title>Affaire charbon fin : Dossier renvoy\u00e9 au 3 octobre 2023 - La Tribune du Faso<\/title>\n<meta name=\"robots\" content=\"index, follow, max-snippet:-1, max-image-preview:large, max-video-preview:-1\" \/>\n<link rel=\"canonical\" href=\"https:\/\/www.latribunedufaso.net\/?p=9256\" \/>\n<meta property=\"og:locale\" content=\"fr_FR\" \/>\n<meta property=\"og:type\" content=\"article\" \/>\n<meta property=\"og:title\" content=\"Affaire charbon fin : Dossier renvoy\u00e9 au 3 octobre 2023 - La Tribune du Faso\" \/>\n<meta property=\"og:description\" content=\"Le proc\u00e8s sur l\u2019affaire charbon fin opposant l\u2019Etat Burkinab\u00e8 et la soci\u00e9t\u00e9 mini\u00e8re IAMGOLD Essakane SA, pr\u00e9vu ce lundi 18 septembre 2023 au Tribunal de grande instance Ouaga 1, n\u2019a finalement pas eu lieu. La d\u00e9fense, demandant ce renvoi, avance le motif des vacances judiciaires.\u00a0\" \/>\n<meta property=\"og:url\" content=\"https:\/\/www.latribunedufaso.net\/?p=9256\" \/>\n<meta property=\"og:site_name\" content=\"La Tribune du Faso\" \/>\n<meta property=\"article:publisher\" content=\"https:\/\/www.facebook.com\/LatribuneduFaso\/\" \/>\n<meta property=\"article:published_time\" content=\"2023-09-18T12:24:16+00:00\" \/>\n<meta property=\"og:image\" content=\"https:\/\/www.latribunedufaso.net\/wp-content\/uploads\/2023\/09\/Palais-de-Justice.jpg\" \/>\n\t<meta property=\"og:image:width\" content=\"749\" \/>\n\t<meta property=\"og:image:height\" content=\"449\" \/>\n\t<meta property=\"og:image:type\" content=\"image\/jpeg\" \/>\n<meta name=\"author\" content=\"Issouf Tapsoba\" \/>\n<meta name=\"twitter:label1\" content=\"\u00c9crit par\" \/>\n\t<meta name=\"twitter:data1\" content=\"Issouf Tapsoba\" \/>\n\t<meta name=\"twitter:label2\" content=\"Dur\u00e9e de lecture estim\u00e9e\" \/>\n\t<meta name=\"twitter:data2\" content=\"2 minutes\" \/>\n<script type=\"application\/ld+json\" class=\"yoast-schema-graph\">{\"@context\":\"https:\\\/\\\/schema.org\",\"@graph\":[{\"@type\":\"Article\",\"@id\":\"https:\\\/\\\/www.latribunedufaso.net\\\/?p=9256#article\",\"isPartOf\":{\"@id\":\"https:\\\/\\\/www.latribunedufaso.net\\\/?p=9256\"},\"author\":{\"name\":\"Issouf Tapsoba\",\"@id\":\"https:\\\/\\\/www.latribunedufaso.net\\\/#\\\/schema\\\/person\\\/e54e64c5778a7e72cf80a318b7a622b0\"},\"headline\":\"Affaire charbon fin : Dossier renvoy\u00e9 au 3 octobre 2023\",\"datePublished\":\"2023-09-18T12:24:16+00:00\",\"mainEntityOfPage\":{\"@id\":\"https:\\\/\\\/www.latribunedufaso.net\\\/?p=9256\"},\"wordCount\":379,\"commentCount\":0,\"publisher\":{\"@id\":\"https:\\\/\\\/www.latribunedufaso.net\\\/#organization\"},\"image\":{\"@id\":\"https:\\\/\\\/www.latribunedufaso.net\\\/?p=9256#primaryimage\"},\"thumbnailUrl\":\"https:\\\/\\\/www.latribunedufaso.net\\\/wp-content\\\/uploads\\\/2023\\\/09\\\/Palais-de-Justice.jpg\",\"articleSection\":[\"A la une\",\"Actualit\u00e9\",\"Mines et Carri\u00e8res\"],\"inLanguage\":\"fr-FR\",\"potentialAction\":[{\"@type\":\"CommentAction\",\"name\":\"Comment\",\"target\":[\"https:\\\/\\\/www.latribunedufaso.net\\\/?p=9256#respond\"]}]},{\"@type\":\"WebPage\",\"@id\":\"https:\\\/\\\/www.latribunedufaso.net\\\/?p=9256\",\"url\":\"https:\\\/\\\/www.latribunedufaso.net\\\/?p=9256\",\"name\":\"Affaire charbon fin : Dossier renvoy\u00e9 au 3 octobre 2023 - La Tribune du Faso\",\"isPartOf\":{\"@id\":\"https:\\\/\\\/www.latribunedufaso.net\\\/#website\"},\"primaryImageOfPage\":{\"@id\":\"https:\\\/\\\/www.latribunedufaso.net\\\/?p=9256#primaryimage\"},\"image\":{\"@id\":\"https:\\\/\\\/www.latribunedufaso.net\\\/?p=9256#primaryimage\"},\"thumbnailUrl\":\"https:\\\/\\\/www.latribunedufaso.net\\\/wp-content\\\/uploads\\\/2023\\\/09\\\/Palais-de-Justice.jpg\",\"datePublished\":\"2023-09-18T12:24:16+00:00\",\"breadcrumb\":{\"@id\":\"https:\\\/\\\/www.latribunedufaso.net\\\/?p=9256#breadcrumb\"},\"inLanguage\":\"fr-FR\",\"potentialAction\":[{\"@type\":\"ReadAction\",\"target\":[\"https:\\\/\\\/www.latribunedufaso.net\\\/?p=9256\"]}]},{\"@type\":\"ImageObject\",\"inLanguage\":\"fr-FR\",\"@id\":\"https:\\\/\\\/www.latribunedufaso.net\\\/?p=9256#primaryimage\",\"url\":\"https:\\\/\\\/www.latribunedufaso.net\\\/wp-content\\\/uploads\\\/2023\\\/09\\\/Palais-de-Justice.jpg\",\"contentUrl\":\"https:\\\/\\\/www.latribunedufaso.net\\\/wp-content\\\/uploads\\\/2023\\\/09\\\/Palais-de-Justice.jpg\",\"width\":749,\"height\":449},{\"@type\":\"BreadcrumbList\",\"@id\":\"https:\\\/\\\/www.latribunedufaso.net\\\/?p=9256#breadcrumb\",\"itemListElement\":[{\"@type\":\"ListItem\",\"position\":1,\"name\":\"Accueil\",\"item\":\"https:\\\/\\\/www.latribunedufaso.net\\\/\"},{\"@type\":\"ListItem\",\"position\":2,\"name\":\"Affaire charbon fin : Dossier renvoy\u00e9 au 3 octobre 2023\"}]},{\"@type\":\"WebSite\",\"@id\":\"https:\\\/\\\/www.latribunedufaso.net\\\/#website\",\"url\":\"https:\\\/\\\/www.latribunedufaso.net\\\/\",\"name\":\"La Tribune du Faso\",\"description\":\"L&#039;information du monde rural en un clic\",\"publisher\":{\"@id\":\"https:\\\/\\\/www.latribunedufaso.net\\\/#organization\"},\"potentialAction\":[{\"@type\":\"SearchAction\",\"target\":{\"@type\":\"EntryPoint\",\"urlTemplate\":\"https:\\\/\\\/www.latribunedufaso.net\\\/?s={search_term_string}\"},\"query-input\":{\"@type\":\"PropertyValueSpecification\",\"valueRequired\":true,\"valueName\":\"search_term_string\"}}],\"inLanguage\":\"fr-FR\"},{\"@type\":\"Organization\",\"@id\":\"https:\\\/\\\/www.latribunedufaso.net\\\/#organization\",\"name\":\"La Tribune du Faso\",\"url\":\"https:\\\/\\\/www.latribunedufaso.net\\\/\",\"logo\":{\"@type\":\"ImageObject\",\"inLanguage\":\"fr-FR\",\"@id\":\"https:\\\/\\\/www.latribunedufaso.net\\\/#\\\/schema\\\/logo\\\/image\\\/\",\"url\":\"https:\\\/\\\/www.latribunedufaso.net\\\/wp-content\\\/uploads\\\/2020\\\/08\\\/Logo-Tribune-du-Faso-final-scaled.jpg\",\"contentUrl\":\"https:\\\/\\\/www.latribunedufaso.net\\\/wp-content\\\/uploads\\\/2020\\\/08\\\/Logo-Tribune-du-Faso-final-scaled.jpg\",\"width\":2560,\"height\":1856,\"caption\":\"La Tribune du Faso\"},\"image\":{\"@id\":\"https:\\\/\\\/www.latribunedufaso.net\\\/#\\\/schema\\\/logo\\\/image\\\/\"},\"sameAs\":[\"https:\\\/\\\/www.facebook.com\\\/LatribuneduFaso\\\/\"]},{\"@type\":\"Person\",\"@id\":\"https:\\\/\\\/www.latribunedufaso.net\\\/#\\\/schema\\\/person\\\/e54e64c5778a7e72cf80a318b7a622b0\",\"name\":\"Issouf Tapsoba\",\"image\":{\"@type\":\"ImageObject\",\"inLanguage\":\"fr-FR\",\"@id\":\"https:\\\/\\\/secure.gravatar.com\\\/avatar\\\/5e6c05150ce3230247d167f5b94d678eb05936197436d69b7921e3a95c9107ac?s=96&d=mm&r=g\",\"url\":\"https:\\\/\\\/secure.gravatar.com\\\/avatar\\\/5e6c05150ce3230247d167f5b94d678eb05936197436d69b7921e3a95c9107ac?s=96&d=mm&r=g\",\"contentUrl\":\"https:\\\/\\\/secure.gravatar.com\\\/avatar\\\/5e6c05150ce3230247d167f5b94d678eb05936197436d69b7921e3a95c9107ac?s=96&d=mm&r=g\",\"caption\":\"Issouf Tapsoba\"},\"url\":\"https:\\\/\\\/www.latribunedufaso.net\\\/?author=5\"}]}<\/script>\n<!-- \/ Yoast SEO plugin. -->","yoast_head_json":{"title":"Affaire charbon fin : Dossier renvoy\u00e9 au 3 octobre 2023 - La Tribune du Faso","robots":{"index":"index","follow":"follow","max-snippet":"max-snippet:-1","max-image-preview":"max-image-preview:large","max-video-preview":"max-video-preview:-1"},"canonical":"https:\/\/www.latribunedufaso.net\/?p=9256","og_locale":"fr_FR","og_type":"article","og_title":"Affaire charbon fin : Dossier renvoy\u00e9 au 3 octobre 2023 - La Tribune du Faso","og_description":"Le proc\u00e8s sur l\u2019affaire charbon fin opposant l\u2019Etat Burkinab\u00e8 et la soci\u00e9t\u00e9 mini\u00e8re IAMGOLD Essakane SA, pr\u00e9vu ce lundi 18 septembre 2023 au Tribunal de grande instance Ouaga 1, n\u2019a finalement pas eu lieu. La d\u00e9fense, demandant ce renvoi, avance le motif des vacances judiciaires.\u00a0","og_url":"https:\/\/www.latribunedufaso.net\/?p=9256","og_site_name":"La Tribune du Faso","article_publisher":"https:\/\/www.facebook.com\/LatribuneduFaso\/","article_published_time":"2023-09-18T12:24:16+00:00","og_image":[{"width":749,"height":449,"url":"https:\/\/www.latribunedufaso.net\/wp-content\/uploads\/2023\/09\/Palais-de-Justice.jpg","type":"image\/jpeg"}],"author":"Issouf Tapsoba","twitter_misc":{"\u00c9crit par":"Issouf Tapsoba","Dur\u00e9e de lecture estim\u00e9e":"2 minutes"},"schema":{"@context":"https:\/\/schema.org","@graph":[{"@type":"Article","@id":"https:\/\/www.latribunedufaso.net\/?p=9256#article","isPartOf":{"@id":"https:\/\/www.latribunedufaso.net\/?p=9256"},"author":{"name":"Issouf Tapsoba","@id":"https:\/\/www.latribunedufaso.net\/#\/schema\/person\/e54e64c5778a7e72cf80a318b7a622b0"},"headline":"Affaire charbon fin : Dossier renvoy\u00e9 au 3 octobre 2023","datePublished":"2023-09-18T12:24:16+00:00","mainEntityOfPage":{"@id":"https:\/\/www.latribunedufaso.net\/?p=9256"},"wordCount":379,"commentCount":0,"publisher":{"@id":"https:\/\/www.latribunedufaso.net\/#organization"},"image":{"@id":"https:\/\/www.latribunedufaso.net\/?p=9256#primaryimage"},"thumbnailUrl":"https:\/\/www.latribunedufaso.net\/wp-content\/uploads\/2023\/09\/Palais-de-Justice.jpg","articleSection":["A la une","Actualit\u00e9","Mines et Carri\u00e8res"],"inLanguage":"fr-FR","potentialAction":[{"@type":"CommentAction","name":"Comment","target":["https:\/\/www.latribunedufaso.net\/?p=9256#respond"]}]},{"@type":"WebPage","@id":"https:\/\/www.latribunedufaso.net\/?p=9256","url":"https:\/\/www.latribunedufaso.net\/?p=9256","name":"Affaire charbon fin : Dossier renvoy\u00e9 au 3 octobre 2023 - La Tribune du Faso","isPartOf":{"@id":"https:\/\/www.latribunedufaso.net\/#website"},"primaryImageOfPage":{"@id":"https:\/\/www.latribunedufaso.net\/?p=9256#primaryimage"},"image":{"@id":"https:\/\/www.latribunedufaso.net\/?p=9256#primaryimage"},"thumbnailUrl":"https:\/\/www.latribunedufaso.net\/wp-content\/uploads\/2023\/09\/Palais-de-Justice.jpg","datePublished":"2023-09-18T12:24:16+00:00","breadcrumb":{"@id":"https:\/\/www.latribunedufaso.net\/?p=9256#breadcrumb"},"inLanguage":"fr-FR","potentialAction":[{"@type":"ReadAction","target":["https:\/\/www.latribunedufaso.net\/?p=9256"]}]},{"@type":"ImageObject","inLanguage":"fr-FR","@id":"https:\/\/www.latribunedufaso.net\/?p=9256#primaryimage","url":"https:\/\/www.latribunedufaso.net\/wp-content\/uploads\/2023\/09\/Palais-de-Justice.jpg","contentUrl":"https:\/\/www.latribunedufaso.net\/wp-content\/uploads\/2023\/09\/Palais-de-Justice.jpg","width":749,"height":449},{"@type":"BreadcrumbList","@id":"https:\/\/www.latribunedufaso.net\/?p=9256#breadcrumb","itemListElement":[{"@type":"ListItem","position":1,"name":"Accueil","item":"https:\/\/www.latribunedufaso.net\/"},{"@type":"ListItem","position":2,"name":"Affaire charbon fin : Dossier renvoy\u00e9 au 3 octobre 2023"}]},{"@type":"WebSite","@id":"https:\/\/www.latribunedufaso.net\/#website","url":"https:\/\/www.latribunedufaso.net\/","name":"La Tribune du Faso","description":"L&#039;information du monde rural en un clic","publisher":{"@id":"https:\/\/www.latribunedufaso.net\/#organization"},"potentialAction":[{"@type":"SearchAction","target":{"@type":"EntryPoint","urlTemplate":"https:\/\/www.latribunedufaso.net\/?s={search_term_string}"},"query-input":{"@type":"PropertyValueSpecification","valueRequired":true,"valueName":"search_term_string"}}],"inLanguage":"fr-FR"},{"@type":"Organization","@id":"https:\/\/www.latribunedufaso.net\/#organization","name":"La Tribune du Faso","url":"https:\/\/www.latribunedufaso.net\/","logo":{"@type":"ImageObject","inLanguage":"fr-FR","@id":"https:\/\/www.latribunedufaso.net\/#\/schema\/logo\/image\/","url":"https:\/\/www.latribunedufaso.net\/wp-content\/uploads\/2020\/08\/Logo-Tribune-du-Faso-final-scaled.jpg","contentUrl":"https:\/\/www.latribunedufaso.net\/wp-content\/uploads\/2020\/08\/Logo-Tribune-du-Faso-final-scaled.jpg","width":2560,"height":1856,"caption":"La Tribune du Faso"},"image":{"@id":"https:\/\/www.latribunedufaso.net\/#\/schema\/logo\/image\/"},"sameAs":["https:\/\/www.facebook.com\/LatribuneduFaso\/"]},{"@type":"Person","@id":"https:\/\/www.latribunedufaso.net\/#\/schema\/person\/e54e64c5778a7e72cf80a318b7a622b0","name":"Issouf Tapsoba","image":{"@type":"ImageObject","inLanguage":"fr-FR","@id":"https:\/\/secure.gravatar.com\/avatar\/5e6c05150ce3230247d167f5b94d678eb05936197436d69b7921e3a95c9107ac?s=96&d=mm&r=g","url":"https:\/\/secure.gravatar.com\/avatar\/5e6c05150ce3230247d167f5b94d678eb05936197436d69b7921e3a95c9107ac?s=96&d=mm&r=g","contentUrl":"https:\/\/secure.gravatar.com\/avatar\/5e6c05150ce3230247d167f5b94d678eb05936197436d69b7921e3a95c9107ac?s=96&d=mm&r=g","caption":"Issouf Tapsoba"},"url":"https:\/\/www.latribunedufaso.net\/?author=5"}]}},"_links":{"self":[{"href":"https:\/\/www.latribunedufaso.net\/index.php?rest_route=\/wp\/v2\/posts\/9256","targetHints":{"allow":["GET"]}}],"collection":[{"href":"https:\/\/www.latribunedufaso.net\/index.php?rest_route=\/wp\/v2\/posts"}],"about":[{"href":"https:\/\/www.latribunedufaso.net\/index.php?rest_route=\/wp\/v2\/types\/post"}],"author":[{"embeddable":true,"href":"https:\/\/www.latribunedufaso.net\/index.php?rest_route=\/wp\/v2\/users\/5"}],"replies":[{"embeddable":true,"href":"https:\/\/www.latribunedufaso.net\/index.php?rest_route=%2Fwp%2Fv2%2Fcomments&post=9256"}],"version-history":[{"count":2,"href":"https:\/\/www.latribunedufaso.net\/index.php?rest_route=\/wp\/v2\/posts\/9256\/revisions"}],"predecessor-version":[{"id":9262,"href":"https:\/\/www.latribunedufaso.net\/index.php?rest_route=\/wp\/v2\/posts\/9256\/revisions\/9262"}],"wp:featuredmedia":[{"embeddable":true,"href":"https:\/\/www.latribunedufaso.net\/index.php?rest_route=\/wp\/v2\/media\/9259"}],"wp:attachment":[{"href":"https:\/\/www.latribunedufaso.net\/index.php?rest_route=%2Fwp%2Fv2%2Fmedia&parent=9256"}],"wp:term":[{"taxonomy":"category","embeddable":true,"href":"https:\/\/www.latribunedufaso.net\/index.php?rest_route=%2Fwp%2Fv2%2Fcategories&post=9256"},{"taxonomy":"post_tag","embeddable":true,"href":"https:\/\/www.latribunedufaso.net\/index.php?rest_route=%2Fwp%2Fv2%2Ftags&post=9256"}],"curies":[{"name":"wp","href":"https:\/\/api.w.org\/{rel}","templated":true}]}}