{"id":9210,"date":"2023-09-15T16:36:05","date_gmt":"2023-09-15T16:36:05","guid":{"rendered":"https:\/\/www.latribunedufaso.net\/?p=9210"},"modified":"2023-09-15T16:36:05","modified_gmt":"2023-09-15T16:36:05","slug":"lutte-contre-le-paludisme-au-burkina-faso-le-ces-reflechi-sur-la-contribution-du-vaccin-r21-matrix-m-et-du-moustique-genetiquement-modifie","status":"publish","type":"post","link":"https:\/\/www.latribunedufaso.net\/?p=9210","title":{"rendered":"Lutte contre le paludisme au Burkina Faso : Le CES r\u00e9fl\u00e9chi sur la contribution du vaccin R21\/Matrix-M et du moustique g\u00e9n\u00e9tiquement modifi\u00e9"},"content":{"rendered":"<p><strong><span style=\"font-size: 1.0625rem;\">Le Conseil \u00e9conomique et social (CES) tient ce vendredi 15 septembre 2023 \u00e0 Ouagadougou, une conf\u00e9rence publique sur le th\u00e8me \u00ab Contribution du vaccin R21\/Matrix-M et du moustique g\u00e9n\u00e9tiquement modifi\u00e9 dans la lutte contre le paludisme au Burkina Faso \u00bb. Cette rencontre est pr\u00e9sid\u00e9e par le pr\u00e9sident de ladite structure, Bonaventure Ou\u00e9draogo.<\/span><\/strong><br \/><!--more--><\/p>\n<p>Selon lui, la conf\u00e9rence publique est une activit\u00e9 annuelle de son institution dont l\u2019objectif est de promouvoir des espaces d\u2019informations et d\u2019\u00e9changes sur des th\u00e9matiques \u00e9mergentes et des sujets de \u00ab grande importance pour notre pays \u00bb.<\/p>\n<p>L\u2019accent est mis cette ann\u00e9e sur la probl\u00e9matique du paludisme, car cette maladie est la \u00ab premi\u00e8re \u00bb cause de consultation, d\u2019hospitalisation et de mortalit\u00e9 et ce, bien plus que toutes les maladies infectieuses r\u00e9unies. \u00ab Au cours de l\u2019ann\u00e9e 2022 et selon le programme mondial de lutte contre le paludisme, 11 655 675 cas de paludisme ont \u00e9t\u00e9 enregistr\u00e9s dont 4 243 d\u00e9c\u00e8s. 60% de ces d\u00e9c\u00e8s concerneraient des enfants de moins de 05 ans \u00bb, a-t-il expliqu\u00e9.<\/p>\n<p><a href=\"https:\/\/www.latribunedufaso.net\/wp-content\/uploads\/2023\/09\/FB_IMG_1694795300029.jpg\"><img loading=\"lazy\" decoding=\"async\" class=\"wp-image-9215 size-medium alignleft\" src=\"https:\/\/www.latribunedufaso.net\/wp-content\/uploads\/2023\/09\/FB_IMG_1694795300029-300x226.jpg\" width=\"300\" height=\"226\" srcset=\"https:\/\/www.latribunedufaso.net\/wp-content\/uploads\/2023\/09\/FB_IMG_1694795300029-300x226.jpg 300w, https:\/\/www.latribunedufaso.net\/wp-content\/uploads\/2023\/09\/FB_IMG_1694795300029.jpg 720w\" sizes=\"auto, (max-width: 300px) 100vw, 300px\" \/><\/a>\u00ab Le paludisme constitue \u00e9galement un fardeau \u00e9conomique et un poids pour le syst\u00e8me de sant\u00e9 et les m\u00e9nages. La perte \u00e9conomique du pays li\u00e9e au paludisme est de plusieurs milliards F CFA \u00bb, a-t-il ajout\u00e9.<\/p>\n<p>Suite \u00e0 ces constats, poursuit-il, notre pays s\u2019est r\u00e9solument engag\u00e9 dans un gigantesque travail de recherches sur cette maladie. Les efforts des chercheurs ont abouti \u00e0 la d\u00e9couverte du vaccin R21\/Matrix-M et au l\u00e2cher du moustique g\u00e9n\u00e9tiquement modifi\u00e9. \u00ab Il \u00e9tait indiqu\u00e9 que nous puissions inviter ces chercheurs pour qu\u2019ils viennent eux-m\u00eames nous parl\u00e9 de ce qu\u2019ils ont trouv\u00e9. Nous dire ce que c\u2019est que le vaccin R21, ce que c\u2019est que le l\u00e2cher de moustique et nous dire ce que cela peut avoir comme impact dans notre lutte contre le paludisme \u00bb, a-t-il martel\u00e9.<\/p>\n<p>La pr\u00e9sente conf\u00e9rence sera marqu\u00e9e par deux communications. La premi\u00e8re qui porte sur le th\u00e8me \u00ab Connaissance du vaccin R21\/Matrix-M et impact dans la lutte contre le paludisme \u00bb sera pr\u00e9sent\u00e9e par le Dr Hermann Sorgho de la Direction R\u00e9gionale du Centre-Ouest de l\u2019Institut de Recherche en Sciences de la Sant\u00e9 (IRSS).<\/p>\n<p>Et la deuxi\u00e8me portant sur \u00ab La contribution du moustique g\u00e9n\u00e9tiquement modifi\u00e9 pour l\u2019\u00e9limination du paludisme au Burkina Faso \u00bb, sera pr\u00e9sent\u00e9e par le Docteur Patrick Epopa de l\u2019Institut de Recherche en Science de la Sant\u00e9 (IRSS).<\/p>\n<p>Toutes ces \u00e9changes se feront en pr\u00e9sence du ministre de la Sant\u00e9 et de l\u2019Hygi\u00e8ne publique, Dr Robert Lucien Jean Claude Kargougou.<\/p>\n<p>Bonaventure Ou\u00e9draogo a souhait\u00e9 que ces \u00e9changes puissent dissiper les susceptibilit\u00e9s et inqui\u00e9tudes de ces nouveaux exploits. \u00ab Toute nouvelle d\u00e9couverte scientifique peut susciter de craintes, des inqui\u00e9tudes et enregistrer des r\u00e9ticences des populations. J\u2019esp\u00e8re que ces communications permettront aux participants de poser des questions qui dissiperont certaines susceptibilit\u00e9s et inqui\u00e9tudes de certains de nos concitoyens \u00bb, peut-on l\u2019entendre.<\/p>\n<p><a href=\"https:\/\/www.latribunedufaso.net\/wp-content\/uploads\/2023\/09\/FB_IMG_1694795296757.jpg\"><img loading=\"lazy\" decoding=\"async\" class=\"size-medium wp-image-9212 alignleft\" src=\"https:\/\/www.latribunedufaso.net\/wp-content\/uploads\/2023\/09\/FB_IMG_1694795296757-300x225.jpg\" alt=\"\" width=\"300\" height=\"225\" srcset=\"https:\/\/www.latribunedufaso.net\/wp-content\/uploads\/2023\/09\/FB_IMG_1694795296757-300x225.jpg 300w, https:\/\/www.latribunedufaso.net\/wp-content\/uploads\/2023\/09\/FB_IMG_1694795296757.jpg 720w\" sizes=\"auto, (max-width: 300px) 100vw, 300px\" \/><\/a>Il faut noter que le Burkina Faso a accord\u00e9 le 20 juin 2023, l\u2019autorisation d\u2019importation, de vente et d\u2019utilisation du vaccin R21\/matrix-M sur le territoire national. Il devient ainsi le troisi\u00e8me pays africain (apr\u00e8s le Ghana et le Nigeria) et le premier pays francophone \u00e0 approuver l\u2019utilisation de ce vaccin dont la recherche a \u00e9t\u00e9 men\u00e9e principalement \u00ab au pays \u00bb.<\/p>\n<p>En ce qui concerne le l\u00e2cher de moustique g\u00e9n\u00e9tiquement modifi\u00e9, la recherche serait encore a un stade pr\u00e9coce \u00ab bien que les r\u00e9sultats jusqu\u2019ici soient promoteurs \u00bb .<\/p>\n<p>&nbsp;<\/p>\n<p><strong>Rosana Astride Kiendrebeogo\u00a0<\/strong><\/p>\n<p><strong>Latribunedufaso.net<\/strong><\/p>\n","protected":false},"excerpt":{"rendered":"<p>Le Conseil \u00e9conomique et social (CES) tient ce vendredi 15 septembre 2023 \u00e0 Ouagadougou, une conf\u00e9rence publique sur le th\u00e8me \u00ab Contribution du vaccin R21\/Matrix-M et du moustique g\u00e9n\u00e9tiquement modifi\u00e9 dans la lutte contre le paludisme au Burkina Faso \u00bb. Cette rencontre est pr\u00e9sid\u00e9e par le pr\u00e9sident de ladite structure, Bonaventure Ou\u00e9draogo.<\/p>\n","protected":false},"author":5,"featured_media":9213,"comment_status":"open","ping_status":"open","sticky":false,"template":"","format":"standard","meta":{"footnotes":""},"categories":[13,1,7],"tags":[],"class_list":["post-9210","post","type-post","status-publish","format-standard","has-post-thumbnail","hentry","category-une","category-actu","category-sante"],"yoast_head":"<!-- This site is optimized with the Yoast SEO plugin v27.4 - https:\/\/yoast.com\/product\/yoast-seo-wordpress\/ -->\n<title>Lutte contre le paludisme au Burkina Faso : Le CES r\u00e9fl\u00e9chi sur la contribution du vaccin R21\/Matrix-M et du moustique g\u00e9n\u00e9tiquement modifi\u00e9 - La Tribune du Faso<\/title>\n<meta name=\"robots\" content=\"index, follow, max-snippet:-1, max-image-preview:large, max-video-preview:-1\" \/>\n<link rel=\"canonical\" href=\"https:\/\/www.latribunedufaso.net\/?p=9210\" \/>\n<meta property=\"og:locale\" content=\"fr_FR\" \/>\n<meta property=\"og:type\" content=\"article\" \/>\n<meta property=\"og:title\" content=\"Lutte contre le paludisme au Burkina Faso : Le CES r\u00e9fl\u00e9chi sur la contribution du vaccin R21\/Matrix-M et du moustique g\u00e9n\u00e9tiquement modifi\u00e9 - La Tribune du Faso\" \/>\n<meta property=\"og:description\" content=\"Le Conseil \u00e9conomique et social (CES) tient ce vendredi 15 septembre 2023 \u00e0 Ouagadougou, une conf\u00e9rence publique sur le th\u00e8me \u00ab Contribution du vaccin R21\/Matrix-M et du moustique g\u00e9n\u00e9tiquement modifi\u00e9 dans la lutte contre le paludisme au Burkina Faso \u00bb. Cette rencontre est pr\u00e9sid\u00e9e par le pr\u00e9sident de ladite structure, Bonaventure Ou\u00e9draogo.\" \/>\n<meta property=\"og:url\" content=\"https:\/\/www.latribunedufaso.net\/?p=9210\" \/>\n<meta property=\"og:site_name\" content=\"La Tribune du Faso\" \/>\n<meta property=\"article:publisher\" content=\"https:\/\/www.facebook.com\/LatribuneduFaso\/\" \/>\n<meta property=\"article:published_time\" content=\"2023-09-15T16:36:05+00:00\" \/>\n<meta property=\"og:image\" content=\"https:\/\/www.latribunedufaso.net\/wp-content\/uploads\/2023\/09\/FB_IMG_1694795523683-1.jpg\" \/>\n\t<meta property=\"og:image:width\" content=\"720\" \/>\n\t<meta property=\"og:image:height\" content=\"542\" \/>\n\t<meta property=\"og:image:type\" content=\"image\/jpeg\" \/>\n<meta name=\"author\" content=\"Issouf Tapsoba\" \/>\n<meta name=\"twitter:label1\" content=\"\u00c9crit par\" \/>\n\t<meta name=\"twitter:data1\" content=\"Issouf Tapsoba\" \/>\n\t<meta name=\"twitter:label2\" content=\"Dur\u00e9e de lecture estim\u00e9e\" \/>\n\t<meta name=\"twitter:data2\" content=\"3 minutes\" \/>\n<script type=\"application\/ld+json\" class=\"yoast-schema-graph\">{\"@context\":\"https:\\\/\\\/schema.org\",\"@graph\":[{\"@type\":\"Article\",\"@id\":\"https:\\\/\\\/www.latribunedufaso.net\\\/?p=9210#article\",\"isPartOf\":{\"@id\":\"https:\\\/\\\/www.latribunedufaso.net\\\/?p=9210\"},\"author\":{\"name\":\"Issouf Tapsoba\",\"@id\":\"https:\\\/\\\/www.latribunedufaso.net\\\/#\\\/schema\\\/person\\\/e54e64c5778a7e72cf80a318b7a622b0\"},\"headline\":\"Lutte contre le paludisme au Burkina Faso : Le CES r\u00e9fl\u00e9chi sur la contribution du vaccin R21\\\/Matrix-M et du moustique g\u00e9n\u00e9tiquement modifi\u00e9\",\"datePublished\":\"2023-09-15T16:36:05+00:00\",\"mainEntityOfPage\":{\"@id\":\"https:\\\/\\\/www.latribunedufaso.net\\\/?p=9210\"},\"wordCount\":639,\"commentCount\":0,\"publisher\":{\"@id\":\"https:\\\/\\\/www.latribunedufaso.net\\\/#organization\"},\"image\":{\"@id\":\"https:\\\/\\\/www.latribunedufaso.net\\\/?p=9210#primaryimage\"},\"thumbnailUrl\":\"https:\\\/\\\/www.latribunedufaso.net\\\/wp-content\\\/uploads\\\/2023\\\/09\\\/FB_IMG_1694795523683-1.jpg\",\"articleSection\":[\"A la une\",\"Actualit\u00e9\",\"Sant\u00e9\"],\"inLanguage\":\"fr-FR\",\"potentialAction\":[{\"@type\":\"CommentAction\",\"name\":\"Comment\",\"target\":[\"https:\\\/\\\/www.latribunedufaso.net\\\/?p=9210#respond\"]}]},{\"@type\":\"WebPage\",\"@id\":\"https:\\\/\\\/www.latribunedufaso.net\\\/?p=9210\",\"url\":\"https:\\\/\\\/www.latribunedufaso.net\\\/?p=9210\",\"name\":\"Lutte contre le paludisme au Burkina Faso : Le CES r\u00e9fl\u00e9chi sur la contribution du vaccin R21\\\/Matrix-M et du moustique g\u00e9n\u00e9tiquement modifi\u00e9 - La Tribune du Faso\",\"isPartOf\":{\"@id\":\"https:\\\/\\\/www.latribunedufaso.net\\\/#website\"},\"primaryImageOfPage\":{\"@id\":\"https:\\\/\\\/www.latribunedufaso.net\\\/?p=9210#primaryimage\"},\"image\":{\"@id\":\"https:\\\/\\\/www.latribunedufaso.net\\\/?p=9210#primaryimage\"},\"thumbnailUrl\":\"https:\\\/\\\/www.latribunedufaso.net\\\/wp-content\\\/uploads\\\/2023\\\/09\\\/FB_IMG_1694795523683-1.jpg\",\"datePublished\":\"2023-09-15T16:36:05+00:00\",\"breadcrumb\":{\"@id\":\"https:\\\/\\\/www.latribunedufaso.net\\\/?p=9210#breadcrumb\"},\"inLanguage\":\"fr-FR\",\"potentialAction\":[{\"@type\":\"ReadAction\",\"target\":[\"https:\\\/\\\/www.latribunedufaso.net\\\/?p=9210\"]}]},{\"@type\":\"ImageObject\",\"inLanguage\":\"fr-FR\",\"@id\":\"https:\\\/\\\/www.latribunedufaso.net\\\/?p=9210#primaryimage\",\"url\":\"https:\\\/\\\/www.latribunedufaso.net\\\/wp-content\\\/uploads\\\/2023\\\/09\\\/FB_IMG_1694795523683-1.jpg\",\"contentUrl\":\"https:\\\/\\\/www.latribunedufaso.net\\\/wp-content\\\/uploads\\\/2023\\\/09\\\/FB_IMG_1694795523683-1.jpg\",\"width\":720,\"height\":542},{\"@type\":\"BreadcrumbList\",\"@id\":\"https:\\\/\\\/www.latribunedufaso.net\\\/?p=9210#breadcrumb\",\"itemListElement\":[{\"@type\":\"ListItem\",\"position\":1,\"name\":\"Accueil\",\"item\":\"https:\\\/\\\/www.latribunedufaso.net\\\/\"},{\"@type\":\"ListItem\",\"position\":2,\"name\":\"Lutte contre le paludisme au Burkina Faso : Le CES r\u00e9fl\u00e9chi sur la contribution du vaccin R21\\\/Matrix-M et du moustique g\u00e9n\u00e9tiquement modifi\u00e9\"}]},{\"@type\":\"WebSite\",\"@id\":\"https:\\\/\\\/www.latribunedufaso.net\\\/#website\",\"url\":\"https:\\\/\\\/www.latribunedufaso.net\\\/\",\"name\":\"La Tribune du Faso\",\"description\":\"L&#039;information du monde rural en un clic\",\"publisher\":{\"@id\":\"https:\\\/\\\/www.latribunedufaso.net\\\/#organization\"},\"potentialAction\":[{\"@type\":\"SearchAction\",\"target\":{\"@type\":\"EntryPoint\",\"urlTemplate\":\"https:\\\/\\\/www.latribunedufaso.net\\\/?s={search_term_string}\"},\"query-input\":{\"@type\":\"PropertyValueSpecification\",\"valueRequired\":true,\"valueName\":\"search_term_string\"}}],\"inLanguage\":\"fr-FR\"},{\"@type\":\"Organization\",\"@id\":\"https:\\\/\\\/www.latribunedufaso.net\\\/#organization\",\"name\":\"La Tribune du Faso\",\"url\":\"https:\\\/\\\/www.latribunedufaso.net\\\/\",\"logo\":{\"@type\":\"ImageObject\",\"inLanguage\":\"fr-FR\",\"@id\":\"https:\\\/\\\/www.latribunedufaso.net\\\/#\\\/schema\\\/logo\\\/image\\\/\",\"url\":\"https:\\\/\\\/www.latribunedufaso.net\\\/wp-content\\\/uploads\\\/2020\\\/08\\\/Logo-Tribune-du-Faso-final-scaled.jpg\",\"contentUrl\":\"https:\\\/\\\/www.latribunedufaso.net\\\/wp-content\\\/uploads\\\/2020\\\/08\\\/Logo-Tribune-du-Faso-final-scaled.jpg\",\"width\":2560,\"height\":1856,\"caption\":\"La Tribune du Faso\"},\"image\":{\"@id\":\"https:\\\/\\\/www.latribunedufaso.net\\\/#\\\/schema\\\/logo\\\/image\\\/\"},\"sameAs\":[\"https:\\\/\\\/www.facebook.com\\\/LatribuneduFaso\\\/\"]},{\"@type\":\"Person\",\"@id\":\"https:\\\/\\\/www.latribunedufaso.net\\\/#\\\/schema\\\/person\\\/e54e64c5778a7e72cf80a318b7a622b0\",\"name\":\"Issouf Tapsoba\",\"image\":{\"@type\":\"ImageObject\",\"inLanguage\":\"fr-FR\",\"@id\":\"https:\\\/\\\/secure.gravatar.com\\\/avatar\\\/5e6c05150ce3230247d167f5b94d678eb05936197436d69b7921e3a95c9107ac?s=96&d=mm&r=g\",\"url\":\"https:\\\/\\\/secure.gravatar.com\\\/avatar\\\/5e6c05150ce3230247d167f5b94d678eb05936197436d69b7921e3a95c9107ac?s=96&d=mm&r=g\",\"contentUrl\":\"https:\\\/\\\/secure.gravatar.com\\\/avatar\\\/5e6c05150ce3230247d167f5b94d678eb05936197436d69b7921e3a95c9107ac?s=96&d=mm&r=g\",\"caption\":\"Issouf Tapsoba\"},\"url\":\"https:\\\/\\\/www.latribunedufaso.net\\\/?author=5\"}]}<\/script>\n<!-- \/ Yoast SEO plugin. -->","yoast_head_json":{"title":"Lutte contre le paludisme au Burkina Faso : Le CES r\u00e9fl\u00e9chi sur la contribution du vaccin R21\/Matrix-M et du moustique g\u00e9n\u00e9tiquement modifi\u00e9 - La Tribune du Faso","robots":{"index":"index","follow":"follow","max-snippet":"max-snippet:-1","max-image-preview":"max-image-preview:large","max-video-preview":"max-video-preview:-1"},"canonical":"https:\/\/www.latribunedufaso.net\/?p=9210","og_locale":"fr_FR","og_type":"article","og_title":"Lutte contre le paludisme au Burkina Faso : Le CES r\u00e9fl\u00e9chi sur la contribution du vaccin R21\/Matrix-M et du moustique g\u00e9n\u00e9tiquement modifi\u00e9 - La Tribune du Faso","og_description":"Le Conseil \u00e9conomique et social (CES) tient ce vendredi 15 septembre 2023 \u00e0 Ouagadougou, une conf\u00e9rence publique sur le th\u00e8me \u00ab Contribution du vaccin R21\/Matrix-M et du moustique g\u00e9n\u00e9tiquement modifi\u00e9 dans la lutte contre le paludisme au Burkina Faso \u00bb. Cette rencontre est pr\u00e9sid\u00e9e par le pr\u00e9sident de ladite structure, Bonaventure Ou\u00e9draogo.","og_url":"https:\/\/www.latribunedufaso.net\/?p=9210","og_site_name":"La Tribune du Faso","article_publisher":"https:\/\/www.facebook.com\/LatribuneduFaso\/","article_published_time":"2023-09-15T16:36:05+00:00","og_image":[{"width":720,"height":542,"url":"https:\/\/www.latribunedufaso.net\/wp-content\/uploads\/2023\/09\/FB_IMG_1694795523683-1.jpg","type":"image\/jpeg"}],"author":"Issouf Tapsoba","twitter_misc":{"\u00c9crit par":"Issouf Tapsoba","Dur\u00e9e de lecture estim\u00e9e":"3 minutes"},"schema":{"@context":"https:\/\/schema.org","@graph":[{"@type":"Article","@id":"https:\/\/www.latribunedufaso.net\/?p=9210#article","isPartOf":{"@id":"https:\/\/www.latribunedufaso.net\/?p=9210"},"author":{"name":"Issouf Tapsoba","@id":"https:\/\/www.latribunedufaso.net\/#\/schema\/person\/e54e64c5778a7e72cf80a318b7a622b0"},"headline":"Lutte contre le paludisme au Burkina Faso : Le CES r\u00e9fl\u00e9chi sur la contribution du vaccin R21\/Matrix-M et du moustique g\u00e9n\u00e9tiquement modifi\u00e9","datePublished":"2023-09-15T16:36:05+00:00","mainEntityOfPage":{"@id":"https:\/\/www.latribunedufaso.net\/?p=9210"},"wordCount":639,"commentCount":0,"publisher":{"@id":"https:\/\/www.latribunedufaso.net\/#organization"},"image":{"@id":"https:\/\/www.latribunedufaso.net\/?p=9210#primaryimage"},"thumbnailUrl":"https:\/\/www.latribunedufaso.net\/wp-content\/uploads\/2023\/09\/FB_IMG_1694795523683-1.jpg","articleSection":["A la une","Actualit\u00e9","Sant\u00e9"],"inLanguage":"fr-FR","potentialAction":[{"@type":"CommentAction","name":"Comment","target":["https:\/\/www.latribunedufaso.net\/?p=9210#respond"]}]},{"@type":"WebPage","@id":"https:\/\/www.latribunedufaso.net\/?p=9210","url":"https:\/\/www.latribunedufaso.net\/?p=9210","name":"Lutte contre le paludisme au Burkina Faso : Le CES r\u00e9fl\u00e9chi sur la contribution du vaccin R21\/Matrix-M et du moustique g\u00e9n\u00e9tiquement modifi\u00e9 - La Tribune du Faso","isPartOf":{"@id":"https:\/\/www.latribunedufaso.net\/#website"},"primaryImageOfPage":{"@id":"https:\/\/www.latribunedufaso.net\/?p=9210#primaryimage"},"image":{"@id":"https:\/\/www.latribunedufaso.net\/?p=9210#primaryimage"},"thumbnailUrl":"https:\/\/www.latribunedufaso.net\/wp-content\/uploads\/2023\/09\/FB_IMG_1694795523683-1.jpg","datePublished":"2023-09-15T16:36:05+00:00","breadcrumb":{"@id":"https:\/\/www.latribunedufaso.net\/?p=9210#breadcrumb"},"inLanguage":"fr-FR","potentialAction":[{"@type":"ReadAction","target":["https:\/\/www.latribunedufaso.net\/?p=9210"]}]},{"@type":"ImageObject","inLanguage":"fr-FR","@id":"https:\/\/www.latribunedufaso.net\/?p=9210#primaryimage","url":"https:\/\/www.latribunedufaso.net\/wp-content\/uploads\/2023\/09\/FB_IMG_1694795523683-1.jpg","contentUrl":"https:\/\/www.latribunedufaso.net\/wp-content\/uploads\/2023\/09\/FB_IMG_1694795523683-1.jpg","width":720,"height":542},{"@type":"BreadcrumbList","@id":"https:\/\/www.latribunedufaso.net\/?p=9210#breadcrumb","itemListElement":[{"@type":"ListItem","position":1,"name":"Accueil","item":"https:\/\/www.latribunedufaso.net\/"},{"@type":"ListItem","position":2,"name":"Lutte contre le paludisme au Burkina Faso : Le CES r\u00e9fl\u00e9chi sur la contribution du vaccin R21\/Matrix-M et du moustique g\u00e9n\u00e9tiquement modifi\u00e9"}]},{"@type":"WebSite","@id":"https:\/\/www.latribunedufaso.net\/#website","url":"https:\/\/www.latribunedufaso.net\/","name":"La Tribune du Faso","description":"L&#039;information du monde rural en un clic","publisher":{"@id":"https:\/\/www.latribunedufaso.net\/#organization"},"potentialAction":[{"@type":"SearchAction","target":{"@type":"EntryPoint","urlTemplate":"https:\/\/www.latribunedufaso.net\/?s={search_term_string}"},"query-input":{"@type":"PropertyValueSpecification","valueRequired":true,"valueName":"search_term_string"}}],"inLanguage":"fr-FR"},{"@type":"Organization","@id":"https:\/\/www.latribunedufaso.net\/#organization","name":"La Tribune du Faso","url":"https:\/\/www.latribunedufaso.net\/","logo":{"@type":"ImageObject","inLanguage":"fr-FR","@id":"https:\/\/www.latribunedufaso.net\/#\/schema\/logo\/image\/","url":"https:\/\/www.latribunedufaso.net\/wp-content\/uploads\/2020\/08\/Logo-Tribune-du-Faso-final-scaled.jpg","contentUrl":"https:\/\/www.latribunedufaso.net\/wp-content\/uploads\/2020\/08\/Logo-Tribune-du-Faso-final-scaled.jpg","width":2560,"height":1856,"caption":"La Tribune du Faso"},"image":{"@id":"https:\/\/www.latribunedufaso.net\/#\/schema\/logo\/image\/"},"sameAs":["https:\/\/www.facebook.com\/LatribuneduFaso\/"]},{"@type":"Person","@id":"https:\/\/www.latribunedufaso.net\/#\/schema\/person\/e54e64c5778a7e72cf80a318b7a622b0","name":"Issouf Tapsoba","image":{"@type":"ImageObject","inLanguage":"fr-FR","@id":"https:\/\/secure.gravatar.com\/avatar\/5e6c05150ce3230247d167f5b94d678eb05936197436d69b7921e3a95c9107ac?s=96&d=mm&r=g","url":"https:\/\/secure.gravatar.com\/avatar\/5e6c05150ce3230247d167f5b94d678eb05936197436d69b7921e3a95c9107ac?s=96&d=mm&r=g","contentUrl":"https:\/\/secure.gravatar.com\/avatar\/5e6c05150ce3230247d167f5b94d678eb05936197436d69b7921e3a95c9107ac?s=96&d=mm&r=g","caption":"Issouf Tapsoba"},"url":"https:\/\/www.latribunedufaso.net\/?author=5"}]}},"_links":{"self":[{"href":"https:\/\/www.latribunedufaso.net\/index.php?rest_route=\/wp\/v2\/posts\/9210","targetHints":{"allow":["GET"]}}],"collection":[{"href":"https:\/\/www.latribunedufaso.net\/index.php?rest_route=\/wp\/v2\/posts"}],"about":[{"href":"https:\/\/www.latribunedufaso.net\/index.php?rest_route=\/wp\/v2\/types\/post"}],"author":[{"embeddable":true,"href":"https:\/\/www.latribunedufaso.net\/index.php?rest_route=\/wp\/v2\/users\/5"}],"replies":[{"embeddable":true,"href":"https:\/\/www.latribunedufaso.net\/index.php?rest_route=%2Fwp%2Fv2%2Fcomments&post=9210"}],"version-history":[{"count":2,"href":"https:\/\/www.latribunedufaso.net\/index.php?rest_route=\/wp\/v2\/posts\/9210\/revisions"}],"predecessor-version":[{"id":9216,"href":"https:\/\/www.latribunedufaso.net\/index.php?rest_route=\/wp\/v2\/posts\/9210\/revisions\/9216"}],"wp:featuredmedia":[{"embeddable":true,"href":"https:\/\/www.latribunedufaso.net\/index.php?rest_route=\/wp\/v2\/media\/9213"}],"wp:attachment":[{"href":"https:\/\/www.latribunedufaso.net\/index.php?rest_route=%2Fwp%2Fv2%2Fmedia&parent=9210"}],"wp:term":[{"taxonomy":"category","embeddable":true,"href":"https:\/\/www.latribunedufaso.net\/index.php?rest_route=%2Fwp%2Fv2%2Fcategories&post=9210"},{"taxonomy":"post_tag","embeddable":true,"href":"https:\/\/www.latribunedufaso.net\/index.php?rest_route=%2Fwp%2Fv2%2Ftags&post=9210"}],"curies":[{"name":"wp","href":"https:\/\/api.w.org\/{rel}","templated":true}]}}