{"id":9161,"date":"2023-09-12T01:23:18","date_gmt":"2023-09-12T01:23:18","guid":{"rendered":"https:\/\/www.latribunedufaso.net\/?p=9161"},"modified":"2023-09-13T01:23:37","modified_gmt":"2023-09-13T01:23:37","slug":"reamenagements-tarifaires-de-la-sonabel-le-citoyen-lambda-ne-sera-pas-impacte-rassure-le-ministre-boussim","status":"publish","type":"post","link":"https:\/\/www.latribunedufaso.net\/?p=9161","title":{"rendered":"R\u00e9am\u00e9nagements tarifaires de la SONABEL : Le citoyen lambda ne sera pas impact\u00e9, rassure le ministre Boussim"},"content":{"rendered":"<p><strong><span style=\"font-size: 1.0625rem;\">Ce mardi 12 septembre 2023 \u00e0 Ouagadougou, le ministre de l\u2019Energie, des Mines et des Carri\u00e8res, Simon-Pierre Boussim a anim\u00e9 un point de presse sur 2 sujets d\u2019int\u00e9r\u00eat national. Il s\u2019agit des r\u00e9am\u00e9nagements tarifaires des gros clients et la r\u00e9duction des subventions de combustibles \u00e0 la SONABEL et l\u2019autorisation d\u2019installation et d\u2019exploitation de bornes de recharge pour v\u00e9hicules \u00e9lectriques au Burkina Faso.<\/span><\/strong><br \/><!--more--><\/p>\n<p>Selon le ministre, au regard de la situation \u00e9nerg\u00e9tique et \u00e9conomique du pays, l\u2019Etat a revu ses priorit\u00e9s en mati\u00e8res de d\u00e9penses publiques. Cette nouvelle donne induit la n\u00e9cessit\u00e9 d\u2019une r\u00e9duction progressive des diff\u00e9rentes subventions. Dans cette optique, le conseil des ministres, en sa s\u00e9ance du 06 septembre 2023, a adopt\u00e9 une s\u00e9rie de mesures qui entreront en vigueur \u00e0 partir du 1er octobre.<\/p>\n<p>Ils s\u2019agit notamment d\u2019un r\u00e9am\u00e9nagement de la structure tarifaire de la SONABEL qui consiste \u00e0 d\u00e9placer les tarifs \u00e9lev\u00e9s de la journ\u00e9e vers la pointe de la soir\u00e9e et les tarifs moins \u00e9lev\u00e9s de la soir\u00e9e vers la journ\u00e9e. Ce r\u00e9am\u00e9nagement devrait inciter les gros consommateurs \u00e0 d\u00e9placer leur demande \u00e9nerg\u00e9tique de la nuit vers la journ\u00e9e.<\/p>\n<p>Aussi, il y a l\u2019application des tarifs non subventionn\u00e9s \u00e0 certaines cat\u00e9gories de clients dont notamment les banques et autres \u00e9tablissements financiers, les soci\u00e9t\u00e9s d\u2019assurance, les compagnies de t\u00e9l\u00e9communication, les institutions internationales et les enclaves diplomatiques.<\/p>\n<p>Par ailleurs, le gouvernement envisage la n\u00e9gociation de tarif aux clients demandant plus de 10 M\u00e9ga Watt. L\u2019objectif est de donner la possibilit\u00e9 aux industriels et autres gros consommateurs qui d\u00e9sirent faire des investissements dans le secteur de l\u2019\u00e9nergie, d\u2019avoir la possibilit\u00e9 de n\u00e9gocier des avantages sur leur facturation.<\/p>\n<figure id=\"attachment_9162\" aria-describedby=\"caption-attachment-9162\" style=\"width: 300px\" class=\"wp-caption alignleft\"><a href=\"https:\/\/www.latribunedufaso.net\/wp-content\/uploads\/2023\/09\/IMG_20230912_152239_051-scaled.jpg\"><img loading=\"lazy\" decoding=\"async\" class=\"wp-image-9162 size-medium\" src=\"https:\/\/www.latribunedufaso.net\/wp-content\/uploads\/2023\/09\/IMG_20230912_152239_051-300x225.jpg\" width=\"300\" height=\"225\" srcset=\"https:\/\/www.latribunedufaso.net\/wp-content\/uploads\/2023\/09\/IMG_20230912_152239_051-300x225.jpg 300w, https:\/\/www.latribunedufaso.net\/wp-content\/uploads\/2023\/09\/IMG_20230912_152239_051-1024x768.jpg 1024w, https:\/\/www.latribunedufaso.net\/wp-content\/uploads\/2023\/09\/IMG_20230912_152239_051-768x576.jpg 768w, https:\/\/www.latribunedufaso.net\/wp-content\/uploads\/2023\/09\/IMG_20230912_152239_051-1536x1152.jpg 1536w, https:\/\/www.latribunedufaso.net\/wp-content\/uploads\/2023\/09\/IMG_20230912_152239_051-2048x1536.jpg 2048w\" sizes=\"auto, (max-width: 300px) 100vw, 300px\" \/><\/a><figcaption id=\"caption-attachment-9162\" class=\"wp-caption-text\">Le ministre de l&rsquo;Energie, Simon-Pierre Boussim assure que la mise en \u0153uvre de ces mesures concernera uniquement les tarifs des grandes entreprises et non le citoyen lambda<\/figcaption><\/figure>\n<p>Toujours dans les mesures, il faut aussi noter le r\u00e9am\u00e9nagement de tarif pour mauvais facteur de puissance, par une relecture de la police d\u2019abonnement des gros consommateurs consistant \u00e0 la suppression de la bonification et le r\u00e9ajustement des p\u00e9nalit\u00e9s pour mauvaise consommation. En effet, il existe un syst\u00e8me qui consiste \u00e0 donner des bonus de consommation d\u2019\u00e9nergie aux gros clients qui \u00ab se comporte bien \u00bb et \u00e0 sanctionner les mauvais consommateurs par les p\u00e9nalit\u00e9s. Donc avec cette nouvelle mesure, \u00ab les bons consommateurs \u00bb recevront des lettres de f\u00e9licitation en lieu et place des bonifications et les p\u00e9nalit\u00e9s pour mauvaise consommation seront r\u00e9ajust\u00e9es.<\/p>\n<p>A en croire Simon-Pierre Boussim, la mise en \u0153uvre de ces mesures permettra d\u2019am\u00e9liorer la performance financi\u00e8re de la SONABEL et l\u2019Etat pourrait gagner pr\u00e8s de 10 milliards de FCFA. Il assure que la mise en \u0153uvre de ces mesures concernera uniquement les tarifs des grandes entreprises et non le citoyen lambda.<\/p>\n<p>Le second sujet abord\u00e9 a port\u00e9 sur le d\u00e9cret portant fixation des conditions de d\u00e9livrance de l\u2019autorisation d\u2019installation et d\u2019exploitation de station de recharge pour v\u00e9hicules \u00e9lectriques au Burkina Faso. Le ministre informe que toute personnes physique ou morale est d\u00e9sormais autoris\u00e9e \u00e0 entreprendre dans ce domaine.<\/p>\n<p>La d\u00e9livrance de l\u2019autorisation est r\u00e9serv\u00e9e au minist\u00e8re de l\u2019Energie. \u00ab Elle concerne tout v\u00e9hicule \u00e0 moteur \u00e9quip\u00e9 d\u2019un syst\u00e8me de propulsion comprenant au moins un convertisseur d\u2019\u00e9nergie sous la forme d\u2019un moteur \u00e9lectrique non p\u00e9riph\u00e9rique, \u00e9quip\u00e9 d\u2019un syst\u00e8me de stockage de l\u2019\u00e9nergie \u00e9lectrique rechargeable \u00e0 partir d\u2019une source ext\u00e9rieure \u00bb, a expliqu\u00e9 le ministre.<\/p>\n<p>Ces infrastructures de recharges seront d\u00e9ploy\u00e9s dans les endroits am\u00e9nag\u00e9s \u00e0 cet effet (parkings publics, stations de distribution des produits p\u00e9troliers disposant d\u2019espace suffisant, le long des grands axes routiers). Elles seront approvisionn\u00e9es par 2 sources d\u2019\u00e9nergie \u00e0 savoir la SONABEL et une source autonome de production d\u2019\u00e9nergie.<\/p>\n<p>Le contr\u00f4le de ces bornes de recharge pour v\u00e9hicules \u00e9lectriques sera assur\u00e9e par le minist\u00e8re \u00e0 travers l\u2019Agence nationale des \u00e9nergies renouvelables et de l\u2019\u00e9fficacit\u00e9 \u00e9nerg\u00e9tique (ANEREE).<\/p>\n<p>&nbsp;<\/p>\n<p><strong>Issouf Tapsoba <\/strong><\/p>\n<p><strong>Latribunedufaso.net<\/strong><\/p>\n","protected":false},"excerpt":{"rendered":"<p>Ce mardi 12 septembre 2023 \u00e0 Ouagadougou, le ministre de l\u2019Energie, des Mines et des Carri\u00e8res, Simon-Pierre Boussim a anim\u00e9 un point de presse sur 2 sujets d\u2019int\u00e9r\u00eat national. Il s\u2019agit des r\u00e9am\u00e9nagements tarifaires des gros clients et la r\u00e9duction des subventions de combustibles \u00e0 la SONABEL et l\u2019autorisation d\u2019installation et d\u2019exploitation de bornes de recharge pour v\u00e9hicules \u00e9lectriques au Burkina Faso.<\/p>\n","protected":false},"author":5,"featured_media":9164,"comment_status":"open","ping_status":"open","sticky":false,"template":"","format":"standard","meta":{"footnotes":""},"categories":[13,1,20],"tags":[],"class_list":["post-9161","post","type-post","status-publish","format-standard","has-post-thumbnail","hentry","category-une","category-actu","category-energie"],"yoast_head":"<!-- This site is optimized with the Yoast SEO plugin v27.4 - https:\/\/yoast.com\/product\/yoast-seo-wordpress\/ -->\n<title>R\u00e9am\u00e9nagements tarifaires de la SONABEL : Le citoyen lambda ne sera pas impact\u00e9, rassure le ministre Boussim - La Tribune du Faso<\/title>\n<meta name=\"robots\" content=\"index, follow, max-snippet:-1, max-image-preview:large, max-video-preview:-1\" \/>\n<link rel=\"canonical\" href=\"https:\/\/www.latribunedufaso.net\/?p=9161\" \/>\n<meta property=\"og:locale\" content=\"fr_FR\" \/>\n<meta property=\"og:type\" content=\"article\" \/>\n<meta property=\"og:title\" content=\"R\u00e9am\u00e9nagements tarifaires de la SONABEL : Le citoyen lambda ne sera pas impact\u00e9, rassure le ministre Boussim - La Tribune du Faso\" \/>\n<meta property=\"og:description\" content=\"Ce mardi 12 septembre 2023 \u00e0 Ouagadougou, le ministre de l\u2019Energie, des Mines et des Carri\u00e8res, Simon-Pierre Boussim a anim\u00e9 un point de presse sur 2 sujets d\u2019int\u00e9r\u00eat national. Il s\u2019agit des r\u00e9am\u00e9nagements tarifaires des gros clients et la r\u00e9duction des subventions de combustibles \u00e0 la SONABEL et l\u2019autorisation d\u2019installation et d\u2019exploitation de bornes de recharge pour v\u00e9hicules \u00e9lectriques au Burkina Faso.\" \/>\n<meta property=\"og:url\" content=\"https:\/\/www.latribunedufaso.net\/?p=9161\" \/>\n<meta property=\"og:site_name\" content=\"La Tribune du Faso\" \/>\n<meta property=\"article:publisher\" content=\"https:\/\/www.facebook.com\/LatribuneduFaso\/\" \/>\n<meta property=\"article:published_time\" content=\"2023-09-12T01:23:18+00:00\" \/>\n<meta property=\"article:modified_time\" content=\"2023-09-13T01:23:37+00:00\" \/>\n<meta property=\"og:image\" content=\"https:\/\/www.latribunedufaso.net\/wp-content\/uploads\/2023\/09\/IMG_20230912_152322_052-scaled.jpg\" \/>\n\t<meta property=\"og:image:width\" content=\"2560\" \/>\n\t<meta property=\"og:image:height\" content=\"1920\" \/>\n\t<meta property=\"og:image:type\" content=\"image\/jpeg\" \/>\n<meta name=\"author\" content=\"Issouf Tapsoba\" \/>\n<meta name=\"twitter:label1\" content=\"\u00c9crit par\" \/>\n\t<meta name=\"twitter:data1\" content=\"Issouf Tapsoba\" \/>\n\t<meta name=\"twitter:label2\" content=\"Dur\u00e9e de lecture estim\u00e9e\" \/>\n\t<meta name=\"twitter:data2\" content=\"4 minutes\" \/>\n<script type=\"application\/ld+json\" class=\"yoast-schema-graph\">{\"@context\":\"https:\\\/\\\/schema.org\",\"@graph\":[{\"@type\":\"Article\",\"@id\":\"https:\\\/\\\/www.latribunedufaso.net\\\/?p=9161#article\",\"isPartOf\":{\"@id\":\"https:\\\/\\\/www.latribunedufaso.net\\\/?p=9161\"},\"author\":{\"name\":\"Issouf Tapsoba\",\"@id\":\"https:\\\/\\\/www.latribunedufaso.net\\\/#\\\/schema\\\/person\\\/e54e64c5778a7e72cf80a318b7a622b0\"},\"headline\":\"R\u00e9am\u00e9nagements tarifaires de la SONABEL : Le citoyen lambda ne sera pas impact\u00e9, rassure le ministre Boussim\",\"datePublished\":\"2023-09-12T01:23:18+00:00\",\"dateModified\":\"2023-09-13T01:23:37+00:00\",\"mainEntityOfPage\":{\"@id\":\"https:\\\/\\\/www.latribunedufaso.net\\\/?p=9161\"},\"wordCount\":747,\"commentCount\":0,\"publisher\":{\"@id\":\"https:\\\/\\\/www.latribunedufaso.net\\\/#organization\"},\"image\":{\"@id\":\"https:\\\/\\\/www.latribunedufaso.net\\\/?p=9161#primaryimage\"},\"thumbnailUrl\":\"https:\\\/\\\/www.latribunedufaso.net\\\/wp-content\\\/uploads\\\/2023\\\/09\\\/IMG_20230912_152322_052-scaled.jpg\",\"articleSection\":[\"A la une\",\"Actualit\u00e9\",\"Energie\"],\"inLanguage\":\"fr-FR\",\"potentialAction\":[{\"@type\":\"CommentAction\",\"name\":\"Comment\",\"target\":[\"https:\\\/\\\/www.latribunedufaso.net\\\/?p=9161#respond\"]}]},{\"@type\":\"WebPage\",\"@id\":\"https:\\\/\\\/www.latribunedufaso.net\\\/?p=9161\",\"url\":\"https:\\\/\\\/www.latribunedufaso.net\\\/?p=9161\",\"name\":\"R\u00e9am\u00e9nagements tarifaires de la SONABEL : Le citoyen lambda ne sera pas impact\u00e9, rassure le ministre Boussim - La Tribune du Faso\",\"isPartOf\":{\"@id\":\"https:\\\/\\\/www.latribunedufaso.net\\\/#website\"},\"primaryImageOfPage\":{\"@id\":\"https:\\\/\\\/www.latribunedufaso.net\\\/?p=9161#primaryimage\"},\"image\":{\"@id\":\"https:\\\/\\\/www.latribunedufaso.net\\\/?p=9161#primaryimage\"},\"thumbnailUrl\":\"https:\\\/\\\/www.latribunedufaso.net\\\/wp-content\\\/uploads\\\/2023\\\/09\\\/IMG_20230912_152322_052-scaled.jpg\",\"datePublished\":\"2023-09-12T01:23:18+00:00\",\"dateModified\":\"2023-09-13T01:23:37+00:00\",\"breadcrumb\":{\"@id\":\"https:\\\/\\\/www.latribunedufaso.net\\\/?p=9161#breadcrumb\"},\"inLanguage\":\"fr-FR\",\"potentialAction\":[{\"@type\":\"ReadAction\",\"target\":[\"https:\\\/\\\/www.latribunedufaso.net\\\/?p=9161\"]}]},{\"@type\":\"ImageObject\",\"inLanguage\":\"fr-FR\",\"@id\":\"https:\\\/\\\/www.latribunedufaso.net\\\/?p=9161#primaryimage\",\"url\":\"https:\\\/\\\/www.latribunedufaso.net\\\/wp-content\\\/uploads\\\/2023\\\/09\\\/IMG_20230912_152322_052-scaled.jpg\",\"contentUrl\":\"https:\\\/\\\/www.latribunedufaso.net\\\/wp-content\\\/uploads\\\/2023\\\/09\\\/IMG_20230912_152322_052-scaled.jpg\",\"width\":2560,\"height\":1920},{\"@type\":\"BreadcrumbList\",\"@id\":\"https:\\\/\\\/www.latribunedufaso.net\\\/?p=9161#breadcrumb\",\"itemListElement\":[{\"@type\":\"ListItem\",\"position\":1,\"name\":\"Accueil\",\"item\":\"https:\\\/\\\/www.latribunedufaso.net\\\/\"},{\"@type\":\"ListItem\",\"position\":2,\"name\":\"R\u00e9am\u00e9nagements tarifaires de la SONABEL : Le citoyen lambda ne sera pas impact\u00e9, rassure le ministre Boussim\"}]},{\"@type\":\"WebSite\",\"@id\":\"https:\\\/\\\/www.latribunedufaso.net\\\/#website\",\"url\":\"https:\\\/\\\/www.latribunedufaso.net\\\/\",\"name\":\"La Tribune du Faso\",\"description\":\"L&#039;information du monde rural en un clic\",\"publisher\":{\"@id\":\"https:\\\/\\\/www.latribunedufaso.net\\\/#organization\"},\"potentialAction\":[{\"@type\":\"SearchAction\",\"target\":{\"@type\":\"EntryPoint\",\"urlTemplate\":\"https:\\\/\\\/www.latribunedufaso.net\\\/?s={search_term_string}\"},\"query-input\":{\"@type\":\"PropertyValueSpecification\",\"valueRequired\":true,\"valueName\":\"search_term_string\"}}],\"inLanguage\":\"fr-FR\"},{\"@type\":\"Organization\",\"@id\":\"https:\\\/\\\/www.latribunedufaso.net\\\/#organization\",\"name\":\"La Tribune du Faso\",\"url\":\"https:\\\/\\\/www.latribunedufaso.net\\\/\",\"logo\":{\"@type\":\"ImageObject\",\"inLanguage\":\"fr-FR\",\"@id\":\"https:\\\/\\\/www.latribunedufaso.net\\\/#\\\/schema\\\/logo\\\/image\\\/\",\"url\":\"https:\\\/\\\/www.latribunedufaso.net\\\/wp-content\\\/uploads\\\/2020\\\/08\\\/Logo-Tribune-du-Faso-final-scaled.jpg\",\"contentUrl\":\"https:\\\/\\\/www.latribunedufaso.net\\\/wp-content\\\/uploads\\\/2020\\\/08\\\/Logo-Tribune-du-Faso-final-scaled.jpg\",\"width\":2560,\"height\":1856,\"caption\":\"La Tribune du Faso\"},\"image\":{\"@id\":\"https:\\\/\\\/www.latribunedufaso.net\\\/#\\\/schema\\\/logo\\\/image\\\/\"},\"sameAs\":[\"https:\\\/\\\/www.facebook.com\\\/LatribuneduFaso\\\/\"]},{\"@type\":\"Person\",\"@id\":\"https:\\\/\\\/www.latribunedufaso.net\\\/#\\\/schema\\\/person\\\/e54e64c5778a7e72cf80a318b7a622b0\",\"name\":\"Issouf Tapsoba\",\"image\":{\"@type\":\"ImageObject\",\"inLanguage\":\"fr-FR\",\"@id\":\"https:\\\/\\\/secure.gravatar.com\\\/avatar\\\/5e6c05150ce3230247d167f5b94d678eb05936197436d69b7921e3a95c9107ac?s=96&d=mm&r=g\",\"url\":\"https:\\\/\\\/secure.gravatar.com\\\/avatar\\\/5e6c05150ce3230247d167f5b94d678eb05936197436d69b7921e3a95c9107ac?s=96&d=mm&r=g\",\"contentUrl\":\"https:\\\/\\\/secure.gravatar.com\\\/avatar\\\/5e6c05150ce3230247d167f5b94d678eb05936197436d69b7921e3a95c9107ac?s=96&d=mm&r=g\",\"caption\":\"Issouf Tapsoba\"},\"url\":\"https:\\\/\\\/www.latribunedufaso.net\\\/?author=5\"}]}<\/script>\n<!-- \/ Yoast SEO plugin. -->","yoast_head_json":{"title":"R\u00e9am\u00e9nagements tarifaires de la SONABEL : Le citoyen lambda ne sera pas impact\u00e9, rassure le ministre Boussim - La Tribune du Faso","robots":{"index":"index","follow":"follow","max-snippet":"max-snippet:-1","max-image-preview":"max-image-preview:large","max-video-preview":"max-video-preview:-1"},"canonical":"https:\/\/www.latribunedufaso.net\/?p=9161","og_locale":"fr_FR","og_type":"article","og_title":"R\u00e9am\u00e9nagements tarifaires de la SONABEL : Le citoyen lambda ne sera pas impact\u00e9, rassure le ministre Boussim - La Tribune du Faso","og_description":"Ce mardi 12 septembre 2023 \u00e0 Ouagadougou, le ministre de l\u2019Energie, des Mines et des Carri\u00e8res, Simon-Pierre Boussim a anim\u00e9 un point de presse sur 2 sujets d\u2019int\u00e9r\u00eat national. Il s\u2019agit des r\u00e9am\u00e9nagements tarifaires des gros clients et la r\u00e9duction des subventions de combustibles \u00e0 la SONABEL et l\u2019autorisation d\u2019installation et d\u2019exploitation de bornes de recharge pour v\u00e9hicules \u00e9lectriques au Burkina Faso.","og_url":"https:\/\/www.latribunedufaso.net\/?p=9161","og_site_name":"La Tribune du Faso","article_publisher":"https:\/\/www.facebook.com\/LatribuneduFaso\/","article_published_time":"2023-09-12T01:23:18+00:00","article_modified_time":"2023-09-13T01:23:37+00:00","og_image":[{"width":2560,"height":1920,"url":"https:\/\/www.latribunedufaso.net\/wp-content\/uploads\/2023\/09\/IMG_20230912_152322_052-scaled.jpg","type":"image\/jpeg"}],"author":"Issouf Tapsoba","twitter_misc":{"\u00c9crit par":"Issouf Tapsoba","Dur\u00e9e de lecture estim\u00e9e":"4 minutes"},"schema":{"@context":"https:\/\/schema.org","@graph":[{"@type":"Article","@id":"https:\/\/www.latribunedufaso.net\/?p=9161#article","isPartOf":{"@id":"https:\/\/www.latribunedufaso.net\/?p=9161"},"author":{"name":"Issouf Tapsoba","@id":"https:\/\/www.latribunedufaso.net\/#\/schema\/person\/e54e64c5778a7e72cf80a318b7a622b0"},"headline":"R\u00e9am\u00e9nagements tarifaires de la SONABEL : Le citoyen lambda ne sera pas impact\u00e9, rassure le ministre Boussim","datePublished":"2023-09-12T01:23:18+00:00","dateModified":"2023-09-13T01:23:37+00:00","mainEntityOfPage":{"@id":"https:\/\/www.latribunedufaso.net\/?p=9161"},"wordCount":747,"commentCount":0,"publisher":{"@id":"https:\/\/www.latribunedufaso.net\/#organization"},"image":{"@id":"https:\/\/www.latribunedufaso.net\/?p=9161#primaryimage"},"thumbnailUrl":"https:\/\/www.latribunedufaso.net\/wp-content\/uploads\/2023\/09\/IMG_20230912_152322_052-scaled.jpg","articleSection":["A la une","Actualit\u00e9","Energie"],"inLanguage":"fr-FR","potentialAction":[{"@type":"CommentAction","name":"Comment","target":["https:\/\/www.latribunedufaso.net\/?p=9161#respond"]}]},{"@type":"WebPage","@id":"https:\/\/www.latribunedufaso.net\/?p=9161","url":"https:\/\/www.latribunedufaso.net\/?p=9161","name":"R\u00e9am\u00e9nagements tarifaires de la SONABEL : Le citoyen lambda ne sera pas impact\u00e9, rassure le ministre Boussim - La Tribune du Faso","isPartOf":{"@id":"https:\/\/www.latribunedufaso.net\/#website"},"primaryImageOfPage":{"@id":"https:\/\/www.latribunedufaso.net\/?p=9161#primaryimage"},"image":{"@id":"https:\/\/www.latribunedufaso.net\/?p=9161#primaryimage"},"thumbnailUrl":"https:\/\/www.latribunedufaso.net\/wp-content\/uploads\/2023\/09\/IMG_20230912_152322_052-scaled.jpg","datePublished":"2023-09-12T01:23:18+00:00","dateModified":"2023-09-13T01:23:37+00:00","breadcrumb":{"@id":"https:\/\/www.latribunedufaso.net\/?p=9161#breadcrumb"},"inLanguage":"fr-FR","potentialAction":[{"@type":"ReadAction","target":["https:\/\/www.latribunedufaso.net\/?p=9161"]}]},{"@type":"ImageObject","inLanguage":"fr-FR","@id":"https:\/\/www.latribunedufaso.net\/?p=9161#primaryimage","url":"https:\/\/www.latribunedufaso.net\/wp-content\/uploads\/2023\/09\/IMG_20230912_152322_052-scaled.jpg","contentUrl":"https:\/\/www.latribunedufaso.net\/wp-content\/uploads\/2023\/09\/IMG_20230912_152322_052-scaled.jpg","width":2560,"height":1920},{"@type":"BreadcrumbList","@id":"https:\/\/www.latribunedufaso.net\/?p=9161#breadcrumb","itemListElement":[{"@type":"ListItem","position":1,"name":"Accueil","item":"https:\/\/www.latribunedufaso.net\/"},{"@type":"ListItem","position":2,"name":"R\u00e9am\u00e9nagements tarifaires de la SONABEL : Le citoyen lambda ne sera pas impact\u00e9, rassure le ministre Boussim"}]},{"@type":"WebSite","@id":"https:\/\/www.latribunedufaso.net\/#website","url":"https:\/\/www.latribunedufaso.net\/","name":"La Tribune du Faso","description":"L&#039;information du monde rural en un clic","publisher":{"@id":"https:\/\/www.latribunedufaso.net\/#organization"},"potentialAction":[{"@type":"SearchAction","target":{"@type":"EntryPoint","urlTemplate":"https:\/\/www.latribunedufaso.net\/?s={search_term_string}"},"query-input":{"@type":"PropertyValueSpecification","valueRequired":true,"valueName":"search_term_string"}}],"inLanguage":"fr-FR"},{"@type":"Organization","@id":"https:\/\/www.latribunedufaso.net\/#organization","name":"La Tribune du Faso","url":"https:\/\/www.latribunedufaso.net\/","logo":{"@type":"ImageObject","inLanguage":"fr-FR","@id":"https:\/\/www.latribunedufaso.net\/#\/schema\/logo\/image\/","url":"https:\/\/www.latribunedufaso.net\/wp-content\/uploads\/2020\/08\/Logo-Tribune-du-Faso-final-scaled.jpg","contentUrl":"https:\/\/www.latribunedufaso.net\/wp-content\/uploads\/2020\/08\/Logo-Tribune-du-Faso-final-scaled.jpg","width":2560,"height":1856,"caption":"La Tribune du Faso"},"image":{"@id":"https:\/\/www.latribunedufaso.net\/#\/schema\/logo\/image\/"},"sameAs":["https:\/\/www.facebook.com\/LatribuneduFaso\/"]},{"@type":"Person","@id":"https:\/\/www.latribunedufaso.net\/#\/schema\/person\/e54e64c5778a7e72cf80a318b7a622b0","name":"Issouf Tapsoba","image":{"@type":"ImageObject","inLanguage":"fr-FR","@id":"https:\/\/secure.gravatar.com\/avatar\/5e6c05150ce3230247d167f5b94d678eb05936197436d69b7921e3a95c9107ac?s=96&d=mm&r=g","url":"https:\/\/secure.gravatar.com\/avatar\/5e6c05150ce3230247d167f5b94d678eb05936197436d69b7921e3a95c9107ac?s=96&d=mm&r=g","contentUrl":"https:\/\/secure.gravatar.com\/avatar\/5e6c05150ce3230247d167f5b94d678eb05936197436d69b7921e3a95c9107ac?s=96&d=mm&r=g","caption":"Issouf Tapsoba"},"url":"https:\/\/www.latribunedufaso.net\/?author=5"}]}},"_links":{"self":[{"href":"https:\/\/www.latribunedufaso.net\/index.php?rest_route=\/wp\/v2\/posts\/9161","targetHints":{"allow":["GET"]}}],"collection":[{"href":"https:\/\/www.latribunedufaso.net\/index.php?rest_route=\/wp\/v2\/posts"}],"about":[{"href":"https:\/\/www.latribunedufaso.net\/index.php?rest_route=\/wp\/v2\/types\/post"}],"author":[{"embeddable":true,"href":"https:\/\/www.latribunedufaso.net\/index.php?rest_route=\/wp\/v2\/users\/5"}],"replies":[{"embeddable":true,"href":"https:\/\/www.latribunedufaso.net\/index.php?rest_route=%2Fwp%2Fv2%2Fcomments&post=9161"}],"version-history":[{"count":1,"href":"https:\/\/www.latribunedufaso.net\/index.php?rest_route=\/wp\/v2\/posts\/9161\/revisions"}],"predecessor-version":[{"id":9163,"href":"https:\/\/www.latribunedufaso.net\/index.php?rest_route=\/wp\/v2\/posts\/9161\/revisions\/9163"}],"wp:featuredmedia":[{"embeddable":true,"href":"https:\/\/www.latribunedufaso.net\/index.php?rest_route=\/wp\/v2\/media\/9164"}],"wp:attachment":[{"href":"https:\/\/www.latribunedufaso.net\/index.php?rest_route=%2Fwp%2Fv2%2Fmedia&parent=9161"}],"wp:term":[{"taxonomy":"category","embeddable":true,"href":"https:\/\/www.latribunedufaso.net\/index.php?rest_route=%2Fwp%2Fv2%2Fcategories&post=9161"},{"taxonomy":"post_tag","embeddable":true,"href":"https:\/\/www.latribunedufaso.net\/index.php?rest_route=%2Fwp%2Fv2%2Ftags&post=9161"}],"curies":[{"name":"wp","href":"https:\/\/api.w.org\/{rel}","templated":true}]}}