{"id":9137,"date":"2023-09-11T19:34:56","date_gmt":"2023-09-11T19:34:56","guid":{"rendered":"https:\/\/www.latribunedufaso.net\/?p=9137"},"modified":"2023-09-11T19:34:56","modified_gmt":"2023-09-11T19:34:56","slug":"dialogue-social-le-chef-de-letat-echange-avec-les-commercants-des-marches-et-yaars","status":"publish","type":"post","link":"https:\/\/www.latribunedufaso.net\/?p=9137","title":{"rendered":"Dialogue social : le Chef de l\u2019Etat \u00e9change avec les commer\u00e7ants des march\u00e9s et yaars"},"content":{"rendered":"<p><strong><span style=\"font-size: 1.0625rem;\">(Ouagadougou, 11 septembre 2023). Le Pr\u00e9sident de la Transition, Chef de l\u2019Etat, le Capitaine Ibrahim TRAORE, s\u2019est entretenu ce lundi matin avec les repr\u00e9sentants des commer\u00e7ants des march\u00e9s et yaars du Burkina Faso. A travers des \u00e9changes directs, les repr\u00e9sentants des femmes, des personnes \u00e2g\u00e9es et des jeunes ont r\u00e9affirm\u00e9 leur soutien ind\u00e9fectible \u00e0 la Transition, et \u00e9gren\u00e9 un chapelet de dol\u00e9ances adress\u00e9es au Chef de l\u2019Etat.<\/span><\/strong><br \/><!--more--><\/p>\n<p>L\u2019Union nationale des Associations des Commer\u00e7ants par la voix de son secr\u00e9taire g\u00e9n\u00e9ral, Issaka ROUAMBA a sollicit\u00e9 aupr\u00e8s du Pr\u00e9sident de la Transition, un accompagnement pour \u00ab la mise en place d\u2019une soci\u00e9t\u00e9 de microfinance au profit de leurs membres des march\u00e9s avec un taux de remboursement acceptable, la formation professionnelle et la modernisation des infrastructures marchandes \u00bb.<\/p>\n<p><a href=\"https:\/\/www.latribunedufaso.net\/wp-content\/uploads\/2023\/09\/FB_IMG_1694460564264.jpg\"><img loading=\"lazy\" decoding=\"async\" class=\"size-medium wp-image-9141 alignleft\" src=\"https:\/\/www.latribunedufaso.net\/wp-content\/uploads\/2023\/09\/FB_IMG_1694460564264-300x200.jpg\" alt=\"\" width=\"300\" height=\"200\" srcset=\"https:\/\/www.latribunedufaso.net\/wp-content\/uploads\/2023\/09\/FB_IMG_1694460564264-300x200.jpg 300w, https:\/\/www.latribunedufaso.net\/wp-content\/uploads\/2023\/09\/FB_IMG_1694460564264-120x80.jpg 120w, https:\/\/www.latribunedufaso.net\/wp-content\/uploads\/2023\/09\/FB_IMG_1694460564264-360x240.jpg 360w, https:\/\/www.latribunedufaso.net\/wp-content\/uploads\/2023\/09\/FB_IMG_1694460564264-600x400.jpg 600w, https:\/\/www.latribunedufaso.net\/wp-content\/uploads\/2023\/09\/FB_IMG_1694460564264.jpg 720w\" sizes=\"auto, (max-width: 300px) 100vw, 300px\" \/><\/a>Tour \u00e0 tour, les repr\u00e9sentants des diff\u00e9rents march\u00e9s, ainsi que les repr\u00e9sentants de certaines r\u00e9gions ont partag\u00e9 avec le Chef de l\u2019Etat leur conviction quant \u00e0 la r\u00e9ussite de la mission du Pr\u00e9sident de la Transition qui est la reconqu\u00eate du territoire nationale. Ils ont, ensuite, \u00e9voqu\u00e9 les difficult\u00e9s auxquelles leur secteur est confront\u00e9. Il s\u2019agit essentiellement des tracasseries douani\u00e8res, de l\u2019ins\u00e9curit\u00e9 dans certains march\u00e9s et de l\u2019insalubrit\u00e9 constat\u00e9e dans la plupart des march\u00e9s.<\/p>\n<p>Le Chef de l\u2019Etat, convaincu que la situation s\u00e9curitaire a un impact n\u00e9gatif sur les activit\u00e9s des commer\u00e7ants, a salu\u00e9 leur r\u00e9silience et les a remerci\u00e9s pour le soutien dont il b\u00e9n\u00e9ficie de leur part. \u00ab Nous vous remercions \u00e9galement pour tout ce que vous apportez \u00e0 l\u2019\u00e9conomie de ce pays \u00bb, a ajout\u00e9 le Capitaine TRAORE. Il a aussi pr\u00e9sent\u00e9 les diff\u00e9rentes initiatives conduites sous sa houlette pour une am\u00e9lioration des conditions de vie des populations.<\/p>\n<p><a href=\"https:\/\/www.latribunedufaso.net\/wp-content\/uploads\/2023\/09\/FB_IMG_1694460556588.jpg\"><img loading=\"lazy\" decoding=\"async\" class=\"size-medium wp-image-9139 alignleft\" src=\"https:\/\/www.latribunedufaso.net\/wp-content\/uploads\/2023\/09\/FB_IMG_1694460556588-300x243.jpg\" alt=\"\" width=\"300\" height=\"243\" srcset=\"https:\/\/www.latribunedufaso.net\/wp-content\/uploads\/2023\/09\/FB_IMG_1694460556588-300x243.jpg 300w, https:\/\/www.latribunedufaso.net\/wp-content\/uploads\/2023\/09\/FB_IMG_1694460556588.jpg 720w\" sizes=\"auto, (max-width: 300px) 100vw, 300px\" \/><\/a>Apr\u00e8s avoir re\u00e7u le m\u00e9morandum qui comprend les dol\u00e9ances des commer\u00e7ants, le Chef de l\u2019Etat les a rassur\u00e9s que le gouvernement de la Transition est d\u00e9j\u00e0 sur des projets pour am\u00e9liorer leurs conditions \u00e0 travers le minist\u00e8re en charge des infrastructures. Il a aussi promis d&rsquo;\u00e9tudier minutieusement les pr\u00e9occupations en vue d\u2019y trouver des solutions p\u00e9rennes.<\/p>\n<p>Le Chef de l\u2019Etat a enfin invit\u00e9 les commer\u00e7ants \u00e0 souscrire \u00e0 l&rsquo;actionnariat populaire, \u00e0 travers l\u2019Agence pour la promotion de l\u2019entreprenariat communautaire (APEC), qui vise \u00e0 encourager la participation des Burkinab\u00e8 aux projets majeurs du pays.<\/p>\n<p><a href=\"https:\/\/www.latribunedufaso.net\/wp-content\/uploads\/2023\/09\/FB_IMG_1694460596630.jpg\"><\/a><a href=\"https:\/\/www.latribunedufaso.net\/wp-content\/uploads\/2023\/09\/FB_IMG_1694460564264.jpg\"><img loading=\"lazy\" decoding=\"async\" class=\"size-medium wp-image-9141 alignleft\" src=\"https:\/\/www.latribunedufaso.net\/wp-content\/uploads\/2023\/09\/FB_IMG_1694460564264-300x200.jpg\" alt=\"\" width=\"300\" height=\"200\" srcset=\"https:\/\/www.latribunedufaso.net\/wp-content\/uploads\/2023\/09\/FB_IMG_1694460564264-300x200.jpg 300w, https:\/\/www.latribunedufaso.net\/wp-content\/uploads\/2023\/09\/FB_IMG_1694460564264-120x80.jpg 120w, https:\/\/www.latribunedufaso.net\/wp-content\/uploads\/2023\/09\/FB_IMG_1694460564264-360x240.jpg 360w, https:\/\/www.latribunedufaso.net\/wp-content\/uploads\/2023\/09\/FB_IMG_1694460564264-600x400.jpg 600w, https:\/\/www.latribunedufaso.net\/wp-content\/uploads\/2023\/09\/FB_IMG_1694460564264.jpg 720w\" sizes=\"auto, (max-width: 300px) 100vw, 300px\" \/><\/a><a href=\"https:\/\/www.latribunedufaso.net\/wp-content\/uploads\/2023\/09\/FB_IMG_1694460596630.jpg\"><img loading=\"lazy\" decoding=\"async\" class=\"size-medium wp-image-9140 alignleft\" src=\"https:\/\/www.latribunedufaso.net\/wp-content\/uploads\/2023\/09\/FB_IMG_1694460596630-222x300.jpg\" alt=\"\" width=\"222\" height=\"300\" srcset=\"https:\/\/www.latribunedufaso.net\/wp-content\/uploads\/2023\/09\/FB_IMG_1694460596630-222x300.jpg 222w, https:\/\/www.latribunedufaso.net\/wp-content\/uploads\/2023\/09\/FB_IMG_1694460596630.jpg 710w\" sizes=\"auto, (max-width: 222px) 100vw, 222px\" \/><\/a><\/p>\n<p><strong>Latribunedufaso.net<\/strong><\/p>\n<p><strong>Source: Direction de la Communication de la Pr\u00e9sidence du Faso<\/strong><\/p>\n","protected":false},"excerpt":{"rendered":"<p>(Ouagadougou, 11 septembre 2023). Le Pr\u00e9sident de la Transition, Chef de l\u2019Etat, le Capitaine Ibrahim TRAORE, s\u2019est entretenu ce lundi matin avec les repr\u00e9sentants des commer\u00e7ants des march\u00e9s et yaars du Burkina Faso. A travers des \u00e9changes directs, les repr\u00e9sentants des femmes, des personnes \u00e2g\u00e9es et des jeunes ont r\u00e9affirm\u00e9 leur soutien ind\u00e9fectible \u00e0 la Transition, et \u00e9gren\u00e9 un chapelet de dol\u00e9ances adress\u00e9es au Chef de l\u2019Etat.<\/p>\n","protected":false},"author":5,"featured_media":9138,"comment_status":"open","ping_status":"open","sticky":false,"template":"","format":"standard","meta":{"footnotes":""},"categories":[13,1,10],"tags":[],"class_list":["post-9137","post","type-post","status-publish","format-standard","has-post-thumbnail","hentry","category-une","category-actu","category-eco"],"yoast_head":"<!-- This site is optimized with the Yoast SEO plugin v27.4 - https:\/\/yoast.com\/product\/yoast-seo-wordpress\/ -->\n<title>Dialogue social : le Chef de l\u2019Etat \u00e9change avec les commer\u00e7ants des march\u00e9s et yaars - La Tribune du Faso<\/title>\n<meta name=\"robots\" content=\"index, follow, max-snippet:-1, max-image-preview:large, max-video-preview:-1\" \/>\n<link rel=\"canonical\" href=\"https:\/\/www.latribunedufaso.net\/?p=9137\" \/>\n<meta property=\"og:locale\" content=\"fr_FR\" \/>\n<meta property=\"og:type\" content=\"article\" \/>\n<meta property=\"og:title\" content=\"Dialogue social : le Chef de l\u2019Etat \u00e9change avec les commer\u00e7ants des march\u00e9s et yaars - La Tribune du Faso\" \/>\n<meta property=\"og:description\" content=\"(Ouagadougou, 11 septembre 2023). Le Pr\u00e9sident de la Transition, Chef de l\u2019Etat, le Capitaine Ibrahim TRAORE, s\u2019est entretenu ce lundi matin avec les repr\u00e9sentants des commer\u00e7ants des march\u00e9s et yaars du Burkina Faso. A travers des \u00e9changes directs, les repr\u00e9sentants des femmes, des personnes \u00e2g\u00e9es et des jeunes ont r\u00e9affirm\u00e9 leur soutien ind\u00e9fectible \u00e0 la Transition, et \u00e9gren\u00e9 un chapelet de dol\u00e9ances adress\u00e9es au Chef de l\u2019Etat.\" \/>\n<meta property=\"og:url\" content=\"https:\/\/www.latribunedufaso.net\/?p=9137\" \/>\n<meta property=\"og:site_name\" content=\"La Tribune du Faso\" \/>\n<meta property=\"article:publisher\" content=\"https:\/\/www.facebook.com\/LatribuneduFaso\/\" \/>\n<meta property=\"article:published_time\" content=\"2023-09-11T19:34:56+00:00\" \/>\n<meta property=\"og:image\" content=\"https:\/\/www.latribunedufaso.net\/wp-content\/uploads\/2023\/09\/FB_IMG_1694460574183.jpg\" \/>\n\t<meta property=\"og:image:width\" content=\"720\" \/>\n\t<meta property=\"og:image:height\" content=\"518\" \/>\n\t<meta property=\"og:image:type\" content=\"image\/jpeg\" \/>\n<meta name=\"author\" content=\"Issouf Tapsoba\" \/>\n<meta name=\"twitter:label1\" content=\"\u00c9crit par\" \/>\n\t<meta name=\"twitter:data1\" content=\"Issouf Tapsoba\" \/>\n\t<meta name=\"twitter:label2\" content=\"Dur\u00e9e de lecture estim\u00e9e\" \/>\n\t<meta name=\"twitter:data2\" content=\"2 minutes\" \/>\n<script type=\"application\/ld+json\" class=\"yoast-schema-graph\">{\"@context\":\"https:\\\/\\\/schema.org\",\"@graph\":[{\"@type\":\"Article\",\"@id\":\"https:\\\/\\\/www.latribunedufaso.net\\\/?p=9137#article\",\"isPartOf\":{\"@id\":\"https:\\\/\\\/www.latribunedufaso.net\\\/?p=9137\"},\"author\":{\"name\":\"Issouf Tapsoba\",\"@id\":\"https:\\\/\\\/www.latribunedufaso.net\\\/#\\\/schema\\\/person\\\/e54e64c5778a7e72cf80a318b7a622b0\"},\"headline\":\"Dialogue social : le Chef de l\u2019Etat \u00e9change avec les commer\u00e7ants des march\u00e9s et yaars\",\"datePublished\":\"2023-09-11T19:34:56+00:00\",\"mainEntityOfPage\":{\"@id\":\"https:\\\/\\\/www.latribunedufaso.net\\\/?p=9137\"},\"wordCount\":457,\"commentCount\":0,\"publisher\":{\"@id\":\"https:\\\/\\\/www.latribunedufaso.net\\\/#organization\"},\"image\":{\"@id\":\"https:\\\/\\\/www.latribunedufaso.net\\\/?p=9137#primaryimage\"},\"thumbnailUrl\":\"https:\\\/\\\/www.latribunedufaso.net\\\/wp-content\\\/uploads\\\/2023\\\/09\\\/FB_IMG_1694460574183.jpg\",\"articleSection\":[\"A la une\",\"Actualit\u00e9\",\"Economie\"],\"inLanguage\":\"fr-FR\",\"potentialAction\":[{\"@type\":\"CommentAction\",\"name\":\"Comment\",\"target\":[\"https:\\\/\\\/www.latribunedufaso.net\\\/?p=9137#respond\"]}]},{\"@type\":\"WebPage\",\"@id\":\"https:\\\/\\\/www.latribunedufaso.net\\\/?p=9137\",\"url\":\"https:\\\/\\\/www.latribunedufaso.net\\\/?p=9137\",\"name\":\"Dialogue social : le Chef de l\u2019Etat \u00e9change avec les commer\u00e7ants des march\u00e9s et yaars - La Tribune du Faso\",\"isPartOf\":{\"@id\":\"https:\\\/\\\/www.latribunedufaso.net\\\/#website\"},\"primaryImageOfPage\":{\"@id\":\"https:\\\/\\\/www.latribunedufaso.net\\\/?p=9137#primaryimage\"},\"image\":{\"@id\":\"https:\\\/\\\/www.latribunedufaso.net\\\/?p=9137#primaryimage\"},\"thumbnailUrl\":\"https:\\\/\\\/www.latribunedufaso.net\\\/wp-content\\\/uploads\\\/2023\\\/09\\\/FB_IMG_1694460574183.jpg\",\"datePublished\":\"2023-09-11T19:34:56+00:00\",\"breadcrumb\":{\"@id\":\"https:\\\/\\\/www.latribunedufaso.net\\\/?p=9137#breadcrumb\"},\"inLanguage\":\"fr-FR\",\"potentialAction\":[{\"@type\":\"ReadAction\",\"target\":[\"https:\\\/\\\/www.latribunedufaso.net\\\/?p=9137\"]}]},{\"@type\":\"ImageObject\",\"inLanguage\":\"fr-FR\",\"@id\":\"https:\\\/\\\/www.latribunedufaso.net\\\/?p=9137#primaryimage\",\"url\":\"https:\\\/\\\/www.latribunedufaso.net\\\/wp-content\\\/uploads\\\/2023\\\/09\\\/FB_IMG_1694460574183.jpg\",\"contentUrl\":\"https:\\\/\\\/www.latribunedufaso.net\\\/wp-content\\\/uploads\\\/2023\\\/09\\\/FB_IMG_1694460574183.jpg\",\"width\":720,\"height\":518},{\"@type\":\"BreadcrumbList\",\"@id\":\"https:\\\/\\\/www.latribunedufaso.net\\\/?p=9137#breadcrumb\",\"itemListElement\":[{\"@type\":\"ListItem\",\"position\":1,\"name\":\"Accueil\",\"item\":\"https:\\\/\\\/www.latribunedufaso.net\\\/\"},{\"@type\":\"ListItem\",\"position\":2,\"name\":\"Dialogue social : le Chef de l\u2019Etat \u00e9change avec les commer\u00e7ants des march\u00e9s et yaars\"}]},{\"@type\":\"WebSite\",\"@id\":\"https:\\\/\\\/www.latribunedufaso.net\\\/#website\",\"url\":\"https:\\\/\\\/www.latribunedufaso.net\\\/\",\"name\":\"La Tribune du Faso\",\"description\":\"L&#039;information du monde rural en un clic\",\"publisher\":{\"@id\":\"https:\\\/\\\/www.latribunedufaso.net\\\/#organization\"},\"potentialAction\":[{\"@type\":\"SearchAction\",\"target\":{\"@type\":\"EntryPoint\",\"urlTemplate\":\"https:\\\/\\\/www.latribunedufaso.net\\\/?s={search_term_string}\"},\"query-input\":{\"@type\":\"PropertyValueSpecification\",\"valueRequired\":true,\"valueName\":\"search_term_string\"}}],\"inLanguage\":\"fr-FR\"},{\"@type\":\"Organization\",\"@id\":\"https:\\\/\\\/www.latribunedufaso.net\\\/#organization\",\"name\":\"La Tribune du Faso\",\"url\":\"https:\\\/\\\/www.latribunedufaso.net\\\/\",\"logo\":{\"@type\":\"ImageObject\",\"inLanguage\":\"fr-FR\",\"@id\":\"https:\\\/\\\/www.latribunedufaso.net\\\/#\\\/schema\\\/logo\\\/image\\\/\",\"url\":\"https:\\\/\\\/www.latribunedufaso.net\\\/wp-content\\\/uploads\\\/2020\\\/08\\\/Logo-Tribune-du-Faso-final-scaled.jpg\",\"contentUrl\":\"https:\\\/\\\/www.latribunedufaso.net\\\/wp-content\\\/uploads\\\/2020\\\/08\\\/Logo-Tribune-du-Faso-final-scaled.jpg\",\"width\":2560,\"height\":1856,\"caption\":\"La Tribune du Faso\"},\"image\":{\"@id\":\"https:\\\/\\\/www.latribunedufaso.net\\\/#\\\/schema\\\/logo\\\/image\\\/\"},\"sameAs\":[\"https:\\\/\\\/www.facebook.com\\\/LatribuneduFaso\\\/\"]},{\"@type\":\"Person\",\"@id\":\"https:\\\/\\\/www.latribunedufaso.net\\\/#\\\/schema\\\/person\\\/e54e64c5778a7e72cf80a318b7a622b0\",\"name\":\"Issouf Tapsoba\",\"image\":{\"@type\":\"ImageObject\",\"inLanguage\":\"fr-FR\",\"@id\":\"https:\\\/\\\/secure.gravatar.com\\\/avatar\\\/5e6c05150ce3230247d167f5b94d678eb05936197436d69b7921e3a95c9107ac?s=96&d=mm&r=g\",\"url\":\"https:\\\/\\\/secure.gravatar.com\\\/avatar\\\/5e6c05150ce3230247d167f5b94d678eb05936197436d69b7921e3a95c9107ac?s=96&d=mm&r=g\",\"contentUrl\":\"https:\\\/\\\/secure.gravatar.com\\\/avatar\\\/5e6c05150ce3230247d167f5b94d678eb05936197436d69b7921e3a95c9107ac?s=96&d=mm&r=g\",\"caption\":\"Issouf Tapsoba\"},\"url\":\"https:\\\/\\\/www.latribunedufaso.net\\\/?author=5\"}]}<\/script>\n<!-- \/ Yoast SEO plugin. -->","yoast_head_json":{"title":"Dialogue social : le Chef de l\u2019Etat \u00e9change avec les commer\u00e7ants des march\u00e9s et yaars - La Tribune du Faso","robots":{"index":"index","follow":"follow","max-snippet":"max-snippet:-1","max-image-preview":"max-image-preview:large","max-video-preview":"max-video-preview:-1"},"canonical":"https:\/\/www.latribunedufaso.net\/?p=9137","og_locale":"fr_FR","og_type":"article","og_title":"Dialogue social : le Chef de l\u2019Etat \u00e9change avec les commer\u00e7ants des march\u00e9s et yaars - La Tribune du Faso","og_description":"(Ouagadougou, 11 septembre 2023). Le Pr\u00e9sident de la Transition, Chef de l\u2019Etat, le Capitaine Ibrahim TRAORE, s\u2019est entretenu ce lundi matin avec les repr\u00e9sentants des commer\u00e7ants des march\u00e9s et yaars du Burkina Faso. A travers des \u00e9changes directs, les repr\u00e9sentants des femmes, des personnes \u00e2g\u00e9es et des jeunes ont r\u00e9affirm\u00e9 leur soutien ind\u00e9fectible \u00e0 la Transition, et \u00e9gren\u00e9 un chapelet de dol\u00e9ances adress\u00e9es au Chef de l\u2019Etat.","og_url":"https:\/\/www.latribunedufaso.net\/?p=9137","og_site_name":"La Tribune du Faso","article_publisher":"https:\/\/www.facebook.com\/LatribuneduFaso\/","article_published_time":"2023-09-11T19:34:56+00:00","og_image":[{"width":720,"height":518,"url":"https:\/\/www.latribunedufaso.net\/wp-content\/uploads\/2023\/09\/FB_IMG_1694460574183.jpg","type":"image\/jpeg"}],"author":"Issouf Tapsoba","twitter_misc":{"\u00c9crit par":"Issouf Tapsoba","Dur\u00e9e de lecture estim\u00e9e":"2 minutes"},"schema":{"@context":"https:\/\/schema.org","@graph":[{"@type":"Article","@id":"https:\/\/www.latribunedufaso.net\/?p=9137#article","isPartOf":{"@id":"https:\/\/www.latribunedufaso.net\/?p=9137"},"author":{"name":"Issouf Tapsoba","@id":"https:\/\/www.latribunedufaso.net\/#\/schema\/person\/e54e64c5778a7e72cf80a318b7a622b0"},"headline":"Dialogue social : le Chef de l\u2019Etat \u00e9change avec les commer\u00e7ants des march\u00e9s et yaars","datePublished":"2023-09-11T19:34:56+00:00","mainEntityOfPage":{"@id":"https:\/\/www.latribunedufaso.net\/?p=9137"},"wordCount":457,"commentCount":0,"publisher":{"@id":"https:\/\/www.latribunedufaso.net\/#organization"},"image":{"@id":"https:\/\/www.latribunedufaso.net\/?p=9137#primaryimage"},"thumbnailUrl":"https:\/\/www.latribunedufaso.net\/wp-content\/uploads\/2023\/09\/FB_IMG_1694460574183.jpg","articleSection":["A la une","Actualit\u00e9","Economie"],"inLanguage":"fr-FR","potentialAction":[{"@type":"CommentAction","name":"Comment","target":["https:\/\/www.latribunedufaso.net\/?p=9137#respond"]}]},{"@type":"WebPage","@id":"https:\/\/www.latribunedufaso.net\/?p=9137","url":"https:\/\/www.latribunedufaso.net\/?p=9137","name":"Dialogue social : le Chef de l\u2019Etat \u00e9change avec les commer\u00e7ants des march\u00e9s et yaars - La Tribune du Faso","isPartOf":{"@id":"https:\/\/www.latribunedufaso.net\/#website"},"primaryImageOfPage":{"@id":"https:\/\/www.latribunedufaso.net\/?p=9137#primaryimage"},"image":{"@id":"https:\/\/www.latribunedufaso.net\/?p=9137#primaryimage"},"thumbnailUrl":"https:\/\/www.latribunedufaso.net\/wp-content\/uploads\/2023\/09\/FB_IMG_1694460574183.jpg","datePublished":"2023-09-11T19:34:56+00:00","breadcrumb":{"@id":"https:\/\/www.latribunedufaso.net\/?p=9137#breadcrumb"},"inLanguage":"fr-FR","potentialAction":[{"@type":"ReadAction","target":["https:\/\/www.latribunedufaso.net\/?p=9137"]}]},{"@type":"ImageObject","inLanguage":"fr-FR","@id":"https:\/\/www.latribunedufaso.net\/?p=9137#primaryimage","url":"https:\/\/www.latribunedufaso.net\/wp-content\/uploads\/2023\/09\/FB_IMG_1694460574183.jpg","contentUrl":"https:\/\/www.latribunedufaso.net\/wp-content\/uploads\/2023\/09\/FB_IMG_1694460574183.jpg","width":720,"height":518},{"@type":"BreadcrumbList","@id":"https:\/\/www.latribunedufaso.net\/?p=9137#breadcrumb","itemListElement":[{"@type":"ListItem","position":1,"name":"Accueil","item":"https:\/\/www.latribunedufaso.net\/"},{"@type":"ListItem","position":2,"name":"Dialogue social : le Chef de l\u2019Etat \u00e9change avec les commer\u00e7ants des march\u00e9s et yaars"}]},{"@type":"WebSite","@id":"https:\/\/www.latribunedufaso.net\/#website","url":"https:\/\/www.latribunedufaso.net\/","name":"La Tribune du Faso","description":"L&#039;information du monde rural en un clic","publisher":{"@id":"https:\/\/www.latribunedufaso.net\/#organization"},"potentialAction":[{"@type":"SearchAction","target":{"@type":"EntryPoint","urlTemplate":"https:\/\/www.latribunedufaso.net\/?s={search_term_string}"},"query-input":{"@type":"PropertyValueSpecification","valueRequired":true,"valueName":"search_term_string"}}],"inLanguage":"fr-FR"},{"@type":"Organization","@id":"https:\/\/www.latribunedufaso.net\/#organization","name":"La Tribune du Faso","url":"https:\/\/www.latribunedufaso.net\/","logo":{"@type":"ImageObject","inLanguage":"fr-FR","@id":"https:\/\/www.latribunedufaso.net\/#\/schema\/logo\/image\/","url":"https:\/\/www.latribunedufaso.net\/wp-content\/uploads\/2020\/08\/Logo-Tribune-du-Faso-final-scaled.jpg","contentUrl":"https:\/\/www.latribunedufaso.net\/wp-content\/uploads\/2020\/08\/Logo-Tribune-du-Faso-final-scaled.jpg","width":2560,"height":1856,"caption":"La Tribune du Faso"},"image":{"@id":"https:\/\/www.latribunedufaso.net\/#\/schema\/logo\/image\/"},"sameAs":["https:\/\/www.facebook.com\/LatribuneduFaso\/"]},{"@type":"Person","@id":"https:\/\/www.latribunedufaso.net\/#\/schema\/person\/e54e64c5778a7e72cf80a318b7a622b0","name":"Issouf Tapsoba","image":{"@type":"ImageObject","inLanguage":"fr-FR","@id":"https:\/\/secure.gravatar.com\/avatar\/5e6c05150ce3230247d167f5b94d678eb05936197436d69b7921e3a95c9107ac?s=96&d=mm&r=g","url":"https:\/\/secure.gravatar.com\/avatar\/5e6c05150ce3230247d167f5b94d678eb05936197436d69b7921e3a95c9107ac?s=96&d=mm&r=g","contentUrl":"https:\/\/secure.gravatar.com\/avatar\/5e6c05150ce3230247d167f5b94d678eb05936197436d69b7921e3a95c9107ac?s=96&d=mm&r=g","caption":"Issouf Tapsoba"},"url":"https:\/\/www.latribunedufaso.net\/?author=5"}]}},"_links":{"self":[{"href":"https:\/\/www.latribunedufaso.net\/index.php?rest_route=\/wp\/v2\/posts\/9137","targetHints":{"allow":["GET"]}}],"collection":[{"href":"https:\/\/www.latribunedufaso.net\/index.php?rest_route=\/wp\/v2\/posts"}],"about":[{"href":"https:\/\/www.latribunedufaso.net\/index.php?rest_route=\/wp\/v2\/types\/post"}],"author":[{"embeddable":true,"href":"https:\/\/www.latribunedufaso.net\/index.php?rest_route=\/wp\/v2\/users\/5"}],"replies":[{"embeddable":true,"href":"https:\/\/www.latribunedufaso.net\/index.php?rest_route=%2Fwp%2Fv2%2Fcomments&post=9137"}],"version-history":[{"count":1,"href":"https:\/\/www.latribunedufaso.net\/index.php?rest_route=\/wp\/v2\/posts\/9137\/revisions"}],"predecessor-version":[{"id":9142,"href":"https:\/\/www.latribunedufaso.net\/index.php?rest_route=\/wp\/v2\/posts\/9137\/revisions\/9142"}],"wp:featuredmedia":[{"embeddable":true,"href":"https:\/\/www.latribunedufaso.net\/index.php?rest_route=\/wp\/v2\/media\/9138"}],"wp:attachment":[{"href":"https:\/\/www.latribunedufaso.net\/index.php?rest_route=%2Fwp%2Fv2%2Fmedia&parent=9137"}],"wp:term":[{"taxonomy":"category","embeddable":true,"href":"https:\/\/www.latribunedufaso.net\/index.php?rest_route=%2Fwp%2Fv2%2Fcategories&post=9137"},{"taxonomy":"post_tag","embeddable":true,"href":"https:\/\/www.latribunedufaso.net\/index.php?rest_route=%2Fwp%2Fv2%2Ftags&post=9137"}],"curies":[{"name":"wp","href":"https:\/\/api.w.org\/{rel}","templated":true}]}}