{"id":9124,"date":"2023-09-11T08:16:16","date_gmt":"2023-09-11T08:16:16","guid":{"rendered":"https:\/\/www.latribunedufaso.net\/?p=9124"},"modified":"2023-09-11T12:29:11","modified_gmt":"2023-09-11T12:29:11","slug":"village-de-kamse-fin-de-la-defecation-a-lair-libre-le-ministre-barro-felicite-la-population","status":"publish","type":"post","link":"https:\/\/www.latribunedufaso.net\/?p=9124","title":{"rendered":"Village de Kams\u00e9\/ Fin de la d\u00e9f\u00e9cation \u00e0 l\u2019air libre : Le ministre Barro f\u00e9licite la population"},"content":{"rendered":"<p><strong><span style=\"font-size: 1.0625rem;\">Le vendredi 08 septembre 2023, le ministre de l\u2019Environnement, de l\u2019Eau et de l\u2019Assainissement, Roger Baro a effectu\u00e9 une visite terrain \u00e0 Kams\u00e9, un village situ\u00e9 dans la commune de Thyou, province du Boulkiemd\u00e9.<\/span><\/strong><!--more--><\/p>\n<p>Avec une population estim\u00e9e \u00e0 environ 2 375 habitants, le village de Kams\u00e9 a \u00e9t\u00e9 d\u00e9clar\u00e9 et certifi\u00e9 Fin de la D\u00e9f\u00e9cation \u00e0 l\u2019air Libre (FDAL) respectivement en 2022 et en juin 2023 par les techniciens du minist\u00e8re en charge de l\u2019assainissement. A ce jour, cette localit\u00e9 dispose de 205 latrines permettant de mettre fin \u00e0 la d\u00e9f\u00e9cation \u00e0 l\u2019air libre.<\/p>\n<p>A travers cette visite, il s\u2019agissait pour le ministre de s\u2019impr\u00e9gner de l\u2019engagement de cette communaut\u00e9 pour la FDAL et pour des bonnes habitudes en mati\u00e8re d\u2019hygi\u00e8ne et de gestion des infrastructures hydrauliques \u00e0 travers la mise en \u0153uvre d\u2019un Plan de Gestion de la Sant\u00e9 S\u00e9curit\u00e9 de l\u2019Eau (PGSSE).\u00a0<\/p>\n<p><a href=\"https:\/\/www.latribunedufaso.net\/wp-content\/uploads\/2023\/09\/FB_IMG_1694419970342.jpg\"><img loading=\"lazy\" decoding=\"async\" class=\"size-medium wp-image-9126 alignleft\" src=\"https:\/\/www.latribunedufaso.net\/wp-content\/uploads\/2023\/09\/FB_IMG_1694419970342-300x211.jpg\" alt=\"\" width=\"300\" height=\"211\" srcset=\"https:\/\/www.latribunedufaso.net\/wp-content\/uploads\/2023\/09\/FB_IMG_1694419970342-300x211.jpg 300w, https:\/\/www.latribunedufaso.net\/wp-content\/uploads\/2023\/09\/FB_IMG_1694419970342.jpg 720w\" sizes=\"auto, (max-width: 300px) 100vw, 300px\" \/><\/a>A l\u2019issue de la visite, le ministre Baro a f\u00e9licit\u00e9 la population pour cet exploit. Il a par ailleurs rassur\u00e9 de la disponibilit\u00e9 de son d\u00e9partement\u00a0 et du gouvernement \u00e0 accompagner le village dans le maintien de ce statut.<\/p>\n<p>\u00ab Pour renforcer ce que vous avez fait, le gouvernement de la Transition a adopt\u00e9 un d\u00e9cret portant assainissement des eaux us\u00e9es et excr\u00e9tas pour qu&rsquo;au niveau national, ce soit r\u00e9glement\u00e9. Cela traduit la pr\u00e9occupation du chef de l&rsquo;Etat, le capitaine Ibrahim Traor\u00e9 pour que la population soit en bonne sant\u00e9 \u00bb, a-t-il signifi\u00e9.<\/p>\n<p><a href=\"https:\/\/www.latribunedufaso.net\/wp-content\/uploads\/2023\/09\/FB_IMG_1694419996435.jpg\"><img loading=\"lazy\" decoding=\"async\" class=\"size-medium wp-image-9127 alignleft\" src=\"https:\/\/www.latribunedufaso.net\/wp-content\/uploads\/2023\/09\/FB_IMG_1694419996435-300x200.jpg\" alt=\"\" width=\"300\" height=\"200\" srcset=\"https:\/\/www.latribunedufaso.net\/wp-content\/uploads\/2023\/09\/FB_IMG_1694419996435-300x200.jpg 300w, https:\/\/www.latribunedufaso.net\/wp-content\/uploads\/2023\/09\/FB_IMG_1694419996435-120x80.jpg 120w, https:\/\/www.latribunedufaso.net\/wp-content\/uploads\/2023\/09\/FB_IMG_1694419996435-360x240.jpg 360w, https:\/\/www.latribunedufaso.net\/wp-content\/uploads\/2023\/09\/FB_IMG_1694419996435-600x400.jpg 600w, https:\/\/www.latribunedufaso.net\/wp-content\/uploads\/2023\/09\/FB_IMG_1694419996435.jpg 720w\" sizes=\"auto, (max-width: 300px) 100vw, 300px\" \/><\/a>\u00ab Pour la reconqu\u00eate du territoire, il faut \u00eatre en bonne sant\u00e9 et \u00e0 Kams\u00e9, les populations seront en bonne sant\u00e9 parce que nous avons appris que les d\u00e9penses en sant\u00e9 faisaient 14 millions de FCFA chaque ann\u00e9e. Et d\u00e9sormais, gr\u00e2ce \u00e0 ce statut, cet argent vous servira de ressources pour financer des activit\u00e9s \u00e9conomiques \u00bb, a-t-il ajout\u00e9.<\/p>\n<p>Il faut noter que cette visite a \u00e9t\u00e9 le lieu pour les habitants de Kams\u00e9, de faire des dol\u00e9ances au ministre . Il s\u2019agit notamment de la r\u00e9alisation d\u2019infrastructures routi\u00e8res et de retenue d\u2019eau ainsi qu\u2019un \u00e9tablissement d\u2019enseignement poste primaire. Le ministre a promis d\u2019examiner ses pr\u00e9occupations avec ses techniciens et ses coll\u00e8gues des autres d\u00e9partements minist\u00e9riels concern\u00e9s pour trouver des solutions.\u00a0<\/p>\n<p><a href=\"https:\/\/www.latribunedufaso.net\/wp-content\/uploads\/2023\/09\/FB_IMG_1694419914910.jpg\"><img loading=\"lazy\" decoding=\"async\" class=\"size-medium wp-image-9125 alignleft\" src=\"https:\/\/www.latribunedufaso.net\/wp-content\/uploads\/2023\/09\/FB_IMG_1694419914910-300x200.jpg\" alt=\"\" width=\"300\" height=\"200\" srcset=\"https:\/\/www.latribunedufaso.net\/wp-content\/uploads\/2023\/09\/FB_IMG_1694419914910-300x200.jpg 300w, https:\/\/www.latribunedufaso.net\/wp-content\/uploads\/2023\/09\/FB_IMG_1694419914910-120x80.jpg 120w, https:\/\/www.latribunedufaso.net\/wp-content\/uploads\/2023\/09\/FB_IMG_1694419914910-360x240.jpg 360w, https:\/\/www.latribunedufaso.net\/wp-content\/uploads\/2023\/09\/FB_IMG_1694419914910-600x400.jpg 600w, https:\/\/www.latribunedufaso.net\/wp-content\/uploads\/2023\/09\/FB_IMG_1694419914910.jpg 720w\" sizes=\"auto, (max-width: 300px) 100vw, 300px\" \/><\/a>Apr\u00e8s le village de Kams\u00e9, le ministre et sa d\u00e9l\u00e9gation ont mis le cap vers la commune de Sourgou pour visiter le site de la 5e \u00e9dition de la journ\u00e9e nationale de l\u2019arbre (JNA) pour le compte de la r\u00e9gion du Centre-Ouest. D\u2019une superficie de 3 ha enti\u00e8rement cl\u00f4tur\u00e9e, ce site dispose de 300 plantes de diverses esp\u00e8ces fruiti\u00e8res. Le ministre a pu constater cela et pour marquer son passage sur les lieux, il a proc\u00e9d\u00e9 \u00e0 la plantation symbolique d\u2019une plante.<\/p>\n<p>&nbsp;<\/p>\n<p><strong>Latribunedufaso.net<\/strong><\/p>\n<p><strong>Source : DCRP\/MEEA<\/strong><\/p>\n","protected":false},"excerpt":{"rendered":"<p>Le vendredi 08 septembre 2023, le ministre de l\u2019Environnement, de l\u2019Eau et de l\u2019Assainissement, Roger Baro a effectu\u00e9 une visite terrain \u00e0 Kams\u00e9, un village situ\u00e9 dans la commune de Thyou, province du Boulkiemd\u00e9.<\/p>\n","protected":false},"author":5,"featured_media":9128,"comment_status":"open","ping_status":"open","sticky":false,"template":"","format":"standard","meta":{"footnotes":""},"categories":[13,1,23],"tags":[],"class_list":["post-9124","post","type-post","status-publish","format-standard","has-post-thumbnail","hentry","category-une","category-actu","category-eau-et-assainissement"],"yoast_head":"<!-- This site is optimized with the Yoast SEO plugin v27.4 - https:\/\/yoast.com\/product\/yoast-seo-wordpress\/ -->\n<title>Village de Kams\u00e9\/ Fin de la d\u00e9f\u00e9cation \u00e0 l\u2019air libre : Le ministre Barro f\u00e9licite la population - La Tribune du Faso<\/title>\n<meta name=\"robots\" content=\"index, follow, max-snippet:-1, max-image-preview:large, max-video-preview:-1\" \/>\n<link rel=\"canonical\" href=\"https:\/\/www.latribunedufaso.net\/?p=9124\" \/>\n<meta property=\"og:locale\" content=\"fr_FR\" \/>\n<meta property=\"og:type\" content=\"article\" \/>\n<meta property=\"og:title\" content=\"Village de Kams\u00e9\/ Fin de la d\u00e9f\u00e9cation \u00e0 l\u2019air libre : Le ministre Barro f\u00e9licite la population - La Tribune du Faso\" \/>\n<meta property=\"og:description\" content=\"Le vendredi 08 septembre 2023, le ministre de l\u2019Environnement, de l\u2019Eau et de l\u2019Assainissement, Roger Baro a effectu\u00e9 une visite terrain \u00e0 Kams\u00e9, un village situ\u00e9 dans la commune de Thyou, province du Boulkiemd\u00e9.\" \/>\n<meta property=\"og:url\" content=\"https:\/\/www.latribunedufaso.net\/?p=9124\" \/>\n<meta property=\"og:site_name\" content=\"La Tribune du Faso\" \/>\n<meta property=\"article:publisher\" content=\"https:\/\/www.facebook.com\/LatribuneduFaso\/\" \/>\n<meta property=\"article:published_time\" content=\"2023-09-11T08:16:16+00:00\" \/>\n<meta property=\"article:modified_time\" content=\"2023-09-11T12:29:11+00:00\" \/>\n<meta property=\"og:image\" content=\"https:\/\/www.latribunedufaso.net\/wp-content\/uploads\/2023\/09\/FB_IMG_1694420134748.jpg\" \/>\n\t<meta property=\"og:image:width\" content=\"720\" \/>\n\t<meta property=\"og:image:height\" content=\"480\" \/>\n\t<meta property=\"og:image:type\" content=\"image\/jpeg\" \/>\n<meta name=\"author\" content=\"Issouf Tapsoba\" \/>\n<meta name=\"twitter:label1\" content=\"\u00c9crit par\" \/>\n\t<meta name=\"twitter:data1\" content=\"Issouf Tapsoba\" \/>\n\t<meta name=\"twitter:label2\" content=\"Dur\u00e9e de lecture estim\u00e9e\" \/>\n\t<meta name=\"twitter:data2\" content=\"2 minutes\" \/>\n<script type=\"application\/ld+json\" class=\"yoast-schema-graph\">{\"@context\":\"https:\\\/\\\/schema.org\",\"@graph\":[{\"@type\":\"Article\",\"@id\":\"https:\\\/\\\/www.latribunedufaso.net\\\/?p=9124#article\",\"isPartOf\":{\"@id\":\"https:\\\/\\\/www.latribunedufaso.net\\\/?p=9124\"},\"author\":{\"name\":\"Issouf Tapsoba\",\"@id\":\"https:\\\/\\\/www.latribunedufaso.net\\\/#\\\/schema\\\/person\\\/e54e64c5778a7e72cf80a318b7a622b0\"},\"headline\":\"Village de Kams\u00e9\\\/ Fin de la d\u00e9f\u00e9cation \u00e0 l\u2019air libre : Le ministre Barro f\u00e9licite la population\",\"datePublished\":\"2023-09-11T08:16:16+00:00\",\"dateModified\":\"2023-09-11T12:29:11+00:00\",\"mainEntityOfPage\":{\"@id\":\"https:\\\/\\\/www.latribunedufaso.net\\\/?p=9124\"},\"wordCount\":507,\"commentCount\":0,\"publisher\":{\"@id\":\"https:\\\/\\\/www.latribunedufaso.net\\\/#organization\"},\"image\":{\"@id\":\"https:\\\/\\\/www.latribunedufaso.net\\\/?p=9124#primaryimage\"},\"thumbnailUrl\":\"https:\\\/\\\/www.latribunedufaso.net\\\/wp-content\\\/uploads\\\/2023\\\/09\\\/FB_IMG_1694420134748.jpg\",\"articleSection\":[\"A la une\",\"Actualit\u00e9\",\"Eau et assainissement\"],\"inLanguage\":\"fr-FR\",\"potentialAction\":[{\"@type\":\"CommentAction\",\"name\":\"Comment\",\"target\":[\"https:\\\/\\\/www.latribunedufaso.net\\\/?p=9124#respond\"]}]},{\"@type\":\"WebPage\",\"@id\":\"https:\\\/\\\/www.latribunedufaso.net\\\/?p=9124\",\"url\":\"https:\\\/\\\/www.latribunedufaso.net\\\/?p=9124\",\"name\":\"Village de Kams\u00e9\\\/ Fin de la d\u00e9f\u00e9cation \u00e0 l\u2019air libre : Le ministre Barro f\u00e9licite la population - La Tribune du Faso\",\"isPartOf\":{\"@id\":\"https:\\\/\\\/www.latribunedufaso.net\\\/#website\"},\"primaryImageOfPage\":{\"@id\":\"https:\\\/\\\/www.latribunedufaso.net\\\/?p=9124#primaryimage\"},\"image\":{\"@id\":\"https:\\\/\\\/www.latribunedufaso.net\\\/?p=9124#primaryimage\"},\"thumbnailUrl\":\"https:\\\/\\\/www.latribunedufaso.net\\\/wp-content\\\/uploads\\\/2023\\\/09\\\/FB_IMG_1694420134748.jpg\",\"datePublished\":\"2023-09-11T08:16:16+00:00\",\"dateModified\":\"2023-09-11T12:29:11+00:00\",\"breadcrumb\":{\"@id\":\"https:\\\/\\\/www.latribunedufaso.net\\\/?p=9124#breadcrumb\"},\"inLanguage\":\"fr-FR\",\"potentialAction\":[{\"@type\":\"ReadAction\",\"target\":[\"https:\\\/\\\/www.latribunedufaso.net\\\/?p=9124\"]}]},{\"@type\":\"ImageObject\",\"inLanguage\":\"fr-FR\",\"@id\":\"https:\\\/\\\/www.latribunedufaso.net\\\/?p=9124#primaryimage\",\"url\":\"https:\\\/\\\/www.latribunedufaso.net\\\/wp-content\\\/uploads\\\/2023\\\/09\\\/FB_IMG_1694420134748.jpg\",\"contentUrl\":\"https:\\\/\\\/www.latribunedufaso.net\\\/wp-content\\\/uploads\\\/2023\\\/09\\\/FB_IMG_1694420134748.jpg\",\"width\":720,\"height\":480},{\"@type\":\"BreadcrumbList\",\"@id\":\"https:\\\/\\\/www.latribunedufaso.net\\\/?p=9124#breadcrumb\",\"itemListElement\":[{\"@type\":\"ListItem\",\"position\":1,\"name\":\"Accueil\",\"item\":\"https:\\\/\\\/www.latribunedufaso.net\\\/\"},{\"@type\":\"ListItem\",\"position\":2,\"name\":\"Village de Kams\u00e9\\\/ Fin de la d\u00e9f\u00e9cation \u00e0 l\u2019air libre : Le ministre Barro f\u00e9licite la population\"}]},{\"@type\":\"WebSite\",\"@id\":\"https:\\\/\\\/www.latribunedufaso.net\\\/#website\",\"url\":\"https:\\\/\\\/www.latribunedufaso.net\\\/\",\"name\":\"La Tribune du Faso\",\"description\":\"L&#039;information du monde rural en un clic\",\"publisher\":{\"@id\":\"https:\\\/\\\/www.latribunedufaso.net\\\/#organization\"},\"potentialAction\":[{\"@type\":\"SearchAction\",\"target\":{\"@type\":\"EntryPoint\",\"urlTemplate\":\"https:\\\/\\\/www.latribunedufaso.net\\\/?s={search_term_string}\"},\"query-input\":{\"@type\":\"PropertyValueSpecification\",\"valueRequired\":true,\"valueName\":\"search_term_string\"}}],\"inLanguage\":\"fr-FR\"},{\"@type\":\"Organization\",\"@id\":\"https:\\\/\\\/www.latribunedufaso.net\\\/#organization\",\"name\":\"La Tribune du Faso\",\"url\":\"https:\\\/\\\/www.latribunedufaso.net\\\/\",\"logo\":{\"@type\":\"ImageObject\",\"inLanguage\":\"fr-FR\",\"@id\":\"https:\\\/\\\/www.latribunedufaso.net\\\/#\\\/schema\\\/logo\\\/image\\\/\",\"url\":\"https:\\\/\\\/www.latribunedufaso.net\\\/wp-content\\\/uploads\\\/2020\\\/08\\\/Logo-Tribune-du-Faso-final-scaled.jpg\",\"contentUrl\":\"https:\\\/\\\/www.latribunedufaso.net\\\/wp-content\\\/uploads\\\/2020\\\/08\\\/Logo-Tribune-du-Faso-final-scaled.jpg\",\"width\":2560,\"height\":1856,\"caption\":\"La Tribune du Faso\"},\"image\":{\"@id\":\"https:\\\/\\\/www.latribunedufaso.net\\\/#\\\/schema\\\/logo\\\/image\\\/\"},\"sameAs\":[\"https:\\\/\\\/www.facebook.com\\\/LatribuneduFaso\\\/\"]},{\"@type\":\"Person\",\"@id\":\"https:\\\/\\\/www.latribunedufaso.net\\\/#\\\/schema\\\/person\\\/e54e64c5778a7e72cf80a318b7a622b0\",\"name\":\"Issouf Tapsoba\",\"image\":{\"@type\":\"ImageObject\",\"inLanguage\":\"fr-FR\",\"@id\":\"https:\\\/\\\/secure.gravatar.com\\\/avatar\\\/5e6c05150ce3230247d167f5b94d678eb05936197436d69b7921e3a95c9107ac?s=96&d=mm&r=g\",\"url\":\"https:\\\/\\\/secure.gravatar.com\\\/avatar\\\/5e6c05150ce3230247d167f5b94d678eb05936197436d69b7921e3a95c9107ac?s=96&d=mm&r=g\",\"contentUrl\":\"https:\\\/\\\/secure.gravatar.com\\\/avatar\\\/5e6c05150ce3230247d167f5b94d678eb05936197436d69b7921e3a95c9107ac?s=96&d=mm&r=g\",\"caption\":\"Issouf Tapsoba\"},\"url\":\"https:\\\/\\\/www.latribunedufaso.net\\\/?author=5\"}]}<\/script>\n<!-- \/ Yoast SEO plugin. -->","yoast_head_json":{"title":"Village de Kams\u00e9\/ Fin de la d\u00e9f\u00e9cation \u00e0 l\u2019air libre : Le ministre Barro f\u00e9licite la population - La Tribune du Faso","robots":{"index":"index","follow":"follow","max-snippet":"max-snippet:-1","max-image-preview":"max-image-preview:large","max-video-preview":"max-video-preview:-1"},"canonical":"https:\/\/www.latribunedufaso.net\/?p=9124","og_locale":"fr_FR","og_type":"article","og_title":"Village de Kams\u00e9\/ Fin de la d\u00e9f\u00e9cation \u00e0 l\u2019air libre : Le ministre Barro f\u00e9licite la population - La Tribune du Faso","og_description":"Le vendredi 08 septembre 2023, le ministre de l\u2019Environnement, de l\u2019Eau et de l\u2019Assainissement, Roger Baro a effectu\u00e9 une visite terrain \u00e0 Kams\u00e9, un village situ\u00e9 dans la commune de Thyou, province du Boulkiemd\u00e9.","og_url":"https:\/\/www.latribunedufaso.net\/?p=9124","og_site_name":"La Tribune du Faso","article_publisher":"https:\/\/www.facebook.com\/LatribuneduFaso\/","article_published_time":"2023-09-11T08:16:16+00:00","article_modified_time":"2023-09-11T12:29:11+00:00","og_image":[{"width":720,"height":480,"url":"https:\/\/www.latribunedufaso.net\/wp-content\/uploads\/2023\/09\/FB_IMG_1694420134748.jpg","type":"image\/jpeg"}],"author":"Issouf Tapsoba","twitter_misc":{"\u00c9crit par":"Issouf Tapsoba","Dur\u00e9e de lecture estim\u00e9e":"2 minutes"},"schema":{"@context":"https:\/\/schema.org","@graph":[{"@type":"Article","@id":"https:\/\/www.latribunedufaso.net\/?p=9124#article","isPartOf":{"@id":"https:\/\/www.latribunedufaso.net\/?p=9124"},"author":{"name":"Issouf Tapsoba","@id":"https:\/\/www.latribunedufaso.net\/#\/schema\/person\/e54e64c5778a7e72cf80a318b7a622b0"},"headline":"Village de Kams\u00e9\/ Fin de la d\u00e9f\u00e9cation \u00e0 l\u2019air libre : Le ministre Barro f\u00e9licite la population","datePublished":"2023-09-11T08:16:16+00:00","dateModified":"2023-09-11T12:29:11+00:00","mainEntityOfPage":{"@id":"https:\/\/www.latribunedufaso.net\/?p=9124"},"wordCount":507,"commentCount":0,"publisher":{"@id":"https:\/\/www.latribunedufaso.net\/#organization"},"image":{"@id":"https:\/\/www.latribunedufaso.net\/?p=9124#primaryimage"},"thumbnailUrl":"https:\/\/www.latribunedufaso.net\/wp-content\/uploads\/2023\/09\/FB_IMG_1694420134748.jpg","articleSection":["A la une","Actualit\u00e9","Eau et assainissement"],"inLanguage":"fr-FR","potentialAction":[{"@type":"CommentAction","name":"Comment","target":["https:\/\/www.latribunedufaso.net\/?p=9124#respond"]}]},{"@type":"WebPage","@id":"https:\/\/www.latribunedufaso.net\/?p=9124","url":"https:\/\/www.latribunedufaso.net\/?p=9124","name":"Village de Kams\u00e9\/ Fin de la d\u00e9f\u00e9cation \u00e0 l\u2019air libre : Le ministre Barro f\u00e9licite la population - La Tribune du Faso","isPartOf":{"@id":"https:\/\/www.latribunedufaso.net\/#website"},"primaryImageOfPage":{"@id":"https:\/\/www.latribunedufaso.net\/?p=9124#primaryimage"},"image":{"@id":"https:\/\/www.latribunedufaso.net\/?p=9124#primaryimage"},"thumbnailUrl":"https:\/\/www.latribunedufaso.net\/wp-content\/uploads\/2023\/09\/FB_IMG_1694420134748.jpg","datePublished":"2023-09-11T08:16:16+00:00","dateModified":"2023-09-11T12:29:11+00:00","breadcrumb":{"@id":"https:\/\/www.latribunedufaso.net\/?p=9124#breadcrumb"},"inLanguage":"fr-FR","potentialAction":[{"@type":"ReadAction","target":["https:\/\/www.latribunedufaso.net\/?p=9124"]}]},{"@type":"ImageObject","inLanguage":"fr-FR","@id":"https:\/\/www.latribunedufaso.net\/?p=9124#primaryimage","url":"https:\/\/www.latribunedufaso.net\/wp-content\/uploads\/2023\/09\/FB_IMG_1694420134748.jpg","contentUrl":"https:\/\/www.latribunedufaso.net\/wp-content\/uploads\/2023\/09\/FB_IMG_1694420134748.jpg","width":720,"height":480},{"@type":"BreadcrumbList","@id":"https:\/\/www.latribunedufaso.net\/?p=9124#breadcrumb","itemListElement":[{"@type":"ListItem","position":1,"name":"Accueil","item":"https:\/\/www.latribunedufaso.net\/"},{"@type":"ListItem","position":2,"name":"Village de Kams\u00e9\/ Fin de la d\u00e9f\u00e9cation \u00e0 l\u2019air libre : Le ministre Barro f\u00e9licite la population"}]},{"@type":"WebSite","@id":"https:\/\/www.latribunedufaso.net\/#website","url":"https:\/\/www.latribunedufaso.net\/","name":"La Tribune du Faso","description":"L&#039;information du monde rural en un clic","publisher":{"@id":"https:\/\/www.latribunedufaso.net\/#organization"},"potentialAction":[{"@type":"SearchAction","target":{"@type":"EntryPoint","urlTemplate":"https:\/\/www.latribunedufaso.net\/?s={search_term_string}"},"query-input":{"@type":"PropertyValueSpecification","valueRequired":true,"valueName":"search_term_string"}}],"inLanguage":"fr-FR"},{"@type":"Organization","@id":"https:\/\/www.latribunedufaso.net\/#organization","name":"La Tribune du Faso","url":"https:\/\/www.latribunedufaso.net\/","logo":{"@type":"ImageObject","inLanguage":"fr-FR","@id":"https:\/\/www.latribunedufaso.net\/#\/schema\/logo\/image\/","url":"https:\/\/www.latribunedufaso.net\/wp-content\/uploads\/2020\/08\/Logo-Tribune-du-Faso-final-scaled.jpg","contentUrl":"https:\/\/www.latribunedufaso.net\/wp-content\/uploads\/2020\/08\/Logo-Tribune-du-Faso-final-scaled.jpg","width":2560,"height":1856,"caption":"La Tribune du Faso"},"image":{"@id":"https:\/\/www.latribunedufaso.net\/#\/schema\/logo\/image\/"},"sameAs":["https:\/\/www.facebook.com\/LatribuneduFaso\/"]},{"@type":"Person","@id":"https:\/\/www.latribunedufaso.net\/#\/schema\/person\/e54e64c5778a7e72cf80a318b7a622b0","name":"Issouf Tapsoba","image":{"@type":"ImageObject","inLanguage":"fr-FR","@id":"https:\/\/secure.gravatar.com\/avatar\/5e6c05150ce3230247d167f5b94d678eb05936197436d69b7921e3a95c9107ac?s=96&d=mm&r=g","url":"https:\/\/secure.gravatar.com\/avatar\/5e6c05150ce3230247d167f5b94d678eb05936197436d69b7921e3a95c9107ac?s=96&d=mm&r=g","contentUrl":"https:\/\/secure.gravatar.com\/avatar\/5e6c05150ce3230247d167f5b94d678eb05936197436d69b7921e3a95c9107ac?s=96&d=mm&r=g","caption":"Issouf Tapsoba"},"url":"https:\/\/www.latribunedufaso.net\/?author=5"}]}},"_links":{"self":[{"href":"https:\/\/www.latribunedufaso.net\/index.php?rest_route=\/wp\/v2\/posts\/9124","targetHints":{"allow":["GET"]}}],"collection":[{"href":"https:\/\/www.latribunedufaso.net\/index.php?rest_route=\/wp\/v2\/posts"}],"about":[{"href":"https:\/\/www.latribunedufaso.net\/index.php?rest_route=\/wp\/v2\/types\/post"}],"author":[{"embeddable":true,"href":"https:\/\/www.latribunedufaso.net\/index.php?rest_route=\/wp\/v2\/users\/5"}],"replies":[{"embeddable":true,"href":"https:\/\/www.latribunedufaso.net\/index.php?rest_route=%2Fwp%2Fv2%2Fcomments&post=9124"}],"version-history":[{"count":3,"href":"https:\/\/www.latribunedufaso.net\/index.php?rest_route=\/wp\/v2\/posts\/9124\/revisions"}],"predecessor-version":[{"id":9131,"href":"https:\/\/www.latribunedufaso.net\/index.php?rest_route=\/wp\/v2\/posts\/9124\/revisions\/9131"}],"wp:featuredmedia":[{"embeddable":true,"href":"https:\/\/www.latribunedufaso.net\/index.php?rest_route=\/wp\/v2\/media\/9128"}],"wp:attachment":[{"href":"https:\/\/www.latribunedufaso.net\/index.php?rest_route=%2Fwp%2Fv2%2Fmedia&parent=9124"}],"wp:term":[{"taxonomy":"category","embeddable":true,"href":"https:\/\/www.latribunedufaso.net\/index.php?rest_route=%2Fwp%2Fv2%2Fcategories&post=9124"},{"taxonomy":"post_tag","embeddable":true,"href":"https:\/\/www.latribunedufaso.net\/index.php?rest_route=%2Fwp%2Fv2%2Ftags&post=9124"}],"curies":[{"name":"wp","href":"https:\/\/api.w.org\/{rel}","templated":true}]}}