{"id":9078,"date":"2023-09-08T15:25:19","date_gmt":"2023-09-08T15:25:19","guid":{"rendered":"https:\/\/www.latribunedufaso.net\/?p=9078"},"modified":"2023-09-08T15:25:19","modified_gmt":"2023-09-08T15:25:19","slug":"tentative-de-destabilisation-de-la-transition-03-militaires-mis-aux-arrets","status":"publish","type":"post","link":"https:\/\/www.latribunedufaso.net\/?p=9078","title":{"rendered":"Tentative de d\u00e9stabilisation de la Transition : 03 militaires mis aux arr\u00eats"},"content":{"rendered":"<p><strong><span style=\"font-size: 1.0625rem;\">Ce vendredi 08 septembre 2023, le parque pr\u00e8s le Tribunal militaire de Ouagadougou, \u00e0 fait un communiqu\u00e9 portant sur des faits selon lesquels des militaires et anciens militaires, en intelligence, proc\u00e9deraient \u00e0 l&rsquo;identification de points sensibles et des domiciles dont celui du Pr\u00e9sident de Transition et de certaines autorit\u00e9s civiles et militaires, en vue de d\u00e9stabiliser la conduite de la Transition.<\/span><\/strong><br \/><!--more--><\/p>\n<p>\u00ab A ce jour, trois (03) militaires en cause ont \u00e9t\u00e9 interpell\u00e9s et pr\u00e9sent\u00e9s \u00e0 un juge d&rsquo;instruction qui les a mis en examen et plac\u00e9s en d\u00e9tention pr\u00e9ventive pour des faits de complot militaire, violation de consignes, complot contre la s\u00fbret\u00e9 de l&rsquo;Etat, association de malfaiteurs et mise en danger de la vie d&rsquo;autrui. Il s&rsquo;agit en l&rsquo;occurrence de l&rsquo;Adjudant Kabor\u00e9 Windinmal\u00e9gd\u00e9, du Sergent-Chef Ramd\u00e9 Brice Isma\u00ebl et l&rsquo;ex-Caporal Dah Sami qui ont reconnu sans ambages les faits \u00bb, peut-on lire dans le communiqu\u00e9.<\/p>\n<p>A ce effet, le parquet militaire dans le communiqu\u00e9, invite toute personne disposant d&rsquo;\u00e9l\u00e9ments susceptibles de faire \u00e9voluer cette enqu\u00eate de bien vouloir le saisir directement ou les mettre \u00e0 la disposition de la section de recherches de la gendarmerie de Ouagadougou.<\/p>\n<p><a href=\"https:\/\/www.latribunedufaso.net\/wp-content\/uploads\/2023\/09\/IMG-20230908-WA0033.jpg\"><img loading=\"lazy\" decoding=\"async\" class=\"size-medium wp-image-9079 alignleft\" src=\"https:\/\/www.latribunedufaso.net\/wp-content\/uploads\/2023\/09\/IMG-20230908-WA0033-206x300.jpg\" alt=\"\" width=\"206\" height=\"300\" srcset=\"https:\/\/www.latribunedufaso.net\/wp-content\/uploads\/2023\/09\/IMG-20230908-WA0033-206x300.jpg 206w, https:\/\/www.latribunedufaso.net\/wp-content\/uploads\/2023\/09\/IMG-20230908-WA0033.jpg 659w\" sizes=\"auto, (max-width: 206px) 100vw, 206px\" \/><\/a><\/p>\n<p><strong>Latribunedufaso.net<\/strong><\/p>\n<p>&nbsp;<\/p>\n<p>&nbsp;<\/p>\n<p>&nbsp;<\/p>\n<p>&nbsp;<\/p>\n<p>&nbsp;<\/p>\n<p>&nbsp;<\/p>\n","protected":false},"excerpt":{"rendered":"<p>Ce vendredi 08 septembre 2023, le parque pr\u00e8s le Tribunal militaire de Ouagadougou, \u00e0 fait un communiqu\u00e9 portant sur des faits selon lesquels des militaires et anciens militaires, en intelligence, proc\u00e9deraient \u00e0 l&rsquo;identification de points sensibles et des domiciles dont celui du Pr\u00e9sident de Transition et de certaines autorit\u00e9s civiles et militaires, en vue de d\u00e9stabiliser la conduite de la Transition.<\/p>\n","protected":false},"author":5,"featured_media":9080,"comment_status":"open","ping_status":"open","sticky":false,"template":"","format":"standard","meta":{"footnotes":""},"categories":[13,1,8],"tags":[],"class_list":["post-9078","post","type-post","status-publish","format-standard","has-post-thumbnail","hentry","category-une","category-actu","category-societe"],"yoast_head":"<!-- This site is optimized with the Yoast SEO plugin v27.5 - https:\/\/yoast.com\/product\/yoast-seo-wordpress\/ -->\n<title>Tentative de d\u00e9stabilisation de la Transition : 03 militaires mis aux arr\u00eats - La Tribune du Faso<\/title>\n<meta name=\"robots\" content=\"index, follow, max-snippet:-1, max-image-preview:large, max-video-preview:-1\" \/>\n<link rel=\"canonical\" href=\"https:\/\/www.latribunedufaso.net\/?p=9078\" \/>\n<meta property=\"og:locale\" content=\"fr_FR\" \/>\n<meta property=\"og:type\" content=\"article\" \/>\n<meta property=\"og:title\" content=\"Tentative de d\u00e9stabilisation de la Transition : 03 militaires mis aux arr\u00eats - La Tribune du Faso\" \/>\n<meta property=\"og:description\" content=\"Ce vendredi 08 septembre 2023, le parque pr\u00e8s le Tribunal militaire de Ouagadougou, \u00e0 fait un communiqu\u00e9 portant sur des faits selon lesquels des militaires et anciens militaires, en intelligence, proc\u00e9deraient \u00e0 l&rsquo;identification de points sensibles et des domiciles dont celui du Pr\u00e9sident de Transition et de certaines autorit\u00e9s civiles et militaires, en vue de d\u00e9stabiliser la conduite de la Transition.\" \/>\n<meta property=\"og:url\" content=\"https:\/\/www.latribunedufaso.net\/?p=9078\" \/>\n<meta property=\"og:site_name\" content=\"La Tribune du Faso\" \/>\n<meta property=\"article:publisher\" content=\"https:\/\/www.facebook.com\/LatribuneduFaso\/\" \/>\n<meta property=\"article:published_time\" content=\"2023-09-08T15:25:19+00:00\" \/>\n<meta property=\"og:image\" content=\"https:\/\/www.latribunedufaso.net\/wp-content\/uploads\/2023\/09\/22665093634_status_27e1039b008e447fb3d3a8ee3a255076.jpg\" \/>\n\t<meta property=\"og:image:width\" content=\"720\" \/>\n\t<meta property=\"og:image:height\" content=\"918\" \/>\n\t<meta property=\"og:image:type\" content=\"image\/jpeg\" \/>\n<meta name=\"author\" content=\"Issouf Tapsoba\" \/>\n<meta name=\"twitter:label1\" content=\"\u00c9crit par\" \/>\n\t<meta name=\"twitter:data1\" content=\"Issouf Tapsoba\" \/>\n\t<meta name=\"twitter:label2\" content=\"Dur\u00e9e de lecture estim\u00e9e\" \/>\n\t<meta name=\"twitter:data2\" content=\"1 minute\" \/>\n<script type=\"application\/ld+json\" class=\"yoast-schema-graph\">{\"@context\":\"https:\\\/\\\/schema.org\",\"@graph\":[{\"@type\":\"Article\",\"@id\":\"https:\\\/\\\/www.latribunedufaso.net\\\/?p=9078#article\",\"isPartOf\":{\"@id\":\"https:\\\/\\\/www.latribunedufaso.net\\\/?p=9078\"},\"author\":{\"name\":\"Issouf Tapsoba\",\"@id\":\"https:\\\/\\\/www.latribunedufaso.net\\\/#\\\/schema\\\/person\\\/e54e64c5778a7e72cf80a318b7a622b0\"},\"headline\":\"Tentative de d\u00e9stabilisation de la Transition : 03 militaires mis aux arr\u00eats\",\"datePublished\":\"2023-09-08T15:25:19+00:00\",\"mainEntityOfPage\":{\"@id\":\"https:\\\/\\\/www.latribunedufaso.net\\\/?p=9078\"},\"wordCount\":224,\"commentCount\":0,\"publisher\":{\"@id\":\"https:\\\/\\\/www.latribunedufaso.net\\\/#organization\"},\"image\":{\"@id\":\"https:\\\/\\\/www.latribunedufaso.net\\\/?p=9078#primaryimage\"},\"thumbnailUrl\":\"https:\\\/\\\/www.latribunedufaso.net\\\/wp-content\\\/uploads\\\/2023\\\/09\\\/22665093634_status_27e1039b008e447fb3d3a8ee3a255076.jpg\",\"articleSection\":[\"A la une\",\"Actualit\u00e9\",\"Soci\u00e9t\u00e9\"],\"inLanguage\":\"fr-FR\",\"potentialAction\":[{\"@type\":\"CommentAction\",\"name\":\"Comment\",\"target\":[\"https:\\\/\\\/www.latribunedufaso.net\\\/?p=9078#respond\"]}]},{\"@type\":\"WebPage\",\"@id\":\"https:\\\/\\\/www.latribunedufaso.net\\\/?p=9078\",\"url\":\"https:\\\/\\\/www.latribunedufaso.net\\\/?p=9078\",\"name\":\"Tentative de d\u00e9stabilisation de la Transition : 03 militaires mis aux arr\u00eats - La Tribune du Faso\",\"isPartOf\":{\"@id\":\"https:\\\/\\\/www.latribunedufaso.net\\\/#website\"},\"primaryImageOfPage\":{\"@id\":\"https:\\\/\\\/www.latribunedufaso.net\\\/?p=9078#primaryimage\"},\"image\":{\"@id\":\"https:\\\/\\\/www.latribunedufaso.net\\\/?p=9078#primaryimage\"},\"thumbnailUrl\":\"https:\\\/\\\/www.latribunedufaso.net\\\/wp-content\\\/uploads\\\/2023\\\/09\\\/22665093634_status_27e1039b008e447fb3d3a8ee3a255076.jpg\",\"datePublished\":\"2023-09-08T15:25:19+00:00\",\"breadcrumb\":{\"@id\":\"https:\\\/\\\/www.latribunedufaso.net\\\/?p=9078#breadcrumb\"},\"inLanguage\":\"fr-FR\",\"potentialAction\":[{\"@type\":\"ReadAction\",\"target\":[\"https:\\\/\\\/www.latribunedufaso.net\\\/?p=9078\"]}]},{\"@type\":\"ImageObject\",\"inLanguage\":\"fr-FR\",\"@id\":\"https:\\\/\\\/www.latribunedufaso.net\\\/?p=9078#primaryimage\",\"url\":\"https:\\\/\\\/www.latribunedufaso.net\\\/wp-content\\\/uploads\\\/2023\\\/09\\\/22665093634_status_27e1039b008e447fb3d3a8ee3a255076.jpg\",\"contentUrl\":\"https:\\\/\\\/www.latribunedufaso.net\\\/wp-content\\\/uploads\\\/2023\\\/09\\\/22665093634_status_27e1039b008e447fb3d3a8ee3a255076.jpg\",\"width\":720,\"height\":918},{\"@type\":\"BreadcrumbList\",\"@id\":\"https:\\\/\\\/www.latribunedufaso.net\\\/?p=9078#breadcrumb\",\"itemListElement\":[{\"@type\":\"ListItem\",\"position\":1,\"name\":\"Accueil\",\"item\":\"https:\\\/\\\/www.latribunedufaso.net\\\/\"},{\"@type\":\"ListItem\",\"position\":2,\"name\":\"Tentative de d\u00e9stabilisation de la Transition : 03 militaires mis aux arr\u00eats\"}]},{\"@type\":\"WebSite\",\"@id\":\"https:\\\/\\\/www.latribunedufaso.net\\\/#website\",\"url\":\"https:\\\/\\\/www.latribunedufaso.net\\\/\",\"name\":\"La Tribune du Faso\",\"description\":\"L&#039;information du monde rural en un clic\",\"publisher\":{\"@id\":\"https:\\\/\\\/www.latribunedufaso.net\\\/#organization\"},\"potentialAction\":[{\"@type\":\"SearchAction\",\"target\":{\"@type\":\"EntryPoint\",\"urlTemplate\":\"https:\\\/\\\/www.latribunedufaso.net\\\/?s={search_term_string}\"},\"query-input\":{\"@type\":\"PropertyValueSpecification\",\"valueRequired\":true,\"valueName\":\"search_term_string\"}}],\"inLanguage\":\"fr-FR\"},{\"@type\":\"Organization\",\"@id\":\"https:\\\/\\\/www.latribunedufaso.net\\\/#organization\",\"name\":\"La Tribune du Faso\",\"url\":\"https:\\\/\\\/www.latribunedufaso.net\\\/\",\"logo\":{\"@type\":\"ImageObject\",\"inLanguage\":\"fr-FR\",\"@id\":\"https:\\\/\\\/www.latribunedufaso.net\\\/#\\\/schema\\\/logo\\\/image\\\/\",\"url\":\"https:\\\/\\\/www.latribunedufaso.net\\\/wp-content\\\/uploads\\\/2020\\\/08\\\/Logo-Tribune-du-Faso-final-scaled.jpg\",\"contentUrl\":\"https:\\\/\\\/www.latribunedufaso.net\\\/wp-content\\\/uploads\\\/2020\\\/08\\\/Logo-Tribune-du-Faso-final-scaled.jpg\",\"width\":2560,\"height\":1856,\"caption\":\"La Tribune du Faso\"},\"image\":{\"@id\":\"https:\\\/\\\/www.latribunedufaso.net\\\/#\\\/schema\\\/logo\\\/image\\\/\"},\"sameAs\":[\"https:\\\/\\\/www.facebook.com\\\/LatribuneduFaso\\\/\"]},{\"@type\":\"Person\",\"@id\":\"https:\\\/\\\/www.latribunedufaso.net\\\/#\\\/schema\\\/person\\\/e54e64c5778a7e72cf80a318b7a622b0\",\"name\":\"Issouf Tapsoba\",\"image\":{\"@type\":\"ImageObject\",\"inLanguage\":\"fr-FR\",\"@id\":\"https:\\\/\\\/secure.gravatar.com\\\/avatar\\\/5e6c05150ce3230247d167f5b94d678eb05936197436d69b7921e3a95c9107ac?s=96&d=mm&r=g\",\"url\":\"https:\\\/\\\/secure.gravatar.com\\\/avatar\\\/5e6c05150ce3230247d167f5b94d678eb05936197436d69b7921e3a95c9107ac?s=96&d=mm&r=g\",\"contentUrl\":\"https:\\\/\\\/secure.gravatar.com\\\/avatar\\\/5e6c05150ce3230247d167f5b94d678eb05936197436d69b7921e3a95c9107ac?s=96&d=mm&r=g\",\"caption\":\"Issouf Tapsoba\"},\"url\":\"https:\\\/\\\/www.latribunedufaso.net\\\/?author=5\"}]}<\/script>\n<!-- \/ Yoast SEO plugin. -->","yoast_head_json":{"title":"Tentative de d\u00e9stabilisation de la Transition : 03 militaires mis aux arr\u00eats - La Tribune du Faso","robots":{"index":"index","follow":"follow","max-snippet":"max-snippet:-1","max-image-preview":"max-image-preview:large","max-video-preview":"max-video-preview:-1"},"canonical":"https:\/\/www.latribunedufaso.net\/?p=9078","og_locale":"fr_FR","og_type":"article","og_title":"Tentative de d\u00e9stabilisation de la Transition : 03 militaires mis aux arr\u00eats - La Tribune du Faso","og_description":"Ce vendredi 08 septembre 2023, le parque pr\u00e8s le Tribunal militaire de Ouagadougou, \u00e0 fait un communiqu\u00e9 portant sur des faits selon lesquels des militaires et anciens militaires, en intelligence, proc\u00e9deraient \u00e0 l&rsquo;identification de points sensibles et des domiciles dont celui du Pr\u00e9sident de Transition et de certaines autorit\u00e9s civiles et militaires, en vue de d\u00e9stabiliser la conduite de la Transition.","og_url":"https:\/\/www.latribunedufaso.net\/?p=9078","og_site_name":"La Tribune du Faso","article_publisher":"https:\/\/www.facebook.com\/LatribuneduFaso\/","article_published_time":"2023-09-08T15:25:19+00:00","og_image":[{"width":720,"height":918,"url":"https:\/\/www.latribunedufaso.net\/wp-content\/uploads\/2023\/09\/22665093634_status_27e1039b008e447fb3d3a8ee3a255076.jpg","type":"image\/jpeg"}],"author":"Issouf Tapsoba","twitter_misc":{"\u00c9crit par":"Issouf Tapsoba","Dur\u00e9e de lecture estim\u00e9e":"1 minute"},"schema":{"@context":"https:\/\/schema.org","@graph":[{"@type":"Article","@id":"https:\/\/www.latribunedufaso.net\/?p=9078#article","isPartOf":{"@id":"https:\/\/www.latribunedufaso.net\/?p=9078"},"author":{"name":"Issouf Tapsoba","@id":"https:\/\/www.latribunedufaso.net\/#\/schema\/person\/e54e64c5778a7e72cf80a318b7a622b0"},"headline":"Tentative de d\u00e9stabilisation de la Transition : 03 militaires mis aux arr\u00eats","datePublished":"2023-09-08T15:25:19+00:00","mainEntityOfPage":{"@id":"https:\/\/www.latribunedufaso.net\/?p=9078"},"wordCount":224,"commentCount":0,"publisher":{"@id":"https:\/\/www.latribunedufaso.net\/#organization"},"image":{"@id":"https:\/\/www.latribunedufaso.net\/?p=9078#primaryimage"},"thumbnailUrl":"https:\/\/www.latribunedufaso.net\/wp-content\/uploads\/2023\/09\/22665093634_status_27e1039b008e447fb3d3a8ee3a255076.jpg","articleSection":["A la une","Actualit\u00e9","Soci\u00e9t\u00e9"],"inLanguage":"fr-FR","potentialAction":[{"@type":"CommentAction","name":"Comment","target":["https:\/\/www.latribunedufaso.net\/?p=9078#respond"]}]},{"@type":"WebPage","@id":"https:\/\/www.latribunedufaso.net\/?p=9078","url":"https:\/\/www.latribunedufaso.net\/?p=9078","name":"Tentative de d\u00e9stabilisation de la Transition : 03 militaires mis aux arr\u00eats - La Tribune du Faso","isPartOf":{"@id":"https:\/\/www.latribunedufaso.net\/#website"},"primaryImageOfPage":{"@id":"https:\/\/www.latribunedufaso.net\/?p=9078#primaryimage"},"image":{"@id":"https:\/\/www.latribunedufaso.net\/?p=9078#primaryimage"},"thumbnailUrl":"https:\/\/www.latribunedufaso.net\/wp-content\/uploads\/2023\/09\/22665093634_status_27e1039b008e447fb3d3a8ee3a255076.jpg","datePublished":"2023-09-08T15:25:19+00:00","breadcrumb":{"@id":"https:\/\/www.latribunedufaso.net\/?p=9078#breadcrumb"},"inLanguage":"fr-FR","potentialAction":[{"@type":"ReadAction","target":["https:\/\/www.latribunedufaso.net\/?p=9078"]}]},{"@type":"ImageObject","inLanguage":"fr-FR","@id":"https:\/\/www.latribunedufaso.net\/?p=9078#primaryimage","url":"https:\/\/www.latribunedufaso.net\/wp-content\/uploads\/2023\/09\/22665093634_status_27e1039b008e447fb3d3a8ee3a255076.jpg","contentUrl":"https:\/\/www.latribunedufaso.net\/wp-content\/uploads\/2023\/09\/22665093634_status_27e1039b008e447fb3d3a8ee3a255076.jpg","width":720,"height":918},{"@type":"BreadcrumbList","@id":"https:\/\/www.latribunedufaso.net\/?p=9078#breadcrumb","itemListElement":[{"@type":"ListItem","position":1,"name":"Accueil","item":"https:\/\/www.latribunedufaso.net\/"},{"@type":"ListItem","position":2,"name":"Tentative de d\u00e9stabilisation de la Transition : 03 militaires mis aux arr\u00eats"}]},{"@type":"WebSite","@id":"https:\/\/www.latribunedufaso.net\/#website","url":"https:\/\/www.latribunedufaso.net\/","name":"La Tribune du Faso","description":"L&#039;information du monde rural en un clic","publisher":{"@id":"https:\/\/www.latribunedufaso.net\/#organization"},"potentialAction":[{"@type":"SearchAction","target":{"@type":"EntryPoint","urlTemplate":"https:\/\/www.latribunedufaso.net\/?s={search_term_string}"},"query-input":{"@type":"PropertyValueSpecification","valueRequired":true,"valueName":"search_term_string"}}],"inLanguage":"fr-FR"},{"@type":"Organization","@id":"https:\/\/www.latribunedufaso.net\/#organization","name":"La Tribune du Faso","url":"https:\/\/www.latribunedufaso.net\/","logo":{"@type":"ImageObject","inLanguage":"fr-FR","@id":"https:\/\/www.latribunedufaso.net\/#\/schema\/logo\/image\/","url":"https:\/\/www.latribunedufaso.net\/wp-content\/uploads\/2020\/08\/Logo-Tribune-du-Faso-final-scaled.jpg","contentUrl":"https:\/\/www.latribunedufaso.net\/wp-content\/uploads\/2020\/08\/Logo-Tribune-du-Faso-final-scaled.jpg","width":2560,"height":1856,"caption":"La Tribune du Faso"},"image":{"@id":"https:\/\/www.latribunedufaso.net\/#\/schema\/logo\/image\/"},"sameAs":["https:\/\/www.facebook.com\/LatribuneduFaso\/"]},{"@type":"Person","@id":"https:\/\/www.latribunedufaso.net\/#\/schema\/person\/e54e64c5778a7e72cf80a318b7a622b0","name":"Issouf Tapsoba","image":{"@type":"ImageObject","inLanguage":"fr-FR","@id":"https:\/\/secure.gravatar.com\/avatar\/5e6c05150ce3230247d167f5b94d678eb05936197436d69b7921e3a95c9107ac?s=96&d=mm&r=g","url":"https:\/\/secure.gravatar.com\/avatar\/5e6c05150ce3230247d167f5b94d678eb05936197436d69b7921e3a95c9107ac?s=96&d=mm&r=g","contentUrl":"https:\/\/secure.gravatar.com\/avatar\/5e6c05150ce3230247d167f5b94d678eb05936197436d69b7921e3a95c9107ac?s=96&d=mm&r=g","caption":"Issouf Tapsoba"},"url":"https:\/\/www.latribunedufaso.net\/?author=5"}]}},"_links":{"self":[{"href":"https:\/\/www.latribunedufaso.net\/index.php?rest_route=\/wp\/v2\/posts\/9078","targetHints":{"allow":["GET"]}}],"collection":[{"href":"https:\/\/www.latribunedufaso.net\/index.php?rest_route=\/wp\/v2\/posts"}],"about":[{"href":"https:\/\/www.latribunedufaso.net\/index.php?rest_route=\/wp\/v2\/types\/post"}],"author":[{"embeddable":true,"href":"https:\/\/www.latribunedufaso.net\/index.php?rest_route=\/wp\/v2\/users\/5"}],"replies":[{"embeddable":true,"href":"https:\/\/www.latribunedufaso.net\/index.php?rest_route=%2Fwp%2Fv2%2Fcomments&post=9078"}],"version-history":[{"count":1,"href":"https:\/\/www.latribunedufaso.net\/index.php?rest_route=\/wp\/v2\/posts\/9078\/revisions"}],"predecessor-version":[{"id":9081,"href":"https:\/\/www.latribunedufaso.net\/index.php?rest_route=\/wp\/v2\/posts\/9078\/revisions\/9081"}],"wp:featuredmedia":[{"embeddable":true,"href":"https:\/\/www.latribunedufaso.net\/index.php?rest_route=\/wp\/v2\/media\/9080"}],"wp:attachment":[{"href":"https:\/\/www.latribunedufaso.net\/index.php?rest_route=%2Fwp%2Fv2%2Fmedia&parent=9078"}],"wp:term":[{"taxonomy":"category","embeddable":true,"href":"https:\/\/www.latribunedufaso.net\/index.php?rest_route=%2Fwp%2Fv2%2Fcategories&post=9078"},{"taxonomy":"post_tag","embeddable":true,"href":"https:\/\/www.latribunedufaso.net\/index.php?rest_route=%2Fwp%2Fv2%2Ftags&post=9078"}],"curies":[{"name":"wp","href":"https:\/\/api.w.org\/{rel}","templated":true}]}}