{"id":9071,"date":"2023-09-08T15:09:59","date_gmt":"2023-09-08T15:09:59","guid":{"rendered":"https:\/\/www.latribunedufaso.net\/?p=9071"},"modified":"2023-09-08T15:09:59","modified_gmt":"2023-09-08T15:09:59","slug":"securite-assemblee-sectorielle-2023-des-projets-et-programmes-defense-et-securite","status":"publish","type":"post","link":"https:\/\/www.latribunedufaso.net\/?p=9071","title":{"rendered":"S\u00e9curit\u00e9 : assembl\u00e9e sectorielle 2023 des projets et programmes \u00ab D\u00e9fense et S\u00e9curit\u00e9 \u00bb"},"content":{"rendered":"<p><strong><span style=\"font-size: 1.0625rem;\">Ce vendredi 08 septembre 2023 \u00e0 Ouagadougou se tient l\u2019assembl\u00e9e sectorielle des Projets et Programmes du secteur \u00ab D\u00e9fense et S\u00e9curit\u00e9 \u00bb. Elle a lieu sous la pr\u00e9sidence du ministre de l\u2019administration territoriale de la d\u00e9centralisation et de la s\u00e9curit\u00e9, repr\u00e9sent\u00e9 par son Secr\u00e9taire g\u00e9n\u00e9ral Sou Edgard Si\u00e9.\u00a0<\/span><\/strong><br \/><!--more--><\/p>\n<p>De fa\u00e7on sp\u00e9cifique, il s\u2019agit pour la pr\u00e9sente session d\u2019examiner et d\u2019adopter le rapport d\u2019\u00e9valuation des performances des projets et programmes du secteur de planification d\u00e9fense et s\u00e9curit\u00e9 pour la p\u00e9riode 2021-2022, pr\u00e9sent\u00e9 par les membres du comit\u00e9 d\u2019\u00e9valuation.<\/p>\n<p>La tenue de ces instances constitue un imp\u00e9ratif \u00ab majeur \u00bb au regard de l\u2019exigence accrue des populations en terme de gouvernance dans le contexte s\u00e9curitaire actuel du Burkina Faso.<\/p>\n<p><a href=\"https:\/\/www.latribunedufaso.net\/wp-content\/uploads\/2023\/09\/FB_IMG_1694185190758.jpg\"><img loading=\"lazy\" decoding=\"async\" class=\"size-medium wp-image-9073 alignleft\" src=\"https:\/\/www.latribunedufaso.net\/wp-content\/uploads\/2023\/09\/FB_IMG_1694185190758-300x225.jpg\" alt=\"\" width=\"300\" height=\"225\" srcset=\"https:\/\/www.latribunedufaso.net\/wp-content\/uploads\/2023\/09\/FB_IMG_1694185190758-300x225.jpg 300w, https:\/\/www.latribunedufaso.net\/wp-content\/uploads\/2023\/09\/FB_IMG_1694185190758.jpg 720w\" sizes=\"auto, (max-width: 300px) 100vw, 300px\" \/><\/a>Selon le repr\u00e9sentant du ministre, \u00ab La tenue r\u00e9guli\u00e8re de ce cadre de concertation permet \u00e0 l\u2019ensemble des acteurs impliqu\u00e9s d\u2019\u00e9changer sur les difficult\u00e9s rencontr\u00e9es et surtout de faire des recommandations pour une mise en \u0153uvre efficace des projets sur la base des r\u00e9sultats qui seront pr\u00e9sent\u00e9s ce jour \u00bb.<\/p>\n<p>Les crit\u00e8res d\u2019\u00e9valuation ont \u00e9t\u00e9 am\u00e9lior\u00e9s au fil des exercices d\u2019\u00e9valuation des projets et programmes pour une meilleure adaptation \u00e0 la particularit\u00e9 de chaque projet et programme. \u00ab Ils permettent de rendre fid\u00e8lement compte de l\u2019efficacit\u00e9 de la gouvernance de chaque projet et programme m\u00eame si certains indicateurs demeurent perspectives \u00bb, a confi\u00e9 le pr\u00e9sident de la session.\u00a0<\/p>\n<p>Au terme des rapports d\u2019\u00e9valuation, la performance est jug\u00e9e globalement satisfaisante. En effet, \u00e0 \u00e9couter le Secr\u00e9taire g\u00e9n\u00e9ral de l\u2019administration territoriale, sur 07 projets et programmes \u00e9valu\u00e9s, 03 sont du premier rang, trois sont du deuxi\u00e8me rang et 01 est du troisi\u00e8me rang.<\/p>\n<p><span style=\"font-size: 1.0625rem;\">Toute fois, des difficult\u00e9s ont \u00e9t\u00e9 enregistr\u00e9es. Au titre de ces difficult\u00e9s, le Secr\u00e9taire g\u00e9n\u00e9ral a affirm\u00e9 qu\u2019il y a des projets et programmes qui se situent dans des zones \u00e0 fort d\u00e9fis s\u00e9curitaire donc il \u00e9tait difficile d\u2019atteindre les performances et les \u00e9valuations. \u00ab il y a \u00e9galement certains canevas qui n\u2019ont pas \u00e9t\u00e9 bien renseign\u00e9s \u00bb, a-t-il affirm\u00e9.<\/span><\/p>\n<p><a href=\"https:\/\/www.latribunedufaso.net\/wp-content\/uploads\/2023\/09\/FB_IMG_1694185193887.jpg\"><img loading=\"lazy\" decoding=\"async\" class=\"size-medium wp-image-9074 alignleft\" src=\"https:\/\/www.latribunedufaso.net\/wp-content\/uploads\/2023\/09\/FB_IMG_1694185193887-300x225.jpg\" alt=\"\" width=\"300\" height=\"225\" srcset=\"https:\/\/www.latribunedufaso.net\/wp-content\/uploads\/2023\/09\/FB_IMG_1694185193887-300x225.jpg 300w, https:\/\/www.latribunedufaso.net\/wp-content\/uploads\/2023\/09\/FB_IMG_1694185193887.jpg 720w\" sizes=\"auto, (max-width: 300px) 100vw, 300px\" \/><\/a>Sou Edgard Si\u00e9 a , par la suite, f\u00e9licit\u00e9 les projets du premier rang. Il a \u00e9galement par l\u2019occasion, invit\u00e9 ceux des autres rangs \u00e0 redoubler d\u2019efforts.\u00a0<\/p>\n<p><strong>Nabintou Ouattara (stagiaire)<\/strong><\/p>\n<p><strong>Latribunedufaso.n<span style=\"font-size: 1.0625rem;\">et<\/span><\/strong><\/p>\n","protected":false},"excerpt":{"rendered":"<p>Ce vendredi 08 septembre 2023 \u00e0 Ouagadougou se tient l\u2019assembl\u00e9e sectorielle des Projets et Programmes du secteur \u00ab D\u00e9fense et S\u00e9curit\u00e9 \u00bb. Elle a lieu sous la pr\u00e9sidence du ministre de l\u2019administration territoriale de la d\u00e9centralisation et de la s\u00e9curit\u00e9, repr\u00e9sent\u00e9 par son Secr\u00e9taire g\u00e9n\u00e9ral Sou Edgard Si\u00e9.\u00a0<\/p>\n","protected":false},"author":5,"featured_media":9072,"comment_status":"open","ping_status":"open","sticky":false,"template":"","format":"standard","meta":{"footnotes":""},"categories":[13,1,8],"tags":[],"class_list":["post-9071","post","type-post","status-publish","format-standard","has-post-thumbnail","hentry","category-une","category-actu","category-societe"],"yoast_head":"<!-- This site is optimized with the Yoast SEO plugin v27.5 - https:\/\/yoast.com\/product\/yoast-seo-wordpress\/ -->\n<title>S\u00e9curit\u00e9 : assembl\u00e9e sectorielle 2023 des projets et programmes \u00ab D\u00e9fense et S\u00e9curit\u00e9 \u00bb - La Tribune du Faso<\/title>\n<meta name=\"robots\" content=\"index, follow, max-snippet:-1, max-image-preview:large, max-video-preview:-1\" \/>\n<link rel=\"canonical\" href=\"https:\/\/www.latribunedufaso.net\/?p=9071\" \/>\n<meta property=\"og:locale\" content=\"fr_FR\" \/>\n<meta property=\"og:type\" content=\"article\" \/>\n<meta property=\"og:title\" content=\"S\u00e9curit\u00e9 : assembl\u00e9e sectorielle 2023 des projets et programmes \u00ab D\u00e9fense et S\u00e9curit\u00e9 \u00bb - La Tribune du Faso\" \/>\n<meta property=\"og:description\" content=\"Ce vendredi 08 septembre 2023 \u00e0 Ouagadougou se tient l\u2019assembl\u00e9e sectorielle des Projets et Programmes du secteur \u00ab D\u00e9fense et S\u00e9curit\u00e9 \u00bb. Elle a lieu sous la pr\u00e9sidence du ministre de l\u2019administration territoriale de la d\u00e9centralisation et de la s\u00e9curit\u00e9, repr\u00e9sent\u00e9 par son Secr\u00e9taire g\u00e9n\u00e9ral Sou Edgard Si\u00e9.\u00a0\" \/>\n<meta property=\"og:url\" content=\"https:\/\/www.latribunedufaso.net\/?p=9071\" \/>\n<meta property=\"og:site_name\" content=\"La Tribune du Faso\" \/>\n<meta property=\"article:publisher\" content=\"https:\/\/www.facebook.com\/LatribuneduFaso\/\" \/>\n<meta property=\"article:published_time\" content=\"2023-09-08T15:09:59+00:00\" \/>\n<meta property=\"og:image\" content=\"https:\/\/www.latribunedufaso.net\/wp-content\/uploads\/2023\/09\/FB_IMG_1694185184073.jpg\" \/>\n\t<meta property=\"og:image:width\" content=\"720\" \/>\n\t<meta property=\"og:image:height\" content=\"540\" \/>\n\t<meta property=\"og:image:type\" content=\"image\/jpeg\" \/>\n<meta name=\"author\" content=\"Issouf Tapsoba\" \/>\n<meta name=\"twitter:label1\" content=\"\u00c9crit par\" \/>\n\t<meta name=\"twitter:data1\" content=\"Issouf Tapsoba\" \/>\n\t<meta name=\"twitter:label2\" content=\"Dur\u00e9e de lecture estim\u00e9e\" \/>\n\t<meta name=\"twitter:data2\" content=\"2 minutes\" \/>\n<script type=\"application\/ld+json\" class=\"yoast-schema-graph\">{\"@context\":\"https:\\\/\\\/schema.org\",\"@graph\":[{\"@type\":\"Article\",\"@id\":\"https:\\\/\\\/www.latribunedufaso.net\\\/?p=9071#article\",\"isPartOf\":{\"@id\":\"https:\\\/\\\/www.latribunedufaso.net\\\/?p=9071\"},\"author\":{\"name\":\"Issouf Tapsoba\",\"@id\":\"https:\\\/\\\/www.latribunedufaso.net\\\/#\\\/schema\\\/person\\\/e54e64c5778a7e72cf80a318b7a622b0\"},\"headline\":\"S\u00e9curit\u00e9 : assembl\u00e9e sectorielle 2023 des projets et programmes \u00ab D\u00e9fense et S\u00e9curit\u00e9 \u00bb\",\"datePublished\":\"2023-09-08T15:09:59+00:00\",\"mainEntityOfPage\":{\"@id\":\"https:\\\/\\\/www.latribunedufaso.net\\\/?p=9071\"},\"wordCount\":423,\"commentCount\":0,\"publisher\":{\"@id\":\"https:\\\/\\\/www.latribunedufaso.net\\\/#organization\"},\"image\":{\"@id\":\"https:\\\/\\\/www.latribunedufaso.net\\\/?p=9071#primaryimage\"},\"thumbnailUrl\":\"https:\\\/\\\/www.latribunedufaso.net\\\/wp-content\\\/uploads\\\/2023\\\/09\\\/FB_IMG_1694185184073.jpg\",\"articleSection\":[\"A la une\",\"Actualit\u00e9\",\"Soci\u00e9t\u00e9\"],\"inLanguage\":\"fr-FR\",\"potentialAction\":[{\"@type\":\"CommentAction\",\"name\":\"Comment\",\"target\":[\"https:\\\/\\\/www.latribunedufaso.net\\\/?p=9071#respond\"]}]},{\"@type\":\"WebPage\",\"@id\":\"https:\\\/\\\/www.latribunedufaso.net\\\/?p=9071\",\"url\":\"https:\\\/\\\/www.latribunedufaso.net\\\/?p=9071\",\"name\":\"S\u00e9curit\u00e9 : assembl\u00e9e sectorielle 2023 des projets et programmes \u00ab D\u00e9fense et S\u00e9curit\u00e9 \u00bb - La Tribune du Faso\",\"isPartOf\":{\"@id\":\"https:\\\/\\\/www.latribunedufaso.net\\\/#website\"},\"primaryImageOfPage\":{\"@id\":\"https:\\\/\\\/www.latribunedufaso.net\\\/?p=9071#primaryimage\"},\"image\":{\"@id\":\"https:\\\/\\\/www.latribunedufaso.net\\\/?p=9071#primaryimage\"},\"thumbnailUrl\":\"https:\\\/\\\/www.latribunedufaso.net\\\/wp-content\\\/uploads\\\/2023\\\/09\\\/FB_IMG_1694185184073.jpg\",\"datePublished\":\"2023-09-08T15:09:59+00:00\",\"breadcrumb\":{\"@id\":\"https:\\\/\\\/www.latribunedufaso.net\\\/?p=9071#breadcrumb\"},\"inLanguage\":\"fr-FR\",\"potentialAction\":[{\"@type\":\"ReadAction\",\"target\":[\"https:\\\/\\\/www.latribunedufaso.net\\\/?p=9071\"]}]},{\"@type\":\"ImageObject\",\"inLanguage\":\"fr-FR\",\"@id\":\"https:\\\/\\\/www.latribunedufaso.net\\\/?p=9071#primaryimage\",\"url\":\"https:\\\/\\\/www.latribunedufaso.net\\\/wp-content\\\/uploads\\\/2023\\\/09\\\/FB_IMG_1694185184073.jpg\",\"contentUrl\":\"https:\\\/\\\/www.latribunedufaso.net\\\/wp-content\\\/uploads\\\/2023\\\/09\\\/FB_IMG_1694185184073.jpg\",\"width\":720,\"height\":540},{\"@type\":\"BreadcrumbList\",\"@id\":\"https:\\\/\\\/www.latribunedufaso.net\\\/?p=9071#breadcrumb\",\"itemListElement\":[{\"@type\":\"ListItem\",\"position\":1,\"name\":\"Accueil\",\"item\":\"https:\\\/\\\/www.latribunedufaso.net\\\/\"},{\"@type\":\"ListItem\",\"position\":2,\"name\":\"S\u00e9curit\u00e9 : assembl\u00e9e sectorielle 2023 des projets et programmes \u00ab D\u00e9fense et S\u00e9curit\u00e9 \u00bb\"}]},{\"@type\":\"WebSite\",\"@id\":\"https:\\\/\\\/www.latribunedufaso.net\\\/#website\",\"url\":\"https:\\\/\\\/www.latribunedufaso.net\\\/\",\"name\":\"La Tribune du Faso\",\"description\":\"L&#039;information du monde rural en un clic\",\"publisher\":{\"@id\":\"https:\\\/\\\/www.latribunedufaso.net\\\/#organization\"},\"potentialAction\":[{\"@type\":\"SearchAction\",\"target\":{\"@type\":\"EntryPoint\",\"urlTemplate\":\"https:\\\/\\\/www.latribunedufaso.net\\\/?s={search_term_string}\"},\"query-input\":{\"@type\":\"PropertyValueSpecification\",\"valueRequired\":true,\"valueName\":\"search_term_string\"}}],\"inLanguage\":\"fr-FR\"},{\"@type\":\"Organization\",\"@id\":\"https:\\\/\\\/www.latribunedufaso.net\\\/#organization\",\"name\":\"La Tribune du Faso\",\"url\":\"https:\\\/\\\/www.latribunedufaso.net\\\/\",\"logo\":{\"@type\":\"ImageObject\",\"inLanguage\":\"fr-FR\",\"@id\":\"https:\\\/\\\/www.latribunedufaso.net\\\/#\\\/schema\\\/logo\\\/image\\\/\",\"url\":\"https:\\\/\\\/www.latribunedufaso.net\\\/wp-content\\\/uploads\\\/2020\\\/08\\\/Logo-Tribune-du-Faso-final-scaled.jpg\",\"contentUrl\":\"https:\\\/\\\/www.latribunedufaso.net\\\/wp-content\\\/uploads\\\/2020\\\/08\\\/Logo-Tribune-du-Faso-final-scaled.jpg\",\"width\":2560,\"height\":1856,\"caption\":\"La Tribune du Faso\"},\"image\":{\"@id\":\"https:\\\/\\\/www.latribunedufaso.net\\\/#\\\/schema\\\/logo\\\/image\\\/\"},\"sameAs\":[\"https:\\\/\\\/www.facebook.com\\\/LatribuneduFaso\\\/\"]},{\"@type\":\"Person\",\"@id\":\"https:\\\/\\\/www.latribunedufaso.net\\\/#\\\/schema\\\/person\\\/e54e64c5778a7e72cf80a318b7a622b0\",\"name\":\"Issouf Tapsoba\",\"image\":{\"@type\":\"ImageObject\",\"inLanguage\":\"fr-FR\",\"@id\":\"https:\\\/\\\/secure.gravatar.com\\\/avatar\\\/5e6c05150ce3230247d167f5b94d678eb05936197436d69b7921e3a95c9107ac?s=96&d=mm&r=g\",\"url\":\"https:\\\/\\\/secure.gravatar.com\\\/avatar\\\/5e6c05150ce3230247d167f5b94d678eb05936197436d69b7921e3a95c9107ac?s=96&d=mm&r=g\",\"contentUrl\":\"https:\\\/\\\/secure.gravatar.com\\\/avatar\\\/5e6c05150ce3230247d167f5b94d678eb05936197436d69b7921e3a95c9107ac?s=96&d=mm&r=g\",\"caption\":\"Issouf Tapsoba\"},\"url\":\"https:\\\/\\\/www.latribunedufaso.net\\\/?author=5\"}]}<\/script>\n<!-- \/ Yoast SEO plugin. -->","yoast_head_json":{"title":"S\u00e9curit\u00e9 : assembl\u00e9e sectorielle 2023 des projets et programmes \u00ab D\u00e9fense et S\u00e9curit\u00e9 \u00bb - La Tribune du Faso","robots":{"index":"index","follow":"follow","max-snippet":"max-snippet:-1","max-image-preview":"max-image-preview:large","max-video-preview":"max-video-preview:-1"},"canonical":"https:\/\/www.latribunedufaso.net\/?p=9071","og_locale":"fr_FR","og_type":"article","og_title":"S\u00e9curit\u00e9 : assembl\u00e9e sectorielle 2023 des projets et programmes \u00ab D\u00e9fense et S\u00e9curit\u00e9 \u00bb - La Tribune du Faso","og_description":"Ce vendredi 08 septembre 2023 \u00e0 Ouagadougou se tient l\u2019assembl\u00e9e sectorielle des Projets et Programmes du secteur \u00ab D\u00e9fense et S\u00e9curit\u00e9 \u00bb. Elle a lieu sous la pr\u00e9sidence du ministre de l\u2019administration territoriale de la d\u00e9centralisation et de la s\u00e9curit\u00e9, repr\u00e9sent\u00e9 par son Secr\u00e9taire g\u00e9n\u00e9ral Sou Edgard Si\u00e9.\u00a0","og_url":"https:\/\/www.latribunedufaso.net\/?p=9071","og_site_name":"La Tribune du Faso","article_publisher":"https:\/\/www.facebook.com\/LatribuneduFaso\/","article_published_time":"2023-09-08T15:09:59+00:00","og_image":[{"width":720,"height":540,"url":"https:\/\/www.latribunedufaso.net\/wp-content\/uploads\/2023\/09\/FB_IMG_1694185184073.jpg","type":"image\/jpeg"}],"author":"Issouf Tapsoba","twitter_misc":{"\u00c9crit par":"Issouf Tapsoba","Dur\u00e9e de lecture estim\u00e9e":"2 minutes"},"schema":{"@context":"https:\/\/schema.org","@graph":[{"@type":"Article","@id":"https:\/\/www.latribunedufaso.net\/?p=9071#article","isPartOf":{"@id":"https:\/\/www.latribunedufaso.net\/?p=9071"},"author":{"name":"Issouf Tapsoba","@id":"https:\/\/www.latribunedufaso.net\/#\/schema\/person\/e54e64c5778a7e72cf80a318b7a622b0"},"headline":"S\u00e9curit\u00e9 : assembl\u00e9e sectorielle 2023 des projets et programmes \u00ab D\u00e9fense et S\u00e9curit\u00e9 \u00bb","datePublished":"2023-09-08T15:09:59+00:00","mainEntityOfPage":{"@id":"https:\/\/www.latribunedufaso.net\/?p=9071"},"wordCount":423,"commentCount":0,"publisher":{"@id":"https:\/\/www.latribunedufaso.net\/#organization"},"image":{"@id":"https:\/\/www.latribunedufaso.net\/?p=9071#primaryimage"},"thumbnailUrl":"https:\/\/www.latribunedufaso.net\/wp-content\/uploads\/2023\/09\/FB_IMG_1694185184073.jpg","articleSection":["A la une","Actualit\u00e9","Soci\u00e9t\u00e9"],"inLanguage":"fr-FR","potentialAction":[{"@type":"CommentAction","name":"Comment","target":["https:\/\/www.latribunedufaso.net\/?p=9071#respond"]}]},{"@type":"WebPage","@id":"https:\/\/www.latribunedufaso.net\/?p=9071","url":"https:\/\/www.latribunedufaso.net\/?p=9071","name":"S\u00e9curit\u00e9 : assembl\u00e9e sectorielle 2023 des projets et programmes \u00ab D\u00e9fense et S\u00e9curit\u00e9 \u00bb - La Tribune du Faso","isPartOf":{"@id":"https:\/\/www.latribunedufaso.net\/#website"},"primaryImageOfPage":{"@id":"https:\/\/www.latribunedufaso.net\/?p=9071#primaryimage"},"image":{"@id":"https:\/\/www.latribunedufaso.net\/?p=9071#primaryimage"},"thumbnailUrl":"https:\/\/www.latribunedufaso.net\/wp-content\/uploads\/2023\/09\/FB_IMG_1694185184073.jpg","datePublished":"2023-09-08T15:09:59+00:00","breadcrumb":{"@id":"https:\/\/www.latribunedufaso.net\/?p=9071#breadcrumb"},"inLanguage":"fr-FR","potentialAction":[{"@type":"ReadAction","target":["https:\/\/www.latribunedufaso.net\/?p=9071"]}]},{"@type":"ImageObject","inLanguage":"fr-FR","@id":"https:\/\/www.latribunedufaso.net\/?p=9071#primaryimage","url":"https:\/\/www.latribunedufaso.net\/wp-content\/uploads\/2023\/09\/FB_IMG_1694185184073.jpg","contentUrl":"https:\/\/www.latribunedufaso.net\/wp-content\/uploads\/2023\/09\/FB_IMG_1694185184073.jpg","width":720,"height":540},{"@type":"BreadcrumbList","@id":"https:\/\/www.latribunedufaso.net\/?p=9071#breadcrumb","itemListElement":[{"@type":"ListItem","position":1,"name":"Accueil","item":"https:\/\/www.latribunedufaso.net\/"},{"@type":"ListItem","position":2,"name":"S\u00e9curit\u00e9 : assembl\u00e9e sectorielle 2023 des projets et programmes \u00ab D\u00e9fense et S\u00e9curit\u00e9 \u00bb"}]},{"@type":"WebSite","@id":"https:\/\/www.latribunedufaso.net\/#website","url":"https:\/\/www.latribunedufaso.net\/","name":"La Tribune du Faso","description":"L&#039;information du monde rural en un clic","publisher":{"@id":"https:\/\/www.latribunedufaso.net\/#organization"},"potentialAction":[{"@type":"SearchAction","target":{"@type":"EntryPoint","urlTemplate":"https:\/\/www.latribunedufaso.net\/?s={search_term_string}"},"query-input":{"@type":"PropertyValueSpecification","valueRequired":true,"valueName":"search_term_string"}}],"inLanguage":"fr-FR"},{"@type":"Organization","@id":"https:\/\/www.latribunedufaso.net\/#organization","name":"La Tribune du Faso","url":"https:\/\/www.latribunedufaso.net\/","logo":{"@type":"ImageObject","inLanguage":"fr-FR","@id":"https:\/\/www.latribunedufaso.net\/#\/schema\/logo\/image\/","url":"https:\/\/www.latribunedufaso.net\/wp-content\/uploads\/2020\/08\/Logo-Tribune-du-Faso-final-scaled.jpg","contentUrl":"https:\/\/www.latribunedufaso.net\/wp-content\/uploads\/2020\/08\/Logo-Tribune-du-Faso-final-scaled.jpg","width":2560,"height":1856,"caption":"La Tribune du Faso"},"image":{"@id":"https:\/\/www.latribunedufaso.net\/#\/schema\/logo\/image\/"},"sameAs":["https:\/\/www.facebook.com\/LatribuneduFaso\/"]},{"@type":"Person","@id":"https:\/\/www.latribunedufaso.net\/#\/schema\/person\/e54e64c5778a7e72cf80a318b7a622b0","name":"Issouf Tapsoba","image":{"@type":"ImageObject","inLanguage":"fr-FR","@id":"https:\/\/secure.gravatar.com\/avatar\/5e6c05150ce3230247d167f5b94d678eb05936197436d69b7921e3a95c9107ac?s=96&d=mm&r=g","url":"https:\/\/secure.gravatar.com\/avatar\/5e6c05150ce3230247d167f5b94d678eb05936197436d69b7921e3a95c9107ac?s=96&d=mm&r=g","contentUrl":"https:\/\/secure.gravatar.com\/avatar\/5e6c05150ce3230247d167f5b94d678eb05936197436d69b7921e3a95c9107ac?s=96&d=mm&r=g","caption":"Issouf Tapsoba"},"url":"https:\/\/www.latribunedufaso.net\/?author=5"}]}},"_links":{"self":[{"href":"https:\/\/www.latribunedufaso.net\/index.php?rest_route=\/wp\/v2\/posts\/9071","targetHints":{"allow":["GET"]}}],"collection":[{"href":"https:\/\/www.latribunedufaso.net\/index.php?rest_route=\/wp\/v2\/posts"}],"about":[{"href":"https:\/\/www.latribunedufaso.net\/index.php?rest_route=\/wp\/v2\/types\/post"}],"author":[{"embeddable":true,"href":"https:\/\/www.latribunedufaso.net\/index.php?rest_route=\/wp\/v2\/users\/5"}],"replies":[{"embeddable":true,"href":"https:\/\/www.latribunedufaso.net\/index.php?rest_route=%2Fwp%2Fv2%2Fcomments&post=9071"}],"version-history":[{"count":2,"href":"https:\/\/www.latribunedufaso.net\/index.php?rest_route=\/wp\/v2\/posts\/9071\/revisions"}],"predecessor-version":[{"id":9076,"href":"https:\/\/www.latribunedufaso.net\/index.php?rest_route=\/wp\/v2\/posts\/9071\/revisions\/9076"}],"wp:featuredmedia":[{"embeddable":true,"href":"https:\/\/www.latribunedufaso.net\/index.php?rest_route=\/wp\/v2\/media\/9072"}],"wp:attachment":[{"href":"https:\/\/www.latribunedufaso.net\/index.php?rest_route=%2Fwp%2Fv2%2Fmedia&parent=9071"}],"wp:term":[{"taxonomy":"category","embeddable":true,"href":"https:\/\/www.latribunedufaso.net\/index.php?rest_route=%2Fwp%2Fv2%2Fcategories&post=9071"},{"taxonomy":"post_tag","embeddable":true,"href":"https:\/\/www.latribunedufaso.net\/index.php?rest_route=%2Fwp%2Fv2%2Ftags&post=9071"}],"curies":[{"name":"wp","href":"https:\/\/api.w.org\/{rel}","templated":true}]}}