{"id":9046,"date":"2023-09-06T21:15:51","date_gmt":"2023-09-06T21:15:51","guid":{"rendered":"https:\/\/www.latribunedufaso.net\/?p=9046"},"modified":"2023-09-06T21:15:51","modified_gmt":"2023-09-06T21:15:51","slug":"conseil-des-ministres-le-gouvernement-adopte-un-projet-de-decret-pour-ameliorer-lemploi-des-nationaux-dans-les-mines","status":"publish","type":"post","link":"https:\/\/www.latribunedufaso.net\/?p=9046","title":{"rendered":"Conseil des ministres : le gouvernement adopte un projet de d\u00e9cret pour am\u00e9liorer l&#8217;emploi des nationaux dans les mines"},"content":{"rendered":"<p><strong><span style=\"font-size: 1.0625rem;\">(Ouagadougou, 6 septembre 2023). L\u2019hebdomadaire Conseil des ministres s\u2019est tenu ce jour sous la pr\u00e9sidence du Pr\u00e9sident de la Transition, Chef de l\u2019Etat, le Capitaine Ibrahim TRAORE. Il a d\u00e9lib\u00e9r\u00e9 sur plusieurs dossiers inscrits \u00e0 l\u2019ordre du jour et adopt\u00e9 d\u2019importants d\u00e9crets selon le ministre porte-parole du Gouvernement, Jean-Emmanuel OUEDRAOGO.<\/span><\/strong><br \/><!--more--><\/p>\n<p><a href=\"https:\/\/www.latribunedufaso.net\/wp-content\/uploads\/2023\/09\/FB_IMG_1694030775189.jpg\"><img loading=\"lazy\" decoding=\"async\" class=\"size-medium wp-image-9047 alignleft\" src=\"https:\/\/www.latribunedufaso.net\/wp-content\/uploads\/2023\/09\/FB_IMG_1694030775189-200x300.jpg\" alt=\"\" width=\"200\" height=\"300\" srcset=\"https:\/\/www.latribunedufaso.net\/wp-content\/uploads\/2023\/09\/FB_IMG_1694030775189-200x300.jpg 200w, https:\/\/www.latribunedufaso.net\/wp-content\/uploads\/2023\/09\/FB_IMG_1694030775189.jpg 640w\" sizes=\"auto, (max-width: 200px) 100vw, 200px\" \/><\/a>Au titre du minist\u00e8re en charge de l\u2019Energie et des Mines, le Conseil a adopt\u00e9 un rapport relatif \u00e0 trois projets de d\u00e9cret. Le premier porte sur la fixation des conditions d\u2019installation et d\u2019exploitation des stations de recharge pour v\u00e9hicules \u00e9lectriques. Il s\u2019agit selon le ministre en charge du commerce, Serge Gnaniodem PODA, qui assure l\u2019int\u00e9rim de son coll\u00e8gue en charge de l\u2019\u00e9nergie, de permettre aux acteurs de pouvoir mener convenablement cette activit\u00e9 dans notre pays dont les avantages sont entre autres la pr\u00e9servation de l\u2019environnement et l\u2019\u00e9conomie en mati\u00e8re \u00e9nerg\u00e9tique.<\/p>\n<p>Le deuxi\u00e8me dossier porte sur les mesures d\u2019am\u00e9lioration des performances financi\u00e8res de la SONABEL. Le d\u00e9cret adopt\u00e9 devrait permettre \u00e0 la soci\u00e9t\u00e9 nationale d\u2019\u00e9lectricit\u00e9 du Burkina au regard de l\u2019utilisation prononc\u00e9e du solaire, une exploitation optimale de l\u2019offre d\u2019\u00e9nergie selon le ministre PODA.<\/p>\n<p>Le dernier dossier du minist\u00e8re de l\u2019Energie, des Mines et des Carri\u00e8res, adopt\u00e9 par le conseil porte sur la nomenclature des postes et quota d\u2019emplois locaux suivant le cycle de vie des entreprises mini\u00e8res. Conform\u00e9ment \u00e0 l\u2019application des textes du code minier, cette loi avantage les nationaux \u00ab en termes d\u2019emploi occup\u00e9s dans les structures mini\u00e8res, r\u00e9gule davantage les emplois occup\u00e9s par les expatri\u00e9s et contribue en m\u00eame temps \u00e0 la lutte contre le ch\u00f4mage \u00bb, a indiqu\u00e9 le ministre.<\/p>\n<p><a href=\"https:\/\/www.latribunedufaso.net\/wp-content\/uploads\/2023\/09\/FB_IMG_1694030785542.jpg\"><img loading=\"lazy\" decoding=\"async\" class=\"size-medium wp-image-9049 alignleft\" src=\"https:\/\/www.latribunedufaso.net\/wp-content\/uploads\/2023\/09\/FB_IMG_1694030785542-200x300.jpg\" alt=\"\" width=\"200\" height=\"300\" srcset=\"https:\/\/www.latribunedufaso.net\/wp-content\/uploads\/2023\/09\/FB_IMG_1694030785542-200x300.jpg 200w, https:\/\/www.latribunedufaso.net\/wp-content\/uploads\/2023\/09\/FB_IMG_1694030785542.jpg 640w\" sizes=\"auto, (max-width: 200px) 100vw, 200px\" \/><\/a>Le ministre en charge de la Sant\u00e9 a fait une communication orale au Conseil relative \u00e0 la situation \u00e9pid\u00e9miologique de la dengue. Le minist\u00e8re dit avoir constat\u00e9 une augmentation anormale des cas de dengue ces derni\u00e8res semaines, essentiellement dans les r\u00e9gions des Hauts-Bassins et du Centre. Le ministre Robert Lucien Jean-Claude KARGOUGOU a d\u00e9clar\u00e9 que \u00ab le Conseil a donn\u00e9 des instructions qui appellent \u00e0 un renforcement de la communication, de la sensibilisation \u00e0 l\u2019endroit des populations pour qu\u2019elles puissent observer des mesures individuelles et collectives de protection \u00bb.<\/p>\n<p><a href=\"https:\/\/www.latribunedufaso.net\/wp-content\/uploads\/2023\/09\/FB_IMG_1694030851678.jpg\"><img loading=\"lazy\" decoding=\"async\" class=\"size-medium wp-image-9050 alignleft\" src=\"https:\/\/www.latribunedufaso.net\/wp-content\/uploads\/2023\/09\/FB_IMG_1694030851678-300x183.jpg\" alt=\"\" width=\"300\" height=\"183\" srcset=\"https:\/\/www.latribunedufaso.net\/wp-content\/uploads\/2023\/09\/FB_IMG_1694030851678-300x183.jpg 300w, https:\/\/www.latribunedufaso.net\/wp-content\/uploads\/2023\/09\/FB_IMG_1694030851678.jpg 720w\" sizes=\"auto, (max-width: 300px) 100vw, 300px\" \/><\/a><\/p>\n<p><strong>Latribunedufaso.net<\/strong><\/p>\n<p><strong>Source : Direction de la communication de la Pr\u00e9sidence du Faso<\/strong><\/p>\n","protected":false},"excerpt":{"rendered":"<p>(Ouagadougou, 6 septembre 2023). L\u2019hebdomadaire Conseil des ministres s\u2019est tenu ce jour sous la pr\u00e9sidence du Pr\u00e9sident de la Transition, Chef de l\u2019Etat, le Capitaine Ibrahim TRAORE. Il a d\u00e9lib\u00e9r\u00e9 sur plusieurs dossiers inscrits \u00e0 l\u2019ordre du jour et adopt\u00e9 d\u2019importants d\u00e9crets selon le ministre porte-parole du Gouvernement, Jean-Emmanuel OUEDRAOGO.<\/p>\n","protected":false},"author":5,"featured_media":9051,"comment_status":"open","ping_status":"open","sticky":false,"template":"","format":"standard","meta":{"footnotes":""},"categories":[13,1,21],"tags":[],"class_list":["post-9046","post","type-post","status-publish","format-standard","has-post-thumbnail","hentry","category-une","category-actu","category-conseil-des-ministres"],"yoast_head":"<!-- This site is optimized with the Yoast SEO plugin v27.4 - https:\/\/yoast.com\/product\/yoast-seo-wordpress\/ -->\n<title>Conseil des ministres : le gouvernement adopte un projet de d\u00e9cret pour am\u00e9liorer l&#039;emploi des nationaux dans les mines - La Tribune du Faso<\/title>\n<meta name=\"robots\" content=\"index, follow, max-snippet:-1, max-image-preview:large, max-video-preview:-1\" \/>\n<link rel=\"canonical\" href=\"https:\/\/www.latribunedufaso.net\/?p=9046\" \/>\n<meta property=\"og:locale\" content=\"fr_FR\" \/>\n<meta property=\"og:type\" content=\"article\" \/>\n<meta property=\"og:title\" content=\"Conseil des ministres : le gouvernement adopte un projet de d\u00e9cret pour am\u00e9liorer l&#039;emploi des nationaux dans les mines - La Tribune du Faso\" \/>\n<meta property=\"og:description\" content=\"(Ouagadougou, 6 septembre 2023). L\u2019hebdomadaire Conseil des ministres s\u2019est tenu ce jour sous la pr\u00e9sidence du Pr\u00e9sident de la Transition, Chef de l\u2019Etat, le Capitaine Ibrahim TRAORE. Il a d\u00e9lib\u00e9r\u00e9 sur plusieurs dossiers inscrits \u00e0 l\u2019ordre du jour et adopt\u00e9 d\u2019importants d\u00e9crets selon le ministre porte-parole du Gouvernement, Jean-Emmanuel OUEDRAOGO.\" \/>\n<meta property=\"og:url\" content=\"https:\/\/www.latribunedufaso.net\/?p=9046\" \/>\n<meta property=\"og:site_name\" content=\"La Tribune du Faso\" \/>\n<meta property=\"article:publisher\" content=\"https:\/\/www.facebook.com\/LatribuneduFaso\/\" \/>\n<meta property=\"article:published_time\" content=\"2023-09-06T21:15:51+00:00\" \/>\n<meta property=\"og:image\" content=\"https:\/\/www.latribunedufaso.net\/wp-content\/uploads\/2023\/09\/FB_IMG_1694030832877.jpg\" \/>\n\t<meta property=\"og:image:width\" content=\"720\" \/>\n\t<meta property=\"og:image:height\" content=\"629\" \/>\n\t<meta property=\"og:image:type\" content=\"image\/jpeg\" \/>\n<meta name=\"author\" content=\"Issouf Tapsoba\" \/>\n<meta name=\"twitter:label1\" content=\"\u00c9crit par\" \/>\n\t<meta name=\"twitter:data1\" content=\"Issouf Tapsoba\" \/>\n\t<meta name=\"twitter:label2\" content=\"Dur\u00e9e de lecture estim\u00e9e\" \/>\n\t<meta name=\"twitter:data2\" content=\"2 minutes\" \/>\n<script type=\"application\/ld+json\" class=\"yoast-schema-graph\">{\"@context\":\"https:\\\/\\\/schema.org\",\"@graph\":[{\"@type\":\"Article\",\"@id\":\"https:\\\/\\\/www.latribunedufaso.net\\\/?p=9046#article\",\"isPartOf\":{\"@id\":\"https:\\\/\\\/www.latribunedufaso.net\\\/?p=9046\"},\"author\":{\"name\":\"Issouf Tapsoba\",\"@id\":\"https:\\\/\\\/www.latribunedufaso.net\\\/#\\\/schema\\\/person\\\/e54e64c5778a7e72cf80a318b7a622b0\"},\"headline\":\"Conseil des ministres : le gouvernement adopte un projet de d\u00e9cret pour am\u00e9liorer l&#8217;emploi des nationaux dans les mines\",\"datePublished\":\"2023-09-06T21:15:51+00:00\",\"mainEntityOfPage\":{\"@id\":\"https:\\\/\\\/www.latribunedufaso.net\\\/?p=9046\"},\"wordCount\":432,\"commentCount\":0,\"publisher\":{\"@id\":\"https:\\\/\\\/www.latribunedufaso.net\\\/#organization\"},\"image\":{\"@id\":\"https:\\\/\\\/www.latribunedufaso.net\\\/?p=9046#primaryimage\"},\"thumbnailUrl\":\"https:\\\/\\\/www.latribunedufaso.net\\\/wp-content\\\/uploads\\\/2023\\\/09\\\/FB_IMG_1694030832877.jpg\",\"articleSection\":[\"A la une\",\"Actualit\u00e9\",\"Conseil des ministres\"],\"inLanguage\":\"fr-FR\",\"potentialAction\":[{\"@type\":\"CommentAction\",\"name\":\"Comment\",\"target\":[\"https:\\\/\\\/www.latribunedufaso.net\\\/?p=9046#respond\"]}]},{\"@type\":\"WebPage\",\"@id\":\"https:\\\/\\\/www.latribunedufaso.net\\\/?p=9046\",\"url\":\"https:\\\/\\\/www.latribunedufaso.net\\\/?p=9046\",\"name\":\"Conseil des ministres : le gouvernement adopte un projet de d\u00e9cret pour am\u00e9liorer l'emploi des nationaux dans les mines - La Tribune du Faso\",\"isPartOf\":{\"@id\":\"https:\\\/\\\/www.latribunedufaso.net\\\/#website\"},\"primaryImageOfPage\":{\"@id\":\"https:\\\/\\\/www.latribunedufaso.net\\\/?p=9046#primaryimage\"},\"image\":{\"@id\":\"https:\\\/\\\/www.latribunedufaso.net\\\/?p=9046#primaryimage\"},\"thumbnailUrl\":\"https:\\\/\\\/www.latribunedufaso.net\\\/wp-content\\\/uploads\\\/2023\\\/09\\\/FB_IMG_1694030832877.jpg\",\"datePublished\":\"2023-09-06T21:15:51+00:00\",\"breadcrumb\":{\"@id\":\"https:\\\/\\\/www.latribunedufaso.net\\\/?p=9046#breadcrumb\"},\"inLanguage\":\"fr-FR\",\"potentialAction\":[{\"@type\":\"ReadAction\",\"target\":[\"https:\\\/\\\/www.latribunedufaso.net\\\/?p=9046\"]}]},{\"@type\":\"ImageObject\",\"inLanguage\":\"fr-FR\",\"@id\":\"https:\\\/\\\/www.latribunedufaso.net\\\/?p=9046#primaryimage\",\"url\":\"https:\\\/\\\/www.latribunedufaso.net\\\/wp-content\\\/uploads\\\/2023\\\/09\\\/FB_IMG_1694030832877.jpg\",\"contentUrl\":\"https:\\\/\\\/www.latribunedufaso.net\\\/wp-content\\\/uploads\\\/2023\\\/09\\\/FB_IMG_1694030832877.jpg\",\"width\":720,\"height\":629},{\"@type\":\"BreadcrumbList\",\"@id\":\"https:\\\/\\\/www.latribunedufaso.net\\\/?p=9046#breadcrumb\",\"itemListElement\":[{\"@type\":\"ListItem\",\"position\":1,\"name\":\"Accueil\",\"item\":\"https:\\\/\\\/www.latribunedufaso.net\\\/\"},{\"@type\":\"ListItem\",\"position\":2,\"name\":\"Conseil des ministres : le gouvernement adopte un projet de d\u00e9cret pour am\u00e9liorer l&#8217;emploi des nationaux dans les mines\"}]},{\"@type\":\"WebSite\",\"@id\":\"https:\\\/\\\/www.latribunedufaso.net\\\/#website\",\"url\":\"https:\\\/\\\/www.latribunedufaso.net\\\/\",\"name\":\"La Tribune du Faso\",\"description\":\"L&#039;information du monde rural en un clic\",\"publisher\":{\"@id\":\"https:\\\/\\\/www.latribunedufaso.net\\\/#organization\"},\"potentialAction\":[{\"@type\":\"SearchAction\",\"target\":{\"@type\":\"EntryPoint\",\"urlTemplate\":\"https:\\\/\\\/www.latribunedufaso.net\\\/?s={search_term_string}\"},\"query-input\":{\"@type\":\"PropertyValueSpecification\",\"valueRequired\":true,\"valueName\":\"search_term_string\"}}],\"inLanguage\":\"fr-FR\"},{\"@type\":\"Organization\",\"@id\":\"https:\\\/\\\/www.latribunedufaso.net\\\/#organization\",\"name\":\"La Tribune du Faso\",\"url\":\"https:\\\/\\\/www.latribunedufaso.net\\\/\",\"logo\":{\"@type\":\"ImageObject\",\"inLanguage\":\"fr-FR\",\"@id\":\"https:\\\/\\\/www.latribunedufaso.net\\\/#\\\/schema\\\/logo\\\/image\\\/\",\"url\":\"https:\\\/\\\/www.latribunedufaso.net\\\/wp-content\\\/uploads\\\/2020\\\/08\\\/Logo-Tribune-du-Faso-final-scaled.jpg\",\"contentUrl\":\"https:\\\/\\\/www.latribunedufaso.net\\\/wp-content\\\/uploads\\\/2020\\\/08\\\/Logo-Tribune-du-Faso-final-scaled.jpg\",\"width\":2560,\"height\":1856,\"caption\":\"La Tribune du Faso\"},\"image\":{\"@id\":\"https:\\\/\\\/www.latribunedufaso.net\\\/#\\\/schema\\\/logo\\\/image\\\/\"},\"sameAs\":[\"https:\\\/\\\/www.facebook.com\\\/LatribuneduFaso\\\/\"]},{\"@type\":\"Person\",\"@id\":\"https:\\\/\\\/www.latribunedufaso.net\\\/#\\\/schema\\\/person\\\/e54e64c5778a7e72cf80a318b7a622b0\",\"name\":\"Issouf Tapsoba\",\"image\":{\"@type\":\"ImageObject\",\"inLanguage\":\"fr-FR\",\"@id\":\"https:\\\/\\\/secure.gravatar.com\\\/avatar\\\/5e6c05150ce3230247d167f5b94d678eb05936197436d69b7921e3a95c9107ac?s=96&d=mm&r=g\",\"url\":\"https:\\\/\\\/secure.gravatar.com\\\/avatar\\\/5e6c05150ce3230247d167f5b94d678eb05936197436d69b7921e3a95c9107ac?s=96&d=mm&r=g\",\"contentUrl\":\"https:\\\/\\\/secure.gravatar.com\\\/avatar\\\/5e6c05150ce3230247d167f5b94d678eb05936197436d69b7921e3a95c9107ac?s=96&d=mm&r=g\",\"caption\":\"Issouf Tapsoba\"},\"url\":\"https:\\\/\\\/www.latribunedufaso.net\\\/?author=5\"}]}<\/script>\n<!-- \/ Yoast SEO plugin. -->","yoast_head_json":{"title":"Conseil des ministres : le gouvernement adopte un projet de d\u00e9cret pour am\u00e9liorer l'emploi des nationaux dans les mines - La Tribune du Faso","robots":{"index":"index","follow":"follow","max-snippet":"max-snippet:-1","max-image-preview":"max-image-preview:large","max-video-preview":"max-video-preview:-1"},"canonical":"https:\/\/www.latribunedufaso.net\/?p=9046","og_locale":"fr_FR","og_type":"article","og_title":"Conseil des ministres : le gouvernement adopte un projet de d\u00e9cret pour am\u00e9liorer l'emploi des nationaux dans les mines - La Tribune du Faso","og_description":"(Ouagadougou, 6 septembre 2023). L\u2019hebdomadaire Conseil des ministres s\u2019est tenu ce jour sous la pr\u00e9sidence du Pr\u00e9sident de la Transition, Chef de l\u2019Etat, le Capitaine Ibrahim TRAORE. Il a d\u00e9lib\u00e9r\u00e9 sur plusieurs dossiers inscrits \u00e0 l\u2019ordre du jour et adopt\u00e9 d\u2019importants d\u00e9crets selon le ministre porte-parole du Gouvernement, Jean-Emmanuel OUEDRAOGO.","og_url":"https:\/\/www.latribunedufaso.net\/?p=9046","og_site_name":"La Tribune du Faso","article_publisher":"https:\/\/www.facebook.com\/LatribuneduFaso\/","article_published_time":"2023-09-06T21:15:51+00:00","og_image":[{"width":720,"height":629,"url":"https:\/\/www.latribunedufaso.net\/wp-content\/uploads\/2023\/09\/FB_IMG_1694030832877.jpg","type":"image\/jpeg"}],"author":"Issouf Tapsoba","twitter_misc":{"\u00c9crit par":"Issouf Tapsoba","Dur\u00e9e de lecture estim\u00e9e":"2 minutes"},"schema":{"@context":"https:\/\/schema.org","@graph":[{"@type":"Article","@id":"https:\/\/www.latribunedufaso.net\/?p=9046#article","isPartOf":{"@id":"https:\/\/www.latribunedufaso.net\/?p=9046"},"author":{"name":"Issouf Tapsoba","@id":"https:\/\/www.latribunedufaso.net\/#\/schema\/person\/e54e64c5778a7e72cf80a318b7a622b0"},"headline":"Conseil des ministres : le gouvernement adopte un projet de d\u00e9cret pour am\u00e9liorer l&#8217;emploi des nationaux dans les mines","datePublished":"2023-09-06T21:15:51+00:00","mainEntityOfPage":{"@id":"https:\/\/www.latribunedufaso.net\/?p=9046"},"wordCount":432,"commentCount":0,"publisher":{"@id":"https:\/\/www.latribunedufaso.net\/#organization"},"image":{"@id":"https:\/\/www.latribunedufaso.net\/?p=9046#primaryimage"},"thumbnailUrl":"https:\/\/www.latribunedufaso.net\/wp-content\/uploads\/2023\/09\/FB_IMG_1694030832877.jpg","articleSection":["A la une","Actualit\u00e9","Conseil des ministres"],"inLanguage":"fr-FR","potentialAction":[{"@type":"CommentAction","name":"Comment","target":["https:\/\/www.latribunedufaso.net\/?p=9046#respond"]}]},{"@type":"WebPage","@id":"https:\/\/www.latribunedufaso.net\/?p=9046","url":"https:\/\/www.latribunedufaso.net\/?p=9046","name":"Conseil des ministres : le gouvernement adopte un projet de d\u00e9cret pour am\u00e9liorer l'emploi des nationaux dans les mines - La Tribune du Faso","isPartOf":{"@id":"https:\/\/www.latribunedufaso.net\/#website"},"primaryImageOfPage":{"@id":"https:\/\/www.latribunedufaso.net\/?p=9046#primaryimage"},"image":{"@id":"https:\/\/www.latribunedufaso.net\/?p=9046#primaryimage"},"thumbnailUrl":"https:\/\/www.latribunedufaso.net\/wp-content\/uploads\/2023\/09\/FB_IMG_1694030832877.jpg","datePublished":"2023-09-06T21:15:51+00:00","breadcrumb":{"@id":"https:\/\/www.latribunedufaso.net\/?p=9046#breadcrumb"},"inLanguage":"fr-FR","potentialAction":[{"@type":"ReadAction","target":["https:\/\/www.latribunedufaso.net\/?p=9046"]}]},{"@type":"ImageObject","inLanguage":"fr-FR","@id":"https:\/\/www.latribunedufaso.net\/?p=9046#primaryimage","url":"https:\/\/www.latribunedufaso.net\/wp-content\/uploads\/2023\/09\/FB_IMG_1694030832877.jpg","contentUrl":"https:\/\/www.latribunedufaso.net\/wp-content\/uploads\/2023\/09\/FB_IMG_1694030832877.jpg","width":720,"height":629},{"@type":"BreadcrumbList","@id":"https:\/\/www.latribunedufaso.net\/?p=9046#breadcrumb","itemListElement":[{"@type":"ListItem","position":1,"name":"Accueil","item":"https:\/\/www.latribunedufaso.net\/"},{"@type":"ListItem","position":2,"name":"Conseil des ministres : le gouvernement adopte un projet de d\u00e9cret pour am\u00e9liorer l&#8217;emploi des nationaux dans les mines"}]},{"@type":"WebSite","@id":"https:\/\/www.latribunedufaso.net\/#website","url":"https:\/\/www.latribunedufaso.net\/","name":"La Tribune du Faso","description":"L&#039;information du monde rural en un clic","publisher":{"@id":"https:\/\/www.latribunedufaso.net\/#organization"},"potentialAction":[{"@type":"SearchAction","target":{"@type":"EntryPoint","urlTemplate":"https:\/\/www.latribunedufaso.net\/?s={search_term_string}"},"query-input":{"@type":"PropertyValueSpecification","valueRequired":true,"valueName":"search_term_string"}}],"inLanguage":"fr-FR"},{"@type":"Organization","@id":"https:\/\/www.latribunedufaso.net\/#organization","name":"La Tribune du Faso","url":"https:\/\/www.latribunedufaso.net\/","logo":{"@type":"ImageObject","inLanguage":"fr-FR","@id":"https:\/\/www.latribunedufaso.net\/#\/schema\/logo\/image\/","url":"https:\/\/www.latribunedufaso.net\/wp-content\/uploads\/2020\/08\/Logo-Tribune-du-Faso-final-scaled.jpg","contentUrl":"https:\/\/www.latribunedufaso.net\/wp-content\/uploads\/2020\/08\/Logo-Tribune-du-Faso-final-scaled.jpg","width":2560,"height":1856,"caption":"La Tribune du Faso"},"image":{"@id":"https:\/\/www.latribunedufaso.net\/#\/schema\/logo\/image\/"},"sameAs":["https:\/\/www.facebook.com\/LatribuneduFaso\/"]},{"@type":"Person","@id":"https:\/\/www.latribunedufaso.net\/#\/schema\/person\/e54e64c5778a7e72cf80a318b7a622b0","name":"Issouf Tapsoba","image":{"@type":"ImageObject","inLanguage":"fr-FR","@id":"https:\/\/secure.gravatar.com\/avatar\/5e6c05150ce3230247d167f5b94d678eb05936197436d69b7921e3a95c9107ac?s=96&d=mm&r=g","url":"https:\/\/secure.gravatar.com\/avatar\/5e6c05150ce3230247d167f5b94d678eb05936197436d69b7921e3a95c9107ac?s=96&d=mm&r=g","contentUrl":"https:\/\/secure.gravatar.com\/avatar\/5e6c05150ce3230247d167f5b94d678eb05936197436d69b7921e3a95c9107ac?s=96&d=mm&r=g","caption":"Issouf Tapsoba"},"url":"https:\/\/www.latribunedufaso.net\/?author=5"}]}},"_links":{"self":[{"href":"https:\/\/www.latribunedufaso.net\/index.php?rest_route=\/wp\/v2\/posts\/9046","targetHints":{"allow":["GET"]}}],"collection":[{"href":"https:\/\/www.latribunedufaso.net\/index.php?rest_route=\/wp\/v2\/posts"}],"about":[{"href":"https:\/\/www.latribunedufaso.net\/index.php?rest_route=\/wp\/v2\/types\/post"}],"author":[{"embeddable":true,"href":"https:\/\/www.latribunedufaso.net\/index.php?rest_route=\/wp\/v2\/users\/5"}],"replies":[{"embeddable":true,"href":"https:\/\/www.latribunedufaso.net\/index.php?rest_route=%2Fwp%2Fv2%2Fcomments&post=9046"}],"version-history":[{"count":2,"href":"https:\/\/www.latribunedufaso.net\/index.php?rest_route=\/wp\/v2\/posts\/9046\/revisions"}],"predecessor-version":[{"id":9052,"href":"https:\/\/www.latribunedufaso.net\/index.php?rest_route=\/wp\/v2\/posts\/9046\/revisions\/9052"}],"wp:featuredmedia":[{"embeddable":true,"href":"https:\/\/www.latribunedufaso.net\/index.php?rest_route=\/wp\/v2\/media\/9051"}],"wp:attachment":[{"href":"https:\/\/www.latribunedufaso.net\/index.php?rest_route=%2Fwp%2Fv2%2Fmedia&parent=9046"}],"wp:term":[{"taxonomy":"category","embeddable":true,"href":"https:\/\/www.latribunedufaso.net\/index.php?rest_route=%2Fwp%2Fv2%2Fcategories&post=9046"},{"taxonomy":"post_tag","embeddable":true,"href":"https:\/\/www.latribunedufaso.net\/index.php?rest_route=%2Fwp%2Fv2%2Ftags&post=9046"}],"curies":[{"name":"wp","href":"https:\/\/api.w.org\/{rel}","templated":true}]}}