{"id":9013,"date":"2023-09-05T16:40:07","date_gmt":"2023-09-05T16:40:07","guid":{"rendered":"https:\/\/www.latribunedufaso.net\/?p=9013"},"modified":"2023-09-05T16:40:07","modified_gmt":"2023-09-05T16:40:07","slug":"commission-nationale-damenagement-et-de-developpement-durable-du-territoire-les-acteurs-tiennent-leur-premiere-session-de-lannee","status":"publish","type":"post","link":"https:\/\/www.latribunedufaso.net\/?p=9013","title":{"rendered":"Commission nationale d\u2019am\u00e9nagement et de d\u00e9veloppement durable du territoire : Les acteurs tiennent leur premi\u00e8re session de l\u2019ann\u00e9e\u00a0"},"content":{"rendered":"<p><strong><span style=\"font-size: 1.0625rem;\">Ce mardi 05 septembre 2023 \u00e0 Ouagadougou, s\u2019est tenue la premi\u00e8re session ordinaire 2023 de la Commission Nationale d\u2019Am\u00e9nagement et de D\u00e9veloppement Durable du Territoire (CNADDT). La rencontre a \u00e9t\u00e9 pr\u00e9sid\u00e9e par le ministre de l\u2019Economie des Finances et de la Prospective, Dr Aboubakar Nacanabo.<\/span><\/strong><!--more--><\/p>\n<p>Plac\u00e9e sous le th\u00e8me \u00ab Comment r\u00e9ussir la mise en \u0153uvre des instruments d\u2019am\u00e9nagement du territoire dans un contexte de forte pression sur le foncier et de forts d\u00e9fis s\u00e9curitaires \u00bb, l\u2019objectif g\u00e9n\u00e9ral de cette session est de contribuer \u00e0 la r\u00e9flexion pour r\u00e9ussir la mise en \u0153uvre des instruments d\u2019am\u00e9nagement du territoire en g\u00e9n\u00e9ral, et les Sch\u00e9mas r\u00e9gionaux d\u2019am\u00e9nagement et de d\u00e9veloppement durable du territoire (SRADDT) en particulier.\u00a0<\/p>\n<p><a href=\"https:\/\/www.latribunedufaso.net\/wp-content\/uploads\/2023\/09\/FB_IMG_1693931819896.jpg\"><img loading=\"lazy\" decoding=\"async\" class=\"size-medium wp-image-9015 alignleft\" src=\"https:\/\/www.latribunedufaso.net\/wp-content\/uploads\/2023\/09\/FB_IMG_1693931819896-300x225.jpg\" alt=\"\" width=\"300\" height=\"225\" srcset=\"https:\/\/www.latribunedufaso.net\/wp-content\/uploads\/2023\/09\/FB_IMG_1693931819896-300x225.jpg 300w, https:\/\/www.latribunedufaso.net\/wp-content\/uploads\/2023\/09\/FB_IMG_1693931819896.jpg 720w\" sizes=\"auto, (max-width: 300px) 100vw, 300px\" \/><\/a>Selon le ministre, les r\u00e9flexions sur la r\u00e9ussite des instruments d\u2019am\u00e9nagement du territoire ont permis de faire des recommandations qui ont \u00e9t\u00e9 adopt\u00e9es. Il s\u2019agit notamment de la relecture \u00ab rapide \u00bb de la loi portant r\u00e8glementation agraire et fonci\u00e8re, de la mise en place d\u2019une police de l\u2019eau ainsi que d\u2019un fond pour permettre de faciliter l\u2019ex\u00e9cution des activit\u00e9s de la commission.<\/p>\n<p>En ce qui concerne celle sur les sch\u00e9mas r\u00e9gionaux d\u2019am\u00e9nagement et de d\u00e9veloppement durable du territoire (SRADDT), trois r\u00e9gions sont \u00e0 l\u2019honneur. \u00ab Nous avons trois r\u00e9gions qui ont d\u00e9j\u00e0 mis en place leurs sch\u00e9mas, notamment le Sahel, l\u2019Est et le Centre. Il s\u2019agira pour nous de voir comment nous pouvons les accompagner efficacement dans la mise en \u0153uvre de leurs sch\u00e9mas ? \u00bb, a confi\u00e9 le pr\u00e9sident de la c\u00e9r\u00e9monie, Dr Aboubakar Nacanabo.<\/p>\n<p>En outre , cette rencontre a \u00e9t\u00e9 le lieu selon le ministre, de voir toutes les difficult\u00e9s li\u00e9es \u00e0 l\u2019am\u00e9nagement du territoire et particuli\u00e8rement dans un contexte d\u2019ins\u00e9curit\u00e9 et de forte pression sur le foncier. A l\u2019\u00e9couter, c\u2019\u00e9tait aussi l\u2019occasion pour les acteurs, de partager leurs exp\u00e9riences et pr\u00e9occupations, toute chose qui va permettre d\u2019aboutir \u00e0 un am\u00e9nagement du territoire ad\u00e9quat et en coh\u00e9rence avec le plan de d\u00e9veloppement.<\/p>\n<p><a href=\"https:\/\/www.latribunedufaso.net\/wp-content\/uploads\/2023\/09\/FB_IMG_1693931793200.jpg\"><img loading=\"lazy\" decoding=\"async\" class=\"size-medium wp-image-9016 alignleft\" src=\"https:\/\/www.latribunedufaso.net\/wp-content\/uploads\/2023\/09\/FB_IMG_1693931793200-300x225.jpg\" alt=\"\" width=\"300\" height=\"225\" srcset=\"https:\/\/www.latribunedufaso.net\/wp-content\/uploads\/2023\/09\/FB_IMG_1693931793200-300x225.jpg 300w, https:\/\/www.latribunedufaso.net\/wp-content\/uploads\/2023\/09\/FB_IMG_1693931793200.jpg 720w\" sizes=\"auto, (max-width: 300px) 100vw, 300px\" \/><\/a>En rappel, la CNADDT est une commission institu\u00e9e par la loi n\u00b0 24-2018 portant loi d\u2019orientation sur l\u2019am\u00e9nagement et le d\u00e9veloppement durable du territoire. Elle se r\u00e9unit deux fois par an en s\u00e9ance ordinaire et \u00e0 chaque fois que besoin se fait en s\u00e9ance extraordinaire.\u00a0<\/p>\n<p>&nbsp;<\/p>\n<p><strong>Nabintou Ouattara (stagiaire)<\/strong><\/p>\n<p><strong>Latribunedufaso.net<\/strong><\/p>\n","protected":false},"excerpt":{"rendered":"<p>Ce mardi 05 septembre 2023 \u00e0 Ouagadougou, s\u2019est tenue la premi\u00e8re session ordinaire 2023 de la Commission Nationale d\u2019Am\u00e9nagement et de D\u00e9veloppement Durable du Territoire (CNADDT). La rencontre a \u00e9t\u00e9 pr\u00e9sid\u00e9e par le ministre de l\u2019Economie des Finances et de la Prospective, Dr Aboubakar Nacanabo.<\/p>\n","protected":false},"author":5,"featured_media":9014,"comment_status":"open","ping_status":"open","sticky":false,"template":"","format":"standard","meta":{"footnotes":""},"categories":[13,1,10],"tags":[],"class_list":["post-9013","post","type-post","status-publish","format-standard","has-post-thumbnail","hentry","category-une","category-actu","category-eco"],"yoast_head":"<!-- This site is optimized with the Yoast SEO plugin v27.5 - https:\/\/yoast.com\/product\/yoast-seo-wordpress\/ -->\n<title>Commission nationale d\u2019am\u00e9nagement et de d\u00e9veloppement durable du territoire : Les acteurs tiennent leur premi\u00e8re session de l\u2019ann\u00e9e\u00a0 - La Tribune du Faso<\/title>\n<meta name=\"robots\" content=\"index, follow, max-snippet:-1, max-image-preview:large, max-video-preview:-1\" \/>\n<link rel=\"canonical\" href=\"https:\/\/www.latribunedufaso.net\/?p=9013\" \/>\n<meta property=\"og:locale\" content=\"fr_FR\" \/>\n<meta property=\"og:type\" content=\"article\" \/>\n<meta property=\"og:title\" content=\"Commission nationale d\u2019am\u00e9nagement et de d\u00e9veloppement durable du territoire : Les acteurs tiennent leur premi\u00e8re session de l\u2019ann\u00e9e\u00a0 - La Tribune du Faso\" \/>\n<meta property=\"og:description\" content=\"Ce mardi 05 septembre 2023 \u00e0 Ouagadougou, s\u2019est tenue la premi\u00e8re session ordinaire 2023 de la Commission Nationale d\u2019Am\u00e9nagement et de D\u00e9veloppement Durable du Territoire (CNADDT). La rencontre a \u00e9t\u00e9 pr\u00e9sid\u00e9e par le ministre de l\u2019Economie des Finances et de la Prospective, Dr Aboubakar Nacanabo.\" \/>\n<meta property=\"og:url\" content=\"https:\/\/www.latribunedufaso.net\/?p=9013\" \/>\n<meta property=\"og:site_name\" content=\"La Tribune du Faso\" \/>\n<meta property=\"article:publisher\" content=\"https:\/\/www.facebook.com\/LatribuneduFaso\/\" \/>\n<meta property=\"article:published_time\" content=\"2023-09-05T16:40:07+00:00\" \/>\n<meta property=\"og:image\" content=\"https:\/\/www.latribunedufaso.net\/wp-content\/uploads\/2023\/09\/FB_IMG_1693931796763.jpg\" \/>\n\t<meta property=\"og:image:width\" content=\"720\" \/>\n\t<meta property=\"og:image:height\" content=\"539\" \/>\n\t<meta property=\"og:image:type\" content=\"image\/jpeg\" \/>\n<meta name=\"author\" content=\"Issouf Tapsoba\" \/>\n<meta name=\"twitter:label1\" content=\"\u00c9crit par\" \/>\n\t<meta name=\"twitter:data1\" content=\"Issouf Tapsoba\" \/>\n\t<meta name=\"twitter:label2\" content=\"Dur\u00e9e de lecture estim\u00e9e\" \/>\n\t<meta name=\"twitter:data2\" content=\"2 minutes\" \/>\n<script type=\"application\/ld+json\" class=\"yoast-schema-graph\">{\"@context\":\"https:\\\/\\\/schema.org\",\"@graph\":[{\"@type\":\"Article\",\"@id\":\"https:\\\/\\\/www.latribunedufaso.net\\\/?p=9013#article\",\"isPartOf\":{\"@id\":\"https:\\\/\\\/www.latribunedufaso.net\\\/?p=9013\"},\"author\":{\"name\":\"Issouf Tapsoba\",\"@id\":\"https:\\\/\\\/www.latribunedufaso.net\\\/#\\\/schema\\\/person\\\/e54e64c5778a7e72cf80a318b7a622b0\"},\"headline\":\"Commission nationale d\u2019am\u00e9nagement et de d\u00e9veloppement durable du territoire : Les acteurs tiennent leur premi\u00e8re session de l\u2019ann\u00e9e\u00a0\",\"datePublished\":\"2023-09-05T16:40:07+00:00\",\"mainEntityOfPage\":{\"@id\":\"https:\\\/\\\/www.latribunedufaso.net\\\/?p=9013\"},\"wordCount\":461,\"commentCount\":0,\"publisher\":{\"@id\":\"https:\\\/\\\/www.latribunedufaso.net\\\/#organization\"},\"image\":{\"@id\":\"https:\\\/\\\/www.latribunedufaso.net\\\/?p=9013#primaryimage\"},\"thumbnailUrl\":\"https:\\\/\\\/www.latribunedufaso.net\\\/wp-content\\\/uploads\\\/2023\\\/09\\\/FB_IMG_1693931796763.jpg\",\"articleSection\":[\"A la une\",\"Actualit\u00e9\",\"Economie\"],\"inLanguage\":\"fr-FR\",\"potentialAction\":[{\"@type\":\"CommentAction\",\"name\":\"Comment\",\"target\":[\"https:\\\/\\\/www.latribunedufaso.net\\\/?p=9013#respond\"]}]},{\"@type\":\"WebPage\",\"@id\":\"https:\\\/\\\/www.latribunedufaso.net\\\/?p=9013\",\"url\":\"https:\\\/\\\/www.latribunedufaso.net\\\/?p=9013\",\"name\":\"Commission nationale d\u2019am\u00e9nagement et de d\u00e9veloppement durable du territoire : Les acteurs tiennent leur premi\u00e8re session de l\u2019ann\u00e9e\u00a0 - La Tribune du Faso\",\"isPartOf\":{\"@id\":\"https:\\\/\\\/www.latribunedufaso.net\\\/#website\"},\"primaryImageOfPage\":{\"@id\":\"https:\\\/\\\/www.latribunedufaso.net\\\/?p=9013#primaryimage\"},\"image\":{\"@id\":\"https:\\\/\\\/www.latribunedufaso.net\\\/?p=9013#primaryimage\"},\"thumbnailUrl\":\"https:\\\/\\\/www.latribunedufaso.net\\\/wp-content\\\/uploads\\\/2023\\\/09\\\/FB_IMG_1693931796763.jpg\",\"datePublished\":\"2023-09-05T16:40:07+00:00\",\"breadcrumb\":{\"@id\":\"https:\\\/\\\/www.latribunedufaso.net\\\/?p=9013#breadcrumb\"},\"inLanguage\":\"fr-FR\",\"potentialAction\":[{\"@type\":\"ReadAction\",\"target\":[\"https:\\\/\\\/www.latribunedufaso.net\\\/?p=9013\"]}]},{\"@type\":\"ImageObject\",\"inLanguage\":\"fr-FR\",\"@id\":\"https:\\\/\\\/www.latribunedufaso.net\\\/?p=9013#primaryimage\",\"url\":\"https:\\\/\\\/www.latribunedufaso.net\\\/wp-content\\\/uploads\\\/2023\\\/09\\\/FB_IMG_1693931796763.jpg\",\"contentUrl\":\"https:\\\/\\\/www.latribunedufaso.net\\\/wp-content\\\/uploads\\\/2023\\\/09\\\/FB_IMG_1693931796763.jpg\",\"width\":720,\"height\":539},{\"@type\":\"BreadcrumbList\",\"@id\":\"https:\\\/\\\/www.latribunedufaso.net\\\/?p=9013#breadcrumb\",\"itemListElement\":[{\"@type\":\"ListItem\",\"position\":1,\"name\":\"Accueil\",\"item\":\"https:\\\/\\\/www.latribunedufaso.net\\\/\"},{\"@type\":\"ListItem\",\"position\":2,\"name\":\"Commission nationale d\u2019am\u00e9nagement et de d\u00e9veloppement durable du territoire : Les acteurs tiennent leur premi\u00e8re session de l\u2019ann\u00e9e\u00a0\"}]},{\"@type\":\"WebSite\",\"@id\":\"https:\\\/\\\/www.latribunedufaso.net\\\/#website\",\"url\":\"https:\\\/\\\/www.latribunedufaso.net\\\/\",\"name\":\"La Tribune du Faso\",\"description\":\"L&#039;information du monde rural en un clic\",\"publisher\":{\"@id\":\"https:\\\/\\\/www.latribunedufaso.net\\\/#organization\"},\"potentialAction\":[{\"@type\":\"SearchAction\",\"target\":{\"@type\":\"EntryPoint\",\"urlTemplate\":\"https:\\\/\\\/www.latribunedufaso.net\\\/?s={search_term_string}\"},\"query-input\":{\"@type\":\"PropertyValueSpecification\",\"valueRequired\":true,\"valueName\":\"search_term_string\"}}],\"inLanguage\":\"fr-FR\"},{\"@type\":\"Organization\",\"@id\":\"https:\\\/\\\/www.latribunedufaso.net\\\/#organization\",\"name\":\"La Tribune du Faso\",\"url\":\"https:\\\/\\\/www.latribunedufaso.net\\\/\",\"logo\":{\"@type\":\"ImageObject\",\"inLanguage\":\"fr-FR\",\"@id\":\"https:\\\/\\\/www.latribunedufaso.net\\\/#\\\/schema\\\/logo\\\/image\\\/\",\"url\":\"https:\\\/\\\/www.latribunedufaso.net\\\/wp-content\\\/uploads\\\/2020\\\/08\\\/Logo-Tribune-du-Faso-final-scaled.jpg\",\"contentUrl\":\"https:\\\/\\\/www.latribunedufaso.net\\\/wp-content\\\/uploads\\\/2020\\\/08\\\/Logo-Tribune-du-Faso-final-scaled.jpg\",\"width\":2560,\"height\":1856,\"caption\":\"La Tribune du Faso\"},\"image\":{\"@id\":\"https:\\\/\\\/www.latribunedufaso.net\\\/#\\\/schema\\\/logo\\\/image\\\/\"},\"sameAs\":[\"https:\\\/\\\/www.facebook.com\\\/LatribuneduFaso\\\/\"]},{\"@type\":\"Person\",\"@id\":\"https:\\\/\\\/www.latribunedufaso.net\\\/#\\\/schema\\\/person\\\/e54e64c5778a7e72cf80a318b7a622b0\",\"name\":\"Issouf Tapsoba\",\"image\":{\"@type\":\"ImageObject\",\"inLanguage\":\"fr-FR\",\"@id\":\"https:\\\/\\\/secure.gravatar.com\\\/avatar\\\/5e6c05150ce3230247d167f5b94d678eb05936197436d69b7921e3a95c9107ac?s=96&d=mm&r=g\",\"url\":\"https:\\\/\\\/secure.gravatar.com\\\/avatar\\\/5e6c05150ce3230247d167f5b94d678eb05936197436d69b7921e3a95c9107ac?s=96&d=mm&r=g\",\"contentUrl\":\"https:\\\/\\\/secure.gravatar.com\\\/avatar\\\/5e6c05150ce3230247d167f5b94d678eb05936197436d69b7921e3a95c9107ac?s=96&d=mm&r=g\",\"caption\":\"Issouf Tapsoba\"},\"url\":\"https:\\\/\\\/www.latribunedufaso.net\\\/?author=5\"}]}<\/script>\n<!-- \/ Yoast SEO plugin. -->","yoast_head_json":{"title":"Commission nationale d\u2019am\u00e9nagement et de d\u00e9veloppement durable du territoire : Les acteurs tiennent leur premi\u00e8re session de l\u2019ann\u00e9e\u00a0 - La Tribune du Faso","robots":{"index":"index","follow":"follow","max-snippet":"max-snippet:-1","max-image-preview":"max-image-preview:large","max-video-preview":"max-video-preview:-1"},"canonical":"https:\/\/www.latribunedufaso.net\/?p=9013","og_locale":"fr_FR","og_type":"article","og_title":"Commission nationale d\u2019am\u00e9nagement et de d\u00e9veloppement durable du territoire : Les acteurs tiennent leur premi\u00e8re session de l\u2019ann\u00e9e\u00a0 - La Tribune du Faso","og_description":"Ce mardi 05 septembre 2023 \u00e0 Ouagadougou, s\u2019est tenue la premi\u00e8re session ordinaire 2023 de la Commission Nationale d\u2019Am\u00e9nagement et de D\u00e9veloppement Durable du Territoire (CNADDT). La rencontre a \u00e9t\u00e9 pr\u00e9sid\u00e9e par le ministre de l\u2019Economie des Finances et de la Prospective, Dr Aboubakar Nacanabo.","og_url":"https:\/\/www.latribunedufaso.net\/?p=9013","og_site_name":"La Tribune du Faso","article_publisher":"https:\/\/www.facebook.com\/LatribuneduFaso\/","article_published_time":"2023-09-05T16:40:07+00:00","og_image":[{"width":720,"height":539,"url":"https:\/\/www.latribunedufaso.net\/wp-content\/uploads\/2023\/09\/FB_IMG_1693931796763.jpg","type":"image\/jpeg"}],"author":"Issouf Tapsoba","twitter_misc":{"\u00c9crit par":"Issouf Tapsoba","Dur\u00e9e de lecture estim\u00e9e":"2 minutes"},"schema":{"@context":"https:\/\/schema.org","@graph":[{"@type":"Article","@id":"https:\/\/www.latribunedufaso.net\/?p=9013#article","isPartOf":{"@id":"https:\/\/www.latribunedufaso.net\/?p=9013"},"author":{"name":"Issouf Tapsoba","@id":"https:\/\/www.latribunedufaso.net\/#\/schema\/person\/e54e64c5778a7e72cf80a318b7a622b0"},"headline":"Commission nationale d\u2019am\u00e9nagement et de d\u00e9veloppement durable du territoire : Les acteurs tiennent leur premi\u00e8re session de l\u2019ann\u00e9e\u00a0","datePublished":"2023-09-05T16:40:07+00:00","mainEntityOfPage":{"@id":"https:\/\/www.latribunedufaso.net\/?p=9013"},"wordCount":461,"commentCount":0,"publisher":{"@id":"https:\/\/www.latribunedufaso.net\/#organization"},"image":{"@id":"https:\/\/www.latribunedufaso.net\/?p=9013#primaryimage"},"thumbnailUrl":"https:\/\/www.latribunedufaso.net\/wp-content\/uploads\/2023\/09\/FB_IMG_1693931796763.jpg","articleSection":["A la une","Actualit\u00e9","Economie"],"inLanguage":"fr-FR","potentialAction":[{"@type":"CommentAction","name":"Comment","target":["https:\/\/www.latribunedufaso.net\/?p=9013#respond"]}]},{"@type":"WebPage","@id":"https:\/\/www.latribunedufaso.net\/?p=9013","url":"https:\/\/www.latribunedufaso.net\/?p=9013","name":"Commission nationale d\u2019am\u00e9nagement et de d\u00e9veloppement durable du territoire : Les acteurs tiennent leur premi\u00e8re session de l\u2019ann\u00e9e\u00a0 - La Tribune du Faso","isPartOf":{"@id":"https:\/\/www.latribunedufaso.net\/#website"},"primaryImageOfPage":{"@id":"https:\/\/www.latribunedufaso.net\/?p=9013#primaryimage"},"image":{"@id":"https:\/\/www.latribunedufaso.net\/?p=9013#primaryimage"},"thumbnailUrl":"https:\/\/www.latribunedufaso.net\/wp-content\/uploads\/2023\/09\/FB_IMG_1693931796763.jpg","datePublished":"2023-09-05T16:40:07+00:00","breadcrumb":{"@id":"https:\/\/www.latribunedufaso.net\/?p=9013#breadcrumb"},"inLanguage":"fr-FR","potentialAction":[{"@type":"ReadAction","target":["https:\/\/www.latribunedufaso.net\/?p=9013"]}]},{"@type":"ImageObject","inLanguage":"fr-FR","@id":"https:\/\/www.latribunedufaso.net\/?p=9013#primaryimage","url":"https:\/\/www.latribunedufaso.net\/wp-content\/uploads\/2023\/09\/FB_IMG_1693931796763.jpg","contentUrl":"https:\/\/www.latribunedufaso.net\/wp-content\/uploads\/2023\/09\/FB_IMG_1693931796763.jpg","width":720,"height":539},{"@type":"BreadcrumbList","@id":"https:\/\/www.latribunedufaso.net\/?p=9013#breadcrumb","itemListElement":[{"@type":"ListItem","position":1,"name":"Accueil","item":"https:\/\/www.latribunedufaso.net\/"},{"@type":"ListItem","position":2,"name":"Commission nationale d\u2019am\u00e9nagement et de d\u00e9veloppement durable du territoire : Les acteurs tiennent leur premi\u00e8re session de l\u2019ann\u00e9e\u00a0"}]},{"@type":"WebSite","@id":"https:\/\/www.latribunedufaso.net\/#website","url":"https:\/\/www.latribunedufaso.net\/","name":"La Tribune du Faso","description":"L&#039;information du monde rural en un clic","publisher":{"@id":"https:\/\/www.latribunedufaso.net\/#organization"},"potentialAction":[{"@type":"SearchAction","target":{"@type":"EntryPoint","urlTemplate":"https:\/\/www.latribunedufaso.net\/?s={search_term_string}"},"query-input":{"@type":"PropertyValueSpecification","valueRequired":true,"valueName":"search_term_string"}}],"inLanguage":"fr-FR"},{"@type":"Organization","@id":"https:\/\/www.latribunedufaso.net\/#organization","name":"La Tribune du Faso","url":"https:\/\/www.latribunedufaso.net\/","logo":{"@type":"ImageObject","inLanguage":"fr-FR","@id":"https:\/\/www.latribunedufaso.net\/#\/schema\/logo\/image\/","url":"https:\/\/www.latribunedufaso.net\/wp-content\/uploads\/2020\/08\/Logo-Tribune-du-Faso-final-scaled.jpg","contentUrl":"https:\/\/www.latribunedufaso.net\/wp-content\/uploads\/2020\/08\/Logo-Tribune-du-Faso-final-scaled.jpg","width":2560,"height":1856,"caption":"La Tribune du Faso"},"image":{"@id":"https:\/\/www.latribunedufaso.net\/#\/schema\/logo\/image\/"},"sameAs":["https:\/\/www.facebook.com\/LatribuneduFaso\/"]},{"@type":"Person","@id":"https:\/\/www.latribunedufaso.net\/#\/schema\/person\/e54e64c5778a7e72cf80a318b7a622b0","name":"Issouf Tapsoba","image":{"@type":"ImageObject","inLanguage":"fr-FR","@id":"https:\/\/secure.gravatar.com\/avatar\/5e6c05150ce3230247d167f5b94d678eb05936197436d69b7921e3a95c9107ac?s=96&d=mm&r=g","url":"https:\/\/secure.gravatar.com\/avatar\/5e6c05150ce3230247d167f5b94d678eb05936197436d69b7921e3a95c9107ac?s=96&d=mm&r=g","contentUrl":"https:\/\/secure.gravatar.com\/avatar\/5e6c05150ce3230247d167f5b94d678eb05936197436d69b7921e3a95c9107ac?s=96&d=mm&r=g","caption":"Issouf Tapsoba"},"url":"https:\/\/www.latribunedufaso.net\/?author=5"}]}},"_links":{"self":[{"href":"https:\/\/www.latribunedufaso.net\/index.php?rest_route=\/wp\/v2\/posts\/9013","targetHints":{"allow":["GET"]}}],"collection":[{"href":"https:\/\/www.latribunedufaso.net\/index.php?rest_route=\/wp\/v2\/posts"}],"about":[{"href":"https:\/\/www.latribunedufaso.net\/index.php?rest_route=\/wp\/v2\/types\/post"}],"author":[{"embeddable":true,"href":"https:\/\/www.latribunedufaso.net\/index.php?rest_route=\/wp\/v2\/users\/5"}],"replies":[{"embeddable":true,"href":"https:\/\/www.latribunedufaso.net\/index.php?rest_route=%2Fwp%2Fv2%2Fcomments&post=9013"}],"version-history":[{"count":2,"href":"https:\/\/www.latribunedufaso.net\/index.php?rest_route=\/wp\/v2\/posts\/9013\/revisions"}],"predecessor-version":[{"id":9019,"href":"https:\/\/www.latribunedufaso.net\/index.php?rest_route=\/wp\/v2\/posts\/9013\/revisions\/9019"}],"wp:featuredmedia":[{"embeddable":true,"href":"https:\/\/www.latribunedufaso.net\/index.php?rest_route=\/wp\/v2\/media\/9014"}],"wp:attachment":[{"href":"https:\/\/www.latribunedufaso.net\/index.php?rest_route=%2Fwp%2Fv2%2Fmedia&parent=9013"}],"wp:term":[{"taxonomy":"category","embeddable":true,"href":"https:\/\/www.latribunedufaso.net\/index.php?rest_route=%2Fwp%2Fv2%2Fcategories&post=9013"},{"taxonomy":"post_tag","embeddable":true,"href":"https:\/\/www.latribunedufaso.net\/index.php?rest_route=%2Fwp%2Fv2%2Ftags&post=9013"}],"curies":[{"name":"wp","href":"https:\/\/api.w.org\/{rel}","templated":true}]}}