{"id":8958,"date":"2023-08-31T16:40:43","date_gmt":"2023-08-31T16:40:43","guid":{"rendered":"https:\/\/www.latribunedufaso.net\/?p=8958"},"modified":"2023-08-31T16:40:43","modified_gmt":"2023-08-31T16:40:43","slug":"football-ouverture-de-la-saison-le-01-septembre-2023-avec-le-match-asfa-y-contre-royal-fc","status":"publish","type":"post","link":"https:\/\/www.latribunedufaso.net\/?p=8958","title":{"rendered":"Football : Ouverture de la saison le 01 septembre 2023 avec le match ASFA Y contre Royal FC"},"content":{"rendered":"<p><strong><span style=\"font-size: 1.0625rem;\">Ce jeudi 31 ao\u00fbt 2023 a Ouagadougou, le secr\u00e9taire ex\u00e9cutif de la Ligue de football professionnel (LFP), Julien Tiendrebeogo, a anim\u00e9 une conf\u00e9rence de presse. <\/span><span style=\"font-size: 1.0625rem;\">L\u2019objectif de cette conf\u00e9rence est d\u2019annoncer le d\u00e9marrage de la saison sportive 2023-2024 et \u00e0 pr\u00e9senter les grandes articulations ainsi que les innovations majeures de cette saison.<\/span><\/strong><br \/><!--more--><\/p>\n<p>La saison va se d\u00e9rouler en 09 mois, et ils y\u2019aura en tout 585 matchs dont 240 pour la ligue 1, 264 pour la ligue 2, et 81 pour la Coupe du Faso (COFAS).<\/p>\n<p>Les innovations majeures de la saison 2023-2024 sont entre autres, la prise en compte de dispositions permettant l&rsquo;op\u00e9rationnalisation de la participation des joueurs surclass\u00e9s et double-surclass\u00e9s \u00e0 travers une liste additionnelle de 10 joueurs dont 5 de chaque cat\u00e9gorie ; un \u00e9largissement de 400 jeunes joueurs en ligue 1 et 2 ; l\u2019introduction de la nomination d&rsquo;observateurs pour seconder les commissaires dans l&rsquo;administration de certains matchs \u00e0 enjeu particuliers.<\/p>\n<figure id=\"attachment_8959\" aria-describedby=\"caption-attachment-8959\" style=\"width: 300px\" class=\"wp-caption alignleft\"><a href=\"https:\/\/www.latribunedufaso.net\/wp-content\/uploads\/2023\/08\/FB_IMG_1693499820023.jpg\"><img loading=\"lazy\" decoding=\"async\" class=\"wp-image-8959 size-medium\" src=\"https:\/\/www.latribunedufaso.net\/wp-content\/uploads\/2023\/08\/FB_IMG_1693499820023-300x225.jpg\" width=\"300\" height=\"225\" srcset=\"https:\/\/www.latribunedufaso.net\/wp-content\/uploads\/2023\/08\/FB_IMG_1693499820023-300x225.jpg 300w, https:\/\/www.latribunedufaso.net\/wp-content\/uploads\/2023\/08\/FB_IMG_1693499820023.jpg 720w\" sizes=\"auto, (max-width: 300px) 100vw, 300px\" \/><\/a><figcaption id=\"caption-attachment-8959\" class=\"wp-caption-text\">Le secr\u00e9taire ex\u00e9cutif de la Ligue de football professionnel (LFP), Julien Tiendrebeogo (en rouge)<\/figcaption><\/figure>\n<p>A entendre le s\u00e9cr\u00e9taire ex\u00e9cutif de la LFP, Julien Tiendrebeogo, Les \u00e9quipes qui auront de fa\u00e7on d\u00e9lib\u00e9r\u00e9e opt\u00e9e de d\u00e9buter un match en sous-effectif alors que les conditions objectives de commencer le match \u00e0 onze sont r\u00e9unies auront une amende de 100.000 FCFA \u00e0 payer.<\/p>\n<p>\u00ab Au cas o\u00f9 un match est arr\u00eat\u00e9 parce qu&rsquo;une \u00e9quipe est r\u00e9duite \u00e0 moins de sept (07) joueurs, celle-ci perd le match par p\u00e9nalit\u00e9. Aussi, en cas de non de justification aupr\u00e8s de la LFP des conditions qui auraient pr\u00e9values \u00e0 ce qu&rsquo;une \u00e9quipe puisse d\u00e9buter un match en inf\u00e9riorit\u00e9 num\u00e9rique qui engendre par la suite l&rsquo;arr\u00eat d&rsquo;un match pour la m\u00eame raison, le club sera sanctionn\u00e9 d&rsquo;un montant de 100.000 FCFA. \u00bb \u00e0 t-il ajout\u00e9.<\/p>\n<p><a href=\"https:\/\/www.latribunedufaso.net\/wp-content\/uploads\/2023\/08\/FB_IMG_1693499825356.jpg\"><img loading=\"lazy\" decoding=\"async\" class=\"size-medium wp-image-8961 alignleft\" src=\"https:\/\/www.latribunedufaso.net\/wp-content\/uploads\/2023\/08\/FB_IMG_1693499825356-300x225.jpg\" alt=\"\" width=\"300\" height=\"225\" srcset=\"https:\/\/www.latribunedufaso.net\/wp-content\/uploads\/2023\/08\/FB_IMG_1693499825356-300x225.jpg 300w, https:\/\/www.latribunedufaso.net\/wp-content\/uploads\/2023\/08\/FB_IMG_1693499825356.jpg 720w\" sizes=\"auto, (max-width: 300px) 100vw, 300px\" \/><\/a>Le programme de la 1re journ\u00e9e de Ligue 1 est comme suit :\u00a0<\/p>\n<p>Vendredi 1er septembre<\/p>\n<p>ASFA-Y # Royal FC (stade municipal Issoufou Joseph Conombo de Ouagadougou, 17h)<\/p>\n<p>Samedi 2 septembre<\/p>\n<p>RCK # Vitesse FC (stade municipal Issoufou Joseph Conombo de Ouagadougou, 16h)<\/p>\n<p>USFA # RCB (stade municipal Issoufou Joseph Conombo de Ouagadougou, 18h15)<\/p>\n<p>Majestic SC # Salitas FC (stade municipal de Ziniar\u00e9, 16h)<\/p>\n<p>ASFB # AS SONABEL (stade Sangoul\u00e9 Lamizana de Bobo, 16h)<\/p>\n<p>Dimanche 3 septembre<\/p>\n<p>Rahimo FC # ASEC-K (stade Wobi de Bobo, 16h)<\/p>\n<p>EFO # Sporting FC (stade Issoufou Joseph Conombo de Ouagadougou, 16h)<\/p>\n<p>Lundi 4 septembre<\/p>\n<p>AS Douanes # Kozaf (stade municipal Issoufou Joseph Conombo de Ouagadougou, 16h).<\/p>\n<p><strong>Ines Tougma (stagiaire)<\/strong><\/p>\n<p><strong>Latribunedufaso.net<\/strong><\/p>\n","protected":false},"excerpt":{"rendered":"<p>Ce jeudi 31 ao\u00fbt 2023 a Ouagadougou, le secr\u00e9taire ex\u00e9cutif de la Ligue de football professionnel (LFP), Julien Tiendrebeogo, a anim\u00e9 une conf\u00e9rence de presse. L\u2019objectif de cette conf\u00e9rence est d\u2019annoncer le d\u00e9marrage de la saison sportive 2023-2024 et \u00e0 pr\u00e9senter les grandes articulations ainsi que les innovations majeures de cette saison.<\/p>\n","protected":false},"author":5,"featured_media":8959,"comment_status":"open","ping_status":"open","sticky":false,"template":"","format":"standard","meta":{"footnotes":""},"categories":[13,1,17],"tags":[],"class_list":["post-8958","post","type-post","status-publish","format-standard","has-post-thumbnail","hentry","category-une","category-actu","category-sport"],"yoast_head":"<!-- This site is optimized with the Yoast SEO plugin v27.5 - https:\/\/yoast.com\/product\/yoast-seo-wordpress\/ -->\n<title>Football : Ouverture de la saison le 01 septembre 2023 avec le match ASFA Y contre Royal FC - La Tribune du Faso<\/title>\n<meta name=\"robots\" content=\"index, follow, max-snippet:-1, max-image-preview:large, max-video-preview:-1\" \/>\n<link rel=\"canonical\" href=\"https:\/\/www.latribunedufaso.net\/?p=8958\" \/>\n<meta property=\"og:locale\" content=\"fr_FR\" \/>\n<meta property=\"og:type\" content=\"article\" \/>\n<meta property=\"og:title\" content=\"Football : Ouverture de la saison le 01 septembre 2023 avec le match ASFA Y contre Royal FC - La Tribune du Faso\" \/>\n<meta property=\"og:description\" content=\"Ce jeudi 31 ao\u00fbt 2023 a Ouagadougou, le secr\u00e9taire ex\u00e9cutif de la Ligue de football professionnel (LFP), Julien Tiendrebeogo, a anim\u00e9 une conf\u00e9rence de presse. L\u2019objectif de cette conf\u00e9rence est d\u2019annoncer le d\u00e9marrage de la saison sportive 2023-2024 et \u00e0 pr\u00e9senter les grandes articulations ainsi que les innovations majeures de cette saison.\" \/>\n<meta property=\"og:url\" content=\"https:\/\/www.latribunedufaso.net\/?p=8958\" \/>\n<meta property=\"og:site_name\" content=\"La Tribune du Faso\" \/>\n<meta property=\"article:publisher\" content=\"https:\/\/www.facebook.com\/LatribuneduFaso\/\" \/>\n<meta property=\"article:published_time\" content=\"2023-08-31T16:40:43+00:00\" \/>\n<meta property=\"og:image\" content=\"https:\/\/www.latribunedufaso.net\/wp-content\/uploads\/2023\/08\/FB_IMG_1693499820023.jpg\" \/>\n\t<meta property=\"og:image:width\" content=\"720\" \/>\n\t<meta property=\"og:image:height\" content=\"540\" \/>\n\t<meta property=\"og:image:type\" content=\"image\/jpeg\" \/>\n<meta name=\"author\" content=\"Issouf Tapsoba\" \/>\n<meta name=\"twitter:label1\" content=\"\u00c9crit par\" \/>\n\t<meta name=\"twitter:data1\" content=\"Issouf Tapsoba\" \/>\n\t<meta name=\"twitter:label2\" content=\"Dur\u00e9e de lecture estim\u00e9e\" \/>\n\t<meta name=\"twitter:data2\" content=\"2 minutes\" \/>\n<script type=\"application\/ld+json\" class=\"yoast-schema-graph\">{\"@context\":\"https:\\\/\\\/schema.org\",\"@graph\":[{\"@type\":\"Article\",\"@id\":\"https:\\\/\\\/www.latribunedufaso.net\\\/?p=8958#article\",\"isPartOf\":{\"@id\":\"https:\\\/\\\/www.latribunedufaso.net\\\/?p=8958\"},\"author\":{\"name\":\"Issouf Tapsoba\",\"@id\":\"https:\\\/\\\/www.latribunedufaso.net\\\/#\\\/schema\\\/person\\\/e54e64c5778a7e72cf80a318b7a622b0\"},\"headline\":\"Football : Ouverture de la saison le 01 septembre 2023 avec le match ASFA Y contre Royal FC\",\"datePublished\":\"2023-08-31T16:40:43+00:00\",\"mainEntityOfPage\":{\"@id\":\"https:\\\/\\\/www.latribunedufaso.net\\\/?p=8958\"},\"wordCount\":435,\"commentCount\":0,\"publisher\":{\"@id\":\"https:\\\/\\\/www.latribunedufaso.net\\\/#organization\"},\"image\":{\"@id\":\"https:\\\/\\\/www.latribunedufaso.net\\\/?p=8958#primaryimage\"},\"thumbnailUrl\":\"https:\\\/\\\/www.latribunedufaso.net\\\/wp-content\\\/uploads\\\/2023\\\/08\\\/FB_IMG_1693499820023.jpg\",\"articleSection\":[\"A la une\",\"Actualit\u00e9\",\"Sport\"],\"inLanguage\":\"fr-FR\",\"potentialAction\":[{\"@type\":\"CommentAction\",\"name\":\"Comment\",\"target\":[\"https:\\\/\\\/www.latribunedufaso.net\\\/?p=8958#respond\"]}]},{\"@type\":\"WebPage\",\"@id\":\"https:\\\/\\\/www.latribunedufaso.net\\\/?p=8958\",\"url\":\"https:\\\/\\\/www.latribunedufaso.net\\\/?p=8958\",\"name\":\"Football : Ouverture de la saison le 01 septembre 2023 avec le match ASFA Y contre Royal FC - La Tribune du Faso\",\"isPartOf\":{\"@id\":\"https:\\\/\\\/www.latribunedufaso.net\\\/#website\"},\"primaryImageOfPage\":{\"@id\":\"https:\\\/\\\/www.latribunedufaso.net\\\/?p=8958#primaryimage\"},\"image\":{\"@id\":\"https:\\\/\\\/www.latribunedufaso.net\\\/?p=8958#primaryimage\"},\"thumbnailUrl\":\"https:\\\/\\\/www.latribunedufaso.net\\\/wp-content\\\/uploads\\\/2023\\\/08\\\/FB_IMG_1693499820023.jpg\",\"datePublished\":\"2023-08-31T16:40:43+00:00\",\"breadcrumb\":{\"@id\":\"https:\\\/\\\/www.latribunedufaso.net\\\/?p=8958#breadcrumb\"},\"inLanguage\":\"fr-FR\",\"potentialAction\":[{\"@type\":\"ReadAction\",\"target\":[\"https:\\\/\\\/www.latribunedufaso.net\\\/?p=8958\"]}]},{\"@type\":\"ImageObject\",\"inLanguage\":\"fr-FR\",\"@id\":\"https:\\\/\\\/www.latribunedufaso.net\\\/?p=8958#primaryimage\",\"url\":\"https:\\\/\\\/www.latribunedufaso.net\\\/wp-content\\\/uploads\\\/2023\\\/08\\\/FB_IMG_1693499820023.jpg\",\"contentUrl\":\"https:\\\/\\\/www.latribunedufaso.net\\\/wp-content\\\/uploads\\\/2023\\\/08\\\/FB_IMG_1693499820023.jpg\",\"width\":720,\"height\":540},{\"@type\":\"BreadcrumbList\",\"@id\":\"https:\\\/\\\/www.latribunedufaso.net\\\/?p=8958#breadcrumb\",\"itemListElement\":[{\"@type\":\"ListItem\",\"position\":1,\"name\":\"Accueil\",\"item\":\"https:\\\/\\\/www.latribunedufaso.net\\\/\"},{\"@type\":\"ListItem\",\"position\":2,\"name\":\"Football : Ouverture de la saison le 01 septembre 2023 avec le match ASFA Y contre Royal FC\"}]},{\"@type\":\"WebSite\",\"@id\":\"https:\\\/\\\/www.latribunedufaso.net\\\/#website\",\"url\":\"https:\\\/\\\/www.latribunedufaso.net\\\/\",\"name\":\"La Tribune du Faso\",\"description\":\"L&#039;information du monde rural en un clic\",\"publisher\":{\"@id\":\"https:\\\/\\\/www.latribunedufaso.net\\\/#organization\"},\"potentialAction\":[{\"@type\":\"SearchAction\",\"target\":{\"@type\":\"EntryPoint\",\"urlTemplate\":\"https:\\\/\\\/www.latribunedufaso.net\\\/?s={search_term_string}\"},\"query-input\":{\"@type\":\"PropertyValueSpecification\",\"valueRequired\":true,\"valueName\":\"search_term_string\"}}],\"inLanguage\":\"fr-FR\"},{\"@type\":\"Organization\",\"@id\":\"https:\\\/\\\/www.latribunedufaso.net\\\/#organization\",\"name\":\"La Tribune du Faso\",\"url\":\"https:\\\/\\\/www.latribunedufaso.net\\\/\",\"logo\":{\"@type\":\"ImageObject\",\"inLanguage\":\"fr-FR\",\"@id\":\"https:\\\/\\\/www.latribunedufaso.net\\\/#\\\/schema\\\/logo\\\/image\\\/\",\"url\":\"https:\\\/\\\/www.latribunedufaso.net\\\/wp-content\\\/uploads\\\/2020\\\/08\\\/Logo-Tribune-du-Faso-final-scaled.jpg\",\"contentUrl\":\"https:\\\/\\\/www.latribunedufaso.net\\\/wp-content\\\/uploads\\\/2020\\\/08\\\/Logo-Tribune-du-Faso-final-scaled.jpg\",\"width\":2560,\"height\":1856,\"caption\":\"La Tribune du Faso\"},\"image\":{\"@id\":\"https:\\\/\\\/www.latribunedufaso.net\\\/#\\\/schema\\\/logo\\\/image\\\/\"},\"sameAs\":[\"https:\\\/\\\/www.facebook.com\\\/LatribuneduFaso\\\/\"]},{\"@type\":\"Person\",\"@id\":\"https:\\\/\\\/www.latribunedufaso.net\\\/#\\\/schema\\\/person\\\/e54e64c5778a7e72cf80a318b7a622b0\",\"name\":\"Issouf Tapsoba\",\"image\":{\"@type\":\"ImageObject\",\"inLanguage\":\"fr-FR\",\"@id\":\"https:\\\/\\\/secure.gravatar.com\\\/avatar\\\/5e6c05150ce3230247d167f5b94d678eb05936197436d69b7921e3a95c9107ac?s=96&d=mm&r=g\",\"url\":\"https:\\\/\\\/secure.gravatar.com\\\/avatar\\\/5e6c05150ce3230247d167f5b94d678eb05936197436d69b7921e3a95c9107ac?s=96&d=mm&r=g\",\"contentUrl\":\"https:\\\/\\\/secure.gravatar.com\\\/avatar\\\/5e6c05150ce3230247d167f5b94d678eb05936197436d69b7921e3a95c9107ac?s=96&d=mm&r=g\",\"caption\":\"Issouf Tapsoba\"},\"url\":\"https:\\\/\\\/www.latribunedufaso.net\\\/?author=5\"}]}<\/script>\n<!-- \/ Yoast SEO plugin. -->","yoast_head_json":{"title":"Football : Ouverture de la saison le 01 septembre 2023 avec le match ASFA Y contre Royal FC - La Tribune du Faso","robots":{"index":"index","follow":"follow","max-snippet":"max-snippet:-1","max-image-preview":"max-image-preview:large","max-video-preview":"max-video-preview:-1"},"canonical":"https:\/\/www.latribunedufaso.net\/?p=8958","og_locale":"fr_FR","og_type":"article","og_title":"Football : Ouverture de la saison le 01 septembre 2023 avec le match ASFA Y contre Royal FC - La Tribune du Faso","og_description":"Ce jeudi 31 ao\u00fbt 2023 a Ouagadougou, le secr\u00e9taire ex\u00e9cutif de la Ligue de football professionnel (LFP), Julien Tiendrebeogo, a anim\u00e9 une conf\u00e9rence de presse. L\u2019objectif de cette conf\u00e9rence est d\u2019annoncer le d\u00e9marrage de la saison sportive 2023-2024 et \u00e0 pr\u00e9senter les grandes articulations ainsi que les innovations majeures de cette saison.","og_url":"https:\/\/www.latribunedufaso.net\/?p=8958","og_site_name":"La Tribune du Faso","article_publisher":"https:\/\/www.facebook.com\/LatribuneduFaso\/","article_published_time":"2023-08-31T16:40:43+00:00","og_image":[{"width":720,"height":540,"url":"https:\/\/www.latribunedufaso.net\/wp-content\/uploads\/2023\/08\/FB_IMG_1693499820023.jpg","type":"image\/jpeg"}],"author":"Issouf Tapsoba","twitter_misc":{"\u00c9crit par":"Issouf Tapsoba","Dur\u00e9e de lecture estim\u00e9e":"2 minutes"},"schema":{"@context":"https:\/\/schema.org","@graph":[{"@type":"Article","@id":"https:\/\/www.latribunedufaso.net\/?p=8958#article","isPartOf":{"@id":"https:\/\/www.latribunedufaso.net\/?p=8958"},"author":{"name":"Issouf Tapsoba","@id":"https:\/\/www.latribunedufaso.net\/#\/schema\/person\/e54e64c5778a7e72cf80a318b7a622b0"},"headline":"Football : Ouverture de la saison le 01 septembre 2023 avec le match ASFA Y contre Royal FC","datePublished":"2023-08-31T16:40:43+00:00","mainEntityOfPage":{"@id":"https:\/\/www.latribunedufaso.net\/?p=8958"},"wordCount":435,"commentCount":0,"publisher":{"@id":"https:\/\/www.latribunedufaso.net\/#organization"},"image":{"@id":"https:\/\/www.latribunedufaso.net\/?p=8958#primaryimage"},"thumbnailUrl":"https:\/\/www.latribunedufaso.net\/wp-content\/uploads\/2023\/08\/FB_IMG_1693499820023.jpg","articleSection":["A la une","Actualit\u00e9","Sport"],"inLanguage":"fr-FR","potentialAction":[{"@type":"CommentAction","name":"Comment","target":["https:\/\/www.latribunedufaso.net\/?p=8958#respond"]}]},{"@type":"WebPage","@id":"https:\/\/www.latribunedufaso.net\/?p=8958","url":"https:\/\/www.latribunedufaso.net\/?p=8958","name":"Football : Ouverture de la saison le 01 septembre 2023 avec le match ASFA Y contre Royal FC - La Tribune du Faso","isPartOf":{"@id":"https:\/\/www.latribunedufaso.net\/#website"},"primaryImageOfPage":{"@id":"https:\/\/www.latribunedufaso.net\/?p=8958#primaryimage"},"image":{"@id":"https:\/\/www.latribunedufaso.net\/?p=8958#primaryimage"},"thumbnailUrl":"https:\/\/www.latribunedufaso.net\/wp-content\/uploads\/2023\/08\/FB_IMG_1693499820023.jpg","datePublished":"2023-08-31T16:40:43+00:00","breadcrumb":{"@id":"https:\/\/www.latribunedufaso.net\/?p=8958#breadcrumb"},"inLanguage":"fr-FR","potentialAction":[{"@type":"ReadAction","target":["https:\/\/www.latribunedufaso.net\/?p=8958"]}]},{"@type":"ImageObject","inLanguage":"fr-FR","@id":"https:\/\/www.latribunedufaso.net\/?p=8958#primaryimage","url":"https:\/\/www.latribunedufaso.net\/wp-content\/uploads\/2023\/08\/FB_IMG_1693499820023.jpg","contentUrl":"https:\/\/www.latribunedufaso.net\/wp-content\/uploads\/2023\/08\/FB_IMG_1693499820023.jpg","width":720,"height":540},{"@type":"BreadcrumbList","@id":"https:\/\/www.latribunedufaso.net\/?p=8958#breadcrumb","itemListElement":[{"@type":"ListItem","position":1,"name":"Accueil","item":"https:\/\/www.latribunedufaso.net\/"},{"@type":"ListItem","position":2,"name":"Football : Ouverture de la saison le 01 septembre 2023 avec le match ASFA Y contre Royal FC"}]},{"@type":"WebSite","@id":"https:\/\/www.latribunedufaso.net\/#website","url":"https:\/\/www.latribunedufaso.net\/","name":"La Tribune du Faso","description":"L&#039;information du monde rural en un clic","publisher":{"@id":"https:\/\/www.latribunedufaso.net\/#organization"},"potentialAction":[{"@type":"SearchAction","target":{"@type":"EntryPoint","urlTemplate":"https:\/\/www.latribunedufaso.net\/?s={search_term_string}"},"query-input":{"@type":"PropertyValueSpecification","valueRequired":true,"valueName":"search_term_string"}}],"inLanguage":"fr-FR"},{"@type":"Organization","@id":"https:\/\/www.latribunedufaso.net\/#organization","name":"La Tribune du Faso","url":"https:\/\/www.latribunedufaso.net\/","logo":{"@type":"ImageObject","inLanguage":"fr-FR","@id":"https:\/\/www.latribunedufaso.net\/#\/schema\/logo\/image\/","url":"https:\/\/www.latribunedufaso.net\/wp-content\/uploads\/2020\/08\/Logo-Tribune-du-Faso-final-scaled.jpg","contentUrl":"https:\/\/www.latribunedufaso.net\/wp-content\/uploads\/2020\/08\/Logo-Tribune-du-Faso-final-scaled.jpg","width":2560,"height":1856,"caption":"La Tribune du Faso"},"image":{"@id":"https:\/\/www.latribunedufaso.net\/#\/schema\/logo\/image\/"},"sameAs":["https:\/\/www.facebook.com\/LatribuneduFaso\/"]},{"@type":"Person","@id":"https:\/\/www.latribunedufaso.net\/#\/schema\/person\/e54e64c5778a7e72cf80a318b7a622b0","name":"Issouf Tapsoba","image":{"@type":"ImageObject","inLanguage":"fr-FR","@id":"https:\/\/secure.gravatar.com\/avatar\/5e6c05150ce3230247d167f5b94d678eb05936197436d69b7921e3a95c9107ac?s=96&d=mm&r=g","url":"https:\/\/secure.gravatar.com\/avatar\/5e6c05150ce3230247d167f5b94d678eb05936197436d69b7921e3a95c9107ac?s=96&d=mm&r=g","contentUrl":"https:\/\/secure.gravatar.com\/avatar\/5e6c05150ce3230247d167f5b94d678eb05936197436d69b7921e3a95c9107ac?s=96&d=mm&r=g","caption":"Issouf Tapsoba"},"url":"https:\/\/www.latribunedufaso.net\/?author=5"}]}},"_links":{"self":[{"href":"https:\/\/www.latribunedufaso.net\/index.php?rest_route=\/wp\/v2\/posts\/8958","targetHints":{"allow":["GET"]}}],"collection":[{"href":"https:\/\/www.latribunedufaso.net\/index.php?rest_route=\/wp\/v2\/posts"}],"about":[{"href":"https:\/\/www.latribunedufaso.net\/index.php?rest_route=\/wp\/v2\/types\/post"}],"author":[{"embeddable":true,"href":"https:\/\/www.latribunedufaso.net\/index.php?rest_route=\/wp\/v2\/users\/5"}],"replies":[{"embeddable":true,"href":"https:\/\/www.latribunedufaso.net\/index.php?rest_route=%2Fwp%2Fv2%2Fcomments&post=8958"}],"version-history":[{"count":1,"href":"https:\/\/www.latribunedufaso.net\/index.php?rest_route=\/wp\/v2\/posts\/8958\/revisions"}],"predecessor-version":[{"id":8962,"href":"https:\/\/www.latribunedufaso.net\/index.php?rest_route=\/wp\/v2\/posts\/8958\/revisions\/8962"}],"wp:featuredmedia":[{"embeddable":true,"href":"https:\/\/www.latribunedufaso.net\/index.php?rest_route=\/wp\/v2\/media\/8959"}],"wp:attachment":[{"href":"https:\/\/www.latribunedufaso.net\/index.php?rest_route=%2Fwp%2Fv2%2Fmedia&parent=8958"}],"wp:term":[{"taxonomy":"category","embeddable":true,"href":"https:\/\/www.latribunedufaso.net\/index.php?rest_route=%2Fwp%2Fv2%2Fcategories&post=8958"},{"taxonomy":"post_tag","embeddable":true,"href":"https:\/\/www.latribunedufaso.net\/index.php?rest_route=%2Fwp%2Fv2%2Ftags&post=8958"}],"curies":[{"name":"wp","href":"https:\/\/api.w.org\/{rel}","templated":true}]}}