{"id":8890,"date":"2023-08-26T22:47:41","date_gmt":"2023-08-26T22:47:41","guid":{"rendered":"https:\/\/www.latribunedufaso.net\/?p=8890"},"modified":"2023-08-27T17:35:56","modified_gmt":"2023-08-27T17:35:56","slug":"centre-dinstruction-de-la-gendarmerie-nationale-de-gaoua-la-promotion-yari-adama-ousse-prete-pour-defendre-la-patrie","status":"publish","type":"post","link":"https:\/\/www.latribunedufaso.net\/?p=8890","title":{"rendered":"Centre d\u2019Instruction de la Gendarmerie Nationale de Gaoua : La promotion \u00ab YARI ADAMA OUSSE \u00bb pr\u00eate pour d\u00e9fendre la Patrie\u00a0"},"content":{"rendered":"<p><strong><span style=\"font-size: 1.0625rem;\">Apr\u00e8s cinq mois de formation (militaire et professionnelle), le Centre d\u2019instruction de la Gendarmerie nationale (CIGN) de Gaoua r\u00e9colte ses toutes premi\u00e8res semences, la premi\u00e8re promotion des gendarmes auxiliaires . <\/span><span style=\"font-size: 1.0625rem;\">La c\u00e9r\u00e9monie de sortie a eu lieu ce vendredi 25 ao\u00fbt 2023 sous la pr\u00e9sidence du chef d\u2019Etat-Major de la Gendarmerie nationale, le Lieutenant-Colonel Evrard Somda.<\/span><\/strong><br \/><!--more--><\/p>\n<p><a href=\"https:\/\/www.latribunedufaso.net\/wp-content\/uploads\/2023\/08\/FB_IMG_1693071676834.jpg\"><img loading=\"lazy\" decoding=\"async\" class=\"size-medium wp-image-8892 alignleft\" src=\"https:\/\/www.latribunedufaso.net\/wp-content\/uploads\/2023\/08\/FB_IMG_1693071676834-300x184.jpg\" alt=\"\" width=\"300\" height=\"184\" srcset=\"https:\/\/www.latribunedufaso.net\/wp-content\/uploads\/2023\/08\/FB_IMG_1693071676834-300x184.jpg 300w, https:\/\/www.latribunedufaso.net\/wp-content\/uploads\/2023\/08\/FB_IMG_1693071676834.jpg 720w\" sizes=\"auto, (max-width: 300px) 100vw, 300px\" \/><\/a>Ce sont au total 1498 militaires du rang dont une centaine de techniciens dans divers domaines et neuf personnels f\u00e9minins qui sont aujourd\u2019hui jug\u00e9s aptes \u00e0 porter leurs galons.<\/p>\n<p>En hommage \u00e0 un devancier pour \u00ab l\u2019excellence \u00bb de son parcours professionnel et social, la pr\u00e9sente cuv\u00e9e du CIGN a \u00e9t\u00e9 baptis\u00e9e \u00ab YARI ADAMA OUSSE \u00bb. Elle a choisi pour parrain, l&rsquo;ancien ministre en charge de l\u2019Administration Territoriale, de la D\u00e9centralisation et de la S\u00e9curit\u00e9, le Colonel Boukar\u00e9 Zoungrana.<\/p>\n<p><a href=\"https:\/\/www.latribunedufaso.net\/wp-content\/uploads\/2023\/08\/FB_IMG_1693071668893.jpg\"><img loading=\"lazy\" decoding=\"async\" class=\"size-medium wp-image-8893 alignleft\" src=\"https:\/\/www.latribunedufaso.net\/wp-content\/uploads\/2023\/08\/FB_IMG_1693071668893-300x200.jpg\" alt=\"\" width=\"300\" height=\"200\" srcset=\"https:\/\/www.latribunedufaso.net\/wp-content\/uploads\/2023\/08\/FB_IMG_1693071668893-300x200.jpg 300w, https:\/\/www.latribunedufaso.net\/wp-content\/uploads\/2023\/08\/FB_IMG_1693071668893-120x80.jpg 120w, https:\/\/www.latribunedufaso.net\/wp-content\/uploads\/2023\/08\/FB_IMG_1693071668893-360x240.jpg 360w, https:\/\/www.latribunedufaso.net\/wp-content\/uploads\/2023\/08\/FB_IMG_1693071668893-600x400.jpg 600w, https:\/\/www.latribunedufaso.net\/wp-content\/uploads\/2023\/08\/FB_IMG_1693071668893.jpg 720w\" sizes=\"auto, (max-width: 300px) 100vw, 300px\" \/><\/a>Le CIGN de Gaoua faut-il le rappeler, est le creuset de la formation des militaires de rang de la Gendarmerie Nationale. Sa mission est de former des hommes et des femmes d\u00e9vou\u00e9s \u00e0 la d\u00e9fense de la Patrie.<\/p>\n<p><strong><span style=\"font-size: 1.0625rem;\">Latribunedufaso.net<\/span><\/strong><\/p>\n<p><strong>Source : Gendarmerie nationale<\/strong><\/p>\n","protected":false},"excerpt":{"rendered":"<p>Apr\u00e8s cinq mois de formation (militaire et professionnelle), le Centre d\u2019instruction de la Gendarmerie nationale (CIGN) de Gaoua r\u00e9colte ses toutes premi\u00e8res semences, la premi\u00e8re promotion des gendarmes auxiliaires . La c\u00e9r\u00e9monie de sortie a eu lieu ce vendredi 25 ao\u00fbt 2023 sous la pr\u00e9sidence du chef d\u2019Etat-Major de la Gendarmerie nationale, le Lieutenant-Colonel Evrard Somda.<\/p>\n","protected":false},"author":5,"featured_media":8891,"comment_status":"open","ping_status":"open","sticky":false,"template":"","format":"standard","meta":{"footnotes":""},"categories":[13,1,8],"tags":[],"class_list":["post-8890","post","type-post","status-publish","format-standard","has-post-thumbnail","hentry","category-une","category-actu","category-societe"],"yoast_head":"<!-- This site is optimized with the Yoast SEO plugin v27.4 - https:\/\/yoast.com\/product\/yoast-seo-wordpress\/ -->\n<title>Centre d\u2019Instruction de la Gendarmerie Nationale de Gaoua : La promotion \u00ab YARI ADAMA OUSSE \u00bb pr\u00eate pour d\u00e9fendre la Patrie\u00a0 - La Tribune du Faso<\/title>\n<meta name=\"robots\" content=\"index, follow, max-snippet:-1, max-image-preview:large, max-video-preview:-1\" \/>\n<link rel=\"canonical\" href=\"https:\/\/www.latribunedufaso.net\/?p=8890\" \/>\n<meta property=\"og:locale\" content=\"fr_FR\" \/>\n<meta property=\"og:type\" content=\"article\" \/>\n<meta property=\"og:title\" content=\"Centre d\u2019Instruction de la Gendarmerie Nationale de Gaoua : La promotion \u00ab YARI ADAMA OUSSE \u00bb pr\u00eate pour d\u00e9fendre la Patrie\u00a0 - La Tribune du Faso\" \/>\n<meta property=\"og:description\" content=\"Apr\u00e8s cinq mois de formation (militaire et professionnelle), le Centre d\u2019instruction de la Gendarmerie nationale (CIGN) de Gaoua r\u00e9colte ses toutes premi\u00e8res semences, la premi\u00e8re promotion des gendarmes auxiliaires . La c\u00e9r\u00e9monie de sortie a eu lieu ce vendredi 25 ao\u00fbt 2023 sous la pr\u00e9sidence du chef d\u2019Etat-Major de la Gendarmerie nationale, le Lieutenant-Colonel Evrard Somda.\" \/>\n<meta property=\"og:url\" content=\"https:\/\/www.latribunedufaso.net\/?p=8890\" \/>\n<meta property=\"og:site_name\" content=\"La Tribune du Faso\" \/>\n<meta property=\"article:publisher\" content=\"https:\/\/www.facebook.com\/LatribuneduFaso\/\" \/>\n<meta property=\"article:published_time\" content=\"2023-08-26T22:47:41+00:00\" \/>\n<meta property=\"article:modified_time\" content=\"2023-08-27T17:35:56+00:00\" \/>\n<meta property=\"og:image\" content=\"https:\/\/www.latribunedufaso.net\/wp-content\/uploads\/2023\/08\/FB_IMG_1693089934355.jpg\" \/>\n\t<meta property=\"og:image:width\" content=\"720\" \/>\n\t<meta property=\"og:image:height\" content=\"459\" \/>\n\t<meta property=\"og:image:type\" content=\"image\/jpeg\" \/>\n<meta name=\"author\" content=\"Issouf Tapsoba\" \/>\n<meta name=\"twitter:label1\" content=\"\u00c9crit par\" \/>\n\t<meta name=\"twitter:data1\" content=\"Issouf Tapsoba\" \/>\n\t<meta name=\"twitter:label2\" content=\"Dur\u00e9e de lecture estim\u00e9e\" \/>\n\t<meta name=\"twitter:data2\" content=\"1 minute\" \/>\n<script type=\"application\/ld+json\" class=\"yoast-schema-graph\">{\"@context\":\"https:\\\/\\\/schema.org\",\"@graph\":[{\"@type\":\"Article\",\"@id\":\"https:\\\/\\\/www.latribunedufaso.net\\\/?p=8890#article\",\"isPartOf\":{\"@id\":\"https:\\\/\\\/www.latribunedufaso.net\\\/?p=8890\"},\"author\":{\"name\":\"Issouf Tapsoba\",\"@id\":\"https:\\\/\\\/www.latribunedufaso.net\\\/#\\\/schema\\\/person\\\/e54e64c5778a7e72cf80a318b7a622b0\"},\"headline\":\"Centre d\u2019Instruction de la Gendarmerie Nationale de Gaoua : La promotion \u00ab YARI ADAMA OUSSE \u00bb pr\u00eate pour d\u00e9fendre la Patrie\u00a0\",\"datePublished\":\"2023-08-26T22:47:41+00:00\",\"dateModified\":\"2023-08-27T17:35:56+00:00\",\"mainEntityOfPage\":{\"@id\":\"https:\\\/\\\/www.latribunedufaso.net\\\/?p=8890\"},\"wordCount\":213,\"commentCount\":0,\"publisher\":{\"@id\":\"https:\\\/\\\/www.latribunedufaso.net\\\/#organization\"},\"image\":{\"@id\":\"https:\\\/\\\/www.latribunedufaso.net\\\/?p=8890#primaryimage\"},\"thumbnailUrl\":\"https:\\\/\\\/www.latribunedufaso.net\\\/wp-content\\\/uploads\\\/2023\\\/08\\\/FB_IMG_1693089934355.jpg\",\"articleSection\":[\"A la une\",\"Actualit\u00e9\",\"Soci\u00e9t\u00e9\"],\"inLanguage\":\"fr-FR\",\"potentialAction\":[{\"@type\":\"CommentAction\",\"name\":\"Comment\",\"target\":[\"https:\\\/\\\/www.latribunedufaso.net\\\/?p=8890#respond\"]}]},{\"@type\":\"WebPage\",\"@id\":\"https:\\\/\\\/www.latribunedufaso.net\\\/?p=8890\",\"url\":\"https:\\\/\\\/www.latribunedufaso.net\\\/?p=8890\",\"name\":\"Centre d\u2019Instruction de la Gendarmerie Nationale de Gaoua : La promotion \u00ab YARI ADAMA OUSSE \u00bb pr\u00eate pour d\u00e9fendre la Patrie\u00a0 - La Tribune du Faso\",\"isPartOf\":{\"@id\":\"https:\\\/\\\/www.latribunedufaso.net\\\/#website\"},\"primaryImageOfPage\":{\"@id\":\"https:\\\/\\\/www.latribunedufaso.net\\\/?p=8890#primaryimage\"},\"image\":{\"@id\":\"https:\\\/\\\/www.latribunedufaso.net\\\/?p=8890#primaryimage\"},\"thumbnailUrl\":\"https:\\\/\\\/www.latribunedufaso.net\\\/wp-content\\\/uploads\\\/2023\\\/08\\\/FB_IMG_1693089934355.jpg\",\"datePublished\":\"2023-08-26T22:47:41+00:00\",\"dateModified\":\"2023-08-27T17:35:56+00:00\",\"breadcrumb\":{\"@id\":\"https:\\\/\\\/www.latribunedufaso.net\\\/?p=8890#breadcrumb\"},\"inLanguage\":\"fr-FR\",\"potentialAction\":[{\"@type\":\"ReadAction\",\"target\":[\"https:\\\/\\\/www.latribunedufaso.net\\\/?p=8890\"]}]},{\"@type\":\"ImageObject\",\"inLanguage\":\"fr-FR\",\"@id\":\"https:\\\/\\\/www.latribunedufaso.net\\\/?p=8890#primaryimage\",\"url\":\"https:\\\/\\\/www.latribunedufaso.net\\\/wp-content\\\/uploads\\\/2023\\\/08\\\/FB_IMG_1693089934355.jpg\",\"contentUrl\":\"https:\\\/\\\/www.latribunedufaso.net\\\/wp-content\\\/uploads\\\/2023\\\/08\\\/FB_IMG_1693089934355.jpg\",\"width\":720,\"height\":459},{\"@type\":\"BreadcrumbList\",\"@id\":\"https:\\\/\\\/www.latribunedufaso.net\\\/?p=8890#breadcrumb\",\"itemListElement\":[{\"@type\":\"ListItem\",\"position\":1,\"name\":\"Accueil\",\"item\":\"https:\\\/\\\/www.latribunedufaso.net\\\/\"},{\"@type\":\"ListItem\",\"position\":2,\"name\":\"Centre d\u2019Instruction de la Gendarmerie Nationale de Gaoua : La promotion \u00ab YARI ADAMA OUSSE \u00bb pr\u00eate pour d\u00e9fendre la Patrie\u00a0\"}]},{\"@type\":\"WebSite\",\"@id\":\"https:\\\/\\\/www.latribunedufaso.net\\\/#website\",\"url\":\"https:\\\/\\\/www.latribunedufaso.net\\\/\",\"name\":\"La Tribune du Faso\",\"description\":\"L&#039;information du monde rural en un clic\",\"publisher\":{\"@id\":\"https:\\\/\\\/www.latribunedufaso.net\\\/#organization\"},\"potentialAction\":[{\"@type\":\"SearchAction\",\"target\":{\"@type\":\"EntryPoint\",\"urlTemplate\":\"https:\\\/\\\/www.latribunedufaso.net\\\/?s={search_term_string}\"},\"query-input\":{\"@type\":\"PropertyValueSpecification\",\"valueRequired\":true,\"valueName\":\"search_term_string\"}}],\"inLanguage\":\"fr-FR\"},{\"@type\":\"Organization\",\"@id\":\"https:\\\/\\\/www.latribunedufaso.net\\\/#organization\",\"name\":\"La Tribune du Faso\",\"url\":\"https:\\\/\\\/www.latribunedufaso.net\\\/\",\"logo\":{\"@type\":\"ImageObject\",\"inLanguage\":\"fr-FR\",\"@id\":\"https:\\\/\\\/www.latribunedufaso.net\\\/#\\\/schema\\\/logo\\\/image\\\/\",\"url\":\"https:\\\/\\\/www.latribunedufaso.net\\\/wp-content\\\/uploads\\\/2020\\\/08\\\/Logo-Tribune-du-Faso-final-scaled.jpg\",\"contentUrl\":\"https:\\\/\\\/www.latribunedufaso.net\\\/wp-content\\\/uploads\\\/2020\\\/08\\\/Logo-Tribune-du-Faso-final-scaled.jpg\",\"width\":2560,\"height\":1856,\"caption\":\"La Tribune du Faso\"},\"image\":{\"@id\":\"https:\\\/\\\/www.latribunedufaso.net\\\/#\\\/schema\\\/logo\\\/image\\\/\"},\"sameAs\":[\"https:\\\/\\\/www.facebook.com\\\/LatribuneduFaso\\\/\"]},{\"@type\":\"Person\",\"@id\":\"https:\\\/\\\/www.latribunedufaso.net\\\/#\\\/schema\\\/person\\\/e54e64c5778a7e72cf80a318b7a622b0\",\"name\":\"Issouf Tapsoba\",\"image\":{\"@type\":\"ImageObject\",\"inLanguage\":\"fr-FR\",\"@id\":\"https:\\\/\\\/secure.gravatar.com\\\/avatar\\\/5e6c05150ce3230247d167f5b94d678eb05936197436d69b7921e3a95c9107ac?s=96&d=mm&r=g\",\"url\":\"https:\\\/\\\/secure.gravatar.com\\\/avatar\\\/5e6c05150ce3230247d167f5b94d678eb05936197436d69b7921e3a95c9107ac?s=96&d=mm&r=g\",\"contentUrl\":\"https:\\\/\\\/secure.gravatar.com\\\/avatar\\\/5e6c05150ce3230247d167f5b94d678eb05936197436d69b7921e3a95c9107ac?s=96&d=mm&r=g\",\"caption\":\"Issouf Tapsoba\"},\"url\":\"https:\\\/\\\/www.latribunedufaso.net\\\/?author=5\"}]}<\/script>\n<!-- \/ Yoast SEO plugin. -->","yoast_head_json":{"title":"Centre d\u2019Instruction de la Gendarmerie Nationale de Gaoua : La promotion \u00ab YARI ADAMA OUSSE \u00bb pr\u00eate pour d\u00e9fendre la Patrie\u00a0 - La Tribune du Faso","robots":{"index":"index","follow":"follow","max-snippet":"max-snippet:-1","max-image-preview":"max-image-preview:large","max-video-preview":"max-video-preview:-1"},"canonical":"https:\/\/www.latribunedufaso.net\/?p=8890","og_locale":"fr_FR","og_type":"article","og_title":"Centre d\u2019Instruction de la Gendarmerie Nationale de Gaoua : La promotion \u00ab YARI ADAMA OUSSE \u00bb pr\u00eate pour d\u00e9fendre la Patrie\u00a0 - La Tribune du Faso","og_description":"Apr\u00e8s cinq mois de formation (militaire et professionnelle), le Centre d\u2019instruction de la Gendarmerie nationale (CIGN) de Gaoua r\u00e9colte ses toutes premi\u00e8res semences, la premi\u00e8re promotion des gendarmes auxiliaires . La c\u00e9r\u00e9monie de sortie a eu lieu ce vendredi 25 ao\u00fbt 2023 sous la pr\u00e9sidence du chef d\u2019Etat-Major de la Gendarmerie nationale, le Lieutenant-Colonel Evrard Somda.","og_url":"https:\/\/www.latribunedufaso.net\/?p=8890","og_site_name":"La Tribune du Faso","article_publisher":"https:\/\/www.facebook.com\/LatribuneduFaso\/","article_published_time":"2023-08-26T22:47:41+00:00","article_modified_time":"2023-08-27T17:35:56+00:00","og_image":[{"width":720,"height":459,"url":"https:\/\/www.latribunedufaso.net\/wp-content\/uploads\/2023\/08\/FB_IMG_1693089934355.jpg","type":"image\/jpeg"}],"author":"Issouf Tapsoba","twitter_misc":{"\u00c9crit par":"Issouf Tapsoba","Dur\u00e9e de lecture estim\u00e9e":"1 minute"},"schema":{"@context":"https:\/\/schema.org","@graph":[{"@type":"Article","@id":"https:\/\/www.latribunedufaso.net\/?p=8890#article","isPartOf":{"@id":"https:\/\/www.latribunedufaso.net\/?p=8890"},"author":{"name":"Issouf Tapsoba","@id":"https:\/\/www.latribunedufaso.net\/#\/schema\/person\/e54e64c5778a7e72cf80a318b7a622b0"},"headline":"Centre d\u2019Instruction de la Gendarmerie Nationale de Gaoua : La promotion \u00ab YARI ADAMA OUSSE \u00bb pr\u00eate pour d\u00e9fendre la Patrie\u00a0","datePublished":"2023-08-26T22:47:41+00:00","dateModified":"2023-08-27T17:35:56+00:00","mainEntityOfPage":{"@id":"https:\/\/www.latribunedufaso.net\/?p=8890"},"wordCount":213,"commentCount":0,"publisher":{"@id":"https:\/\/www.latribunedufaso.net\/#organization"},"image":{"@id":"https:\/\/www.latribunedufaso.net\/?p=8890#primaryimage"},"thumbnailUrl":"https:\/\/www.latribunedufaso.net\/wp-content\/uploads\/2023\/08\/FB_IMG_1693089934355.jpg","articleSection":["A la une","Actualit\u00e9","Soci\u00e9t\u00e9"],"inLanguage":"fr-FR","potentialAction":[{"@type":"CommentAction","name":"Comment","target":["https:\/\/www.latribunedufaso.net\/?p=8890#respond"]}]},{"@type":"WebPage","@id":"https:\/\/www.latribunedufaso.net\/?p=8890","url":"https:\/\/www.latribunedufaso.net\/?p=8890","name":"Centre d\u2019Instruction de la Gendarmerie Nationale de Gaoua : La promotion \u00ab YARI ADAMA OUSSE \u00bb pr\u00eate pour d\u00e9fendre la Patrie\u00a0 - La Tribune du Faso","isPartOf":{"@id":"https:\/\/www.latribunedufaso.net\/#website"},"primaryImageOfPage":{"@id":"https:\/\/www.latribunedufaso.net\/?p=8890#primaryimage"},"image":{"@id":"https:\/\/www.latribunedufaso.net\/?p=8890#primaryimage"},"thumbnailUrl":"https:\/\/www.latribunedufaso.net\/wp-content\/uploads\/2023\/08\/FB_IMG_1693089934355.jpg","datePublished":"2023-08-26T22:47:41+00:00","dateModified":"2023-08-27T17:35:56+00:00","breadcrumb":{"@id":"https:\/\/www.latribunedufaso.net\/?p=8890#breadcrumb"},"inLanguage":"fr-FR","potentialAction":[{"@type":"ReadAction","target":["https:\/\/www.latribunedufaso.net\/?p=8890"]}]},{"@type":"ImageObject","inLanguage":"fr-FR","@id":"https:\/\/www.latribunedufaso.net\/?p=8890#primaryimage","url":"https:\/\/www.latribunedufaso.net\/wp-content\/uploads\/2023\/08\/FB_IMG_1693089934355.jpg","contentUrl":"https:\/\/www.latribunedufaso.net\/wp-content\/uploads\/2023\/08\/FB_IMG_1693089934355.jpg","width":720,"height":459},{"@type":"BreadcrumbList","@id":"https:\/\/www.latribunedufaso.net\/?p=8890#breadcrumb","itemListElement":[{"@type":"ListItem","position":1,"name":"Accueil","item":"https:\/\/www.latribunedufaso.net\/"},{"@type":"ListItem","position":2,"name":"Centre d\u2019Instruction de la Gendarmerie Nationale de Gaoua : La promotion \u00ab YARI ADAMA OUSSE \u00bb pr\u00eate pour d\u00e9fendre la Patrie\u00a0"}]},{"@type":"WebSite","@id":"https:\/\/www.latribunedufaso.net\/#website","url":"https:\/\/www.latribunedufaso.net\/","name":"La Tribune du Faso","description":"L&#039;information du monde rural en un clic","publisher":{"@id":"https:\/\/www.latribunedufaso.net\/#organization"},"potentialAction":[{"@type":"SearchAction","target":{"@type":"EntryPoint","urlTemplate":"https:\/\/www.latribunedufaso.net\/?s={search_term_string}"},"query-input":{"@type":"PropertyValueSpecification","valueRequired":true,"valueName":"search_term_string"}}],"inLanguage":"fr-FR"},{"@type":"Organization","@id":"https:\/\/www.latribunedufaso.net\/#organization","name":"La Tribune du Faso","url":"https:\/\/www.latribunedufaso.net\/","logo":{"@type":"ImageObject","inLanguage":"fr-FR","@id":"https:\/\/www.latribunedufaso.net\/#\/schema\/logo\/image\/","url":"https:\/\/www.latribunedufaso.net\/wp-content\/uploads\/2020\/08\/Logo-Tribune-du-Faso-final-scaled.jpg","contentUrl":"https:\/\/www.latribunedufaso.net\/wp-content\/uploads\/2020\/08\/Logo-Tribune-du-Faso-final-scaled.jpg","width":2560,"height":1856,"caption":"La Tribune du Faso"},"image":{"@id":"https:\/\/www.latribunedufaso.net\/#\/schema\/logo\/image\/"},"sameAs":["https:\/\/www.facebook.com\/LatribuneduFaso\/"]},{"@type":"Person","@id":"https:\/\/www.latribunedufaso.net\/#\/schema\/person\/e54e64c5778a7e72cf80a318b7a622b0","name":"Issouf Tapsoba","image":{"@type":"ImageObject","inLanguage":"fr-FR","@id":"https:\/\/secure.gravatar.com\/avatar\/5e6c05150ce3230247d167f5b94d678eb05936197436d69b7921e3a95c9107ac?s=96&d=mm&r=g","url":"https:\/\/secure.gravatar.com\/avatar\/5e6c05150ce3230247d167f5b94d678eb05936197436d69b7921e3a95c9107ac?s=96&d=mm&r=g","contentUrl":"https:\/\/secure.gravatar.com\/avatar\/5e6c05150ce3230247d167f5b94d678eb05936197436d69b7921e3a95c9107ac?s=96&d=mm&r=g","caption":"Issouf Tapsoba"},"url":"https:\/\/www.latribunedufaso.net\/?author=5"}]}},"_links":{"self":[{"href":"https:\/\/www.latribunedufaso.net\/index.php?rest_route=\/wp\/v2\/posts\/8890","targetHints":{"allow":["GET"]}}],"collection":[{"href":"https:\/\/www.latribunedufaso.net\/index.php?rest_route=\/wp\/v2\/posts"}],"about":[{"href":"https:\/\/www.latribunedufaso.net\/index.php?rest_route=\/wp\/v2\/types\/post"}],"author":[{"embeddable":true,"href":"https:\/\/www.latribunedufaso.net\/index.php?rest_route=\/wp\/v2\/users\/5"}],"replies":[{"embeddable":true,"href":"https:\/\/www.latribunedufaso.net\/index.php?rest_route=%2Fwp%2Fv2%2Fcomments&post=8890"}],"version-history":[{"count":3,"href":"https:\/\/www.latribunedufaso.net\/index.php?rest_route=\/wp\/v2\/posts\/8890\/revisions"}],"predecessor-version":[{"id":8902,"href":"https:\/\/www.latribunedufaso.net\/index.php?rest_route=\/wp\/v2\/posts\/8890\/revisions\/8902"}],"wp:featuredmedia":[{"embeddable":true,"href":"https:\/\/www.latribunedufaso.net\/index.php?rest_route=\/wp\/v2\/media\/8891"}],"wp:attachment":[{"href":"https:\/\/www.latribunedufaso.net\/index.php?rest_route=%2Fwp%2Fv2%2Fmedia&parent=8890"}],"wp:term":[{"taxonomy":"category","embeddable":true,"href":"https:\/\/www.latribunedufaso.net\/index.php?rest_route=%2Fwp%2Fv2%2Fcategories&post=8890"},{"taxonomy":"post_tag","embeddable":true,"href":"https:\/\/www.latribunedufaso.net\/index.php?rest_route=%2Fwp%2Fv2%2Ftags&post=8890"}],"curies":[{"name":"wp","href":"https:\/\/api.w.org\/{rel}","templated":true}]}}