{"id":8853,"date":"2023-08-24T20:45:35","date_gmt":"2023-08-24T20:45:35","guid":{"rendered":"https:\/\/www.latribunedufaso.net\/?p=8853"},"modified":"2023-08-24T20:45:35","modified_gmt":"2023-08-24T20:45:35","slug":"sitho-2023-rendez-vous-du-26-au-29-octobre-2023-au-siao","status":"publish","type":"post","link":"https:\/\/www.latribunedufaso.net\/?p=8853","title":{"rendered":"SITHO 2023 : Rendez-vous du 26 au 29 octobre 2023 au SIAO"},"content":{"rendered":"<p><strong><span style=\"font-size: 1.0625rem;\">L&rsquo;Office nationale du tourisme burkinab\u00e8 ( ONTB) a anim\u00e9 ce jeudi 24 juillet 2023 \u00e0 Ouagadougou, une conf\u00e9rence de presse sur l&rsquo;organisation conjointe du Salon International du Tourisme et de l\u2019H\u00f4tellerie de Ouagadougou (SITHO) et de la Vitrine Internationale du Tourisme, de l\u2019H\u00f4tellerie et de la Restauration de Ouagadougou (VITHRO).\u00a0<\/span><\/strong><br \/><!--more--><\/p>\n<p>La conf\u00e9rence a \u00e9t\u00e9 pr\u00e9sid\u00e9e par le Secr\u00e9taire g\u00e9n\u00e9ral du minist\u00e8re en charge de la Culture et du Tourisme, Fid\u00e8le Aymar Tamini. Cela, en pr\u00e9sence de la Directrice g\u00e9n\u00e9rale de l&rsquo;ONTB, Marguerite Doannio.<\/p>\n<p><a href=\"https:\/\/www.latribunedufaso.net\/wp-content\/uploads\/2023\/08\/IMG-20230824-WA0104.jpg\"><img loading=\"lazy\" decoding=\"async\" class=\"size-medium wp-image-8855 alignleft\" src=\"https:\/\/www.latribunedufaso.net\/wp-content\/uploads\/2023\/08\/IMG-20230824-WA0104-300x204.jpg\" alt=\"\" width=\"300\" height=\"204\" srcset=\"https:\/\/www.latribunedufaso.net\/wp-content\/uploads\/2023\/08\/IMG-20230824-WA0104-300x204.jpg 300w, https:\/\/www.latribunedufaso.net\/wp-content\/uploads\/2023\/08\/IMG-20230824-WA0104-1024x697.jpg 1024w, https:\/\/www.latribunedufaso.net\/wp-content\/uploads\/2023\/08\/IMG-20230824-WA0104-768x523.jpg 768w, https:\/\/www.latribunedufaso.net\/wp-content\/uploads\/2023\/08\/IMG-20230824-WA0104.jpg 1080w\" sizes=\"auto, (max-width: 300px) 100vw, 300px\" \/><\/a>Selon Fid\u00e8le Aymar Tamini, le SITHO-VITHRO va se d\u00e9rouler du 26 au 29 octobre 2023 sur le site du Salon international de l\u2019artisanat de Ouagadougou (SIAO). Le th\u00e8me consacr\u00e9 \u00e0 l&rsquo;\u00e9dition est \u00ab Promotion du tourisme interne, facteur de r\u00e9silience \u00bb.<\/p>\n<p>Plusieurs activit\u00e9s sont au rendez &#8211; vous, parmi lesquelles un cross populaire (le matin pour l\u2019ensemble des acteurs du tourisme), une c\u00e9r\u00e9monie d\u2019ouverture, des conf\u00e9rences\/ panels th\u00e9matiques, des concours; des espaces expositions, un espace gastronomique, des excursions grand public, un Educ\u2019tour, des animations culturelles, un espace B2B, un espace enfants et un espace biotope.<\/p>\n<p>Il faut noter que le SITHO avait \u00e9t\u00e9 suspendu en 2017. A en croire Fid\u00e8le Aymar Tamini, sa relance cette ann\u00e9e par le gouvernement de la Transition <span style=\"font-size: 1.0625rem;\">vise \u00e0 mettre en exergue le potentiel touristique de \u00ab notre pays \u00bb et \u00e0 accompagner les efforts des acteurs priv\u00e9s, qui permettent de maintenir le secteur en vie, malgr\u00e9 la crise et la \u00ab mauvaise publicit\u00e9 \u00bb tendant \u00e0 montrer que le Burkina Faso n\u2019est pas un pays fr\u00e9quentable.<\/span><\/p>\n<p><a href=\"https:\/\/www.latribunedufaso.net\/wp-content\/uploads\/2023\/08\/FB_IMG_1692909693392.jpg\"><img loading=\"lazy\" decoding=\"async\" class=\"size-medium wp-image-8857 alignleft\" src=\"https:\/\/www.latribunedufaso.net\/wp-content\/uploads\/2023\/08\/FB_IMG_1692909693392-300x225.jpg\" alt=\"\" width=\"300\" height=\"225\" srcset=\"https:\/\/www.latribunedufaso.net\/wp-content\/uploads\/2023\/08\/FB_IMG_1692909693392-300x225.jpg 300w, https:\/\/www.latribunedufaso.net\/wp-content\/uploads\/2023\/08\/FB_IMG_1692909693392.jpg 720w\" sizes=\"auto, (max-width: 300px) 100vw, 300px\" \/><\/a>De fa\u00e7on sp\u00e9cifique, il s&rsquo;agit de pr\u00e9senter aux Tours op\u00e9rateurs et \u00e0 la diaspora l\u2019offre touristique burkinab\u00e8, d\u2019accroitre la visibilit\u00e9 au plan africain et \u00e0 l\u2019\u00e9chelle internationale des produits et activit\u00e9s touristiques des entreprises burkinab\u00e8. Aussi, de pr\u00e9senter les opportunit\u00e9s d\u2019investissement touristique au Burkina Faso et en Afrique, de renforcer le partenariat et les relations commerciales entre les professionnels africains du tourisme. Par ailleurs, d\u2019offrir un cadre de promotion et de r\u00e9flexion sur le tourisme, de contribuer au d\u00e9veloppement du tourisme intra-communautaire et de renforcer la pratique du tourisme interne.<\/p>\n<p>Les innovations majeures apport\u00e9s \u00e0 la pr\u00e9sente \u00e9dition sont entre autres le retour du biotope (constitution d\u2019un espace de pr\u00e9sentation de quelques animaux sauvages) afin d\u2019attirer les curiosit\u00e9s ainsi que la mise \u00e0 la disposition des r\u00e9gions, d\u2019un pavillon \u00e0 elles d\u00e9di\u00e9, dans l\u2019objectif de leur permettre de pr\u00e9senter leur sp\u00e9cificit\u00e9 touristique et susciter des fr\u00e9quentations sur les sites.<\/p>\n<p><a href=\"https:\/\/www.latribunedufaso.net\/wp-content\/uploads\/2023\/08\/IMG-20230824-WA0103.jpg\"><img loading=\"lazy\" decoding=\"async\" class=\"size-medium wp-image-8856 alignleft\" src=\"https:\/\/www.latribunedufaso.net\/wp-content\/uploads\/2023\/08\/IMG-20230824-WA0103-300x225.jpg\" alt=\"\" width=\"300\" height=\"225\" srcset=\"https:\/\/www.latribunedufaso.net\/wp-content\/uploads\/2023\/08\/IMG-20230824-WA0103-300x225.jpg 300w, https:\/\/www.latribunedufaso.net\/wp-content\/uploads\/2023\/08\/IMG-20230824-WA0103-1024x767.jpg 1024w, https:\/\/www.latribunedufaso.net\/wp-content\/uploads\/2023\/08\/IMG-20230824-WA0103-768x575.jpg 768w, https:\/\/www.latribunedufaso.net\/wp-content\/uploads\/2023\/08\/IMG-20230824-WA0103.jpg 1080w\" sizes=\"auto, (max-width: 300px) 100vw, 300px\" \/><\/a>A ce sujet, la r\u00e9gion invit\u00e9e d&rsquo;honneur est le Centre -Sud. Pour la Directrice g\u00e9n\u00e9rale de l&rsquo;ONTB, Marguerite Doannio, plusieurs raisons motivent ce choix. \u00ab Nous avons pens\u00e9 au ranch du Nazinga parce qu&rsquo;aujourd&rsquo;hui la zone de l&rsquo;Est qui est notre zone de pr\u00e9dilection pour le tourisme cyn\u00e9g\u00e9tique est difficile d&rsquo;acc\u00e8s. Nous avons pourtant envie que ce pent de notre tourisme l\u00e0 soit toujours d&rsquo;actualit\u00e9, c&rsquo;est pourquoi nous avons choisi la r\u00e9gion du Centre -Sud. C&rsquo;est \u00e9galement parce que nous avons un patrimoine tr\u00e8s important dans cette r\u00e9gion qui est le palais royal de Ti\u00e9b\u00e9l\u00e9, qui est aujourd&rsquo;hui en route d&rsquo;\u00eatre inscrit sur la liste du patrimoine mondial de l&rsquo;UNESCO&#8230; &gt;, a t-elle fait savoir.<\/p>\n<p><strong>Rosana Astride Kiendrebeogo\u00a0<\/strong><\/p>\n<p><strong>Latribunedufaso.net<\/strong><\/p>\n","protected":false},"excerpt":{"rendered":"<p>L&rsquo;Office nationale du tourisme burkinab\u00e8 ( ONTB) a anim\u00e9 ce jeudi 24 juillet 2023 \u00e0 Ouagadougou, une conf\u00e9rence de presse sur l&rsquo;organisation conjointe du Salon International du Tourisme et de l\u2019H\u00f4tellerie de Ouagadougou (SITHO) et de la Vitrine Internationale du Tourisme, de l\u2019H\u00f4tellerie et de la Restauration de Ouagadougou (VITHRO).\u00a0<\/p>\n","protected":false},"author":5,"featured_media":8854,"comment_status":"open","ping_status":"open","sticky":false,"template":"","format":"standard","meta":{"footnotes":""},"categories":[13,1,30],"tags":[],"class_list":["post-8853","post","type-post","status-publish","format-standard","has-post-thumbnail","hentry","category-une","category-actu","category-art-et-culture"],"yoast_head":"<!-- This site is optimized with the Yoast SEO plugin v27.5 - https:\/\/yoast.com\/product\/yoast-seo-wordpress\/ -->\n<title>SITHO 2023 : Rendez-vous du 26 au 29 octobre 2023 au SIAO - La Tribune du Faso<\/title>\n<meta name=\"robots\" content=\"index, follow, max-snippet:-1, max-image-preview:large, max-video-preview:-1\" \/>\n<link rel=\"canonical\" href=\"https:\/\/www.latribunedufaso.net\/?p=8853\" \/>\n<meta property=\"og:locale\" content=\"fr_FR\" \/>\n<meta property=\"og:type\" content=\"article\" \/>\n<meta property=\"og:title\" content=\"SITHO 2023 : Rendez-vous du 26 au 29 octobre 2023 au SIAO - La Tribune du Faso\" \/>\n<meta property=\"og:description\" content=\"L&rsquo;Office nationale du tourisme burkinab\u00e8 ( ONTB) a anim\u00e9 ce jeudi 24 juillet 2023 \u00e0 Ouagadougou, une conf\u00e9rence de presse sur l&rsquo;organisation conjointe du Salon International du Tourisme et de l\u2019H\u00f4tellerie de Ouagadougou (SITHO) et de la Vitrine Internationale du Tourisme, de l\u2019H\u00f4tellerie et de la Restauration de Ouagadougou (VITHRO).\u00a0\" \/>\n<meta property=\"og:url\" content=\"https:\/\/www.latribunedufaso.net\/?p=8853\" \/>\n<meta property=\"og:site_name\" content=\"La Tribune du Faso\" \/>\n<meta property=\"article:publisher\" content=\"https:\/\/www.facebook.com\/LatribuneduFaso\/\" \/>\n<meta property=\"article:published_time\" content=\"2023-08-24T20:45:35+00:00\" \/>\n<meta property=\"og:image\" content=\"https:\/\/www.latribunedufaso.net\/wp-content\/uploads\/2023\/08\/FB_IMG_1692909698231.jpg\" \/>\n\t<meta property=\"og:image:width\" content=\"720\" \/>\n\t<meta property=\"og:image:height\" content=\"334\" \/>\n\t<meta property=\"og:image:type\" content=\"image\/jpeg\" \/>\n<meta name=\"author\" content=\"Issouf Tapsoba\" \/>\n<meta name=\"twitter:label1\" content=\"\u00c9crit par\" \/>\n\t<meta name=\"twitter:data1\" content=\"Issouf Tapsoba\" \/>\n\t<meta name=\"twitter:label2\" content=\"Dur\u00e9e de lecture estim\u00e9e\" \/>\n\t<meta name=\"twitter:data2\" content=\"3 minutes\" \/>\n<script type=\"application\/ld+json\" class=\"yoast-schema-graph\">{\"@context\":\"https:\\\/\\\/schema.org\",\"@graph\":[{\"@type\":\"Article\",\"@id\":\"https:\\\/\\\/www.latribunedufaso.net\\\/?p=8853#article\",\"isPartOf\":{\"@id\":\"https:\\\/\\\/www.latribunedufaso.net\\\/?p=8853\"},\"author\":{\"name\":\"Issouf Tapsoba\",\"@id\":\"https:\\\/\\\/www.latribunedufaso.net\\\/#\\\/schema\\\/person\\\/e54e64c5778a7e72cf80a318b7a622b0\"},\"headline\":\"SITHO 2023 : Rendez-vous du 26 au 29 octobre 2023 au SIAO\",\"datePublished\":\"2023-08-24T20:45:35+00:00\",\"mainEntityOfPage\":{\"@id\":\"https:\\\/\\\/www.latribunedufaso.net\\\/?p=8853\"},\"wordCount\":599,\"commentCount\":0,\"publisher\":{\"@id\":\"https:\\\/\\\/www.latribunedufaso.net\\\/#organization\"},\"image\":{\"@id\":\"https:\\\/\\\/www.latribunedufaso.net\\\/?p=8853#primaryimage\"},\"thumbnailUrl\":\"https:\\\/\\\/www.latribunedufaso.net\\\/wp-content\\\/uploads\\\/2023\\\/08\\\/FB_IMG_1692909698231.jpg\",\"articleSection\":[\"A la une\",\"Actualit\u00e9\",\"Art et Culture\"],\"inLanguage\":\"fr-FR\",\"potentialAction\":[{\"@type\":\"CommentAction\",\"name\":\"Comment\",\"target\":[\"https:\\\/\\\/www.latribunedufaso.net\\\/?p=8853#respond\"]}]},{\"@type\":\"WebPage\",\"@id\":\"https:\\\/\\\/www.latribunedufaso.net\\\/?p=8853\",\"url\":\"https:\\\/\\\/www.latribunedufaso.net\\\/?p=8853\",\"name\":\"SITHO 2023 : Rendez-vous du 26 au 29 octobre 2023 au SIAO - La Tribune du Faso\",\"isPartOf\":{\"@id\":\"https:\\\/\\\/www.latribunedufaso.net\\\/#website\"},\"primaryImageOfPage\":{\"@id\":\"https:\\\/\\\/www.latribunedufaso.net\\\/?p=8853#primaryimage\"},\"image\":{\"@id\":\"https:\\\/\\\/www.latribunedufaso.net\\\/?p=8853#primaryimage\"},\"thumbnailUrl\":\"https:\\\/\\\/www.latribunedufaso.net\\\/wp-content\\\/uploads\\\/2023\\\/08\\\/FB_IMG_1692909698231.jpg\",\"datePublished\":\"2023-08-24T20:45:35+00:00\",\"breadcrumb\":{\"@id\":\"https:\\\/\\\/www.latribunedufaso.net\\\/?p=8853#breadcrumb\"},\"inLanguage\":\"fr-FR\",\"potentialAction\":[{\"@type\":\"ReadAction\",\"target\":[\"https:\\\/\\\/www.latribunedufaso.net\\\/?p=8853\"]}]},{\"@type\":\"ImageObject\",\"inLanguage\":\"fr-FR\",\"@id\":\"https:\\\/\\\/www.latribunedufaso.net\\\/?p=8853#primaryimage\",\"url\":\"https:\\\/\\\/www.latribunedufaso.net\\\/wp-content\\\/uploads\\\/2023\\\/08\\\/FB_IMG_1692909698231.jpg\",\"contentUrl\":\"https:\\\/\\\/www.latribunedufaso.net\\\/wp-content\\\/uploads\\\/2023\\\/08\\\/FB_IMG_1692909698231.jpg\",\"width\":720,\"height\":334},{\"@type\":\"BreadcrumbList\",\"@id\":\"https:\\\/\\\/www.latribunedufaso.net\\\/?p=8853#breadcrumb\",\"itemListElement\":[{\"@type\":\"ListItem\",\"position\":1,\"name\":\"Accueil\",\"item\":\"https:\\\/\\\/www.latribunedufaso.net\\\/\"},{\"@type\":\"ListItem\",\"position\":2,\"name\":\"SITHO 2023 : Rendez-vous du 26 au 29 octobre 2023 au SIAO\"}]},{\"@type\":\"WebSite\",\"@id\":\"https:\\\/\\\/www.latribunedufaso.net\\\/#website\",\"url\":\"https:\\\/\\\/www.latribunedufaso.net\\\/\",\"name\":\"La Tribune du Faso\",\"description\":\"L&#039;information du monde rural en un clic\",\"publisher\":{\"@id\":\"https:\\\/\\\/www.latribunedufaso.net\\\/#organization\"},\"potentialAction\":[{\"@type\":\"SearchAction\",\"target\":{\"@type\":\"EntryPoint\",\"urlTemplate\":\"https:\\\/\\\/www.latribunedufaso.net\\\/?s={search_term_string}\"},\"query-input\":{\"@type\":\"PropertyValueSpecification\",\"valueRequired\":true,\"valueName\":\"search_term_string\"}}],\"inLanguage\":\"fr-FR\"},{\"@type\":\"Organization\",\"@id\":\"https:\\\/\\\/www.latribunedufaso.net\\\/#organization\",\"name\":\"La Tribune du Faso\",\"url\":\"https:\\\/\\\/www.latribunedufaso.net\\\/\",\"logo\":{\"@type\":\"ImageObject\",\"inLanguage\":\"fr-FR\",\"@id\":\"https:\\\/\\\/www.latribunedufaso.net\\\/#\\\/schema\\\/logo\\\/image\\\/\",\"url\":\"https:\\\/\\\/www.latribunedufaso.net\\\/wp-content\\\/uploads\\\/2020\\\/08\\\/Logo-Tribune-du-Faso-final-scaled.jpg\",\"contentUrl\":\"https:\\\/\\\/www.latribunedufaso.net\\\/wp-content\\\/uploads\\\/2020\\\/08\\\/Logo-Tribune-du-Faso-final-scaled.jpg\",\"width\":2560,\"height\":1856,\"caption\":\"La Tribune du Faso\"},\"image\":{\"@id\":\"https:\\\/\\\/www.latribunedufaso.net\\\/#\\\/schema\\\/logo\\\/image\\\/\"},\"sameAs\":[\"https:\\\/\\\/www.facebook.com\\\/LatribuneduFaso\\\/\"]},{\"@type\":\"Person\",\"@id\":\"https:\\\/\\\/www.latribunedufaso.net\\\/#\\\/schema\\\/person\\\/e54e64c5778a7e72cf80a318b7a622b0\",\"name\":\"Issouf Tapsoba\",\"image\":{\"@type\":\"ImageObject\",\"inLanguage\":\"fr-FR\",\"@id\":\"https:\\\/\\\/secure.gravatar.com\\\/avatar\\\/5e6c05150ce3230247d167f5b94d678eb05936197436d69b7921e3a95c9107ac?s=96&d=mm&r=g\",\"url\":\"https:\\\/\\\/secure.gravatar.com\\\/avatar\\\/5e6c05150ce3230247d167f5b94d678eb05936197436d69b7921e3a95c9107ac?s=96&d=mm&r=g\",\"contentUrl\":\"https:\\\/\\\/secure.gravatar.com\\\/avatar\\\/5e6c05150ce3230247d167f5b94d678eb05936197436d69b7921e3a95c9107ac?s=96&d=mm&r=g\",\"caption\":\"Issouf Tapsoba\"},\"url\":\"https:\\\/\\\/www.latribunedufaso.net\\\/?author=5\"}]}<\/script>\n<!-- \/ Yoast SEO plugin. -->","yoast_head_json":{"title":"SITHO 2023 : Rendez-vous du 26 au 29 octobre 2023 au SIAO - La Tribune du Faso","robots":{"index":"index","follow":"follow","max-snippet":"max-snippet:-1","max-image-preview":"max-image-preview:large","max-video-preview":"max-video-preview:-1"},"canonical":"https:\/\/www.latribunedufaso.net\/?p=8853","og_locale":"fr_FR","og_type":"article","og_title":"SITHO 2023 : Rendez-vous du 26 au 29 octobre 2023 au SIAO - La Tribune du Faso","og_description":"L&rsquo;Office nationale du tourisme burkinab\u00e8 ( ONTB) a anim\u00e9 ce jeudi 24 juillet 2023 \u00e0 Ouagadougou, une conf\u00e9rence de presse sur l&rsquo;organisation conjointe du Salon International du Tourisme et de l\u2019H\u00f4tellerie de Ouagadougou (SITHO) et de la Vitrine Internationale du Tourisme, de l\u2019H\u00f4tellerie et de la Restauration de Ouagadougou (VITHRO).\u00a0","og_url":"https:\/\/www.latribunedufaso.net\/?p=8853","og_site_name":"La Tribune du Faso","article_publisher":"https:\/\/www.facebook.com\/LatribuneduFaso\/","article_published_time":"2023-08-24T20:45:35+00:00","og_image":[{"width":720,"height":334,"url":"https:\/\/www.latribunedufaso.net\/wp-content\/uploads\/2023\/08\/FB_IMG_1692909698231.jpg","type":"image\/jpeg"}],"author":"Issouf Tapsoba","twitter_misc":{"\u00c9crit par":"Issouf Tapsoba","Dur\u00e9e de lecture estim\u00e9e":"3 minutes"},"schema":{"@context":"https:\/\/schema.org","@graph":[{"@type":"Article","@id":"https:\/\/www.latribunedufaso.net\/?p=8853#article","isPartOf":{"@id":"https:\/\/www.latribunedufaso.net\/?p=8853"},"author":{"name":"Issouf Tapsoba","@id":"https:\/\/www.latribunedufaso.net\/#\/schema\/person\/e54e64c5778a7e72cf80a318b7a622b0"},"headline":"SITHO 2023 : Rendez-vous du 26 au 29 octobre 2023 au SIAO","datePublished":"2023-08-24T20:45:35+00:00","mainEntityOfPage":{"@id":"https:\/\/www.latribunedufaso.net\/?p=8853"},"wordCount":599,"commentCount":0,"publisher":{"@id":"https:\/\/www.latribunedufaso.net\/#organization"},"image":{"@id":"https:\/\/www.latribunedufaso.net\/?p=8853#primaryimage"},"thumbnailUrl":"https:\/\/www.latribunedufaso.net\/wp-content\/uploads\/2023\/08\/FB_IMG_1692909698231.jpg","articleSection":["A la une","Actualit\u00e9","Art et Culture"],"inLanguage":"fr-FR","potentialAction":[{"@type":"CommentAction","name":"Comment","target":["https:\/\/www.latribunedufaso.net\/?p=8853#respond"]}]},{"@type":"WebPage","@id":"https:\/\/www.latribunedufaso.net\/?p=8853","url":"https:\/\/www.latribunedufaso.net\/?p=8853","name":"SITHO 2023 : Rendez-vous du 26 au 29 octobre 2023 au SIAO - La Tribune du Faso","isPartOf":{"@id":"https:\/\/www.latribunedufaso.net\/#website"},"primaryImageOfPage":{"@id":"https:\/\/www.latribunedufaso.net\/?p=8853#primaryimage"},"image":{"@id":"https:\/\/www.latribunedufaso.net\/?p=8853#primaryimage"},"thumbnailUrl":"https:\/\/www.latribunedufaso.net\/wp-content\/uploads\/2023\/08\/FB_IMG_1692909698231.jpg","datePublished":"2023-08-24T20:45:35+00:00","breadcrumb":{"@id":"https:\/\/www.latribunedufaso.net\/?p=8853#breadcrumb"},"inLanguage":"fr-FR","potentialAction":[{"@type":"ReadAction","target":["https:\/\/www.latribunedufaso.net\/?p=8853"]}]},{"@type":"ImageObject","inLanguage":"fr-FR","@id":"https:\/\/www.latribunedufaso.net\/?p=8853#primaryimage","url":"https:\/\/www.latribunedufaso.net\/wp-content\/uploads\/2023\/08\/FB_IMG_1692909698231.jpg","contentUrl":"https:\/\/www.latribunedufaso.net\/wp-content\/uploads\/2023\/08\/FB_IMG_1692909698231.jpg","width":720,"height":334},{"@type":"BreadcrumbList","@id":"https:\/\/www.latribunedufaso.net\/?p=8853#breadcrumb","itemListElement":[{"@type":"ListItem","position":1,"name":"Accueil","item":"https:\/\/www.latribunedufaso.net\/"},{"@type":"ListItem","position":2,"name":"SITHO 2023 : Rendez-vous du 26 au 29 octobre 2023 au SIAO"}]},{"@type":"WebSite","@id":"https:\/\/www.latribunedufaso.net\/#website","url":"https:\/\/www.latribunedufaso.net\/","name":"La Tribune du Faso","description":"L&#039;information du monde rural en un clic","publisher":{"@id":"https:\/\/www.latribunedufaso.net\/#organization"},"potentialAction":[{"@type":"SearchAction","target":{"@type":"EntryPoint","urlTemplate":"https:\/\/www.latribunedufaso.net\/?s={search_term_string}"},"query-input":{"@type":"PropertyValueSpecification","valueRequired":true,"valueName":"search_term_string"}}],"inLanguage":"fr-FR"},{"@type":"Organization","@id":"https:\/\/www.latribunedufaso.net\/#organization","name":"La Tribune du Faso","url":"https:\/\/www.latribunedufaso.net\/","logo":{"@type":"ImageObject","inLanguage":"fr-FR","@id":"https:\/\/www.latribunedufaso.net\/#\/schema\/logo\/image\/","url":"https:\/\/www.latribunedufaso.net\/wp-content\/uploads\/2020\/08\/Logo-Tribune-du-Faso-final-scaled.jpg","contentUrl":"https:\/\/www.latribunedufaso.net\/wp-content\/uploads\/2020\/08\/Logo-Tribune-du-Faso-final-scaled.jpg","width":2560,"height":1856,"caption":"La Tribune du Faso"},"image":{"@id":"https:\/\/www.latribunedufaso.net\/#\/schema\/logo\/image\/"},"sameAs":["https:\/\/www.facebook.com\/LatribuneduFaso\/"]},{"@type":"Person","@id":"https:\/\/www.latribunedufaso.net\/#\/schema\/person\/e54e64c5778a7e72cf80a318b7a622b0","name":"Issouf Tapsoba","image":{"@type":"ImageObject","inLanguage":"fr-FR","@id":"https:\/\/secure.gravatar.com\/avatar\/5e6c05150ce3230247d167f5b94d678eb05936197436d69b7921e3a95c9107ac?s=96&d=mm&r=g","url":"https:\/\/secure.gravatar.com\/avatar\/5e6c05150ce3230247d167f5b94d678eb05936197436d69b7921e3a95c9107ac?s=96&d=mm&r=g","contentUrl":"https:\/\/secure.gravatar.com\/avatar\/5e6c05150ce3230247d167f5b94d678eb05936197436d69b7921e3a95c9107ac?s=96&d=mm&r=g","caption":"Issouf Tapsoba"},"url":"https:\/\/www.latribunedufaso.net\/?author=5"}]}},"_links":{"self":[{"href":"https:\/\/www.latribunedufaso.net\/index.php?rest_route=\/wp\/v2\/posts\/8853","targetHints":{"allow":["GET"]}}],"collection":[{"href":"https:\/\/www.latribunedufaso.net\/index.php?rest_route=\/wp\/v2\/posts"}],"about":[{"href":"https:\/\/www.latribunedufaso.net\/index.php?rest_route=\/wp\/v2\/types\/post"}],"author":[{"embeddable":true,"href":"https:\/\/www.latribunedufaso.net\/index.php?rest_route=\/wp\/v2\/users\/5"}],"replies":[{"embeddable":true,"href":"https:\/\/www.latribunedufaso.net\/index.php?rest_route=%2Fwp%2Fv2%2Fcomments&post=8853"}],"version-history":[{"count":1,"href":"https:\/\/www.latribunedufaso.net\/index.php?rest_route=\/wp\/v2\/posts\/8853\/revisions"}],"predecessor-version":[{"id":8858,"href":"https:\/\/www.latribunedufaso.net\/index.php?rest_route=\/wp\/v2\/posts\/8853\/revisions\/8858"}],"wp:featuredmedia":[{"embeddable":true,"href":"https:\/\/www.latribunedufaso.net\/index.php?rest_route=\/wp\/v2\/media\/8854"}],"wp:attachment":[{"href":"https:\/\/www.latribunedufaso.net\/index.php?rest_route=%2Fwp%2Fv2%2Fmedia&parent=8853"}],"wp:term":[{"taxonomy":"category","embeddable":true,"href":"https:\/\/www.latribunedufaso.net\/index.php?rest_route=%2Fwp%2Fv2%2Fcategories&post=8853"},{"taxonomy":"post_tag","embeddable":true,"href":"https:\/\/www.latribunedufaso.net\/index.php?rest_route=%2Fwp%2Fv2%2Ftags&post=8853"}],"curies":[{"name":"wp","href":"https:\/\/api.w.org\/{rel}","templated":true}]}}