{"id":8831,"date":"2023-08-23T14:04:17","date_gmt":"2023-08-23T14:04:17","guid":{"rendered":"https:\/\/www.latribunedufaso.net\/?p=8831"},"modified":"2023-08-24T20:47:06","modified_gmt":"2023-08-24T20:47:06","slug":"rehabilitation-et-fermeture-de-site-minier-lexperience-de-la-societe-miniere-cominak-au-niger","status":"publish","type":"post","link":"https:\/\/www.latribunedufaso.net\/?p=8831","title":{"rendered":"R\u00e9habilitation et fermeture de site minier\u00a0: L\u2019exp\u00e9rience de la soci\u00e9t\u00e9 mini\u00e8re COMINAK au Niger"},"content":{"rendered":"<p><strong><span style=\"font-size: 1.0625rem;\">La Chambre des mines du Burkina (CMB) a initi\u00e9 le 18 ao\u00fbt 2023 un atelier de r\u00e9flexion sur le volet social et soci\u00e9tal de la r\u00e9habilitation et la fermeture des sites miniers. Il s\u2019est tenu sur le site de la compagnie mini\u00e8re Rox Gold Sanu, install\u00e9e \u00e0 Yaramoko dans la commune de Bagassi (province des Bal\u00e9, r\u00e9gion de la Boucle du Mouhoun). Lors des travaux, le Directeur de d\u00e9veloppement durable de Roxgold Sanu, Bassory Traor\u00e9 a pr\u00e9sent\u00e9 l\u2019exp\u00e9rience de la soci\u00e9t\u00e9 mini\u00e8re COMINAK au Niger sur la r\u00e9habilitation et la fermeture de site minier. Il est par ailleurs, le pr\u00e9sident de la commission RSE\/communication de la CMB.<\/span><\/strong><br \/><!--more--><\/p>\n<p><span style=\"font-size: 1.0625rem;\">Cette pr\u00e9sentation est le fruit d\u2019une mission de la CMB au Niger pour s\u2019impr\u00e9gner de l\u2019exp\u00e9rience de la COMINAK en termes de r\u00e9habilitation.\u00a0<\/span><\/p>\n<p>En effet, la Compagnie mini\u00e8re d\u2019exploitation d\u2019Akouta (COMINAK) est une entreprise d\u2019exploitation de l\u2019uranium au Niger, filiale du groupe ORANO (ex AREVA). C\u2019\u00e9tait une mine souterraine d\u2019une profondeur de 250 m avec 650 km de galeries dont la capacit\u00e9 annuelle \u00e9tait de 1500 tonnes et une production estim\u00e9e \u00e0 76 000 tonnes depuis 1978. Le minerai \u00e9tait trait\u00e9 sur place dans l\u2019usine qui produit un concentr\u00e9 d\u2019uranate de magn\u00e9sie \u00e0 environ 75 % d\u2019uranium.<\/p>\n<p>Son installation a lieu sur un site d\u00e9sertique. Ainsi, toutes les infrastructures ont \u00e9t\u00e9 cr\u00e9\u00e9es par la compagnie (usine, ateliers, logements, h\u00f4pital, \u00e9coles\u2026). Cela a entra\u00een\u00e9 la cr\u00e9ation de deux villes (Akokan et Arlit) \u00e0 quelques kilom\u00e8tres de la mine. Suite \u00e0 l\u2019\u00e9puisement des ressources, COMINAK a \u00e9t\u00e9 contrainte de fermer en mars 2021 apr\u00e8s plus de 40 ann\u00e9es de fonctionnement.\u00a0<\/p>\n<figure id=\"attachment_8833\" aria-describedby=\"caption-attachment-8833\" style=\"width: 300px\" class=\"wp-caption alignleft\"><a href=\"https:\/\/www.latribunedufaso.net\/wp-content\/uploads\/2023\/08\/IMG_20230818_131425_625-scaled.jpg\"><img loading=\"lazy\" decoding=\"async\" class=\"wp-image-8833 size-medium\" src=\"https:\/\/www.latribunedufaso.net\/wp-content\/uploads\/2023\/08\/IMG_20230818_131425_625-300x225.jpg\" width=\"300\" height=\"225\" srcset=\"https:\/\/www.latribunedufaso.net\/wp-content\/uploads\/2023\/08\/IMG_20230818_131425_625-300x225.jpg 300w, https:\/\/www.latribunedufaso.net\/wp-content\/uploads\/2023\/08\/IMG_20230818_131425_625-1024x768.jpg 1024w, https:\/\/www.latribunedufaso.net\/wp-content\/uploads\/2023\/08\/IMG_20230818_131425_625-768x576.jpg 768w, https:\/\/www.latribunedufaso.net\/wp-content\/uploads\/2023\/08\/IMG_20230818_131425_625-1536x1152.jpg 1536w, https:\/\/www.latribunedufaso.net\/wp-content\/uploads\/2023\/08\/IMG_20230818_131425_625-2048x1536.jpg 2048w\" sizes=\"auto, (max-width: 300px) 100vw, 300px\" \/><\/a><figcaption id=\"caption-attachment-8833\" class=\"wp-caption-text\">Le Directeur du d\u00e9veloppement durable de Roxgold Sanu, Bassory Traor\u00e9<\/figcaption><\/figure>\n<p>A entendre M. Traor\u00e9, la COMINAK a mis place l\u2019un des meilleurs plan de r\u00e9habilitation et de fermeture de site minier dont il faut s\u2019inspirer. En effet, le budget allou\u00e9 pour la mise en \u0153uvre de ce plan s\u2019\u00e9l\u00e8ve \u00e0 95 milliards de FCFA. La soci\u00e9t\u00e9 a anticip\u00e9 sa fermeture en commen\u00e7ant son \u00e9laborer depuis 2012. Sur le plan environnemental, la mine a compl\u00e8tement r\u00e9am\u00e9nag\u00e9 son site d\u2019exploitation. Afin de s\u2019assurer de laisser un site \u00ab propre \u00bb aux populations, elle a mis en place une \u00e9quipe charg\u00e9e du suivi environnemental sur 5 ans renouvelables jusqu\u2019\u00e0 25 ans si n\u00e9cessaire.<\/p>\n<p>En ce qui concerne le volet social du plan de r\u00e9habilitation, la soci\u00e9t\u00e9 s\u2019est engag\u00e9e \u00e0 soutenir ses salari\u00e9s et les sous-traitants dans le plan de reconversion professionnelle. Cela a permis de reclasser des ex travailleurs aupr\u00e8s d\u2019entreprises locales et d\u2019accompagner d\u2019autres dans l\u2019entreprenariat \u00e0 travers un programme d\u2019entreprenariat de 500 millions de FCFA. Aussi, la mine a pr\u00e9serv\u00e9 un certain nombre d\u2019avantages sociaux au profit des employ\u00e9s (l\u2019assurance sant\u00e9 sur 5 ans et le suivi m\u00e9dical gratuit).<\/p>\n<p>Pour le volet soci\u00e9tal, COMINAK a pris des engagements pour une transition soci\u00e9tale durable sur le long terme et b\u00e9n\u00e9fique pour les populations locales. Cela a contribu\u00e9 \u00e0 stabiliser les populations des villes d\u2019Arlit et d\u2019Akokan. Il s\u2019agit notamment d\u2019impliquer les parties prenantes locales dans le processus de d\u00e9cision avant la fermeture et dans le suivi des travaux de r\u00e9am\u00e9nagement du site, accompagner le processus d\u2019une communication continue et transparente et de transf\u00e9rer les r\u00e9seaux \u00e9lectriques et eau potable de la cit\u00e9 mini\u00e8re \u00e0 l\u2019Etat nig\u00e9rien.<\/p>\n<figure id=\"attachment_8834\" aria-describedby=\"caption-attachment-8834\" style=\"width: 300px\" class=\"wp-caption alignleft\"><a href=\"https:\/\/www.latribunedufaso.net\/wp-content\/uploads\/2023\/08\/photos-chantier-s05-copie-1.jpg\"><img loading=\"lazy\" decoding=\"async\" class=\"wp-image-8834 size-medium\" src=\"https:\/\/www.latribunedufaso.net\/wp-content\/uploads\/2023\/08\/photos-chantier-s05-copie-1-300x201.jpg\" width=\"300\" height=\"201\" srcset=\"https:\/\/www.latribunedufaso.net\/wp-content\/uploads\/2023\/08\/photos-chantier-s05-copie-1-300x201.jpg 300w, https:\/\/www.latribunedufaso.net\/wp-content\/uploads\/2023\/08\/photos-chantier-s05-copie-1-768x515.jpg 768w, https:\/\/www.latribunedufaso.net\/wp-content\/uploads\/2023\/08\/photos-chantier-s05-copie-1-840x560.jpg 840w, https:\/\/www.latribunedufaso.net\/wp-content\/uploads\/2023\/08\/photos-chantier-s05-copie-1-120x80.jpg 120w, https:\/\/www.latribunedufaso.net\/wp-content\/uploads\/2023\/08\/photos-chantier-s05-copie-1-360x240.jpg 360w, https:\/\/www.latribunedufaso.net\/wp-content\/uploads\/2023\/08\/photos-chantier-s05-copie-1-600x400.jpg 600w, https:\/\/www.latribunedufaso.net\/wp-content\/uploads\/2023\/08\/photos-chantier-s05-copie-1.jpg 944w\" sizes=\"auto, (max-width: 300px) 100vw, 300px\" \/><\/a><figcaption id=\"caption-attachment-8834\" class=\"wp-caption-text\">L\u2019\u00e9volution du d\u00e9mant\u00e8lement des installations de la mine<\/figcaption><\/figure>\n<p>En outre, la soci\u00e9t\u00e9 a \u00e9galement transf\u00e9r\u00e9 \u00e0 l\u2019Etat les logements et lieux communs de la cit\u00e9 mini\u00e8re \u00e0 h\u00f4pital de COMINAK sur une p\u00e9riode de 3 \u00e0 5 ans, et assurer un accompagnement pour une dur\u00e9e de 5 ans suppl\u00e9mentaires.<\/p>\n<p>Selon Bassory Traor\u00e9, la COMINAK a pu supporter tout cet investissement gr\u00e2ce \u00e0 une strat\u00e9gie qu\u2019elle avait mis en place qui consiste \u00e0 garder une certaine quantit\u00e9 de minerai de c\u00f4t\u00e9 \u00e0 chaque production. A la fin de l\u2019exploitation, elle a donc vendu ce stock pour avoir des ressources afin de financer son plan de r\u00e9habilitation et de fermeture.\u00a0<\/p>\n<p>Il a appr\u00e9ci\u00e9 positivement cette mani\u00e8re de faire et a souhait\u00e9 son adoption par les soci\u00e9t\u00e9s mini\u00e8res au Burkina Faso.<\/p>\n<figure id=\"attachment_8835\" aria-describedby=\"caption-attachment-8835\" style=\"width: 300px\" class=\"wp-caption alignleft\"><a href=\"https:\/\/www.latribunedufaso.net\/wp-content\/uploads\/2023\/08\/irhazer_@orano.tmb-large.jpg\"><img loading=\"lazy\" decoding=\"async\" class=\"wp-image-8835 size-medium\" src=\"https:\/\/www.latribunedufaso.net\/wp-content\/uploads\/2023\/08\/irhazer_@orano.tmb-large-300x196.jpg\" width=\"300\" height=\"196\" srcset=\"https:\/\/www.latribunedufaso.net\/wp-content\/uploads\/2023\/08\/irhazer_@orano.tmb-large-300x196.jpg 300w, https:\/\/www.latribunedufaso.net\/wp-content\/uploads\/2023\/08\/irhazer_@orano.tmb-large-1024x668.jpg 1024w, https:\/\/www.latribunedufaso.net\/wp-content\/uploads\/2023\/08\/irhazer_@orano.tmb-large-768x501.jpg 768w, https:\/\/www.latribunedufaso.net\/wp-content\/uploads\/2023\/08\/irhazer_@orano.tmb-large-1536x1002.jpg 1536w, https:\/\/www.latribunedufaso.net\/wp-content\/uploads\/2023\/08\/irhazer_@orano.tmb-large.jpg 1920w\" sizes=\"auto, (max-width: 300px) 100vw, 300px\" \/><\/a><figcaption id=\"caption-attachment-8835\" class=\"wp-caption-text\">La pratique des activit\u00e9s de mara\u00eechage sur le site de la COMINAK<\/figcaption><\/figure>\n<p><strong>Issouf Tapsoba\u00a0<\/strong><\/p>\n<p><strong>Latribunedufaso.net<\/strong><\/p>\n","protected":false},"excerpt":{"rendered":"<p>La Chambre des mines du Burkina (CMB) a initi\u00e9 le 18 ao\u00fbt 2023 un atelier de r\u00e9flexion sur le volet social et soci\u00e9tal de la r\u00e9habilitation et la fermeture des sites miniers. Il s\u2019est tenu sur le site de la compagnie mini\u00e8re Rox Gold Sanu, install\u00e9e \u00e0 Yaramoko dans la commune de Bagassi (province des Bal\u00e9, r\u00e9gion de la Boucle du Mouhoun). Lors des travaux, le Directeur de d\u00e9veloppement durable de Roxgold Sanu, Bassory Traor\u00e9 a pr\u00e9sent\u00e9 l\u2019exp\u00e9rience de la soci\u00e9t\u00e9 mini\u00e8re COMINAK au Niger sur la r\u00e9habilitation et la fermeture de site minier. Il est par ailleurs, le pr\u00e9sident de la commission RSE\/communication de la CMB.<\/p>\n","protected":false},"author":5,"featured_media":8834,"comment_status":"open","ping_status":"open","sticky":false,"template":"","format":"standard","meta":{"footnotes":""},"categories":[13,1,19],"tags":[],"class_list":["post-8831","post","type-post","status-publish","format-standard","has-post-thumbnail","hentry","category-une","category-actu","category-mines-et-carrieres"],"yoast_head":"<!-- This site is optimized with the Yoast SEO plugin v27.5 - https:\/\/yoast.com\/product\/yoast-seo-wordpress\/ -->\n<title>R\u00e9habilitation et fermeture de site minier\u00a0: L\u2019exp\u00e9rience de la soci\u00e9t\u00e9 mini\u00e8re COMINAK au Niger - La Tribune du Faso<\/title>\n<meta name=\"robots\" content=\"index, follow, max-snippet:-1, max-image-preview:large, max-video-preview:-1\" \/>\n<link rel=\"canonical\" href=\"https:\/\/www.latribunedufaso.net\/?p=8831\" \/>\n<meta property=\"og:locale\" content=\"fr_FR\" \/>\n<meta property=\"og:type\" content=\"article\" \/>\n<meta property=\"og:title\" content=\"R\u00e9habilitation et fermeture de site minier\u00a0: L\u2019exp\u00e9rience de la soci\u00e9t\u00e9 mini\u00e8re COMINAK au Niger - La Tribune du Faso\" \/>\n<meta property=\"og:description\" content=\"La Chambre des mines du Burkina (CMB) a initi\u00e9 le 18 ao\u00fbt 2023 un atelier de r\u00e9flexion sur le volet social et soci\u00e9tal de la r\u00e9habilitation et la fermeture des sites miniers. Il s\u2019est tenu sur le site de la compagnie mini\u00e8re Rox Gold Sanu, install\u00e9e \u00e0 Yaramoko dans la commune de Bagassi (province des Bal\u00e9, r\u00e9gion de la Boucle du Mouhoun). Lors des travaux, le Directeur de d\u00e9veloppement durable de Roxgold Sanu, Bassory Traor\u00e9 a pr\u00e9sent\u00e9 l\u2019exp\u00e9rience de la soci\u00e9t\u00e9 mini\u00e8re COMINAK au Niger sur la r\u00e9habilitation et la fermeture de site minier. Il est par ailleurs, le pr\u00e9sident de la commission RSE\/communication de la CMB.\" \/>\n<meta property=\"og:url\" content=\"https:\/\/www.latribunedufaso.net\/?p=8831\" \/>\n<meta property=\"og:site_name\" content=\"La Tribune du Faso\" \/>\n<meta property=\"article:publisher\" content=\"https:\/\/www.facebook.com\/LatribuneduFaso\/\" \/>\n<meta property=\"article:published_time\" content=\"2023-08-23T14:04:17+00:00\" \/>\n<meta property=\"article:modified_time\" content=\"2023-08-24T20:47:06+00:00\" \/>\n<meta property=\"og:image\" content=\"https:\/\/www.latribunedufaso.net\/wp-content\/uploads\/2023\/08\/photos-chantier-s05-copie-1.jpg\" \/>\n\t<meta property=\"og:image:width\" content=\"944\" \/>\n\t<meta property=\"og:image:height\" content=\"633\" \/>\n\t<meta property=\"og:image:type\" content=\"image\/jpeg\" \/>\n<meta name=\"author\" content=\"Issouf Tapsoba\" \/>\n<meta name=\"twitter:label1\" content=\"\u00c9crit par\" \/>\n\t<meta name=\"twitter:data1\" content=\"Issouf Tapsoba\" \/>\n\t<meta name=\"twitter:label2\" content=\"Dur\u00e9e de lecture estim\u00e9e\" \/>\n\t<meta name=\"twitter:data2\" content=\"4 minutes\" \/>\n<script type=\"application\/ld+json\" class=\"yoast-schema-graph\">{\"@context\":\"https:\\\/\\\/schema.org\",\"@graph\":[{\"@type\":\"Article\",\"@id\":\"https:\\\/\\\/www.latribunedufaso.net\\\/?p=8831#article\",\"isPartOf\":{\"@id\":\"https:\\\/\\\/www.latribunedufaso.net\\\/?p=8831\"},\"author\":{\"name\":\"Issouf Tapsoba\",\"@id\":\"https:\\\/\\\/www.latribunedufaso.net\\\/#\\\/schema\\\/person\\\/e54e64c5778a7e72cf80a318b7a622b0\"},\"headline\":\"R\u00e9habilitation et fermeture de site minier\u00a0: L\u2019exp\u00e9rience de la soci\u00e9t\u00e9 mini\u00e8re COMINAK au Niger\",\"datePublished\":\"2023-08-23T14:04:17+00:00\",\"dateModified\":\"2023-08-24T20:47:06+00:00\",\"mainEntityOfPage\":{\"@id\":\"https:\\\/\\\/www.latribunedufaso.net\\\/?p=8831\"},\"wordCount\":801,\"commentCount\":1,\"publisher\":{\"@id\":\"https:\\\/\\\/www.latribunedufaso.net\\\/#organization\"},\"image\":{\"@id\":\"https:\\\/\\\/www.latribunedufaso.net\\\/?p=8831#primaryimage\"},\"thumbnailUrl\":\"https:\\\/\\\/www.latribunedufaso.net\\\/wp-content\\\/uploads\\\/2023\\\/08\\\/photos-chantier-s05-copie-1.jpg\",\"articleSection\":[\"A la une\",\"Actualit\u00e9\",\"Mines et Carri\u00e8res\"],\"inLanguage\":\"fr-FR\",\"potentialAction\":[{\"@type\":\"CommentAction\",\"name\":\"Comment\",\"target\":[\"https:\\\/\\\/www.latribunedufaso.net\\\/?p=8831#respond\"]}]},{\"@type\":\"WebPage\",\"@id\":\"https:\\\/\\\/www.latribunedufaso.net\\\/?p=8831\",\"url\":\"https:\\\/\\\/www.latribunedufaso.net\\\/?p=8831\",\"name\":\"R\u00e9habilitation et fermeture de site minier\u00a0: L\u2019exp\u00e9rience de la soci\u00e9t\u00e9 mini\u00e8re COMINAK au Niger - La Tribune du Faso\",\"isPartOf\":{\"@id\":\"https:\\\/\\\/www.latribunedufaso.net\\\/#website\"},\"primaryImageOfPage\":{\"@id\":\"https:\\\/\\\/www.latribunedufaso.net\\\/?p=8831#primaryimage\"},\"image\":{\"@id\":\"https:\\\/\\\/www.latribunedufaso.net\\\/?p=8831#primaryimage\"},\"thumbnailUrl\":\"https:\\\/\\\/www.latribunedufaso.net\\\/wp-content\\\/uploads\\\/2023\\\/08\\\/photos-chantier-s05-copie-1.jpg\",\"datePublished\":\"2023-08-23T14:04:17+00:00\",\"dateModified\":\"2023-08-24T20:47:06+00:00\",\"breadcrumb\":{\"@id\":\"https:\\\/\\\/www.latribunedufaso.net\\\/?p=8831#breadcrumb\"},\"inLanguage\":\"fr-FR\",\"potentialAction\":[{\"@type\":\"ReadAction\",\"target\":[\"https:\\\/\\\/www.latribunedufaso.net\\\/?p=8831\"]}]},{\"@type\":\"ImageObject\",\"inLanguage\":\"fr-FR\",\"@id\":\"https:\\\/\\\/www.latribunedufaso.net\\\/?p=8831#primaryimage\",\"url\":\"https:\\\/\\\/www.latribunedufaso.net\\\/wp-content\\\/uploads\\\/2023\\\/08\\\/photos-chantier-s05-copie-1.jpg\",\"contentUrl\":\"https:\\\/\\\/www.latribunedufaso.net\\\/wp-content\\\/uploads\\\/2023\\\/08\\\/photos-chantier-s05-copie-1.jpg\",\"width\":944,\"height\":633},{\"@type\":\"BreadcrumbList\",\"@id\":\"https:\\\/\\\/www.latribunedufaso.net\\\/?p=8831#breadcrumb\",\"itemListElement\":[{\"@type\":\"ListItem\",\"position\":1,\"name\":\"Accueil\",\"item\":\"https:\\\/\\\/www.latribunedufaso.net\\\/\"},{\"@type\":\"ListItem\",\"position\":2,\"name\":\"R\u00e9habilitation et fermeture de site minier\u00a0: L\u2019exp\u00e9rience de la soci\u00e9t\u00e9 mini\u00e8re COMINAK au Niger\"}]},{\"@type\":\"WebSite\",\"@id\":\"https:\\\/\\\/www.latribunedufaso.net\\\/#website\",\"url\":\"https:\\\/\\\/www.latribunedufaso.net\\\/\",\"name\":\"La Tribune du Faso\",\"description\":\"L&#039;information du monde rural en un clic\",\"publisher\":{\"@id\":\"https:\\\/\\\/www.latribunedufaso.net\\\/#organization\"},\"potentialAction\":[{\"@type\":\"SearchAction\",\"target\":{\"@type\":\"EntryPoint\",\"urlTemplate\":\"https:\\\/\\\/www.latribunedufaso.net\\\/?s={search_term_string}\"},\"query-input\":{\"@type\":\"PropertyValueSpecification\",\"valueRequired\":true,\"valueName\":\"search_term_string\"}}],\"inLanguage\":\"fr-FR\"},{\"@type\":\"Organization\",\"@id\":\"https:\\\/\\\/www.latribunedufaso.net\\\/#organization\",\"name\":\"La Tribune du Faso\",\"url\":\"https:\\\/\\\/www.latribunedufaso.net\\\/\",\"logo\":{\"@type\":\"ImageObject\",\"inLanguage\":\"fr-FR\",\"@id\":\"https:\\\/\\\/www.latribunedufaso.net\\\/#\\\/schema\\\/logo\\\/image\\\/\",\"url\":\"https:\\\/\\\/www.latribunedufaso.net\\\/wp-content\\\/uploads\\\/2020\\\/08\\\/Logo-Tribune-du-Faso-final-scaled.jpg\",\"contentUrl\":\"https:\\\/\\\/www.latribunedufaso.net\\\/wp-content\\\/uploads\\\/2020\\\/08\\\/Logo-Tribune-du-Faso-final-scaled.jpg\",\"width\":2560,\"height\":1856,\"caption\":\"La Tribune du Faso\"},\"image\":{\"@id\":\"https:\\\/\\\/www.latribunedufaso.net\\\/#\\\/schema\\\/logo\\\/image\\\/\"},\"sameAs\":[\"https:\\\/\\\/www.facebook.com\\\/LatribuneduFaso\\\/\"]},{\"@type\":\"Person\",\"@id\":\"https:\\\/\\\/www.latribunedufaso.net\\\/#\\\/schema\\\/person\\\/e54e64c5778a7e72cf80a318b7a622b0\",\"name\":\"Issouf Tapsoba\",\"image\":{\"@type\":\"ImageObject\",\"inLanguage\":\"fr-FR\",\"@id\":\"https:\\\/\\\/secure.gravatar.com\\\/avatar\\\/5e6c05150ce3230247d167f5b94d678eb05936197436d69b7921e3a95c9107ac?s=96&d=mm&r=g\",\"url\":\"https:\\\/\\\/secure.gravatar.com\\\/avatar\\\/5e6c05150ce3230247d167f5b94d678eb05936197436d69b7921e3a95c9107ac?s=96&d=mm&r=g\",\"contentUrl\":\"https:\\\/\\\/secure.gravatar.com\\\/avatar\\\/5e6c05150ce3230247d167f5b94d678eb05936197436d69b7921e3a95c9107ac?s=96&d=mm&r=g\",\"caption\":\"Issouf Tapsoba\"},\"url\":\"https:\\\/\\\/www.latribunedufaso.net\\\/?author=5\"}]}<\/script>\n<!-- \/ Yoast SEO plugin. -->","yoast_head_json":{"title":"R\u00e9habilitation et fermeture de site minier\u00a0: L\u2019exp\u00e9rience de la soci\u00e9t\u00e9 mini\u00e8re COMINAK au Niger - La Tribune du Faso","robots":{"index":"index","follow":"follow","max-snippet":"max-snippet:-1","max-image-preview":"max-image-preview:large","max-video-preview":"max-video-preview:-1"},"canonical":"https:\/\/www.latribunedufaso.net\/?p=8831","og_locale":"fr_FR","og_type":"article","og_title":"R\u00e9habilitation et fermeture de site minier\u00a0: L\u2019exp\u00e9rience de la soci\u00e9t\u00e9 mini\u00e8re COMINAK au Niger - La Tribune du Faso","og_description":"La Chambre des mines du Burkina (CMB) a initi\u00e9 le 18 ao\u00fbt 2023 un atelier de r\u00e9flexion sur le volet social et soci\u00e9tal de la r\u00e9habilitation et la fermeture des sites miniers. Il s\u2019est tenu sur le site de la compagnie mini\u00e8re Rox Gold Sanu, install\u00e9e \u00e0 Yaramoko dans la commune de Bagassi (province des Bal\u00e9, r\u00e9gion de la Boucle du Mouhoun). Lors des travaux, le Directeur de d\u00e9veloppement durable de Roxgold Sanu, Bassory Traor\u00e9 a pr\u00e9sent\u00e9 l\u2019exp\u00e9rience de la soci\u00e9t\u00e9 mini\u00e8re COMINAK au Niger sur la r\u00e9habilitation et la fermeture de site minier. Il est par ailleurs, le pr\u00e9sident de la commission RSE\/communication de la CMB.","og_url":"https:\/\/www.latribunedufaso.net\/?p=8831","og_site_name":"La Tribune du Faso","article_publisher":"https:\/\/www.facebook.com\/LatribuneduFaso\/","article_published_time":"2023-08-23T14:04:17+00:00","article_modified_time":"2023-08-24T20:47:06+00:00","og_image":[{"width":944,"height":633,"url":"https:\/\/www.latribunedufaso.net\/wp-content\/uploads\/2023\/08\/photos-chantier-s05-copie-1.jpg","type":"image\/jpeg"}],"author":"Issouf Tapsoba","twitter_misc":{"\u00c9crit par":"Issouf Tapsoba","Dur\u00e9e de lecture estim\u00e9e":"4 minutes"},"schema":{"@context":"https:\/\/schema.org","@graph":[{"@type":"Article","@id":"https:\/\/www.latribunedufaso.net\/?p=8831#article","isPartOf":{"@id":"https:\/\/www.latribunedufaso.net\/?p=8831"},"author":{"name":"Issouf Tapsoba","@id":"https:\/\/www.latribunedufaso.net\/#\/schema\/person\/e54e64c5778a7e72cf80a318b7a622b0"},"headline":"R\u00e9habilitation et fermeture de site minier\u00a0: L\u2019exp\u00e9rience de la soci\u00e9t\u00e9 mini\u00e8re COMINAK au Niger","datePublished":"2023-08-23T14:04:17+00:00","dateModified":"2023-08-24T20:47:06+00:00","mainEntityOfPage":{"@id":"https:\/\/www.latribunedufaso.net\/?p=8831"},"wordCount":801,"commentCount":1,"publisher":{"@id":"https:\/\/www.latribunedufaso.net\/#organization"},"image":{"@id":"https:\/\/www.latribunedufaso.net\/?p=8831#primaryimage"},"thumbnailUrl":"https:\/\/www.latribunedufaso.net\/wp-content\/uploads\/2023\/08\/photos-chantier-s05-copie-1.jpg","articleSection":["A la une","Actualit\u00e9","Mines et Carri\u00e8res"],"inLanguage":"fr-FR","potentialAction":[{"@type":"CommentAction","name":"Comment","target":["https:\/\/www.latribunedufaso.net\/?p=8831#respond"]}]},{"@type":"WebPage","@id":"https:\/\/www.latribunedufaso.net\/?p=8831","url":"https:\/\/www.latribunedufaso.net\/?p=8831","name":"R\u00e9habilitation et fermeture de site minier\u00a0: L\u2019exp\u00e9rience de la soci\u00e9t\u00e9 mini\u00e8re COMINAK au Niger - La Tribune du Faso","isPartOf":{"@id":"https:\/\/www.latribunedufaso.net\/#website"},"primaryImageOfPage":{"@id":"https:\/\/www.latribunedufaso.net\/?p=8831#primaryimage"},"image":{"@id":"https:\/\/www.latribunedufaso.net\/?p=8831#primaryimage"},"thumbnailUrl":"https:\/\/www.latribunedufaso.net\/wp-content\/uploads\/2023\/08\/photos-chantier-s05-copie-1.jpg","datePublished":"2023-08-23T14:04:17+00:00","dateModified":"2023-08-24T20:47:06+00:00","breadcrumb":{"@id":"https:\/\/www.latribunedufaso.net\/?p=8831#breadcrumb"},"inLanguage":"fr-FR","potentialAction":[{"@type":"ReadAction","target":["https:\/\/www.latribunedufaso.net\/?p=8831"]}]},{"@type":"ImageObject","inLanguage":"fr-FR","@id":"https:\/\/www.latribunedufaso.net\/?p=8831#primaryimage","url":"https:\/\/www.latribunedufaso.net\/wp-content\/uploads\/2023\/08\/photos-chantier-s05-copie-1.jpg","contentUrl":"https:\/\/www.latribunedufaso.net\/wp-content\/uploads\/2023\/08\/photos-chantier-s05-copie-1.jpg","width":944,"height":633},{"@type":"BreadcrumbList","@id":"https:\/\/www.latribunedufaso.net\/?p=8831#breadcrumb","itemListElement":[{"@type":"ListItem","position":1,"name":"Accueil","item":"https:\/\/www.latribunedufaso.net\/"},{"@type":"ListItem","position":2,"name":"R\u00e9habilitation et fermeture de site minier\u00a0: L\u2019exp\u00e9rience de la soci\u00e9t\u00e9 mini\u00e8re COMINAK au Niger"}]},{"@type":"WebSite","@id":"https:\/\/www.latribunedufaso.net\/#website","url":"https:\/\/www.latribunedufaso.net\/","name":"La Tribune du Faso","description":"L&#039;information du monde rural en un clic","publisher":{"@id":"https:\/\/www.latribunedufaso.net\/#organization"},"potentialAction":[{"@type":"SearchAction","target":{"@type":"EntryPoint","urlTemplate":"https:\/\/www.latribunedufaso.net\/?s={search_term_string}"},"query-input":{"@type":"PropertyValueSpecification","valueRequired":true,"valueName":"search_term_string"}}],"inLanguage":"fr-FR"},{"@type":"Organization","@id":"https:\/\/www.latribunedufaso.net\/#organization","name":"La Tribune du Faso","url":"https:\/\/www.latribunedufaso.net\/","logo":{"@type":"ImageObject","inLanguage":"fr-FR","@id":"https:\/\/www.latribunedufaso.net\/#\/schema\/logo\/image\/","url":"https:\/\/www.latribunedufaso.net\/wp-content\/uploads\/2020\/08\/Logo-Tribune-du-Faso-final-scaled.jpg","contentUrl":"https:\/\/www.latribunedufaso.net\/wp-content\/uploads\/2020\/08\/Logo-Tribune-du-Faso-final-scaled.jpg","width":2560,"height":1856,"caption":"La Tribune du Faso"},"image":{"@id":"https:\/\/www.latribunedufaso.net\/#\/schema\/logo\/image\/"},"sameAs":["https:\/\/www.facebook.com\/LatribuneduFaso\/"]},{"@type":"Person","@id":"https:\/\/www.latribunedufaso.net\/#\/schema\/person\/e54e64c5778a7e72cf80a318b7a622b0","name":"Issouf Tapsoba","image":{"@type":"ImageObject","inLanguage":"fr-FR","@id":"https:\/\/secure.gravatar.com\/avatar\/5e6c05150ce3230247d167f5b94d678eb05936197436d69b7921e3a95c9107ac?s=96&d=mm&r=g","url":"https:\/\/secure.gravatar.com\/avatar\/5e6c05150ce3230247d167f5b94d678eb05936197436d69b7921e3a95c9107ac?s=96&d=mm&r=g","contentUrl":"https:\/\/secure.gravatar.com\/avatar\/5e6c05150ce3230247d167f5b94d678eb05936197436d69b7921e3a95c9107ac?s=96&d=mm&r=g","caption":"Issouf Tapsoba"},"url":"https:\/\/www.latribunedufaso.net\/?author=5"}]}},"_links":{"self":[{"href":"https:\/\/www.latribunedufaso.net\/index.php?rest_route=\/wp\/v2\/posts\/8831","targetHints":{"allow":["GET"]}}],"collection":[{"href":"https:\/\/www.latribunedufaso.net\/index.php?rest_route=\/wp\/v2\/posts"}],"about":[{"href":"https:\/\/www.latribunedufaso.net\/index.php?rest_route=\/wp\/v2\/types\/post"}],"author":[{"embeddable":true,"href":"https:\/\/www.latribunedufaso.net\/index.php?rest_route=\/wp\/v2\/users\/5"}],"replies":[{"embeddable":true,"href":"https:\/\/www.latribunedufaso.net\/index.php?rest_route=%2Fwp%2Fv2%2Fcomments&post=8831"}],"version-history":[{"count":4,"href":"https:\/\/www.latribunedufaso.net\/index.php?rest_route=\/wp\/v2\/posts\/8831\/revisions"}],"predecessor-version":[{"id":8852,"href":"https:\/\/www.latribunedufaso.net\/index.php?rest_route=\/wp\/v2\/posts\/8831\/revisions\/8852"}],"wp:featuredmedia":[{"embeddable":true,"href":"https:\/\/www.latribunedufaso.net\/index.php?rest_route=\/wp\/v2\/media\/8834"}],"wp:attachment":[{"href":"https:\/\/www.latribunedufaso.net\/index.php?rest_route=%2Fwp%2Fv2%2Fmedia&parent=8831"}],"wp:term":[{"taxonomy":"category","embeddable":true,"href":"https:\/\/www.latribunedufaso.net\/index.php?rest_route=%2Fwp%2Fv2%2Fcategories&post=8831"},{"taxonomy":"post_tag","embeddable":true,"href":"https:\/\/www.latribunedufaso.net\/index.php?rest_route=%2Fwp%2Fv2%2Ftags&post=8831"}],"curies":[{"name":"wp","href":"https:\/\/api.w.org\/{rel}","templated":true}]}}