{"id":8804,"date":"2023-08-22T10:55:04","date_gmt":"2023-08-22T10:55:04","guid":{"rendered":"https:\/\/www.latribunedufaso.net\/?p=8804"},"modified":"2023-08-22T10:55:04","modified_gmt":"2023-08-22T10:55:04","slug":"industrie-extractive-les-acteurs-reflechissent-sur-les-difficultes-liees-a-lexamen-et-validation-des-plans-de-rehabilitation-et-de-fermeture","status":"publish","type":"post","link":"https:\/\/www.latribunedufaso.net\/?p=8804","title":{"rendered":"Industrie extractive\u00a0: Les acteurs r\u00e9fl\u00e9chissent sur les difficult\u00e9s li\u00e9es \u00e0 l\u2019examen et validation des plans de r\u00e9habilitation et de fermeture\u00a0"},"content":{"rendered":"<p><strong><span style=\"font-size: 1.0625rem;\">La Chambre des mines du Burkina (CMB) a organis\u00e9 un atelier de r\u00e9flexion sur le volet social et soci\u00e9tal de la r\u00e9habilitation et la fermeture des sites miniers. C\u2019\u00e9tait le 18 ao\u00fbt 2023 sur le site de Roxgold Sanu, une soci\u00e9t\u00e9 mini\u00e8re install\u00e9e \u00e0 Yaramoko dans la commune de Bagassi (province des Bal\u00e9 et r\u00e9gion de la Boucle du Mouhoun). Cette activit\u00e9 a connu la participation des structures techniques du minist\u00e8re de l\u2019Environnement, celui des Mines et des soci\u00e9t\u00e9s mini\u00e8res.<\/span><\/strong><br \/><!--more--><\/p>\n<p>Bien que l\u2019atelier soit d\u00e9di\u00e9 au volet social et soci\u00e9tal de la r\u00e9habilitation et la fermeture des mines, il a aussi permis de se pencher sur les probl\u00e8mes qui entravent la bonne mise en \u0153uvre du processus de r\u00e9habilitation sur le plan environnemental au Burkina. C\u2019\u00e9tait \u00e0 l\u2019occasion d\u2019une communication faite par des repr\u00e9sentants du Fonds d\u2019intervention pour l\u2019environnement (FIE). Elle a port\u00e9 sur \u00ab l\u2019\u00e9cosyst\u00e8me r\u00e9glementaire et le processus de la r\u00e9habilitation des mines au Burkina \u00bb.<\/p>\n<p>En effet, il existe au Burkina Faso un fonds vert d\u00e9nomm\u00e9e Fonds d\u2019intervention pour l\u2019environnement (FIE). Il est charg\u00e9 de mobiliser des financements pour r\u00e9pondre aux enjeux environnementaux du pays. Il intervient \u00e9galement au niveau du secteur minier notamment dans le processus de r\u00e9habilitation et de fermeture des mines. A ce niveau , le FIE g\u00e8re le Fonds de r\u00e9habilitation et de fermeture des mines (FRFM) qui est un fonds auquel toutes les soci\u00e9t\u00e9s mini\u00e8res doivent contribuer \u00e0 alimenter.<\/p>\n<p>Ainsi, \u00e0 la fin de l\u2019exploitation, la soci\u00e9t\u00e9 mini\u00e8re re\u00e7oit du financement pour la r\u00e9habilitation. Cependant, apr\u00e8s contribution, les mines font face \u00e0 des difficult\u00e9s pour d\u00e9caisser afin de passer effectivement au processus de r\u00e9habilitation.\u00a0<\/p>\n<figure id=\"attachment_8806\" aria-describedby=\"caption-attachment-8806\" style=\"width: 300px\" class=\"wp-caption alignleft\"><a href=\"https:\/\/www.latribunedufaso.net\/wp-content\/uploads\/2023\/08\/IMG_20230818_121817_630-scaled.jpg\"><img loading=\"lazy\" decoding=\"async\" class=\"wp-image-8806 size-medium\" src=\"https:\/\/www.latribunedufaso.net\/wp-content\/uploads\/2023\/08\/IMG_20230818_121817_630-300x225.jpg\" width=\"300\" height=\"225\" srcset=\"https:\/\/www.latribunedufaso.net\/wp-content\/uploads\/2023\/08\/IMG_20230818_121817_630-300x225.jpg 300w, https:\/\/www.latribunedufaso.net\/wp-content\/uploads\/2023\/08\/IMG_20230818_121817_630-1024x768.jpg 1024w, https:\/\/www.latribunedufaso.net\/wp-content\/uploads\/2023\/08\/IMG_20230818_121817_630-768x576.jpg 768w, https:\/\/www.latribunedufaso.net\/wp-content\/uploads\/2023\/08\/IMG_20230818_121817_630-1536x1152.jpg 1536w, https:\/\/www.latribunedufaso.net\/wp-content\/uploads\/2023\/08\/IMG_20230818_121817_630-2048x1536.jpg 2048w\" sizes=\"auto, (max-width: 300px) 100vw, 300px\" \/><\/a><figcaption id=\"caption-attachment-8806\" class=\"wp-caption-text\">Le Directeur des op\u00e9rations techniques du FIE, Jo\u00ebl Bama.<\/figcaption><\/figure>\n<p>Selon le Directeur des op\u00e9rations techniques du FIE, Jo\u00ebl Bama, les gens ont tendance \u00e0 rejeter la faute sur le FIE. Pour lui, cette structure n\u2019est qu\u2019un guichet de mobilisation des ressources. Le d\u00e9caissement ne peut se faire qu\u2019avec le quitus du minist\u00e8re des Finances. A l\u2019entendre, avant cette \u00e9tape, un comit\u00e9 technique interminist\u00e9riel doit se r\u00e9unir pour examiner et valider les plans de r\u00e9habilitation de la mine. C\u2019est l\u00e0 que le b\u00e2t blesse car il prend du temps pour se r\u00e9unir et la provenance des ressources pour la prise en charge de ses travaux n\u2019est pas clairement d\u00e9finie par les textes.<\/p>\n<p>\u00ab\u00a0Ce qui fait que pour des questions de prudence, le FIE n\u2019est pas en mesure de prendre en charge les activit\u00e9s des sessions des comit\u00e9s techniques\u00a0\u00bb, a indiqu\u00e9 M. Bama avant d\u2019ajouter que cet atelier leur a permis de pr\u00e9senter la situation r\u00e9elle aux acteurs et de voir ensemble dans quelle mesure des propositions pourraient se faire pour envisager des r\u00e9formes au niveau des textes afin de faciliter les activit\u00e9s au niveau du FIE et au niveau des comit\u00e9s qui doivent si\u00e9ger pour l\u2019examen et validation de ces plans.\u00a0<\/p>\n<figure id=\"attachment_8807\" aria-describedby=\"caption-attachment-8807\" style=\"width: 300px\" class=\"wp-caption alignleft\"><a href=\"https:\/\/www.latribunedufaso.net\/wp-content\/uploads\/2023\/08\/IMG_20230818_122357_184-scaled.jpg\"><img loading=\"lazy\" decoding=\"async\" class=\"wp-image-8807 size-medium\" src=\"https:\/\/www.latribunedufaso.net\/wp-content\/uploads\/2023\/08\/IMG_20230818_122357_184-300x225.jpg\" width=\"300\" height=\"225\" srcset=\"https:\/\/www.latribunedufaso.net\/wp-content\/uploads\/2023\/08\/IMG_20230818_122357_184-300x225.jpg 300w, https:\/\/www.latribunedufaso.net\/wp-content\/uploads\/2023\/08\/IMG_20230818_122357_184-1024x768.jpg 1024w, https:\/\/www.latribunedufaso.net\/wp-content\/uploads\/2023\/08\/IMG_20230818_122357_184-768x576.jpg 768w, https:\/\/www.latribunedufaso.net\/wp-content\/uploads\/2023\/08\/IMG_20230818_122357_184-1536x1152.jpg 1536w, https:\/\/www.latribunedufaso.net\/wp-content\/uploads\/2023\/08\/IMG_20230818_122357_184-2048x1536.jpg 2048w\" sizes=\"auto, (max-width: 300px) 100vw, 300px\" \/><\/a><figcaption id=\"caption-attachment-8807\" class=\"wp-caption-text\">Le Directeur de la recherche et de la mobilisation des financements du FIE, Polycarpe Becquet Bationo.<\/figcaption><\/figure>\n<p>La contribution au FRFM, faut-il le rappeler, d\u00e9pend de l\u2019\u00e9tude d\u2019impact environnemental et social de la mine. \u00ab\u00a0Pour l\u2019alimentation de ce fonds, les soci\u00e9t\u00e9s mini\u00e8res contribuent en fonction de ce que les plans de r\u00e9habilitation et de fermeture ont pr\u00e9vu \u00e0 travers l\u2019\u00e9tude d\u2019impact environnemental et social qui a \u00e9t\u00e9 men\u00e9e avant son installation. Cela se fait chaque ann\u00e9e\u00a0\u00bb, a expliqu\u00e9 le Directeur de la recherche et de la mobilisation des financements du FIE, Polycarpe Becquet Bationo. A ce jour, le FRFM est \u00e9valu\u00e9 \u00e0 58 milliards de FCFA.<\/p>\n<p>Au cours des \u00e9changes, le Directeur de d\u00e9veloppement durable de Roxgold Sanu, Bassory Traor\u00e9 a soulev\u00e9 une pr\u00e9occupation. A l\u2019entendre, les textes demandent aux soci\u00e9t\u00e9s mini\u00e8res de faire une r\u00e9habilitation progressive pendant l\u2019exploitation. Mais rien ne prouve que cela sera rembours\u00e9 par le fonds. Selon lui, si rien n\u2019est fait \u00e0 ce niveau, toute les mines du pays risque d\u2019arr\u00eater la r\u00e9habilitation progressive. Cela serait un d\u00e9sastre. Il d\u00e9plore que si cette r\u00e9alit\u00e9 n\u2019est pas expliqu\u00e9e aux populations, elles pourraient avoir des pr\u00e9jug\u00e9s sur les soci\u00e9t\u00e9s mini\u00e8res alors que le probl\u00e8me se trouve au niveau de l\u2019Etat.\u00a0<\/p>\n<figure id=\"attachment_8808\" aria-describedby=\"caption-attachment-8808\" style=\"width: 263px\" class=\"wp-caption alignleft\"><a href=\"https:\/\/www.latribunedufaso.net\/wp-content\/uploads\/2023\/08\/IMG_20230818_105059_959.jpg\"><img loading=\"lazy\" decoding=\"async\" class=\"wp-image-8808 size-medium\" src=\"https:\/\/www.latribunedufaso.net\/wp-content\/uploads\/2023\/08\/IMG_20230818_105059_959-263x300.jpg\" width=\"263\" height=\"300\" srcset=\"https:\/\/www.latribunedufaso.net\/wp-content\/uploads\/2023\/08\/IMG_20230818_105059_959-263x300.jpg 263w, https:\/\/www.latribunedufaso.net\/wp-content\/uploads\/2023\/08\/IMG_20230818_105059_959.jpg 685w\" sizes=\"auto, (max-width: 263px) 100vw, 263px\" \/><\/a><figcaption id=\"caption-attachment-8808\" class=\"wp-caption-text\">Le Directeur de d\u00e9veloppement durable de Roxgold Sanu, Bassory Traor\u00e9.<\/figcaption><\/figure>\n<p>A l\u2019issue des \u00e9changes, les participants ont formul\u00e9 des recommandations dont la relecture de tous les textes relatifs \u00e0 la r\u00e9habilitation et la fermeture des mines en impliquant les soci\u00e9t\u00e9s mini\u00e8res au processus et la n\u00e9cessit\u00e9 de placer le FRFM dans une banque commerciale en lieu et place de la BCEAO pour qu\u2019il produit des int\u00e9r\u00eats.<\/p>\n<p><strong>Issouf Tapsoba\u00a0<\/strong><\/p>\n<p><strong>Latribunedufaso.net<\/strong><\/p>\n","protected":false},"excerpt":{"rendered":"<p>La Chambre des mines du Burkina (CMB) a organis\u00e9 un atelier de r\u00e9flexion sur le volet social et soci\u00e9tal de la r\u00e9habilitation et la fermeture des sites miniers. C\u2019\u00e9tait le 18 ao\u00fbt 2023 sur le site de Roxgold Sanu, une soci\u00e9t\u00e9 mini\u00e8re install\u00e9e \u00e0 Yaramoko dans la commune de Bagassi (province des Bal\u00e9 et r\u00e9gion de la Boucle du Mouhoun). Cette activit\u00e9 a connu la participation des structures techniques du minist\u00e8re de l\u2019Environnement, celui des Mines et des soci\u00e9t\u00e9s mini\u00e8res.<\/p>\n","protected":false},"author":5,"featured_media":8805,"comment_status":"open","ping_status":"open","sticky":false,"template":"","format":"standard","meta":{"footnotes":""},"categories":[13,1,19],"tags":[],"class_list":["post-8804","post","type-post","status-publish","format-standard","has-post-thumbnail","hentry","category-une","category-actu","category-mines-et-carrieres"],"yoast_head":"<!-- This site is optimized with the Yoast SEO plugin v27.4 - https:\/\/yoast.com\/product\/yoast-seo-wordpress\/ -->\n<title>Industrie extractive\u00a0: Les acteurs r\u00e9fl\u00e9chissent sur les difficult\u00e9s li\u00e9es \u00e0 l\u2019examen et validation des plans de r\u00e9habilitation et de fermeture\u00a0 - La Tribune du Faso<\/title>\n<meta name=\"robots\" content=\"index, follow, max-snippet:-1, max-image-preview:large, max-video-preview:-1\" \/>\n<link rel=\"canonical\" href=\"https:\/\/www.latribunedufaso.net\/?p=8804\" \/>\n<meta property=\"og:locale\" content=\"fr_FR\" \/>\n<meta property=\"og:type\" content=\"article\" \/>\n<meta property=\"og:title\" content=\"Industrie extractive\u00a0: Les acteurs r\u00e9fl\u00e9chissent sur les difficult\u00e9s li\u00e9es \u00e0 l\u2019examen et validation des plans de r\u00e9habilitation et de fermeture\u00a0 - La Tribune du Faso\" \/>\n<meta property=\"og:description\" content=\"La Chambre des mines du Burkina (CMB) a organis\u00e9 un atelier de r\u00e9flexion sur le volet social et soci\u00e9tal de la r\u00e9habilitation et la fermeture des sites miniers. C\u2019\u00e9tait le 18 ao\u00fbt 2023 sur le site de Roxgold Sanu, une soci\u00e9t\u00e9 mini\u00e8re install\u00e9e \u00e0 Yaramoko dans la commune de Bagassi (province des Bal\u00e9 et r\u00e9gion de la Boucle du Mouhoun). Cette activit\u00e9 a connu la participation des structures techniques du minist\u00e8re de l\u2019Environnement, celui des Mines et des soci\u00e9t\u00e9s mini\u00e8res.\" \/>\n<meta property=\"og:url\" content=\"https:\/\/www.latribunedufaso.net\/?p=8804\" \/>\n<meta property=\"og:site_name\" content=\"La Tribune du Faso\" \/>\n<meta property=\"article:publisher\" content=\"https:\/\/www.facebook.com\/LatribuneduFaso\/\" \/>\n<meta property=\"article:published_time\" content=\"2023-08-22T10:55:04+00:00\" \/>\n<meta property=\"og:image\" content=\"https:\/\/www.latribunedufaso.net\/wp-content\/uploads\/2023\/08\/IMG_20230818_094536_267-scaled.jpg\" \/>\n\t<meta property=\"og:image:width\" content=\"2560\" \/>\n\t<meta property=\"og:image:height\" content=\"1920\" \/>\n\t<meta property=\"og:image:type\" content=\"image\/jpeg\" \/>\n<meta name=\"author\" content=\"Issouf Tapsoba\" \/>\n<meta name=\"twitter:label1\" content=\"\u00c9crit par\" \/>\n\t<meta name=\"twitter:data1\" content=\"Issouf Tapsoba\" \/>\n\t<meta name=\"twitter:label2\" content=\"Dur\u00e9e de lecture estim\u00e9e\" \/>\n\t<meta name=\"twitter:data2\" content=\"4 minutes\" \/>\n<script type=\"application\/ld+json\" class=\"yoast-schema-graph\">{\"@context\":\"https:\\\/\\\/schema.org\",\"@graph\":[{\"@type\":\"Article\",\"@id\":\"https:\\\/\\\/www.latribunedufaso.net\\\/?p=8804#article\",\"isPartOf\":{\"@id\":\"https:\\\/\\\/www.latribunedufaso.net\\\/?p=8804\"},\"author\":{\"name\":\"Issouf Tapsoba\",\"@id\":\"https:\\\/\\\/www.latribunedufaso.net\\\/#\\\/schema\\\/person\\\/e54e64c5778a7e72cf80a318b7a622b0\"},\"headline\":\"Industrie extractive\u00a0: Les acteurs r\u00e9fl\u00e9chissent sur les difficult\u00e9s li\u00e9es \u00e0 l\u2019examen et validation des plans de r\u00e9habilitation et de fermeture\u00a0\",\"datePublished\":\"2023-08-22T10:55:04+00:00\",\"mainEntityOfPage\":{\"@id\":\"https:\\\/\\\/www.latribunedufaso.net\\\/?p=8804\"},\"wordCount\":900,\"commentCount\":0,\"publisher\":{\"@id\":\"https:\\\/\\\/www.latribunedufaso.net\\\/#organization\"},\"image\":{\"@id\":\"https:\\\/\\\/www.latribunedufaso.net\\\/?p=8804#primaryimage\"},\"thumbnailUrl\":\"https:\\\/\\\/www.latribunedufaso.net\\\/wp-content\\\/uploads\\\/2023\\\/08\\\/IMG_20230818_094536_267-scaled.jpg\",\"articleSection\":[\"A la une\",\"Actualit\u00e9\",\"Mines et Carri\u00e8res\"],\"inLanguage\":\"fr-FR\",\"potentialAction\":[{\"@type\":\"CommentAction\",\"name\":\"Comment\",\"target\":[\"https:\\\/\\\/www.latribunedufaso.net\\\/?p=8804#respond\"]}]},{\"@type\":\"WebPage\",\"@id\":\"https:\\\/\\\/www.latribunedufaso.net\\\/?p=8804\",\"url\":\"https:\\\/\\\/www.latribunedufaso.net\\\/?p=8804\",\"name\":\"Industrie extractive\u00a0: Les acteurs r\u00e9fl\u00e9chissent sur les difficult\u00e9s li\u00e9es \u00e0 l\u2019examen et validation des plans de r\u00e9habilitation et de fermeture\u00a0 - La Tribune du Faso\",\"isPartOf\":{\"@id\":\"https:\\\/\\\/www.latribunedufaso.net\\\/#website\"},\"primaryImageOfPage\":{\"@id\":\"https:\\\/\\\/www.latribunedufaso.net\\\/?p=8804#primaryimage\"},\"image\":{\"@id\":\"https:\\\/\\\/www.latribunedufaso.net\\\/?p=8804#primaryimage\"},\"thumbnailUrl\":\"https:\\\/\\\/www.latribunedufaso.net\\\/wp-content\\\/uploads\\\/2023\\\/08\\\/IMG_20230818_094536_267-scaled.jpg\",\"datePublished\":\"2023-08-22T10:55:04+00:00\",\"breadcrumb\":{\"@id\":\"https:\\\/\\\/www.latribunedufaso.net\\\/?p=8804#breadcrumb\"},\"inLanguage\":\"fr-FR\",\"potentialAction\":[{\"@type\":\"ReadAction\",\"target\":[\"https:\\\/\\\/www.latribunedufaso.net\\\/?p=8804\"]}]},{\"@type\":\"ImageObject\",\"inLanguage\":\"fr-FR\",\"@id\":\"https:\\\/\\\/www.latribunedufaso.net\\\/?p=8804#primaryimage\",\"url\":\"https:\\\/\\\/www.latribunedufaso.net\\\/wp-content\\\/uploads\\\/2023\\\/08\\\/IMG_20230818_094536_267-scaled.jpg\",\"contentUrl\":\"https:\\\/\\\/www.latribunedufaso.net\\\/wp-content\\\/uploads\\\/2023\\\/08\\\/IMG_20230818_094536_267-scaled.jpg\",\"width\":2560,\"height\":1920},{\"@type\":\"BreadcrumbList\",\"@id\":\"https:\\\/\\\/www.latribunedufaso.net\\\/?p=8804#breadcrumb\",\"itemListElement\":[{\"@type\":\"ListItem\",\"position\":1,\"name\":\"Accueil\",\"item\":\"https:\\\/\\\/www.latribunedufaso.net\\\/\"},{\"@type\":\"ListItem\",\"position\":2,\"name\":\"Industrie extractive\u00a0: Les acteurs r\u00e9fl\u00e9chissent sur les difficult\u00e9s li\u00e9es \u00e0 l\u2019examen et validation des plans de r\u00e9habilitation et de fermeture\u00a0\"}]},{\"@type\":\"WebSite\",\"@id\":\"https:\\\/\\\/www.latribunedufaso.net\\\/#website\",\"url\":\"https:\\\/\\\/www.latribunedufaso.net\\\/\",\"name\":\"La Tribune du Faso\",\"description\":\"L&#039;information du monde rural en un clic\",\"publisher\":{\"@id\":\"https:\\\/\\\/www.latribunedufaso.net\\\/#organization\"},\"potentialAction\":[{\"@type\":\"SearchAction\",\"target\":{\"@type\":\"EntryPoint\",\"urlTemplate\":\"https:\\\/\\\/www.latribunedufaso.net\\\/?s={search_term_string}\"},\"query-input\":{\"@type\":\"PropertyValueSpecification\",\"valueRequired\":true,\"valueName\":\"search_term_string\"}}],\"inLanguage\":\"fr-FR\"},{\"@type\":\"Organization\",\"@id\":\"https:\\\/\\\/www.latribunedufaso.net\\\/#organization\",\"name\":\"La Tribune du Faso\",\"url\":\"https:\\\/\\\/www.latribunedufaso.net\\\/\",\"logo\":{\"@type\":\"ImageObject\",\"inLanguage\":\"fr-FR\",\"@id\":\"https:\\\/\\\/www.latribunedufaso.net\\\/#\\\/schema\\\/logo\\\/image\\\/\",\"url\":\"https:\\\/\\\/www.latribunedufaso.net\\\/wp-content\\\/uploads\\\/2020\\\/08\\\/Logo-Tribune-du-Faso-final-scaled.jpg\",\"contentUrl\":\"https:\\\/\\\/www.latribunedufaso.net\\\/wp-content\\\/uploads\\\/2020\\\/08\\\/Logo-Tribune-du-Faso-final-scaled.jpg\",\"width\":2560,\"height\":1856,\"caption\":\"La Tribune du Faso\"},\"image\":{\"@id\":\"https:\\\/\\\/www.latribunedufaso.net\\\/#\\\/schema\\\/logo\\\/image\\\/\"},\"sameAs\":[\"https:\\\/\\\/www.facebook.com\\\/LatribuneduFaso\\\/\"]},{\"@type\":\"Person\",\"@id\":\"https:\\\/\\\/www.latribunedufaso.net\\\/#\\\/schema\\\/person\\\/e54e64c5778a7e72cf80a318b7a622b0\",\"name\":\"Issouf Tapsoba\",\"image\":{\"@type\":\"ImageObject\",\"inLanguage\":\"fr-FR\",\"@id\":\"https:\\\/\\\/secure.gravatar.com\\\/avatar\\\/5e6c05150ce3230247d167f5b94d678eb05936197436d69b7921e3a95c9107ac?s=96&d=mm&r=g\",\"url\":\"https:\\\/\\\/secure.gravatar.com\\\/avatar\\\/5e6c05150ce3230247d167f5b94d678eb05936197436d69b7921e3a95c9107ac?s=96&d=mm&r=g\",\"contentUrl\":\"https:\\\/\\\/secure.gravatar.com\\\/avatar\\\/5e6c05150ce3230247d167f5b94d678eb05936197436d69b7921e3a95c9107ac?s=96&d=mm&r=g\",\"caption\":\"Issouf Tapsoba\"},\"url\":\"https:\\\/\\\/www.latribunedufaso.net\\\/?author=5\"}]}<\/script>\n<!-- \/ Yoast SEO plugin. -->","yoast_head_json":{"title":"Industrie extractive\u00a0: Les acteurs r\u00e9fl\u00e9chissent sur les difficult\u00e9s li\u00e9es \u00e0 l\u2019examen et validation des plans de r\u00e9habilitation et de fermeture\u00a0 - La Tribune du Faso","robots":{"index":"index","follow":"follow","max-snippet":"max-snippet:-1","max-image-preview":"max-image-preview:large","max-video-preview":"max-video-preview:-1"},"canonical":"https:\/\/www.latribunedufaso.net\/?p=8804","og_locale":"fr_FR","og_type":"article","og_title":"Industrie extractive\u00a0: Les acteurs r\u00e9fl\u00e9chissent sur les difficult\u00e9s li\u00e9es \u00e0 l\u2019examen et validation des plans de r\u00e9habilitation et de fermeture\u00a0 - La Tribune du Faso","og_description":"La Chambre des mines du Burkina (CMB) a organis\u00e9 un atelier de r\u00e9flexion sur le volet social et soci\u00e9tal de la r\u00e9habilitation et la fermeture des sites miniers. C\u2019\u00e9tait le 18 ao\u00fbt 2023 sur le site de Roxgold Sanu, une soci\u00e9t\u00e9 mini\u00e8re install\u00e9e \u00e0 Yaramoko dans la commune de Bagassi (province des Bal\u00e9 et r\u00e9gion de la Boucle du Mouhoun). Cette activit\u00e9 a connu la participation des structures techniques du minist\u00e8re de l\u2019Environnement, celui des Mines et des soci\u00e9t\u00e9s mini\u00e8res.","og_url":"https:\/\/www.latribunedufaso.net\/?p=8804","og_site_name":"La Tribune du Faso","article_publisher":"https:\/\/www.facebook.com\/LatribuneduFaso\/","article_published_time":"2023-08-22T10:55:04+00:00","og_image":[{"width":2560,"height":1920,"url":"https:\/\/www.latribunedufaso.net\/wp-content\/uploads\/2023\/08\/IMG_20230818_094536_267-scaled.jpg","type":"image\/jpeg"}],"author":"Issouf Tapsoba","twitter_misc":{"\u00c9crit par":"Issouf Tapsoba","Dur\u00e9e de lecture estim\u00e9e":"4 minutes"},"schema":{"@context":"https:\/\/schema.org","@graph":[{"@type":"Article","@id":"https:\/\/www.latribunedufaso.net\/?p=8804#article","isPartOf":{"@id":"https:\/\/www.latribunedufaso.net\/?p=8804"},"author":{"name":"Issouf Tapsoba","@id":"https:\/\/www.latribunedufaso.net\/#\/schema\/person\/e54e64c5778a7e72cf80a318b7a622b0"},"headline":"Industrie extractive\u00a0: Les acteurs r\u00e9fl\u00e9chissent sur les difficult\u00e9s li\u00e9es \u00e0 l\u2019examen et validation des plans de r\u00e9habilitation et de fermeture\u00a0","datePublished":"2023-08-22T10:55:04+00:00","mainEntityOfPage":{"@id":"https:\/\/www.latribunedufaso.net\/?p=8804"},"wordCount":900,"commentCount":0,"publisher":{"@id":"https:\/\/www.latribunedufaso.net\/#organization"},"image":{"@id":"https:\/\/www.latribunedufaso.net\/?p=8804#primaryimage"},"thumbnailUrl":"https:\/\/www.latribunedufaso.net\/wp-content\/uploads\/2023\/08\/IMG_20230818_094536_267-scaled.jpg","articleSection":["A la une","Actualit\u00e9","Mines et Carri\u00e8res"],"inLanguage":"fr-FR","potentialAction":[{"@type":"CommentAction","name":"Comment","target":["https:\/\/www.latribunedufaso.net\/?p=8804#respond"]}]},{"@type":"WebPage","@id":"https:\/\/www.latribunedufaso.net\/?p=8804","url":"https:\/\/www.latribunedufaso.net\/?p=8804","name":"Industrie extractive\u00a0: Les acteurs r\u00e9fl\u00e9chissent sur les difficult\u00e9s li\u00e9es \u00e0 l\u2019examen et validation des plans de r\u00e9habilitation et de fermeture\u00a0 - La Tribune du Faso","isPartOf":{"@id":"https:\/\/www.latribunedufaso.net\/#website"},"primaryImageOfPage":{"@id":"https:\/\/www.latribunedufaso.net\/?p=8804#primaryimage"},"image":{"@id":"https:\/\/www.latribunedufaso.net\/?p=8804#primaryimage"},"thumbnailUrl":"https:\/\/www.latribunedufaso.net\/wp-content\/uploads\/2023\/08\/IMG_20230818_094536_267-scaled.jpg","datePublished":"2023-08-22T10:55:04+00:00","breadcrumb":{"@id":"https:\/\/www.latribunedufaso.net\/?p=8804#breadcrumb"},"inLanguage":"fr-FR","potentialAction":[{"@type":"ReadAction","target":["https:\/\/www.latribunedufaso.net\/?p=8804"]}]},{"@type":"ImageObject","inLanguage":"fr-FR","@id":"https:\/\/www.latribunedufaso.net\/?p=8804#primaryimage","url":"https:\/\/www.latribunedufaso.net\/wp-content\/uploads\/2023\/08\/IMG_20230818_094536_267-scaled.jpg","contentUrl":"https:\/\/www.latribunedufaso.net\/wp-content\/uploads\/2023\/08\/IMG_20230818_094536_267-scaled.jpg","width":2560,"height":1920},{"@type":"BreadcrumbList","@id":"https:\/\/www.latribunedufaso.net\/?p=8804#breadcrumb","itemListElement":[{"@type":"ListItem","position":1,"name":"Accueil","item":"https:\/\/www.latribunedufaso.net\/"},{"@type":"ListItem","position":2,"name":"Industrie extractive\u00a0: Les acteurs r\u00e9fl\u00e9chissent sur les difficult\u00e9s li\u00e9es \u00e0 l\u2019examen et validation des plans de r\u00e9habilitation et de fermeture\u00a0"}]},{"@type":"WebSite","@id":"https:\/\/www.latribunedufaso.net\/#website","url":"https:\/\/www.latribunedufaso.net\/","name":"La Tribune du Faso","description":"L&#039;information du monde rural en un clic","publisher":{"@id":"https:\/\/www.latribunedufaso.net\/#organization"},"potentialAction":[{"@type":"SearchAction","target":{"@type":"EntryPoint","urlTemplate":"https:\/\/www.latribunedufaso.net\/?s={search_term_string}"},"query-input":{"@type":"PropertyValueSpecification","valueRequired":true,"valueName":"search_term_string"}}],"inLanguage":"fr-FR"},{"@type":"Organization","@id":"https:\/\/www.latribunedufaso.net\/#organization","name":"La Tribune du Faso","url":"https:\/\/www.latribunedufaso.net\/","logo":{"@type":"ImageObject","inLanguage":"fr-FR","@id":"https:\/\/www.latribunedufaso.net\/#\/schema\/logo\/image\/","url":"https:\/\/www.latribunedufaso.net\/wp-content\/uploads\/2020\/08\/Logo-Tribune-du-Faso-final-scaled.jpg","contentUrl":"https:\/\/www.latribunedufaso.net\/wp-content\/uploads\/2020\/08\/Logo-Tribune-du-Faso-final-scaled.jpg","width":2560,"height":1856,"caption":"La Tribune du Faso"},"image":{"@id":"https:\/\/www.latribunedufaso.net\/#\/schema\/logo\/image\/"},"sameAs":["https:\/\/www.facebook.com\/LatribuneduFaso\/"]},{"@type":"Person","@id":"https:\/\/www.latribunedufaso.net\/#\/schema\/person\/e54e64c5778a7e72cf80a318b7a622b0","name":"Issouf Tapsoba","image":{"@type":"ImageObject","inLanguage":"fr-FR","@id":"https:\/\/secure.gravatar.com\/avatar\/5e6c05150ce3230247d167f5b94d678eb05936197436d69b7921e3a95c9107ac?s=96&d=mm&r=g","url":"https:\/\/secure.gravatar.com\/avatar\/5e6c05150ce3230247d167f5b94d678eb05936197436d69b7921e3a95c9107ac?s=96&d=mm&r=g","contentUrl":"https:\/\/secure.gravatar.com\/avatar\/5e6c05150ce3230247d167f5b94d678eb05936197436d69b7921e3a95c9107ac?s=96&d=mm&r=g","caption":"Issouf Tapsoba"},"url":"https:\/\/www.latribunedufaso.net\/?author=5"}]}},"_links":{"self":[{"href":"https:\/\/www.latribunedufaso.net\/index.php?rest_route=\/wp\/v2\/posts\/8804","targetHints":{"allow":["GET"]}}],"collection":[{"href":"https:\/\/www.latribunedufaso.net\/index.php?rest_route=\/wp\/v2\/posts"}],"about":[{"href":"https:\/\/www.latribunedufaso.net\/index.php?rest_route=\/wp\/v2\/types\/post"}],"author":[{"embeddable":true,"href":"https:\/\/www.latribunedufaso.net\/index.php?rest_route=\/wp\/v2\/users\/5"}],"replies":[{"embeddable":true,"href":"https:\/\/www.latribunedufaso.net\/index.php?rest_route=%2Fwp%2Fv2%2Fcomments&post=8804"}],"version-history":[{"count":2,"href":"https:\/\/www.latribunedufaso.net\/index.php?rest_route=\/wp\/v2\/posts\/8804\/revisions"}],"predecessor-version":[{"id":8810,"href":"https:\/\/www.latribunedufaso.net\/index.php?rest_route=\/wp\/v2\/posts\/8804\/revisions\/8810"}],"wp:featuredmedia":[{"embeddable":true,"href":"https:\/\/www.latribunedufaso.net\/index.php?rest_route=\/wp\/v2\/media\/8805"}],"wp:attachment":[{"href":"https:\/\/www.latribunedufaso.net\/index.php?rest_route=%2Fwp%2Fv2%2Fmedia&parent=8804"}],"wp:term":[{"taxonomy":"category","embeddable":true,"href":"https:\/\/www.latribunedufaso.net\/index.php?rest_route=%2Fwp%2Fv2%2Fcategories&post=8804"},{"taxonomy":"post_tag","embeddable":true,"href":"https:\/\/www.latribunedufaso.net\/index.php?rest_route=%2Fwp%2Fv2%2Ftags&post=8804"}],"curies":[{"name":"wp","href":"https:\/\/api.w.org\/{rel}","templated":true}]}}