{"id":8762,"date":"2023-08-19T22:53:47","date_gmt":"2023-08-19T22:53:47","guid":{"rendered":"https:\/\/www.latribunedufaso.net\/?p=8762"},"modified":"2023-08-19T22:56:16","modified_gmt":"2023-08-19T22:56:16","slug":"enseignement-superieur-ouverture-de-la-premiere-universite-virtuelle-du-burkina","status":"publish","type":"post","link":"https:\/\/www.latribunedufaso.net\/?p=8762","title":{"rendered":"Enseignement sup\u00e9rieur : Ouverture du premier Espace num\u00e9rique ouvert de l&rsquo;Universit\u00e9 virtuelle du Burkina"},"content":{"rendered":"<p><strong><span style=\"font-size: 1.0625rem;\">Sous le patronage du premier ministre Mr Apollinaire kyelem a eu lieu l\u2019inauguration de l\u2019espace num\u00e9rique ouvert de Karpala de l\u2019universit\u00e9 virtuelle du Burkina Faso ce vendredi 18 ao\u00fbt 2023 \u00e0 Ouagadougou.\u00a0<\/span><\/strong><br \/><!--more--><\/p>\n<p><span style=\"font-size: 1.0625rem;\">Le syst\u00e8me \u00e9ducatif burkinab\u00e8 en son ordre sup\u00e9rieur connait des crises structurelles qui sont li\u00e9es \u00e0 la forte croissance annuelle (11%) des inscriptions dans les universit\u00e9s publiques, \u00e0 la faible ad\u00e9quation entre les offres de formation et les besoins actuels du march\u00e9 de l\u2019emploi et au faible ratio enseignants\/\u00e9tudiants dans les universit\u00e9s publiques qui est de 1 professeur pour 110 \u00e9tudiants contre 1 professeur pour 25 \u00e9tudiants selon la norme UNESCO. Ce<\/span><span style=\"font-size: 1.0625rem;\">tte situation n\u2019est pas sans cons\u00e9quences. En effet, cela entra\u00eene la d\u00e9gradation de la qualit\u00e9 de la formation et de l\u2019apprentissage. Aussi, le taux de d\u00e9perdition est \u00e9lev\u00e9 dans le premier cycle de licence.<\/span><\/p>\n<p><a href=\"https:\/\/www.latribunedufaso.net\/wp-content\/uploads\/2023\/08\/FB_IMG_1692485366962.jpg\"><img loading=\"lazy\" decoding=\"async\" class=\"size-medium wp-image-8764 alignleft\" src=\"https:\/\/www.latribunedufaso.net\/wp-content\/uploads\/2023\/08\/FB_IMG_1692485366962-300x143.jpg\" alt=\"\" width=\"300\" height=\"143\" srcset=\"https:\/\/www.latribunedufaso.net\/wp-content\/uploads\/2023\/08\/FB_IMG_1692485366962-300x143.jpg 300w, https:\/\/www.latribunedufaso.net\/wp-content\/uploads\/2023\/08\/FB_IMG_1692485366962.jpg 720w\" sizes=\"auto, (max-width: 300px) 100vw, 300px\" \/><\/a>L\u2019inauguration de cet Espace num\u00e9rique ouvert vient soutenir la nouvelle vision du d\u00e9partement de l\u2019\u00e9ducation qui est de mettre l\u2019Universit\u00e9 virtuelle au c\u0153ur de l\u2019\u00e9cosyst\u00e8me de l\u2019enseignement sup\u00e9rieur.\u00a0<\/p>\n<p>Cr\u00e9e en 2019, cette universit\u00e9 a accueilli ses premiers \u00e9tudiants en mai 2020. Avec 2 000 \u00e9tudiants au d\u00e9part, elle compte accueillir environ 10 000 nouveaux bacheliers a la rentr\u00e9e prochaine avec 03 fili\u00e8res en plus. Ces \u00e9tudiants b\u00e9n\u00e9ficieront de 85% de r\u00e9duction sur leurs achats d\u2019ordinateur portable. Ils auront \u00e9galement droit \u00e0 une connexion gratuite. Ce projet a un co\u00fbt total de 80 milliards sur le budget de l\u2019\u00c9tat. 15 autres universit\u00e9s de ce rang sont en cours dans les diff\u00e9rents chefs lieux du pays.<\/p>\n<p><a href=\"https:\/\/www.latribunedufaso.net\/wp-content\/uploads\/2023\/08\/FB_IMG_1692485406603.jpg\"><img loading=\"lazy\" decoding=\"async\" class=\"size-medium wp-image-8765 alignleft\" src=\"https:\/\/www.latribunedufaso.net\/wp-content\/uploads\/2023\/08\/FB_IMG_1692485406603-300x168.jpg\" alt=\"\" width=\"300\" height=\"168\" srcset=\"https:\/\/www.latribunedufaso.net\/wp-content\/uploads\/2023\/08\/FB_IMG_1692485406603-300x168.jpg 300w, https:\/\/www.latribunedufaso.net\/wp-content\/uploads\/2023\/08\/FB_IMG_1692485406603.jpg 720w\" sizes=\"auto, (max-width: 300px) 100vw, 300px\" \/><\/a>En plus de sa vocation de promouvoir les TIC dans l\u2019enseignement sup\u00e9rieur, L\u2019inauguration de cet espace num\u00e9rique ouvert a \u00e9galement une mission technique qui est de mettre en place des plateformes s\u00e9curis\u00e9es pour h\u00e9berger les ressources p\u00e9dagogiques num\u00e9riques, d\u00e9ployer des services \u00e0 haute valeur ajout\u00e9e \u00e0 travers des classes virtuelles, une biblioth\u00e8que num\u00e9rique, des outils de visioconf\u00e9rence accessibles \u00e0 toute la communaut\u00e9 universitaire ainsi qu\u2019\u00e0 toutes les autres couches socio-professionnelles. De m\u00eame, elle va renforcer les capacit\u00e9s de tous les acteurs aux nouvelles approches p\u00e9dagogiques.<\/p>\n<p><a href=\"https:\/\/www.latribunedufaso.net\/wp-content\/uploads\/2023\/08\/FB_IMG_1692485384608.jpg\"><img loading=\"lazy\" decoding=\"async\" class=\"size-medium wp-image-8767 alignleft\" src=\"https:\/\/www.latribunedufaso.net\/wp-content\/uploads\/2023\/08\/FB_IMG_1692485384608-300x208.jpg\" alt=\"\" width=\"300\" height=\"208\" srcset=\"https:\/\/www.latribunedufaso.net\/wp-content\/uploads\/2023\/08\/FB_IMG_1692485384608-300x208.jpg 300w, https:\/\/www.latribunedufaso.net\/wp-content\/uploads\/2023\/08\/FB_IMG_1692485384608.jpg 720w\" sizes=\"auto, (max-width: 300px) 100vw, 300px\" \/><\/a>C\u2019est une r\u00e9ponse aux nombreux probl\u00e8mes que vivent les universit\u00e9s classiques. C\u2019est une alternative cr\u00e9dible, moderne et durable pour un acc\u00e8s \u00ab \u00e9quitable \u00bb \u00e0 un enseignement sup\u00e9rieur de qualit\u00e9, selon le ministre de l\u2019Enseignement sup\u00e9rieur, Adjima Thiombiano.\u00a0<\/p>\n<p><strong><a href=\"https:\/\/www.latribunedufaso.net\/wp-content\/uploads\/2023\/08\/FB_IMG_1692485392368.jpg\"><img loading=\"lazy\" decoding=\"async\" class=\"size-medium wp-image-8766 alignleft\" src=\"https:\/\/www.latribunedufaso.net\/wp-content\/uploads\/2023\/08\/FB_IMG_1692485392368-300x168.jpg\" alt=\"\" width=\"300\" height=\"168\" srcset=\"https:\/\/www.latribunedufaso.net\/wp-content\/uploads\/2023\/08\/FB_IMG_1692485392368-300x168.jpg 300w, https:\/\/www.latribunedufaso.net\/wp-content\/uploads\/2023\/08\/FB_IMG_1692485392368.jpg 719w\" sizes=\"auto, (max-width: 300px) 100vw, 300px\" \/><\/a>Issouf Tapsoba et Nabintou Ouattara (stagiaire)<\/strong><\/p>\n<p><strong>Latribunedufaso.net<\/strong><\/p>\n","protected":false},"excerpt":{"rendered":"<p>Sous le patronage du premier ministre Mr Apollinaire kyelem a eu lieu l\u2019inauguration de l\u2019espace num\u00e9rique ouvert de Karpala de l\u2019universit\u00e9 virtuelle du Burkina Faso ce vendredi 18 ao\u00fbt 2023 \u00e0 Ouagadougou.\u00a0<\/p>\n","protected":false},"author":5,"featured_media":8763,"comment_status":"open","ping_status":"open","sticky":false,"template":"","format":"standard","meta":{"footnotes":""},"categories":[13,1,31],"tags":[],"class_list":["post-8762","post","type-post","status-publish","format-standard","has-post-thumbnail","hentry","category-une","category-actu","category-education"],"yoast_head":"<!-- This site is optimized with the Yoast SEO plugin v27.5 - https:\/\/yoast.com\/product\/yoast-seo-wordpress\/ -->\n<title>Enseignement sup\u00e9rieur : Ouverture du premier Espace num\u00e9rique ouvert de l&#039;Universit\u00e9 virtuelle du Burkina - La Tribune du Faso<\/title>\n<meta name=\"robots\" content=\"index, follow, max-snippet:-1, max-image-preview:large, max-video-preview:-1\" \/>\n<link rel=\"canonical\" href=\"https:\/\/www.latribunedufaso.net\/?p=8762\" \/>\n<meta property=\"og:locale\" content=\"fr_FR\" \/>\n<meta property=\"og:type\" content=\"article\" \/>\n<meta property=\"og:title\" content=\"Enseignement sup\u00e9rieur : Ouverture du premier Espace num\u00e9rique ouvert de l&#039;Universit\u00e9 virtuelle du Burkina - La Tribune du Faso\" \/>\n<meta property=\"og:description\" content=\"Sous le patronage du premier ministre Mr Apollinaire kyelem a eu lieu l\u2019inauguration de l\u2019espace num\u00e9rique ouvert de Karpala de l\u2019universit\u00e9 virtuelle du Burkina Faso ce vendredi 18 ao\u00fbt 2023 \u00e0 Ouagadougou.\u00a0\" \/>\n<meta property=\"og:url\" content=\"https:\/\/www.latribunedufaso.net\/?p=8762\" \/>\n<meta property=\"og:site_name\" content=\"La Tribune du Faso\" \/>\n<meta property=\"article:publisher\" content=\"https:\/\/www.facebook.com\/LatribuneduFaso\/\" \/>\n<meta property=\"article:published_time\" content=\"2023-08-19T22:53:47+00:00\" \/>\n<meta property=\"article:modified_time\" content=\"2023-08-19T22:56:16+00:00\" \/>\n<meta property=\"og:image\" content=\"https:\/\/www.latribunedufaso.net\/wp-content\/uploads\/2023\/08\/FB_IMG_1692485361301.jpg\" \/>\n\t<meta property=\"og:image:width\" content=\"720\" \/>\n\t<meta property=\"og:image:height\" content=\"405\" \/>\n\t<meta property=\"og:image:type\" content=\"image\/jpeg\" \/>\n<meta name=\"author\" content=\"Issouf Tapsoba\" \/>\n<meta name=\"twitter:label1\" content=\"\u00c9crit par\" \/>\n\t<meta name=\"twitter:data1\" content=\"Issouf Tapsoba\" \/>\n\t<meta name=\"twitter:label2\" content=\"Dur\u00e9e de lecture estim\u00e9e\" \/>\n\t<meta name=\"twitter:data2\" content=\"2 minutes\" \/>\n<script type=\"application\/ld+json\" class=\"yoast-schema-graph\">{\"@context\":\"https:\\\/\\\/schema.org\",\"@graph\":[{\"@type\":\"Article\",\"@id\":\"https:\\\/\\\/www.latribunedufaso.net\\\/?p=8762#article\",\"isPartOf\":{\"@id\":\"https:\\\/\\\/www.latribunedufaso.net\\\/?p=8762\"},\"author\":{\"name\":\"Issouf Tapsoba\",\"@id\":\"https:\\\/\\\/www.latribunedufaso.net\\\/#\\\/schema\\\/person\\\/e54e64c5778a7e72cf80a318b7a622b0\"},\"headline\":\"Enseignement sup\u00e9rieur : Ouverture du premier Espace num\u00e9rique ouvert de l&rsquo;Universit\u00e9 virtuelle du Burkina\",\"datePublished\":\"2023-08-19T22:53:47+00:00\",\"dateModified\":\"2023-08-19T22:56:16+00:00\",\"mainEntityOfPage\":{\"@id\":\"https:\\\/\\\/www.latribunedufaso.net\\\/?p=8762\"},\"wordCount\":440,\"commentCount\":0,\"publisher\":{\"@id\":\"https:\\\/\\\/www.latribunedufaso.net\\\/#organization\"},\"image\":{\"@id\":\"https:\\\/\\\/www.latribunedufaso.net\\\/?p=8762#primaryimage\"},\"thumbnailUrl\":\"https:\\\/\\\/www.latribunedufaso.net\\\/wp-content\\\/uploads\\\/2023\\\/08\\\/FB_IMG_1692485361301.jpg\",\"articleSection\":[\"A la une\",\"Actualit\u00e9\",\"\u00c9ducation\"],\"inLanguage\":\"fr-FR\",\"potentialAction\":[{\"@type\":\"CommentAction\",\"name\":\"Comment\",\"target\":[\"https:\\\/\\\/www.latribunedufaso.net\\\/?p=8762#respond\"]}]},{\"@type\":\"WebPage\",\"@id\":\"https:\\\/\\\/www.latribunedufaso.net\\\/?p=8762\",\"url\":\"https:\\\/\\\/www.latribunedufaso.net\\\/?p=8762\",\"name\":\"Enseignement sup\u00e9rieur : Ouverture du premier Espace num\u00e9rique ouvert de l'Universit\u00e9 virtuelle du Burkina - La Tribune du Faso\",\"isPartOf\":{\"@id\":\"https:\\\/\\\/www.latribunedufaso.net\\\/#website\"},\"primaryImageOfPage\":{\"@id\":\"https:\\\/\\\/www.latribunedufaso.net\\\/?p=8762#primaryimage\"},\"image\":{\"@id\":\"https:\\\/\\\/www.latribunedufaso.net\\\/?p=8762#primaryimage\"},\"thumbnailUrl\":\"https:\\\/\\\/www.latribunedufaso.net\\\/wp-content\\\/uploads\\\/2023\\\/08\\\/FB_IMG_1692485361301.jpg\",\"datePublished\":\"2023-08-19T22:53:47+00:00\",\"dateModified\":\"2023-08-19T22:56:16+00:00\",\"breadcrumb\":{\"@id\":\"https:\\\/\\\/www.latribunedufaso.net\\\/?p=8762#breadcrumb\"},\"inLanguage\":\"fr-FR\",\"potentialAction\":[{\"@type\":\"ReadAction\",\"target\":[\"https:\\\/\\\/www.latribunedufaso.net\\\/?p=8762\"]}]},{\"@type\":\"ImageObject\",\"inLanguage\":\"fr-FR\",\"@id\":\"https:\\\/\\\/www.latribunedufaso.net\\\/?p=8762#primaryimage\",\"url\":\"https:\\\/\\\/www.latribunedufaso.net\\\/wp-content\\\/uploads\\\/2023\\\/08\\\/FB_IMG_1692485361301.jpg\",\"contentUrl\":\"https:\\\/\\\/www.latribunedufaso.net\\\/wp-content\\\/uploads\\\/2023\\\/08\\\/FB_IMG_1692485361301.jpg\",\"width\":720,\"height\":405},{\"@type\":\"BreadcrumbList\",\"@id\":\"https:\\\/\\\/www.latribunedufaso.net\\\/?p=8762#breadcrumb\",\"itemListElement\":[{\"@type\":\"ListItem\",\"position\":1,\"name\":\"Accueil\",\"item\":\"https:\\\/\\\/www.latribunedufaso.net\\\/\"},{\"@type\":\"ListItem\",\"position\":2,\"name\":\"Enseignement sup\u00e9rieur : Ouverture du premier Espace num\u00e9rique ouvert de l&rsquo;Universit\u00e9 virtuelle du Burkina\"}]},{\"@type\":\"WebSite\",\"@id\":\"https:\\\/\\\/www.latribunedufaso.net\\\/#website\",\"url\":\"https:\\\/\\\/www.latribunedufaso.net\\\/\",\"name\":\"La Tribune du Faso\",\"description\":\"L&#039;information du monde rural en un clic\",\"publisher\":{\"@id\":\"https:\\\/\\\/www.latribunedufaso.net\\\/#organization\"},\"potentialAction\":[{\"@type\":\"SearchAction\",\"target\":{\"@type\":\"EntryPoint\",\"urlTemplate\":\"https:\\\/\\\/www.latribunedufaso.net\\\/?s={search_term_string}\"},\"query-input\":{\"@type\":\"PropertyValueSpecification\",\"valueRequired\":true,\"valueName\":\"search_term_string\"}}],\"inLanguage\":\"fr-FR\"},{\"@type\":\"Organization\",\"@id\":\"https:\\\/\\\/www.latribunedufaso.net\\\/#organization\",\"name\":\"La Tribune du Faso\",\"url\":\"https:\\\/\\\/www.latribunedufaso.net\\\/\",\"logo\":{\"@type\":\"ImageObject\",\"inLanguage\":\"fr-FR\",\"@id\":\"https:\\\/\\\/www.latribunedufaso.net\\\/#\\\/schema\\\/logo\\\/image\\\/\",\"url\":\"https:\\\/\\\/www.latribunedufaso.net\\\/wp-content\\\/uploads\\\/2020\\\/08\\\/Logo-Tribune-du-Faso-final-scaled.jpg\",\"contentUrl\":\"https:\\\/\\\/www.latribunedufaso.net\\\/wp-content\\\/uploads\\\/2020\\\/08\\\/Logo-Tribune-du-Faso-final-scaled.jpg\",\"width\":2560,\"height\":1856,\"caption\":\"La Tribune du Faso\"},\"image\":{\"@id\":\"https:\\\/\\\/www.latribunedufaso.net\\\/#\\\/schema\\\/logo\\\/image\\\/\"},\"sameAs\":[\"https:\\\/\\\/www.facebook.com\\\/LatribuneduFaso\\\/\"]},{\"@type\":\"Person\",\"@id\":\"https:\\\/\\\/www.latribunedufaso.net\\\/#\\\/schema\\\/person\\\/e54e64c5778a7e72cf80a318b7a622b0\",\"name\":\"Issouf Tapsoba\",\"image\":{\"@type\":\"ImageObject\",\"inLanguage\":\"fr-FR\",\"@id\":\"https:\\\/\\\/secure.gravatar.com\\\/avatar\\\/5e6c05150ce3230247d167f5b94d678eb05936197436d69b7921e3a95c9107ac?s=96&d=mm&r=g\",\"url\":\"https:\\\/\\\/secure.gravatar.com\\\/avatar\\\/5e6c05150ce3230247d167f5b94d678eb05936197436d69b7921e3a95c9107ac?s=96&d=mm&r=g\",\"contentUrl\":\"https:\\\/\\\/secure.gravatar.com\\\/avatar\\\/5e6c05150ce3230247d167f5b94d678eb05936197436d69b7921e3a95c9107ac?s=96&d=mm&r=g\",\"caption\":\"Issouf Tapsoba\"},\"url\":\"https:\\\/\\\/www.latribunedufaso.net\\\/?author=5\"}]}<\/script>\n<!-- \/ Yoast SEO plugin. -->","yoast_head_json":{"title":"Enseignement sup\u00e9rieur : Ouverture du premier Espace num\u00e9rique ouvert de l'Universit\u00e9 virtuelle du Burkina - La Tribune du Faso","robots":{"index":"index","follow":"follow","max-snippet":"max-snippet:-1","max-image-preview":"max-image-preview:large","max-video-preview":"max-video-preview:-1"},"canonical":"https:\/\/www.latribunedufaso.net\/?p=8762","og_locale":"fr_FR","og_type":"article","og_title":"Enseignement sup\u00e9rieur : Ouverture du premier Espace num\u00e9rique ouvert de l'Universit\u00e9 virtuelle du Burkina - La Tribune du Faso","og_description":"Sous le patronage du premier ministre Mr Apollinaire kyelem a eu lieu l\u2019inauguration de l\u2019espace num\u00e9rique ouvert de Karpala de l\u2019universit\u00e9 virtuelle du Burkina Faso ce vendredi 18 ao\u00fbt 2023 \u00e0 Ouagadougou.\u00a0","og_url":"https:\/\/www.latribunedufaso.net\/?p=8762","og_site_name":"La Tribune du Faso","article_publisher":"https:\/\/www.facebook.com\/LatribuneduFaso\/","article_published_time":"2023-08-19T22:53:47+00:00","article_modified_time":"2023-08-19T22:56:16+00:00","og_image":[{"width":720,"height":405,"url":"https:\/\/www.latribunedufaso.net\/wp-content\/uploads\/2023\/08\/FB_IMG_1692485361301.jpg","type":"image\/jpeg"}],"author":"Issouf Tapsoba","twitter_misc":{"\u00c9crit par":"Issouf Tapsoba","Dur\u00e9e de lecture estim\u00e9e":"2 minutes"},"schema":{"@context":"https:\/\/schema.org","@graph":[{"@type":"Article","@id":"https:\/\/www.latribunedufaso.net\/?p=8762#article","isPartOf":{"@id":"https:\/\/www.latribunedufaso.net\/?p=8762"},"author":{"name":"Issouf Tapsoba","@id":"https:\/\/www.latribunedufaso.net\/#\/schema\/person\/e54e64c5778a7e72cf80a318b7a622b0"},"headline":"Enseignement sup\u00e9rieur : Ouverture du premier Espace num\u00e9rique ouvert de l&rsquo;Universit\u00e9 virtuelle du Burkina","datePublished":"2023-08-19T22:53:47+00:00","dateModified":"2023-08-19T22:56:16+00:00","mainEntityOfPage":{"@id":"https:\/\/www.latribunedufaso.net\/?p=8762"},"wordCount":440,"commentCount":0,"publisher":{"@id":"https:\/\/www.latribunedufaso.net\/#organization"},"image":{"@id":"https:\/\/www.latribunedufaso.net\/?p=8762#primaryimage"},"thumbnailUrl":"https:\/\/www.latribunedufaso.net\/wp-content\/uploads\/2023\/08\/FB_IMG_1692485361301.jpg","articleSection":["A la une","Actualit\u00e9","\u00c9ducation"],"inLanguage":"fr-FR","potentialAction":[{"@type":"CommentAction","name":"Comment","target":["https:\/\/www.latribunedufaso.net\/?p=8762#respond"]}]},{"@type":"WebPage","@id":"https:\/\/www.latribunedufaso.net\/?p=8762","url":"https:\/\/www.latribunedufaso.net\/?p=8762","name":"Enseignement sup\u00e9rieur : Ouverture du premier Espace num\u00e9rique ouvert de l'Universit\u00e9 virtuelle du Burkina - La Tribune du Faso","isPartOf":{"@id":"https:\/\/www.latribunedufaso.net\/#website"},"primaryImageOfPage":{"@id":"https:\/\/www.latribunedufaso.net\/?p=8762#primaryimage"},"image":{"@id":"https:\/\/www.latribunedufaso.net\/?p=8762#primaryimage"},"thumbnailUrl":"https:\/\/www.latribunedufaso.net\/wp-content\/uploads\/2023\/08\/FB_IMG_1692485361301.jpg","datePublished":"2023-08-19T22:53:47+00:00","dateModified":"2023-08-19T22:56:16+00:00","breadcrumb":{"@id":"https:\/\/www.latribunedufaso.net\/?p=8762#breadcrumb"},"inLanguage":"fr-FR","potentialAction":[{"@type":"ReadAction","target":["https:\/\/www.latribunedufaso.net\/?p=8762"]}]},{"@type":"ImageObject","inLanguage":"fr-FR","@id":"https:\/\/www.latribunedufaso.net\/?p=8762#primaryimage","url":"https:\/\/www.latribunedufaso.net\/wp-content\/uploads\/2023\/08\/FB_IMG_1692485361301.jpg","contentUrl":"https:\/\/www.latribunedufaso.net\/wp-content\/uploads\/2023\/08\/FB_IMG_1692485361301.jpg","width":720,"height":405},{"@type":"BreadcrumbList","@id":"https:\/\/www.latribunedufaso.net\/?p=8762#breadcrumb","itemListElement":[{"@type":"ListItem","position":1,"name":"Accueil","item":"https:\/\/www.latribunedufaso.net\/"},{"@type":"ListItem","position":2,"name":"Enseignement sup\u00e9rieur : Ouverture du premier Espace num\u00e9rique ouvert de l&rsquo;Universit\u00e9 virtuelle du Burkina"}]},{"@type":"WebSite","@id":"https:\/\/www.latribunedufaso.net\/#website","url":"https:\/\/www.latribunedufaso.net\/","name":"La Tribune du Faso","description":"L&#039;information du monde rural en un clic","publisher":{"@id":"https:\/\/www.latribunedufaso.net\/#organization"},"potentialAction":[{"@type":"SearchAction","target":{"@type":"EntryPoint","urlTemplate":"https:\/\/www.latribunedufaso.net\/?s={search_term_string}"},"query-input":{"@type":"PropertyValueSpecification","valueRequired":true,"valueName":"search_term_string"}}],"inLanguage":"fr-FR"},{"@type":"Organization","@id":"https:\/\/www.latribunedufaso.net\/#organization","name":"La Tribune du Faso","url":"https:\/\/www.latribunedufaso.net\/","logo":{"@type":"ImageObject","inLanguage":"fr-FR","@id":"https:\/\/www.latribunedufaso.net\/#\/schema\/logo\/image\/","url":"https:\/\/www.latribunedufaso.net\/wp-content\/uploads\/2020\/08\/Logo-Tribune-du-Faso-final-scaled.jpg","contentUrl":"https:\/\/www.latribunedufaso.net\/wp-content\/uploads\/2020\/08\/Logo-Tribune-du-Faso-final-scaled.jpg","width":2560,"height":1856,"caption":"La Tribune du Faso"},"image":{"@id":"https:\/\/www.latribunedufaso.net\/#\/schema\/logo\/image\/"},"sameAs":["https:\/\/www.facebook.com\/LatribuneduFaso\/"]},{"@type":"Person","@id":"https:\/\/www.latribunedufaso.net\/#\/schema\/person\/e54e64c5778a7e72cf80a318b7a622b0","name":"Issouf Tapsoba","image":{"@type":"ImageObject","inLanguage":"fr-FR","@id":"https:\/\/secure.gravatar.com\/avatar\/5e6c05150ce3230247d167f5b94d678eb05936197436d69b7921e3a95c9107ac?s=96&d=mm&r=g","url":"https:\/\/secure.gravatar.com\/avatar\/5e6c05150ce3230247d167f5b94d678eb05936197436d69b7921e3a95c9107ac?s=96&d=mm&r=g","contentUrl":"https:\/\/secure.gravatar.com\/avatar\/5e6c05150ce3230247d167f5b94d678eb05936197436d69b7921e3a95c9107ac?s=96&d=mm&r=g","caption":"Issouf Tapsoba"},"url":"https:\/\/www.latribunedufaso.net\/?author=5"}]}},"_links":{"self":[{"href":"https:\/\/www.latribunedufaso.net\/index.php?rest_route=\/wp\/v2\/posts\/8762","targetHints":{"allow":["GET"]}}],"collection":[{"href":"https:\/\/www.latribunedufaso.net\/index.php?rest_route=\/wp\/v2\/posts"}],"about":[{"href":"https:\/\/www.latribunedufaso.net\/index.php?rest_route=\/wp\/v2\/types\/post"}],"author":[{"embeddable":true,"href":"https:\/\/www.latribunedufaso.net\/index.php?rest_route=\/wp\/v2\/users\/5"}],"replies":[{"embeddable":true,"href":"https:\/\/www.latribunedufaso.net\/index.php?rest_route=%2Fwp%2Fv2%2Fcomments&post=8762"}],"version-history":[{"count":3,"href":"https:\/\/www.latribunedufaso.net\/index.php?rest_route=\/wp\/v2\/posts\/8762\/revisions"}],"predecessor-version":[{"id":8770,"href":"https:\/\/www.latribunedufaso.net\/index.php?rest_route=\/wp\/v2\/posts\/8762\/revisions\/8770"}],"wp:featuredmedia":[{"embeddable":true,"href":"https:\/\/www.latribunedufaso.net\/index.php?rest_route=\/wp\/v2\/media\/8763"}],"wp:attachment":[{"href":"https:\/\/www.latribunedufaso.net\/index.php?rest_route=%2Fwp%2Fv2%2Fmedia&parent=8762"}],"wp:term":[{"taxonomy":"category","embeddable":true,"href":"https:\/\/www.latribunedufaso.net\/index.php?rest_route=%2Fwp%2Fv2%2Fcategories&post=8762"},{"taxonomy":"post_tag","embeddable":true,"href":"https:\/\/www.latribunedufaso.net\/index.php?rest_route=%2Fwp%2Fv2%2Ftags&post=8762"}],"curies":[{"name":"wp","href":"https:\/\/api.w.org\/{rel}","templated":true}]}}