{"id":8715,"date":"2023-08-15T00:05:32","date_gmt":"2023-08-15T00:05:32","guid":{"rendered":"https:\/\/www.latribunedufaso.net\/?p=8715"},"modified":"2023-08-17T00:30:37","modified_gmt":"2023-08-17T00:30:37","slug":"burkina-assomption-2023-les-fideles-catholiques-invites-a-la-solidarite-agissante-a-lendroit-des-pdi","status":"publish","type":"post","link":"https:\/\/www.latribunedufaso.net\/?p=8715","title":{"rendered":"Assomption 2023 : Les fid\u00e8les catholiques invit\u00e9s \u00e0 la solidarit\u00e9 agissante \u00e0 l&rsquo;endroit des PDI"},"content":{"rendered":"<p><strong><span style=\"font-size: 1.0625rem;\">Ce mardi 15 Ao\u00fbt 2023 au sanctuaire \u00ab notre dame de Yagma \u00bb \u00e0 Ouagadougou, les fid\u00e8les catholiques ont pri\u00e9 pour la paix au Burkina Faso et dans le monde.\u00a0<\/span><\/strong><br \/><!--more--><\/p>\n<p><a href=\"https:\/\/www.latribunedufaso.net\/wp-content\/uploads\/2023\/08\/IMG-20230815-WA0041.jpg\"><img loading=\"lazy\" decoding=\"async\" class=\"size-medium wp-image-8717 alignleft\" src=\"https:\/\/www.latribunedufaso.net\/wp-content\/uploads\/2023\/08\/IMG-20230815-WA0041-300x225.jpg\" alt=\"\" width=\"300\" height=\"225\" srcset=\"https:\/\/www.latribunedufaso.net\/wp-content\/uploads\/2023\/08\/IMG-20230815-WA0041-300x225.jpg 300w, https:\/\/www.latribunedufaso.net\/wp-content\/uploads\/2023\/08\/IMG-20230815-WA0041-1024x767.jpg 1024w, https:\/\/www.latribunedufaso.net\/wp-content\/uploads\/2023\/08\/IMG-20230815-WA0041-768x575.jpg 768w, https:\/\/www.latribunedufaso.net\/wp-content\/uploads\/2023\/08\/IMG-20230815-WA0041.jpg 1080w\" sizes=\"auto, (max-width: 300px) 100vw, 300px\" \/><\/a>Cette pri\u00e8re se tient \u00e0 l&rsquo;occasion de la f\u00eate de l&rsquo;Assomption, c\u00e9l\u00e9br\u00e9e le 15 Ao\u00fbt de chaque ann\u00e9e dans le monde entier par les fid\u00e8les catholiques. \u00ab Aujourd\u2019hui, nous avons \u00e9t\u00e9 \u00e0 Yagma pour c\u00e9l\u00e9brer la Vierge Marie qui a b\u00e9n\u00e9fici\u00e9 d\u2019une gr\u00e2ce sp\u00e9ciale. Elle a \u00e9t\u00e9 magnifi\u00e9e et \u00e9lev\u00e9e au ciel, nous avons \u00e9galement manifest\u00e9 notre foi. En outre, nous avons c\u00e9l\u00e9br\u00e9 des jubil\u00e9s et des anniversaires. Comme vous le savez, nous nous pr\u00e9parons \u00e0 c\u00e9l\u00e9brer le 125e anniversaire de l\u2019\u00e9vang\u00e9lisation en Haute Volta, actuelle Burkina Faso. Alors, les \u00e9v\u00eaques du Burkina on pr\u00e9par\u00e9 une c\u00e9l\u00e9bration triennale. La premi\u00e8re ann\u00e9e (2023) est d\u00e9di\u00e9e au La\u00efcs. La deuxi\u00e8me ann\u00e9e (2024) est d\u00e9di\u00e9e aux Agents pastoraux et enfin en 2025 \u00e7a sera l\u2019apoth\u00e9ose, l\u2019action de gr\u00e2ce pour le don de J\u00e9sus et l\u2019\u00e9vangile \u00e0 notre population&#8230;\u00bb, a signifi\u00e9 le Cardinal Philippe Ou\u00e9draogo, Archev\u00eaque Metropolitain de Ouagagdougou.<\/p>\n<p>R\u00e9citation du chapelet, procession mariale, c\u00e9l\u00e9bration eucharistique, tels sont les points qui ont marqu\u00e9 ce moment de pri\u00e8res qui a r\u00e9uni des autorit\u00e9s religieuses et civiles ( pr\u00e9sence d&rsquo;une d\u00e9l\u00e9gation musulmane).<\/p>\n<p><a href=\"https:\/\/www.latribunedufaso.net\/wp-content\/uploads\/2023\/08\/Screenshot_20230815-172955.png\"><img loading=\"lazy\" decoding=\"async\" class=\"size-medium wp-image-8716 alignleft\" src=\"https:\/\/www.latribunedufaso.net\/wp-content\/uploads\/2023\/08\/Screenshot_20230815-172955-300x206.png\" alt=\"\" width=\"300\" height=\"206\" srcset=\"https:\/\/www.latribunedufaso.net\/wp-content\/uploads\/2023\/08\/Screenshot_20230815-172955-300x206.png 300w, https:\/\/www.latribunedufaso.net\/wp-content\/uploads\/2023\/08\/Screenshot_20230815-172955.png 720w\" sizes=\"auto, (max-width: 300px) 100vw, 300px\" \/><\/a>Dans son hom\u00e9lie ( pr\u00eache de la parole de Dieu), Mgr L\u00e9opold M\u00e9dard Ou\u00e9draogo, \u00e9v\u00eaque de Manga, a invit\u00e9 l&rsquo;ensemble des fid\u00e8les catholiques \u00e0 une solidarit\u00e9 agissante \u00e0 l&rsquo;endroit des Personnes d\u00e9plac\u00e9es internes (PDI).<\/p>\n<p>\u00ab Cette m\u00e8re qui nous accueille, nous invite \u00e0 l&rsquo;imiter dans son action de gr\u00e2ce. Elle est all\u00e9e soutenir la vieille Elisabeth sa cousine, fatigu\u00e9e par l&rsquo;\u00e2ge. Et c&rsquo;est apr\u00e8s que le Seigneur a accueilli et agr\u00e9e son action de gr\u00e2ce&#8230; Voyez ce qui nous arrive quand nous pensons \u00e0 aider d&rsquo;une maniere gratuite, surtout ceux et celles qui n&rsquo;ont pas grand chose&#8230;Fort heureusement, les terres de notre basilique de Yagma nous a invit\u00e9 \u00e0 nous tourner vers les PDI p<span style=\"font-size: 1.0625rem;\">our mettre dans notre programme d&rsquo;activit\u00e9s, un devoir de solidarit\u00e9 agissante pour ces personnes en r\u00e9el difficult\u00e9&#8230;<\/span><\/p>\n<p><a href=\"https:\/\/www.latribunedufaso.net\/wp-content\/uploads\/2023\/08\/IMG-20230815-WA0021.jpg\"><img loading=\"lazy\" decoding=\"async\" class=\"size-medium wp-image-8718 alignleft\" src=\"https:\/\/www.latribunedufaso.net\/wp-content\/uploads\/2023\/08\/IMG-20230815-WA0021-300x225.jpg\" alt=\"\" width=\"300\" height=\"225\" srcset=\"https:\/\/www.latribunedufaso.net\/wp-content\/uploads\/2023\/08\/IMG-20230815-WA0021-300x225.jpg 300w, https:\/\/www.latribunedufaso.net\/wp-content\/uploads\/2023\/08\/IMG-20230815-WA0021-1024x768.jpg 1024w, https:\/\/www.latribunedufaso.net\/wp-content\/uploads\/2023\/08\/IMG-20230815-WA0021-768x576.jpg 768w, https:\/\/www.latribunedufaso.net\/wp-content\/uploads\/2023\/08\/IMG-20230815-WA0021.jpg 1040w\" sizes=\"auto, (max-width: 300px) 100vw, 300px\" \/><\/a>Souvent les hommes ont \u00e9t\u00e9 chass\u00e9s ou tu\u00e9s et ce sont les femmes avec leurs enfants qui doivent essayer de survivre. Ces femmes font face \u00e0 des difficult\u00e9s pour nourrir les enfants, pour se nourrir elles-m\u00eames, des difficult\u00e9s pour habiller les enfants et les loger convenablement, avec cette invasion sous la pluie, des moustiques qui donnent le palu, la dengue etc. C&rsquo;est tr\u00e8s difficile.<\/p>\n<p>Et bien pour nous les 1342 qui ont voulu c\u00e9l\u00e9brer leur jubil\u00e9, ce jubil\u00e9 se c\u00e9l\u00e9brer comme Marie, en tendant la main \u00e0 ceux et celles qui n&rsquo;en peuvent pas \u00bb, a t-il enseign\u00e9.<\/p>\n<p>Parmi les jubilaires du jour figure le Cardinal Phillipe Ou\u00e9draogo, qui c\u00e9l\u00e8bre ses 50 ans d&rsquo;ordination sacerdotale. Plusieurs personnalit\u00e9s dont le president de la Transition, le capitaine Ibrahim Traor\u00e9 lui ont adress\u00e9 des lettres de meilleurs v\u0153ux. Dans sa lettre, le Capitaine Ibrahim Traor\u00e9 entre autres, exprime sa reconnaissance au Cardinal pour son engagement apostolique et citoyen, en faveur du dialogue inter-religieux, de la cohesion sociale, de la stabilit\u00e9 socio-politique et du bien \u00eatre dans \u00ab notre pays \u00bb.<\/p>\n<p><strong><a href=\"https:\/\/www.latribunedufaso.net\/wp-content\/uploads\/2023\/08\/IMG-20230815-WA0025.jpg\"><img loading=\"lazy\" decoding=\"async\" class=\"size-medium wp-image-8719 alignleft\" src=\"https:\/\/www.latribunedufaso.net\/wp-content\/uploads\/2023\/08\/IMG-20230815-WA0025-300x225.jpg\" alt=\"\" width=\"300\" height=\"225\" srcset=\"https:\/\/www.latribunedufaso.net\/wp-content\/uploads\/2023\/08\/IMG-20230815-WA0025-300x225.jpg 300w, https:\/\/www.latribunedufaso.net\/wp-content\/uploads\/2023\/08\/IMG-20230815-WA0025-1024x768.jpg 1024w, https:\/\/www.latribunedufaso.net\/wp-content\/uploads\/2023\/08\/IMG-20230815-WA0025-768x576.jpg 768w, https:\/\/www.latribunedufaso.net\/wp-content\/uploads\/2023\/08\/IMG-20230815-WA0025.jpg 1040w\" sizes=\"auto, (max-width: 300px) 100vw, 300px\" \/><\/a><a href=\"https:\/\/www.latribunedufaso.net\/wp-content\/uploads\/2023\/08\/IMG-20230815-WA0024.jpg\"><img loading=\"lazy\" decoding=\"async\" class=\"size-medium wp-image-8720 alignleft\" src=\"https:\/\/www.latribunedufaso.net\/wp-content\/uploads\/2023\/08\/IMG-20230815-WA0024-300x225.jpg\" alt=\"\" width=\"300\" height=\"225\" srcset=\"https:\/\/www.latribunedufaso.net\/wp-content\/uploads\/2023\/08\/IMG-20230815-WA0024-300x225.jpg 300w, https:\/\/www.latribunedufaso.net\/wp-content\/uploads\/2023\/08\/IMG-20230815-WA0024-1024x768.jpg 1024w, https:\/\/www.latribunedufaso.net\/wp-content\/uploads\/2023\/08\/IMG-20230815-WA0024-768x576.jpg 768w, https:\/\/www.latribunedufaso.net\/wp-content\/uploads\/2023\/08\/IMG-20230815-WA0024.jpg 1040w\" sizes=\"auto, (max-width: 300px) 100vw, 300px\" \/><\/a>Rosana Astride Kiendrebeogo<\/strong><\/p>\n<p><strong>Latribunedufaso.net<\/strong><\/p>\n","protected":false},"excerpt":{"rendered":"<p>Ce mardi 15 Ao\u00fbt 2023 au sanctuaire \u00ab notre dame de Yagma \u00bb \u00e0 Ouagadougou, les fid\u00e8les catholiques ont pri\u00e9 pour la paix au Burkina Faso et dans le monde.\u00a0<\/p>\n","protected":false},"author":5,"featured_media":8722,"comment_status":"open","ping_status":"open","sticky":false,"template":"","format":"standard","meta":{"footnotes":""},"categories":[13,1,8],"tags":[],"class_list":["post-8715","post","type-post","status-publish","format-standard","has-post-thumbnail","hentry","category-une","category-actu","category-societe"],"yoast_head":"<!-- This site is optimized with the Yoast SEO plugin v27.4 - https:\/\/yoast.com\/product\/yoast-seo-wordpress\/ -->\n<title>Assomption 2023 : Les fid\u00e8les catholiques invit\u00e9s \u00e0 la solidarit\u00e9 agissante \u00e0 l&#039;endroit des PDI - La Tribune du Faso<\/title>\n<meta name=\"robots\" content=\"index, follow, max-snippet:-1, max-image-preview:large, max-video-preview:-1\" \/>\n<link rel=\"canonical\" href=\"https:\/\/www.latribunedufaso.net\/?p=8715\" \/>\n<meta property=\"og:locale\" content=\"fr_FR\" \/>\n<meta property=\"og:type\" content=\"article\" \/>\n<meta property=\"og:title\" content=\"Assomption 2023 : Les fid\u00e8les catholiques invit\u00e9s \u00e0 la solidarit\u00e9 agissante \u00e0 l&#039;endroit des PDI - La Tribune du Faso\" \/>\n<meta property=\"og:description\" content=\"Ce mardi 15 Ao\u00fbt 2023 au sanctuaire \u00ab notre dame de Yagma \u00bb \u00e0 Ouagadougou, les fid\u00e8les catholiques ont pri\u00e9 pour la paix au Burkina Faso et dans le monde.\u00a0\" \/>\n<meta property=\"og:url\" content=\"https:\/\/www.latribunedufaso.net\/?p=8715\" \/>\n<meta property=\"og:site_name\" content=\"La Tribune du Faso\" \/>\n<meta property=\"article:publisher\" content=\"https:\/\/www.facebook.com\/LatribuneduFaso\/\" \/>\n<meta property=\"article:published_time\" content=\"2023-08-15T00:05:32+00:00\" \/>\n<meta property=\"article:modified_time\" content=\"2023-08-17T00:30:37+00:00\" \/>\n<meta property=\"og:image\" content=\"https:\/\/www.latribunedufaso.net\/wp-content\/uploads\/2023\/08\/IMG-20230815-WA0016.jpg\" \/>\n\t<meta property=\"og:image:width\" content=\"960\" \/>\n\t<meta property=\"og:image:height\" content=\"540\" \/>\n\t<meta property=\"og:image:type\" content=\"image\/jpeg\" \/>\n<meta name=\"author\" content=\"Issouf Tapsoba\" \/>\n<meta name=\"twitter:label1\" content=\"\u00c9crit par\" \/>\n\t<meta name=\"twitter:data1\" content=\"Issouf Tapsoba\" \/>\n\t<meta name=\"twitter:label2\" content=\"Dur\u00e9e de lecture estim\u00e9e\" \/>\n\t<meta name=\"twitter:data2\" content=\"3 minutes\" \/>\n<script type=\"application\/ld+json\" class=\"yoast-schema-graph\">{\"@context\":\"https:\\\/\\\/schema.org\",\"@graph\":[{\"@type\":\"Article\",\"@id\":\"https:\\\/\\\/www.latribunedufaso.net\\\/?p=8715#article\",\"isPartOf\":{\"@id\":\"https:\\\/\\\/www.latribunedufaso.net\\\/?p=8715\"},\"author\":{\"name\":\"Issouf Tapsoba\",\"@id\":\"https:\\\/\\\/www.latribunedufaso.net\\\/#\\\/schema\\\/person\\\/e54e64c5778a7e72cf80a318b7a622b0\"},\"headline\":\"Assomption 2023 : Les fid\u00e8les catholiques invit\u00e9s \u00e0 la solidarit\u00e9 agissante \u00e0 l&rsquo;endroit des PDI\",\"datePublished\":\"2023-08-15T00:05:32+00:00\",\"dateModified\":\"2023-08-17T00:30:37+00:00\",\"mainEntityOfPage\":{\"@id\":\"https:\\\/\\\/www.latribunedufaso.net\\\/?p=8715\"},\"wordCount\":610,\"commentCount\":0,\"publisher\":{\"@id\":\"https:\\\/\\\/www.latribunedufaso.net\\\/#organization\"},\"image\":{\"@id\":\"https:\\\/\\\/www.latribunedufaso.net\\\/?p=8715#primaryimage\"},\"thumbnailUrl\":\"https:\\\/\\\/www.latribunedufaso.net\\\/wp-content\\\/uploads\\\/2023\\\/08\\\/IMG-20230815-WA0016.jpg\",\"articleSection\":[\"A la une\",\"Actualit\u00e9\",\"Soci\u00e9t\u00e9\"],\"inLanguage\":\"fr-FR\",\"potentialAction\":[{\"@type\":\"CommentAction\",\"name\":\"Comment\",\"target\":[\"https:\\\/\\\/www.latribunedufaso.net\\\/?p=8715#respond\"]}]},{\"@type\":\"WebPage\",\"@id\":\"https:\\\/\\\/www.latribunedufaso.net\\\/?p=8715\",\"url\":\"https:\\\/\\\/www.latribunedufaso.net\\\/?p=8715\",\"name\":\"Assomption 2023 : Les fid\u00e8les catholiques invit\u00e9s \u00e0 la solidarit\u00e9 agissante \u00e0 l'endroit des PDI - La Tribune du Faso\",\"isPartOf\":{\"@id\":\"https:\\\/\\\/www.latribunedufaso.net\\\/#website\"},\"primaryImageOfPage\":{\"@id\":\"https:\\\/\\\/www.latribunedufaso.net\\\/?p=8715#primaryimage\"},\"image\":{\"@id\":\"https:\\\/\\\/www.latribunedufaso.net\\\/?p=8715#primaryimage\"},\"thumbnailUrl\":\"https:\\\/\\\/www.latribunedufaso.net\\\/wp-content\\\/uploads\\\/2023\\\/08\\\/IMG-20230815-WA0016.jpg\",\"datePublished\":\"2023-08-15T00:05:32+00:00\",\"dateModified\":\"2023-08-17T00:30:37+00:00\",\"breadcrumb\":{\"@id\":\"https:\\\/\\\/www.latribunedufaso.net\\\/?p=8715#breadcrumb\"},\"inLanguage\":\"fr-FR\",\"potentialAction\":[{\"@type\":\"ReadAction\",\"target\":[\"https:\\\/\\\/www.latribunedufaso.net\\\/?p=8715\"]}]},{\"@type\":\"ImageObject\",\"inLanguage\":\"fr-FR\",\"@id\":\"https:\\\/\\\/www.latribunedufaso.net\\\/?p=8715#primaryimage\",\"url\":\"https:\\\/\\\/www.latribunedufaso.net\\\/wp-content\\\/uploads\\\/2023\\\/08\\\/IMG-20230815-WA0016.jpg\",\"contentUrl\":\"https:\\\/\\\/www.latribunedufaso.net\\\/wp-content\\\/uploads\\\/2023\\\/08\\\/IMG-20230815-WA0016.jpg\",\"width\":960,\"height\":540},{\"@type\":\"BreadcrumbList\",\"@id\":\"https:\\\/\\\/www.latribunedufaso.net\\\/?p=8715#breadcrumb\",\"itemListElement\":[{\"@type\":\"ListItem\",\"position\":1,\"name\":\"Accueil\",\"item\":\"https:\\\/\\\/www.latribunedufaso.net\\\/\"},{\"@type\":\"ListItem\",\"position\":2,\"name\":\"Assomption 2023 : Les fid\u00e8les catholiques invit\u00e9s \u00e0 la solidarit\u00e9 agissante \u00e0 l&rsquo;endroit des PDI\"}]},{\"@type\":\"WebSite\",\"@id\":\"https:\\\/\\\/www.latribunedufaso.net\\\/#website\",\"url\":\"https:\\\/\\\/www.latribunedufaso.net\\\/\",\"name\":\"La Tribune du Faso\",\"description\":\"L&#039;information du monde rural en un clic\",\"publisher\":{\"@id\":\"https:\\\/\\\/www.latribunedufaso.net\\\/#organization\"},\"potentialAction\":[{\"@type\":\"SearchAction\",\"target\":{\"@type\":\"EntryPoint\",\"urlTemplate\":\"https:\\\/\\\/www.latribunedufaso.net\\\/?s={search_term_string}\"},\"query-input\":{\"@type\":\"PropertyValueSpecification\",\"valueRequired\":true,\"valueName\":\"search_term_string\"}}],\"inLanguage\":\"fr-FR\"},{\"@type\":\"Organization\",\"@id\":\"https:\\\/\\\/www.latribunedufaso.net\\\/#organization\",\"name\":\"La Tribune du Faso\",\"url\":\"https:\\\/\\\/www.latribunedufaso.net\\\/\",\"logo\":{\"@type\":\"ImageObject\",\"inLanguage\":\"fr-FR\",\"@id\":\"https:\\\/\\\/www.latribunedufaso.net\\\/#\\\/schema\\\/logo\\\/image\\\/\",\"url\":\"https:\\\/\\\/www.latribunedufaso.net\\\/wp-content\\\/uploads\\\/2020\\\/08\\\/Logo-Tribune-du-Faso-final-scaled.jpg\",\"contentUrl\":\"https:\\\/\\\/www.latribunedufaso.net\\\/wp-content\\\/uploads\\\/2020\\\/08\\\/Logo-Tribune-du-Faso-final-scaled.jpg\",\"width\":2560,\"height\":1856,\"caption\":\"La Tribune du Faso\"},\"image\":{\"@id\":\"https:\\\/\\\/www.latribunedufaso.net\\\/#\\\/schema\\\/logo\\\/image\\\/\"},\"sameAs\":[\"https:\\\/\\\/www.facebook.com\\\/LatribuneduFaso\\\/\"]},{\"@type\":\"Person\",\"@id\":\"https:\\\/\\\/www.latribunedufaso.net\\\/#\\\/schema\\\/person\\\/e54e64c5778a7e72cf80a318b7a622b0\",\"name\":\"Issouf Tapsoba\",\"image\":{\"@type\":\"ImageObject\",\"inLanguage\":\"fr-FR\",\"@id\":\"https:\\\/\\\/secure.gravatar.com\\\/avatar\\\/5e6c05150ce3230247d167f5b94d678eb05936197436d69b7921e3a95c9107ac?s=96&d=mm&r=g\",\"url\":\"https:\\\/\\\/secure.gravatar.com\\\/avatar\\\/5e6c05150ce3230247d167f5b94d678eb05936197436d69b7921e3a95c9107ac?s=96&d=mm&r=g\",\"contentUrl\":\"https:\\\/\\\/secure.gravatar.com\\\/avatar\\\/5e6c05150ce3230247d167f5b94d678eb05936197436d69b7921e3a95c9107ac?s=96&d=mm&r=g\",\"caption\":\"Issouf Tapsoba\"},\"url\":\"https:\\\/\\\/www.latribunedufaso.net\\\/?author=5\"}]}<\/script>\n<!-- \/ Yoast SEO plugin. -->","yoast_head_json":{"title":"Assomption 2023 : Les fid\u00e8les catholiques invit\u00e9s \u00e0 la solidarit\u00e9 agissante \u00e0 l'endroit des PDI - La Tribune du Faso","robots":{"index":"index","follow":"follow","max-snippet":"max-snippet:-1","max-image-preview":"max-image-preview:large","max-video-preview":"max-video-preview:-1"},"canonical":"https:\/\/www.latribunedufaso.net\/?p=8715","og_locale":"fr_FR","og_type":"article","og_title":"Assomption 2023 : Les fid\u00e8les catholiques invit\u00e9s \u00e0 la solidarit\u00e9 agissante \u00e0 l'endroit des PDI - La Tribune du Faso","og_description":"Ce mardi 15 Ao\u00fbt 2023 au sanctuaire \u00ab notre dame de Yagma \u00bb \u00e0 Ouagadougou, les fid\u00e8les catholiques ont pri\u00e9 pour la paix au Burkina Faso et dans le monde.\u00a0","og_url":"https:\/\/www.latribunedufaso.net\/?p=8715","og_site_name":"La Tribune du Faso","article_publisher":"https:\/\/www.facebook.com\/LatribuneduFaso\/","article_published_time":"2023-08-15T00:05:32+00:00","article_modified_time":"2023-08-17T00:30:37+00:00","og_image":[{"width":960,"height":540,"url":"https:\/\/www.latribunedufaso.net\/wp-content\/uploads\/2023\/08\/IMG-20230815-WA0016.jpg","type":"image\/jpeg"}],"author":"Issouf Tapsoba","twitter_misc":{"\u00c9crit par":"Issouf Tapsoba","Dur\u00e9e de lecture estim\u00e9e":"3 minutes"},"schema":{"@context":"https:\/\/schema.org","@graph":[{"@type":"Article","@id":"https:\/\/www.latribunedufaso.net\/?p=8715#article","isPartOf":{"@id":"https:\/\/www.latribunedufaso.net\/?p=8715"},"author":{"name":"Issouf Tapsoba","@id":"https:\/\/www.latribunedufaso.net\/#\/schema\/person\/e54e64c5778a7e72cf80a318b7a622b0"},"headline":"Assomption 2023 : Les fid\u00e8les catholiques invit\u00e9s \u00e0 la solidarit\u00e9 agissante \u00e0 l&rsquo;endroit des PDI","datePublished":"2023-08-15T00:05:32+00:00","dateModified":"2023-08-17T00:30:37+00:00","mainEntityOfPage":{"@id":"https:\/\/www.latribunedufaso.net\/?p=8715"},"wordCount":610,"commentCount":0,"publisher":{"@id":"https:\/\/www.latribunedufaso.net\/#organization"},"image":{"@id":"https:\/\/www.latribunedufaso.net\/?p=8715#primaryimage"},"thumbnailUrl":"https:\/\/www.latribunedufaso.net\/wp-content\/uploads\/2023\/08\/IMG-20230815-WA0016.jpg","articleSection":["A la une","Actualit\u00e9","Soci\u00e9t\u00e9"],"inLanguage":"fr-FR","potentialAction":[{"@type":"CommentAction","name":"Comment","target":["https:\/\/www.latribunedufaso.net\/?p=8715#respond"]}]},{"@type":"WebPage","@id":"https:\/\/www.latribunedufaso.net\/?p=8715","url":"https:\/\/www.latribunedufaso.net\/?p=8715","name":"Assomption 2023 : Les fid\u00e8les catholiques invit\u00e9s \u00e0 la solidarit\u00e9 agissante \u00e0 l'endroit des PDI - La Tribune du Faso","isPartOf":{"@id":"https:\/\/www.latribunedufaso.net\/#website"},"primaryImageOfPage":{"@id":"https:\/\/www.latribunedufaso.net\/?p=8715#primaryimage"},"image":{"@id":"https:\/\/www.latribunedufaso.net\/?p=8715#primaryimage"},"thumbnailUrl":"https:\/\/www.latribunedufaso.net\/wp-content\/uploads\/2023\/08\/IMG-20230815-WA0016.jpg","datePublished":"2023-08-15T00:05:32+00:00","dateModified":"2023-08-17T00:30:37+00:00","breadcrumb":{"@id":"https:\/\/www.latribunedufaso.net\/?p=8715#breadcrumb"},"inLanguage":"fr-FR","potentialAction":[{"@type":"ReadAction","target":["https:\/\/www.latribunedufaso.net\/?p=8715"]}]},{"@type":"ImageObject","inLanguage":"fr-FR","@id":"https:\/\/www.latribunedufaso.net\/?p=8715#primaryimage","url":"https:\/\/www.latribunedufaso.net\/wp-content\/uploads\/2023\/08\/IMG-20230815-WA0016.jpg","contentUrl":"https:\/\/www.latribunedufaso.net\/wp-content\/uploads\/2023\/08\/IMG-20230815-WA0016.jpg","width":960,"height":540},{"@type":"BreadcrumbList","@id":"https:\/\/www.latribunedufaso.net\/?p=8715#breadcrumb","itemListElement":[{"@type":"ListItem","position":1,"name":"Accueil","item":"https:\/\/www.latribunedufaso.net\/"},{"@type":"ListItem","position":2,"name":"Assomption 2023 : Les fid\u00e8les catholiques invit\u00e9s \u00e0 la solidarit\u00e9 agissante \u00e0 l&rsquo;endroit des PDI"}]},{"@type":"WebSite","@id":"https:\/\/www.latribunedufaso.net\/#website","url":"https:\/\/www.latribunedufaso.net\/","name":"La Tribune du Faso","description":"L&#039;information du monde rural en un clic","publisher":{"@id":"https:\/\/www.latribunedufaso.net\/#organization"},"potentialAction":[{"@type":"SearchAction","target":{"@type":"EntryPoint","urlTemplate":"https:\/\/www.latribunedufaso.net\/?s={search_term_string}"},"query-input":{"@type":"PropertyValueSpecification","valueRequired":true,"valueName":"search_term_string"}}],"inLanguage":"fr-FR"},{"@type":"Organization","@id":"https:\/\/www.latribunedufaso.net\/#organization","name":"La Tribune du Faso","url":"https:\/\/www.latribunedufaso.net\/","logo":{"@type":"ImageObject","inLanguage":"fr-FR","@id":"https:\/\/www.latribunedufaso.net\/#\/schema\/logo\/image\/","url":"https:\/\/www.latribunedufaso.net\/wp-content\/uploads\/2020\/08\/Logo-Tribune-du-Faso-final-scaled.jpg","contentUrl":"https:\/\/www.latribunedufaso.net\/wp-content\/uploads\/2020\/08\/Logo-Tribune-du-Faso-final-scaled.jpg","width":2560,"height":1856,"caption":"La Tribune du Faso"},"image":{"@id":"https:\/\/www.latribunedufaso.net\/#\/schema\/logo\/image\/"},"sameAs":["https:\/\/www.facebook.com\/LatribuneduFaso\/"]},{"@type":"Person","@id":"https:\/\/www.latribunedufaso.net\/#\/schema\/person\/e54e64c5778a7e72cf80a318b7a622b0","name":"Issouf Tapsoba","image":{"@type":"ImageObject","inLanguage":"fr-FR","@id":"https:\/\/secure.gravatar.com\/avatar\/5e6c05150ce3230247d167f5b94d678eb05936197436d69b7921e3a95c9107ac?s=96&d=mm&r=g","url":"https:\/\/secure.gravatar.com\/avatar\/5e6c05150ce3230247d167f5b94d678eb05936197436d69b7921e3a95c9107ac?s=96&d=mm&r=g","contentUrl":"https:\/\/secure.gravatar.com\/avatar\/5e6c05150ce3230247d167f5b94d678eb05936197436d69b7921e3a95c9107ac?s=96&d=mm&r=g","caption":"Issouf Tapsoba"},"url":"https:\/\/www.latribunedufaso.net\/?author=5"}]}},"_links":{"self":[{"href":"https:\/\/www.latribunedufaso.net\/index.php?rest_route=\/wp\/v2\/posts\/8715","targetHints":{"allow":["GET"]}}],"collection":[{"href":"https:\/\/www.latribunedufaso.net\/index.php?rest_route=\/wp\/v2\/posts"}],"about":[{"href":"https:\/\/www.latribunedufaso.net\/index.php?rest_route=\/wp\/v2\/types\/post"}],"author":[{"embeddable":true,"href":"https:\/\/www.latribunedufaso.net\/index.php?rest_route=\/wp\/v2\/users\/5"}],"replies":[{"embeddable":true,"href":"https:\/\/www.latribunedufaso.net\/index.php?rest_route=%2Fwp%2Fv2%2Fcomments&post=8715"}],"version-history":[{"count":2,"href":"https:\/\/www.latribunedufaso.net\/index.php?rest_route=\/wp\/v2\/posts\/8715\/revisions"}],"predecessor-version":[{"id":8723,"href":"https:\/\/www.latribunedufaso.net\/index.php?rest_route=\/wp\/v2\/posts\/8715\/revisions\/8723"}],"wp:featuredmedia":[{"embeddable":true,"href":"https:\/\/www.latribunedufaso.net\/index.php?rest_route=\/wp\/v2\/media\/8722"}],"wp:attachment":[{"href":"https:\/\/www.latribunedufaso.net\/index.php?rest_route=%2Fwp%2Fv2%2Fmedia&parent=8715"}],"wp:term":[{"taxonomy":"category","embeddable":true,"href":"https:\/\/www.latribunedufaso.net\/index.php?rest_route=%2Fwp%2Fv2%2Fcategories&post=8715"},{"taxonomy":"post_tag","embeddable":true,"href":"https:\/\/www.latribunedufaso.net\/index.php?rest_route=%2Fwp%2Fv2%2Ftags&post=8715"}],"curies":[{"name":"wp","href":"https:\/\/api.w.org\/{rel}","templated":true}]}}