{"id":8690,"date":"2023-08-14T16:35:21","date_gmt":"2023-08-14T16:35:21","guid":{"rendered":"https:\/\/www.latribunedufaso.net\/?p=8690"},"modified":"2023-08-14T16:35:21","modified_gmt":"2023-08-14T16:35:21","slug":"acces-a-leau-potable-les-populations-de-la-region-des-hauts-bassins-verront-bientot-leur-calvaire-soulage","status":"publish","type":"post","link":"https:\/\/www.latribunedufaso.net\/?p=8690","title":{"rendered":"Acc\u00e8s \u00e0 l&rsquo;eau potable : Les populations de la R\u00e9gion des Hauts-Bassins verront bient\u00f4t leur calvaire soulag\u00e9\u00a0"},"content":{"rendered":"<p><strong><span style=\"font-size: 1.0625rem;\">Ce samedi 12 ao\u00fbt 2023, le ministre de l\u2019Environnement, de l\u2019Eau et de l\u2019Assainissement, Roger Barro, a visit\u00e9 des chantiers de r\u00e9alisation des infrastructures hydrauliques de la station de l\u2019Office nationale de l\u2019eau (ONEA) de la ville de Bobo-Dioulasso. A termes, ces infrastructures permettront de renforcer les capacit\u00e9s de production d&rsquo;eau dans la r\u00e9gion.<\/span><\/strong><br \/><!--more--><\/p>\n<p><a href=\"https:\/\/www.latribunedufaso.net\/wp-content\/uploads\/2023\/08\/FB_IMG_1692029232945.jpg\"><img loading=\"lazy\" decoding=\"async\" class=\"size-medium wp-image-8695 alignleft\" src=\"https:\/\/www.latribunedufaso.net\/wp-content\/uploads\/2023\/08\/FB_IMG_1692029232945-300x173.jpg\" alt=\"\" width=\"300\" height=\"173\" srcset=\"https:\/\/www.latribunedufaso.net\/wp-content\/uploads\/2023\/08\/FB_IMG_1692029232945-300x173.jpg 300w, https:\/\/www.latribunedufaso.net\/wp-content\/uploads\/2023\/08\/FB_IMG_1692029232945.jpg 720w\" sizes=\"auto, (max-width: 300px) 100vw, 300px\" \/><\/a>Les visites du jour ont d\u00e9but\u00e9 par la station de traitement d\u2019eau de l\u2019ONEA de Nasso. Sur ce site le ministre est all\u00e9 toucher du doigt l\u2019\u00e9tat d\u2019avancement de la construction des nouvelles infrastructures dans le cadre du Programme d\u2019actions prioritaires eau potable (PAPEP) \u00e0 travers le projet de renforcement des capacit\u00e9s de production d\u2019eau potable dans la ville de Bobo-Dioulasso. Ce sont des forages construits pour permettre \u00e0 terme une augmentation de 45% des capacit\u00e9s d\u2019offre en eau de l\u2019ONEA.<\/p>\n<p><a href=\"https:\/\/www.latribunedufaso.net\/wp-content\/uploads\/2023\/08\/FB_IMG_1692029238567.jpg\"><img loading=\"lazy\" decoding=\"async\" class=\"size-medium wp-image-8692 alignleft\" src=\"https:\/\/www.latribunedufaso.net\/wp-content\/uploads\/2023\/08\/FB_IMG_1692029238567-300x200.jpg\" alt=\"\" width=\"300\" height=\"200\" srcset=\"https:\/\/www.latribunedufaso.net\/wp-content\/uploads\/2023\/08\/FB_IMG_1692029238567-300x200.jpg 300w, https:\/\/www.latribunedufaso.net\/wp-content\/uploads\/2023\/08\/FB_IMG_1692029238567-120x80.jpg 120w, https:\/\/www.latribunedufaso.net\/wp-content\/uploads\/2023\/08\/FB_IMG_1692029238567-360x240.jpg 360w, https:\/\/www.latribunedufaso.net\/wp-content\/uploads\/2023\/08\/FB_IMG_1692029238567-600x400.jpg 600w, https:\/\/www.latribunedufaso.net\/wp-content\/uploads\/2023\/08\/FB_IMG_1692029238567.jpg 720w\" sizes=\"auto, (max-width: 300px) 100vw, 300px\" \/><\/a>Le cap est ensuite mis sur Samanga en p\u00e9riph\u00e9rie de la ville. Cette partie de la ville de Bobo-Dioulasso b\u00e9n\u00e9ficie d\u2019un Poste d\u2019eau autonome (PAE) constitu\u00e9 d\u2019un forage de 5,5 m3\/h et de deux bornes fontaines aliment\u00e9es par l\u2019\u00e9nergie.\u00a0<\/p>\n<p>Ces installations ont \u00e9t\u00e9 r\u00e9alis\u00e9es \u00e0 travers les travaux d\u2019urgence de construction de 11 postes d\u2019eau et de forage \u00e0 gros d\u00e9bit dans la r\u00e9gion des Hauts-Bassins.<\/p>\n<p><a href=\"https:\/\/www.latribunedufaso.net\/wp-content\/uploads\/2023\/08\/FB_IMG_1692029248972.jpg\"><img loading=\"lazy\" decoding=\"async\" class=\"size-medium wp-image-8693 alignleft\" src=\"https:\/\/www.latribunedufaso.net\/wp-content\/uploads\/2023\/08\/FB_IMG_1692029248972-300x200.jpg\" alt=\"\" width=\"300\" height=\"200\" srcset=\"https:\/\/www.latribunedufaso.net\/wp-content\/uploads\/2023\/08\/FB_IMG_1692029248972-300x200.jpg 300w, https:\/\/www.latribunedufaso.net\/wp-content\/uploads\/2023\/08\/FB_IMG_1692029248972-120x80.jpg 120w, https:\/\/www.latribunedufaso.net\/wp-content\/uploads\/2023\/08\/FB_IMG_1692029248972-360x240.jpg 360w, https:\/\/www.latribunedufaso.net\/wp-content\/uploads\/2023\/08\/FB_IMG_1692029248972-600x400.jpg 600w, https:\/\/www.latribunedufaso.net\/wp-content\/uploads\/2023\/08\/FB_IMG_1692029248972.jpg 720w\" sizes=\"auto, (max-width: 300px) 100vw, 300px\" \/><\/a>A l\u2019instar de Samanga, 30 syst\u00e8mes d\u2019adduction d\u2019eau potable seront construits dans les Hauts-Bassins \u00e0 un co\u00fbt de plus de 900 millions de FCFA sur financement endog\u00e8ne de l\u2019Agence de l\u2019eau du Mouhoun (AEM)<\/p>\n<p>Le Ministre a invit\u00e9 les b\u00e9n\u00e9ficiaires \u00e0 un bon entretien des infrastructures pour qu\u2019elles soient b\u00e9n\u00e9fiques \u00e0 long terme.<\/p>\n<p><strong><a href=\"https:\/\/www.latribunedufaso.net\/wp-content\/uploads\/2023\/08\/FB_IMG_1692029264159.jpg\"><img loading=\"lazy\" decoding=\"async\" class=\"size-medium wp-image-8694 alignleft\" src=\"https:\/\/www.latribunedufaso.net\/wp-content\/uploads\/2023\/08\/FB_IMG_1692029264159-300x186.jpg\" alt=\"\" width=\"300\" height=\"186\" srcset=\"https:\/\/www.latribunedufaso.net\/wp-content\/uploads\/2023\/08\/FB_IMG_1692029264159-300x186.jpg 300w, https:\/\/www.latribunedufaso.net\/wp-content\/uploads\/2023\/08\/FB_IMG_1692029264159.jpg 720w\" sizes=\"auto, (max-width: 300px) 100vw, 300px\" \/><\/a>Latribunedufaso.net<\/strong><\/p>\n","protected":false},"excerpt":{"rendered":"<p>Ce samedi 12 ao\u00fbt 2023, le ministre de l\u2019Environnement, de l\u2019Eau et de l\u2019Assainissement, Roger Barro, a visit\u00e9 des chantiers de r\u00e9alisation des infrastructures hydrauliques de la station de l\u2019Office nationale de l\u2019eau (ONEA) de la ville de Bobo-Dioulasso. A termes, ces infrastructures permettront de renforcer les capacit\u00e9s de production d&rsquo;eau dans la r\u00e9gion.<\/p>\n","protected":false},"author":5,"featured_media":8696,"comment_status":"open","ping_status":"open","sticky":false,"template":"","format":"standard","meta":{"footnotes":""},"categories":[13,1,23],"tags":[],"class_list":["post-8690","post","type-post","status-publish","format-standard","has-post-thumbnail","hentry","category-une","category-actu","category-eau-et-assainissement"],"yoast_head":"<!-- This site is optimized with the Yoast SEO plugin v27.5 - https:\/\/yoast.com\/product\/yoast-seo-wordpress\/ -->\n<title>Acc\u00e8s \u00e0 l&#039;eau potable : Les populations de la R\u00e9gion des Hauts-Bassins verront bient\u00f4t leur calvaire soulag\u00e9\u00a0 - La Tribune du Faso<\/title>\n<meta name=\"robots\" content=\"index, follow, max-snippet:-1, max-image-preview:large, max-video-preview:-1\" \/>\n<link rel=\"canonical\" href=\"https:\/\/www.latribunedufaso.net\/?p=8690\" \/>\n<meta property=\"og:locale\" content=\"fr_FR\" \/>\n<meta property=\"og:type\" content=\"article\" \/>\n<meta property=\"og:title\" content=\"Acc\u00e8s \u00e0 l&#039;eau potable : Les populations de la R\u00e9gion des Hauts-Bassins verront bient\u00f4t leur calvaire soulag\u00e9\u00a0 - La Tribune du Faso\" \/>\n<meta property=\"og:description\" content=\"Ce samedi 12 ao\u00fbt 2023, le ministre de l\u2019Environnement, de l\u2019Eau et de l\u2019Assainissement, Roger Barro, a visit\u00e9 des chantiers de r\u00e9alisation des infrastructures hydrauliques de la station de l\u2019Office nationale de l\u2019eau (ONEA) de la ville de Bobo-Dioulasso. A termes, ces infrastructures permettront de renforcer les capacit\u00e9s de production d&rsquo;eau dans la r\u00e9gion.\" \/>\n<meta property=\"og:url\" content=\"https:\/\/www.latribunedufaso.net\/?p=8690\" \/>\n<meta property=\"og:site_name\" content=\"La Tribune du Faso\" \/>\n<meta property=\"article:publisher\" content=\"https:\/\/www.facebook.com\/LatribuneduFaso\/\" \/>\n<meta property=\"article:published_time\" content=\"2023-08-14T16:35:21+00:00\" \/>\n<meta property=\"og:image\" content=\"https:\/\/www.latribunedufaso.net\/wp-content\/uploads\/2023\/08\/FB_IMG_1692029227482-1.jpg\" \/>\n\t<meta property=\"og:image:width\" content=\"720\" \/>\n\t<meta property=\"og:image:height\" content=\"567\" \/>\n\t<meta property=\"og:image:type\" content=\"image\/jpeg\" \/>\n<meta name=\"author\" content=\"Issouf Tapsoba\" \/>\n<meta name=\"twitter:label1\" content=\"\u00c9crit par\" \/>\n\t<meta name=\"twitter:data1\" content=\"Issouf Tapsoba\" \/>\n\t<meta name=\"twitter:label2\" content=\"Dur\u00e9e de lecture estim\u00e9e\" \/>\n\t<meta name=\"twitter:data2\" content=\"1 minute\" \/>\n<script type=\"application\/ld+json\" class=\"yoast-schema-graph\">{\"@context\":\"https:\\\/\\\/schema.org\",\"@graph\":[{\"@type\":\"Article\",\"@id\":\"https:\\\/\\\/www.latribunedufaso.net\\\/?p=8690#article\",\"isPartOf\":{\"@id\":\"https:\\\/\\\/www.latribunedufaso.net\\\/?p=8690\"},\"author\":{\"name\":\"Issouf Tapsoba\",\"@id\":\"https:\\\/\\\/www.latribunedufaso.net\\\/#\\\/schema\\\/person\\\/e54e64c5778a7e72cf80a318b7a622b0\"},\"headline\":\"Acc\u00e8s \u00e0 l&rsquo;eau potable : Les populations de la R\u00e9gion des Hauts-Bassins verront bient\u00f4t leur calvaire soulag\u00e9\u00a0\",\"datePublished\":\"2023-08-14T16:35:21+00:00\",\"mainEntityOfPage\":{\"@id\":\"https:\\\/\\\/www.latribunedufaso.net\\\/?p=8690\"},\"wordCount\":311,\"commentCount\":0,\"publisher\":{\"@id\":\"https:\\\/\\\/www.latribunedufaso.net\\\/#organization\"},\"image\":{\"@id\":\"https:\\\/\\\/www.latribunedufaso.net\\\/?p=8690#primaryimage\"},\"thumbnailUrl\":\"https:\\\/\\\/www.latribunedufaso.net\\\/wp-content\\\/uploads\\\/2023\\\/08\\\/FB_IMG_1692029227482-1.jpg\",\"articleSection\":[\"A la une\",\"Actualit\u00e9\",\"Eau et assainissement\"],\"inLanguage\":\"fr-FR\",\"potentialAction\":[{\"@type\":\"CommentAction\",\"name\":\"Comment\",\"target\":[\"https:\\\/\\\/www.latribunedufaso.net\\\/?p=8690#respond\"]}]},{\"@type\":\"WebPage\",\"@id\":\"https:\\\/\\\/www.latribunedufaso.net\\\/?p=8690\",\"url\":\"https:\\\/\\\/www.latribunedufaso.net\\\/?p=8690\",\"name\":\"Acc\u00e8s \u00e0 l'eau potable : Les populations de la R\u00e9gion des Hauts-Bassins verront bient\u00f4t leur calvaire soulag\u00e9\u00a0 - La Tribune du Faso\",\"isPartOf\":{\"@id\":\"https:\\\/\\\/www.latribunedufaso.net\\\/#website\"},\"primaryImageOfPage\":{\"@id\":\"https:\\\/\\\/www.latribunedufaso.net\\\/?p=8690#primaryimage\"},\"image\":{\"@id\":\"https:\\\/\\\/www.latribunedufaso.net\\\/?p=8690#primaryimage\"},\"thumbnailUrl\":\"https:\\\/\\\/www.latribunedufaso.net\\\/wp-content\\\/uploads\\\/2023\\\/08\\\/FB_IMG_1692029227482-1.jpg\",\"datePublished\":\"2023-08-14T16:35:21+00:00\",\"breadcrumb\":{\"@id\":\"https:\\\/\\\/www.latribunedufaso.net\\\/?p=8690#breadcrumb\"},\"inLanguage\":\"fr-FR\",\"potentialAction\":[{\"@type\":\"ReadAction\",\"target\":[\"https:\\\/\\\/www.latribunedufaso.net\\\/?p=8690\"]}]},{\"@type\":\"ImageObject\",\"inLanguage\":\"fr-FR\",\"@id\":\"https:\\\/\\\/www.latribunedufaso.net\\\/?p=8690#primaryimage\",\"url\":\"https:\\\/\\\/www.latribunedufaso.net\\\/wp-content\\\/uploads\\\/2023\\\/08\\\/FB_IMG_1692029227482-1.jpg\",\"contentUrl\":\"https:\\\/\\\/www.latribunedufaso.net\\\/wp-content\\\/uploads\\\/2023\\\/08\\\/FB_IMG_1692029227482-1.jpg\",\"width\":720,\"height\":567},{\"@type\":\"BreadcrumbList\",\"@id\":\"https:\\\/\\\/www.latribunedufaso.net\\\/?p=8690#breadcrumb\",\"itemListElement\":[{\"@type\":\"ListItem\",\"position\":1,\"name\":\"Accueil\",\"item\":\"https:\\\/\\\/www.latribunedufaso.net\\\/\"},{\"@type\":\"ListItem\",\"position\":2,\"name\":\"Acc\u00e8s \u00e0 l&rsquo;eau potable : Les populations de la R\u00e9gion des Hauts-Bassins verront bient\u00f4t leur calvaire soulag\u00e9\u00a0\"}]},{\"@type\":\"WebSite\",\"@id\":\"https:\\\/\\\/www.latribunedufaso.net\\\/#website\",\"url\":\"https:\\\/\\\/www.latribunedufaso.net\\\/\",\"name\":\"La Tribune du Faso\",\"description\":\"L&#039;information du monde rural en un clic\",\"publisher\":{\"@id\":\"https:\\\/\\\/www.latribunedufaso.net\\\/#organization\"},\"potentialAction\":[{\"@type\":\"SearchAction\",\"target\":{\"@type\":\"EntryPoint\",\"urlTemplate\":\"https:\\\/\\\/www.latribunedufaso.net\\\/?s={search_term_string}\"},\"query-input\":{\"@type\":\"PropertyValueSpecification\",\"valueRequired\":true,\"valueName\":\"search_term_string\"}}],\"inLanguage\":\"fr-FR\"},{\"@type\":\"Organization\",\"@id\":\"https:\\\/\\\/www.latribunedufaso.net\\\/#organization\",\"name\":\"La Tribune du Faso\",\"url\":\"https:\\\/\\\/www.latribunedufaso.net\\\/\",\"logo\":{\"@type\":\"ImageObject\",\"inLanguage\":\"fr-FR\",\"@id\":\"https:\\\/\\\/www.latribunedufaso.net\\\/#\\\/schema\\\/logo\\\/image\\\/\",\"url\":\"https:\\\/\\\/www.latribunedufaso.net\\\/wp-content\\\/uploads\\\/2020\\\/08\\\/Logo-Tribune-du-Faso-final-scaled.jpg\",\"contentUrl\":\"https:\\\/\\\/www.latribunedufaso.net\\\/wp-content\\\/uploads\\\/2020\\\/08\\\/Logo-Tribune-du-Faso-final-scaled.jpg\",\"width\":2560,\"height\":1856,\"caption\":\"La Tribune du Faso\"},\"image\":{\"@id\":\"https:\\\/\\\/www.latribunedufaso.net\\\/#\\\/schema\\\/logo\\\/image\\\/\"},\"sameAs\":[\"https:\\\/\\\/www.facebook.com\\\/LatribuneduFaso\\\/\"]},{\"@type\":\"Person\",\"@id\":\"https:\\\/\\\/www.latribunedufaso.net\\\/#\\\/schema\\\/person\\\/e54e64c5778a7e72cf80a318b7a622b0\",\"name\":\"Issouf Tapsoba\",\"image\":{\"@type\":\"ImageObject\",\"inLanguage\":\"fr-FR\",\"@id\":\"https:\\\/\\\/secure.gravatar.com\\\/avatar\\\/5e6c05150ce3230247d167f5b94d678eb05936197436d69b7921e3a95c9107ac?s=96&d=mm&r=g\",\"url\":\"https:\\\/\\\/secure.gravatar.com\\\/avatar\\\/5e6c05150ce3230247d167f5b94d678eb05936197436d69b7921e3a95c9107ac?s=96&d=mm&r=g\",\"contentUrl\":\"https:\\\/\\\/secure.gravatar.com\\\/avatar\\\/5e6c05150ce3230247d167f5b94d678eb05936197436d69b7921e3a95c9107ac?s=96&d=mm&r=g\",\"caption\":\"Issouf Tapsoba\"},\"url\":\"https:\\\/\\\/www.latribunedufaso.net\\\/?author=5\"}]}<\/script>\n<!-- \/ Yoast SEO plugin. -->","yoast_head_json":{"title":"Acc\u00e8s \u00e0 l'eau potable : Les populations de la R\u00e9gion des Hauts-Bassins verront bient\u00f4t leur calvaire soulag\u00e9\u00a0 - La Tribune du Faso","robots":{"index":"index","follow":"follow","max-snippet":"max-snippet:-1","max-image-preview":"max-image-preview:large","max-video-preview":"max-video-preview:-1"},"canonical":"https:\/\/www.latribunedufaso.net\/?p=8690","og_locale":"fr_FR","og_type":"article","og_title":"Acc\u00e8s \u00e0 l'eau potable : Les populations de la R\u00e9gion des Hauts-Bassins verront bient\u00f4t leur calvaire soulag\u00e9\u00a0 - La Tribune du Faso","og_description":"Ce samedi 12 ao\u00fbt 2023, le ministre de l\u2019Environnement, de l\u2019Eau et de l\u2019Assainissement, Roger Barro, a visit\u00e9 des chantiers de r\u00e9alisation des infrastructures hydrauliques de la station de l\u2019Office nationale de l\u2019eau (ONEA) de la ville de Bobo-Dioulasso. A termes, ces infrastructures permettront de renforcer les capacit\u00e9s de production d&rsquo;eau dans la r\u00e9gion.","og_url":"https:\/\/www.latribunedufaso.net\/?p=8690","og_site_name":"La Tribune du Faso","article_publisher":"https:\/\/www.facebook.com\/LatribuneduFaso\/","article_published_time":"2023-08-14T16:35:21+00:00","og_image":[{"width":720,"height":567,"url":"https:\/\/www.latribunedufaso.net\/wp-content\/uploads\/2023\/08\/FB_IMG_1692029227482-1.jpg","type":"image\/jpeg"}],"author":"Issouf Tapsoba","twitter_misc":{"\u00c9crit par":"Issouf Tapsoba","Dur\u00e9e de lecture estim\u00e9e":"1 minute"},"schema":{"@context":"https:\/\/schema.org","@graph":[{"@type":"Article","@id":"https:\/\/www.latribunedufaso.net\/?p=8690#article","isPartOf":{"@id":"https:\/\/www.latribunedufaso.net\/?p=8690"},"author":{"name":"Issouf Tapsoba","@id":"https:\/\/www.latribunedufaso.net\/#\/schema\/person\/e54e64c5778a7e72cf80a318b7a622b0"},"headline":"Acc\u00e8s \u00e0 l&rsquo;eau potable : Les populations de la R\u00e9gion des Hauts-Bassins verront bient\u00f4t leur calvaire soulag\u00e9\u00a0","datePublished":"2023-08-14T16:35:21+00:00","mainEntityOfPage":{"@id":"https:\/\/www.latribunedufaso.net\/?p=8690"},"wordCount":311,"commentCount":0,"publisher":{"@id":"https:\/\/www.latribunedufaso.net\/#organization"},"image":{"@id":"https:\/\/www.latribunedufaso.net\/?p=8690#primaryimage"},"thumbnailUrl":"https:\/\/www.latribunedufaso.net\/wp-content\/uploads\/2023\/08\/FB_IMG_1692029227482-1.jpg","articleSection":["A la une","Actualit\u00e9","Eau et assainissement"],"inLanguage":"fr-FR","potentialAction":[{"@type":"CommentAction","name":"Comment","target":["https:\/\/www.latribunedufaso.net\/?p=8690#respond"]}]},{"@type":"WebPage","@id":"https:\/\/www.latribunedufaso.net\/?p=8690","url":"https:\/\/www.latribunedufaso.net\/?p=8690","name":"Acc\u00e8s \u00e0 l'eau potable : Les populations de la R\u00e9gion des Hauts-Bassins verront bient\u00f4t leur calvaire soulag\u00e9\u00a0 - La Tribune du Faso","isPartOf":{"@id":"https:\/\/www.latribunedufaso.net\/#website"},"primaryImageOfPage":{"@id":"https:\/\/www.latribunedufaso.net\/?p=8690#primaryimage"},"image":{"@id":"https:\/\/www.latribunedufaso.net\/?p=8690#primaryimage"},"thumbnailUrl":"https:\/\/www.latribunedufaso.net\/wp-content\/uploads\/2023\/08\/FB_IMG_1692029227482-1.jpg","datePublished":"2023-08-14T16:35:21+00:00","breadcrumb":{"@id":"https:\/\/www.latribunedufaso.net\/?p=8690#breadcrumb"},"inLanguage":"fr-FR","potentialAction":[{"@type":"ReadAction","target":["https:\/\/www.latribunedufaso.net\/?p=8690"]}]},{"@type":"ImageObject","inLanguage":"fr-FR","@id":"https:\/\/www.latribunedufaso.net\/?p=8690#primaryimage","url":"https:\/\/www.latribunedufaso.net\/wp-content\/uploads\/2023\/08\/FB_IMG_1692029227482-1.jpg","contentUrl":"https:\/\/www.latribunedufaso.net\/wp-content\/uploads\/2023\/08\/FB_IMG_1692029227482-1.jpg","width":720,"height":567},{"@type":"BreadcrumbList","@id":"https:\/\/www.latribunedufaso.net\/?p=8690#breadcrumb","itemListElement":[{"@type":"ListItem","position":1,"name":"Accueil","item":"https:\/\/www.latribunedufaso.net\/"},{"@type":"ListItem","position":2,"name":"Acc\u00e8s \u00e0 l&rsquo;eau potable : Les populations de la R\u00e9gion des Hauts-Bassins verront bient\u00f4t leur calvaire soulag\u00e9\u00a0"}]},{"@type":"WebSite","@id":"https:\/\/www.latribunedufaso.net\/#website","url":"https:\/\/www.latribunedufaso.net\/","name":"La Tribune du Faso","description":"L&#039;information du monde rural en un clic","publisher":{"@id":"https:\/\/www.latribunedufaso.net\/#organization"},"potentialAction":[{"@type":"SearchAction","target":{"@type":"EntryPoint","urlTemplate":"https:\/\/www.latribunedufaso.net\/?s={search_term_string}"},"query-input":{"@type":"PropertyValueSpecification","valueRequired":true,"valueName":"search_term_string"}}],"inLanguage":"fr-FR"},{"@type":"Organization","@id":"https:\/\/www.latribunedufaso.net\/#organization","name":"La Tribune du Faso","url":"https:\/\/www.latribunedufaso.net\/","logo":{"@type":"ImageObject","inLanguage":"fr-FR","@id":"https:\/\/www.latribunedufaso.net\/#\/schema\/logo\/image\/","url":"https:\/\/www.latribunedufaso.net\/wp-content\/uploads\/2020\/08\/Logo-Tribune-du-Faso-final-scaled.jpg","contentUrl":"https:\/\/www.latribunedufaso.net\/wp-content\/uploads\/2020\/08\/Logo-Tribune-du-Faso-final-scaled.jpg","width":2560,"height":1856,"caption":"La Tribune du Faso"},"image":{"@id":"https:\/\/www.latribunedufaso.net\/#\/schema\/logo\/image\/"},"sameAs":["https:\/\/www.facebook.com\/LatribuneduFaso\/"]},{"@type":"Person","@id":"https:\/\/www.latribunedufaso.net\/#\/schema\/person\/e54e64c5778a7e72cf80a318b7a622b0","name":"Issouf Tapsoba","image":{"@type":"ImageObject","inLanguage":"fr-FR","@id":"https:\/\/secure.gravatar.com\/avatar\/5e6c05150ce3230247d167f5b94d678eb05936197436d69b7921e3a95c9107ac?s=96&d=mm&r=g","url":"https:\/\/secure.gravatar.com\/avatar\/5e6c05150ce3230247d167f5b94d678eb05936197436d69b7921e3a95c9107ac?s=96&d=mm&r=g","contentUrl":"https:\/\/secure.gravatar.com\/avatar\/5e6c05150ce3230247d167f5b94d678eb05936197436d69b7921e3a95c9107ac?s=96&d=mm&r=g","caption":"Issouf Tapsoba"},"url":"https:\/\/www.latribunedufaso.net\/?author=5"}]}},"_links":{"self":[{"href":"https:\/\/www.latribunedufaso.net\/index.php?rest_route=\/wp\/v2\/posts\/8690","targetHints":{"allow":["GET"]}}],"collection":[{"href":"https:\/\/www.latribunedufaso.net\/index.php?rest_route=\/wp\/v2\/posts"}],"about":[{"href":"https:\/\/www.latribunedufaso.net\/index.php?rest_route=\/wp\/v2\/types\/post"}],"author":[{"embeddable":true,"href":"https:\/\/www.latribunedufaso.net\/index.php?rest_route=\/wp\/v2\/users\/5"}],"replies":[{"embeddable":true,"href":"https:\/\/www.latribunedufaso.net\/index.php?rest_route=%2Fwp%2Fv2%2Fcomments&post=8690"}],"version-history":[{"count":1,"href":"https:\/\/www.latribunedufaso.net\/index.php?rest_route=\/wp\/v2\/posts\/8690\/revisions"}],"predecessor-version":[{"id":8697,"href":"https:\/\/www.latribunedufaso.net\/index.php?rest_route=\/wp\/v2\/posts\/8690\/revisions\/8697"}],"wp:featuredmedia":[{"embeddable":true,"href":"https:\/\/www.latribunedufaso.net\/index.php?rest_route=\/wp\/v2\/media\/8696"}],"wp:attachment":[{"href":"https:\/\/www.latribunedufaso.net\/index.php?rest_route=%2Fwp%2Fv2%2Fmedia&parent=8690"}],"wp:term":[{"taxonomy":"category","embeddable":true,"href":"https:\/\/www.latribunedufaso.net\/index.php?rest_route=%2Fwp%2Fv2%2Fcategories&post=8690"},{"taxonomy":"post_tag","embeddable":true,"href":"https:\/\/www.latribunedufaso.net\/index.php?rest_route=%2Fwp%2Fv2%2Ftags&post=8690"}],"curies":[{"name":"wp","href":"https:\/\/api.w.org\/{rel}","templated":true}]}}