{"id":8661,"date":"2023-08-11T23:52:43","date_gmt":"2023-08-11T23:52:43","guid":{"rendered":"https:\/\/www.latribunedufaso.net\/?p=8661"},"modified":"2023-08-11T23:52:43","modified_gmt":"2023-08-11T23:52:43","slug":"gouvernance-le-premier-ministre-me-apollinaire-kyelem-evalue-la-mise-en-oeuvre-des-programmes-2023-des-differents-ministres","status":"publish","type":"post","link":"https:\/\/www.latribunedufaso.net\/?p=8661","title":{"rendered":"Gouvernance : Le Premier ministre, Me Apollinaire Kyelem \u00e9value la mise en \u0153uvre des programmes 2023 des diff\u00e9rents ministres"},"content":{"rendered":"<p><strong><span style=\"font-size: 1.0625rem;\">Le Premier Ministre, Me Appolinaire Kyelem, re\u00e7oit les 11, 12 et 14 ao\u00fbt 2023 \u00e0 Ouagadougou, les membres du gouvernement . Cette rencontre s\u2019inscrit dans le cadre de l\u2019\u00e9valuation des contrats d\u2019objectifs assign\u00e9s \u00e0 chaque ministre.<\/span><\/strong><br \/><!--more--><\/p>\n<p>L\u2019objectif g\u00e9n\u00e9ral de l\u2019exercice est d\u2019\u00e9valuer la mise en \u0153uvre des programmations annuelles 2023 des contrats d\u2019objectifs des ministres au 30 juin.<\/p>\n<p>De fa\u00e7on sp\u00e9cifique, il s\u2019agit de pr\u00e9senter et appr\u00e9cier la situation d\u2019ex\u00e9cution semestrielle du contrat d\u2019objectifs de chaque ministre, d\u2019\u00e9changer sur l\u2019\u00e9tat d\u2019avancement de la r\u00e9alisation des actions, les difficult\u00e9s et les perspectives de mise en \u0153uvre des contrats, de donner des orientations pour une mise en \u0153uvre r\u00e9ussie des contrats d\u2019objectifs des ministres.\u00a0<\/p>\n<p><a href=\"https:\/\/www.latribunedufaso.net\/wp-content\/uploads\/2023\/08\/FB_IMG_1691797763517.jpg\"><img loading=\"lazy\" decoding=\"async\" class=\"size-medium wp-image-8664 alignleft\" src=\"https:\/\/www.latribunedufaso.net\/wp-content\/uploads\/2023\/08\/FB_IMG_1691797763517-300x200.jpg\" alt=\"\" width=\"300\" height=\"200\" srcset=\"https:\/\/www.latribunedufaso.net\/wp-content\/uploads\/2023\/08\/FB_IMG_1691797763517-300x200.jpg 300w, https:\/\/www.latribunedufaso.net\/wp-content\/uploads\/2023\/08\/FB_IMG_1691797763517-120x80.jpg 120w, https:\/\/www.latribunedufaso.net\/wp-content\/uploads\/2023\/08\/FB_IMG_1691797763517-360x240.jpg 360w, https:\/\/www.latribunedufaso.net\/wp-content\/uploads\/2023\/08\/FB_IMG_1691797763517-600x400.jpg 600w, https:\/\/www.latribunedufaso.net\/wp-content\/uploads\/2023\/08\/FB_IMG_1691797763517.jpg 720w\" sizes=\"auto, (max-width: 300px) 100vw, 300px\" \/><\/a>En effet, le Burkina Faso a adopt\u00e9 en 2015 la loi organique n\u00b02015-073\/CNT du 06 novembre relative aux lois de finances. Cette loi engage les gestionnaires publics sur des crit\u00e8res de performance dans la mise en \u0153uvre des actions. Dans cette dynamique, depuis 2021, le Premier ministre, Me Apollinaire Joachimson Ky\u00e9lem, a assign\u00e9 \u00e0 chaque ministre un contrat d\u2019objectifs ax\u00e9 sur les priorit\u00e9s strat\u00e9giques de la Transition.\u00a0<\/p>\n<p>Le niveau d\u2019atteinte desdits objectifs doit faire l\u2019objet trimestriellement de rapport d\u2019ex\u00e9cution afin de s\u2019assurer de l\u2019atteinte des r\u00e9sultats et permettre la prise de mesures correctives au besoin.\u00a0\u00a0<\/p>\n<p><a href=\"https:\/\/www.latribunedufaso.net\/wp-content\/uploads\/2023\/08\/FB_IMG_1691797768699.jpg\"><img loading=\"lazy\" decoding=\"async\" class=\"size-medium wp-image-8662 alignleft\" src=\"https:\/\/www.latribunedufaso.net\/wp-content\/uploads\/2023\/08\/FB_IMG_1691797768699-300x200.jpg\" alt=\"\" width=\"300\" height=\"200\" srcset=\"https:\/\/www.latribunedufaso.net\/wp-content\/uploads\/2023\/08\/FB_IMG_1691797768699-300x200.jpg 300w, https:\/\/www.latribunedufaso.net\/wp-content\/uploads\/2023\/08\/FB_IMG_1691797768699-120x80.jpg 120w, https:\/\/www.latribunedufaso.net\/wp-content\/uploads\/2023\/08\/FB_IMG_1691797768699-360x240.jpg 360w, https:\/\/www.latribunedufaso.net\/wp-content\/uploads\/2023\/08\/FB_IMG_1691797768699-600x400.jpg 600w, https:\/\/www.latribunedufaso.net\/wp-content\/uploads\/2023\/08\/FB_IMG_1691797768699.jpg 720w\" sizes=\"auto, (max-width: 300px) 100vw, 300px\" \/><\/a>\u00ab Nous avons not\u00e9 l\u2019ensemble des points qui ont \u00e9t\u00e9 ex\u00e9cut\u00e9s par rapport au contrat d\u2019objectif, l\u2019ensemble des points en cours d\u2019ex\u00e9cution et l\u2019ensemble des points restant \u00bb, a indiqu\u00e9 Bassolma Bazi\u00e9, ministre de la Fonction publique \u00e0 sa sortie de travail avec le Premier ministre.<\/p>\n<p>Faire le bilan \u00e0 mi-mandat ne semble pas une mission facile. Cela est d\u00fb \u00e0 \u00ab la fa\u00e7on dont l\u2019objectif est d\u00e9clin\u00e9 et le fait que l\u2019indicateur d\u2019ex\u00e9cution ne prend pas en compte le parcours d\u2019ex\u00e9cution \u00bb, a expliqu\u00e9 le ministre de la Fonction publique.\u00a0<\/p>\n<p>Cependant, poursuit-il, pour ce bilan semestriel, les taux d\u2019ex\u00e9cution sont appr\u00e9ciables. On note 50% comme taux de r\u00e9alisation des objectifs fix\u00e9s par le contrat au minist\u00e8re de la fonction publique.<\/p>\n<p><a href=\"https:\/\/www.latribunedufaso.net\/wp-content\/uploads\/2023\/08\/FB_IMG_1691797771039.jpg\"><img loading=\"lazy\" decoding=\"async\" class=\"size-medium wp-image-8663 alignleft\" src=\"https:\/\/www.latribunedufaso.net\/wp-content\/uploads\/2023\/08\/FB_IMG_1691797771039-276x300.jpg\" alt=\"\" width=\"276\" height=\"300\" srcset=\"https:\/\/www.latribunedufaso.net\/wp-content\/uploads\/2023\/08\/FB_IMG_1691797771039-276x300.jpg 276w, https:\/\/www.latribunedufaso.net\/wp-content\/uploads\/2023\/08\/FB_IMG_1691797771039.jpg 720w\" sizes=\"auto, (max-width: 276px) 100vw, 276px\" \/><\/a>\u00ab Sur 11 objectifs strat\u00e9giques re\u00e7us, 08 ont \u00e9t\u00e9 mis en \u0153uvre enti\u00e8rement. Nous avons un taux de r\u00e9alisation de 60% au premier semestre et le premier ministre nous a f\u00e9licit\u00e9 et demander de garder le cap pour que d\u2019ici la fin de l\u2019ann\u00e9e les objectifs soient atteints \u00bb, a pour sa part signifi\u00e9 le ministre en charge du Commerce, Serge Poda.<\/p>\n<p>Il faut noter que tous les autres ministres passeront \u00e0 cet exercice, et ce, jusqu\u2019au 14 ao\u00fbt 2023.<\/p>\n<p><strong>Rosana Astride Kiendrebeogo et Nabintou Ouattara (stagiaire)<\/strong><\/p>\n<p><strong>Latribunedufaso.net<\/strong><\/p>\n","protected":false},"excerpt":{"rendered":"<p>Le Premier Ministre, Me Appolinaire Kyelem, re\u00e7oit les 11, 12 et 14 ao\u00fbt 2023 \u00e0 Ouagadougou, les membres du gouvernement . Cette rencontre s\u2019inscrit dans le cadre de l\u2019\u00e9valuation des contrats d\u2019objectifs assign\u00e9s \u00e0 chaque ministre.<\/p>\n","protected":false},"author":5,"featured_media":8665,"comment_status":"open","ping_status":"open","sticky":false,"template":"","format":"standard","meta":{"footnotes":""},"categories":[13,1,8],"tags":[],"class_list":["post-8661","post","type-post","status-publish","format-standard","has-post-thumbnail","hentry","category-une","category-actu","category-societe"],"yoast_head":"<!-- This site is optimized with the Yoast SEO plugin v27.5 - https:\/\/yoast.com\/product\/yoast-seo-wordpress\/ -->\n<title>Gouvernance : Le Premier ministre, Me Apollinaire Kyelem \u00e9value la mise en \u0153uvre des programmes 2023 des diff\u00e9rents ministres - La Tribune du Faso<\/title>\n<meta name=\"robots\" content=\"index, follow, max-snippet:-1, max-image-preview:large, max-video-preview:-1\" \/>\n<link rel=\"canonical\" href=\"https:\/\/www.latribunedufaso.net\/?p=8661\" \/>\n<meta property=\"og:locale\" content=\"fr_FR\" \/>\n<meta property=\"og:type\" content=\"article\" \/>\n<meta property=\"og:title\" content=\"Gouvernance : Le Premier ministre, Me Apollinaire Kyelem \u00e9value la mise en \u0153uvre des programmes 2023 des diff\u00e9rents ministres - La Tribune du Faso\" \/>\n<meta property=\"og:description\" content=\"Le Premier Ministre, Me Appolinaire Kyelem, re\u00e7oit les 11, 12 et 14 ao\u00fbt 2023 \u00e0 Ouagadougou, les membres du gouvernement . Cette rencontre s\u2019inscrit dans le cadre de l\u2019\u00e9valuation des contrats d\u2019objectifs assign\u00e9s \u00e0 chaque ministre.\" \/>\n<meta property=\"og:url\" content=\"https:\/\/www.latribunedufaso.net\/?p=8661\" \/>\n<meta property=\"og:site_name\" content=\"La Tribune du Faso\" \/>\n<meta property=\"article:publisher\" content=\"https:\/\/www.facebook.com\/LatribuneduFaso\/\" \/>\n<meta property=\"article:published_time\" content=\"2023-08-11T23:52:43+00:00\" \/>\n<meta property=\"og:image\" content=\"https:\/\/www.latribunedufaso.net\/wp-content\/uploads\/2023\/08\/FB_IMG_1691797766137.jpg\" \/>\n\t<meta property=\"og:image:width\" content=\"720\" \/>\n\t<meta property=\"og:image:height\" content=\"452\" \/>\n\t<meta property=\"og:image:type\" content=\"image\/jpeg\" \/>\n<meta name=\"author\" content=\"Issouf Tapsoba\" \/>\n<meta name=\"twitter:label1\" content=\"\u00c9crit par\" \/>\n\t<meta name=\"twitter:data1\" content=\"Issouf Tapsoba\" \/>\n\t<meta name=\"twitter:label2\" content=\"Dur\u00e9e de lecture estim\u00e9e\" \/>\n\t<meta name=\"twitter:data2\" content=\"2 minutes\" \/>\n<script type=\"application\/ld+json\" class=\"yoast-schema-graph\">{\"@context\":\"https:\\\/\\\/schema.org\",\"@graph\":[{\"@type\":\"Article\",\"@id\":\"https:\\\/\\\/www.latribunedufaso.net\\\/?p=8661#article\",\"isPartOf\":{\"@id\":\"https:\\\/\\\/www.latribunedufaso.net\\\/?p=8661\"},\"author\":{\"name\":\"Issouf Tapsoba\",\"@id\":\"https:\\\/\\\/www.latribunedufaso.net\\\/#\\\/schema\\\/person\\\/e54e64c5778a7e72cf80a318b7a622b0\"},\"headline\":\"Gouvernance : Le Premier ministre, Me Apollinaire Kyelem \u00e9value la mise en \u0153uvre des programmes 2023 des diff\u00e9rents ministres\",\"datePublished\":\"2023-08-11T23:52:43+00:00\",\"mainEntityOfPage\":{\"@id\":\"https:\\\/\\\/www.latribunedufaso.net\\\/?p=8661\"},\"wordCount\":479,\"commentCount\":0,\"publisher\":{\"@id\":\"https:\\\/\\\/www.latribunedufaso.net\\\/#organization\"},\"image\":{\"@id\":\"https:\\\/\\\/www.latribunedufaso.net\\\/?p=8661#primaryimage\"},\"thumbnailUrl\":\"https:\\\/\\\/www.latribunedufaso.net\\\/wp-content\\\/uploads\\\/2023\\\/08\\\/FB_IMG_1691797766137.jpg\",\"articleSection\":[\"A la une\",\"Actualit\u00e9\",\"Soci\u00e9t\u00e9\"],\"inLanguage\":\"fr-FR\",\"potentialAction\":[{\"@type\":\"CommentAction\",\"name\":\"Comment\",\"target\":[\"https:\\\/\\\/www.latribunedufaso.net\\\/?p=8661#respond\"]}]},{\"@type\":\"WebPage\",\"@id\":\"https:\\\/\\\/www.latribunedufaso.net\\\/?p=8661\",\"url\":\"https:\\\/\\\/www.latribunedufaso.net\\\/?p=8661\",\"name\":\"Gouvernance : Le Premier ministre, Me Apollinaire Kyelem \u00e9value la mise en \u0153uvre des programmes 2023 des diff\u00e9rents ministres - La Tribune du Faso\",\"isPartOf\":{\"@id\":\"https:\\\/\\\/www.latribunedufaso.net\\\/#website\"},\"primaryImageOfPage\":{\"@id\":\"https:\\\/\\\/www.latribunedufaso.net\\\/?p=8661#primaryimage\"},\"image\":{\"@id\":\"https:\\\/\\\/www.latribunedufaso.net\\\/?p=8661#primaryimage\"},\"thumbnailUrl\":\"https:\\\/\\\/www.latribunedufaso.net\\\/wp-content\\\/uploads\\\/2023\\\/08\\\/FB_IMG_1691797766137.jpg\",\"datePublished\":\"2023-08-11T23:52:43+00:00\",\"breadcrumb\":{\"@id\":\"https:\\\/\\\/www.latribunedufaso.net\\\/?p=8661#breadcrumb\"},\"inLanguage\":\"fr-FR\",\"potentialAction\":[{\"@type\":\"ReadAction\",\"target\":[\"https:\\\/\\\/www.latribunedufaso.net\\\/?p=8661\"]}]},{\"@type\":\"ImageObject\",\"inLanguage\":\"fr-FR\",\"@id\":\"https:\\\/\\\/www.latribunedufaso.net\\\/?p=8661#primaryimage\",\"url\":\"https:\\\/\\\/www.latribunedufaso.net\\\/wp-content\\\/uploads\\\/2023\\\/08\\\/FB_IMG_1691797766137.jpg\",\"contentUrl\":\"https:\\\/\\\/www.latribunedufaso.net\\\/wp-content\\\/uploads\\\/2023\\\/08\\\/FB_IMG_1691797766137.jpg\",\"width\":720,\"height\":452},{\"@type\":\"BreadcrumbList\",\"@id\":\"https:\\\/\\\/www.latribunedufaso.net\\\/?p=8661#breadcrumb\",\"itemListElement\":[{\"@type\":\"ListItem\",\"position\":1,\"name\":\"Accueil\",\"item\":\"https:\\\/\\\/www.latribunedufaso.net\\\/\"},{\"@type\":\"ListItem\",\"position\":2,\"name\":\"Gouvernance : Le Premier ministre, Me Apollinaire Kyelem \u00e9value la mise en \u0153uvre des programmes 2023 des diff\u00e9rents ministres\"}]},{\"@type\":\"WebSite\",\"@id\":\"https:\\\/\\\/www.latribunedufaso.net\\\/#website\",\"url\":\"https:\\\/\\\/www.latribunedufaso.net\\\/\",\"name\":\"La Tribune du Faso\",\"description\":\"L&#039;information du monde rural en un clic\",\"publisher\":{\"@id\":\"https:\\\/\\\/www.latribunedufaso.net\\\/#organization\"},\"potentialAction\":[{\"@type\":\"SearchAction\",\"target\":{\"@type\":\"EntryPoint\",\"urlTemplate\":\"https:\\\/\\\/www.latribunedufaso.net\\\/?s={search_term_string}\"},\"query-input\":{\"@type\":\"PropertyValueSpecification\",\"valueRequired\":true,\"valueName\":\"search_term_string\"}}],\"inLanguage\":\"fr-FR\"},{\"@type\":\"Organization\",\"@id\":\"https:\\\/\\\/www.latribunedufaso.net\\\/#organization\",\"name\":\"La Tribune du Faso\",\"url\":\"https:\\\/\\\/www.latribunedufaso.net\\\/\",\"logo\":{\"@type\":\"ImageObject\",\"inLanguage\":\"fr-FR\",\"@id\":\"https:\\\/\\\/www.latribunedufaso.net\\\/#\\\/schema\\\/logo\\\/image\\\/\",\"url\":\"https:\\\/\\\/www.latribunedufaso.net\\\/wp-content\\\/uploads\\\/2020\\\/08\\\/Logo-Tribune-du-Faso-final-scaled.jpg\",\"contentUrl\":\"https:\\\/\\\/www.latribunedufaso.net\\\/wp-content\\\/uploads\\\/2020\\\/08\\\/Logo-Tribune-du-Faso-final-scaled.jpg\",\"width\":2560,\"height\":1856,\"caption\":\"La Tribune du Faso\"},\"image\":{\"@id\":\"https:\\\/\\\/www.latribunedufaso.net\\\/#\\\/schema\\\/logo\\\/image\\\/\"},\"sameAs\":[\"https:\\\/\\\/www.facebook.com\\\/LatribuneduFaso\\\/\"]},{\"@type\":\"Person\",\"@id\":\"https:\\\/\\\/www.latribunedufaso.net\\\/#\\\/schema\\\/person\\\/e54e64c5778a7e72cf80a318b7a622b0\",\"name\":\"Issouf Tapsoba\",\"image\":{\"@type\":\"ImageObject\",\"inLanguage\":\"fr-FR\",\"@id\":\"https:\\\/\\\/secure.gravatar.com\\\/avatar\\\/5e6c05150ce3230247d167f5b94d678eb05936197436d69b7921e3a95c9107ac?s=96&d=mm&r=g\",\"url\":\"https:\\\/\\\/secure.gravatar.com\\\/avatar\\\/5e6c05150ce3230247d167f5b94d678eb05936197436d69b7921e3a95c9107ac?s=96&d=mm&r=g\",\"contentUrl\":\"https:\\\/\\\/secure.gravatar.com\\\/avatar\\\/5e6c05150ce3230247d167f5b94d678eb05936197436d69b7921e3a95c9107ac?s=96&d=mm&r=g\",\"caption\":\"Issouf Tapsoba\"},\"url\":\"https:\\\/\\\/www.latribunedufaso.net\\\/?author=5\"}]}<\/script>\n<!-- \/ Yoast SEO plugin. -->","yoast_head_json":{"title":"Gouvernance : Le Premier ministre, Me Apollinaire Kyelem \u00e9value la mise en \u0153uvre des programmes 2023 des diff\u00e9rents ministres - La Tribune du Faso","robots":{"index":"index","follow":"follow","max-snippet":"max-snippet:-1","max-image-preview":"max-image-preview:large","max-video-preview":"max-video-preview:-1"},"canonical":"https:\/\/www.latribunedufaso.net\/?p=8661","og_locale":"fr_FR","og_type":"article","og_title":"Gouvernance : Le Premier ministre, Me Apollinaire Kyelem \u00e9value la mise en \u0153uvre des programmes 2023 des diff\u00e9rents ministres - La Tribune du Faso","og_description":"Le Premier Ministre, Me Appolinaire Kyelem, re\u00e7oit les 11, 12 et 14 ao\u00fbt 2023 \u00e0 Ouagadougou, les membres du gouvernement . Cette rencontre s\u2019inscrit dans le cadre de l\u2019\u00e9valuation des contrats d\u2019objectifs assign\u00e9s \u00e0 chaque ministre.","og_url":"https:\/\/www.latribunedufaso.net\/?p=8661","og_site_name":"La Tribune du Faso","article_publisher":"https:\/\/www.facebook.com\/LatribuneduFaso\/","article_published_time":"2023-08-11T23:52:43+00:00","og_image":[{"width":720,"height":452,"url":"https:\/\/www.latribunedufaso.net\/wp-content\/uploads\/2023\/08\/FB_IMG_1691797766137.jpg","type":"image\/jpeg"}],"author":"Issouf Tapsoba","twitter_misc":{"\u00c9crit par":"Issouf Tapsoba","Dur\u00e9e de lecture estim\u00e9e":"2 minutes"},"schema":{"@context":"https:\/\/schema.org","@graph":[{"@type":"Article","@id":"https:\/\/www.latribunedufaso.net\/?p=8661#article","isPartOf":{"@id":"https:\/\/www.latribunedufaso.net\/?p=8661"},"author":{"name":"Issouf Tapsoba","@id":"https:\/\/www.latribunedufaso.net\/#\/schema\/person\/e54e64c5778a7e72cf80a318b7a622b0"},"headline":"Gouvernance : Le Premier ministre, Me Apollinaire Kyelem \u00e9value la mise en \u0153uvre des programmes 2023 des diff\u00e9rents ministres","datePublished":"2023-08-11T23:52:43+00:00","mainEntityOfPage":{"@id":"https:\/\/www.latribunedufaso.net\/?p=8661"},"wordCount":479,"commentCount":0,"publisher":{"@id":"https:\/\/www.latribunedufaso.net\/#organization"},"image":{"@id":"https:\/\/www.latribunedufaso.net\/?p=8661#primaryimage"},"thumbnailUrl":"https:\/\/www.latribunedufaso.net\/wp-content\/uploads\/2023\/08\/FB_IMG_1691797766137.jpg","articleSection":["A la une","Actualit\u00e9","Soci\u00e9t\u00e9"],"inLanguage":"fr-FR","potentialAction":[{"@type":"CommentAction","name":"Comment","target":["https:\/\/www.latribunedufaso.net\/?p=8661#respond"]}]},{"@type":"WebPage","@id":"https:\/\/www.latribunedufaso.net\/?p=8661","url":"https:\/\/www.latribunedufaso.net\/?p=8661","name":"Gouvernance : Le Premier ministre, Me Apollinaire Kyelem \u00e9value la mise en \u0153uvre des programmes 2023 des diff\u00e9rents ministres - La Tribune du Faso","isPartOf":{"@id":"https:\/\/www.latribunedufaso.net\/#website"},"primaryImageOfPage":{"@id":"https:\/\/www.latribunedufaso.net\/?p=8661#primaryimage"},"image":{"@id":"https:\/\/www.latribunedufaso.net\/?p=8661#primaryimage"},"thumbnailUrl":"https:\/\/www.latribunedufaso.net\/wp-content\/uploads\/2023\/08\/FB_IMG_1691797766137.jpg","datePublished":"2023-08-11T23:52:43+00:00","breadcrumb":{"@id":"https:\/\/www.latribunedufaso.net\/?p=8661#breadcrumb"},"inLanguage":"fr-FR","potentialAction":[{"@type":"ReadAction","target":["https:\/\/www.latribunedufaso.net\/?p=8661"]}]},{"@type":"ImageObject","inLanguage":"fr-FR","@id":"https:\/\/www.latribunedufaso.net\/?p=8661#primaryimage","url":"https:\/\/www.latribunedufaso.net\/wp-content\/uploads\/2023\/08\/FB_IMG_1691797766137.jpg","contentUrl":"https:\/\/www.latribunedufaso.net\/wp-content\/uploads\/2023\/08\/FB_IMG_1691797766137.jpg","width":720,"height":452},{"@type":"BreadcrumbList","@id":"https:\/\/www.latribunedufaso.net\/?p=8661#breadcrumb","itemListElement":[{"@type":"ListItem","position":1,"name":"Accueil","item":"https:\/\/www.latribunedufaso.net\/"},{"@type":"ListItem","position":2,"name":"Gouvernance : Le Premier ministre, Me Apollinaire Kyelem \u00e9value la mise en \u0153uvre des programmes 2023 des diff\u00e9rents ministres"}]},{"@type":"WebSite","@id":"https:\/\/www.latribunedufaso.net\/#website","url":"https:\/\/www.latribunedufaso.net\/","name":"La Tribune du Faso","description":"L&#039;information du monde rural en un clic","publisher":{"@id":"https:\/\/www.latribunedufaso.net\/#organization"},"potentialAction":[{"@type":"SearchAction","target":{"@type":"EntryPoint","urlTemplate":"https:\/\/www.latribunedufaso.net\/?s={search_term_string}"},"query-input":{"@type":"PropertyValueSpecification","valueRequired":true,"valueName":"search_term_string"}}],"inLanguage":"fr-FR"},{"@type":"Organization","@id":"https:\/\/www.latribunedufaso.net\/#organization","name":"La Tribune du Faso","url":"https:\/\/www.latribunedufaso.net\/","logo":{"@type":"ImageObject","inLanguage":"fr-FR","@id":"https:\/\/www.latribunedufaso.net\/#\/schema\/logo\/image\/","url":"https:\/\/www.latribunedufaso.net\/wp-content\/uploads\/2020\/08\/Logo-Tribune-du-Faso-final-scaled.jpg","contentUrl":"https:\/\/www.latribunedufaso.net\/wp-content\/uploads\/2020\/08\/Logo-Tribune-du-Faso-final-scaled.jpg","width":2560,"height":1856,"caption":"La Tribune du Faso"},"image":{"@id":"https:\/\/www.latribunedufaso.net\/#\/schema\/logo\/image\/"},"sameAs":["https:\/\/www.facebook.com\/LatribuneduFaso\/"]},{"@type":"Person","@id":"https:\/\/www.latribunedufaso.net\/#\/schema\/person\/e54e64c5778a7e72cf80a318b7a622b0","name":"Issouf Tapsoba","image":{"@type":"ImageObject","inLanguage":"fr-FR","@id":"https:\/\/secure.gravatar.com\/avatar\/5e6c05150ce3230247d167f5b94d678eb05936197436d69b7921e3a95c9107ac?s=96&d=mm&r=g","url":"https:\/\/secure.gravatar.com\/avatar\/5e6c05150ce3230247d167f5b94d678eb05936197436d69b7921e3a95c9107ac?s=96&d=mm&r=g","contentUrl":"https:\/\/secure.gravatar.com\/avatar\/5e6c05150ce3230247d167f5b94d678eb05936197436d69b7921e3a95c9107ac?s=96&d=mm&r=g","caption":"Issouf Tapsoba"},"url":"https:\/\/www.latribunedufaso.net\/?author=5"}]}},"_links":{"self":[{"href":"https:\/\/www.latribunedufaso.net\/index.php?rest_route=\/wp\/v2\/posts\/8661","targetHints":{"allow":["GET"]}}],"collection":[{"href":"https:\/\/www.latribunedufaso.net\/index.php?rest_route=\/wp\/v2\/posts"}],"about":[{"href":"https:\/\/www.latribunedufaso.net\/index.php?rest_route=\/wp\/v2\/types\/post"}],"author":[{"embeddable":true,"href":"https:\/\/www.latribunedufaso.net\/index.php?rest_route=\/wp\/v2\/users\/5"}],"replies":[{"embeddable":true,"href":"https:\/\/www.latribunedufaso.net\/index.php?rest_route=%2Fwp%2Fv2%2Fcomments&post=8661"}],"version-history":[{"count":1,"href":"https:\/\/www.latribunedufaso.net\/index.php?rest_route=\/wp\/v2\/posts\/8661\/revisions"}],"predecessor-version":[{"id":8666,"href":"https:\/\/www.latribunedufaso.net\/index.php?rest_route=\/wp\/v2\/posts\/8661\/revisions\/8666"}],"wp:featuredmedia":[{"embeddable":true,"href":"https:\/\/www.latribunedufaso.net\/index.php?rest_route=\/wp\/v2\/media\/8665"}],"wp:attachment":[{"href":"https:\/\/www.latribunedufaso.net\/index.php?rest_route=%2Fwp%2Fv2%2Fmedia&parent=8661"}],"wp:term":[{"taxonomy":"category","embeddable":true,"href":"https:\/\/www.latribunedufaso.net\/index.php?rest_route=%2Fwp%2Fv2%2Fcategories&post=8661"},{"taxonomy":"post_tag","embeddable":true,"href":"https:\/\/www.latribunedufaso.net\/index.php?rest_route=%2Fwp%2Fv2%2Ftags&post=8661"}],"curies":[{"name":"wp","href":"https:\/\/api.w.org\/{rel}","templated":true}]}}