{"id":8656,"date":"2023-08-11T19:17:55","date_gmt":"2023-08-11T19:17:55","guid":{"rendered":"https:\/\/www.latribunedufaso.net\/?p=8656"},"modified":"2023-08-11T19:17:55","modified_gmt":"2023-08-11T19:17:55","slug":"agence-de-promotion-de-lexpertise-nationale-apen-un-atelier-de-sensibilisation-sur-les-droits-et-obligations-des-experts-agrees-des-categories-a-b-et-c","status":"publish","type":"post","link":"https:\/\/www.latribunedufaso.net\/?p=8656","title":{"rendered":"Agence de Promotion de l\u2019expertise nationale (APEN) : Un atelier de sensibilisation sur les droits et obligations des experts agr\u00e9\u00e9s des cat\u00e9gories A, B et C"},"content":{"rendered":"<p><strong><span style=\"font-size: 1.0625rem;\">L&rsquo;Agence de promotion de l\u2019expertise nationale (APEN) a organis\u00e9 un atelier d\u2019information et de sensibilisation au profit de ses membres ( les experts agr\u00e9\u00e9s), le jeudi 10 ao\u00fbt 2023 \u00e0 Ouagadougou.\u00a0<\/span><\/strong><br \/><!--more--><\/p>\n<p><a href=\"https:\/\/www.latribunedufaso.net\/wp-content\/uploads\/2023\/08\/Sylvie-Meda-768x576-1.jpg\"><img loading=\"lazy\" decoding=\"async\" class=\"size-medium wp-image-8657 alignleft\" src=\"https:\/\/www.latribunedufaso.net\/wp-content\/uploads\/2023\/08\/Sylvie-Meda-768x576-1-300x225.jpg\" alt=\"\" width=\"300\" height=\"225\" srcset=\"https:\/\/www.latribunedufaso.net\/wp-content\/uploads\/2023\/08\/Sylvie-Meda-768x576-1-300x225.jpg 300w, https:\/\/www.latribunedufaso.net\/wp-content\/uploads\/2023\/08\/Sylvie-Meda-768x576-1.jpg 768w\" sizes=\"auto, (max-width: 300px) 100vw, 300px\" \/><\/a>Selon la Secr\u00e9taire ex\u00e9cutive de l\u2019APEN, Sylvie M\u00e9da\/Sonti\u00e9, en fin juin 2023, l\u2019APEN comptait 865 experts agr\u00e9\u00e9s poss\u00e9dant des agr\u00e9ments toutes cat\u00e9gories confondues. Cependant, tr\u00e8s peu d&rsquo;entre eux connaissent les droits et les obligations attach\u00e9s \u00e0 leurs agr\u00e9ments.<\/p>\n<p>Ainsi, cet atelier a \u00e9t\u00e9 organis\u00e9 dans le but de permettre \u00e0 ces experts de mieux appr\u00e9hender leurs droits et obligations. \u00ab Cette rencontre a permis de pr\u00e9senter les droits et obligations des experts agr\u00e9\u00e9s contenus dans le d\u00e9cret n\u00b02013-226 PRES\/PM\/MICA\/MEF\/MFPTSS portant d\u00e9finition des droits et obligations des cat\u00e9gories d\u2019agr\u00e9ment et recueillir les attentes et suggestions des experts agr\u00e9\u00e9s en lien avec l\u2019application de leurs droits et obligations \u00e9num\u00e9r\u00e9s dans ledit d\u00e9cret \u00bb a t-elle expliqu\u00e9.<\/p>\n<p>Parmi les droits reconnus aux experts agr\u00e9\u00e9s, la Secr\u00e9taire g\u00e9n\u00e9rale de l&rsquo;APEN a entre autres cit\u00e9 les droits honoraires. \u00ab Il est important que les experts qui sont agr\u00e9\u00e9s puissent savoir que lorsqu\u2019ils postulent \u00e0 un march\u00e9, les textes leur autorisent \u00e0 proposer des honoraires \u00bb, a t-elle fait savoir. Et pour elle de pr\u00e9ciser que l\u2019expertise nationale est l\u2019ensemble des prestations intellectuelles de services qui concourent au d\u00e9veloppement socio-\u00e9conomique, culturel et politique.\u00a0<\/p>\n<p>l\u2019APEN faut-il le rappeler, a \u00e9t\u00e9 cr\u00e9\u00e9e par la loi n\u00b0006-2011\/AN du 17 mai 2011 portant r\u00e8glementation des professions de l\u2019expertise nationale. Cette cr\u00e9ation proc\u00e8de de la volont\u00e9 de l\u2019Etat d\u2019une part, de promouvoir et valoriser les comp\u00e9tences nationales et d\u2019autre part, d\u2019offrir aux experts nationaux, un cadre d\u2019exercice de leur profession dans un environnement \u00ab concurrentiel sain \u00bb.<\/p>\n<p><strong>Latribunedufaso.net<\/strong><\/p>\n","protected":false},"excerpt":{"rendered":"<p>L&rsquo;Agence de promotion de l\u2019expertise nationale (APEN) a organis\u00e9 un atelier d\u2019information et de sensibilisation au profit de ses membres ( les experts agr\u00e9\u00e9s), le jeudi 10 ao\u00fbt 2023 \u00e0 Ouagadougou.\u00a0<\/p>\n","protected":false},"author":5,"featured_media":8658,"comment_status":"open","ping_status":"open","sticky":false,"template":"","format":"standard","meta":{"footnotes":""},"categories":[13,1,8],"tags":[],"class_list":["post-8656","post","type-post","status-publish","format-standard","has-post-thumbnail","hentry","category-une","category-actu","category-societe"],"yoast_head":"<!-- This site is optimized with the Yoast SEO plugin v27.4 - https:\/\/yoast.com\/product\/yoast-seo-wordpress\/ -->\n<title>Agence de Promotion de l\u2019expertise nationale (APEN) : Un atelier de sensibilisation sur les droits et obligations des experts agr\u00e9\u00e9s des cat\u00e9gories A, B et C - La Tribune du Faso<\/title>\n<meta name=\"robots\" content=\"index, follow, max-snippet:-1, max-image-preview:large, max-video-preview:-1\" \/>\n<link rel=\"canonical\" href=\"https:\/\/www.latribunedufaso.net\/?p=8656\" \/>\n<meta property=\"og:locale\" content=\"fr_FR\" \/>\n<meta property=\"og:type\" content=\"article\" \/>\n<meta property=\"og:title\" content=\"Agence de Promotion de l\u2019expertise nationale (APEN) : Un atelier de sensibilisation sur les droits et obligations des experts agr\u00e9\u00e9s des cat\u00e9gories A, B et C - La Tribune du Faso\" \/>\n<meta property=\"og:description\" content=\"L&rsquo;Agence de promotion de l\u2019expertise nationale (APEN) a organis\u00e9 un atelier d\u2019information et de sensibilisation au profit de ses membres ( les experts agr\u00e9\u00e9s), le jeudi 10 ao\u00fbt 2023 \u00e0 Ouagadougou.\u00a0\" \/>\n<meta property=\"og:url\" content=\"https:\/\/www.latribunedufaso.net\/?p=8656\" \/>\n<meta property=\"og:site_name\" content=\"La Tribune du Faso\" \/>\n<meta property=\"article:publisher\" content=\"https:\/\/www.facebook.com\/LatribuneduFaso\/\" \/>\n<meta property=\"article:published_time\" content=\"2023-08-11T19:17:55+00:00\" \/>\n<meta property=\"og:image\" content=\"https:\/\/www.latribunedufaso.net\/wp-content\/uploads\/2023\/08\/IMG-20230811-WA0084.jpg\" \/>\n\t<meta property=\"og:image:width\" content=\"768\" \/>\n\t<meta property=\"og:image:height\" content=\"576\" \/>\n\t<meta property=\"og:image:type\" content=\"image\/jpeg\" \/>\n<meta name=\"author\" content=\"Issouf Tapsoba\" \/>\n<meta name=\"twitter:label1\" content=\"\u00c9crit par\" \/>\n\t<meta name=\"twitter:data1\" content=\"Issouf Tapsoba\" \/>\n\t<meta name=\"twitter:label2\" content=\"Dur\u00e9e de lecture estim\u00e9e\" \/>\n\t<meta name=\"twitter:data2\" content=\"2 minutes\" \/>\n<script type=\"application\/ld+json\" class=\"yoast-schema-graph\">{\"@context\":\"https:\\\/\\\/schema.org\",\"@graph\":[{\"@type\":\"Article\",\"@id\":\"https:\\\/\\\/www.latribunedufaso.net\\\/?p=8656#article\",\"isPartOf\":{\"@id\":\"https:\\\/\\\/www.latribunedufaso.net\\\/?p=8656\"},\"author\":{\"name\":\"Issouf Tapsoba\",\"@id\":\"https:\\\/\\\/www.latribunedufaso.net\\\/#\\\/schema\\\/person\\\/e54e64c5778a7e72cf80a318b7a622b0\"},\"headline\":\"Agence de Promotion de l\u2019expertise nationale (APEN) : Un atelier de sensibilisation sur les droits et obligations des experts agr\u00e9\u00e9s des cat\u00e9gories A, B et C\",\"datePublished\":\"2023-08-11T19:17:55+00:00\",\"mainEntityOfPage\":{\"@id\":\"https:\\\/\\\/www.latribunedufaso.net\\\/?p=8656\"},\"wordCount\":352,\"commentCount\":0,\"publisher\":{\"@id\":\"https:\\\/\\\/www.latribunedufaso.net\\\/#organization\"},\"image\":{\"@id\":\"https:\\\/\\\/www.latribunedufaso.net\\\/?p=8656#primaryimage\"},\"thumbnailUrl\":\"https:\\\/\\\/www.latribunedufaso.net\\\/wp-content\\\/uploads\\\/2023\\\/08\\\/IMG-20230811-WA0084.jpg\",\"articleSection\":[\"A la une\",\"Actualit\u00e9\",\"Soci\u00e9t\u00e9\"],\"inLanguage\":\"fr-FR\",\"potentialAction\":[{\"@type\":\"CommentAction\",\"name\":\"Comment\",\"target\":[\"https:\\\/\\\/www.latribunedufaso.net\\\/?p=8656#respond\"]}]},{\"@type\":\"WebPage\",\"@id\":\"https:\\\/\\\/www.latribunedufaso.net\\\/?p=8656\",\"url\":\"https:\\\/\\\/www.latribunedufaso.net\\\/?p=8656\",\"name\":\"Agence de Promotion de l\u2019expertise nationale (APEN) : Un atelier de sensibilisation sur les droits et obligations des experts agr\u00e9\u00e9s des cat\u00e9gories A, B et C - La Tribune du Faso\",\"isPartOf\":{\"@id\":\"https:\\\/\\\/www.latribunedufaso.net\\\/#website\"},\"primaryImageOfPage\":{\"@id\":\"https:\\\/\\\/www.latribunedufaso.net\\\/?p=8656#primaryimage\"},\"image\":{\"@id\":\"https:\\\/\\\/www.latribunedufaso.net\\\/?p=8656#primaryimage\"},\"thumbnailUrl\":\"https:\\\/\\\/www.latribunedufaso.net\\\/wp-content\\\/uploads\\\/2023\\\/08\\\/IMG-20230811-WA0084.jpg\",\"datePublished\":\"2023-08-11T19:17:55+00:00\",\"breadcrumb\":{\"@id\":\"https:\\\/\\\/www.latribunedufaso.net\\\/?p=8656#breadcrumb\"},\"inLanguage\":\"fr-FR\",\"potentialAction\":[{\"@type\":\"ReadAction\",\"target\":[\"https:\\\/\\\/www.latribunedufaso.net\\\/?p=8656\"]}]},{\"@type\":\"ImageObject\",\"inLanguage\":\"fr-FR\",\"@id\":\"https:\\\/\\\/www.latribunedufaso.net\\\/?p=8656#primaryimage\",\"url\":\"https:\\\/\\\/www.latribunedufaso.net\\\/wp-content\\\/uploads\\\/2023\\\/08\\\/IMG-20230811-WA0084.jpg\",\"contentUrl\":\"https:\\\/\\\/www.latribunedufaso.net\\\/wp-content\\\/uploads\\\/2023\\\/08\\\/IMG-20230811-WA0084.jpg\",\"width\":768,\"height\":576},{\"@type\":\"BreadcrumbList\",\"@id\":\"https:\\\/\\\/www.latribunedufaso.net\\\/?p=8656#breadcrumb\",\"itemListElement\":[{\"@type\":\"ListItem\",\"position\":1,\"name\":\"Accueil\",\"item\":\"https:\\\/\\\/www.latribunedufaso.net\\\/\"},{\"@type\":\"ListItem\",\"position\":2,\"name\":\"Agence de Promotion de l\u2019expertise nationale (APEN) : Un atelier de sensibilisation sur les droits et obligations des experts agr\u00e9\u00e9s des cat\u00e9gories A, B et C\"}]},{\"@type\":\"WebSite\",\"@id\":\"https:\\\/\\\/www.latribunedufaso.net\\\/#website\",\"url\":\"https:\\\/\\\/www.latribunedufaso.net\\\/\",\"name\":\"La Tribune du Faso\",\"description\":\"L&#039;information du monde rural en un clic\",\"publisher\":{\"@id\":\"https:\\\/\\\/www.latribunedufaso.net\\\/#organization\"},\"potentialAction\":[{\"@type\":\"SearchAction\",\"target\":{\"@type\":\"EntryPoint\",\"urlTemplate\":\"https:\\\/\\\/www.latribunedufaso.net\\\/?s={search_term_string}\"},\"query-input\":{\"@type\":\"PropertyValueSpecification\",\"valueRequired\":true,\"valueName\":\"search_term_string\"}}],\"inLanguage\":\"fr-FR\"},{\"@type\":\"Organization\",\"@id\":\"https:\\\/\\\/www.latribunedufaso.net\\\/#organization\",\"name\":\"La Tribune du Faso\",\"url\":\"https:\\\/\\\/www.latribunedufaso.net\\\/\",\"logo\":{\"@type\":\"ImageObject\",\"inLanguage\":\"fr-FR\",\"@id\":\"https:\\\/\\\/www.latribunedufaso.net\\\/#\\\/schema\\\/logo\\\/image\\\/\",\"url\":\"https:\\\/\\\/www.latribunedufaso.net\\\/wp-content\\\/uploads\\\/2020\\\/08\\\/Logo-Tribune-du-Faso-final-scaled.jpg\",\"contentUrl\":\"https:\\\/\\\/www.latribunedufaso.net\\\/wp-content\\\/uploads\\\/2020\\\/08\\\/Logo-Tribune-du-Faso-final-scaled.jpg\",\"width\":2560,\"height\":1856,\"caption\":\"La Tribune du Faso\"},\"image\":{\"@id\":\"https:\\\/\\\/www.latribunedufaso.net\\\/#\\\/schema\\\/logo\\\/image\\\/\"},\"sameAs\":[\"https:\\\/\\\/www.facebook.com\\\/LatribuneduFaso\\\/\"]},{\"@type\":\"Person\",\"@id\":\"https:\\\/\\\/www.latribunedufaso.net\\\/#\\\/schema\\\/person\\\/e54e64c5778a7e72cf80a318b7a622b0\",\"name\":\"Issouf Tapsoba\",\"image\":{\"@type\":\"ImageObject\",\"inLanguage\":\"fr-FR\",\"@id\":\"https:\\\/\\\/secure.gravatar.com\\\/avatar\\\/5e6c05150ce3230247d167f5b94d678eb05936197436d69b7921e3a95c9107ac?s=96&d=mm&r=g\",\"url\":\"https:\\\/\\\/secure.gravatar.com\\\/avatar\\\/5e6c05150ce3230247d167f5b94d678eb05936197436d69b7921e3a95c9107ac?s=96&d=mm&r=g\",\"contentUrl\":\"https:\\\/\\\/secure.gravatar.com\\\/avatar\\\/5e6c05150ce3230247d167f5b94d678eb05936197436d69b7921e3a95c9107ac?s=96&d=mm&r=g\",\"caption\":\"Issouf Tapsoba\"},\"url\":\"https:\\\/\\\/www.latribunedufaso.net\\\/?author=5\"}]}<\/script>\n<!-- \/ Yoast SEO plugin. -->","yoast_head_json":{"title":"Agence de Promotion de l\u2019expertise nationale (APEN) : Un atelier de sensibilisation sur les droits et obligations des experts agr\u00e9\u00e9s des cat\u00e9gories A, B et C - La Tribune du Faso","robots":{"index":"index","follow":"follow","max-snippet":"max-snippet:-1","max-image-preview":"max-image-preview:large","max-video-preview":"max-video-preview:-1"},"canonical":"https:\/\/www.latribunedufaso.net\/?p=8656","og_locale":"fr_FR","og_type":"article","og_title":"Agence de Promotion de l\u2019expertise nationale (APEN) : Un atelier de sensibilisation sur les droits et obligations des experts agr\u00e9\u00e9s des cat\u00e9gories A, B et C - La Tribune du Faso","og_description":"L&rsquo;Agence de promotion de l\u2019expertise nationale (APEN) a organis\u00e9 un atelier d\u2019information et de sensibilisation au profit de ses membres ( les experts agr\u00e9\u00e9s), le jeudi 10 ao\u00fbt 2023 \u00e0 Ouagadougou.\u00a0","og_url":"https:\/\/www.latribunedufaso.net\/?p=8656","og_site_name":"La Tribune du Faso","article_publisher":"https:\/\/www.facebook.com\/LatribuneduFaso\/","article_published_time":"2023-08-11T19:17:55+00:00","og_image":[{"width":768,"height":576,"url":"https:\/\/www.latribunedufaso.net\/wp-content\/uploads\/2023\/08\/IMG-20230811-WA0084.jpg","type":"image\/jpeg"}],"author":"Issouf Tapsoba","twitter_misc":{"\u00c9crit par":"Issouf Tapsoba","Dur\u00e9e de lecture estim\u00e9e":"2 minutes"},"schema":{"@context":"https:\/\/schema.org","@graph":[{"@type":"Article","@id":"https:\/\/www.latribunedufaso.net\/?p=8656#article","isPartOf":{"@id":"https:\/\/www.latribunedufaso.net\/?p=8656"},"author":{"name":"Issouf Tapsoba","@id":"https:\/\/www.latribunedufaso.net\/#\/schema\/person\/e54e64c5778a7e72cf80a318b7a622b0"},"headline":"Agence de Promotion de l\u2019expertise nationale (APEN) : Un atelier de sensibilisation sur les droits et obligations des experts agr\u00e9\u00e9s des cat\u00e9gories A, B et C","datePublished":"2023-08-11T19:17:55+00:00","mainEntityOfPage":{"@id":"https:\/\/www.latribunedufaso.net\/?p=8656"},"wordCount":352,"commentCount":0,"publisher":{"@id":"https:\/\/www.latribunedufaso.net\/#organization"},"image":{"@id":"https:\/\/www.latribunedufaso.net\/?p=8656#primaryimage"},"thumbnailUrl":"https:\/\/www.latribunedufaso.net\/wp-content\/uploads\/2023\/08\/IMG-20230811-WA0084.jpg","articleSection":["A la une","Actualit\u00e9","Soci\u00e9t\u00e9"],"inLanguage":"fr-FR","potentialAction":[{"@type":"CommentAction","name":"Comment","target":["https:\/\/www.latribunedufaso.net\/?p=8656#respond"]}]},{"@type":"WebPage","@id":"https:\/\/www.latribunedufaso.net\/?p=8656","url":"https:\/\/www.latribunedufaso.net\/?p=8656","name":"Agence de Promotion de l\u2019expertise nationale (APEN) : Un atelier de sensibilisation sur les droits et obligations des experts agr\u00e9\u00e9s des cat\u00e9gories A, B et C - La Tribune du Faso","isPartOf":{"@id":"https:\/\/www.latribunedufaso.net\/#website"},"primaryImageOfPage":{"@id":"https:\/\/www.latribunedufaso.net\/?p=8656#primaryimage"},"image":{"@id":"https:\/\/www.latribunedufaso.net\/?p=8656#primaryimage"},"thumbnailUrl":"https:\/\/www.latribunedufaso.net\/wp-content\/uploads\/2023\/08\/IMG-20230811-WA0084.jpg","datePublished":"2023-08-11T19:17:55+00:00","breadcrumb":{"@id":"https:\/\/www.latribunedufaso.net\/?p=8656#breadcrumb"},"inLanguage":"fr-FR","potentialAction":[{"@type":"ReadAction","target":["https:\/\/www.latribunedufaso.net\/?p=8656"]}]},{"@type":"ImageObject","inLanguage":"fr-FR","@id":"https:\/\/www.latribunedufaso.net\/?p=8656#primaryimage","url":"https:\/\/www.latribunedufaso.net\/wp-content\/uploads\/2023\/08\/IMG-20230811-WA0084.jpg","contentUrl":"https:\/\/www.latribunedufaso.net\/wp-content\/uploads\/2023\/08\/IMG-20230811-WA0084.jpg","width":768,"height":576},{"@type":"BreadcrumbList","@id":"https:\/\/www.latribunedufaso.net\/?p=8656#breadcrumb","itemListElement":[{"@type":"ListItem","position":1,"name":"Accueil","item":"https:\/\/www.latribunedufaso.net\/"},{"@type":"ListItem","position":2,"name":"Agence de Promotion de l\u2019expertise nationale (APEN) : Un atelier de sensibilisation sur les droits et obligations des experts agr\u00e9\u00e9s des cat\u00e9gories A, B et C"}]},{"@type":"WebSite","@id":"https:\/\/www.latribunedufaso.net\/#website","url":"https:\/\/www.latribunedufaso.net\/","name":"La Tribune du Faso","description":"L&#039;information du monde rural en un clic","publisher":{"@id":"https:\/\/www.latribunedufaso.net\/#organization"},"potentialAction":[{"@type":"SearchAction","target":{"@type":"EntryPoint","urlTemplate":"https:\/\/www.latribunedufaso.net\/?s={search_term_string}"},"query-input":{"@type":"PropertyValueSpecification","valueRequired":true,"valueName":"search_term_string"}}],"inLanguage":"fr-FR"},{"@type":"Organization","@id":"https:\/\/www.latribunedufaso.net\/#organization","name":"La Tribune du Faso","url":"https:\/\/www.latribunedufaso.net\/","logo":{"@type":"ImageObject","inLanguage":"fr-FR","@id":"https:\/\/www.latribunedufaso.net\/#\/schema\/logo\/image\/","url":"https:\/\/www.latribunedufaso.net\/wp-content\/uploads\/2020\/08\/Logo-Tribune-du-Faso-final-scaled.jpg","contentUrl":"https:\/\/www.latribunedufaso.net\/wp-content\/uploads\/2020\/08\/Logo-Tribune-du-Faso-final-scaled.jpg","width":2560,"height":1856,"caption":"La Tribune du Faso"},"image":{"@id":"https:\/\/www.latribunedufaso.net\/#\/schema\/logo\/image\/"},"sameAs":["https:\/\/www.facebook.com\/LatribuneduFaso\/"]},{"@type":"Person","@id":"https:\/\/www.latribunedufaso.net\/#\/schema\/person\/e54e64c5778a7e72cf80a318b7a622b0","name":"Issouf Tapsoba","image":{"@type":"ImageObject","inLanguage":"fr-FR","@id":"https:\/\/secure.gravatar.com\/avatar\/5e6c05150ce3230247d167f5b94d678eb05936197436d69b7921e3a95c9107ac?s=96&d=mm&r=g","url":"https:\/\/secure.gravatar.com\/avatar\/5e6c05150ce3230247d167f5b94d678eb05936197436d69b7921e3a95c9107ac?s=96&d=mm&r=g","contentUrl":"https:\/\/secure.gravatar.com\/avatar\/5e6c05150ce3230247d167f5b94d678eb05936197436d69b7921e3a95c9107ac?s=96&d=mm&r=g","caption":"Issouf Tapsoba"},"url":"https:\/\/www.latribunedufaso.net\/?author=5"}]}},"_links":{"self":[{"href":"https:\/\/www.latribunedufaso.net\/index.php?rest_route=\/wp\/v2\/posts\/8656","targetHints":{"allow":["GET"]}}],"collection":[{"href":"https:\/\/www.latribunedufaso.net\/index.php?rest_route=\/wp\/v2\/posts"}],"about":[{"href":"https:\/\/www.latribunedufaso.net\/index.php?rest_route=\/wp\/v2\/types\/post"}],"author":[{"embeddable":true,"href":"https:\/\/www.latribunedufaso.net\/index.php?rest_route=\/wp\/v2\/users\/5"}],"replies":[{"embeddable":true,"href":"https:\/\/www.latribunedufaso.net\/index.php?rest_route=%2Fwp%2Fv2%2Fcomments&post=8656"}],"version-history":[{"count":1,"href":"https:\/\/www.latribunedufaso.net\/index.php?rest_route=\/wp\/v2\/posts\/8656\/revisions"}],"predecessor-version":[{"id":8659,"href":"https:\/\/www.latribunedufaso.net\/index.php?rest_route=\/wp\/v2\/posts\/8656\/revisions\/8659"}],"wp:featuredmedia":[{"embeddable":true,"href":"https:\/\/www.latribunedufaso.net\/index.php?rest_route=\/wp\/v2\/media\/8658"}],"wp:attachment":[{"href":"https:\/\/www.latribunedufaso.net\/index.php?rest_route=%2Fwp%2Fv2%2Fmedia&parent=8656"}],"wp:term":[{"taxonomy":"category","embeddable":true,"href":"https:\/\/www.latribunedufaso.net\/index.php?rest_route=%2Fwp%2Fv2%2Fcategories&post=8656"},{"taxonomy":"post_tag","embeddable":true,"href":"https:\/\/www.latribunedufaso.net\/index.php?rest_route=%2Fwp%2Fv2%2Ftags&post=8656"}],"curies":[{"name":"wp","href":"https:\/\/api.w.org\/{rel}","templated":true}]}}