{"id":8652,"date":"2023-08-11T19:09:01","date_gmt":"2023-08-11T19:09:01","guid":{"rendered":"https:\/\/www.latribunedufaso.net\/?p=8652"},"modified":"2023-08-11T19:09:01","modified_gmt":"2023-08-11T19:09:01","slug":"promotion-du-faso-dan-fani-en-milieu-scolaire-dici-lannee-scolaire-2026-2027-tous-les-eleves-sont-invites-a-se-vetir-du-pagne-chaque-lundi","status":"publish","type":"post","link":"https:\/\/www.latribunedufaso.net\/?p=8652","title":{"rendered":"Promotion du Faso Dan Fani en milieu scolaire\u00a0: D\u2019ici l\u2019ann\u00e9e scolaire 2026-2027, tous les \u00e9l\u00e8ves sont invit\u00e9s \u00e0 se v\u00eatir du pagne chaque lundi"},"content":{"rendered":"<p><strong><span style=\"font-size: 1.0625rem;\">A l\u2019issue du Conseil des ministres du mercredi 08 ao\u00fbt dernier, le gouvernement a adopt\u00e9 un d\u00e9cret portant institution de la tenue scolaire en Faso Dan Fani. Au cours d\u2019un point de presse organis\u00e9 ce vendredi 11 ao\u00fbt 2023 \u00e0 Ouagadougou, le ministre de l\u2019Education nationale, Joseph Andr\u00e9 Ou\u00e9draogo, a apport\u00e9 plus de pr\u00e9cisions sur ce projet.<\/span><\/strong><br \/><!--more--><\/p>\n<p><span style=\"font-size: 1.0625rem;\">Selon lui, la mise en \u0153uvre se fera de mani\u00e8re progressive, flexible et non contraignante sur une p\u00e9riode de 4 ann\u00e9es scolaires. En effet, la phase pilote d\u00e9butera \u00e0 la rentr\u00e9e scolaire 2023-2024 avec les \u00e9coles du post-primaire et du secondaire de la commune de Ouagadougou, de Bobo-Dioulasso, de Koudougou et de Sabou.\u00a0<\/span><\/p>\n<p>A la rentr\u00e9e scolaire 2024-2025, le cercle des \u00e9coles en mode Faso Dan Fani va s\u2019\u00e9largir \u00e0 toute la province du Kadiogo, du Houet et du Bulkiemd\u00e9. En ce moment, la mesure s\u2019appliquera au primaire en plus des deux autres cat\u00e9gories (post-primaire et secondaire).<\/p>\n<p>A la rentr\u00e9e 2025-2026, elle va concerner toutes les r\u00e9gions du Centre, des Hauts-Bassins et du Centre-Ouest et tous les ordres d\u2019enseignement et structures de formation.<\/p>\n<p>Et enfin, \u00e0 la rentr\u00e9e 2026-2027, toutes les \u00e9coles du Burkina Faso devraient \u00eatre couvertes par la mesure.<\/p>\n<p>Il faut noter que le port du Faso Dan Fani est institu\u00e9 pour les lundis, jour retenu pour la mont\u00e9e des couleurs. Pendant les autres jours de la semaine, les \u00e9l\u00e8ves porteront la tenue habituelle de l\u2019\u00e9cole.\u00a0<\/p>\n<p><a href=\"https:\/\/www.latribunedufaso.net\/wp-content\/uploads\/2023\/08\/IMG_8028.jpg\"><img loading=\"lazy\" decoding=\"async\" class=\"size-medium wp-image-8653 alignleft\" src=\"https:\/\/www.latribunedufaso.net\/wp-content\/uploads\/2023\/08\/IMG_8028-300x200.jpg\" alt=\"\" width=\"300\" height=\"200\" srcset=\"https:\/\/www.latribunedufaso.net\/wp-content\/uploads\/2023\/08\/IMG_8028-300x200.jpg 300w, https:\/\/www.latribunedufaso.net\/wp-content\/uploads\/2023\/08\/IMG_8028-1024x683.jpg 1024w, https:\/\/www.latribunedufaso.net\/wp-content\/uploads\/2023\/08\/IMG_8028-768x512.jpg 768w, https:\/\/www.latribunedufaso.net\/wp-content\/uploads\/2023\/08\/IMG_8028-1536x1024.jpg 1536w, https:\/\/www.latribunedufaso.net\/wp-content\/uploads\/2023\/08\/IMG_8028-840x560.jpg 840w, https:\/\/www.latribunedufaso.net\/wp-content\/uploads\/2023\/08\/IMG_8028-120x80.jpg 120w, https:\/\/www.latribunedufaso.net\/wp-content\/uploads\/2023\/08\/IMG_8028-360x240.jpg 360w, https:\/\/www.latribunedufaso.net\/wp-content\/uploads\/2023\/08\/IMG_8028-600x400.jpg 600w, https:\/\/www.latribunedufaso.net\/wp-content\/uploads\/2023\/08\/IMG_8028.jpg 2048w\" sizes=\"auto, (max-width: 300px) 100vw, 300px\" \/><\/a>A en croire M. Ou\u00e9draogo, le mod\u00e8le de pagne n\u2019est pas impos\u00e9. Les \u00e9coles sont libres de faire leur choix en concertation avec les parents d\u2019\u00e9l\u00e8ve.\u00a0<\/p>\n<p>A l\u2019entendre, le port de cette tenue ne sera pas obligatoire, mais plut\u00f4t recommand\u00e9. \u00ab\u00a0Cela veut dire qu\u2019aucun \u00e9l\u00e8ve ne devrait \u00eatre renvoy\u00e9 de l\u2019\u00e9cole parce qu\u2019il n\u2019a pas pu se doter d\u2019une tenue scolaire\u00a0\u00bb, a-t-il soulign\u00e9.<\/p>\n<p>Dans la qu\u00eate de consensus et d\u2019une large adh\u00e9sion au projet, le ministre assure que tous les acteurs de la cha\u00eene de valeur du textile et ceux du syst\u00e8me \u00e9ducatif ont \u00e9t\u00e9 concert\u00e9s.<\/p>\n<p>Pour le ministre de l\u2019Education nationale, Joseph Andr\u00e9 Ou\u00e9draogo, l\u2019option de la tenue scolaire en Faso Dan Fani ob\u00e9it \u00e0 une forte aspiration des burkinab\u00e8 \u00e0 valoriser la cotonnade locale, \u00e0 remettre \u00e0 l\u2019ordre du jour le mot d\u2019ordre \u00ab\u00a0produisons burkinab\u00e8 et consommons burkinab\u00e8\u00a0\u00bb et \u00e0 se r\u00e9approprier une identit\u00e9 et \u00e0 valoriser un patrimoine culturel.<\/p>\n<p><strong>Issouf Tapsoba\u00a0<\/strong><\/p>\n<p><strong>Latribunedufaso.net<\/strong><\/p>\n","protected":false},"excerpt":{"rendered":"<p>A l\u2019issue du Conseil des ministres du mercredi 08 ao\u00fbt dernier, le gouvernement a adopt\u00e9 un d\u00e9cret portant institution de la tenue scolaire en Faso Dan Fani. Au cours d\u2019un point de presse organis\u00e9 ce vendredi 11 ao\u00fbt 2023 \u00e0 Ouagadougou, le ministre de l\u2019Education nationale, Joseph Andr\u00e9 Ou\u00e9draogo, a apport\u00e9 plus de pr\u00e9cisions sur ce projet.<\/p>\n","protected":false},"author":5,"featured_media":8654,"comment_status":"open","ping_status":"open","sticky":false,"template":"","format":"standard","meta":{"footnotes":""},"categories":[13,1,31],"tags":[],"class_list":["post-8652","post","type-post","status-publish","format-standard","has-post-thumbnail","hentry","category-une","category-actu","category-education"],"yoast_head":"<!-- This site is optimized with the Yoast SEO plugin v27.4 - https:\/\/yoast.com\/product\/yoast-seo-wordpress\/ -->\n<title>Promotion du Faso Dan Fani en milieu scolaire\u00a0: D\u2019ici l\u2019ann\u00e9e scolaire 2026-2027, tous les \u00e9l\u00e8ves sont invit\u00e9s \u00e0 se v\u00eatir du pagne chaque lundi - La Tribune du Faso<\/title>\n<meta name=\"robots\" content=\"index, follow, max-snippet:-1, max-image-preview:large, max-video-preview:-1\" \/>\n<link rel=\"canonical\" href=\"https:\/\/www.latribunedufaso.net\/?p=8652\" \/>\n<meta property=\"og:locale\" content=\"fr_FR\" \/>\n<meta property=\"og:type\" content=\"article\" \/>\n<meta property=\"og:title\" content=\"Promotion du Faso Dan Fani en milieu scolaire\u00a0: D\u2019ici l\u2019ann\u00e9e scolaire 2026-2027, tous les \u00e9l\u00e8ves sont invit\u00e9s \u00e0 se v\u00eatir du pagne chaque lundi - La Tribune du Faso\" \/>\n<meta property=\"og:description\" content=\"A l\u2019issue du Conseil des ministres du mercredi 08 ao\u00fbt dernier, le gouvernement a adopt\u00e9 un d\u00e9cret portant institution de la tenue scolaire en Faso Dan Fani. Au cours d\u2019un point de presse organis\u00e9 ce vendredi 11 ao\u00fbt 2023 \u00e0 Ouagadougou, le ministre de l\u2019Education nationale, Joseph Andr\u00e9 Ou\u00e9draogo, a apport\u00e9 plus de pr\u00e9cisions sur ce projet.\" \/>\n<meta property=\"og:url\" content=\"https:\/\/www.latribunedufaso.net\/?p=8652\" \/>\n<meta property=\"og:site_name\" content=\"La Tribune du Faso\" \/>\n<meta property=\"article:publisher\" content=\"https:\/\/www.facebook.com\/LatribuneduFaso\/\" \/>\n<meta property=\"article:published_time\" content=\"2023-08-11T19:09:01+00:00\" \/>\n<meta property=\"og:image\" content=\"https:\/\/www.latribunedufaso.net\/wp-content\/uploads\/2023\/08\/IMG-20230811-WA0052.jpg\" \/>\n\t<meta property=\"og:image:width\" content=\"960\" \/>\n\t<meta property=\"og:image:height\" content=\"540\" \/>\n\t<meta property=\"og:image:type\" content=\"image\/jpeg\" \/>\n<meta name=\"author\" content=\"Issouf Tapsoba\" \/>\n<meta name=\"twitter:label1\" content=\"\u00c9crit par\" \/>\n\t<meta name=\"twitter:data1\" content=\"Issouf Tapsoba\" \/>\n\t<meta name=\"twitter:label2\" content=\"Dur\u00e9e de lecture estim\u00e9e\" \/>\n\t<meta name=\"twitter:data2\" content=\"2 minutes\" \/>\n<script type=\"application\/ld+json\" class=\"yoast-schema-graph\">{\"@context\":\"https:\\\/\\\/schema.org\",\"@graph\":[{\"@type\":\"Article\",\"@id\":\"https:\\\/\\\/www.latribunedufaso.net\\\/?p=8652#article\",\"isPartOf\":{\"@id\":\"https:\\\/\\\/www.latribunedufaso.net\\\/?p=8652\"},\"author\":{\"name\":\"Issouf Tapsoba\",\"@id\":\"https:\\\/\\\/www.latribunedufaso.net\\\/#\\\/schema\\\/person\\\/e54e64c5778a7e72cf80a318b7a622b0\"},\"headline\":\"Promotion du Faso Dan Fani en milieu scolaire\u00a0: D\u2019ici l\u2019ann\u00e9e scolaire 2026-2027, tous les \u00e9l\u00e8ves sont invit\u00e9s \u00e0 se v\u00eatir du pagne chaque lundi\",\"datePublished\":\"2023-08-11T19:09:01+00:00\",\"mainEntityOfPage\":{\"@id\":\"https:\\\/\\\/www.latribunedufaso.net\\\/?p=8652\"},\"wordCount\":456,\"commentCount\":0,\"publisher\":{\"@id\":\"https:\\\/\\\/www.latribunedufaso.net\\\/#organization\"},\"image\":{\"@id\":\"https:\\\/\\\/www.latribunedufaso.net\\\/?p=8652#primaryimage\"},\"thumbnailUrl\":\"https:\\\/\\\/www.latribunedufaso.net\\\/wp-content\\\/uploads\\\/2023\\\/08\\\/IMG-20230811-WA0052.jpg\",\"articleSection\":[\"A la une\",\"Actualit\u00e9\",\"\u00c9ducation\"],\"inLanguage\":\"fr-FR\",\"potentialAction\":[{\"@type\":\"CommentAction\",\"name\":\"Comment\",\"target\":[\"https:\\\/\\\/www.latribunedufaso.net\\\/?p=8652#respond\"]}]},{\"@type\":\"WebPage\",\"@id\":\"https:\\\/\\\/www.latribunedufaso.net\\\/?p=8652\",\"url\":\"https:\\\/\\\/www.latribunedufaso.net\\\/?p=8652\",\"name\":\"Promotion du Faso Dan Fani en milieu scolaire\u00a0: D\u2019ici l\u2019ann\u00e9e scolaire 2026-2027, tous les \u00e9l\u00e8ves sont invit\u00e9s \u00e0 se v\u00eatir du pagne chaque lundi - La Tribune du Faso\",\"isPartOf\":{\"@id\":\"https:\\\/\\\/www.latribunedufaso.net\\\/#website\"},\"primaryImageOfPage\":{\"@id\":\"https:\\\/\\\/www.latribunedufaso.net\\\/?p=8652#primaryimage\"},\"image\":{\"@id\":\"https:\\\/\\\/www.latribunedufaso.net\\\/?p=8652#primaryimage\"},\"thumbnailUrl\":\"https:\\\/\\\/www.latribunedufaso.net\\\/wp-content\\\/uploads\\\/2023\\\/08\\\/IMG-20230811-WA0052.jpg\",\"datePublished\":\"2023-08-11T19:09:01+00:00\",\"breadcrumb\":{\"@id\":\"https:\\\/\\\/www.latribunedufaso.net\\\/?p=8652#breadcrumb\"},\"inLanguage\":\"fr-FR\",\"potentialAction\":[{\"@type\":\"ReadAction\",\"target\":[\"https:\\\/\\\/www.latribunedufaso.net\\\/?p=8652\"]}]},{\"@type\":\"ImageObject\",\"inLanguage\":\"fr-FR\",\"@id\":\"https:\\\/\\\/www.latribunedufaso.net\\\/?p=8652#primaryimage\",\"url\":\"https:\\\/\\\/www.latribunedufaso.net\\\/wp-content\\\/uploads\\\/2023\\\/08\\\/IMG-20230811-WA0052.jpg\",\"contentUrl\":\"https:\\\/\\\/www.latribunedufaso.net\\\/wp-content\\\/uploads\\\/2023\\\/08\\\/IMG-20230811-WA0052.jpg\",\"width\":960,\"height\":540},{\"@type\":\"BreadcrumbList\",\"@id\":\"https:\\\/\\\/www.latribunedufaso.net\\\/?p=8652#breadcrumb\",\"itemListElement\":[{\"@type\":\"ListItem\",\"position\":1,\"name\":\"Accueil\",\"item\":\"https:\\\/\\\/www.latribunedufaso.net\\\/\"},{\"@type\":\"ListItem\",\"position\":2,\"name\":\"Promotion du Faso Dan Fani en milieu scolaire\u00a0: D\u2019ici l\u2019ann\u00e9e scolaire 2026-2027, tous les \u00e9l\u00e8ves sont invit\u00e9s \u00e0 se v\u00eatir du pagne chaque lundi\"}]},{\"@type\":\"WebSite\",\"@id\":\"https:\\\/\\\/www.latribunedufaso.net\\\/#website\",\"url\":\"https:\\\/\\\/www.latribunedufaso.net\\\/\",\"name\":\"La Tribune du Faso\",\"description\":\"L&#039;information du monde rural en un clic\",\"publisher\":{\"@id\":\"https:\\\/\\\/www.latribunedufaso.net\\\/#organization\"},\"potentialAction\":[{\"@type\":\"SearchAction\",\"target\":{\"@type\":\"EntryPoint\",\"urlTemplate\":\"https:\\\/\\\/www.latribunedufaso.net\\\/?s={search_term_string}\"},\"query-input\":{\"@type\":\"PropertyValueSpecification\",\"valueRequired\":true,\"valueName\":\"search_term_string\"}}],\"inLanguage\":\"fr-FR\"},{\"@type\":\"Organization\",\"@id\":\"https:\\\/\\\/www.latribunedufaso.net\\\/#organization\",\"name\":\"La Tribune du Faso\",\"url\":\"https:\\\/\\\/www.latribunedufaso.net\\\/\",\"logo\":{\"@type\":\"ImageObject\",\"inLanguage\":\"fr-FR\",\"@id\":\"https:\\\/\\\/www.latribunedufaso.net\\\/#\\\/schema\\\/logo\\\/image\\\/\",\"url\":\"https:\\\/\\\/www.latribunedufaso.net\\\/wp-content\\\/uploads\\\/2020\\\/08\\\/Logo-Tribune-du-Faso-final-scaled.jpg\",\"contentUrl\":\"https:\\\/\\\/www.latribunedufaso.net\\\/wp-content\\\/uploads\\\/2020\\\/08\\\/Logo-Tribune-du-Faso-final-scaled.jpg\",\"width\":2560,\"height\":1856,\"caption\":\"La Tribune du Faso\"},\"image\":{\"@id\":\"https:\\\/\\\/www.latribunedufaso.net\\\/#\\\/schema\\\/logo\\\/image\\\/\"},\"sameAs\":[\"https:\\\/\\\/www.facebook.com\\\/LatribuneduFaso\\\/\"]},{\"@type\":\"Person\",\"@id\":\"https:\\\/\\\/www.latribunedufaso.net\\\/#\\\/schema\\\/person\\\/e54e64c5778a7e72cf80a318b7a622b0\",\"name\":\"Issouf Tapsoba\",\"image\":{\"@type\":\"ImageObject\",\"inLanguage\":\"fr-FR\",\"@id\":\"https:\\\/\\\/secure.gravatar.com\\\/avatar\\\/5e6c05150ce3230247d167f5b94d678eb05936197436d69b7921e3a95c9107ac?s=96&d=mm&r=g\",\"url\":\"https:\\\/\\\/secure.gravatar.com\\\/avatar\\\/5e6c05150ce3230247d167f5b94d678eb05936197436d69b7921e3a95c9107ac?s=96&d=mm&r=g\",\"contentUrl\":\"https:\\\/\\\/secure.gravatar.com\\\/avatar\\\/5e6c05150ce3230247d167f5b94d678eb05936197436d69b7921e3a95c9107ac?s=96&d=mm&r=g\",\"caption\":\"Issouf Tapsoba\"},\"url\":\"https:\\\/\\\/www.latribunedufaso.net\\\/?author=5\"}]}<\/script>\n<!-- \/ Yoast SEO plugin. -->","yoast_head_json":{"title":"Promotion du Faso Dan Fani en milieu scolaire\u00a0: D\u2019ici l\u2019ann\u00e9e scolaire 2026-2027, tous les \u00e9l\u00e8ves sont invit\u00e9s \u00e0 se v\u00eatir du pagne chaque lundi - La Tribune du Faso","robots":{"index":"index","follow":"follow","max-snippet":"max-snippet:-1","max-image-preview":"max-image-preview:large","max-video-preview":"max-video-preview:-1"},"canonical":"https:\/\/www.latribunedufaso.net\/?p=8652","og_locale":"fr_FR","og_type":"article","og_title":"Promotion du Faso Dan Fani en milieu scolaire\u00a0: D\u2019ici l\u2019ann\u00e9e scolaire 2026-2027, tous les \u00e9l\u00e8ves sont invit\u00e9s \u00e0 se v\u00eatir du pagne chaque lundi - La Tribune du Faso","og_description":"A l\u2019issue du Conseil des ministres du mercredi 08 ao\u00fbt dernier, le gouvernement a adopt\u00e9 un d\u00e9cret portant institution de la tenue scolaire en Faso Dan Fani. Au cours d\u2019un point de presse organis\u00e9 ce vendredi 11 ao\u00fbt 2023 \u00e0 Ouagadougou, le ministre de l\u2019Education nationale, Joseph Andr\u00e9 Ou\u00e9draogo, a apport\u00e9 plus de pr\u00e9cisions sur ce projet.","og_url":"https:\/\/www.latribunedufaso.net\/?p=8652","og_site_name":"La Tribune du Faso","article_publisher":"https:\/\/www.facebook.com\/LatribuneduFaso\/","article_published_time":"2023-08-11T19:09:01+00:00","og_image":[{"width":960,"height":540,"url":"https:\/\/www.latribunedufaso.net\/wp-content\/uploads\/2023\/08\/IMG-20230811-WA0052.jpg","type":"image\/jpeg"}],"author":"Issouf Tapsoba","twitter_misc":{"\u00c9crit par":"Issouf Tapsoba","Dur\u00e9e de lecture estim\u00e9e":"2 minutes"},"schema":{"@context":"https:\/\/schema.org","@graph":[{"@type":"Article","@id":"https:\/\/www.latribunedufaso.net\/?p=8652#article","isPartOf":{"@id":"https:\/\/www.latribunedufaso.net\/?p=8652"},"author":{"name":"Issouf Tapsoba","@id":"https:\/\/www.latribunedufaso.net\/#\/schema\/person\/e54e64c5778a7e72cf80a318b7a622b0"},"headline":"Promotion du Faso Dan Fani en milieu scolaire\u00a0: D\u2019ici l\u2019ann\u00e9e scolaire 2026-2027, tous les \u00e9l\u00e8ves sont invit\u00e9s \u00e0 se v\u00eatir du pagne chaque lundi","datePublished":"2023-08-11T19:09:01+00:00","mainEntityOfPage":{"@id":"https:\/\/www.latribunedufaso.net\/?p=8652"},"wordCount":456,"commentCount":0,"publisher":{"@id":"https:\/\/www.latribunedufaso.net\/#organization"},"image":{"@id":"https:\/\/www.latribunedufaso.net\/?p=8652#primaryimage"},"thumbnailUrl":"https:\/\/www.latribunedufaso.net\/wp-content\/uploads\/2023\/08\/IMG-20230811-WA0052.jpg","articleSection":["A la une","Actualit\u00e9","\u00c9ducation"],"inLanguage":"fr-FR","potentialAction":[{"@type":"CommentAction","name":"Comment","target":["https:\/\/www.latribunedufaso.net\/?p=8652#respond"]}]},{"@type":"WebPage","@id":"https:\/\/www.latribunedufaso.net\/?p=8652","url":"https:\/\/www.latribunedufaso.net\/?p=8652","name":"Promotion du Faso Dan Fani en milieu scolaire\u00a0: D\u2019ici l\u2019ann\u00e9e scolaire 2026-2027, tous les \u00e9l\u00e8ves sont invit\u00e9s \u00e0 se v\u00eatir du pagne chaque lundi - La Tribune du Faso","isPartOf":{"@id":"https:\/\/www.latribunedufaso.net\/#website"},"primaryImageOfPage":{"@id":"https:\/\/www.latribunedufaso.net\/?p=8652#primaryimage"},"image":{"@id":"https:\/\/www.latribunedufaso.net\/?p=8652#primaryimage"},"thumbnailUrl":"https:\/\/www.latribunedufaso.net\/wp-content\/uploads\/2023\/08\/IMG-20230811-WA0052.jpg","datePublished":"2023-08-11T19:09:01+00:00","breadcrumb":{"@id":"https:\/\/www.latribunedufaso.net\/?p=8652#breadcrumb"},"inLanguage":"fr-FR","potentialAction":[{"@type":"ReadAction","target":["https:\/\/www.latribunedufaso.net\/?p=8652"]}]},{"@type":"ImageObject","inLanguage":"fr-FR","@id":"https:\/\/www.latribunedufaso.net\/?p=8652#primaryimage","url":"https:\/\/www.latribunedufaso.net\/wp-content\/uploads\/2023\/08\/IMG-20230811-WA0052.jpg","contentUrl":"https:\/\/www.latribunedufaso.net\/wp-content\/uploads\/2023\/08\/IMG-20230811-WA0052.jpg","width":960,"height":540},{"@type":"BreadcrumbList","@id":"https:\/\/www.latribunedufaso.net\/?p=8652#breadcrumb","itemListElement":[{"@type":"ListItem","position":1,"name":"Accueil","item":"https:\/\/www.latribunedufaso.net\/"},{"@type":"ListItem","position":2,"name":"Promotion du Faso Dan Fani en milieu scolaire\u00a0: D\u2019ici l\u2019ann\u00e9e scolaire 2026-2027, tous les \u00e9l\u00e8ves sont invit\u00e9s \u00e0 se v\u00eatir du pagne chaque lundi"}]},{"@type":"WebSite","@id":"https:\/\/www.latribunedufaso.net\/#website","url":"https:\/\/www.latribunedufaso.net\/","name":"La Tribune du Faso","description":"L&#039;information du monde rural en un clic","publisher":{"@id":"https:\/\/www.latribunedufaso.net\/#organization"},"potentialAction":[{"@type":"SearchAction","target":{"@type":"EntryPoint","urlTemplate":"https:\/\/www.latribunedufaso.net\/?s={search_term_string}"},"query-input":{"@type":"PropertyValueSpecification","valueRequired":true,"valueName":"search_term_string"}}],"inLanguage":"fr-FR"},{"@type":"Organization","@id":"https:\/\/www.latribunedufaso.net\/#organization","name":"La Tribune du Faso","url":"https:\/\/www.latribunedufaso.net\/","logo":{"@type":"ImageObject","inLanguage":"fr-FR","@id":"https:\/\/www.latribunedufaso.net\/#\/schema\/logo\/image\/","url":"https:\/\/www.latribunedufaso.net\/wp-content\/uploads\/2020\/08\/Logo-Tribune-du-Faso-final-scaled.jpg","contentUrl":"https:\/\/www.latribunedufaso.net\/wp-content\/uploads\/2020\/08\/Logo-Tribune-du-Faso-final-scaled.jpg","width":2560,"height":1856,"caption":"La Tribune du Faso"},"image":{"@id":"https:\/\/www.latribunedufaso.net\/#\/schema\/logo\/image\/"},"sameAs":["https:\/\/www.facebook.com\/LatribuneduFaso\/"]},{"@type":"Person","@id":"https:\/\/www.latribunedufaso.net\/#\/schema\/person\/e54e64c5778a7e72cf80a318b7a622b0","name":"Issouf Tapsoba","image":{"@type":"ImageObject","inLanguage":"fr-FR","@id":"https:\/\/secure.gravatar.com\/avatar\/5e6c05150ce3230247d167f5b94d678eb05936197436d69b7921e3a95c9107ac?s=96&d=mm&r=g","url":"https:\/\/secure.gravatar.com\/avatar\/5e6c05150ce3230247d167f5b94d678eb05936197436d69b7921e3a95c9107ac?s=96&d=mm&r=g","contentUrl":"https:\/\/secure.gravatar.com\/avatar\/5e6c05150ce3230247d167f5b94d678eb05936197436d69b7921e3a95c9107ac?s=96&d=mm&r=g","caption":"Issouf Tapsoba"},"url":"https:\/\/www.latribunedufaso.net\/?author=5"}]}},"_links":{"self":[{"href":"https:\/\/www.latribunedufaso.net\/index.php?rest_route=\/wp\/v2\/posts\/8652","targetHints":{"allow":["GET"]}}],"collection":[{"href":"https:\/\/www.latribunedufaso.net\/index.php?rest_route=\/wp\/v2\/posts"}],"about":[{"href":"https:\/\/www.latribunedufaso.net\/index.php?rest_route=\/wp\/v2\/types\/post"}],"author":[{"embeddable":true,"href":"https:\/\/www.latribunedufaso.net\/index.php?rest_route=\/wp\/v2\/users\/5"}],"replies":[{"embeddable":true,"href":"https:\/\/www.latribunedufaso.net\/index.php?rest_route=%2Fwp%2Fv2%2Fcomments&post=8652"}],"version-history":[{"count":1,"href":"https:\/\/www.latribunedufaso.net\/index.php?rest_route=\/wp\/v2\/posts\/8652\/revisions"}],"predecessor-version":[{"id":8655,"href":"https:\/\/www.latribunedufaso.net\/index.php?rest_route=\/wp\/v2\/posts\/8652\/revisions\/8655"}],"wp:featuredmedia":[{"embeddable":true,"href":"https:\/\/www.latribunedufaso.net\/index.php?rest_route=\/wp\/v2\/media\/8654"}],"wp:attachment":[{"href":"https:\/\/www.latribunedufaso.net\/index.php?rest_route=%2Fwp%2Fv2%2Fmedia&parent=8652"}],"wp:term":[{"taxonomy":"category","embeddable":true,"href":"https:\/\/www.latribunedufaso.net\/index.php?rest_route=%2Fwp%2Fv2%2Fcategories&post=8652"},{"taxonomy":"post_tag","embeddable":true,"href":"https:\/\/www.latribunedufaso.net\/index.php?rest_route=%2Fwp%2Fv2%2Ftags&post=8652"}],"curies":[{"name":"wp","href":"https:\/\/api.w.org\/{rel}","templated":true}]}}