{"id":8551,"date":"2023-08-05T12:44:50","date_gmt":"2023-08-05T12:44:50","guid":{"rendered":"https:\/\/www.latribunedufaso.net\/?p=8551"},"modified":"2023-08-05T12:44:50","modified_gmt":"2023-08-05T12:44:50","slug":"affaire-dite-guerrisseuse-de-komsilga-la-dame-sera-incarceree-a-la-maca-sur-sa-demande","status":"publish","type":"post","link":"https:\/\/www.latribunedufaso.net\/?p=8551","title":{"rendered":"Affaire dite \u00ab guerrisseuse de Komsilga \u00bb : La dame sera incarc\u00e9r\u00e9e \u00e0 la MACA sur sa demande"},"content":{"rendered":"<p><strong><span style=\"font-size: 1.0625rem;\">Dans un communiqu\u00e9 en date du 04 ao\u00fbt 2023, le procureur g\u00e9n\u00e9ral pr\u00e8s la Cour d&rsquo;appel de Ouagadougou a inform\u00e9 l&rsquo;opinion publique sur l&rsquo;incarc\u00e9ration de la dame dite \u00ab guerrisseuse de Komsilga \u00bb, en attendant son jugement.<\/span><\/strong><br \/><!--more--><\/p>\n<p>\u00ab Le Procureur G\u00e9n\u00e9ral pr\u00e8s la Cour d&rsquo;appel de Ouagadougou informe l&rsquo;opinion publique que madame NIKIEMA Larissa dite Adja Amsetou qui a fait l&rsquo;objet d&rsquo;un mandat de d\u00e9p\u00f4t au Parquet du Procureur du FASO pr\u00e8s le Tribunal de grande instance de Ouaga 2 le vendredi 28 juillet 2023 sera incarc\u00e9r\u00e9e \u00e0 la Maison d&rsquo;arr\u00eat et de correction des Arm\u00e9es M.A.C.A. sur sa demande, en attendant la date de son jugement \u00bb, peut-on lire dans le communiqu\u00e9.<\/p>\n<p>Il a invit\u00e9 le Directeur de la Maison d&rsquo;arr\u00eat et de correction de Ouagadougou \u00e0 faire proc\u00e9der \u00e0 la mise en \u0153uvre de la pr\u00e9sente d\u00e9cision.<\/p>\n<p>En rappel, le 28 juillet 2023, un mandat de d\u00e9p\u00f4t a \u00e9t\u00e9 \u00e9mis contre la dame dite \u00ab guerrisseuse de Komsilga \u00bb. C&rsquo;\u00e9tait suite \u00e0 la diffusion d&rsquo;une vid\u00e9o sur les r\u00e9seaux sociaux, montrant une sc\u00e8ne de torture d\u2019un quinquag\u00e9naire par des individus dans une localit\u00e9 identifi\u00e9e plus tard par la justice comme \u00e9tant le village de Rakiss\u00e9 dans la Commune de Komsilga. Ces individus auraient agi sous l\u2019\u00e9gide d\u2019une gu\u00e9risseuse traditionnelle qui serait leur patronne.<\/p>\n<p>Ce jour, alors que la justice avait d\u00e9cern\u00e9 des mandats de d\u00e9p\u00f4t contre 9 personnes dont cette derni\u00e8re, elle a constat\u00e9 l&rsquo;intrusion d&rsquo;un groupe de militaires dans la cour du Tribunal de grande instance Ouaga 2 pour, disent-ils, \u00ab lib\u00e9rer la gu\u00e9risseuse \u00bb.<\/p>\n<p>Cet acte a caus\u00e9 une indignation dans l&rsquo;opinion publique et a \u00e9t\u00e9 condamn\u00e9 par les acteurs judiciaires dont l&rsquo;intersyndicale des magistrats du Burkina Faso qui a suspendu toutes ses activit\u00e9s en juridiction jusqu\u2019\u00e0 l\u2019int\u00e9gration de la dame dite gu\u00e9risseuse traditionnelle \u00e0 la maison d\u2019arr\u00eat et de correction de Ouagadougou.<\/p>\n<p><strong><span style=\"font-size: 1.0625rem;\">Latribunedufaso.net<\/span><\/strong><\/p>\n<p><a href=\"https:\/\/www.latribunedufaso.net\/wp-content\/uploads\/2023\/08\/IMG-20230805-WA0003.jpg\"><img loading=\"lazy\" decoding=\"async\" class=\"size-medium wp-image-8552 alignleft\" src=\"https:\/\/www.latribunedufaso.net\/wp-content\/uploads\/2023\/08\/IMG-20230805-WA0003-203x300.jpg\" alt=\"\" width=\"203\" height=\"300\" srcset=\"https:\/\/www.latribunedufaso.net\/wp-content\/uploads\/2023\/08\/IMG-20230805-WA0003-203x300.jpg 203w, https:\/\/www.latribunedufaso.net\/wp-content\/uploads\/2023\/08\/IMG-20230805-WA0003-693x1024.jpg 693w, https:\/\/www.latribunedufaso.net\/wp-content\/uploads\/2023\/08\/IMG-20230805-WA0003-768x1135.jpg 768w, https:\/\/www.latribunedufaso.net\/wp-content\/uploads\/2023\/08\/IMG-20230805-WA0003-1039x1536.jpg 1039w, https:\/\/www.latribunedufaso.net\/wp-content\/uploads\/2023\/08\/IMG-20230805-WA0003.jpg 1080w\" sizes=\"auto, (max-width: 203px) 100vw, 203px\" \/><\/a><\/p>\n","protected":false},"excerpt":{"rendered":"<p>Dans un communiqu\u00e9 en date du 04 ao\u00fbt 2023, le procureur g\u00e9n\u00e9ral pr\u00e8s la Cour d&rsquo;appel de Ouagadougou a inform\u00e9 l&rsquo;opinion publique sur l&rsquo;incarc\u00e9ration de la dame dite \u00ab guerrisseuse de Komsilga \u00bb, en attendant son jugement.<\/p>\n","protected":false},"author":5,"featured_media":8553,"comment_status":"open","ping_status":"open","sticky":false,"template":"","format":"standard","meta":{"footnotes":""},"categories":[13,1,8],"tags":[],"class_list":["post-8551","post","type-post","status-publish","format-standard","has-post-thumbnail","hentry","category-une","category-actu","category-societe"],"yoast_head":"<!-- This site is optimized with the Yoast SEO plugin v27.5 - https:\/\/yoast.com\/product\/yoast-seo-wordpress\/ -->\n<title>Affaire dite \u00ab guerrisseuse de Komsilga \u00bb : La dame sera incarc\u00e9r\u00e9e \u00e0 la MACA sur sa demande - La Tribune du Faso<\/title>\n<meta name=\"robots\" content=\"index, follow, max-snippet:-1, max-image-preview:large, max-video-preview:-1\" \/>\n<link rel=\"canonical\" href=\"https:\/\/www.latribunedufaso.net\/?p=8551\" \/>\n<meta property=\"og:locale\" content=\"fr_FR\" \/>\n<meta property=\"og:type\" content=\"article\" \/>\n<meta property=\"og:title\" content=\"Affaire dite \u00ab guerrisseuse de Komsilga \u00bb : La dame sera incarc\u00e9r\u00e9e \u00e0 la MACA sur sa demande - La Tribune du Faso\" \/>\n<meta property=\"og:description\" content=\"Dans un communiqu\u00e9 en date du 04 ao\u00fbt 2023, le procureur g\u00e9n\u00e9ral pr\u00e8s la Cour d&rsquo;appel de Ouagadougou a inform\u00e9 l&rsquo;opinion publique sur l&rsquo;incarc\u00e9ration de la dame dite \u00ab guerrisseuse de Komsilga \u00bb, en attendant son jugement.\" \/>\n<meta property=\"og:url\" content=\"https:\/\/www.latribunedufaso.net\/?p=8551\" \/>\n<meta property=\"og:site_name\" content=\"La Tribune du Faso\" \/>\n<meta property=\"article:publisher\" content=\"https:\/\/www.facebook.com\/LatribuneduFaso\/\" \/>\n<meta property=\"article:published_time\" content=\"2023-08-05T12:44:50+00:00\" \/>\n<meta property=\"og:image\" content=\"https:\/\/www.latribunedufaso.net\/wp-content\/uploads\/2023\/08\/Tribunal-militaire-de-Ouagadougou.jpg\" \/>\n\t<meta property=\"og:image:width\" content=\"500\" \/>\n\t<meta property=\"og:image:height\" content=\"338\" \/>\n\t<meta property=\"og:image:type\" content=\"image\/jpeg\" \/>\n<meta name=\"author\" content=\"Issouf Tapsoba\" \/>\n<meta name=\"twitter:label1\" content=\"\u00c9crit par\" \/>\n\t<meta name=\"twitter:data1\" content=\"Issouf Tapsoba\" \/>\n\t<meta name=\"twitter:label2\" content=\"Dur\u00e9e de lecture estim\u00e9e\" \/>\n\t<meta name=\"twitter:data2\" content=\"2 minutes\" \/>\n<script type=\"application\/ld+json\" class=\"yoast-schema-graph\">{\"@context\":\"https:\\\/\\\/schema.org\",\"@graph\":[{\"@type\":\"Article\",\"@id\":\"https:\\\/\\\/www.latribunedufaso.net\\\/?p=8551#article\",\"isPartOf\":{\"@id\":\"https:\\\/\\\/www.latribunedufaso.net\\\/?p=8551\"},\"author\":{\"name\":\"Issouf Tapsoba\",\"@id\":\"https:\\\/\\\/www.latribunedufaso.net\\\/#\\\/schema\\\/person\\\/e54e64c5778a7e72cf80a318b7a622b0\"},\"headline\":\"Affaire dite \u00ab guerrisseuse de Komsilga \u00bb : La dame sera incarc\u00e9r\u00e9e \u00e0 la MACA sur sa demande\",\"datePublished\":\"2023-08-05T12:44:50+00:00\",\"mainEntityOfPage\":{\"@id\":\"https:\\\/\\\/www.latribunedufaso.net\\\/?p=8551\"},\"wordCount\":363,\"commentCount\":0,\"publisher\":{\"@id\":\"https:\\\/\\\/www.latribunedufaso.net\\\/#organization\"},\"image\":{\"@id\":\"https:\\\/\\\/www.latribunedufaso.net\\\/?p=8551#primaryimage\"},\"thumbnailUrl\":\"https:\\\/\\\/www.latribunedufaso.net\\\/wp-content\\\/uploads\\\/2023\\\/08\\\/Tribunal-militaire-de-Ouagadougou.jpg\",\"articleSection\":[\"A la une\",\"Actualit\u00e9\",\"Soci\u00e9t\u00e9\"],\"inLanguage\":\"fr-FR\",\"potentialAction\":[{\"@type\":\"CommentAction\",\"name\":\"Comment\",\"target\":[\"https:\\\/\\\/www.latribunedufaso.net\\\/?p=8551#respond\"]}]},{\"@type\":\"WebPage\",\"@id\":\"https:\\\/\\\/www.latribunedufaso.net\\\/?p=8551\",\"url\":\"https:\\\/\\\/www.latribunedufaso.net\\\/?p=8551\",\"name\":\"Affaire dite \u00ab guerrisseuse de Komsilga \u00bb : La dame sera incarc\u00e9r\u00e9e \u00e0 la MACA sur sa demande - La Tribune du Faso\",\"isPartOf\":{\"@id\":\"https:\\\/\\\/www.latribunedufaso.net\\\/#website\"},\"primaryImageOfPage\":{\"@id\":\"https:\\\/\\\/www.latribunedufaso.net\\\/?p=8551#primaryimage\"},\"image\":{\"@id\":\"https:\\\/\\\/www.latribunedufaso.net\\\/?p=8551#primaryimage\"},\"thumbnailUrl\":\"https:\\\/\\\/www.latribunedufaso.net\\\/wp-content\\\/uploads\\\/2023\\\/08\\\/Tribunal-militaire-de-Ouagadougou.jpg\",\"datePublished\":\"2023-08-05T12:44:50+00:00\",\"breadcrumb\":{\"@id\":\"https:\\\/\\\/www.latribunedufaso.net\\\/?p=8551#breadcrumb\"},\"inLanguage\":\"fr-FR\",\"potentialAction\":[{\"@type\":\"ReadAction\",\"target\":[\"https:\\\/\\\/www.latribunedufaso.net\\\/?p=8551\"]}]},{\"@type\":\"ImageObject\",\"inLanguage\":\"fr-FR\",\"@id\":\"https:\\\/\\\/www.latribunedufaso.net\\\/?p=8551#primaryimage\",\"url\":\"https:\\\/\\\/www.latribunedufaso.net\\\/wp-content\\\/uploads\\\/2023\\\/08\\\/Tribunal-militaire-de-Ouagadougou.jpg\",\"contentUrl\":\"https:\\\/\\\/www.latribunedufaso.net\\\/wp-content\\\/uploads\\\/2023\\\/08\\\/Tribunal-militaire-de-Ouagadougou.jpg\",\"width\":500,\"height\":338},{\"@type\":\"BreadcrumbList\",\"@id\":\"https:\\\/\\\/www.latribunedufaso.net\\\/?p=8551#breadcrumb\",\"itemListElement\":[{\"@type\":\"ListItem\",\"position\":1,\"name\":\"Accueil\",\"item\":\"https:\\\/\\\/www.latribunedufaso.net\\\/\"},{\"@type\":\"ListItem\",\"position\":2,\"name\":\"Affaire dite \u00ab guerrisseuse de Komsilga \u00bb : La dame sera incarc\u00e9r\u00e9e \u00e0 la MACA sur sa demande\"}]},{\"@type\":\"WebSite\",\"@id\":\"https:\\\/\\\/www.latribunedufaso.net\\\/#website\",\"url\":\"https:\\\/\\\/www.latribunedufaso.net\\\/\",\"name\":\"La Tribune du Faso\",\"description\":\"L&#039;information du monde rural en un clic\",\"publisher\":{\"@id\":\"https:\\\/\\\/www.latribunedufaso.net\\\/#organization\"},\"potentialAction\":[{\"@type\":\"SearchAction\",\"target\":{\"@type\":\"EntryPoint\",\"urlTemplate\":\"https:\\\/\\\/www.latribunedufaso.net\\\/?s={search_term_string}\"},\"query-input\":{\"@type\":\"PropertyValueSpecification\",\"valueRequired\":true,\"valueName\":\"search_term_string\"}}],\"inLanguage\":\"fr-FR\"},{\"@type\":\"Organization\",\"@id\":\"https:\\\/\\\/www.latribunedufaso.net\\\/#organization\",\"name\":\"La Tribune du Faso\",\"url\":\"https:\\\/\\\/www.latribunedufaso.net\\\/\",\"logo\":{\"@type\":\"ImageObject\",\"inLanguage\":\"fr-FR\",\"@id\":\"https:\\\/\\\/www.latribunedufaso.net\\\/#\\\/schema\\\/logo\\\/image\\\/\",\"url\":\"https:\\\/\\\/www.latribunedufaso.net\\\/wp-content\\\/uploads\\\/2020\\\/08\\\/Logo-Tribune-du-Faso-final-scaled.jpg\",\"contentUrl\":\"https:\\\/\\\/www.latribunedufaso.net\\\/wp-content\\\/uploads\\\/2020\\\/08\\\/Logo-Tribune-du-Faso-final-scaled.jpg\",\"width\":2560,\"height\":1856,\"caption\":\"La Tribune du Faso\"},\"image\":{\"@id\":\"https:\\\/\\\/www.latribunedufaso.net\\\/#\\\/schema\\\/logo\\\/image\\\/\"},\"sameAs\":[\"https:\\\/\\\/www.facebook.com\\\/LatribuneduFaso\\\/\"]},{\"@type\":\"Person\",\"@id\":\"https:\\\/\\\/www.latribunedufaso.net\\\/#\\\/schema\\\/person\\\/e54e64c5778a7e72cf80a318b7a622b0\",\"name\":\"Issouf Tapsoba\",\"image\":{\"@type\":\"ImageObject\",\"inLanguage\":\"fr-FR\",\"@id\":\"https:\\\/\\\/secure.gravatar.com\\\/avatar\\\/5e6c05150ce3230247d167f5b94d678eb05936197436d69b7921e3a95c9107ac?s=96&d=mm&r=g\",\"url\":\"https:\\\/\\\/secure.gravatar.com\\\/avatar\\\/5e6c05150ce3230247d167f5b94d678eb05936197436d69b7921e3a95c9107ac?s=96&d=mm&r=g\",\"contentUrl\":\"https:\\\/\\\/secure.gravatar.com\\\/avatar\\\/5e6c05150ce3230247d167f5b94d678eb05936197436d69b7921e3a95c9107ac?s=96&d=mm&r=g\",\"caption\":\"Issouf Tapsoba\"},\"url\":\"https:\\\/\\\/www.latribunedufaso.net\\\/?author=5\"}]}<\/script>\n<!-- \/ Yoast SEO plugin. -->","yoast_head_json":{"title":"Affaire dite \u00ab guerrisseuse de Komsilga \u00bb : La dame sera incarc\u00e9r\u00e9e \u00e0 la MACA sur sa demande - La Tribune du Faso","robots":{"index":"index","follow":"follow","max-snippet":"max-snippet:-1","max-image-preview":"max-image-preview:large","max-video-preview":"max-video-preview:-1"},"canonical":"https:\/\/www.latribunedufaso.net\/?p=8551","og_locale":"fr_FR","og_type":"article","og_title":"Affaire dite \u00ab guerrisseuse de Komsilga \u00bb : La dame sera incarc\u00e9r\u00e9e \u00e0 la MACA sur sa demande - La Tribune du Faso","og_description":"Dans un communiqu\u00e9 en date du 04 ao\u00fbt 2023, le procureur g\u00e9n\u00e9ral pr\u00e8s la Cour d&rsquo;appel de Ouagadougou a inform\u00e9 l&rsquo;opinion publique sur l&rsquo;incarc\u00e9ration de la dame dite \u00ab guerrisseuse de Komsilga \u00bb, en attendant son jugement.","og_url":"https:\/\/www.latribunedufaso.net\/?p=8551","og_site_name":"La Tribune du Faso","article_publisher":"https:\/\/www.facebook.com\/LatribuneduFaso\/","article_published_time":"2023-08-05T12:44:50+00:00","og_image":[{"width":500,"height":338,"url":"https:\/\/www.latribunedufaso.net\/wp-content\/uploads\/2023\/08\/Tribunal-militaire-de-Ouagadougou.jpg","type":"image\/jpeg"}],"author":"Issouf Tapsoba","twitter_misc":{"\u00c9crit par":"Issouf Tapsoba","Dur\u00e9e de lecture estim\u00e9e":"2 minutes"},"schema":{"@context":"https:\/\/schema.org","@graph":[{"@type":"Article","@id":"https:\/\/www.latribunedufaso.net\/?p=8551#article","isPartOf":{"@id":"https:\/\/www.latribunedufaso.net\/?p=8551"},"author":{"name":"Issouf Tapsoba","@id":"https:\/\/www.latribunedufaso.net\/#\/schema\/person\/e54e64c5778a7e72cf80a318b7a622b0"},"headline":"Affaire dite \u00ab guerrisseuse de Komsilga \u00bb : La dame sera incarc\u00e9r\u00e9e \u00e0 la MACA sur sa demande","datePublished":"2023-08-05T12:44:50+00:00","mainEntityOfPage":{"@id":"https:\/\/www.latribunedufaso.net\/?p=8551"},"wordCount":363,"commentCount":0,"publisher":{"@id":"https:\/\/www.latribunedufaso.net\/#organization"},"image":{"@id":"https:\/\/www.latribunedufaso.net\/?p=8551#primaryimage"},"thumbnailUrl":"https:\/\/www.latribunedufaso.net\/wp-content\/uploads\/2023\/08\/Tribunal-militaire-de-Ouagadougou.jpg","articleSection":["A la une","Actualit\u00e9","Soci\u00e9t\u00e9"],"inLanguage":"fr-FR","potentialAction":[{"@type":"CommentAction","name":"Comment","target":["https:\/\/www.latribunedufaso.net\/?p=8551#respond"]}]},{"@type":"WebPage","@id":"https:\/\/www.latribunedufaso.net\/?p=8551","url":"https:\/\/www.latribunedufaso.net\/?p=8551","name":"Affaire dite \u00ab guerrisseuse de Komsilga \u00bb : La dame sera incarc\u00e9r\u00e9e \u00e0 la MACA sur sa demande - La Tribune du Faso","isPartOf":{"@id":"https:\/\/www.latribunedufaso.net\/#website"},"primaryImageOfPage":{"@id":"https:\/\/www.latribunedufaso.net\/?p=8551#primaryimage"},"image":{"@id":"https:\/\/www.latribunedufaso.net\/?p=8551#primaryimage"},"thumbnailUrl":"https:\/\/www.latribunedufaso.net\/wp-content\/uploads\/2023\/08\/Tribunal-militaire-de-Ouagadougou.jpg","datePublished":"2023-08-05T12:44:50+00:00","breadcrumb":{"@id":"https:\/\/www.latribunedufaso.net\/?p=8551#breadcrumb"},"inLanguage":"fr-FR","potentialAction":[{"@type":"ReadAction","target":["https:\/\/www.latribunedufaso.net\/?p=8551"]}]},{"@type":"ImageObject","inLanguage":"fr-FR","@id":"https:\/\/www.latribunedufaso.net\/?p=8551#primaryimage","url":"https:\/\/www.latribunedufaso.net\/wp-content\/uploads\/2023\/08\/Tribunal-militaire-de-Ouagadougou.jpg","contentUrl":"https:\/\/www.latribunedufaso.net\/wp-content\/uploads\/2023\/08\/Tribunal-militaire-de-Ouagadougou.jpg","width":500,"height":338},{"@type":"BreadcrumbList","@id":"https:\/\/www.latribunedufaso.net\/?p=8551#breadcrumb","itemListElement":[{"@type":"ListItem","position":1,"name":"Accueil","item":"https:\/\/www.latribunedufaso.net\/"},{"@type":"ListItem","position":2,"name":"Affaire dite \u00ab guerrisseuse de Komsilga \u00bb : La dame sera incarc\u00e9r\u00e9e \u00e0 la MACA sur sa demande"}]},{"@type":"WebSite","@id":"https:\/\/www.latribunedufaso.net\/#website","url":"https:\/\/www.latribunedufaso.net\/","name":"La Tribune du Faso","description":"L&#039;information du monde rural en un clic","publisher":{"@id":"https:\/\/www.latribunedufaso.net\/#organization"},"potentialAction":[{"@type":"SearchAction","target":{"@type":"EntryPoint","urlTemplate":"https:\/\/www.latribunedufaso.net\/?s={search_term_string}"},"query-input":{"@type":"PropertyValueSpecification","valueRequired":true,"valueName":"search_term_string"}}],"inLanguage":"fr-FR"},{"@type":"Organization","@id":"https:\/\/www.latribunedufaso.net\/#organization","name":"La Tribune du Faso","url":"https:\/\/www.latribunedufaso.net\/","logo":{"@type":"ImageObject","inLanguage":"fr-FR","@id":"https:\/\/www.latribunedufaso.net\/#\/schema\/logo\/image\/","url":"https:\/\/www.latribunedufaso.net\/wp-content\/uploads\/2020\/08\/Logo-Tribune-du-Faso-final-scaled.jpg","contentUrl":"https:\/\/www.latribunedufaso.net\/wp-content\/uploads\/2020\/08\/Logo-Tribune-du-Faso-final-scaled.jpg","width":2560,"height":1856,"caption":"La Tribune du Faso"},"image":{"@id":"https:\/\/www.latribunedufaso.net\/#\/schema\/logo\/image\/"},"sameAs":["https:\/\/www.facebook.com\/LatribuneduFaso\/"]},{"@type":"Person","@id":"https:\/\/www.latribunedufaso.net\/#\/schema\/person\/e54e64c5778a7e72cf80a318b7a622b0","name":"Issouf Tapsoba","image":{"@type":"ImageObject","inLanguage":"fr-FR","@id":"https:\/\/secure.gravatar.com\/avatar\/5e6c05150ce3230247d167f5b94d678eb05936197436d69b7921e3a95c9107ac?s=96&d=mm&r=g","url":"https:\/\/secure.gravatar.com\/avatar\/5e6c05150ce3230247d167f5b94d678eb05936197436d69b7921e3a95c9107ac?s=96&d=mm&r=g","contentUrl":"https:\/\/secure.gravatar.com\/avatar\/5e6c05150ce3230247d167f5b94d678eb05936197436d69b7921e3a95c9107ac?s=96&d=mm&r=g","caption":"Issouf Tapsoba"},"url":"https:\/\/www.latribunedufaso.net\/?author=5"}]}},"_links":{"self":[{"href":"https:\/\/www.latribunedufaso.net\/index.php?rest_route=\/wp\/v2\/posts\/8551","targetHints":{"allow":["GET"]}}],"collection":[{"href":"https:\/\/www.latribunedufaso.net\/index.php?rest_route=\/wp\/v2\/posts"}],"about":[{"href":"https:\/\/www.latribunedufaso.net\/index.php?rest_route=\/wp\/v2\/types\/post"}],"author":[{"embeddable":true,"href":"https:\/\/www.latribunedufaso.net\/index.php?rest_route=\/wp\/v2\/users\/5"}],"replies":[{"embeddable":true,"href":"https:\/\/www.latribunedufaso.net\/index.php?rest_route=%2Fwp%2Fv2%2Fcomments&post=8551"}],"version-history":[{"count":1,"href":"https:\/\/www.latribunedufaso.net\/index.php?rest_route=\/wp\/v2\/posts\/8551\/revisions"}],"predecessor-version":[{"id":8554,"href":"https:\/\/www.latribunedufaso.net\/index.php?rest_route=\/wp\/v2\/posts\/8551\/revisions\/8554"}],"wp:featuredmedia":[{"embeddable":true,"href":"https:\/\/www.latribunedufaso.net\/index.php?rest_route=\/wp\/v2\/media\/8553"}],"wp:attachment":[{"href":"https:\/\/www.latribunedufaso.net\/index.php?rest_route=%2Fwp%2Fv2%2Fmedia&parent=8551"}],"wp:term":[{"taxonomy":"category","embeddable":true,"href":"https:\/\/www.latribunedufaso.net\/index.php?rest_route=%2Fwp%2Fv2%2Fcategories&post=8551"},{"taxonomy":"post_tag","embeddable":true,"href":"https:\/\/www.latribunedufaso.net\/index.php?rest_route=%2Fwp%2Fv2%2Ftags&post=8551"}],"curies":[{"name":"wp","href":"https:\/\/api.w.org\/{rel}","templated":true}]}}