{"id":8382,"date":"2023-07-27T20:12:33","date_gmt":"2023-07-27T20:12:33","guid":{"rendered":"https:\/\/www.latribunedufaso.net\/?p=8382"},"modified":"2023-07-27T20:12:33","modified_gmt":"2023-07-27T20:12:33","slug":"2e-forum-economique-et-humanitaire-pour-un-approfondissement-de-la-cooperation-entre-lafrique-et-la-russie","status":"publish","type":"post","link":"https:\/\/www.latribunedufaso.net\/?p=8382","title":{"rendered":"2e Forum \u00e9conomique et humanitaire : Pour un approfondissement de la coop\u00e9ration entre l\u2019Afrique et la Russie\u00a0"},"content":{"rendered":"<p><strong><span style=\"font-size: 1.0625rem;\">(Saint P\u00e9tersbourg, 27 juillet 2023, GMT+3). Le Pr\u00e9sident de la Transition, Chef de l\u2019Etat, le Capitaine Ibrahim TRAORE a assist\u00e9, ce jeudi en fin de matin\u00e9e au centre de congr\u00e8s et d\u2019exposition ExpoForum, de Saint P\u00e9tersbourg, \u00e0 la c\u00e9r\u00e9monie d\u2019ouverture du 2e Forum \u00e9conomique et humanitaire Russie-Afrique.\u00a0<\/span><\/strong><br \/><!--more--><\/p>\n<p>C\u2019est le pr\u00e9sident russe, Vladimir POUTINE qui a proc\u00e9d\u00e9 \u00e0 l\u2019ouverture de la session pl\u00e9ni\u00e8re de ce forum auquel participent des Chefs d\u2019Etat et de gouvernement africains. Cette rencontre entre l\u2019Afrique et la F\u00e9d\u00e9ration de Russie vise \u00e0 renforcer la coop\u00e9ration dans la perspective de d\u00e9finir la trajectoire de d\u00e9veloppement des relations entre la Russie et l\u2019Afrique sur le long terme. \u00ab L\u2019objectif principal c\u2019est de renforcer le bien-\u00eatre de nos citoyens, d\u2019am\u00e9liorer les conditions de vie et de r\u00e9soudre les questions et les probl\u00e8mes urgents \u00bb, a d\u00e9clar\u00e9 le pr\u00e9sident de la F\u00e9d\u00e9ration de Russie, Vladimir POUTINE \u00e0 l\u2019ouverture du Forum.<\/p>\n<p><a href=\"https:\/\/www.latribunedufaso.net\/wp-content\/uploads\/2023\/07\/FB_IMG_1690487928768.jpg\"><img loading=\"lazy\" decoding=\"async\" class=\"size-medium wp-image-8386 alignleft\" src=\"https:\/\/www.latribunedufaso.net\/wp-content\/uploads\/2023\/07\/FB_IMG_1690487928768-300x200.jpg\" alt=\"\" width=\"300\" height=\"200\" srcset=\"https:\/\/www.latribunedufaso.net\/wp-content\/uploads\/2023\/07\/FB_IMG_1690487928768-300x200.jpg 300w, https:\/\/www.latribunedufaso.net\/wp-content\/uploads\/2023\/07\/FB_IMG_1690487928768-120x80.jpg 120w, https:\/\/www.latribunedufaso.net\/wp-content\/uploads\/2023\/07\/FB_IMG_1690487928768-360x240.jpg 360w, https:\/\/www.latribunedufaso.net\/wp-content\/uploads\/2023\/07\/FB_IMG_1690487928768-600x400.jpg 600w, https:\/\/www.latribunedufaso.net\/wp-content\/uploads\/2023\/07\/FB_IMG_1690487928768.jpg 720w\" sizes=\"auto, (max-width: 300px) 100vw, 300px\" \/><\/a>Une trentaine de sessions pl\u00e9ni\u00e8res et des r\u00e9unions vont se tenir au cours de ce forum autour des th\u00e9matiques li\u00e9es \u00e0 l\u2019\u00e9conomie, \u00e0 la s\u00e9curit\u00e9, \u00e0 la science, aux technologies et au d\u00e9veloppement social pour \u00ab ensemble aller vers une nouvelle qualit\u00e9 de vie \u00bb profitable aux Etats africains et \u00e0 leur partenaire strat\u00e9gique, la Russie. \u00ab La Russie est sinc\u00e8rement int\u00e9ress\u00e9e \u00e0 approfondir les relations humanitaire, commerciale et dans le domaine de l\u2019investissement avec l\u2019Afrique \u00bb, a soutenu le pr\u00e9sident russe.<\/p>\n<p>Avec un taux de croissance annuel de 4,5% d\u00e9passant la moyenne mondiale et une population en nette augmentation, l\u2019Afrique a un potentiel \u00e9vident pour se d\u00e9velopper. Et pour accompagner le continent africain dans son essor, la Russie va investir dans les secteurs agricole, technologique et \u00e9nerg\u00e9tique. Au Forum de Saint P\u00e9tersbourg, le pr\u00e9sident Vladimir POUTINE a annonc\u00e9 l\u2019impl\u00e9mentation de 30 projets \u00e9nerg\u00e9tiques dans 16 pays du continent.\u00a0<\/p>\n<p><a href=\"https:\/\/www.latribunedufaso.net\/wp-content\/uploads\/2023\/07\/FB_IMG_1690487921343.jpg\"><img loading=\"lazy\" decoding=\"async\" class=\"size-medium wp-image-8387 alignleft\" src=\"https:\/\/www.latribunedufaso.net\/wp-content\/uploads\/2023\/07\/FB_IMG_1690487921343-300x200.jpg\" alt=\"\" width=\"300\" height=\"200\" srcset=\"https:\/\/www.latribunedufaso.net\/wp-content\/uploads\/2023\/07\/FB_IMG_1690487921343-300x200.jpg 300w, https:\/\/www.latribunedufaso.net\/wp-content\/uploads\/2023\/07\/FB_IMG_1690487921343-120x80.jpg 120w, https:\/\/www.latribunedufaso.net\/wp-content\/uploads\/2023\/07\/FB_IMG_1690487921343-360x240.jpg 360w, https:\/\/www.latribunedufaso.net\/wp-content\/uploads\/2023\/07\/FB_IMG_1690487921343-600x400.jpg 600w, https:\/\/www.latribunedufaso.net\/wp-content\/uploads\/2023\/07\/FB_IMG_1690487921343.jpg 720w\" sizes=\"auto, (max-width: 300px) 100vw, 300px\" \/><\/a>Egalement, \u00ab nous allons accorder une attention particuli\u00e8re \u00e0 la livraison du bl\u00e9, du ma\u00efs aux pays africains \u00bb, a-t-il ajout\u00e9. D\u00e9j\u00e0 la Russie a marqu\u00e9 sa disponibilit\u00e9 \u00e0 soutenir certains pays du continent dont le Burkina Faso avec des dons en vivres.<\/p>\n<p>Pour le Pr\u00e9sident en exercice de l\u2019Union africaine, le pr\u00e9sident de l\u2019Union des Comores, Azali ASSOUMANI, ce Forum a \u00e9t\u00e9 une occasion pour aborder les questions majeures pour le continent et pour r\u00e9affirmer le partenariat avec la Russie. \u00ab Il est \u00e9vident que la Russie a toute la place pour se poser en tant que partenaire majeur et nous sommes pr\u00eats \u00e0 aborder avec elle toutes les grandes questions de coop\u00e9ration \u00bb, a expliqu\u00e9 le pr\u00e9sident en exercice de l\u2019UA, qui a fait le plaidoyer au nom de ses pairs pour la lev\u00e9e de suspension d\u2019exportation du bl\u00e9 ukrainien afin que les pays africains qui importent cette denr\u00e9e puissent le faire.<\/p>\n<p><a href=\"https:\/\/www.latribunedufaso.net\/wp-content\/uploads\/2023\/07\/FB_IMG_1690487932784.jpg\"><img loading=\"lazy\" decoding=\"async\" class=\"size-medium wp-image-8389 alignleft\" src=\"https:\/\/www.latribunedufaso.net\/wp-content\/uploads\/2023\/07\/FB_IMG_1690487932784-300x200.jpg\" alt=\"\" width=\"300\" height=\"200\" srcset=\"https:\/\/www.latribunedufaso.net\/wp-content\/uploads\/2023\/07\/FB_IMG_1690487932784-300x200.jpg 300w, https:\/\/www.latribunedufaso.net\/wp-content\/uploads\/2023\/07\/FB_IMG_1690487932784-120x80.jpg 120w, https:\/\/www.latribunedufaso.net\/wp-content\/uploads\/2023\/07\/FB_IMG_1690487932784-360x240.jpg 360w, https:\/\/www.latribunedufaso.net\/wp-content\/uploads\/2023\/07\/FB_IMG_1690487932784-600x400.jpg 600w, https:\/\/www.latribunedufaso.net\/wp-content\/uploads\/2023\/07\/FB_IMG_1690487932784.jpg 720w\" sizes=\"auto, (max-width: 300px) 100vw, 300px\" \/><\/a>A l\u2019occasion de ce Forum, la pr\u00e9sidente de la Banque des BRICS, Dilma ROUSSEFF a soutenu que cette nouvelle banque est dispos\u00e9e \u00e0 accompagner les initiatives prometteuses dans les pays en voie de d\u00e9veloppement et surtout ceux de l\u2019Afrique.\u00a0<\/p>\n<p><strong>Direction de la communication de la Pr\u00e9sidence du Faso<\/strong><\/p>\n","protected":false},"excerpt":{"rendered":"<p>(Saint P\u00e9tersbourg, 27 juillet 2023, GMT+3). Le Pr\u00e9sident de la Transition, Chef de l\u2019Etat, le Capitaine Ibrahim TRAORE a assist\u00e9, ce jeudi en fin de matin\u00e9e au centre de congr\u00e8s et d\u2019exposition ExpoForum, de Saint P\u00e9tersbourg, \u00e0 la c\u00e9r\u00e9monie d\u2019ouverture du 2e Forum \u00e9conomique et humanitaire Russie-Afrique.\u00a0<\/p>\n","protected":false},"author":5,"featured_media":8385,"comment_status":"open","ping_status":"open","sticky":false,"template":"","format":"standard","meta":{"footnotes":""},"categories":[13,1,9],"tags":[],"class_list":["post-8382","post","type-post","status-publish","format-standard","has-post-thumbnail","hentry","category-une","category-actu","category-inter"],"yoast_head":"<!-- This site is optimized with the Yoast SEO plugin v27.4 - https:\/\/yoast.com\/product\/yoast-seo-wordpress\/ -->\n<title>2e Forum \u00e9conomique et humanitaire : Pour un approfondissement de la coop\u00e9ration entre l\u2019Afrique et la Russie\u00a0 - La Tribune du Faso<\/title>\n<meta name=\"robots\" content=\"index, follow, max-snippet:-1, max-image-preview:large, max-video-preview:-1\" \/>\n<link rel=\"canonical\" href=\"https:\/\/www.latribunedufaso.net\/?p=8382\" \/>\n<meta property=\"og:locale\" content=\"fr_FR\" \/>\n<meta property=\"og:type\" content=\"article\" \/>\n<meta property=\"og:title\" content=\"2e Forum \u00e9conomique et humanitaire : Pour un approfondissement de la coop\u00e9ration entre l\u2019Afrique et la Russie\u00a0 - La Tribune du Faso\" \/>\n<meta property=\"og:description\" content=\"(Saint P\u00e9tersbourg, 27 juillet 2023, GMT+3). Le Pr\u00e9sident de la Transition, Chef de l\u2019Etat, le Capitaine Ibrahim TRAORE a assist\u00e9, ce jeudi en fin de matin\u00e9e au centre de congr\u00e8s et d\u2019exposition ExpoForum, de Saint P\u00e9tersbourg, \u00e0 la c\u00e9r\u00e9monie d\u2019ouverture du 2e Forum \u00e9conomique et humanitaire Russie-Afrique.\u00a0\" \/>\n<meta property=\"og:url\" content=\"https:\/\/www.latribunedufaso.net\/?p=8382\" \/>\n<meta property=\"og:site_name\" content=\"La Tribune du Faso\" \/>\n<meta property=\"article:publisher\" content=\"https:\/\/www.facebook.com\/LatribuneduFaso\/\" \/>\n<meta property=\"article:published_time\" content=\"2023-07-27T20:12:33+00:00\" \/>\n<meta property=\"og:image\" content=\"https:\/\/www.latribunedufaso.net\/wp-content\/uploads\/2023\/07\/FB_IMG_1690487909301.jpg\" \/>\n\t<meta property=\"og:image:width\" content=\"720\" \/>\n\t<meta property=\"og:image:height\" content=\"879\" \/>\n\t<meta property=\"og:image:type\" content=\"image\/jpeg\" \/>\n<meta name=\"author\" content=\"Issouf Tapsoba\" \/>\n<meta name=\"twitter:label1\" content=\"\u00c9crit par\" \/>\n\t<meta name=\"twitter:data1\" content=\"Issouf Tapsoba\" \/>\n\t<meta name=\"twitter:label2\" content=\"Dur\u00e9e de lecture estim\u00e9e\" \/>\n\t<meta name=\"twitter:data2\" content=\"3 minutes\" \/>\n<script type=\"application\/ld+json\" class=\"yoast-schema-graph\">{\"@context\":\"https:\\\/\\\/schema.org\",\"@graph\":[{\"@type\":\"Article\",\"@id\":\"https:\\\/\\\/www.latribunedufaso.net\\\/?p=8382#article\",\"isPartOf\":{\"@id\":\"https:\\\/\\\/www.latribunedufaso.net\\\/?p=8382\"},\"author\":{\"name\":\"Issouf Tapsoba\",\"@id\":\"https:\\\/\\\/www.latribunedufaso.net\\\/#\\\/schema\\\/person\\\/e54e64c5778a7e72cf80a318b7a622b0\"},\"headline\":\"2e Forum \u00e9conomique et humanitaire : Pour un approfondissement de la coop\u00e9ration entre l\u2019Afrique et la Russie\u00a0\",\"datePublished\":\"2023-07-27T20:12:33+00:00\",\"mainEntityOfPage\":{\"@id\":\"https:\\\/\\\/www.latribunedufaso.net\\\/?p=8382\"},\"wordCount\":571,\"commentCount\":0,\"publisher\":{\"@id\":\"https:\\\/\\\/www.latribunedufaso.net\\\/#organization\"},\"image\":{\"@id\":\"https:\\\/\\\/www.latribunedufaso.net\\\/?p=8382#primaryimage\"},\"thumbnailUrl\":\"https:\\\/\\\/www.latribunedufaso.net\\\/wp-content\\\/uploads\\\/2023\\\/07\\\/FB_IMG_1690487909301.jpg\",\"articleSection\":[\"A la une\",\"Actualit\u00e9\",\"International\"],\"inLanguage\":\"fr-FR\",\"potentialAction\":[{\"@type\":\"CommentAction\",\"name\":\"Comment\",\"target\":[\"https:\\\/\\\/www.latribunedufaso.net\\\/?p=8382#respond\"]}]},{\"@type\":\"WebPage\",\"@id\":\"https:\\\/\\\/www.latribunedufaso.net\\\/?p=8382\",\"url\":\"https:\\\/\\\/www.latribunedufaso.net\\\/?p=8382\",\"name\":\"2e Forum \u00e9conomique et humanitaire : Pour un approfondissement de la coop\u00e9ration entre l\u2019Afrique et la Russie\u00a0 - La Tribune du Faso\",\"isPartOf\":{\"@id\":\"https:\\\/\\\/www.latribunedufaso.net\\\/#website\"},\"primaryImageOfPage\":{\"@id\":\"https:\\\/\\\/www.latribunedufaso.net\\\/?p=8382#primaryimage\"},\"image\":{\"@id\":\"https:\\\/\\\/www.latribunedufaso.net\\\/?p=8382#primaryimage\"},\"thumbnailUrl\":\"https:\\\/\\\/www.latribunedufaso.net\\\/wp-content\\\/uploads\\\/2023\\\/07\\\/FB_IMG_1690487909301.jpg\",\"datePublished\":\"2023-07-27T20:12:33+00:00\",\"breadcrumb\":{\"@id\":\"https:\\\/\\\/www.latribunedufaso.net\\\/?p=8382#breadcrumb\"},\"inLanguage\":\"fr-FR\",\"potentialAction\":[{\"@type\":\"ReadAction\",\"target\":[\"https:\\\/\\\/www.latribunedufaso.net\\\/?p=8382\"]}]},{\"@type\":\"ImageObject\",\"inLanguage\":\"fr-FR\",\"@id\":\"https:\\\/\\\/www.latribunedufaso.net\\\/?p=8382#primaryimage\",\"url\":\"https:\\\/\\\/www.latribunedufaso.net\\\/wp-content\\\/uploads\\\/2023\\\/07\\\/FB_IMG_1690487909301.jpg\",\"contentUrl\":\"https:\\\/\\\/www.latribunedufaso.net\\\/wp-content\\\/uploads\\\/2023\\\/07\\\/FB_IMG_1690487909301.jpg\",\"width\":720,\"height\":879},{\"@type\":\"BreadcrumbList\",\"@id\":\"https:\\\/\\\/www.latribunedufaso.net\\\/?p=8382#breadcrumb\",\"itemListElement\":[{\"@type\":\"ListItem\",\"position\":1,\"name\":\"Accueil\",\"item\":\"https:\\\/\\\/www.latribunedufaso.net\\\/\"},{\"@type\":\"ListItem\",\"position\":2,\"name\":\"2e Forum \u00e9conomique et humanitaire : Pour un approfondissement de la coop\u00e9ration entre l\u2019Afrique et la Russie\u00a0\"}]},{\"@type\":\"WebSite\",\"@id\":\"https:\\\/\\\/www.latribunedufaso.net\\\/#website\",\"url\":\"https:\\\/\\\/www.latribunedufaso.net\\\/\",\"name\":\"La Tribune du Faso\",\"description\":\"L&#039;information du monde rural en un clic\",\"publisher\":{\"@id\":\"https:\\\/\\\/www.latribunedufaso.net\\\/#organization\"},\"potentialAction\":[{\"@type\":\"SearchAction\",\"target\":{\"@type\":\"EntryPoint\",\"urlTemplate\":\"https:\\\/\\\/www.latribunedufaso.net\\\/?s={search_term_string}\"},\"query-input\":{\"@type\":\"PropertyValueSpecification\",\"valueRequired\":true,\"valueName\":\"search_term_string\"}}],\"inLanguage\":\"fr-FR\"},{\"@type\":\"Organization\",\"@id\":\"https:\\\/\\\/www.latribunedufaso.net\\\/#organization\",\"name\":\"La Tribune du Faso\",\"url\":\"https:\\\/\\\/www.latribunedufaso.net\\\/\",\"logo\":{\"@type\":\"ImageObject\",\"inLanguage\":\"fr-FR\",\"@id\":\"https:\\\/\\\/www.latribunedufaso.net\\\/#\\\/schema\\\/logo\\\/image\\\/\",\"url\":\"https:\\\/\\\/www.latribunedufaso.net\\\/wp-content\\\/uploads\\\/2020\\\/08\\\/Logo-Tribune-du-Faso-final-scaled.jpg\",\"contentUrl\":\"https:\\\/\\\/www.latribunedufaso.net\\\/wp-content\\\/uploads\\\/2020\\\/08\\\/Logo-Tribune-du-Faso-final-scaled.jpg\",\"width\":2560,\"height\":1856,\"caption\":\"La Tribune du Faso\"},\"image\":{\"@id\":\"https:\\\/\\\/www.latribunedufaso.net\\\/#\\\/schema\\\/logo\\\/image\\\/\"},\"sameAs\":[\"https:\\\/\\\/www.facebook.com\\\/LatribuneduFaso\\\/\"]},{\"@type\":\"Person\",\"@id\":\"https:\\\/\\\/www.latribunedufaso.net\\\/#\\\/schema\\\/person\\\/e54e64c5778a7e72cf80a318b7a622b0\",\"name\":\"Issouf Tapsoba\",\"image\":{\"@type\":\"ImageObject\",\"inLanguage\":\"fr-FR\",\"@id\":\"https:\\\/\\\/secure.gravatar.com\\\/avatar\\\/5e6c05150ce3230247d167f5b94d678eb05936197436d69b7921e3a95c9107ac?s=96&d=mm&r=g\",\"url\":\"https:\\\/\\\/secure.gravatar.com\\\/avatar\\\/5e6c05150ce3230247d167f5b94d678eb05936197436d69b7921e3a95c9107ac?s=96&d=mm&r=g\",\"contentUrl\":\"https:\\\/\\\/secure.gravatar.com\\\/avatar\\\/5e6c05150ce3230247d167f5b94d678eb05936197436d69b7921e3a95c9107ac?s=96&d=mm&r=g\",\"caption\":\"Issouf Tapsoba\"},\"url\":\"https:\\\/\\\/www.latribunedufaso.net\\\/?author=5\"}]}<\/script>\n<!-- \/ Yoast SEO plugin. -->","yoast_head_json":{"title":"2e Forum \u00e9conomique et humanitaire : Pour un approfondissement de la coop\u00e9ration entre l\u2019Afrique et la Russie\u00a0 - La Tribune du Faso","robots":{"index":"index","follow":"follow","max-snippet":"max-snippet:-1","max-image-preview":"max-image-preview:large","max-video-preview":"max-video-preview:-1"},"canonical":"https:\/\/www.latribunedufaso.net\/?p=8382","og_locale":"fr_FR","og_type":"article","og_title":"2e Forum \u00e9conomique et humanitaire : Pour un approfondissement de la coop\u00e9ration entre l\u2019Afrique et la Russie\u00a0 - La Tribune du Faso","og_description":"(Saint P\u00e9tersbourg, 27 juillet 2023, GMT+3). Le Pr\u00e9sident de la Transition, Chef de l\u2019Etat, le Capitaine Ibrahim TRAORE a assist\u00e9, ce jeudi en fin de matin\u00e9e au centre de congr\u00e8s et d\u2019exposition ExpoForum, de Saint P\u00e9tersbourg, \u00e0 la c\u00e9r\u00e9monie d\u2019ouverture du 2e Forum \u00e9conomique et humanitaire Russie-Afrique.\u00a0","og_url":"https:\/\/www.latribunedufaso.net\/?p=8382","og_site_name":"La Tribune du Faso","article_publisher":"https:\/\/www.facebook.com\/LatribuneduFaso\/","article_published_time":"2023-07-27T20:12:33+00:00","og_image":[{"width":720,"height":879,"url":"https:\/\/www.latribunedufaso.net\/wp-content\/uploads\/2023\/07\/FB_IMG_1690487909301.jpg","type":"image\/jpeg"}],"author":"Issouf Tapsoba","twitter_misc":{"\u00c9crit par":"Issouf Tapsoba","Dur\u00e9e de lecture estim\u00e9e":"3 minutes"},"schema":{"@context":"https:\/\/schema.org","@graph":[{"@type":"Article","@id":"https:\/\/www.latribunedufaso.net\/?p=8382#article","isPartOf":{"@id":"https:\/\/www.latribunedufaso.net\/?p=8382"},"author":{"name":"Issouf Tapsoba","@id":"https:\/\/www.latribunedufaso.net\/#\/schema\/person\/e54e64c5778a7e72cf80a318b7a622b0"},"headline":"2e Forum \u00e9conomique et humanitaire : Pour un approfondissement de la coop\u00e9ration entre l\u2019Afrique et la Russie\u00a0","datePublished":"2023-07-27T20:12:33+00:00","mainEntityOfPage":{"@id":"https:\/\/www.latribunedufaso.net\/?p=8382"},"wordCount":571,"commentCount":0,"publisher":{"@id":"https:\/\/www.latribunedufaso.net\/#organization"},"image":{"@id":"https:\/\/www.latribunedufaso.net\/?p=8382#primaryimage"},"thumbnailUrl":"https:\/\/www.latribunedufaso.net\/wp-content\/uploads\/2023\/07\/FB_IMG_1690487909301.jpg","articleSection":["A la une","Actualit\u00e9","International"],"inLanguage":"fr-FR","potentialAction":[{"@type":"CommentAction","name":"Comment","target":["https:\/\/www.latribunedufaso.net\/?p=8382#respond"]}]},{"@type":"WebPage","@id":"https:\/\/www.latribunedufaso.net\/?p=8382","url":"https:\/\/www.latribunedufaso.net\/?p=8382","name":"2e Forum \u00e9conomique et humanitaire : Pour un approfondissement de la coop\u00e9ration entre l\u2019Afrique et la Russie\u00a0 - La Tribune du Faso","isPartOf":{"@id":"https:\/\/www.latribunedufaso.net\/#website"},"primaryImageOfPage":{"@id":"https:\/\/www.latribunedufaso.net\/?p=8382#primaryimage"},"image":{"@id":"https:\/\/www.latribunedufaso.net\/?p=8382#primaryimage"},"thumbnailUrl":"https:\/\/www.latribunedufaso.net\/wp-content\/uploads\/2023\/07\/FB_IMG_1690487909301.jpg","datePublished":"2023-07-27T20:12:33+00:00","breadcrumb":{"@id":"https:\/\/www.latribunedufaso.net\/?p=8382#breadcrumb"},"inLanguage":"fr-FR","potentialAction":[{"@type":"ReadAction","target":["https:\/\/www.latribunedufaso.net\/?p=8382"]}]},{"@type":"ImageObject","inLanguage":"fr-FR","@id":"https:\/\/www.latribunedufaso.net\/?p=8382#primaryimage","url":"https:\/\/www.latribunedufaso.net\/wp-content\/uploads\/2023\/07\/FB_IMG_1690487909301.jpg","contentUrl":"https:\/\/www.latribunedufaso.net\/wp-content\/uploads\/2023\/07\/FB_IMG_1690487909301.jpg","width":720,"height":879},{"@type":"BreadcrumbList","@id":"https:\/\/www.latribunedufaso.net\/?p=8382#breadcrumb","itemListElement":[{"@type":"ListItem","position":1,"name":"Accueil","item":"https:\/\/www.latribunedufaso.net\/"},{"@type":"ListItem","position":2,"name":"2e Forum \u00e9conomique et humanitaire : Pour un approfondissement de la coop\u00e9ration entre l\u2019Afrique et la Russie\u00a0"}]},{"@type":"WebSite","@id":"https:\/\/www.latribunedufaso.net\/#website","url":"https:\/\/www.latribunedufaso.net\/","name":"La Tribune du Faso","description":"L&#039;information du monde rural en un clic","publisher":{"@id":"https:\/\/www.latribunedufaso.net\/#organization"},"potentialAction":[{"@type":"SearchAction","target":{"@type":"EntryPoint","urlTemplate":"https:\/\/www.latribunedufaso.net\/?s={search_term_string}"},"query-input":{"@type":"PropertyValueSpecification","valueRequired":true,"valueName":"search_term_string"}}],"inLanguage":"fr-FR"},{"@type":"Organization","@id":"https:\/\/www.latribunedufaso.net\/#organization","name":"La Tribune du Faso","url":"https:\/\/www.latribunedufaso.net\/","logo":{"@type":"ImageObject","inLanguage":"fr-FR","@id":"https:\/\/www.latribunedufaso.net\/#\/schema\/logo\/image\/","url":"https:\/\/www.latribunedufaso.net\/wp-content\/uploads\/2020\/08\/Logo-Tribune-du-Faso-final-scaled.jpg","contentUrl":"https:\/\/www.latribunedufaso.net\/wp-content\/uploads\/2020\/08\/Logo-Tribune-du-Faso-final-scaled.jpg","width":2560,"height":1856,"caption":"La Tribune du Faso"},"image":{"@id":"https:\/\/www.latribunedufaso.net\/#\/schema\/logo\/image\/"},"sameAs":["https:\/\/www.facebook.com\/LatribuneduFaso\/"]},{"@type":"Person","@id":"https:\/\/www.latribunedufaso.net\/#\/schema\/person\/e54e64c5778a7e72cf80a318b7a622b0","name":"Issouf Tapsoba","image":{"@type":"ImageObject","inLanguage":"fr-FR","@id":"https:\/\/secure.gravatar.com\/avatar\/5e6c05150ce3230247d167f5b94d678eb05936197436d69b7921e3a95c9107ac?s=96&d=mm&r=g","url":"https:\/\/secure.gravatar.com\/avatar\/5e6c05150ce3230247d167f5b94d678eb05936197436d69b7921e3a95c9107ac?s=96&d=mm&r=g","contentUrl":"https:\/\/secure.gravatar.com\/avatar\/5e6c05150ce3230247d167f5b94d678eb05936197436d69b7921e3a95c9107ac?s=96&d=mm&r=g","caption":"Issouf Tapsoba"},"url":"https:\/\/www.latribunedufaso.net\/?author=5"}]}},"_links":{"self":[{"href":"https:\/\/www.latribunedufaso.net\/index.php?rest_route=\/wp\/v2\/posts\/8382","targetHints":{"allow":["GET"]}}],"collection":[{"href":"https:\/\/www.latribunedufaso.net\/index.php?rest_route=\/wp\/v2\/posts"}],"about":[{"href":"https:\/\/www.latribunedufaso.net\/index.php?rest_route=\/wp\/v2\/types\/post"}],"author":[{"embeddable":true,"href":"https:\/\/www.latribunedufaso.net\/index.php?rest_route=\/wp\/v2\/users\/5"}],"replies":[{"embeddable":true,"href":"https:\/\/www.latribunedufaso.net\/index.php?rest_route=%2Fwp%2Fv2%2Fcomments&post=8382"}],"version-history":[{"count":1,"href":"https:\/\/www.latribunedufaso.net\/index.php?rest_route=\/wp\/v2\/posts\/8382\/revisions"}],"predecessor-version":[{"id":8390,"href":"https:\/\/www.latribunedufaso.net\/index.php?rest_route=\/wp\/v2\/posts\/8382\/revisions\/8390"}],"wp:featuredmedia":[{"embeddable":true,"href":"https:\/\/www.latribunedufaso.net\/index.php?rest_route=\/wp\/v2\/media\/8385"}],"wp:attachment":[{"href":"https:\/\/www.latribunedufaso.net\/index.php?rest_route=%2Fwp%2Fv2%2Fmedia&parent=8382"}],"wp:term":[{"taxonomy":"category","embeddable":true,"href":"https:\/\/www.latribunedufaso.net\/index.php?rest_route=%2Fwp%2Fv2%2Fcategories&post=8382"},{"taxonomy":"post_tag","embeddable":true,"href":"https:\/\/www.latribunedufaso.net\/index.php?rest_route=%2Fwp%2Fv2%2Ftags&post=8382"}],"curies":[{"name":"wp","href":"https:\/\/api.w.org\/{rel}","templated":true}]}}