{"id":8372,"date":"2023-07-27T07:16:21","date_gmt":"2023-07-27T07:16:21","guid":{"rendered":"https:\/\/www.latribunedufaso.net\/?p=8372"},"modified":"2023-07-27T07:16:21","modified_gmt":"2023-07-27T07:16:21","slug":"palmares-de-la-nuit-de-lartisanat-minier-azara-sankara-de-hounde-remporte-le-prix-du-meilleur-artisan-minier-de-lannee-categorie-mine-or","status":"publish","type":"post","link":"https:\/\/www.latribunedufaso.net\/?p=8372","title":{"rendered":"Palmar\u00e8s de la Nuit de l\u2019artisanat minier : Azara Sankara de Hound\u00e9 remporte le prix du Meilleur artisan minier de l\u2019ann\u00e9e cat\u00e9gorie mine or"},"content":{"rendered":"<p><strong><span style=\"font-size: 1.0625rem;\">La Journ\u00e9e de l\u2019artisan minier (JAM) est une tribune d\u2019expression et d\u2019\u00e9changes entre les acteurs de la chaine de valeurs des exploitations mini\u00e8res artisanales et s\u00e9mi-mecanis\u00e9es sur les d\u00e9fis li\u00e9s \u00e0 l\u2019organisation de ce sous-secteur et \u00e0 la promotion des bonnes pratiques. La deuxi\u00e8me \u00e9dition a eu lieu du 21 au 22 juillet 2023 \u00e0 Gaoua sous le th\u00e8me : \u00ab Exploitation mini\u00e8re artisanale : quels m\u00e9canismes pour une formalisation des exploitants afin d\u2019am\u00e9liorer les retomb\u00e9es socio-\u00e9conomiques du secteur ? \u00bb. Elle s\u2019est termin\u00e9e en apoth\u00e9ose avec la distinction des acteurs qui se sont illustr\u00e9s dans l\u2019utilisation de bonnes pratiques dans leurs activit\u00e9s.<\/span><\/strong><br \/><!--more--><\/p>\n<p>Selon le pr\u00e9sident de la commission jury de la JAM 2023, Jonas Hien, cette ann\u00e9e, il y a un changement dans les conditions de participation au prix. \u00ab Contrairement \u00e0 la premi\u00e8re \u00e9dition o\u00f9 la comp\u00e9tition \u00e9tait ouverte \u00e0 tout site minier artisanal, pour cette \u00e9dition, seuls les sites ayant une convention formelle avec l\u2019ANEEMAS ou d\u00e9tenant des autorisations d\u2019exploitation artisanale ont \u00e9t\u00e9 autoris\u00e9s \u00e0 comp\u00e9tir \u00bb, a-t-il expliqu\u00e9.<\/p>\n<p>Dix cat\u00e9gories d\u2019artisans miniers ont \u00e9t\u00e9 retenus. Il s\u2019agit des exploitants artisanaux des substances de carri\u00e8re, des exploitants des mines, des collecteurs d\u2019or, des associations, ONG ou syndicat intervenant dans le secteur, des fabricants miniers artisanaux ou \u00e9quipementiers, des fournisseurs de services miniers artisanaux, des d\u00e9tenteurs de convention de gestion des sites miniers artisanaux, des exploitants de l\u2019or s\u00e9mi-m\u00e9canis\u00e9s, des bijouteries d\u2019or et des comptoirs d\u2019achat et de vente d\u2019or.<\/p>\n<p>Au d\u00e9part, 59 candidatures ont \u00e9t\u00e9 enregistr\u00e9es toute cat\u00e9gorie confondue et \u00e0 l\u2019arriv\u00e9 16 laur\u00e9ats ont \u00e9t\u00e9 prim\u00e9s. Ils ont tous re\u00e7u un \u00e9quipement de protection individuel, une attestation et un troph\u00e9e.<\/p>\n<p><strong>Les 16 candidatures prim\u00e9s <\/strong><\/p>\n<p>1. Artisan minier de l\u2019ann\u00e9e\/mine or<\/p>\n<p>Azara Sankara (Hound\u00e9) avec une note de 16\/20 ;<\/p>\n<p>Ousmane Sibiri Lankoand\u00e9 (Kampti) avec une note de 13\/20<\/p>\n<p>2. Artisan minier de l\u2019ann\u00e9e\/carri\u00e8re<\/p>\n<p>Modeste Somda (Dano) avec une note de 13,50\/20 ;<\/p>\n<p>Herv\u00e9 Som\u00e9 (Dano) avec une note de 13\/20<\/p>\n<p>3. Meilleur collecteur d\u2019or de l\u2019ann\u00e9e<\/p>\n<p>Ousmane Mand\u00e9 (Bobo-Dioulasso) avec une note de 17,50\/20 ;<\/p>\n<p>Laya Tindano (Banfora) avec une note de 15,50\/20<\/p>\n<p>4. Union d\u2019actions artisanales (association, ONG ou syndicat)<\/p>\n<p>Initiative citoyenne pour un d\u00e9veloppement responsable (Poura) avec une note de 18,50\/20 ;<\/p>\n<p>Artisanal gold concil (Dano) avec une note de 18\/20<\/p>\n<p>5. Technologie propre et \u00e9quipement (fabricant de technologie)<\/p>\n<p>Artisanal gold concil (Dano) avec une note de 14,50\/20<\/p>\n<p>6. Meilleur fournisseur de services miniers artisanaux de l\u2019ann\u00e9e<\/p>\n<p>Laya Tindano (Banfora) avec la note dz 18,50\/20 ;<\/p>\n<p>Daouda Zongo (Bobo Dioulasso) avec une note de 11,50\/20<\/p>\n<p>7. Site minier artisanal responsable autorisation exploitation artisanale<\/p>\n<p>Simon Bonaventure Niki\u00e9ma (Banfora) avec une note de 14,25\/20<\/p>\n<p>8. Site minier responsable s\u00e9mi-m\u00e9canis\u00e9<\/p>\n<p>Wendpanga or (Dano) avec une note de 16,20<\/p>\n<p>9. Art en or ou bijouterie<\/p>\n<p>Bijouterie Nerwaya (Ouagadougou) avec une note de 11\/20<\/p>\n<p>10. Meilleur comptoir se l\u2019ann\u00e9e<\/p>\n<p>Suisse gold value (Ouagadougou) avec une note de 18,66\/20<\/p>\n<p>Des prix sp\u00e9ciaux ont \u00e9galement \u00e9t\u00e9 d\u00e9cern\u00e9s \u00e0 des acteurs. Ils sont repartis chacun avec un \u00e9quipement de protection, une attestation et un troph\u00e9e.<\/p>\n<p><strong>Prix sp\u00e9ciaux JAM 2023 <\/strong><\/p>\n<p>1. Meilleur operateur de sout\u00e8nement ou caleur<\/p>\n<p>Salif Ou\u00e9draogo dit Cissin caleur<\/p>\n<p>2. Production de m\u00e9dias sur le secteur minier<\/p>\n<p>Mines Actu Burkina Faso<\/p>\n<p>3. Production d\u2019articles universitaires sur l\u2019artisanat minier<\/p>\n<p>Dr. Aliz\u00e8ta Ou\u00e9draogo<\/p>\n<p>4. Meilleur collecteur individuel de l\u2019ann\u00e9e<\/p>\n<p>Abou Sorgho<\/p>\n<p>En outre, les artisans miniers ont d\u00e9cern\u00e9 des prix sp\u00e9ciaux \u00e0 des acteurs qu\u2019ils ont eux-m\u00eames choisis. Ces laur\u00e9ats ont b\u00e9n\u00e9fici\u00e9 chacun d\u2019un \u00e9quipement de protection individuel, d\u2019attestation et d\u2019un troph\u00e9e.<\/p>\n<p>1. Cat\u00e9gorie communicateur<\/p>\n<p>Mahamoudou Ou\u00e9draogo de la r\u00e9gion du Sud-Ouest dit Sud-Ouest d\u2019or<\/p>\n<p>Madi Zongo dit Madi Barois<\/p>\n<p>Ouss\u00e9ni Nabaloum dit l\u2019am\u00e9ricain<\/p>\n<p>2. Cat\u00e9gorie femme collecteur d\u2019or<\/p>\n<p>A\u00efcha Ou\u00e9draogo<\/p>\n<p>3. Cat\u00e9gorie investisseur (ceux qui aident dans la construction des infrastructures sociales)<\/p>\n<p>Souleymane Sawadogo<\/p>\n<p>Amidou Birba<\/p>\n<p>Moussa Ou\u00e9draogo dit Wobgo<\/p>\n<p>Seydou Ou\u00e9draogo dit Sidcadr\u00e9<\/p>\n<p>4. Cat\u00e9gorie relation inter artisan (la coop\u00e9ration entre les artisans miniers du Burkina Faso et de la C\u00f4te d\u2019Ivoire)<\/p>\n<p>Zakaria Bamba de la C\u00f4te d\u2019Ivoire<\/p>\n<p>5. Cat\u00e9gorie meilleur promoteur<\/p>\n<p>Le Chef de canton de Gaoua, Sa majest\u00e9 Bifat\u00e9 2<\/p>\n<p><strong>Issouf Tapsoba <\/strong><\/p>\n<p><strong>Latribunedufaso.net<\/strong><\/p>\n<p>&nbsp;<\/p>\n<p>&nbsp;<\/p>\n","protected":false},"excerpt":{"rendered":"<p>La Journ\u00e9e de l\u2019artisan minier (JAM) est une tribune d\u2019expression et d\u2019\u00e9changes entre les acteurs de la chaine de valeurs des exploitations mini\u00e8res artisanales et s\u00e9mi-mecanis\u00e9es sur les d\u00e9fis li\u00e9s \u00e0 l\u2019organisation de ce sous-secteur et \u00e0 la promotion des bonnes pratiques. La deuxi\u00e8me \u00e9dition a eu lieu du 21 au 22 juillet 2023 \u00e0 Gaoua sous le th\u00e8me : \u00ab Exploitation mini\u00e8re artisanale : quels m\u00e9canismes pour une formalisation des exploitants afin d\u2019am\u00e9liorer les retomb\u00e9es socio-\u00e9conomiques du secteur ? \u00bb. Elle s\u2019est termin\u00e9e en apoth\u00e9ose avec la distinction des acteurs qui se sont illustr\u00e9s dans l\u2019utilisation de bonnes pratiques dans leurs activit\u00e9s.<\/p>\n","protected":false},"author":5,"featured_media":8373,"comment_status":"open","ping_status":"open","sticky":false,"template":"","format":"standard","meta":{"footnotes":""},"categories":[13,1,19],"tags":[],"class_list":["post-8372","post","type-post","status-publish","format-standard","has-post-thumbnail","hentry","category-une","category-actu","category-mines-et-carrieres"],"yoast_head":"<!-- This site is optimized with the Yoast SEO plugin v27.4 - https:\/\/yoast.com\/product\/yoast-seo-wordpress\/ -->\n<title>Palmar\u00e8s de la Nuit de l\u2019artisanat minier : Azara Sankara de Hound\u00e9 remporte le prix du Meilleur artisan minier de l\u2019ann\u00e9e cat\u00e9gorie mine or - La Tribune du Faso<\/title>\n<meta name=\"robots\" content=\"index, follow, max-snippet:-1, max-image-preview:large, max-video-preview:-1\" \/>\n<link rel=\"canonical\" href=\"https:\/\/www.latribunedufaso.net\/?p=8372\" \/>\n<meta property=\"og:locale\" content=\"fr_FR\" \/>\n<meta property=\"og:type\" content=\"article\" \/>\n<meta property=\"og:title\" content=\"Palmar\u00e8s de la Nuit de l\u2019artisanat minier : Azara Sankara de Hound\u00e9 remporte le prix du Meilleur artisan minier de l\u2019ann\u00e9e cat\u00e9gorie mine or - La Tribune du Faso\" \/>\n<meta property=\"og:description\" content=\"La Journ\u00e9e de l\u2019artisan minier (JAM) est une tribune d\u2019expression et d\u2019\u00e9changes entre les acteurs de la chaine de valeurs des exploitations mini\u00e8res artisanales et s\u00e9mi-mecanis\u00e9es sur les d\u00e9fis li\u00e9s \u00e0 l\u2019organisation de ce sous-secteur et \u00e0 la promotion des bonnes pratiques. La deuxi\u00e8me \u00e9dition a eu lieu du 21 au 22 juillet 2023 \u00e0 Gaoua sous le th\u00e8me : \u00ab Exploitation mini\u00e8re artisanale : quels m\u00e9canismes pour une formalisation des exploitants afin d\u2019am\u00e9liorer les retomb\u00e9es socio-\u00e9conomiques du secteur ? \u00bb. Elle s\u2019est termin\u00e9e en apoth\u00e9ose avec la distinction des acteurs qui se sont illustr\u00e9s dans l\u2019utilisation de bonnes pratiques dans leurs activit\u00e9s.\" \/>\n<meta property=\"og:url\" content=\"https:\/\/www.latribunedufaso.net\/?p=8372\" \/>\n<meta property=\"og:site_name\" content=\"La Tribune du Faso\" \/>\n<meta property=\"article:publisher\" content=\"https:\/\/www.facebook.com\/LatribuneduFaso\/\" \/>\n<meta property=\"article:published_time\" content=\"2023-07-27T07:16:21+00:00\" \/>\n<meta property=\"og:image\" content=\"https:\/\/www.latribunedufaso.net\/wp-content\/uploads\/2023\/07\/FB_IMG_1690131023295-1.jpg\" \/>\n\t<meta property=\"og:image:width\" content=\"720\" \/>\n\t<meta property=\"og:image:height\" content=\"542\" \/>\n\t<meta property=\"og:image:type\" content=\"image\/jpeg\" \/>\n<meta name=\"author\" content=\"Issouf Tapsoba\" \/>\n<meta name=\"twitter:label1\" content=\"\u00c9crit par\" \/>\n\t<meta name=\"twitter:data1\" content=\"Issouf Tapsoba\" \/>\n\t<meta name=\"twitter:label2\" content=\"Dur\u00e9e de lecture estim\u00e9e\" \/>\n\t<meta name=\"twitter:data2\" content=\"4 minutes\" \/>\n<script type=\"application\/ld+json\" class=\"yoast-schema-graph\">{\"@context\":\"https:\\\/\\\/schema.org\",\"@graph\":[{\"@type\":\"Article\",\"@id\":\"https:\\\/\\\/www.latribunedufaso.net\\\/?p=8372#article\",\"isPartOf\":{\"@id\":\"https:\\\/\\\/www.latribunedufaso.net\\\/?p=8372\"},\"author\":{\"name\":\"Issouf Tapsoba\",\"@id\":\"https:\\\/\\\/www.latribunedufaso.net\\\/#\\\/schema\\\/person\\\/e54e64c5778a7e72cf80a318b7a622b0\"},\"headline\":\"Palmar\u00e8s de la Nuit de l\u2019artisanat minier : Azara Sankara de Hound\u00e9 remporte le prix du Meilleur artisan minier de l\u2019ann\u00e9e cat\u00e9gorie mine or\",\"datePublished\":\"2023-07-27T07:16:21+00:00\",\"mainEntityOfPage\":{\"@id\":\"https:\\\/\\\/www.latribunedufaso.net\\\/?p=8372\"},\"wordCount\":762,\"commentCount\":0,\"publisher\":{\"@id\":\"https:\\\/\\\/www.latribunedufaso.net\\\/#organization\"},\"image\":{\"@id\":\"https:\\\/\\\/www.latribunedufaso.net\\\/?p=8372#primaryimage\"},\"thumbnailUrl\":\"https:\\\/\\\/www.latribunedufaso.net\\\/wp-content\\\/uploads\\\/2023\\\/07\\\/FB_IMG_1690131023295-1.jpg\",\"articleSection\":[\"A la une\",\"Actualit\u00e9\",\"Mines et Carri\u00e8res\"],\"inLanguage\":\"fr-FR\",\"potentialAction\":[{\"@type\":\"CommentAction\",\"name\":\"Comment\",\"target\":[\"https:\\\/\\\/www.latribunedufaso.net\\\/?p=8372#respond\"]}]},{\"@type\":\"WebPage\",\"@id\":\"https:\\\/\\\/www.latribunedufaso.net\\\/?p=8372\",\"url\":\"https:\\\/\\\/www.latribunedufaso.net\\\/?p=8372\",\"name\":\"Palmar\u00e8s de la Nuit de l\u2019artisanat minier : Azara Sankara de Hound\u00e9 remporte le prix du Meilleur artisan minier de l\u2019ann\u00e9e cat\u00e9gorie mine or - La Tribune du Faso\",\"isPartOf\":{\"@id\":\"https:\\\/\\\/www.latribunedufaso.net\\\/#website\"},\"primaryImageOfPage\":{\"@id\":\"https:\\\/\\\/www.latribunedufaso.net\\\/?p=8372#primaryimage\"},\"image\":{\"@id\":\"https:\\\/\\\/www.latribunedufaso.net\\\/?p=8372#primaryimage\"},\"thumbnailUrl\":\"https:\\\/\\\/www.latribunedufaso.net\\\/wp-content\\\/uploads\\\/2023\\\/07\\\/FB_IMG_1690131023295-1.jpg\",\"datePublished\":\"2023-07-27T07:16:21+00:00\",\"breadcrumb\":{\"@id\":\"https:\\\/\\\/www.latribunedufaso.net\\\/?p=8372#breadcrumb\"},\"inLanguage\":\"fr-FR\",\"potentialAction\":[{\"@type\":\"ReadAction\",\"target\":[\"https:\\\/\\\/www.latribunedufaso.net\\\/?p=8372\"]}]},{\"@type\":\"ImageObject\",\"inLanguage\":\"fr-FR\",\"@id\":\"https:\\\/\\\/www.latribunedufaso.net\\\/?p=8372#primaryimage\",\"url\":\"https:\\\/\\\/www.latribunedufaso.net\\\/wp-content\\\/uploads\\\/2023\\\/07\\\/FB_IMG_1690131023295-1.jpg\",\"contentUrl\":\"https:\\\/\\\/www.latribunedufaso.net\\\/wp-content\\\/uploads\\\/2023\\\/07\\\/FB_IMG_1690131023295-1.jpg\",\"width\":720,\"height\":542},{\"@type\":\"BreadcrumbList\",\"@id\":\"https:\\\/\\\/www.latribunedufaso.net\\\/?p=8372#breadcrumb\",\"itemListElement\":[{\"@type\":\"ListItem\",\"position\":1,\"name\":\"Accueil\",\"item\":\"https:\\\/\\\/www.latribunedufaso.net\\\/\"},{\"@type\":\"ListItem\",\"position\":2,\"name\":\"Palmar\u00e8s de la Nuit de l\u2019artisanat minier : Azara Sankara de Hound\u00e9 remporte le prix du Meilleur artisan minier de l\u2019ann\u00e9e cat\u00e9gorie mine or\"}]},{\"@type\":\"WebSite\",\"@id\":\"https:\\\/\\\/www.latribunedufaso.net\\\/#website\",\"url\":\"https:\\\/\\\/www.latribunedufaso.net\\\/\",\"name\":\"La Tribune du Faso\",\"description\":\"L&#039;information du monde rural en un clic\",\"publisher\":{\"@id\":\"https:\\\/\\\/www.latribunedufaso.net\\\/#organization\"},\"potentialAction\":[{\"@type\":\"SearchAction\",\"target\":{\"@type\":\"EntryPoint\",\"urlTemplate\":\"https:\\\/\\\/www.latribunedufaso.net\\\/?s={search_term_string}\"},\"query-input\":{\"@type\":\"PropertyValueSpecification\",\"valueRequired\":true,\"valueName\":\"search_term_string\"}}],\"inLanguage\":\"fr-FR\"},{\"@type\":\"Organization\",\"@id\":\"https:\\\/\\\/www.latribunedufaso.net\\\/#organization\",\"name\":\"La Tribune du Faso\",\"url\":\"https:\\\/\\\/www.latribunedufaso.net\\\/\",\"logo\":{\"@type\":\"ImageObject\",\"inLanguage\":\"fr-FR\",\"@id\":\"https:\\\/\\\/www.latribunedufaso.net\\\/#\\\/schema\\\/logo\\\/image\\\/\",\"url\":\"https:\\\/\\\/www.latribunedufaso.net\\\/wp-content\\\/uploads\\\/2020\\\/08\\\/Logo-Tribune-du-Faso-final-scaled.jpg\",\"contentUrl\":\"https:\\\/\\\/www.latribunedufaso.net\\\/wp-content\\\/uploads\\\/2020\\\/08\\\/Logo-Tribune-du-Faso-final-scaled.jpg\",\"width\":2560,\"height\":1856,\"caption\":\"La Tribune du Faso\"},\"image\":{\"@id\":\"https:\\\/\\\/www.latribunedufaso.net\\\/#\\\/schema\\\/logo\\\/image\\\/\"},\"sameAs\":[\"https:\\\/\\\/www.facebook.com\\\/LatribuneduFaso\\\/\"]},{\"@type\":\"Person\",\"@id\":\"https:\\\/\\\/www.latribunedufaso.net\\\/#\\\/schema\\\/person\\\/e54e64c5778a7e72cf80a318b7a622b0\",\"name\":\"Issouf Tapsoba\",\"image\":{\"@type\":\"ImageObject\",\"inLanguage\":\"fr-FR\",\"@id\":\"https:\\\/\\\/secure.gravatar.com\\\/avatar\\\/5e6c05150ce3230247d167f5b94d678eb05936197436d69b7921e3a95c9107ac?s=96&d=mm&r=g\",\"url\":\"https:\\\/\\\/secure.gravatar.com\\\/avatar\\\/5e6c05150ce3230247d167f5b94d678eb05936197436d69b7921e3a95c9107ac?s=96&d=mm&r=g\",\"contentUrl\":\"https:\\\/\\\/secure.gravatar.com\\\/avatar\\\/5e6c05150ce3230247d167f5b94d678eb05936197436d69b7921e3a95c9107ac?s=96&d=mm&r=g\",\"caption\":\"Issouf Tapsoba\"},\"url\":\"https:\\\/\\\/www.latribunedufaso.net\\\/?author=5\"}]}<\/script>\n<!-- \/ Yoast SEO plugin. -->","yoast_head_json":{"title":"Palmar\u00e8s de la Nuit de l\u2019artisanat minier : Azara Sankara de Hound\u00e9 remporte le prix du Meilleur artisan minier de l\u2019ann\u00e9e cat\u00e9gorie mine or - La Tribune du Faso","robots":{"index":"index","follow":"follow","max-snippet":"max-snippet:-1","max-image-preview":"max-image-preview:large","max-video-preview":"max-video-preview:-1"},"canonical":"https:\/\/www.latribunedufaso.net\/?p=8372","og_locale":"fr_FR","og_type":"article","og_title":"Palmar\u00e8s de la Nuit de l\u2019artisanat minier : Azara Sankara de Hound\u00e9 remporte le prix du Meilleur artisan minier de l\u2019ann\u00e9e cat\u00e9gorie mine or - La Tribune du Faso","og_description":"La Journ\u00e9e de l\u2019artisan minier (JAM) est une tribune d\u2019expression et d\u2019\u00e9changes entre les acteurs de la chaine de valeurs des exploitations mini\u00e8res artisanales et s\u00e9mi-mecanis\u00e9es sur les d\u00e9fis li\u00e9s \u00e0 l\u2019organisation de ce sous-secteur et \u00e0 la promotion des bonnes pratiques. La deuxi\u00e8me \u00e9dition a eu lieu du 21 au 22 juillet 2023 \u00e0 Gaoua sous le th\u00e8me : \u00ab Exploitation mini\u00e8re artisanale : quels m\u00e9canismes pour une formalisation des exploitants afin d\u2019am\u00e9liorer les retomb\u00e9es socio-\u00e9conomiques du secteur ? \u00bb. Elle s\u2019est termin\u00e9e en apoth\u00e9ose avec la distinction des acteurs qui se sont illustr\u00e9s dans l\u2019utilisation de bonnes pratiques dans leurs activit\u00e9s.","og_url":"https:\/\/www.latribunedufaso.net\/?p=8372","og_site_name":"La Tribune du Faso","article_publisher":"https:\/\/www.facebook.com\/LatribuneduFaso\/","article_published_time":"2023-07-27T07:16:21+00:00","og_image":[{"width":720,"height":542,"url":"https:\/\/www.latribunedufaso.net\/wp-content\/uploads\/2023\/07\/FB_IMG_1690131023295-1.jpg","type":"image\/jpeg"}],"author":"Issouf Tapsoba","twitter_misc":{"\u00c9crit par":"Issouf Tapsoba","Dur\u00e9e de lecture estim\u00e9e":"4 minutes"},"schema":{"@context":"https:\/\/schema.org","@graph":[{"@type":"Article","@id":"https:\/\/www.latribunedufaso.net\/?p=8372#article","isPartOf":{"@id":"https:\/\/www.latribunedufaso.net\/?p=8372"},"author":{"name":"Issouf Tapsoba","@id":"https:\/\/www.latribunedufaso.net\/#\/schema\/person\/e54e64c5778a7e72cf80a318b7a622b0"},"headline":"Palmar\u00e8s de la Nuit de l\u2019artisanat minier : Azara Sankara de Hound\u00e9 remporte le prix du Meilleur artisan minier de l\u2019ann\u00e9e cat\u00e9gorie mine or","datePublished":"2023-07-27T07:16:21+00:00","mainEntityOfPage":{"@id":"https:\/\/www.latribunedufaso.net\/?p=8372"},"wordCount":762,"commentCount":0,"publisher":{"@id":"https:\/\/www.latribunedufaso.net\/#organization"},"image":{"@id":"https:\/\/www.latribunedufaso.net\/?p=8372#primaryimage"},"thumbnailUrl":"https:\/\/www.latribunedufaso.net\/wp-content\/uploads\/2023\/07\/FB_IMG_1690131023295-1.jpg","articleSection":["A la une","Actualit\u00e9","Mines et Carri\u00e8res"],"inLanguage":"fr-FR","potentialAction":[{"@type":"CommentAction","name":"Comment","target":["https:\/\/www.latribunedufaso.net\/?p=8372#respond"]}]},{"@type":"WebPage","@id":"https:\/\/www.latribunedufaso.net\/?p=8372","url":"https:\/\/www.latribunedufaso.net\/?p=8372","name":"Palmar\u00e8s de la Nuit de l\u2019artisanat minier : Azara Sankara de Hound\u00e9 remporte le prix du Meilleur artisan minier de l\u2019ann\u00e9e cat\u00e9gorie mine or - La Tribune du Faso","isPartOf":{"@id":"https:\/\/www.latribunedufaso.net\/#website"},"primaryImageOfPage":{"@id":"https:\/\/www.latribunedufaso.net\/?p=8372#primaryimage"},"image":{"@id":"https:\/\/www.latribunedufaso.net\/?p=8372#primaryimage"},"thumbnailUrl":"https:\/\/www.latribunedufaso.net\/wp-content\/uploads\/2023\/07\/FB_IMG_1690131023295-1.jpg","datePublished":"2023-07-27T07:16:21+00:00","breadcrumb":{"@id":"https:\/\/www.latribunedufaso.net\/?p=8372#breadcrumb"},"inLanguage":"fr-FR","potentialAction":[{"@type":"ReadAction","target":["https:\/\/www.latribunedufaso.net\/?p=8372"]}]},{"@type":"ImageObject","inLanguage":"fr-FR","@id":"https:\/\/www.latribunedufaso.net\/?p=8372#primaryimage","url":"https:\/\/www.latribunedufaso.net\/wp-content\/uploads\/2023\/07\/FB_IMG_1690131023295-1.jpg","contentUrl":"https:\/\/www.latribunedufaso.net\/wp-content\/uploads\/2023\/07\/FB_IMG_1690131023295-1.jpg","width":720,"height":542},{"@type":"BreadcrumbList","@id":"https:\/\/www.latribunedufaso.net\/?p=8372#breadcrumb","itemListElement":[{"@type":"ListItem","position":1,"name":"Accueil","item":"https:\/\/www.latribunedufaso.net\/"},{"@type":"ListItem","position":2,"name":"Palmar\u00e8s de la Nuit de l\u2019artisanat minier : Azara Sankara de Hound\u00e9 remporte le prix du Meilleur artisan minier de l\u2019ann\u00e9e cat\u00e9gorie mine or"}]},{"@type":"WebSite","@id":"https:\/\/www.latribunedufaso.net\/#website","url":"https:\/\/www.latribunedufaso.net\/","name":"La Tribune du Faso","description":"L&#039;information du monde rural en un clic","publisher":{"@id":"https:\/\/www.latribunedufaso.net\/#organization"},"potentialAction":[{"@type":"SearchAction","target":{"@type":"EntryPoint","urlTemplate":"https:\/\/www.latribunedufaso.net\/?s={search_term_string}"},"query-input":{"@type":"PropertyValueSpecification","valueRequired":true,"valueName":"search_term_string"}}],"inLanguage":"fr-FR"},{"@type":"Organization","@id":"https:\/\/www.latribunedufaso.net\/#organization","name":"La Tribune du Faso","url":"https:\/\/www.latribunedufaso.net\/","logo":{"@type":"ImageObject","inLanguage":"fr-FR","@id":"https:\/\/www.latribunedufaso.net\/#\/schema\/logo\/image\/","url":"https:\/\/www.latribunedufaso.net\/wp-content\/uploads\/2020\/08\/Logo-Tribune-du-Faso-final-scaled.jpg","contentUrl":"https:\/\/www.latribunedufaso.net\/wp-content\/uploads\/2020\/08\/Logo-Tribune-du-Faso-final-scaled.jpg","width":2560,"height":1856,"caption":"La Tribune du Faso"},"image":{"@id":"https:\/\/www.latribunedufaso.net\/#\/schema\/logo\/image\/"},"sameAs":["https:\/\/www.facebook.com\/LatribuneduFaso\/"]},{"@type":"Person","@id":"https:\/\/www.latribunedufaso.net\/#\/schema\/person\/e54e64c5778a7e72cf80a318b7a622b0","name":"Issouf Tapsoba","image":{"@type":"ImageObject","inLanguage":"fr-FR","@id":"https:\/\/secure.gravatar.com\/avatar\/5e6c05150ce3230247d167f5b94d678eb05936197436d69b7921e3a95c9107ac?s=96&d=mm&r=g","url":"https:\/\/secure.gravatar.com\/avatar\/5e6c05150ce3230247d167f5b94d678eb05936197436d69b7921e3a95c9107ac?s=96&d=mm&r=g","contentUrl":"https:\/\/secure.gravatar.com\/avatar\/5e6c05150ce3230247d167f5b94d678eb05936197436d69b7921e3a95c9107ac?s=96&d=mm&r=g","caption":"Issouf Tapsoba"},"url":"https:\/\/www.latribunedufaso.net\/?author=5"}]}},"_links":{"self":[{"href":"https:\/\/www.latribunedufaso.net\/index.php?rest_route=\/wp\/v2\/posts\/8372","targetHints":{"allow":["GET"]}}],"collection":[{"href":"https:\/\/www.latribunedufaso.net\/index.php?rest_route=\/wp\/v2\/posts"}],"about":[{"href":"https:\/\/www.latribunedufaso.net\/index.php?rest_route=\/wp\/v2\/types\/post"}],"author":[{"embeddable":true,"href":"https:\/\/www.latribunedufaso.net\/index.php?rest_route=\/wp\/v2\/users\/5"}],"replies":[{"embeddable":true,"href":"https:\/\/www.latribunedufaso.net\/index.php?rest_route=%2Fwp%2Fv2%2Fcomments&post=8372"}],"version-history":[{"count":1,"href":"https:\/\/www.latribunedufaso.net\/index.php?rest_route=\/wp\/v2\/posts\/8372\/revisions"}],"predecessor-version":[{"id":8374,"href":"https:\/\/www.latribunedufaso.net\/index.php?rest_route=\/wp\/v2\/posts\/8372\/revisions\/8374"}],"wp:featuredmedia":[{"embeddable":true,"href":"https:\/\/www.latribunedufaso.net\/index.php?rest_route=\/wp\/v2\/media\/8373"}],"wp:attachment":[{"href":"https:\/\/www.latribunedufaso.net\/index.php?rest_route=%2Fwp%2Fv2%2Fmedia&parent=8372"}],"wp:term":[{"taxonomy":"category","embeddable":true,"href":"https:\/\/www.latribunedufaso.net\/index.php?rest_route=%2Fwp%2Fv2%2Fcategories&post=8372"},{"taxonomy":"post_tag","embeddable":true,"href":"https:\/\/www.latribunedufaso.net\/index.php?rest_route=%2Fwp%2Fv2%2Ftags&post=8372"}],"curies":[{"name":"wp","href":"https:\/\/api.w.org\/{rel}","templated":true}]}}