{"id":8304,"date":"2023-07-23T23:36:57","date_gmt":"2023-07-23T23:36:57","guid":{"rendered":"https:\/\/www.latribunedufaso.net\/?p=8304"},"modified":"2023-07-23T23:36:57","modified_gmt":"2023-07-23T23:36:57","slug":"cloture-jam-2023-vers-linstauration-dun-cadre-de-concertation-entre-les-acteurs-de-lartisanat-minier-pour-la-formalisation-des-exploitants","status":"publish","type":"post","link":"https:\/\/www.latribunedufaso.net\/?p=8304","title":{"rendered":"Cl\u00f4ture JAM 2023\u00a0: Vers l\u2019instauration d\u2019un cadre de concertation entre les acteurs de l\u2019artisanat minier pour la formalisation des exploitants"},"content":{"rendered":"<p><strong><span style=\"font-size: 1.0625rem;\">La Journ\u00e9e de l\u2019artisan minier (JAM), a referm\u00e9 ses portes ce samedi 22 juillet 2023 \u00e0 Gaoua. Les conclusions des travaux ont permis de formuler des recommandations et une r\u00e9solution.\u00a0<\/span><\/strong><br \/><!--more--><\/p>\n<p>Pour les recommandations, il s\u2019agit entre autres de trouver des m\u00e9canismes pour faciliter l\u2019acc\u00e8s \u00e0 la ressource aux artisans minier, promouvoir des m\u00e9canismes permettant la cohabitation mine industrielle-artisan minier, promouvoir l\u2019exploitation s\u00e9mi-m\u00e9canis\u00e9e par l\u2019actionnariat populaire, renforcer la s\u00e9curit\u00e9 des sites afin de permettre aux responsables des sites de faire respecter les dispositions r\u00e9glementaires et de mettre en place des centres de traitement mutualis\u00e9 et de formation sur place.<\/p>\n<p>En ce qui concerne la r\u00e9solution, les acteurs se sont accord\u00e9s sur l\u2019instauration d\u2019un cadre de concertation permanent avec les acteurs de l\u2019artisanat minier pour recueillir leurs pr\u00e9occupations afin de voir dans quelle mesure les autorit\u00e9s pourraient les accompagner \u00e0 mieux se formaliser.<\/p>\n<p>La pr\u00e9sente c\u00e9r\u00e9monie de cl\u00f4ture a \u00e9t\u00e9 marqu\u00e9e par la distinction des \u00ab meilleurs \u00bb artisans miniers dans la promotion des bonnes pratiques.<\/p>\n<p><a href=\"https:\/\/www.latribunedufaso.net\/wp-content\/uploads\/2023\/07\/FB_IMG_1690131023295.jpg\"><img loading=\"lazy\" decoding=\"async\" class=\"size-medium wp-image-8306 alignleft\" src=\"https:\/\/www.latribunedufaso.net\/wp-content\/uploads\/2023\/07\/FB_IMG_1690131023295-300x226.jpg\" alt=\"\" width=\"300\" height=\"226\" srcset=\"https:\/\/www.latribunedufaso.net\/wp-content\/uploads\/2023\/07\/FB_IMG_1690131023295-300x226.jpg 300w, https:\/\/www.latribunedufaso.net\/wp-content\/uploads\/2023\/07\/FB_IMG_1690131023295.jpg 720w\" sizes=\"auto, (max-width: 300px) 100vw, 300px\" \/><\/a>A cet effet, au total 16 laur\u00e9ats ont \u00e9t\u00e9 prim\u00e9s. Ils ont re\u00e7u des \u00e9quipements de protection individuels, des attestations et des troph\u00e9es. Le premier prix de l\u2019artisan minier a \u00e9t\u00e9 remport\u00e9 par Azara Sankara de la localit\u00e9 de Hound\u00e9. \u00ab Je suis tr\u00e8s contente. J\u2019ai re\u00e7u le prix parce que j\u2019ai respect\u00e9 les consignes qui m\u2019ont \u00e9t\u00e9 donn\u00e9es dans le cadre d\u2019une exploitation mini\u00e8re responsable. Je d\u00e9die ce prix \u00e0 toutes les femmes qui se battent nuit et jour \u00bb, s\u2019est-elle r\u00e9joui.<\/p>\n<p>Il faut noter que cette c\u00e9r\u00e9monie de cl\u00f4ture \u00e9tait plac\u00e9e sous le patronage du Pr\u00e9sident de la Transition, le Capitaine Ibrahim Traor\u00e9, repr\u00e9sent\u00e9 par le ministre des Mines, Simon-Pierre Boussim. Selon le ministre, les conclusions des travaux de la JAM donnent des pistes au gouvernement en vue d\u2019accompagner le secteur vers la formalisation. \u00ab Elle n\u2019est pas une option mais une n\u00e9cessit\u00e9 qui rel\u00e8ve d\u2019un engagement patriotique des exploitants artisanaux \u00bb, a-t-il ajout\u00e9.<\/p>\n<p><a href=\"https:\/\/www.latribunedufaso.net\/wp-content\/uploads\/2023\/07\/FB_IMG_1690131013427.jpg\"><img loading=\"lazy\" decoding=\"async\" class=\"size-medium wp-image-8307 alignleft\" src=\"https:\/\/www.latribunedufaso.net\/wp-content\/uploads\/2023\/07\/FB_IMG_1690131013427-300x226.jpg\" alt=\"\" width=\"300\" height=\"226\" srcset=\"https:\/\/www.latribunedufaso.net\/wp-content\/uploads\/2023\/07\/FB_IMG_1690131013427-300x226.jpg 300w, https:\/\/www.latribunedufaso.net\/wp-content\/uploads\/2023\/07\/FB_IMG_1690131013427.jpg 720w\" sizes=\"auto, (max-width: 300px) 100vw, 300px\" \/><\/a>Il a par ailleurs, annonc\u00e9 la p\u00e9riode du mois d\u2019octobre pour l\u2019ouverture des sites miniers artisanaux \u00e0 l\u2019exploitation. \u00ab Les textes pr\u00e9voient la fermeture des sites en p\u00e9riode de saison pluvieuse pour \u00e9viter les risques d\u2019\u00e9boulement. Nous attendons \u00e0 la r\u00e9ouverture, en octobre, pour laisser les acteurs travailler normalement en esp\u00e9rant avoir pu les formaliser durant cette p\u00e9riode \u00bb, a-t-il indiqu\u00e9.<\/p>\n<p><a href=\"https:\/\/www.latribunedufaso.net\/wp-content\/uploads\/2023\/07\/FB_IMG_1690131213611.jpg\"><img loading=\"lazy\" decoding=\"async\" class=\"size-medium wp-image-8308 alignleft\" src=\"https:\/\/www.latribunedufaso.net\/wp-content\/uploads\/2023\/07\/FB_IMG_1690131213611-300x226.jpg\" alt=\"\" width=\"300\" height=\"226\" srcset=\"https:\/\/www.latribunedufaso.net\/wp-content\/uploads\/2023\/07\/FB_IMG_1690131213611-300x226.jpg 300w, https:\/\/www.latribunedufaso.net\/wp-content\/uploads\/2023\/07\/FB_IMG_1690131213611.jpg 720w\" sizes=\"auto, (max-width: 300px) 100vw, 300px\" \/><\/a>Le parrainage de cette deuxi\u00e8me \u00e9dition de la JAM a \u00e9t\u00e9 assur\u00e9e par le Chef de canton de Gaoua, Sa majest\u00e9 Bifat\u00e9 2. Dans son intervention, il a remerci\u00e9 les autorit\u00e9s d\u2019avoir port\u00e9 le choix sur sa localit\u00e9 pour l\u2019organisation de cet rendez-vous des acteurs de l\u2019artisanat minier. Aussi, il a exhort\u00e9 les artisans miniers \u00e0 formaliser leurs activit\u00e9s afin de mieux organiser le secteur.<\/p>\n<p>En rappel, la 2e \u00e9dition de la JAM s\u2019est du 21 au 22 juillet 2023 \u00e0 Gaoua, sous le th\u00e8me \u00abExploitation mini\u00e8re artisanale : quels m\u00e9canismes pour une formalisation des exploitants afin d\u2019am\u00e9liorer les retomb\u00e9es socio-\u00e9conomiques du secteur \u00bb. Pendant deux jours, les acteurs de l\u2019artisanat minier ont r\u00e9fl\u00e9chi sur plusieurs th\u00e9matiques en lien avec le th\u00e8me central, \u00e0 travers des panels, des conf\u00e9rences et des communications. Il s\u2019agit notamment de \u00ab l\u2019encadrement de l\u2019artisanat minier \u00bb, \u00ab la promotion d\u2019un artisanat minier responsable \u00bb et \u00ab\u00a0 les m\u00e9canismes de pr\u00e9vention des conflits li\u00e9s \u00e0 l\u2019artisanat minier notamment avec les soci\u00e9t\u00e9s mini\u00e8res \u00bb.<\/p>\n<p><strong>Issouf Tapsoba\u00a0<\/strong><\/p>\n<p><strong>Latribunedufaso.net<\/strong><\/p>\n<p><a href=\"https:\/\/www.latribunedufaso.net\/wp-content\/uploads\/2023\/07\/FB_IMG_1690131068309.jpg\"><img loading=\"lazy\" decoding=\"async\" class=\"size-medium wp-image-8309 alignleft\" src=\"https:\/\/www.latribunedufaso.net\/wp-content\/uploads\/2023\/07\/FB_IMG_1690131068309-300x226.jpg\" alt=\"\" width=\"300\" height=\"226\" srcset=\"https:\/\/www.latribunedufaso.net\/wp-content\/uploads\/2023\/07\/FB_IMG_1690131068309-300x226.jpg 300w, https:\/\/www.latribunedufaso.net\/wp-content\/uploads\/2023\/07\/FB_IMG_1690131068309.jpg 720w\" sizes=\"auto, (max-width: 300px) 100vw, 300px\" \/><\/a> <a href=\"https:\/\/www.latribunedufaso.net\/wp-content\/uploads\/2023\/07\/FB_IMG_1690131057654.jpg\"><img loading=\"lazy\" decoding=\"async\" class=\"size-medium wp-image-8310 alignleft\" src=\"https:\/\/www.latribunedufaso.net\/wp-content\/uploads\/2023\/07\/FB_IMG_1690131057654-300x226.jpg\" alt=\"\" width=\"300\" height=\"226\" srcset=\"https:\/\/www.latribunedufaso.net\/wp-content\/uploads\/2023\/07\/FB_IMG_1690131057654-300x226.jpg 300w, https:\/\/www.latribunedufaso.net\/wp-content\/uploads\/2023\/07\/FB_IMG_1690131057654.jpg 720w\" sizes=\"auto, (max-width: 300px) 100vw, 300px\" \/><\/a> <a href=\"https:\/\/www.latribunedufaso.net\/wp-content\/uploads\/2023\/07\/IMG-20230723-WA0007.jpg\"><img loading=\"lazy\" decoding=\"async\" class=\"size-medium wp-image-8311 alignleft\" src=\"https:\/\/www.latribunedufaso.net\/wp-content\/uploads\/2023\/07\/IMG-20230723-WA0007-300x200.jpg\" alt=\"\" width=\"300\" height=\"200\" srcset=\"https:\/\/www.latribunedufaso.net\/wp-content\/uploads\/2023\/07\/IMG-20230723-WA0007-300x200.jpg 300w, https:\/\/www.latribunedufaso.net\/wp-content\/uploads\/2023\/07\/IMG-20230723-WA0007-1024x682.jpg 1024w, https:\/\/www.latribunedufaso.net\/wp-content\/uploads\/2023\/07\/IMG-20230723-WA0007-768x512.jpg 768w, https:\/\/www.latribunedufaso.net\/wp-content\/uploads\/2023\/07\/IMG-20230723-WA0007-840x560.jpg 840w, https:\/\/www.latribunedufaso.net\/wp-content\/uploads\/2023\/07\/IMG-20230723-WA0007-120x80.jpg 120w, https:\/\/www.latribunedufaso.net\/wp-content\/uploads\/2023\/07\/IMG-20230723-WA0007-360x240.jpg 360w, https:\/\/www.latribunedufaso.net\/wp-content\/uploads\/2023\/07\/IMG-20230723-WA0007-600x400.jpg 600w, https:\/\/www.latribunedufaso.net\/wp-content\/uploads\/2023\/07\/IMG-20230723-WA0007.jpg 1280w\" sizes=\"auto, (max-width: 300px) 100vw, 300px\" \/><\/a><\/p>\n","protected":false},"excerpt":{"rendered":"<p>La Journ\u00e9e de l\u2019artisan minier (JAM), a referm\u00e9 ses portes ce samedi 22 juillet 2023 \u00e0 Gaoua. Les conclusions des travaux ont permis de formuler des recommandations et une r\u00e9solution.\u00a0<\/p>\n","protected":false},"author":5,"featured_media":8305,"comment_status":"open","ping_status":"open","sticky":false,"template":"","format":"standard","meta":{"footnotes":""},"categories":[13,1,19],"tags":[],"class_list":["post-8304","post","type-post","status-publish","format-standard","has-post-thumbnail","hentry","category-une","category-actu","category-mines-et-carrieres"],"yoast_head":"<!-- This site is optimized with the Yoast SEO plugin v27.4 - https:\/\/yoast.com\/product\/yoast-seo-wordpress\/ -->\n<title>Cl\u00f4ture JAM 2023\u00a0: Vers l\u2019instauration d\u2019un cadre de concertation entre les acteurs de l\u2019artisanat minier pour la formalisation des exploitants - La Tribune du Faso<\/title>\n<meta name=\"robots\" content=\"index, follow, max-snippet:-1, max-image-preview:large, max-video-preview:-1\" \/>\n<link rel=\"canonical\" href=\"https:\/\/www.latribunedufaso.net\/?p=8304\" \/>\n<meta property=\"og:locale\" content=\"fr_FR\" \/>\n<meta property=\"og:type\" content=\"article\" \/>\n<meta property=\"og:title\" content=\"Cl\u00f4ture JAM 2023\u00a0: Vers l\u2019instauration d\u2019un cadre de concertation entre les acteurs de l\u2019artisanat minier pour la formalisation des exploitants - La Tribune du Faso\" \/>\n<meta property=\"og:description\" content=\"La Journ\u00e9e de l\u2019artisan minier (JAM), a referm\u00e9 ses portes ce samedi 22 juillet 2023 \u00e0 Gaoua. Les conclusions des travaux ont permis de formuler des recommandations et une r\u00e9solution.\u00a0\" \/>\n<meta property=\"og:url\" content=\"https:\/\/www.latribunedufaso.net\/?p=8304\" \/>\n<meta property=\"og:site_name\" content=\"La Tribune du Faso\" \/>\n<meta property=\"article:publisher\" content=\"https:\/\/www.facebook.com\/LatribuneduFaso\/\" \/>\n<meta property=\"article:published_time\" content=\"2023-07-23T23:36:57+00:00\" \/>\n<meta property=\"og:image\" content=\"https:\/\/www.latribunedufaso.net\/wp-content\/uploads\/2023\/07\/FB_IMG_1690131005776.jpg\" \/>\n\t<meta property=\"og:image:width\" content=\"720\" \/>\n\t<meta property=\"og:image:height\" content=\"480\" \/>\n\t<meta property=\"og:image:type\" content=\"image\/jpeg\" \/>\n<meta name=\"author\" content=\"Issouf Tapsoba\" \/>\n<meta name=\"twitter:label1\" content=\"\u00c9crit par\" \/>\n\t<meta name=\"twitter:data1\" content=\"Issouf Tapsoba\" \/>\n\t<meta name=\"twitter:label2\" content=\"Dur\u00e9e de lecture estim\u00e9e\" \/>\n\t<meta name=\"twitter:data2\" content=\"3 minutes\" \/>\n<script type=\"application\/ld+json\" class=\"yoast-schema-graph\">{\"@context\":\"https:\\\/\\\/schema.org\",\"@graph\":[{\"@type\":\"Article\",\"@id\":\"https:\\\/\\\/www.latribunedufaso.net\\\/?p=8304#article\",\"isPartOf\":{\"@id\":\"https:\\\/\\\/www.latribunedufaso.net\\\/?p=8304\"},\"author\":{\"name\":\"Issouf Tapsoba\",\"@id\":\"https:\\\/\\\/www.latribunedufaso.net\\\/#\\\/schema\\\/person\\\/e54e64c5778a7e72cf80a318b7a622b0\"},\"headline\":\"Cl\u00f4ture JAM 2023\u00a0: Vers l\u2019instauration d\u2019un cadre de concertation entre les acteurs de l\u2019artisanat minier pour la formalisation des exploitants\",\"datePublished\":\"2023-07-23T23:36:57+00:00\",\"mainEntityOfPage\":{\"@id\":\"https:\\\/\\\/www.latribunedufaso.net\\\/?p=8304\"},\"wordCount\":639,\"commentCount\":0,\"publisher\":{\"@id\":\"https:\\\/\\\/www.latribunedufaso.net\\\/#organization\"},\"image\":{\"@id\":\"https:\\\/\\\/www.latribunedufaso.net\\\/?p=8304#primaryimage\"},\"thumbnailUrl\":\"https:\\\/\\\/www.latribunedufaso.net\\\/wp-content\\\/uploads\\\/2023\\\/07\\\/FB_IMG_1690131005776.jpg\",\"articleSection\":[\"A la une\",\"Actualit\u00e9\",\"Mines et Carri\u00e8res\"],\"inLanguage\":\"fr-FR\",\"potentialAction\":[{\"@type\":\"CommentAction\",\"name\":\"Comment\",\"target\":[\"https:\\\/\\\/www.latribunedufaso.net\\\/?p=8304#respond\"]}]},{\"@type\":\"WebPage\",\"@id\":\"https:\\\/\\\/www.latribunedufaso.net\\\/?p=8304\",\"url\":\"https:\\\/\\\/www.latribunedufaso.net\\\/?p=8304\",\"name\":\"Cl\u00f4ture JAM 2023\u00a0: Vers l\u2019instauration d\u2019un cadre de concertation entre les acteurs de l\u2019artisanat minier pour la formalisation des exploitants - La Tribune du Faso\",\"isPartOf\":{\"@id\":\"https:\\\/\\\/www.latribunedufaso.net\\\/#website\"},\"primaryImageOfPage\":{\"@id\":\"https:\\\/\\\/www.latribunedufaso.net\\\/?p=8304#primaryimage\"},\"image\":{\"@id\":\"https:\\\/\\\/www.latribunedufaso.net\\\/?p=8304#primaryimage\"},\"thumbnailUrl\":\"https:\\\/\\\/www.latribunedufaso.net\\\/wp-content\\\/uploads\\\/2023\\\/07\\\/FB_IMG_1690131005776.jpg\",\"datePublished\":\"2023-07-23T23:36:57+00:00\",\"breadcrumb\":{\"@id\":\"https:\\\/\\\/www.latribunedufaso.net\\\/?p=8304#breadcrumb\"},\"inLanguage\":\"fr-FR\",\"potentialAction\":[{\"@type\":\"ReadAction\",\"target\":[\"https:\\\/\\\/www.latribunedufaso.net\\\/?p=8304\"]}]},{\"@type\":\"ImageObject\",\"inLanguage\":\"fr-FR\",\"@id\":\"https:\\\/\\\/www.latribunedufaso.net\\\/?p=8304#primaryimage\",\"url\":\"https:\\\/\\\/www.latribunedufaso.net\\\/wp-content\\\/uploads\\\/2023\\\/07\\\/FB_IMG_1690131005776.jpg\",\"contentUrl\":\"https:\\\/\\\/www.latribunedufaso.net\\\/wp-content\\\/uploads\\\/2023\\\/07\\\/FB_IMG_1690131005776.jpg\",\"width\":720,\"height\":480},{\"@type\":\"BreadcrumbList\",\"@id\":\"https:\\\/\\\/www.latribunedufaso.net\\\/?p=8304#breadcrumb\",\"itemListElement\":[{\"@type\":\"ListItem\",\"position\":1,\"name\":\"Accueil\",\"item\":\"https:\\\/\\\/www.latribunedufaso.net\\\/\"},{\"@type\":\"ListItem\",\"position\":2,\"name\":\"Cl\u00f4ture JAM 2023\u00a0: Vers l\u2019instauration d\u2019un cadre de concertation entre les acteurs de l\u2019artisanat minier pour la formalisation des exploitants\"}]},{\"@type\":\"WebSite\",\"@id\":\"https:\\\/\\\/www.latribunedufaso.net\\\/#website\",\"url\":\"https:\\\/\\\/www.latribunedufaso.net\\\/\",\"name\":\"La Tribune du Faso\",\"description\":\"L&#039;information du monde rural en un clic\",\"publisher\":{\"@id\":\"https:\\\/\\\/www.latribunedufaso.net\\\/#organization\"},\"potentialAction\":[{\"@type\":\"SearchAction\",\"target\":{\"@type\":\"EntryPoint\",\"urlTemplate\":\"https:\\\/\\\/www.latribunedufaso.net\\\/?s={search_term_string}\"},\"query-input\":{\"@type\":\"PropertyValueSpecification\",\"valueRequired\":true,\"valueName\":\"search_term_string\"}}],\"inLanguage\":\"fr-FR\"},{\"@type\":\"Organization\",\"@id\":\"https:\\\/\\\/www.latribunedufaso.net\\\/#organization\",\"name\":\"La Tribune du Faso\",\"url\":\"https:\\\/\\\/www.latribunedufaso.net\\\/\",\"logo\":{\"@type\":\"ImageObject\",\"inLanguage\":\"fr-FR\",\"@id\":\"https:\\\/\\\/www.latribunedufaso.net\\\/#\\\/schema\\\/logo\\\/image\\\/\",\"url\":\"https:\\\/\\\/www.latribunedufaso.net\\\/wp-content\\\/uploads\\\/2020\\\/08\\\/Logo-Tribune-du-Faso-final-scaled.jpg\",\"contentUrl\":\"https:\\\/\\\/www.latribunedufaso.net\\\/wp-content\\\/uploads\\\/2020\\\/08\\\/Logo-Tribune-du-Faso-final-scaled.jpg\",\"width\":2560,\"height\":1856,\"caption\":\"La Tribune du Faso\"},\"image\":{\"@id\":\"https:\\\/\\\/www.latribunedufaso.net\\\/#\\\/schema\\\/logo\\\/image\\\/\"},\"sameAs\":[\"https:\\\/\\\/www.facebook.com\\\/LatribuneduFaso\\\/\"]},{\"@type\":\"Person\",\"@id\":\"https:\\\/\\\/www.latribunedufaso.net\\\/#\\\/schema\\\/person\\\/e54e64c5778a7e72cf80a318b7a622b0\",\"name\":\"Issouf Tapsoba\",\"image\":{\"@type\":\"ImageObject\",\"inLanguage\":\"fr-FR\",\"@id\":\"https:\\\/\\\/secure.gravatar.com\\\/avatar\\\/5e6c05150ce3230247d167f5b94d678eb05936197436d69b7921e3a95c9107ac?s=96&d=mm&r=g\",\"url\":\"https:\\\/\\\/secure.gravatar.com\\\/avatar\\\/5e6c05150ce3230247d167f5b94d678eb05936197436d69b7921e3a95c9107ac?s=96&d=mm&r=g\",\"contentUrl\":\"https:\\\/\\\/secure.gravatar.com\\\/avatar\\\/5e6c05150ce3230247d167f5b94d678eb05936197436d69b7921e3a95c9107ac?s=96&d=mm&r=g\",\"caption\":\"Issouf Tapsoba\"},\"url\":\"https:\\\/\\\/www.latribunedufaso.net\\\/?author=5\"}]}<\/script>\n<!-- \/ Yoast SEO plugin. -->","yoast_head_json":{"title":"Cl\u00f4ture JAM 2023\u00a0: Vers l\u2019instauration d\u2019un cadre de concertation entre les acteurs de l\u2019artisanat minier pour la formalisation des exploitants - La Tribune du Faso","robots":{"index":"index","follow":"follow","max-snippet":"max-snippet:-1","max-image-preview":"max-image-preview:large","max-video-preview":"max-video-preview:-1"},"canonical":"https:\/\/www.latribunedufaso.net\/?p=8304","og_locale":"fr_FR","og_type":"article","og_title":"Cl\u00f4ture JAM 2023\u00a0: Vers l\u2019instauration d\u2019un cadre de concertation entre les acteurs de l\u2019artisanat minier pour la formalisation des exploitants - La Tribune du Faso","og_description":"La Journ\u00e9e de l\u2019artisan minier (JAM), a referm\u00e9 ses portes ce samedi 22 juillet 2023 \u00e0 Gaoua. Les conclusions des travaux ont permis de formuler des recommandations et une r\u00e9solution.\u00a0","og_url":"https:\/\/www.latribunedufaso.net\/?p=8304","og_site_name":"La Tribune du Faso","article_publisher":"https:\/\/www.facebook.com\/LatribuneduFaso\/","article_published_time":"2023-07-23T23:36:57+00:00","og_image":[{"width":720,"height":480,"url":"https:\/\/www.latribunedufaso.net\/wp-content\/uploads\/2023\/07\/FB_IMG_1690131005776.jpg","type":"image\/jpeg"}],"author":"Issouf Tapsoba","twitter_misc":{"\u00c9crit par":"Issouf Tapsoba","Dur\u00e9e de lecture estim\u00e9e":"3 minutes"},"schema":{"@context":"https:\/\/schema.org","@graph":[{"@type":"Article","@id":"https:\/\/www.latribunedufaso.net\/?p=8304#article","isPartOf":{"@id":"https:\/\/www.latribunedufaso.net\/?p=8304"},"author":{"name":"Issouf Tapsoba","@id":"https:\/\/www.latribunedufaso.net\/#\/schema\/person\/e54e64c5778a7e72cf80a318b7a622b0"},"headline":"Cl\u00f4ture JAM 2023\u00a0: Vers l\u2019instauration d\u2019un cadre de concertation entre les acteurs de l\u2019artisanat minier pour la formalisation des exploitants","datePublished":"2023-07-23T23:36:57+00:00","mainEntityOfPage":{"@id":"https:\/\/www.latribunedufaso.net\/?p=8304"},"wordCount":639,"commentCount":0,"publisher":{"@id":"https:\/\/www.latribunedufaso.net\/#organization"},"image":{"@id":"https:\/\/www.latribunedufaso.net\/?p=8304#primaryimage"},"thumbnailUrl":"https:\/\/www.latribunedufaso.net\/wp-content\/uploads\/2023\/07\/FB_IMG_1690131005776.jpg","articleSection":["A la une","Actualit\u00e9","Mines et Carri\u00e8res"],"inLanguage":"fr-FR","potentialAction":[{"@type":"CommentAction","name":"Comment","target":["https:\/\/www.latribunedufaso.net\/?p=8304#respond"]}]},{"@type":"WebPage","@id":"https:\/\/www.latribunedufaso.net\/?p=8304","url":"https:\/\/www.latribunedufaso.net\/?p=8304","name":"Cl\u00f4ture JAM 2023\u00a0: Vers l\u2019instauration d\u2019un cadre de concertation entre les acteurs de l\u2019artisanat minier pour la formalisation des exploitants - La Tribune du Faso","isPartOf":{"@id":"https:\/\/www.latribunedufaso.net\/#website"},"primaryImageOfPage":{"@id":"https:\/\/www.latribunedufaso.net\/?p=8304#primaryimage"},"image":{"@id":"https:\/\/www.latribunedufaso.net\/?p=8304#primaryimage"},"thumbnailUrl":"https:\/\/www.latribunedufaso.net\/wp-content\/uploads\/2023\/07\/FB_IMG_1690131005776.jpg","datePublished":"2023-07-23T23:36:57+00:00","breadcrumb":{"@id":"https:\/\/www.latribunedufaso.net\/?p=8304#breadcrumb"},"inLanguage":"fr-FR","potentialAction":[{"@type":"ReadAction","target":["https:\/\/www.latribunedufaso.net\/?p=8304"]}]},{"@type":"ImageObject","inLanguage":"fr-FR","@id":"https:\/\/www.latribunedufaso.net\/?p=8304#primaryimage","url":"https:\/\/www.latribunedufaso.net\/wp-content\/uploads\/2023\/07\/FB_IMG_1690131005776.jpg","contentUrl":"https:\/\/www.latribunedufaso.net\/wp-content\/uploads\/2023\/07\/FB_IMG_1690131005776.jpg","width":720,"height":480},{"@type":"BreadcrumbList","@id":"https:\/\/www.latribunedufaso.net\/?p=8304#breadcrumb","itemListElement":[{"@type":"ListItem","position":1,"name":"Accueil","item":"https:\/\/www.latribunedufaso.net\/"},{"@type":"ListItem","position":2,"name":"Cl\u00f4ture JAM 2023\u00a0: Vers l\u2019instauration d\u2019un cadre de concertation entre les acteurs de l\u2019artisanat minier pour la formalisation des exploitants"}]},{"@type":"WebSite","@id":"https:\/\/www.latribunedufaso.net\/#website","url":"https:\/\/www.latribunedufaso.net\/","name":"La Tribune du Faso","description":"L&#039;information du monde rural en un clic","publisher":{"@id":"https:\/\/www.latribunedufaso.net\/#organization"},"potentialAction":[{"@type":"SearchAction","target":{"@type":"EntryPoint","urlTemplate":"https:\/\/www.latribunedufaso.net\/?s={search_term_string}"},"query-input":{"@type":"PropertyValueSpecification","valueRequired":true,"valueName":"search_term_string"}}],"inLanguage":"fr-FR"},{"@type":"Organization","@id":"https:\/\/www.latribunedufaso.net\/#organization","name":"La Tribune du Faso","url":"https:\/\/www.latribunedufaso.net\/","logo":{"@type":"ImageObject","inLanguage":"fr-FR","@id":"https:\/\/www.latribunedufaso.net\/#\/schema\/logo\/image\/","url":"https:\/\/www.latribunedufaso.net\/wp-content\/uploads\/2020\/08\/Logo-Tribune-du-Faso-final-scaled.jpg","contentUrl":"https:\/\/www.latribunedufaso.net\/wp-content\/uploads\/2020\/08\/Logo-Tribune-du-Faso-final-scaled.jpg","width":2560,"height":1856,"caption":"La Tribune du Faso"},"image":{"@id":"https:\/\/www.latribunedufaso.net\/#\/schema\/logo\/image\/"},"sameAs":["https:\/\/www.facebook.com\/LatribuneduFaso\/"]},{"@type":"Person","@id":"https:\/\/www.latribunedufaso.net\/#\/schema\/person\/e54e64c5778a7e72cf80a318b7a622b0","name":"Issouf Tapsoba","image":{"@type":"ImageObject","inLanguage":"fr-FR","@id":"https:\/\/secure.gravatar.com\/avatar\/5e6c05150ce3230247d167f5b94d678eb05936197436d69b7921e3a95c9107ac?s=96&d=mm&r=g","url":"https:\/\/secure.gravatar.com\/avatar\/5e6c05150ce3230247d167f5b94d678eb05936197436d69b7921e3a95c9107ac?s=96&d=mm&r=g","contentUrl":"https:\/\/secure.gravatar.com\/avatar\/5e6c05150ce3230247d167f5b94d678eb05936197436d69b7921e3a95c9107ac?s=96&d=mm&r=g","caption":"Issouf Tapsoba"},"url":"https:\/\/www.latribunedufaso.net\/?author=5"}]}},"_links":{"self":[{"href":"https:\/\/www.latribunedufaso.net\/index.php?rest_route=\/wp\/v2\/posts\/8304","targetHints":{"allow":["GET"]}}],"collection":[{"href":"https:\/\/www.latribunedufaso.net\/index.php?rest_route=\/wp\/v2\/posts"}],"about":[{"href":"https:\/\/www.latribunedufaso.net\/index.php?rest_route=\/wp\/v2\/types\/post"}],"author":[{"embeddable":true,"href":"https:\/\/www.latribunedufaso.net\/index.php?rest_route=\/wp\/v2\/users\/5"}],"replies":[{"embeddable":true,"href":"https:\/\/www.latribunedufaso.net\/index.php?rest_route=%2Fwp%2Fv2%2Fcomments&post=8304"}],"version-history":[{"count":2,"href":"https:\/\/www.latribunedufaso.net\/index.php?rest_route=\/wp\/v2\/posts\/8304\/revisions"}],"predecessor-version":[{"id":8314,"href":"https:\/\/www.latribunedufaso.net\/index.php?rest_route=\/wp\/v2\/posts\/8304\/revisions\/8314"}],"wp:featuredmedia":[{"embeddable":true,"href":"https:\/\/www.latribunedufaso.net\/index.php?rest_route=\/wp\/v2\/media\/8305"}],"wp:attachment":[{"href":"https:\/\/www.latribunedufaso.net\/index.php?rest_route=%2Fwp%2Fv2%2Fmedia&parent=8304"}],"wp:term":[{"taxonomy":"category","embeddable":true,"href":"https:\/\/www.latribunedufaso.net\/index.php?rest_route=%2Fwp%2Fv2%2Fcategories&post=8304"},{"taxonomy":"post_tag","embeddable":true,"href":"https:\/\/www.latribunedufaso.net\/index.php?rest_route=%2Fwp%2Fv2%2Ftags&post=8304"}],"curies":[{"name":"wp","href":"https:\/\/api.w.org\/{rel}","templated":true}]}}