{"id":8117,"date":"2023-07-12T16:24:09","date_gmt":"2023-07-12T16:24:09","guid":{"rendered":"https:\/\/www.latribunedufaso.net\/?p=8117"},"modified":"2023-07-12T17:43:59","modified_gmt":"2023-07-12T17:43:59","slug":"doctoraiale-2023-la-communaute-universitaire-propose-des-solutions-de-lutte-contre-linsecurite","status":"publish","type":"post","link":"https:\/\/www.latribunedufaso.net\/?p=8117","title":{"rendered":"Doctoriale 2023 : La communaut\u00e9 universitaire propose des solutions de lutte contre l&rsquo;ins\u00e9curit\u00e9\u00a0"},"content":{"rendered":"<p><strong><span style=\"font-size: 1.0625rem;\">Du 12 au 14 juillet 2023 \u00e0 Ouagadougou, se tiennent au sein de l\u2019Universit\u00e9 Joseph Ki-Zerbo (UJKZ) \u00ab les doctoriales \u00bb sous le th\u00e8me : \u00ab Contribution de la recherche scientifique \u00e0 la lutte contre l\u2019ins\u00e9curit\u00e9 \u00bb. La c\u00e9r\u00e9monie d\u2019ouverture a eu lieu ce mercredi 12 juillet en pr\u00e9sence du monde universitaire et des repr\u00e9sentants du secteur priv\u00e9. Cette activit\u00e9 \u00e0 pour but de contribuer \u00e0 la lutte contre l\u2019ins\u00e9curit\u00e9 \u00e0 travers les r\u00e9sultats de la recherche.<\/span><\/strong><br \/><!--more--><\/p>\n<p>Lors de sa visite \u00e0 l\u2019UJKZ, le Pr\u00e9sident de la Transition, le Capitaine Ibrahim Traor\u00e9 a demand\u00e9 la contribution de la communaut\u00e9 universitaire \u00e0 la lutte contre l\u2019ins\u00e9curit\u00e9. C\u2019est dans ce cadre que des chercheurs de l\u2019universit\u00e9 ont orient\u00e9 leurs recherches sur diff\u00e9rentes th\u00e9matiques dont les r\u00e9sultats et les m\u00e9thodologies utilis\u00e9es pourraient aider \u00e0 lutter contre ce ph\u00e9nom\u00e8ne.<\/p>\n<p>Organis\u00e9e par le coll\u00e8ge des \u00e9coles doctorales de UJKZ, \u00ab les doctoriales \u00bb sont donc une activit\u00e9 au cours de laquelle ces chercheurs pr\u00e9senteront les r\u00e9sultats de leurs travaux. \u00ab Ainsi, les doctoriales constituent pour les \u00e9coles doctorales et notre universit\u00e9, un cadre formel et privil\u00e9gi\u00e9, offert aux doctorants pour s\u2019exercer et s\u2019essayer aux exigences de la recherche \u00bb, a indiqu\u00e9 le Pr Issa Zerbo. Il est le Directeur de l\u2019\u00e9cole doctorale sciences et technologies et repr\u00e9sentant du coll\u00e8ge des \u00e9coles doctorales de UJKZ \u00e0 la c\u00e9r\u00e9monie.<\/p>\n<p>Quatre axes seront d\u00e9velopp\u00e9s durant ces doctoriale 2023. L\u2019axe 1 porte sur l\u2019environnement, la s\u00e9curit\u00e9 alimentaire et nutritionnelle (agriculture, sol, produit naturels\u2026). L\u2019axe 2 est relatif \u00e0 la r\u00e9silience et aux urgences sanitaires (conf\u00e9rences, offres de soins, crises psychologiques). Pour l\u2019axe 3, il s\u2019agit de la dynamique des populations et habitat (crises fonci\u00e8res, \u00e9ducation, communication, relations intercommunautaires). Le dernier axe, quant \u00e0 elle, aborde la recherche scientifique en contexte de r\u00e9silience et les syst\u00e8mes intelligents (drones, big data, satellites, radars, intelligences artificielles\u2026).<\/p>\n<p><a href=\"https:\/\/www.latribunedufaso.net\/wp-content\/uploads\/2023\/07\/IMG_20230712_090517_527-scaled.jpg\"><img loading=\"lazy\" decoding=\"async\" class=\"size-medium wp-image-8120 alignleft\" src=\"https:\/\/www.latribunedufaso.net\/wp-content\/uploads\/2023\/07\/IMG_20230712_090517_527-300x225.jpg\" alt=\"\" width=\"300\" height=\"225\" srcset=\"https:\/\/www.latribunedufaso.net\/wp-content\/uploads\/2023\/07\/IMG_20230712_090517_527-300x225.jpg 300w, https:\/\/www.latribunedufaso.net\/wp-content\/uploads\/2023\/07\/IMG_20230712_090517_527-1024x768.jpg 1024w, https:\/\/www.latribunedufaso.net\/wp-content\/uploads\/2023\/07\/IMG_20230712_090517_527-768x576.jpg 768w, https:\/\/www.latribunedufaso.net\/wp-content\/uploads\/2023\/07\/IMG_20230712_090517_527-1536x1152.jpg 1536w, https:\/\/www.latribunedufaso.net\/wp-content\/uploads\/2023\/07\/IMG_20230712_090517_527-2048x1536.jpg 2048w\" sizes=\"auto, (max-width: 300px) 100vw, 300px\" \/><\/a>Pendant ces 3 jours de travaux, 383 communications seront livr\u00e9es par des doctorants. Ils seront \u00e9valuer par un jury afin de primer les 3 meilleures communications orales, les 3 meilleures publications affich\u00e9es et la meilleure communication f\u00e9minine. Il est \u00e9galement pr\u00e9vu deux conf\u00e9rences pl\u00e9ni\u00e8res qui permettront de dresser un aper\u00e7u g\u00e9n\u00e9ral de la recherche scientifique et de la technologie face aux crises s\u00e9curitaires et au terrorisme.<\/p>\n<p>La premi\u00e8re conf\u00e9rence portera sur le th\u00e8me : \u00ab Recherche scientifique et crise s\u00e9curitaire \u00bb. Elle sera anim\u00e9e par le Dr Lassina Zerbo ancien premier ministre du Burkina Faso pr\u00e9sident de la fondation S\u00e9curit\u00e9-science, Innovation et Diplomatie (SCID). La deuxi\u00e8me aura pour th\u00e8me, \u00ab contribution de la recherche technologique contre le terrorisme \u00bb et sera anim\u00e9e par le Dr Emmanuel Nanema, directeur g\u00e9n\u00e9ral du Centre national de la recherche scientifique et technologique du Burkina Faso (CNRST).<\/p>\n<p><a href=\"https:\/\/www.latribunedufaso.net\/wp-content\/uploads\/2023\/07\/IMG_20230712_092533_830-scaled.jpg\"><img loading=\"lazy\" decoding=\"async\" class=\"size-medium wp-image-8119 alignleft\" src=\"https:\/\/www.latribunedufaso.net\/wp-content\/uploads\/2023\/07\/IMG_20230712_092533_830-300x225.jpg\" alt=\"\" width=\"300\" height=\"225\" srcset=\"https:\/\/www.latribunedufaso.net\/wp-content\/uploads\/2023\/07\/IMG_20230712_092533_830-300x225.jpg 300w, https:\/\/www.latribunedufaso.net\/wp-content\/uploads\/2023\/07\/IMG_20230712_092533_830-1024x768.jpg 1024w, https:\/\/www.latribunedufaso.net\/wp-content\/uploads\/2023\/07\/IMG_20230712_092533_830-768x576.jpg 768w, https:\/\/www.latribunedufaso.net\/wp-content\/uploads\/2023\/07\/IMG_20230712_092533_830-1536x1152.jpg 1536w, https:\/\/www.latribunedufaso.net\/wp-content\/uploads\/2023\/07\/IMG_20230712_092533_830-2048x1536.jpg 2048w\" sizes=\"auto, (max-width: 300px) 100vw, 300px\" \/><\/a>La c\u00e9r\u00e9monie d\u2019ouverture de l\u2019activit\u00e9 \u00e9tait pr\u00e9sid\u00e9e par le ministre de l\u2019Enseignement sup\u00e9rieur, Pr Adjima Thiombiano. Il a \u00e9t\u00e9 repr\u00e9sent\u00e9 par son Conseiller technique, Pr Nicolas Barro. Selon lui, les crises s\u00e9curitaires minent le d\u00e9veloppement des pays et compromettent l\u2019avenir des populations. Il fonde l\u2019espoir que les conclusions de ces travaux devraient servir comme outils d\u2019aide \u00e0 la prise de d\u00e9cision pour venir \u00e0 bout de cette situation.<\/p>\n<p>En rappel, le coll\u00e8ge des \u00e9coles doctorales de l\u2019UJKZ compte quatre \u00e9coles doctorales que sont l\u2019\u00e9cole doctorale Sciences et Technologie ( qui regroupe 20 laboratoires), l\u2019\u00e9cole doctorale Lettre, Science Humaines et Communication ( avec 17 laboratoires) , l\u2019\u00e9cole doctorale Sciences et Sant\u00e9 ( 10 laboratoires) et l\u2019\u00e9cole doctorale Informatique et Changement Climatique. Cette derni\u00e8re \u00e0 un master en cours d\u2019impl\u00e9mentation qui devrait \u00e0 terme \u00e9voluer vers une formation doctorale.<\/p>\n<p><strong>Issouf Tapsoba <\/strong><\/p>\n<p><strong>Latribunedufaso.net<\/strong><\/p>\n","protected":false},"excerpt":{"rendered":"<p>Du 12 au 14 juillet 2023 \u00e0 Ouagadougou, se tiennent au sein de l\u2019Universit\u00e9 Joseph Ki-Zerbo (UJKZ) \u00ab les doctoriales \u00bb sous le th\u00e8me : \u00ab Contribution de la recherche scientifique \u00e0 la lutte contre l\u2019ins\u00e9curit\u00e9 \u00bb. La c\u00e9r\u00e9monie d\u2019ouverture a eu lieu ce mercredi 12 juillet en pr\u00e9sence du monde universitaire et des repr\u00e9sentants du secteur priv\u00e9. Cette activit\u00e9 \u00e0 pour but de contribuer \u00e0 la lutte contre l\u2019ins\u00e9curit\u00e9 \u00e0 travers les r\u00e9sultats de la recherche.<\/p>\n","protected":false},"author":5,"featured_media":8118,"comment_status":"open","ping_status":"open","sticky":false,"template":"","format":"standard","meta":{"footnotes":""},"categories":[13,1,8],"tags":[],"class_list":["post-8117","post","type-post","status-publish","format-standard","has-post-thumbnail","hentry","category-une","category-actu","category-societe"],"yoast_head":"<!-- This site is optimized with the Yoast SEO plugin v27.5 - https:\/\/yoast.com\/product\/yoast-seo-wordpress\/ -->\n<title>Doctoriale 2023 : La communaut\u00e9 universitaire propose des solutions de lutte contre l&#039;ins\u00e9curit\u00e9\u00a0 - La Tribune du Faso<\/title>\n<meta name=\"robots\" content=\"index, follow, max-snippet:-1, max-image-preview:large, max-video-preview:-1\" \/>\n<link rel=\"canonical\" href=\"https:\/\/www.latribunedufaso.net\/?p=8117\" \/>\n<meta property=\"og:locale\" content=\"fr_FR\" \/>\n<meta property=\"og:type\" content=\"article\" \/>\n<meta property=\"og:title\" content=\"Doctoriale 2023 : La communaut\u00e9 universitaire propose des solutions de lutte contre l&#039;ins\u00e9curit\u00e9\u00a0 - La Tribune du Faso\" \/>\n<meta property=\"og:description\" content=\"Du 12 au 14 juillet 2023 \u00e0 Ouagadougou, se tiennent au sein de l\u2019Universit\u00e9 Joseph Ki-Zerbo (UJKZ) \u00ab les doctoriales \u00bb sous le th\u00e8me : \u00ab Contribution de la recherche scientifique \u00e0 la lutte contre l\u2019ins\u00e9curit\u00e9 \u00bb. La c\u00e9r\u00e9monie d\u2019ouverture a eu lieu ce mercredi 12 juillet en pr\u00e9sence du monde universitaire et des repr\u00e9sentants du secteur priv\u00e9. Cette activit\u00e9 \u00e0 pour but de contribuer \u00e0 la lutte contre l\u2019ins\u00e9curit\u00e9 \u00e0 travers les r\u00e9sultats de la recherche.\" \/>\n<meta property=\"og:url\" content=\"https:\/\/www.latribunedufaso.net\/?p=8117\" \/>\n<meta property=\"og:site_name\" content=\"La Tribune du Faso\" \/>\n<meta property=\"article:publisher\" content=\"https:\/\/www.facebook.com\/LatribuneduFaso\/\" \/>\n<meta property=\"article:published_time\" content=\"2023-07-12T16:24:09+00:00\" \/>\n<meta property=\"article:modified_time\" content=\"2023-07-12T17:43:59+00:00\" \/>\n<meta property=\"og:image\" content=\"https:\/\/www.latribunedufaso.net\/wp-content\/uploads\/2023\/07\/IMG_20230712_090453_992-scaled.jpg\" \/>\n\t<meta property=\"og:image:width\" content=\"2560\" \/>\n\t<meta property=\"og:image:height\" content=\"1920\" \/>\n\t<meta property=\"og:image:type\" content=\"image\/jpeg\" \/>\n<meta name=\"author\" content=\"Issouf Tapsoba\" \/>\n<meta name=\"twitter:label1\" content=\"\u00c9crit par\" \/>\n\t<meta name=\"twitter:data1\" content=\"Issouf Tapsoba\" \/>\n\t<meta name=\"twitter:label2\" content=\"Dur\u00e9e de lecture estim\u00e9e\" \/>\n\t<meta name=\"twitter:data2\" content=\"3 minutes\" \/>\n<script type=\"application\/ld+json\" class=\"yoast-schema-graph\">{\"@context\":\"https:\\\/\\\/schema.org\",\"@graph\":[{\"@type\":\"Article\",\"@id\":\"https:\\\/\\\/www.latribunedufaso.net\\\/?p=8117#article\",\"isPartOf\":{\"@id\":\"https:\\\/\\\/www.latribunedufaso.net\\\/?p=8117\"},\"author\":{\"name\":\"Issouf Tapsoba\",\"@id\":\"https:\\\/\\\/www.latribunedufaso.net\\\/#\\\/schema\\\/person\\\/e54e64c5778a7e72cf80a318b7a622b0\"},\"headline\":\"Doctoriale 2023 : La communaut\u00e9 universitaire propose des solutions de lutte contre l&rsquo;ins\u00e9curit\u00e9\u00a0\",\"datePublished\":\"2023-07-12T16:24:09+00:00\",\"dateModified\":\"2023-07-12T17:43:59+00:00\",\"mainEntityOfPage\":{\"@id\":\"https:\\\/\\\/www.latribunedufaso.net\\\/?p=8117\"},\"wordCount\":650,\"commentCount\":0,\"publisher\":{\"@id\":\"https:\\\/\\\/www.latribunedufaso.net\\\/#organization\"},\"image\":{\"@id\":\"https:\\\/\\\/www.latribunedufaso.net\\\/?p=8117#primaryimage\"},\"thumbnailUrl\":\"https:\\\/\\\/www.latribunedufaso.net\\\/wp-content\\\/uploads\\\/2023\\\/07\\\/IMG_20230712_090453_992-scaled.jpg\",\"articleSection\":[\"A la une\",\"Actualit\u00e9\",\"Soci\u00e9t\u00e9\"],\"inLanguage\":\"fr-FR\",\"potentialAction\":[{\"@type\":\"CommentAction\",\"name\":\"Comment\",\"target\":[\"https:\\\/\\\/www.latribunedufaso.net\\\/?p=8117#respond\"]}]},{\"@type\":\"WebPage\",\"@id\":\"https:\\\/\\\/www.latribunedufaso.net\\\/?p=8117\",\"url\":\"https:\\\/\\\/www.latribunedufaso.net\\\/?p=8117\",\"name\":\"Doctoriale 2023 : La communaut\u00e9 universitaire propose des solutions de lutte contre l'ins\u00e9curit\u00e9\u00a0 - La Tribune du Faso\",\"isPartOf\":{\"@id\":\"https:\\\/\\\/www.latribunedufaso.net\\\/#website\"},\"primaryImageOfPage\":{\"@id\":\"https:\\\/\\\/www.latribunedufaso.net\\\/?p=8117#primaryimage\"},\"image\":{\"@id\":\"https:\\\/\\\/www.latribunedufaso.net\\\/?p=8117#primaryimage\"},\"thumbnailUrl\":\"https:\\\/\\\/www.latribunedufaso.net\\\/wp-content\\\/uploads\\\/2023\\\/07\\\/IMG_20230712_090453_992-scaled.jpg\",\"datePublished\":\"2023-07-12T16:24:09+00:00\",\"dateModified\":\"2023-07-12T17:43:59+00:00\",\"breadcrumb\":{\"@id\":\"https:\\\/\\\/www.latribunedufaso.net\\\/?p=8117#breadcrumb\"},\"inLanguage\":\"fr-FR\",\"potentialAction\":[{\"@type\":\"ReadAction\",\"target\":[\"https:\\\/\\\/www.latribunedufaso.net\\\/?p=8117\"]}]},{\"@type\":\"ImageObject\",\"inLanguage\":\"fr-FR\",\"@id\":\"https:\\\/\\\/www.latribunedufaso.net\\\/?p=8117#primaryimage\",\"url\":\"https:\\\/\\\/www.latribunedufaso.net\\\/wp-content\\\/uploads\\\/2023\\\/07\\\/IMG_20230712_090453_992-scaled.jpg\",\"contentUrl\":\"https:\\\/\\\/www.latribunedufaso.net\\\/wp-content\\\/uploads\\\/2023\\\/07\\\/IMG_20230712_090453_992-scaled.jpg\",\"width\":2560,\"height\":1920},{\"@type\":\"BreadcrumbList\",\"@id\":\"https:\\\/\\\/www.latribunedufaso.net\\\/?p=8117#breadcrumb\",\"itemListElement\":[{\"@type\":\"ListItem\",\"position\":1,\"name\":\"Accueil\",\"item\":\"https:\\\/\\\/www.latribunedufaso.net\\\/\"},{\"@type\":\"ListItem\",\"position\":2,\"name\":\"Doctoriale 2023 : La communaut\u00e9 universitaire propose des solutions de lutte contre l&rsquo;ins\u00e9curit\u00e9\u00a0\"}]},{\"@type\":\"WebSite\",\"@id\":\"https:\\\/\\\/www.latribunedufaso.net\\\/#website\",\"url\":\"https:\\\/\\\/www.latribunedufaso.net\\\/\",\"name\":\"La Tribune du Faso\",\"description\":\"L&#039;information du monde rural en un clic\",\"publisher\":{\"@id\":\"https:\\\/\\\/www.latribunedufaso.net\\\/#organization\"},\"potentialAction\":[{\"@type\":\"SearchAction\",\"target\":{\"@type\":\"EntryPoint\",\"urlTemplate\":\"https:\\\/\\\/www.latribunedufaso.net\\\/?s={search_term_string}\"},\"query-input\":{\"@type\":\"PropertyValueSpecification\",\"valueRequired\":true,\"valueName\":\"search_term_string\"}}],\"inLanguage\":\"fr-FR\"},{\"@type\":\"Organization\",\"@id\":\"https:\\\/\\\/www.latribunedufaso.net\\\/#organization\",\"name\":\"La Tribune du Faso\",\"url\":\"https:\\\/\\\/www.latribunedufaso.net\\\/\",\"logo\":{\"@type\":\"ImageObject\",\"inLanguage\":\"fr-FR\",\"@id\":\"https:\\\/\\\/www.latribunedufaso.net\\\/#\\\/schema\\\/logo\\\/image\\\/\",\"url\":\"https:\\\/\\\/www.latribunedufaso.net\\\/wp-content\\\/uploads\\\/2020\\\/08\\\/Logo-Tribune-du-Faso-final-scaled.jpg\",\"contentUrl\":\"https:\\\/\\\/www.latribunedufaso.net\\\/wp-content\\\/uploads\\\/2020\\\/08\\\/Logo-Tribune-du-Faso-final-scaled.jpg\",\"width\":2560,\"height\":1856,\"caption\":\"La Tribune du Faso\"},\"image\":{\"@id\":\"https:\\\/\\\/www.latribunedufaso.net\\\/#\\\/schema\\\/logo\\\/image\\\/\"},\"sameAs\":[\"https:\\\/\\\/www.facebook.com\\\/LatribuneduFaso\\\/\"]},{\"@type\":\"Person\",\"@id\":\"https:\\\/\\\/www.latribunedufaso.net\\\/#\\\/schema\\\/person\\\/e54e64c5778a7e72cf80a318b7a622b0\",\"name\":\"Issouf Tapsoba\",\"image\":{\"@type\":\"ImageObject\",\"inLanguage\":\"fr-FR\",\"@id\":\"https:\\\/\\\/secure.gravatar.com\\\/avatar\\\/5e6c05150ce3230247d167f5b94d678eb05936197436d69b7921e3a95c9107ac?s=96&d=mm&r=g\",\"url\":\"https:\\\/\\\/secure.gravatar.com\\\/avatar\\\/5e6c05150ce3230247d167f5b94d678eb05936197436d69b7921e3a95c9107ac?s=96&d=mm&r=g\",\"contentUrl\":\"https:\\\/\\\/secure.gravatar.com\\\/avatar\\\/5e6c05150ce3230247d167f5b94d678eb05936197436d69b7921e3a95c9107ac?s=96&d=mm&r=g\",\"caption\":\"Issouf Tapsoba\"},\"url\":\"https:\\\/\\\/www.latribunedufaso.net\\\/?author=5\"}]}<\/script>\n<!-- \/ Yoast SEO plugin. -->","yoast_head_json":{"title":"Doctoriale 2023 : La communaut\u00e9 universitaire propose des solutions de lutte contre l'ins\u00e9curit\u00e9\u00a0 - La Tribune du Faso","robots":{"index":"index","follow":"follow","max-snippet":"max-snippet:-1","max-image-preview":"max-image-preview:large","max-video-preview":"max-video-preview:-1"},"canonical":"https:\/\/www.latribunedufaso.net\/?p=8117","og_locale":"fr_FR","og_type":"article","og_title":"Doctoriale 2023 : La communaut\u00e9 universitaire propose des solutions de lutte contre l'ins\u00e9curit\u00e9\u00a0 - La Tribune du Faso","og_description":"Du 12 au 14 juillet 2023 \u00e0 Ouagadougou, se tiennent au sein de l\u2019Universit\u00e9 Joseph Ki-Zerbo (UJKZ) \u00ab les doctoriales \u00bb sous le th\u00e8me : \u00ab Contribution de la recherche scientifique \u00e0 la lutte contre l\u2019ins\u00e9curit\u00e9 \u00bb. La c\u00e9r\u00e9monie d\u2019ouverture a eu lieu ce mercredi 12 juillet en pr\u00e9sence du monde universitaire et des repr\u00e9sentants du secteur priv\u00e9. Cette activit\u00e9 \u00e0 pour but de contribuer \u00e0 la lutte contre l\u2019ins\u00e9curit\u00e9 \u00e0 travers les r\u00e9sultats de la recherche.","og_url":"https:\/\/www.latribunedufaso.net\/?p=8117","og_site_name":"La Tribune du Faso","article_publisher":"https:\/\/www.facebook.com\/LatribuneduFaso\/","article_published_time":"2023-07-12T16:24:09+00:00","article_modified_time":"2023-07-12T17:43:59+00:00","og_image":[{"width":2560,"height":1920,"url":"https:\/\/www.latribunedufaso.net\/wp-content\/uploads\/2023\/07\/IMG_20230712_090453_992-scaled.jpg","type":"image\/jpeg"}],"author":"Issouf Tapsoba","twitter_misc":{"\u00c9crit par":"Issouf Tapsoba","Dur\u00e9e de lecture estim\u00e9e":"3 minutes"},"schema":{"@context":"https:\/\/schema.org","@graph":[{"@type":"Article","@id":"https:\/\/www.latribunedufaso.net\/?p=8117#article","isPartOf":{"@id":"https:\/\/www.latribunedufaso.net\/?p=8117"},"author":{"name":"Issouf Tapsoba","@id":"https:\/\/www.latribunedufaso.net\/#\/schema\/person\/e54e64c5778a7e72cf80a318b7a622b0"},"headline":"Doctoriale 2023 : La communaut\u00e9 universitaire propose des solutions de lutte contre l&rsquo;ins\u00e9curit\u00e9\u00a0","datePublished":"2023-07-12T16:24:09+00:00","dateModified":"2023-07-12T17:43:59+00:00","mainEntityOfPage":{"@id":"https:\/\/www.latribunedufaso.net\/?p=8117"},"wordCount":650,"commentCount":0,"publisher":{"@id":"https:\/\/www.latribunedufaso.net\/#organization"},"image":{"@id":"https:\/\/www.latribunedufaso.net\/?p=8117#primaryimage"},"thumbnailUrl":"https:\/\/www.latribunedufaso.net\/wp-content\/uploads\/2023\/07\/IMG_20230712_090453_992-scaled.jpg","articleSection":["A la une","Actualit\u00e9","Soci\u00e9t\u00e9"],"inLanguage":"fr-FR","potentialAction":[{"@type":"CommentAction","name":"Comment","target":["https:\/\/www.latribunedufaso.net\/?p=8117#respond"]}]},{"@type":"WebPage","@id":"https:\/\/www.latribunedufaso.net\/?p=8117","url":"https:\/\/www.latribunedufaso.net\/?p=8117","name":"Doctoriale 2023 : La communaut\u00e9 universitaire propose des solutions de lutte contre l'ins\u00e9curit\u00e9\u00a0 - La Tribune du Faso","isPartOf":{"@id":"https:\/\/www.latribunedufaso.net\/#website"},"primaryImageOfPage":{"@id":"https:\/\/www.latribunedufaso.net\/?p=8117#primaryimage"},"image":{"@id":"https:\/\/www.latribunedufaso.net\/?p=8117#primaryimage"},"thumbnailUrl":"https:\/\/www.latribunedufaso.net\/wp-content\/uploads\/2023\/07\/IMG_20230712_090453_992-scaled.jpg","datePublished":"2023-07-12T16:24:09+00:00","dateModified":"2023-07-12T17:43:59+00:00","breadcrumb":{"@id":"https:\/\/www.latribunedufaso.net\/?p=8117#breadcrumb"},"inLanguage":"fr-FR","potentialAction":[{"@type":"ReadAction","target":["https:\/\/www.latribunedufaso.net\/?p=8117"]}]},{"@type":"ImageObject","inLanguage":"fr-FR","@id":"https:\/\/www.latribunedufaso.net\/?p=8117#primaryimage","url":"https:\/\/www.latribunedufaso.net\/wp-content\/uploads\/2023\/07\/IMG_20230712_090453_992-scaled.jpg","contentUrl":"https:\/\/www.latribunedufaso.net\/wp-content\/uploads\/2023\/07\/IMG_20230712_090453_992-scaled.jpg","width":2560,"height":1920},{"@type":"BreadcrumbList","@id":"https:\/\/www.latribunedufaso.net\/?p=8117#breadcrumb","itemListElement":[{"@type":"ListItem","position":1,"name":"Accueil","item":"https:\/\/www.latribunedufaso.net\/"},{"@type":"ListItem","position":2,"name":"Doctoriale 2023 : La communaut\u00e9 universitaire propose des solutions de lutte contre l&rsquo;ins\u00e9curit\u00e9\u00a0"}]},{"@type":"WebSite","@id":"https:\/\/www.latribunedufaso.net\/#website","url":"https:\/\/www.latribunedufaso.net\/","name":"La Tribune du Faso","description":"L&#039;information du monde rural en un clic","publisher":{"@id":"https:\/\/www.latribunedufaso.net\/#organization"},"potentialAction":[{"@type":"SearchAction","target":{"@type":"EntryPoint","urlTemplate":"https:\/\/www.latribunedufaso.net\/?s={search_term_string}"},"query-input":{"@type":"PropertyValueSpecification","valueRequired":true,"valueName":"search_term_string"}}],"inLanguage":"fr-FR"},{"@type":"Organization","@id":"https:\/\/www.latribunedufaso.net\/#organization","name":"La Tribune du Faso","url":"https:\/\/www.latribunedufaso.net\/","logo":{"@type":"ImageObject","inLanguage":"fr-FR","@id":"https:\/\/www.latribunedufaso.net\/#\/schema\/logo\/image\/","url":"https:\/\/www.latribunedufaso.net\/wp-content\/uploads\/2020\/08\/Logo-Tribune-du-Faso-final-scaled.jpg","contentUrl":"https:\/\/www.latribunedufaso.net\/wp-content\/uploads\/2020\/08\/Logo-Tribune-du-Faso-final-scaled.jpg","width":2560,"height":1856,"caption":"La Tribune du Faso"},"image":{"@id":"https:\/\/www.latribunedufaso.net\/#\/schema\/logo\/image\/"},"sameAs":["https:\/\/www.facebook.com\/LatribuneduFaso\/"]},{"@type":"Person","@id":"https:\/\/www.latribunedufaso.net\/#\/schema\/person\/e54e64c5778a7e72cf80a318b7a622b0","name":"Issouf Tapsoba","image":{"@type":"ImageObject","inLanguage":"fr-FR","@id":"https:\/\/secure.gravatar.com\/avatar\/5e6c05150ce3230247d167f5b94d678eb05936197436d69b7921e3a95c9107ac?s=96&d=mm&r=g","url":"https:\/\/secure.gravatar.com\/avatar\/5e6c05150ce3230247d167f5b94d678eb05936197436d69b7921e3a95c9107ac?s=96&d=mm&r=g","contentUrl":"https:\/\/secure.gravatar.com\/avatar\/5e6c05150ce3230247d167f5b94d678eb05936197436d69b7921e3a95c9107ac?s=96&d=mm&r=g","caption":"Issouf Tapsoba"},"url":"https:\/\/www.latribunedufaso.net\/?author=5"}]}},"_links":{"self":[{"href":"https:\/\/www.latribunedufaso.net\/index.php?rest_route=\/wp\/v2\/posts\/8117","targetHints":{"allow":["GET"]}}],"collection":[{"href":"https:\/\/www.latribunedufaso.net\/index.php?rest_route=\/wp\/v2\/posts"}],"about":[{"href":"https:\/\/www.latribunedufaso.net\/index.php?rest_route=\/wp\/v2\/types\/post"}],"author":[{"embeddable":true,"href":"https:\/\/www.latribunedufaso.net\/index.php?rest_route=\/wp\/v2\/users\/5"}],"replies":[{"embeddable":true,"href":"https:\/\/www.latribunedufaso.net\/index.php?rest_route=%2Fwp%2Fv2%2Fcomments&post=8117"}],"version-history":[{"count":2,"href":"https:\/\/www.latribunedufaso.net\/index.php?rest_route=\/wp\/v2\/posts\/8117\/revisions"}],"predecessor-version":[{"id":8130,"href":"https:\/\/www.latribunedufaso.net\/index.php?rest_route=\/wp\/v2\/posts\/8117\/revisions\/8130"}],"wp:featuredmedia":[{"embeddable":true,"href":"https:\/\/www.latribunedufaso.net\/index.php?rest_route=\/wp\/v2\/media\/8118"}],"wp:attachment":[{"href":"https:\/\/www.latribunedufaso.net\/index.php?rest_route=%2Fwp%2Fv2%2Fmedia&parent=8117"}],"wp:term":[{"taxonomy":"category","embeddable":true,"href":"https:\/\/www.latribunedufaso.net\/index.php?rest_route=%2Fwp%2Fv2%2Fcategories&post=8117"},{"taxonomy":"post_tag","embeddable":true,"href":"https:\/\/www.latribunedufaso.net\/index.php?rest_route=%2Fwp%2Fv2%2Ftags&post=8117"}],"curies":[{"name":"wp","href":"https:\/\/api.w.org\/{rel}","templated":true}]}}