{"id":8090,"date":"2023-07-10T21:46:11","date_gmt":"2023-07-10T21:46:11","guid":{"rendered":"https:\/\/www.latribunedufaso.net\/?p=8090"},"modified":"2023-07-10T21:53:38","modified_gmt":"2023-07-10T21:53:38","slug":"administration-publique-la-loi-sur-le-renforcement-de-la-neutralite-politique-et-de-la-meritocratie-desormais-en-vigueur","status":"publish","type":"post","link":"https:\/\/www.latribunedufaso.net\/?p=8090","title":{"rendered":"Administration publique : La loi sur le renforcement de la neutralit\u00e9 politique et de la m\u00e9ritocratie en vigueur\u00a0"},"content":{"rendered":"<p><strong><span style=\"font-size: 1.0625rem;\">La loi n\u00b0 002-2023\/ALT du 16 mars 2023 portant renforcement de la neutralit\u00e9 politique et de la m\u00e9ritocratie dans l\u2019Administration\u00a0 a \u00e9t\u00e9 promulgu\u00e9e le lundi 27 mars 2023 par un d\u00e9cret du Pr\u00e9sident de la Transition, le Capitaine Ibrahim Traor\u00e9.\u00a0<\/span><\/strong><br \/><!--more--><\/p>\n<p>Adopt\u00e9e \u00e0 l\u2019unanimit\u00e9 par l\u2019Assembl\u00e9e l\u00e9gislative de transition (ALT), le 16 mars 2023, ladite loi vise \u00e0 r\u00e9duire la politisation de l\u2019Administration, am\u00e9liorer l\u2019efficacit\u00e9 des structures publiques et contribuer au renforcement de la bonne gouvernance dans \u00ab\u00a0notre pays\u00a0\u00bb.\u00a0<\/p>\n<p>Appliqu\u00e9e aux agents publics, elle est compos\u00e9e de 05 titres et 37 articles. De la neutralit\u00e9 politique, elle interdit entre autres, les r\u00e9unions, cellules, affiches ou signes distinctifs de partis politiques, l\u2019utilisation des biens de l\u2019Etat, de la religion ou de l\u2019ethnie \u00e0 des fins politiques. Elle interdit \u00e9galement la distinction dans le traitement des usagers selon le sexe, l\u2019ethnie, la r\u00e9gion, la religion, etc. Elle recommande la neutralit\u00e9, l\u2019 impartialit\u00e9 et le principe de la\u00efcit\u00e9 de l\u2019Etat.<\/p>\n<p>En ce qui concerne la m\u00e9ritocratie, cette loi indique que les recrutements, nominations et promotions des agents publics se font sur la base des principes d\u2019\u00e9galit\u00e9, d\u2019\u00e9quit\u00e9 , du m\u00e9rite et de non-discrimination. Elle stipule qu\u2019il faut suivre des proc\u00e9dures transparentes et objectives assurant l\u2019\u00e9galit\u00e9 des chances entre les agents.<\/p>\n<p>Dans ses dispositions , elle pr\u00e9voit des sanctions pour les contrevenants . Ses sanctions, en fonction des degr\u00e9s, varient de l\u2019avertissement \u00e0 des paiements d\u2019amendes et peines d\u2019emprisonnement. \u00ab\u00a0A la date d\u2019entr\u00e9e en vigueur de la pr\u00e9sente loi, les agents de l\u2019Administration publique ou agents publics nomm\u00e9s demeurent \u00e0 leurs postes de travail jusqu\u2019\u00e0 la cessation de leurs fonctions respectives. La loi abroge toutes dispositions ant\u00e9rieures contraires\u00a0\u00bb, indiquent respectivement les dispositions transitoires et finales de cette loi.<\/p>\n<p>A noter que la pr\u00e9sente loi est la mise en \u0153uvre des recommandations de plusieurs rapports\/\u00e9tudes dont le rapport du Coll\u00e8ge des sages publi\u00e9 en 1999, \u00ab la politisation des institutions r\u00e9publicaines traditionnellement neutres \u00bb et l\u2019 Etude sur la d\u00e9politisation et la m\u00e9ritocratie au sein de l\u2019Administration publique au Burkina Faso, r\u00e9alis\u00e9e en 2015. Selon ces \u00e9tudes, l\u2019Administration burkinab\u00e8 est politis\u00e9e et cela se manifeste par le favoritisme, les nominations de complaisance et l\u2019existence de clans dans l\u2019Administration. Par l\u2019incomp\u00e9tence et la mauvaise gestion des ressources publiques, etc.\u00a0<\/p>\n<p><strong>Astride Kiendrebeogo<\/strong><\/p>\n<p><strong>Latribunedufaso.net<\/strong><\/p>\n","protected":false},"excerpt":{"rendered":"<p>La loi n\u00b0 002-2023\/ALT du 16 mars 2023 portant renforcement de la neutralit\u00e9 politique et de la m\u00e9ritocratie dans l\u2019Administration\u00a0 a \u00e9t\u00e9 promulgu\u00e9e le lundi 27 mars 2023 par un d\u00e9cret du Pr\u00e9sident de la Transition, le Capitaine Ibrahim Traor\u00e9.\u00a0<\/p>\n","protected":false},"author":5,"featured_media":8091,"comment_status":"open","ping_status":"open","sticky":false,"template":"","format":"standard","meta":{"footnotes":""},"categories":[13,8],"tags":[],"class_list":["post-8090","post","type-post","status-publish","format-standard","has-post-thumbnail","hentry","category-une","category-societe"],"yoast_head":"<!-- This site is optimized with the Yoast SEO plugin v27.5 - https:\/\/yoast.com\/product\/yoast-seo-wordpress\/ -->\n<title>Administration publique : La loi sur le renforcement de la neutralit\u00e9 politique et de la m\u00e9ritocratie en vigueur\u00a0 - La Tribune du Faso<\/title>\n<meta name=\"robots\" content=\"index, follow, max-snippet:-1, max-image-preview:large, max-video-preview:-1\" \/>\n<link rel=\"canonical\" href=\"https:\/\/www.latribunedufaso.net\/?p=8090\" \/>\n<meta property=\"og:locale\" content=\"fr_FR\" \/>\n<meta property=\"og:type\" content=\"article\" \/>\n<meta property=\"og:title\" content=\"Administration publique : La loi sur le renforcement de la neutralit\u00e9 politique et de la m\u00e9ritocratie en vigueur\u00a0 - La Tribune du Faso\" \/>\n<meta property=\"og:description\" content=\"La loi n\u00b0 002-2023\/ALT du 16 mars 2023 portant renforcement de la neutralit\u00e9 politique et de la m\u00e9ritocratie dans l\u2019Administration\u00a0 a \u00e9t\u00e9 promulgu\u00e9e le lundi 27 mars 2023 par un d\u00e9cret du Pr\u00e9sident de la Transition, le Capitaine Ibrahim Traor\u00e9.\u00a0\" \/>\n<meta property=\"og:url\" content=\"https:\/\/www.latribunedufaso.net\/?p=8090\" \/>\n<meta property=\"og:site_name\" content=\"La Tribune du Faso\" \/>\n<meta property=\"article:publisher\" content=\"https:\/\/www.facebook.com\/LatribuneduFaso\/\" \/>\n<meta property=\"article:published_time\" content=\"2023-07-10T21:46:11+00:00\" \/>\n<meta property=\"article:modified_time\" content=\"2023-07-10T21:53:38+00:00\" \/>\n<meta property=\"og:image\" content=\"https:\/\/www.latribunedufaso.net\/wp-content\/uploads\/2023\/07\/arton81192.jpg\" \/>\n\t<meta property=\"og:image:width\" content=\"500\" \/>\n\t<meta property=\"og:image:height\" content=\"280\" \/>\n\t<meta property=\"og:image:type\" content=\"image\/jpeg\" \/>\n<meta name=\"author\" content=\"Issouf Tapsoba\" \/>\n<meta name=\"twitter:label1\" content=\"\u00c9crit par\" \/>\n\t<meta name=\"twitter:data1\" content=\"Issouf Tapsoba\" \/>\n\t<meta name=\"twitter:label2\" content=\"Dur\u00e9e de lecture estim\u00e9e\" \/>\n\t<meta name=\"twitter:data2\" content=\"2 minutes\" \/>\n<script type=\"application\/ld+json\" class=\"yoast-schema-graph\">{\"@context\":\"https:\\\/\\\/schema.org\",\"@graph\":[{\"@type\":\"Article\",\"@id\":\"https:\\\/\\\/www.latribunedufaso.net\\\/?p=8090#article\",\"isPartOf\":{\"@id\":\"https:\\\/\\\/www.latribunedufaso.net\\\/?p=8090\"},\"author\":{\"name\":\"Issouf Tapsoba\",\"@id\":\"https:\\\/\\\/www.latribunedufaso.net\\\/#\\\/schema\\\/person\\\/e54e64c5778a7e72cf80a318b7a622b0\"},\"headline\":\"Administration publique : La loi sur le renforcement de la neutralit\u00e9 politique et de la m\u00e9ritocratie en vigueur\u00a0\",\"datePublished\":\"2023-07-10T21:46:11+00:00\",\"dateModified\":\"2023-07-10T21:53:38+00:00\",\"mainEntityOfPage\":{\"@id\":\"https:\\\/\\\/www.latribunedufaso.net\\\/?p=8090\"},\"wordCount\":432,\"commentCount\":0,\"publisher\":{\"@id\":\"https:\\\/\\\/www.latribunedufaso.net\\\/#organization\"},\"image\":{\"@id\":\"https:\\\/\\\/www.latribunedufaso.net\\\/?p=8090#primaryimage\"},\"thumbnailUrl\":\"https:\\\/\\\/www.latribunedufaso.net\\\/wp-content\\\/uploads\\\/2023\\\/07\\\/arton81192.jpg\",\"articleSection\":[\"A la une\",\"Soci\u00e9t\u00e9\"],\"inLanguage\":\"fr-FR\",\"potentialAction\":[{\"@type\":\"CommentAction\",\"name\":\"Comment\",\"target\":[\"https:\\\/\\\/www.latribunedufaso.net\\\/?p=8090#respond\"]}]},{\"@type\":\"WebPage\",\"@id\":\"https:\\\/\\\/www.latribunedufaso.net\\\/?p=8090\",\"url\":\"https:\\\/\\\/www.latribunedufaso.net\\\/?p=8090\",\"name\":\"Administration publique : La loi sur le renforcement de la neutralit\u00e9 politique et de la m\u00e9ritocratie en vigueur\u00a0 - La Tribune du Faso\",\"isPartOf\":{\"@id\":\"https:\\\/\\\/www.latribunedufaso.net\\\/#website\"},\"primaryImageOfPage\":{\"@id\":\"https:\\\/\\\/www.latribunedufaso.net\\\/?p=8090#primaryimage\"},\"image\":{\"@id\":\"https:\\\/\\\/www.latribunedufaso.net\\\/?p=8090#primaryimage\"},\"thumbnailUrl\":\"https:\\\/\\\/www.latribunedufaso.net\\\/wp-content\\\/uploads\\\/2023\\\/07\\\/arton81192.jpg\",\"datePublished\":\"2023-07-10T21:46:11+00:00\",\"dateModified\":\"2023-07-10T21:53:38+00:00\",\"breadcrumb\":{\"@id\":\"https:\\\/\\\/www.latribunedufaso.net\\\/?p=8090#breadcrumb\"},\"inLanguage\":\"fr-FR\",\"potentialAction\":[{\"@type\":\"ReadAction\",\"target\":[\"https:\\\/\\\/www.latribunedufaso.net\\\/?p=8090\"]}]},{\"@type\":\"ImageObject\",\"inLanguage\":\"fr-FR\",\"@id\":\"https:\\\/\\\/www.latribunedufaso.net\\\/?p=8090#primaryimage\",\"url\":\"https:\\\/\\\/www.latribunedufaso.net\\\/wp-content\\\/uploads\\\/2023\\\/07\\\/arton81192.jpg\",\"contentUrl\":\"https:\\\/\\\/www.latribunedufaso.net\\\/wp-content\\\/uploads\\\/2023\\\/07\\\/arton81192.jpg\",\"width\":500,\"height\":280},{\"@type\":\"BreadcrumbList\",\"@id\":\"https:\\\/\\\/www.latribunedufaso.net\\\/?p=8090#breadcrumb\",\"itemListElement\":[{\"@type\":\"ListItem\",\"position\":1,\"name\":\"Accueil\",\"item\":\"https:\\\/\\\/www.latribunedufaso.net\\\/\"},{\"@type\":\"ListItem\",\"position\":2,\"name\":\"Administration publique : La loi sur le renforcement de la neutralit\u00e9 politique et de la m\u00e9ritocratie en vigueur\u00a0\"}]},{\"@type\":\"WebSite\",\"@id\":\"https:\\\/\\\/www.latribunedufaso.net\\\/#website\",\"url\":\"https:\\\/\\\/www.latribunedufaso.net\\\/\",\"name\":\"La Tribune du Faso\",\"description\":\"L&#039;information du monde rural en un clic\",\"publisher\":{\"@id\":\"https:\\\/\\\/www.latribunedufaso.net\\\/#organization\"},\"potentialAction\":[{\"@type\":\"SearchAction\",\"target\":{\"@type\":\"EntryPoint\",\"urlTemplate\":\"https:\\\/\\\/www.latribunedufaso.net\\\/?s={search_term_string}\"},\"query-input\":{\"@type\":\"PropertyValueSpecification\",\"valueRequired\":true,\"valueName\":\"search_term_string\"}}],\"inLanguage\":\"fr-FR\"},{\"@type\":\"Organization\",\"@id\":\"https:\\\/\\\/www.latribunedufaso.net\\\/#organization\",\"name\":\"La Tribune du Faso\",\"url\":\"https:\\\/\\\/www.latribunedufaso.net\\\/\",\"logo\":{\"@type\":\"ImageObject\",\"inLanguage\":\"fr-FR\",\"@id\":\"https:\\\/\\\/www.latribunedufaso.net\\\/#\\\/schema\\\/logo\\\/image\\\/\",\"url\":\"https:\\\/\\\/www.latribunedufaso.net\\\/wp-content\\\/uploads\\\/2020\\\/08\\\/Logo-Tribune-du-Faso-final-scaled.jpg\",\"contentUrl\":\"https:\\\/\\\/www.latribunedufaso.net\\\/wp-content\\\/uploads\\\/2020\\\/08\\\/Logo-Tribune-du-Faso-final-scaled.jpg\",\"width\":2560,\"height\":1856,\"caption\":\"La Tribune du Faso\"},\"image\":{\"@id\":\"https:\\\/\\\/www.latribunedufaso.net\\\/#\\\/schema\\\/logo\\\/image\\\/\"},\"sameAs\":[\"https:\\\/\\\/www.facebook.com\\\/LatribuneduFaso\\\/\"]},{\"@type\":\"Person\",\"@id\":\"https:\\\/\\\/www.latribunedufaso.net\\\/#\\\/schema\\\/person\\\/e54e64c5778a7e72cf80a318b7a622b0\",\"name\":\"Issouf Tapsoba\",\"image\":{\"@type\":\"ImageObject\",\"inLanguage\":\"fr-FR\",\"@id\":\"https:\\\/\\\/secure.gravatar.com\\\/avatar\\\/5e6c05150ce3230247d167f5b94d678eb05936197436d69b7921e3a95c9107ac?s=96&d=mm&r=g\",\"url\":\"https:\\\/\\\/secure.gravatar.com\\\/avatar\\\/5e6c05150ce3230247d167f5b94d678eb05936197436d69b7921e3a95c9107ac?s=96&d=mm&r=g\",\"contentUrl\":\"https:\\\/\\\/secure.gravatar.com\\\/avatar\\\/5e6c05150ce3230247d167f5b94d678eb05936197436d69b7921e3a95c9107ac?s=96&d=mm&r=g\",\"caption\":\"Issouf Tapsoba\"},\"url\":\"https:\\\/\\\/www.latribunedufaso.net\\\/?author=5\"}]}<\/script>\n<!-- \/ Yoast SEO plugin. -->","yoast_head_json":{"title":"Administration publique : La loi sur le renforcement de la neutralit\u00e9 politique et de la m\u00e9ritocratie en vigueur\u00a0 - La Tribune du Faso","robots":{"index":"index","follow":"follow","max-snippet":"max-snippet:-1","max-image-preview":"max-image-preview:large","max-video-preview":"max-video-preview:-1"},"canonical":"https:\/\/www.latribunedufaso.net\/?p=8090","og_locale":"fr_FR","og_type":"article","og_title":"Administration publique : La loi sur le renforcement de la neutralit\u00e9 politique et de la m\u00e9ritocratie en vigueur\u00a0 - La Tribune du Faso","og_description":"La loi n\u00b0 002-2023\/ALT du 16 mars 2023 portant renforcement de la neutralit\u00e9 politique et de la m\u00e9ritocratie dans l\u2019Administration\u00a0 a \u00e9t\u00e9 promulgu\u00e9e le lundi 27 mars 2023 par un d\u00e9cret du Pr\u00e9sident de la Transition, le Capitaine Ibrahim Traor\u00e9.\u00a0","og_url":"https:\/\/www.latribunedufaso.net\/?p=8090","og_site_name":"La Tribune du Faso","article_publisher":"https:\/\/www.facebook.com\/LatribuneduFaso\/","article_published_time":"2023-07-10T21:46:11+00:00","article_modified_time":"2023-07-10T21:53:38+00:00","og_image":[{"width":500,"height":280,"url":"https:\/\/www.latribunedufaso.net\/wp-content\/uploads\/2023\/07\/arton81192.jpg","type":"image\/jpeg"}],"author":"Issouf Tapsoba","twitter_misc":{"\u00c9crit par":"Issouf Tapsoba","Dur\u00e9e de lecture estim\u00e9e":"2 minutes"},"schema":{"@context":"https:\/\/schema.org","@graph":[{"@type":"Article","@id":"https:\/\/www.latribunedufaso.net\/?p=8090#article","isPartOf":{"@id":"https:\/\/www.latribunedufaso.net\/?p=8090"},"author":{"name":"Issouf Tapsoba","@id":"https:\/\/www.latribunedufaso.net\/#\/schema\/person\/e54e64c5778a7e72cf80a318b7a622b0"},"headline":"Administration publique : La loi sur le renforcement de la neutralit\u00e9 politique et de la m\u00e9ritocratie en vigueur\u00a0","datePublished":"2023-07-10T21:46:11+00:00","dateModified":"2023-07-10T21:53:38+00:00","mainEntityOfPage":{"@id":"https:\/\/www.latribunedufaso.net\/?p=8090"},"wordCount":432,"commentCount":0,"publisher":{"@id":"https:\/\/www.latribunedufaso.net\/#organization"},"image":{"@id":"https:\/\/www.latribunedufaso.net\/?p=8090#primaryimage"},"thumbnailUrl":"https:\/\/www.latribunedufaso.net\/wp-content\/uploads\/2023\/07\/arton81192.jpg","articleSection":["A la une","Soci\u00e9t\u00e9"],"inLanguage":"fr-FR","potentialAction":[{"@type":"CommentAction","name":"Comment","target":["https:\/\/www.latribunedufaso.net\/?p=8090#respond"]}]},{"@type":"WebPage","@id":"https:\/\/www.latribunedufaso.net\/?p=8090","url":"https:\/\/www.latribunedufaso.net\/?p=8090","name":"Administration publique : La loi sur le renforcement de la neutralit\u00e9 politique et de la m\u00e9ritocratie en vigueur\u00a0 - La Tribune du Faso","isPartOf":{"@id":"https:\/\/www.latribunedufaso.net\/#website"},"primaryImageOfPage":{"@id":"https:\/\/www.latribunedufaso.net\/?p=8090#primaryimage"},"image":{"@id":"https:\/\/www.latribunedufaso.net\/?p=8090#primaryimage"},"thumbnailUrl":"https:\/\/www.latribunedufaso.net\/wp-content\/uploads\/2023\/07\/arton81192.jpg","datePublished":"2023-07-10T21:46:11+00:00","dateModified":"2023-07-10T21:53:38+00:00","breadcrumb":{"@id":"https:\/\/www.latribunedufaso.net\/?p=8090#breadcrumb"},"inLanguage":"fr-FR","potentialAction":[{"@type":"ReadAction","target":["https:\/\/www.latribunedufaso.net\/?p=8090"]}]},{"@type":"ImageObject","inLanguage":"fr-FR","@id":"https:\/\/www.latribunedufaso.net\/?p=8090#primaryimage","url":"https:\/\/www.latribunedufaso.net\/wp-content\/uploads\/2023\/07\/arton81192.jpg","contentUrl":"https:\/\/www.latribunedufaso.net\/wp-content\/uploads\/2023\/07\/arton81192.jpg","width":500,"height":280},{"@type":"BreadcrumbList","@id":"https:\/\/www.latribunedufaso.net\/?p=8090#breadcrumb","itemListElement":[{"@type":"ListItem","position":1,"name":"Accueil","item":"https:\/\/www.latribunedufaso.net\/"},{"@type":"ListItem","position":2,"name":"Administration publique : La loi sur le renforcement de la neutralit\u00e9 politique et de la m\u00e9ritocratie en vigueur\u00a0"}]},{"@type":"WebSite","@id":"https:\/\/www.latribunedufaso.net\/#website","url":"https:\/\/www.latribunedufaso.net\/","name":"La Tribune du Faso","description":"L&#039;information du monde rural en un clic","publisher":{"@id":"https:\/\/www.latribunedufaso.net\/#organization"},"potentialAction":[{"@type":"SearchAction","target":{"@type":"EntryPoint","urlTemplate":"https:\/\/www.latribunedufaso.net\/?s={search_term_string}"},"query-input":{"@type":"PropertyValueSpecification","valueRequired":true,"valueName":"search_term_string"}}],"inLanguage":"fr-FR"},{"@type":"Organization","@id":"https:\/\/www.latribunedufaso.net\/#organization","name":"La Tribune du Faso","url":"https:\/\/www.latribunedufaso.net\/","logo":{"@type":"ImageObject","inLanguage":"fr-FR","@id":"https:\/\/www.latribunedufaso.net\/#\/schema\/logo\/image\/","url":"https:\/\/www.latribunedufaso.net\/wp-content\/uploads\/2020\/08\/Logo-Tribune-du-Faso-final-scaled.jpg","contentUrl":"https:\/\/www.latribunedufaso.net\/wp-content\/uploads\/2020\/08\/Logo-Tribune-du-Faso-final-scaled.jpg","width":2560,"height":1856,"caption":"La Tribune du Faso"},"image":{"@id":"https:\/\/www.latribunedufaso.net\/#\/schema\/logo\/image\/"},"sameAs":["https:\/\/www.facebook.com\/LatribuneduFaso\/"]},{"@type":"Person","@id":"https:\/\/www.latribunedufaso.net\/#\/schema\/person\/e54e64c5778a7e72cf80a318b7a622b0","name":"Issouf Tapsoba","image":{"@type":"ImageObject","inLanguage":"fr-FR","@id":"https:\/\/secure.gravatar.com\/avatar\/5e6c05150ce3230247d167f5b94d678eb05936197436d69b7921e3a95c9107ac?s=96&d=mm&r=g","url":"https:\/\/secure.gravatar.com\/avatar\/5e6c05150ce3230247d167f5b94d678eb05936197436d69b7921e3a95c9107ac?s=96&d=mm&r=g","contentUrl":"https:\/\/secure.gravatar.com\/avatar\/5e6c05150ce3230247d167f5b94d678eb05936197436d69b7921e3a95c9107ac?s=96&d=mm&r=g","caption":"Issouf Tapsoba"},"url":"https:\/\/www.latribunedufaso.net\/?author=5"}]}},"_links":{"self":[{"href":"https:\/\/www.latribunedufaso.net\/index.php?rest_route=\/wp\/v2\/posts\/8090","targetHints":{"allow":["GET"]}}],"collection":[{"href":"https:\/\/www.latribunedufaso.net\/index.php?rest_route=\/wp\/v2\/posts"}],"about":[{"href":"https:\/\/www.latribunedufaso.net\/index.php?rest_route=\/wp\/v2\/types\/post"}],"author":[{"embeddable":true,"href":"https:\/\/www.latribunedufaso.net\/index.php?rest_route=\/wp\/v2\/users\/5"}],"replies":[{"embeddable":true,"href":"https:\/\/www.latribunedufaso.net\/index.php?rest_route=%2Fwp%2Fv2%2Fcomments&post=8090"}],"version-history":[{"count":3,"href":"https:\/\/www.latribunedufaso.net\/index.php?rest_route=\/wp\/v2\/posts\/8090\/revisions"}],"predecessor-version":[{"id":8094,"href":"https:\/\/www.latribunedufaso.net\/index.php?rest_route=\/wp\/v2\/posts\/8090\/revisions\/8094"}],"wp:featuredmedia":[{"embeddable":true,"href":"https:\/\/www.latribunedufaso.net\/index.php?rest_route=\/wp\/v2\/media\/8091"}],"wp:attachment":[{"href":"https:\/\/www.latribunedufaso.net\/index.php?rest_route=%2Fwp%2Fv2%2Fmedia&parent=8090"}],"wp:term":[{"taxonomy":"category","embeddable":true,"href":"https:\/\/www.latribunedufaso.net\/index.php?rest_route=%2Fwp%2Fv2%2Fcategories&post=8090"},{"taxonomy":"post_tag","embeddable":true,"href":"https:\/\/www.latribunedufaso.net\/index.php?rest_route=%2Fwp%2Fv2%2Ftags&post=8090"}],"curies":[{"name":"wp","href":"https:\/\/api.w.org\/{rel}","templated":true}]}}