{"id":8042,"date":"2023-07-05T11:20:27","date_gmt":"2023-07-05T11:20:27","guid":{"rendered":"https:\/\/www.latribunedufaso.net\/?p=8042"},"modified":"2023-07-05T11:20:27","modified_gmt":"2023-07-05T11:20:27","slug":"journee-de-lartisan-minier-2023-les-autorites-regionales-du-sud-ouest-mettent-la-main-a-la-pate","status":"publish","type":"post","link":"https:\/\/www.latribunedufaso.net\/?p=8042","title":{"rendered":"Journ\u00e9e de l&rsquo;artisan minier 2023 : Les autorit\u00e9s r\u00e9gionales du Sud-ouest mettent la main \u00e0 la p\u00e2te"},"content":{"rendered":"<p><strong><span style=\"font-size: 1.0625rem;\">Les autorit\u00e9s r\u00e9gionales de la r\u00e9gion du Sud-Ouest ont r\u00e9affirm\u00e9 mardi, leur engagement \u00e0 faire de la deuxi\u00e8me \u00e9dition de la Journ\u00e9e de l\u2019Artisan Minier (JAM) pr\u00e9vue les 21 et 22 juillet prochain \u00e0 Gaoua, une r\u00e9ussite. Elles l\u2019ont fait savoir lors d\u2019une rencontre d\u2019information initi\u00e9e par le Comit\u00e9 National d\u2019Organisation (CNO).<\/span><\/strong><br \/><!--more--><\/p>\n<p><span style=\"font-size: 1.0625rem;\">Une d\u00e9l\u00e9gation du Comit\u00e9 National d\u2019Organisation (CNO) a rencontr\u00e9 le mardi 04 juillet \u00e0 Gaoua \u00e0 15H, les responsables des structures d\u00e9concentr\u00e9es de la r\u00e9gion du Sud-Ouest sous la conduite du Secr\u00e9taire G\u00e9n\u00e9ral de ladite r\u00e9gion, Monsieur Robert Zoungrana.<\/span><\/p>\n<p><a href=\"https:\/\/www.latribunedufaso.net\/wp-content\/uploads\/2023\/07\/IMG-20230705-WA0018.jpg\"><img loading=\"lazy\" decoding=\"async\" class=\"size-medium wp-image-8045 alignleft\" src=\"https:\/\/www.latribunedufaso.net\/wp-content\/uploads\/2023\/07\/IMG-20230705-WA0018-300x225.jpg\" alt=\"\" width=\"300\" height=\"225\" srcset=\"https:\/\/www.latribunedufaso.net\/wp-content\/uploads\/2023\/07\/IMG-20230705-WA0018-300x225.jpg 300w, https:\/\/www.latribunedufaso.net\/wp-content\/uploads\/2023\/07\/IMG-20230705-WA0018-1024x768.jpg 1024w, https:\/\/www.latribunedufaso.net\/wp-content\/uploads\/2023\/07\/IMG-20230705-WA0018-768x576.jpg 768w, https:\/\/www.latribunedufaso.net\/wp-content\/uploads\/2023\/07\/IMG-20230705-WA0018.jpg 1080w\" sizes=\"auto, (max-width: 300px) 100vw, 300px\" \/><\/a>Le chef de d\u00e9l\u00e9gation du CNO, Z\u00e9phirin Zongo, par ailleurs Secr\u00e9taire Technique du Contenu Local et de la Promotion des Investissements a fait savoir aux participants que le choix de la ville de Gaoua pour accueillir la manifestation s\u2019explique par le fait que cette r\u00e9gion conna\u00eet ces derni\u00e8res ann\u00e9es un d\u00e9veloppement de l\u2019exploitation artisanale de l\u2019or et des substances de carri\u00e8res .<\/p>\n<p><a href=\"https:\/\/www.latribunedufaso.net\/wp-content\/uploads\/2023\/07\/IMG-20230705-WA0016.jpg\"><img loading=\"lazy\" decoding=\"async\" class=\"size-medium wp-image-8044 alignleft\" src=\"https:\/\/www.latribunedufaso.net\/wp-content\/uploads\/2023\/07\/IMG-20230705-WA0016-300x225.jpg\" alt=\"\" width=\"300\" height=\"225\" srcset=\"https:\/\/www.latribunedufaso.net\/wp-content\/uploads\/2023\/07\/IMG-20230705-WA0016-300x225.jpg 300w, https:\/\/www.latribunedufaso.net\/wp-content\/uploads\/2023\/07\/IMG-20230705-WA0016-1024x768.jpg 1024w, https:\/\/www.latribunedufaso.net\/wp-content\/uploads\/2023\/07\/IMG-20230705-WA0016-768x576.jpg 768w, https:\/\/www.latribunedufaso.net\/wp-content\/uploads\/2023\/07\/IMG-20230705-WA0016.jpg 1080w\" sizes=\"auto, (max-width: 300px) 100vw, 300px\" \/><\/a>Il a rappel\u00e9 que la JAM qui est plac\u00e9e sous le Tr\u00e8s Haut Patronage de Son Excellence, Monsieur le Pr\u00e9sident de la Transition, Chef de l&rsquo;Etat, le Capitaine Ibrahim Traor\u00e9 et sous la Pr\u00e9sidence du Ministre de l\u2019Energie, des Mines et des Carri\u00e8res, Monsieur Simon-Pierre Boussim aboutira \u00e0 des solutions et des recommandations pour une exploitation artisanale responsable de l\u2019or et des substances de carri\u00e8res.<\/p>\n<p>\u00ab Une telle activit\u00e9 ne peut \u00eatre organis\u00e9e sans prendre en compte les acteurs au niveau r\u00e9gional \u00bb, a dit M. Zongo soulignant que la d\u00e9marche consiste \u00e0 int\u00e9grer les acteurs r\u00e9gionaux dans le Comit\u00e9 National d\u2019Organisation.<\/p>\n<p>\u00ab Nous avons l\u2019obligation de faire en sorte que cette activit\u00e9 soit une r\u00e9ussite \u00bb, a lanc\u00e9 le Secr\u00e9taire G\u00e9n\u00e9ral de la r\u00e9gion du Sud-Ouest Monsieur Robert Zoungrana. \u00ab C\u2019est un d\u00e9fi \u00e0 relever \u00bb, a-t-il dit, appelant chacun \u00e0 s\u2019investir dans l\u2019organisation.<\/p>\n<p><a href=\"https:\/\/www.latribunedufaso.net\/wp-content\/uploads\/2023\/07\/IMG-20230705-WA0019.jpg\"><img loading=\"lazy\" decoding=\"async\" class=\"size-medium wp-image-8046 alignleft\" src=\"https:\/\/www.latribunedufaso.net\/wp-content\/uploads\/2023\/07\/IMG-20230705-WA0019-300x225.jpg\" alt=\"\" width=\"300\" height=\"225\" srcset=\"https:\/\/www.latribunedufaso.net\/wp-content\/uploads\/2023\/07\/IMG-20230705-WA0019-300x225.jpg 300w, https:\/\/www.latribunedufaso.net\/wp-content\/uploads\/2023\/07\/IMG-20230705-WA0019-1024x768.jpg 1024w, https:\/\/www.latribunedufaso.net\/wp-content\/uploads\/2023\/07\/IMG-20230705-WA0019-768x576.jpg 768w, https:\/\/www.latribunedufaso.net\/wp-content\/uploads\/2023\/07\/IMG-20230705-WA0019.jpg 1080w\" sizes=\"auto, (max-width: 300px) 100vw, 300px\" \/><\/a>Plus t\u00f4t dans la matin\u00e9e, la d\u00e9l\u00e9gation du Comit\u00e9 National d\u2019Organisation a \u00e9chang\u00e9 , avec le Haut-Commissaire de la province du Poni, Monsieur Lucien Guenguere qui a \u00e9galement fait part de sa disponibilit\u00e9 \u00e0 accompagner la manifestation.<\/p>\n<p>\u00ab Nous allons tout mettre en \u0153uvre pour que cette \u00e9dition de la JAM soit une f\u00eate remarquable \u00bb, a-t-il assur\u00e9.<\/p>\n<p><strong>Source : Commission communication JAM<\/strong><\/p>\n<p><strong>Latribunesufaso.net<\/strong><\/p>\n","protected":false},"excerpt":{"rendered":"<p>Les autorit\u00e9s r\u00e9gionales de la r\u00e9gion du Sud-Ouest ont r\u00e9affirm\u00e9 mardi, leur engagement \u00e0 faire de la deuxi\u00e8me \u00e9dition de la Journ\u00e9e de l\u2019Artisan Minier (JAM) pr\u00e9vue les 21 et 22 juillet prochain \u00e0 Gaoua, une r\u00e9ussite. Elles l\u2019ont fait savoir lors d\u2019une rencontre d\u2019information initi\u00e9e par le Comit\u00e9 National d\u2019Organisation (CNO).<\/p>\n","protected":false},"author":5,"featured_media":8043,"comment_status":"open","ping_status":"open","sticky":false,"template":"","format":"standard","meta":{"footnotes":""},"categories":[13,1,19],"tags":[],"class_list":["post-8042","post","type-post","status-publish","format-standard","has-post-thumbnail","hentry","category-une","category-actu","category-mines-et-carrieres"],"yoast_head":"<!-- This site is optimized with the Yoast SEO plugin v27.5 - https:\/\/yoast.com\/product\/yoast-seo-wordpress\/ -->\n<title>Journ\u00e9e de l&#039;artisan minier 2023 : Les autorit\u00e9s r\u00e9gionales du Sud-ouest mettent la main \u00e0 la p\u00e2te - La Tribune du Faso<\/title>\n<meta name=\"robots\" content=\"index, follow, max-snippet:-1, max-image-preview:large, max-video-preview:-1\" \/>\n<link rel=\"canonical\" href=\"https:\/\/www.latribunedufaso.net\/?p=8042\" \/>\n<meta property=\"og:locale\" content=\"fr_FR\" \/>\n<meta property=\"og:type\" content=\"article\" \/>\n<meta property=\"og:title\" content=\"Journ\u00e9e de l&#039;artisan minier 2023 : Les autorit\u00e9s r\u00e9gionales du Sud-ouest mettent la main \u00e0 la p\u00e2te - La Tribune du Faso\" \/>\n<meta property=\"og:description\" content=\"Les autorit\u00e9s r\u00e9gionales de la r\u00e9gion du Sud-Ouest ont r\u00e9affirm\u00e9 mardi, leur engagement \u00e0 faire de la deuxi\u00e8me \u00e9dition de la Journ\u00e9e de l\u2019Artisan Minier (JAM) pr\u00e9vue les 21 et 22 juillet prochain \u00e0 Gaoua, une r\u00e9ussite. Elles l\u2019ont fait savoir lors d\u2019une rencontre d\u2019information initi\u00e9e par le Comit\u00e9 National d\u2019Organisation (CNO).\" \/>\n<meta property=\"og:url\" content=\"https:\/\/www.latribunedufaso.net\/?p=8042\" \/>\n<meta property=\"og:site_name\" content=\"La Tribune du Faso\" \/>\n<meta property=\"article:publisher\" content=\"https:\/\/www.facebook.com\/LatribuneduFaso\/\" \/>\n<meta property=\"article:published_time\" content=\"2023-07-05T11:20:27+00:00\" \/>\n<meta property=\"og:image\" content=\"https:\/\/www.latribunedufaso.net\/wp-content\/uploads\/2023\/07\/IMG-20230705-WA0017.jpg\" \/>\n\t<meta property=\"og:image:width\" content=\"1080\" \/>\n\t<meta property=\"og:image:height\" content=\"810\" \/>\n\t<meta property=\"og:image:type\" content=\"image\/jpeg\" \/>\n<meta name=\"author\" content=\"Issouf Tapsoba\" \/>\n<meta name=\"twitter:label1\" content=\"\u00c9crit par\" \/>\n\t<meta name=\"twitter:data1\" content=\"Issouf Tapsoba\" \/>\n\t<meta name=\"twitter:label2\" content=\"Dur\u00e9e de lecture estim\u00e9e\" \/>\n\t<meta name=\"twitter:data2\" content=\"2 minutes\" \/>\n<script type=\"application\/ld+json\" class=\"yoast-schema-graph\">{\"@context\":\"https:\\\/\\\/schema.org\",\"@graph\":[{\"@type\":\"Article\",\"@id\":\"https:\\\/\\\/www.latribunedufaso.net\\\/?p=8042#article\",\"isPartOf\":{\"@id\":\"https:\\\/\\\/www.latribunedufaso.net\\\/?p=8042\"},\"author\":{\"name\":\"Issouf Tapsoba\",\"@id\":\"https:\\\/\\\/www.latribunedufaso.net\\\/#\\\/schema\\\/person\\\/e54e64c5778a7e72cf80a318b7a622b0\"},\"headline\":\"Journ\u00e9e de l&rsquo;artisan minier 2023 : Les autorit\u00e9s r\u00e9gionales du Sud-ouest mettent la main \u00e0 la p\u00e2te\",\"datePublished\":\"2023-07-05T11:20:27+00:00\",\"mainEntityOfPage\":{\"@id\":\"https:\\\/\\\/www.latribunedufaso.net\\\/?p=8042\"},\"wordCount\":427,\"commentCount\":0,\"publisher\":{\"@id\":\"https:\\\/\\\/www.latribunedufaso.net\\\/#organization\"},\"image\":{\"@id\":\"https:\\\/\\\/www.latribunedufaso.net\\\/?p=8042#primaryimage\"},\"thumbnailUrl\":\"https:\\\/\\\/www.latribunedufaso.net\\\/wp-content\\\/uploads\\\/2023\\\/07\\\/IMG-20230705-WA0017.jpg\",\"articleSection\":[\"A la une\",\"Actualit\u00e9\",\"Mines et Carri\u00e8res\"],\"inLanguage\":\"fr-FR\",\"potentialAction\":[{\"@type\":\"CommentAction\",\"name\":\"Comment\",\"target\":[\"https:\\\/\\\/www.latribunedufaso.net\\\/?p=8042#respond\"]}]},{\"@type\":\"WebPage\",\"@id\":\"https:\\\/\\\/www.latribunedufaso.net\\\/?p=8042\",\"url\":\"https:\\\/\\\/www.latribunedufaso.net\\\/?p=8042\",\"name\":\"Journ\u00e9e de l'artisan minier 2023 : Les autorit\u00e9s r\u00e9gionales du Sud-ouest mettent la main \u00e0 la p\u00e2te - La Tribune du Faso\",\"isPartOf\":{\"@id\":\"https:\\\/\\\/www.latribunedufaso.net\\\/#website\"},\"primaryImageOfPage\":{\"@id\":\"https:\\\/\\\/www.latribunedufaso.net\\\/?p=8042#primaryimage\"},\"image\":{\"@id\":\"https:\\\/\\\/www.latribunedufaso.net\\\/?p=8042#primaryimage\"},\"thumbnailUrl\":\"https:\\\/\\\/www.latribunedufaso.net\\\/wp-content\\\/uploads\\\/2023\\\/07\\\/IMG-20230705-WA0017.jpg\",\"datePublished\":\"2023-07-05T11:20:27+00:00\",\"breadcrumb\":{\"@id\":\"https:\\\/\\\/www.latribunedufaso.net\\\/?p=8042#breadcrumb\"},\"inLanguage\":\"fr-FR\",\"potentialAction\":[{\"@type\":\"ReadAction\",\"target\":[\"https:\\\/\\\/www.latribunedufaso.net\\\/?p=8042\"]}]},{\"@type\":\"ImageObject\",\"inLanguage\":\"fr-FR\",\"@id\":\"https:\\\/\\\/www.latribunedufaso.net\\\/?p=8042#primaryimage\",\"url\":\"https:\\\/\\\/www.latribunedufaso.net\\\/wp-content\\\/uploads\\\/2023\\\/07\\\/IMG-20230705-WA0017.jpg\",\"contentUrl\":\"https:\\\/\\\/www.latribunedufaso.net\\\/wp-content\\\/uploads\\\/2023\\\/07\\\/IMG-20230705-WA0017.jpg\",\"width\":1080,\"height\":810},{\"@type\":\"BreadcrumbList\",\"@id\":\"https:\\\/\\\/www.latribunedufaso.net\\\/?p=8042#breadcrumb\",\"itemListElement\":[{\"@type\":\"ListItem\",\"position\":1,\"name\":\"Accueil\",\"item\":\"https:\\\/\\\/www.latribunedufaso.net\\\/\"},{\"@type\":\"ListItem\",\"position\":2,\"name\":\"Journ\u00e9e de l&rsquo;artisan minier 2023 : Les autorit\u00e9s r\u00e9gionales du Sud-ouest mettent la main \u00e0 la p\u00e2te\"}]},{\"@type\":\"WebSite\",\"@id\":\"https:\\\/\\\/www.latribunedufaso.net\\\/#website\",\"url\":\"https:\\\/\\\/www.latribunedufaso.net\\\/\",\"name\":\"La Tribune du Faso\",\"description\":\"L&#039;information du monde rural en un clic\",\"publisher\":{\"@id\":\"https:\\\/\\\/www.latribunedufaso.net\\\/#organization\"},\"potentialAction\":[{\"@type\":\"SearchAction\",\"target\":{\"@type\":\"EntryPoint\",\"urlTemplate\":\"https:\\\/\\\/www.latribunedufaso.net\\\/?s={search_term_string}\"},\"query-input\":{\"@type\":\"PropertyValueSpecification\",\"valueRequired\":true,\"valueName\":\"search_term_string\"}}],\"inLanguage\":\"fr-FR\"},{\"@type\":\"Organization\",\"@id\":\"https:\\\/\\\/www.latribunedufaso.net\\\/#organization\",\"name\":\"La Tribune du Faso\",\"url\":\"https:\\\/\\\/www.latribunedufaso.net\\\/\",\"logo\":{\"@type\":\"ImageObject\",\"inLanguage\":\"fr-FR\",\"@id\":\"https:\\\/\\\/www.latribunedufaso.net\\\/#\\\/schema\\\/logo\\\/image\\\/\",\"url\":\"https:\\\/\\\/www.latribunedufaso.net\\\/wp-content\\\/uploads\\\/2020\\\/08\\\/Logo-Tribune-du-Faso-final-scaled.jpg\",\"contentUrl\":\"https:\\\/\\\/www.latribunedufaso.net\\\/wp-content\\\/uploads\\\/2020\\\/08\\\/Logo-Tribune-du-Faso-final-scaled.jpg\",\"width\":2560,\"height\":1856,\"caption\":\"La Tribune du Faso\"},\"image\":{\"@id\":\"https:\\\/\\\/www.latribunedufaso.net\\\/#\\\/schema\\\/logo\\\/image\\\/\"},\"sameAs\":[\"https:\\\/\\\/www.facebook.com\\\/LatribuneduFaso\\\/\"]},{\"@type\":\"Person\",\"@id\":\"https:\\\/\\\/www.latribunedufaso.net\\\/#\\\/schema\\\/person\\\/e54e64c5778a7e72cf80a318b7a622b0\",\"name\":\"Issouf Tapsoba\",\"image\":{\"@type\":\"ImageObject\",\"inLanguage\":\"fr-FR\",\"@id\":\"https:\\\/\\\/secure.gravatar.com\\\/avatar\\\/5e6c05150ce3230247d167f5b94d678eb05936197436d69b7921e3a95c9107ac?s=96&d=mm&r=g\",\"url\":\"https:\\\/\\\/secure.gravatar.com\\\/avatar\\\/5e6c05150ce3230247d167f5b94d678eb05936197436d69b7921e3a95c9107ac?s=96&d=mm&r=g\",\"contentUrl\":\"https:\\\/\\\/secure.gravatar.com\\\/avatar\\\/5e6c05150ce3230247d167f5b94d678eb05936197436d69b7921e3a95c9107ac?s=96&d=mm&r=g\",\"caption\":\"Issouf Tapsoba\"},\"url\":\"https:\\\/\\\/www.latribunedufaso.net\\\/?author=5\"}]}<\/script>\n<!-- \/ Yoast SEO plugin. -->","yoast_head_json":{"title":"Journ\u00e9e de l'artisan minier 2023 : Les autorit\u00e9s r\u00e9gionales du Sud-ouest mettent la main \u00e0 la p\u00e2te - La Tribune du Faso","robots":{"index":"index","follow":"follow","max-snippet":"max-snippet:-1","max-image-preview":"max-image-preview:large","max-video-preview":"max-video-preview:-1"},"canonical":"https:\/\/www.latribunedufaso.net\/?p=8042","og_locale":"fr_FR","og_type":"article","og_title":"Journ\u00e9e de l'artisan minier 2023 : Les autorit\u00e9s r\u00e9gionales du Sud-ouest mettent la main \u00e0 la p\u00e2te - La Tribune du Faso","og_description":"Les autorit\u00e9s r\u00e9gionales de la r\u00e9gion du Sud-Ouest ont r\u00e9affirm\u00e9 mardi, leur engagement \u00e0 faire de la deuxi\u00e8me \u00e9dition de la Journ\u00e9e de l\u2019Artisan Minier (JAM) pr\u00e9vue les 21 et 22 juillet prochain \u00e0 Gaoua, une r\u00e9ussite. Elles l\u2019ont fait savoir lors d\u2019une rencontre d\u2019information initi\u00e9e par le Comit\u00e9 National d\u2019Organisation (CNO).","og_url":"https:\/\/www.latribunedufaso.net\/?p=8042","og_site_name":"La Tribune du Faso","article_publisher":"https:\/\/www.facebook.com\/LatribuneduFaso\/","article_published_time":"2023-07-05T11:20:27+00:00","og_image":[{"width":1080,"height":810,"url":"https:\/\/www.latribunedufaso.net\/wp-content\/uploads\/2023\/07\/IMG-20230705-WA0017.jpg","type":"image\/jpeg"}],"author":"Issouf Tapsoba","twitter_misc":{"\u00c9crit par":"Issouf Tapsoba","Dur\u00e9e de lecture estim\u00e9e":"2 minutes"},"schema":{"@context":"https:\/\/schema.org","@graph":[{"@type":"Article","@id":"https:\/\/www.latribunedufaso.net\/?p=8042#article","isPartOf":{"@id":"https:\/\/www.latribunedufaso.net\/?p=8042"},"author":{"name":"Issouf Tapsoba","@id":"https:\/\/www.latribunedufaso.net\/#\/schema\/person\/e54e64c5778a7e72cf80a318b7a622b0"},"headline":"Journ\u00e9e de l&rsquo;artisan minier 2023 : Les autorit\u00e9s r\u00e9gionales du Sud-ouest mettent la main \u00e0 la p\u00e2te","datePublished":"2023-07-05T11:20:27+00:00","mainEntityOfPage":{"@id":"https:\/\/www.latribunedufaso.net\/?p=8042"},"wordCount":427,"commentCount":0,"publisher":{"@id":"https:\/\/www.latribunedufaso.net\/#organization"},"image":{"@id":"https:\/\/www.latribunedufaso.net\/?p=8042#primaryimage"},"thumbnailUrl":"https:\/\/www.latribunedufaso.net\/wp-content\/uploads\/2023\/07\/IMG-20230705-WA0017.jpg","articleSection":["A la une","Actualit\u00e9","Mines et Carri\u00e8res"],"inLanguage":"fr-FR","potentialAction":[{"@type":"CommentAction","name":"Comment","target":["https:\/\/www.latribunedufaso.net\/?p=8042#respond"]}]},{"@type":"WebPage","@id":"https:\/\/www.latribunedufaso.net\/?p=8042","url":"https:\/\/www.latribunedufaso.net\/?p=8042","name":"Journ\u00e9e de l'artisan minier 2023 : Les autorit\u00e9s r\u00e9gionales du Sud-ouest mettent la main \u00e0 la p\u00e2te - La Tribune du Faso","isPartOf":{"@id":"https:\/\/www.latribunedufaso.net\/#website"},"primaryImageOfPage":{"@id":"https:\/\/www.latribunedufaso.net\/?p=8042#primaryimage"},"image":{"@id":"https:\/\/www.latribunedufaso.net\/?p=8042#primaryimage"},"thumbnailUrl":"https:\/\/www.latribunedufaso.net\/wp-content\/uploads\/2023\/07\/IMG-20230705-WA0017.jpg","datePublished":"2023-07-05T11:20:27+00:00","breadcrumb":{"@id":"https:\/\/www.latribunedufaso.net\/?p=8042#breadcrumb"},"inLanguage":"fr-FR","potentialAction":[{"@type":"ReadAction","target":["https:\/\/www.latribunedufaso.net\/?p=8042"]}]},{"@type":"ImageObject","inLanguage":"fr-FR","@id":"https:\/\/www.latribunedufaso.net\/?p=8042#primaryimage","url":"https:\/\/www.latribunedufaso.net\/wp-content\/uploads\/2023\/07\/IMG-20230705-WA0017.jpg","contentUrl":"https:\/\/www.latribunedufaso.net\/wp-content\/uploads\/2023\/07\/IMG-20230705-WA0017.jpg","width":1080,"height":810},{"@type":"BreadcrumbList","@id":"https:\/\/www.latribunedufaso.net\/?p=8042#breadcrumb","itemListElement":[{"@type":"ListItem","position":1,"name":"Accueil","item":"https:\/\/www.latribunedufaso.net\/"},{"@type":"ListItem","position":2,"name":"Journ\u00e9e de l&rsquo;artisan minier 2023 : Les autorit\u00e9s r\u00e9gionales du Sud-ouest mettent la main \u00e0 la p\u00e2te"}]},{"@type":"WebSite","@id":"https:\/\/www.latribunedufaso.net\/#website","url":"https:\/\/www.latribunedufaso.net\/","name":"La Tribune du Faso","description":"L&#039;information du monde rural en un clic","publisher":{"@id":"https:\/\/www.latribunedufaso.net\/#organization"},"potentialAction":[{"@type":"SearchAction","target":{"@type":"EntryPoint","urlTemplate":"https:\/\/www.latribunedufaso.net\/?s={search_term_string}"},"query-input":{"@type":"PropertyValueSpecification","valueRequired":true,"valueName":"search_term_string"}}],"inLanguage":"fr-FR"},{"@type":"Organization","@id":"https:\/\/www.latribunedufaso.net\/#organization","name":"La Tribune du Faso","url":"https:\/\/www.latribunedufaso.net\/","logo":{"@type":"ImageObject","inLanguage":"fr-FR","@id":"https:\/\/www.latribunedufaso.net\/#\/schema\/logo\/image\/","url":"https:\/\/www.latribunedufaso.net\/wp-content\/uploads\/2020\/08\/Logo-Tribune-du-Faso-final-scaled.jpg","contentUrl":"https:\/\/www.latribunedufaso.net\/wp-content\/uploads\/2020\/08\/Logo-Tribune-du-Faso-final-scaled.jpg","width":2560,"height":1856,"caption":"La Tribune du Faso"},"image":{"@id":"https:\/\/www.latribunedufaso.net\/#\/schema\/logo\/image\/"},"sameAs":["https:\/\/www.facebook.com\/LatribuneduFaso\/"]},{"@type":"Person","@id":"https:\/\/www.latribunedufaso.net\/#\/schema\/person\/e54e64c5778a7e72cf80a318b7a622b0","name":"Issouf Tapsoba","image":{"@type":"ImageObject","inLanguage":"fr-FR","@id":"https:\/\/secure.gravatar.com\/avatar\/5e6c05150ce3230247d167f5b94d678eb05936197436d69b7921e3a95c9107ac?s=96&d=mm&r=g","url":"https:\/\/secure.gravatar.com\/avatar\/5e6c05150ce3230247d167f5b94d678eb05936197436d69b7921e3a95c9107ac?s=96&d=mm&r=g","contentUrl":"https:\/\/secure.gravatar.com\/avatar\/5e6c05150ce3230247d167f5b94d678eb05936197436d69b7921e3a95c9107ac?s=96&d=mm&r=g","caption":"Issouf Tapsoba"},"url":"https:\/\/www.latribunedufaso.net\/?author=5"}]}},"_links":{"self":[{"href":"https:\/\/www.latribunedufaso.net\/index.php?rest_route=\/wp\/v2\/posts\/8042","targetHints":{"allow":["GET"]}}],"collection":[{"href":"https:\/\/www.latribunedufaso.net\/index.php?rest_route=\/wp\/v2\/posts"}],"about":[{"href":"https:\/\/www.latribunedufaso.net\/index.php?rest_route=\/wp\/v2\/types\/post"}],"author":[{"embeddable":true,"href":"https:\/\/www.latribunedufaso.net\/index.php?rest_route=\/wp\/v2\/users\/5"}],"replies":[{"embeddable":true,"href":"https:\/\/www.latribunedufaso.net\/index.php?rest_route=%2Fwp%2Fv2%2Fcomments&post=8042"}],"version-history":[{"count":1,"href":"https:\/\/www.latribunedufaso.net\/index.php?rest_route=\/wp\/v2\/posts\/8042\/revisions"}],"predecessor-version":[{"id":8047,"href":"https:\/\/www.latribunedufaso.net\/index.php?rest_route=\/wp\/v2\/posts\/8042\/revisions\/8047"}],"wp:featuredmedia":[{"embeddable":true,"href":"https:\/\/www.latribunedufaso.net\/index.php?rest_route=\/wp\/v2\/media\/8043"}],"wp:attachment":[{"href":"https:\/\/www.latribunedufaso.net\/index.php?rest_route=%2Fwp%2Fv2%2Fmedia&parent=8042"}],"wp:term":[{"taxonomy":"category","embeddable":true,"href":"https:\/\/www.latribunedufaso.net\/index.php?rest_route=%2Fwp%2Fv2%2Fcategories&post=8042"},{"taxonomy":"post_tag","embeddable":true,"href":"https:\/\/www.latribunedufaso.net\/index.php?rest_route=%2Fwp%2Fv2%2Ftags&post=8042"}],"curies":[{"name":"wp","href":"https:\/\/api.w.org\/{rel}","templated":true}]}}