{"id":7847,"date":"2023-06-22T12:00:15","date_gmt":"2023-06-22T12:00:15","guid":{"rendered":"https:\/\/www.latribunedufaso.net\/?p=7847"},"modified":"2023-06-25T12:00:32","modified_gmt":"2023-06-25T12:00:32","slug":"31e-edition-de-lassemblee-generale-des-societes-detat-un-chiffre-daffaires-de-pres-de-1700-milliards-en-2022","status":"publish","type":"post","link":"https:\/\/www.latribunedufaso.net\/?p=7847","title":{"rendered":"31e \u00e9dition de l\u2019Assembl\u00e9e g\u00e9n\u00e9rale des soci\u00e9t\u00e9s d\u2019Etat\u00a0: Un chiffre d\u2019affaires de pr\u00e8s de 1700 milliards en 2022"},"content":{"rendered":"<p><strong><span style=\"font-size: 1.0625rem;\">La 31e session de l\u2019Assembl\u00e9e g\u00e9n\u00e9rale des soci\u00e9t\u00e9s d\u2019Etat (AG-SE) se tient du 22 au 23 juin 2023 \u00e0 Ouagadougou. C\u2019est le Premier ministre, Me Apollinaire Kyelem, qui a donn\u00e9 le top d\u00e9part des travaux, ce jeudi 22 juin 2023.<\/span><\/strong><br \/><!--more--><\/p>\n<p>Cette session se donne pour objectif d&rsquo;examiner les \u00e9tats financiers des soci\u00e9t\u00e9s d\u2019Etat et d\u2019analyser leurs rapports de gestion de l\u2019exercice clos au 31 d\u00e9cembre 2022. Par ailleurs, l\u2019Assembl\u00e9e m\u00e8nera une r\u00e9flexion sur les difficult\u00e9s que connaissent ces structures, afin d\u2019identifier des solutions pour leur permettre de continuer leur mission.<\/p>\n<p>Au total 19 entreprises publiques se sont inscrites pour cette session. Selon le rapport de performance des soci\u00e9t\u00e9s d\u2019Etat , ces structures ont r\u00e9alis\u00e9 en cumule un chiffre d\u2019affaires de 1694,473 milliards en 2022, contre 1336,795 milliards en 2021, soit un taux d\u2019augmentation de 26,76%. La contribution directe au budget de l\u2019Etat quant \u00e0 elle, est de 519,638 milliards en 2022 contre, 372,042 milliards en 2021, soit une hausse de 147,596 milliards de Francs CFA.<\/p>\n<p><a href=\"https:\/\/www.latribunedufaso.net\/wp-content\/uploads\/2023\/06\/IMG-20230624-WA0023.jpg\"><img loading=\"lazy\" decoding=\"async\" class=\"size-medium wp-image-7845 alignleft\" src=\"https:\/\/www.latribunedufaso.net\/wp-content\/uploads\/2023\/06\/IMG-20230624-WA0023-300x222.jpg\" alt=\"\" width=\"300\" height=\"222\" srcset=\"https:\/\/www.latribunedufaso.net\/wp-content\/uploads\/2023\/06\/IMG-20230624-WA0023-300x222.jpg 300w, https:\/\/www.latribunedufaso.net\/wp-content\/uploads\/2023\/06\/IMG-20230624-WA0023.jpg 712w\" sizes=\"auto, (max-width: 300px) 100vw, 300px\" \/><\/a>La contribution \u00e0 la formation du Produit int\u00e9rieur brut ( PIB) est de 238, 516 milliards en 2022, contre 238,761 milliards en 2021, soit une baisse 245 millions de Francs CFA.<\/p>\n<p>Le r\u00e9sultat net global des 19 soci\u00e9t\u00e9s s\u2019\u00e9tablit \u00e0 76,696 milliards, contre 78 milliards en 2021. Pour le Premier ministre, ce r\u00e9sultat est bon, mais peut \u00eatre am\u00e9lior\u00e9.<\/p>\n<p>A noter que sur les 19 soci\u00e9t\u00e9s d\u2019\u00c9tat, 15 ont des r\u00e9sultats b\u00e9n\u00e9ficiaires positifs et 4 connaissent des d\u00e9ficits en termes de r\u00e9sultats net.<\/p>\n<figure id=\"attachment_7846\" aria-describedby=\"caption-attachment-7846\" style=\"width: 300px\" class=\"wp-caption alignleft\"><a href=\"https:\/\/www.latribunedufaso.net\/wp-content\/uploads\/2023\/06\/IMG-20230624-WA0019.jpg\"><img loading=\"lazy\" decoding=\"async\" class=\"size-medium wp-image-7846\" src=\"https:\/\/www.latribunedufaso.net\/wp-content\/uploads\/2023\/06\/IMG-20230624-WA0019-300x275.jpg\" alt=\"\" width=\"300\" height=\"275\" srcset=\"https:\/\/www.latribunedufaso.net\/wp-content\/uploads\/2023\/06\/IMG-20230624-WA0019-300x275.jpg 300w, https:\/\/www.latribunedufaso.net\/wp-content\/uploads\/2023\/06\/IMG-20230624-WA0019.jpg 593w\" sizes=\"auto, (max-width: 300px) 100vw, 300px\" \/><\/a><figcaption id=\"caption-attachment-7846\" class=\"wp-caption-text\">Ministre du D\u00e9veloppement industriel, du Commerce, de l&rsquo;Artisanat et des Petites et Moyennes Entreprises<\/figcaption><\/figure>\n<p>\u00ab\u00a0Le r\u00e9sultat de ces quatre soci\u00e9t\u00e9s peut s\u2019expliquer. Mais l\u2019un dans l\u2019autre, 15 soci\u00e9t\u00e9s d\u2019Etat ayant un r\u00e9sultat net positif sur un total de 19, il y a lieu de s\u2019en r\u00e9jouir\u00a0\u00bb, a appr\u00e9ci\u00e9 le ministre de l\u2019Industrie, du Commerce et de l\u2019Artisanat, Serge Poda.\u00a0<\/p>\n<p>En rappel, l\u2019AG-SE est une sorte de conseil de ministres, qui est \u00e9largie aux conseils d\u2019administration des soci\u00e9t\u00e9s d\u2019\u00c9tat, aux directeurs g\u00e9n\u00e9raux, aux directeurs en charge des finances et de la comptabilit\u00e9, aux commissaires aux comptes et aux structures techniques des diff\u00e9rents d\u00e9partements minist\u00e9riels.<\/p>\n<p><strong>Astride Kiendrebeogo\u00a0<\/strong><\/p>\n<p><strong>Latribunedufaso.net<\/strong><\/p>\n","protected":false},"excerpt":{"rendered":"<p>La 31e session de l\u2019Assembl\u00e9e g\u00e9n\u00e9rale des soci\u00e9t\u00e9s d\u2019Etat (AG-SE) se tient du 22 au 23 juin 2023 \u00e0 Ouagadougou. C\u2019est le Premier ministre, Me Apollinaire Kyelem, qui a donn\u00e9 le top d\u00e9part des travaux, ce jeudi 22 juin 2023.<\/p>\n","protected":false},"author":5,"featured_media":7844,"comment_status":"open","ping_status":"open","sticky":false,"template":"","format":"standard","meta":{"footnotes":""},"categories":[13,1,10],"tags":[],"class_list":["post-7847","post","type-post","status-publish","format-standard","has-post-thumbnail","hentry","category-une","category-actu","category-eco"],"yoast_head":"<!-- This site is optimized with the Yoast SEO plugin v27.5 - https:\/\/yoast.com\/product\/yoast-seo-wordpress\/ -->\n<title>31e \u00e9dition de l\u2019Assembl\u00e9e g\u00e9n\u00e9rale des soci\u00e9t\u00e9s d\u2019Etat\u00a0: Un chiffre d\u2019affaires de pr\u00e8s de 1700 milliards en 2022 - La Tribune du Faso<\/title>\n<meta name=\"robots\" content=\"index, follow, max-snippet:-1, max-image-preview:large, max-video-preview:-1\" \/>\n<link rel=\"canonical\" href=\"https:\/\/www.latribunedufaso.net\/?p=7847\" \/>\n<meta property=\"og:locale\" content=\"fr_FR\" \/>\n<meta property=\"og:type\" content=\"article\" \/>\n<meta property=\"og:title\" content=\"31e \u00e9dition de l\u2019Assembl\u00e9e g\u00e9n\u00e9rale des soci\u00e9t\u00e9s d\u2019Etat\u00a0: Un chiffre d\u2019affaires de pr\u00e8s de 1700 milliards en 2022 - La Tribune du Faso\" \/>\n<meta property=\"og:description\" content=\"La 31e session de l\u2019Assembl\u00e9e g\u00e9n\u00e9rale des soci\u00e9t\u00e9s d\u2019Etat (AG-SE) se tient du 22 au 23 juin 2023 \u00e0 Ouagadougou. C\u2019est le Premier ministre, Me Apollinaire Kyelem, qui a donn\u00e9 le top d\u00e9part des travaux, ce jeudi 22 juin 2023.\" \/>\n<meta property=\"og:url\" content=\"https:\/\/www.latribunedufaso.net\/?p=7847\" \/>\n<meta property=\"og:site_name\" content=\"La Tribune du Faso\" \/>\n<meta property=\"article:publisher\" content=\"https:\/\/www.facebook.com\/LatribuneduFaso\/\" \/>\n<meta property=\"article:published_time\" content=\"2023-06-22T12:00:15+00:00\" \/>\n<meta property=\"article:modified_time\" content=\"2023-06-25T12:00:32+00:00\" \/>\n<meta property=\"og:image\" content=\"https:\/\/www.latribunedufaso.net\/wp-content\/uploads\/2023\/06\/IMG-20230624-WA0022.jpg\" \/>\n\t<meta property=\"og:image:width\" content=\"700\" \/>\n\t<meta property=\"og:image:height\" content=\"543\" \/>\n\t<meta property=\"og:image:type\" content=\"image\/jpeg\" \/>\n<meta name=\"author\" content=\"Issouf Tapsoba\" \/>\n<meta name=\"twitter:label1\" content=\"\u00c9crit par\" \/>\n\t<meta name=\"twitter:data1\" content=\"Issouf Tapsoba\" \/>\n\t<meta name=\"twitter:label2\" content=\"Dur\u00e9e de lecture estim\u00e9e\" \/>\n\t<meta name=\"twitter:data2\" content=\"2 minutes\" \/>\n<script type=\"application\/ld+json\" class=\"yoast-schema-graph\">{\"@context\":\"https:\\\/\\\/schema.org\",\"@graph\":[{\"@type\":\"Article\",\"@id\":\"https:\\\/\\\/www.latribunedufaso.net\\\/?p=7847#article\",\"isPartOf\":{\"@id\":\"https:\\\/\\\/www.latribunedufaso.net\\\/?p=7847\"},\"author\":{\"name\":\"Issouf Tapsoba\",\"@id\":\"https:\\\/\\\/www.latribunedufaso.net\\\/#\\\/schema\\\/person\\\/e54e64c5778a7e72cf80a318b7a622b0\"},\"headline\":\"31e \u00e9dition de l\u2019Assembl\u00e9e g\u00e9n\u00e9rale des soci\u00e9t\u00e9s d\u2019Etat\u00a0: Un chiffre d\u2019affaires de pr\u00e8s de 1700 milliards en 2022\",\"datePublished\":\"2023-06-22T12:00:15+00:00\",\"dateModified\":\"2023-06-25T12:00:32+00:00\",\"mainEntityOfPage\":{\"@id\":\"https:\\\/\\\/www.latribunedufaso.net\\\/?p=7847\"},\"wordCount\":419,\"commentCount\":0,\"publisher\":{\"@id\":\"https:\\\/\\\/www.latribunedufaso.net\\\/#organization\"},\"image\":{\"@id\":\"https:\\\/\\\/www.latribunedufaso.net\\\/?p=7847#primaryimage\"},\"thumbnailUrl\":\"https:\\\/\\\/www.latribunedufaso.net\\\/wp-content\\\/uploads\\\/2023\\\/06\\\/IMG-20230624-WA0022.jpg\",\"articleSection\":[\"A la une\",\"Actualit\u00e9\",\"Economie\"],\"inLanguage\":\"fr-FR\",\"potentialAction\":[{\"@type\":\"CommentAction\",\"name\":\"Comment\",\"target\":[\"https:\\\/\\\/www.latribunedufaso.net\\\/?p=7847#respond\"]}]},{\"@type\":\"WebPage\",\"@id\":\"https:\\\/\\\/www.latribunedufaso.net\\\/?p=7847\",\"url\":\"https:\\\/\\\/www.latribunedufaso.net\\\/?p=7847\",\"name\":\"31e \u00e9dition de l\u2019Assembl\u00e9e g\u00e9n\u00e9rale des soci\u00e9t\u00e9s d\u2019Etat\u00a0: Un chiffre d\u2019affaires de pr\u00e8s de 1700 milliards en 2022 - La Tribune du Faso\",\"isPartOf\":{\"@id\":\"https:\\\/\\\/www.latribunedufaso.net\\\/#website\"},\"primaryImageOfPage\":{\"@id\":\"https:\\\/\\\/www.latribunedufaso.net\\\/?p=7847#primaryimage\"},\"image\":{\"@id\":\"https:\\\/\\\/www.latribunedufaso.net\\\/?p=7847#primaryimage\"},\"thumbnailUrl\":\"https:\\\/\\\/www.latribunedufaso.net\\\/wp-content\\\/uploads\\\/2023\\\/06\\\/IMG-20230624-WA0022.jpg\",\"datePublished\":\"2023-06-22T12:00:15+00:00\",\"dateModified\":\"2023-06-25T12:00:32+00:00\",\"breadcrumb\":{\"@id\":\"https:\\\/\\\/www.latribunedufaso.net\\\/?p=7847#breadcrumb\"},\"inLanguage\":\"fr-FR\",\"potentialAction\":[{\"@type\":\"ReadAction\",\"target\":[\"https:\\\/\\\/www.latribunedufaso.net\\\/?p=7847\"]}]},{\"@type\":\"ImageObject\",\"inLanguage\":\"fr-FR\",\"@id\":\"https:\\\/\\\/www.latribunedufaso.net\\\/?p=7847#primaryimage\",\"url\":\"https:\\\/\\\/www.latribunedufaso.net\\\/wp-content\\\/uploads\\\/2023\\\/06\\\/IMG-20230624-WA0022.jpg\",\"contentUrl\":\"https:\\\/\\\/www.latribunedufaso.net\\\/wp-content\\\/uploads\\\/2023\\\/06\\\/IMG-20230624-WA0022.jpg\",\"width\":700,\"height\":543},{\"@type\":\"BreadcrumbList\",\"@id\":\"https:\\\/\\\/www.latribunedufaso.net\\\/?p=7847#breadcrumb\",\"itemListElement\":[{\"@type\":\"ListItem\",\"position\":1,\"name\":\"Accueil\",\"item\":\"https:\\\/\\\/www.latribunedufaso.net\\\/\"},{\"@type\":\"ListItem\",\"position\":2,\"name\":\"31e \u00e9dition de l\u2019Assembl\u00e9e g\u00e9n\u00e9rale des soci\u00e9t\u00e9s d\u2019Etat\u00a0: Un chiffre d\u2019affaires de pr\u00e8s de 1700 milliards en 2022\"}]},{\"@type\":\"WebSite\",\"@id\":\"https:\\\/\\\/www.latribunedufaso.net\\\/#website\",\"url\":\"https:\\\/\\\/www.latribunedufaso.net\\\/\",\"name\":\"La Tribune du Faso\",\"description\":\"L&#039;information du monde rural en un clic\",\"publisher\":{\"@id\":\"https:\\\/\\\/www.latribunedufaso.net\\\/#organization\"},\"potentialAction\":[{\"@type\":\"SearchAction\",\"target\":{\"@type\":\"EntryPoint\",\"urlTemplate\":\"https:\\\/\\\/www.latribunedufaso.net\\\/?s={search_term_string}\"},\"query-input\":{\"@type\":\"PropertyValueSpecification\",\"valueRequired\":true,\"valueName\":\"search_term_string\"}}],\"inLanguage\":\"fr-FR\"},{\"@type\":\"Organization\",\"@id\":\"https:\\\/\\\/www.latribunedufaso.net\\\/#organization\",\"name\":\"La Tribune du Faso\",\"url\":\"https:\\\/\\\/www.latribunedufaso.net\\\/\",\"logo\":{\"@type\":\"ImageObject\",\"inLanguage\":\"fr-FR\",\"@id\":\"https:\\\/\\\/www.latribunedufaso.net\\\/#\\\/schema\\\/logo\\\/image\\\/\",\"url\":\"https:\\\/\\\/www.latribunedufaso.net\\\/wp-content\\\/uploads\\\/2020\\\/08\\\/Logo-Tribune-du-Faso-final-scaled.jpg\",\"contentUrl\":\"https:\\\/\\\/www.latribunedufaso.net\\\/wp-content\\\/uploads\\\/2020\\\/08\\\/Logo-Tribune-du-Faso-final-scaled.jpg\",\"width\":2560,\"height\":1856,\"caption\":\"La Tribune du Faso\"},\"image\":{\"@id\":\"https:\\\/\\\/www.latribunedufaso.net\\\/#\\\/schema\\\/logo\\\/image\\\/\"},\"sameAs\":[\"https:\\\/\\\/www.facebook.com\\\/LatribuneduFaso\\\/\"]},{\"@type\":\"Person\",\"@id\":\"https:\\\/\\\/www.latribunedufaso.net\\\/#\\\/schema\\\/person\\\/e54e64c5778a7e72cf80a318b7a622b0\",\"name\":\"Issouf Tapsoba\",\"image\":{\"@type\":\"ImageObject\",\"inLanguage\":\"fr-FR\",\"@id\":\"https:\\\/\\\/secure.gravatar.com\\\/avatar\\\/5e6c05150ce3230247d167f5b94d678eb05936197436d69b7921e3a95c9107ac?s=96&d=mm&r=g\",\"url\":\"https:\\\/\\\/secure.gravatar.com\\\/avatar\\\/5e6c05150ce3230247d167f5b94d678eb05936197436d69b7921e3a95c9107ac?s=96&d=mm&r=g\",\"contentUrl\":\"https:\\\/\\\/secure.gravatar.com\\\/avatar\\\/5e6c05150ce3230247d167f5b94d678eb05936197436d69b7921e3a95c9107ac?s=96&d=mm&r=g\",\"caption\":\"Issouf Tapsoba\"},\"url\":\"https:\\\/\\\/www.latribunedufaso.net\\\/?author=5\"}]}<\/script>\n<!-- \/ Yoast SEO plugin. -->","yoast_head_json":{"title":"31e \u00e9dition de l\u2019Assembl\u00e9e g\u00e9n\u00e9rale des soci\u00e9t\u00e9s d\u2019Etat\u00a0: Un chiffre d\u2019affaires de pr\u00e8s de 1700 milliards en 2022 - La Tribune du Faso","robots":{"index":"index","follow":"follow","max-snippet":"max-snippet:-1","max-image-preview":"max-image-preview:large","max-video-preview":"max-video-preview:-1"},"canonical":"https:\/\/www.latribunedufaso.net\/?p=7847","og_locale":"fr_FR","og_type":"article","og_title":"31e \u00e9dition de l\u2019Assembl\u00e9e g\u00e9n\u00e9rale des soci\u00e9t\u00e9s d\u2019Etat\u00a0: Un chiffre d\u2019affaires de pr\u00e8s de 1700 milliards en 2022 - La Tribune du Faso","og_description":"La 31e session de l\u2019Assembl\u00e9e g\u00e9n\u00e9rale des soci\u00e9t\u00e9s d\u2019Etat (AG-SE) se tient du 22 au 23 juin 2023 \u00e0 Ouagadougou. C\u2019est le Premier ministre, Me Apollinaire Kyelem, qui a donn\u00e9 le top d\u00e9part des travaux, ce jeudi 22 juin 2023.","og_url":"https:\/\/www.latribunedufaso.net\/?p=7847","og_site_name":"La Tribune du Faso","article_publisher":"https:\/\/www.facebook.com\/LatribuneduFaso\/","article_published_time":"2023-06-22T12:00:15+00:00","article_modified_time":"2023-06-25T12:00:32+00:00","og_image":[{"width":700,"height":543,"url":"https:\/\/www.latribunedufaso.net\/wp-content\/uploads\/2023\/06\/IMG-20230624-WA0022.jpg","type":"image\/jpeg"}],"author":"Issouf Tapsoba","twitter_misc":{"\u00c9crit par":"Issouf Tapsoba","Dur\u00e9e de lecture estim\u00e9e":"2 minutes"},"schema":{"@context":"https:\/\/schema.org","@graph":[{"@type":"Article","@id":"https:\/\/www.latribunedufaso.net\/?p=7847#article","isPartOf":{"@id":"https:\/\/www.latribunedufaso.net\/?p=7847"},"author":{"name":"Issouf Tapsoba","@id":"https:\/\/www.latribunedufaso.net\/#\/schema\/person\/e54e64c5778a7e72cf80a318b7a622b0"},"headline":"31e \u00e9dition de l\u2019Assembl\u00e9e g\u00e9n\u00e9rale des soci\u00e9t\u00e9s d\u2019Etat\u00a0: Un chiffre d\u2019affaires de pr\u00e8s de 1700 milliards en 2022","datePublished":"2023-06-22T12:00:15+00:00","dateModified":"2023-06-25T12:00:32+00:00","mainEntityOfPage":{"@id":"https:\/\/www.latribunedufaso.net\/?p=7847"},"wordCount":419,"commentCount":0,"publisher":{"@id":"https:\/\/www.latribunedufaso.net\/#organization"},"image":{"@id":"https:\/\/www.latribunedufaso.net\/?p=7847#primaryimage"},"thumbnailUrl":"https:\/\/www.latribunedufaso.net\/wp-content\/uploads\/2023\/06\/IMG-20230624-WA0022.jpg","articleSection":["A la une","Actualit\u00e9","Economie"],"inLanguage":"fr-FR","potentialAction":[{"@type":"CommentAction","name":"Comment","target":["https:\/\/www.latribunedufaso.net\/?p=7847#respond"]}]},{"@type":"WebPage","@id":"https:\/\/www.latribunedufaso.net\/?p=7847","url":"https:\/\/www.latribunedufaso.net\/?p=7847","name":"31e \u00e9dition de l\u2019Assembl\u00e9e g\u00e9n\u00e9rale des soci\u00e9t\u00e9s d\u2019Etat\u00a0: Un chiffre d\u2019affaires de pr\u00e8s de 1700 milliards en 2022 - La Tribune du Faso","isPartOf":{"@id":"https:\/\/www.latribunedufaso.net\/#website"},"primaryImageOfPage":{"@id":"https:\/\/www.latribunedufaso.net\/?p=7847#primaryimage"},"image":{"@id":"https:\/\/www.latribunedufaso.net\/?p=7847#primaryimage"},"thumbnailUrl":"https:\/\/www.latribunedufaso.net\/wp-content\/uploads\/2023\/06\/IMG-20230624-WA0022.jpg","datePublished":"2023-06-22T12:00:15+00:00","dateModified":"2023-06-25T12:00:32+00:00","breadcrumb":{"@id":"https:\/\/www.latribunedufaso.net\/?p=7847#breadcrumb"},"inLanguage":"fr-FR","potentialAction":[{"@type":"ReadAction","target":["https:\/\/www.latribunedufaso.net\/?p=7847"]}]},{"@type":"ImageObject","inLanguage":"fr-FR","@id":"https:\/\/www.latribunedufaso.net\/?p=7847#primaryimage","url":"https:\/\/www.latribunedufaso.net\/wp-content\/uploads\/2023\/06\/IMG-20230624-WA0022.jpg","contentUrl":"https:\/\/www.latribunedufaso.net\/wp-content\/uploads\/2023\/06\/IMG-20230624-WA0022.jpg","width":700,"height":543},{"@type":"BreadcrumbList","@id":"https:\/\/www.latribunedufaso.net\/?p=7847#breadcrumb","itemListElement":[{"@type":"ListItem","position":1,"name":"Accueil","item":"https:\/\/www.latribunedufaso.net\/"},{"@type":"ListItem","position":2,"name":"31e \u00e9dition de l\u2019Assembl\u00e9e g\u00e9n\u00e9rale des soci\u00e9t\u00e9s d\u2019Etat\u00a0: Un chiffre d\u2019affaires de pr\u00e8s de 1700 milliards en 2022"}]},{"@type":"WebSite","@id":"https:\/\/www.latribunedufaso.net\/#website","url":"https:\/\/www.latribunedufaso.net\/","name":"La Tribune du Faso","description":"L&#039;information du monde rural en un clic","publisher":{"@id":"https:\/\/www.latribunedufaso.net\/#organization"},"potentialAction":[{"@type":"SearchAction","target":{"@type":"EntryPoint","urlTemplate":"https:\/\/www.latribunedufaso.net\/?s={search_term_string}"},"query-input":{"@type":"PropertyValueSpecification","valueRequired":true,"valueName":"search_term_string"}}],"inLanguage":"fr-FR"},{"@type":"Organization","@id":"https:\/\/www.latribunedufaso.net\/#organization","name":"La Tribune du Faso","url":"https:\/\/www.latribunedufaso.net\/","logo":{"@type":"ImageObject","inLanguage":"fr-FR","@id":"https:\/\/www.latribunedufaso.net\/#\/schema\/logo\/image\/","url":"https:\/\/www.latribunedufaso.net\/wp-content\/uploads\/2020\/08\/Logo-Tribune-du-Faso-final-scaled.jpg","contentUrl":"https:\/\/www.latribunedufaso.net\/wp-content\/uploads\/2020\/08\/Logo-Tribune-du-Faso-final-scaled.jpg","width":2560,"height":1856,"caption":"La Tribune du Faso"},"image":{"@id":"https:\/\/www.latribunedufaso.net\/#\/schema\/logo\/image\/"},"sameAs":["https:\/\/www.facebook.com\/LatribuneduFaso\/"]},{"@type":"Person","@id":"https:\/\/www.latribunedufaso.net\/#\/schema\/person\/e54e64c5778a7e72cf80a318b7a622b0","name":"Issouf Tapsoba","image":{"@type":"ImageObject","inLanguage":"fr-FR","@id":"https:\/\/secure.gravatar.com\/avatar\/5e6c05150ce3230247d167f5b94d678eb05936197436d69b7921e3a95c9107ac?s=96&d=mm&r=g","url":"https:\/\/secure.gravatar.com\/avatar\/5e6c05150ce3230247d167f5b94d678eb05936197436d69b7921e3a95c9107ac?s=96&d=mm&r=g","contentUrl":"https:\/\/secure.gravatar.com\/avatar\/5e6c05150ce3230247d167f5b94d678eb05936197436d69b7921e3a95c9107ac?s=96&d=mm&r=g","caption":"Issouf Tapsoba"},"url":"https:\/\/www.latribunedufaso.net\/?author=5"}]}},"_links":{"self":[{"href":"https:\/\/www.latribunedufaso.net\/index.php?rest_route=\/wp\/v2\/posts\/7847","targetHints":{"allow":["GET"]}}],"collection":[{"href":"https:\/\/www.latribunedufaso.net\/index.php?rest_route=\/wp\/v2\/posts"}],"about":[{"href":"https:\/\/www.latribunedufaso.net\/index.php?rest_route=\/wp\/v2\/types\/post"}],"author":[{"embeddable":true,"href":"https:\/\/www.latribunedufaso.net\/index.php?rest_route=\/wp\/v2\/users\/5"}],"replies":[{"embeddable":true,"href":"https:\/\/www.latribunedufaso.net\/index.php?rest_route=%2Fwp%2Fv2%2Fcomments&post=7847"}],"version-history":[{"count":1,"href":"https:\/\/www.latribunedufaso.net\/index.php?rest_route=\/wp\/v2\/posts\/7847\/revisions"}],"predecessor-version":[{"id":7848,"href":"https:\/\/www.latribunedufaso.net\/index.php?rest_route=\/wp\/v2\/posts\/7847\/revisions\/7848"}],"wp:featuredmedia":[{"embeddable":true,"href":"https:\/\/www.latribunedufaso.net\/index.php?rest_route=\/wp\/v2\/media\/7844"}],"wp:attachment":[{"href":"https:\/\/www.latribunedufaso.net\/index.php?rest_route=%2Fwp%2Fv2%2Fmedia&parent=7847"}],"wp:term":[{"taxonomy":"category","embeddable":true,"href":"https:\/\/www.latribunedufaso.net\/index.php?rest_route=%2Fwp%2Fv2%2Fcategories&post=7847"},{"taxonomy":"post_tag","embeddable":true,"href":"https:\/\/www.latribunedufaso.net\/index.php?rest_route=%2Fwp%2Fv2%2Ftags&post=7847"}],"curies":[{"name":"wp","href":"https:\/\/api.w.org\/{rel}","templated":true}]}}