{"id":7750,"date":"2023-06-15T11:57:44","date_gmt":"2023-06-15T11:57:44","guid":{"rendered":"https:\/\/www.latribunedufaso.net\/?p=7750"},"modified":"2023-06-25T11:58:12","modified_gmt":"2023-06-25T11:58:12","slug":"11e-edition-de-la-journee-mondiale-du-lait-quelles-contributions-des-acteurs-pour-la-promotion-de-la-cohesion-sociale-au-burkina-faso","status":"publish","type":"post","link":"https:\/\/www.latribunedufaso.net\/?p=7750","title":{"rendered":"11e \u00e9dition de la journ\u00e9e mondiale du lait : Quelles contributions des acteurs pour la promotion de la coh\u00e9sion sociale au Burkina Faso ?"},"content":{"rendered":"<p><strong><span style=\"font-size: 1.0625rem;\">Ce jeudi 15 Juin 2023 \u00e0 Ouagadougou, le ministre en charge de l\u2019Agriculture, des ressources animales et halieutiques, Dr. D\u00e9nis Ou\u00e9draogo a pr\u00e9sid\u00e9 l\u2019ouverture de la 11e \u00e9dition de la journ\u00e9e mondiale du lait.<\/span><\/strong><br \/><!--more--><\/p>\n<p>Sous l&rsquo;\u00e9gide de l\u2019Organisation des nations unies pour l\u2019alimentation et l\u2019agriculture (FAO), les pays du monde ont c\u00e9l\u00e9br\u00e9 le 1er Juin pass\u00e9, la journ\u00e9e mondiale du lait. Au Burkina Faso, les acteurs de la fili\u00e8re lait c\u00e9l\u00e8brent cette journ\u00e9e en diff\u00e9r\u00e9e, sous le th\u00e8me &lt;&lt; Fili\u00e8re lait local : quelles contributions des acteurs pour la promotion de la Coh\u00e9sion Sociale au Burkina Faso ? &gt;&gt;.<\/p>\n<p>Le choix de ce th\u00e8me a pour objectif de mener la r\u00e9flexion afin de contribuer \u00e0 la promotion de la coh\u00e9sion sociale par la mobilisation des acteurs du lait. \u00ab C&rsquo;est une invite aux d\u00e9cideurs politiques que nous sommes, aux chercheurs, aux partenaires de d\u00e9veloppement, aux consommateurs et \u00e0 l&rsquo;ensemble de la population \u00e0 une r\u00e9flexion fructueuse afin de permettre au pays de relever le d\u00e9fi s\u00e9curitaire et booster v\u00e9ritablement la fili\u00e8re lait \u00bb, a indiqu\u00e9 le ministre.<\/p>\n<figure id=\"attachment_7838\" aria-describedby=\"caption-attachment-7838\" style=\"width: 300px\" class=\"wp-caption alignleft\"><a href=\"https:\/\/www.latribunedufaso.net\/wp-content\/uploads\/2023\/06\/IMG-20230624-WA0014.jpg\"><img loading=\"lazy\" decoding=\"async\" class=\"size-medium wp-image-7838\" src=\"https:\/\/www.latribunedufaso.net\/wp-content\/uploads\/2023\/06\/IMG-20230624-WA0014-300x225.jpg\" alt=\"\" width=\"300\" height=\"225\" srcset=\"https:\/\/www.latribunedufaso.net\/wp-content\/uploads\/2023\/06\/IMG-20230624-WA0014-300x225.jpg 300w, https:\/\/www.latribunedufaso.net\/wp-content\/uploads\/2023\/06\/IMG-20230624-WA0014-768x576.jpg 768w, https:\/\/www.latribunedufaso.net\/wp-content\/uploads\/2023\/06\/IMG-20230624-WA0014.jpg 992w\" sizes=\"auto, (max-width: 300px) 100vw, 300px\" \/><\/a><figcaption id=\"caption-attachment-7838\" class=\"wp-caption-text\">Ministre de l&rsquo;Agriculture, des Ressources animales et Halieutiques, Dr Denis Ou\u00e9draogo.<\/figcaption><\/figure>\n<p>Pour lui, la production de lait joue un r\u00f4le important dans le d\u00e9veloppement socio\u00e9conomique du pays. Cela, \u00e0 travers sa contribution \u00e0 l\u2019am\u00e9lioration des revenus des m\u00e9nages, \u00e0 la s\u00e9curit\u00e9 alimentaire et nutritionnelle et \u00e0 la lutte contre la pauvret\u00e9. C\u2019est \u00e9galement un \u00e9l\u00e9ment essentiel qui contribue \u00e0 l\u2019am\u00e9lioration de la qualit\u00e9 du bol alimentaire, principalement pour les enfants. Ainsi, il a rassur\u00e9 les acteurs du secteur, de l\u2019accompagnement de son d\u00e9partement, pour lever dans les limites des moyens disponibles, les contraintes auxquelles est confront\u00e9e la fili\u00e8re lait local.<\/p>\n<figure id=\"attachment_7839\" aria-describedby=\"caption-attachment-7839\" style=\"width: 300px\" class=\"wp-caption alignleft\"><a href=\"https:\/\/www.latribunedufaso.net\/wp-content\/uploads\/2023\/06\/IMG-20230624-WA0012.jpg\"><img loading=\"lazy\" decoding=\"async\" class=\"size-medium wp-image-7839\" src=\"https:\/\/www.latribunedufaso.net\/wp-content\/uploads\/2023\/06\/IMG-20230624-WA0012-300x225.jpg\" alt=\"\" width=\"300\" height=\"225\" srcset=\"https:\/\/www.latribunedufaso.net\/wp-content\/uploads\/2023\/06\/IMG-20230624-WA0012-300x225.jpg 300w, https:\/\/www.latribunedufaso.net\/wp-content\/uploads\/2023\/06\/IMG-20230624-WA0012-768x576.jpg 768w, https:\/\/www.latribunedufaso.net\/wp-content\/uploads\/2023\/06\/IMG-20230624-WA0012.jpg 992w\" sizes=\"auto, (max-width: 300px) 100vw, 300px\" \/><\/a><figcaption id=\"caption-attachment-7839\" class=\"wp-caption-text\">Pr\u00e9sident de L\u2019IPROLAIT-BF, AL Ayat Ou\u00e9draogo<\/figcaption><\/figure>\n<p>Il faut rappeler que cette 11e \u00e9dition se tient dans un s\u00e9curitaire \u00ab difficile \u00bb. Pour le pr\u00e9sident de l\u2019Interprofession de la fili\u00e8re lait au Burkina Faso ( l\u2019IPROLAIT\/BF) , Al Ayat Ou\u00e9draogo, &lt;&lt; Nous devrions affronter courageusement la situation en soutenant les forces combattantes sur le terrain, en multipliant les cadres de dialogues intercommunautaire et en appelant \u00e0 la paix &gt;&gt;.<\/p>\n<p><strong>Astride Kiendrebeogo et In\u00e8s Tougma ( stagiaire ) <\/strong><\/p>\n<p><strong>Latrinunedufaso.net<\/strong><\/p>\n<p><a href=\"https:\/\/www.latribunedufaso.net\/wp-content\/uploads\/2023\/06\/IMG-20230624-WA0015.jpg\"><img loading=\"lazy\" decoding=\"async\" class=\"size-medium wp-image-7840 alignleft\" src=\"https:\/\/www.latribunedufaso.net\/wp-content\/uploads\/2023\/06\/IMG-20230624-WA0015-300x225.jpg\" alt=\"\" width=\"300\" height=\"225\" srcset=\"https:\/\/www.latribunedufaso.net\/wp-content\/uploads\/2023\/06\/IMG-20230624-WA0015-300x225.jpg 300w, https:\/\/www.latribunedufaso.net\/wp-content\/uploads\/2023\/06\/IMG-20230624-WA0015-768x576.jpg 768w, https:\/\/www.latribunedufaso.net\/wp-content\/uploads\/2023\/06\/IMG-20230624-WA0015.jpg 1000w\" sizes=\"auto, (max-width: 300px) 100vw, 300px\" \/><\/a> <a href=\"https:\/\/www.latribunedufaso.net\/wp-content\/uploads\/2023\/06\/IMG-20230624-WA0011.jpg\"><img loading=\"lazy\" decoding=\"async\" class=\"size-medium wp-image-7841 alignleft\" src=\"https:\/\/www.latribunedufaso.net\/wp-content\/uploads\/2023\/06\/IMG-20230624-WA0011-300x225.jpg\" alt=\"\" width=\"300\" height=\"225\" srcset=\"https:\/\/www.latribunedufaso.net\/wp-content\/uploads\/2023\/06\/IMG-20230624-WA0011-300x225.jpg 300w, https:\/\/www.latribunedufaso.net\/wp-content\/uploads\/2023\/06\/IMG-20230624-WA0011-768x576.jpg 768w, https:\/\/www.latribunedufaso.net\/wp-content\/uploads\/2023\/06\/IMG-20230624-WA0011.jpg 1000w\" sizes=\"auto, (max-width: 300px) 100vw, 300px\" \/><\/a><\/p>\n<p>&nbsp;<\/p>\n<p>&nbsp;<\/p>\n<p>&nbsp;<\/p>\n<p>&nbsp;<\/p>\n<p>&nbsp;<\/p>\n<p>&nbsp;<\/p>\n<p>&nbsp;<\/p>\n","protected":false},"excerpt":{"rendered":"<p>Ce jeudi 15 Juin 2023 \u00e0 Ouagadougou, le ministre en charge de l\u2019Agriculture, des ressources animales et halieutiques, Dr. D\u00e9nis Ou\u00e9draogo a pr\u00e9sid\u00e9 l\u2019ouverture de la 11e \u00e9dition de la journ\u00e9e mondiale du lait.<\/p>\n","protected":false},"author":5,"featured_media":7837,"comment_status":"open","ping_status":"open","sticky":false,"template":"","format":"standard","meta":{"footnotes":""},"categories":[13,4],"tags":[],"class_list":["post-7750","post","type-post","status-publish","format-standard","has-post-thumbnail","hentry","category-une","category-elevage"],"yoast_head":"<!-- This site is optimized with the Yoast SEO plugin v27.5 - https:\/\/yoast.com\/product\/yoast-seo-wordpress\/ -->\n<title>11e \u00e9dition de la journ\u00e9e mondiale du lait : Quelles contributions des acteurs pour la promotion de la coh\u00e9sion sociale au Burkina Faso ? - La Tribune du Faso<\/title>\n<meta name=\"robots\" content=\"index, follow, max-snippet:-1, max-image-preview:large, max-video-preview:-1\" \/>\n<link rel=\"canonical\" href=\"https:\/\/www.latribunedufaso.net\/?p=7750\" \/>\n<meta property=\"og:locale\" content=\"fr_FR\" \/>\n<meta property=\"og:type\" content=\"article\" \/>\n<meta property=\"og:title\" content=\"11e \u00e9dition de la journ\u00e9e mondiale du lait : Quelles contributions des acteurs pour la promotion de la coh\u00e9sion sociale au Burkina Faso ? - La Tribune du Faso\" \/>\n<meta property=\"og:description\" content=\"Ce jeudi 15 Juin 2023 \u00e0 Ouagadougou, le ministre en charge de l\u2019Agriculture, des ressources animales et halieutiques, Dr. D\u00e9nis Ou\u00e9draogo a pr\u00e9sid\u00e9 l\u2019ouverture de la 11e \u00e9dition de la journ\u00e9e mondiale du lait.\" \/>\n<meta property=\"og:url\" content=\"https:\/\/www.latribunedufaso.net\/?p=7750\" \/>\n<meta property=\"og:site_name\" content=\"La Tribune du Faso\" \/>\n<meta property=\"article:publisher\" content=\"https:\/\/www.facebook.com\/LatribuneduFaso\/\" \/>\n<meta property=\"article:published_time\" content=\"2023-06-15T11:57:44+00:00\" \/>\n<meta property=\"article:modified_time\" content=\"2023-06-25T11:58:12+00:00\" \/>\n<meta property=\"og:image\" content=\"https:\/\/www.latribunedufaso.net\/wp-content\/uploads\/2023\/06\/IMG-20230624-WA0017.jpg\" \/>\n\t<meta property=\"og:image:width\" content=\"992\" \/>\n\t<meta property=\"og:image:height\" content=\"744\" \/>\n\t<meta property=\"og:image:type\" content=\"image\/jpeg\" \/>\n<meta name=\"author\" content=\"Issouf Tapsoba\" \/>\n<meta name=\"twitter:label1\" content=\"\u00c9crit par\" \/>\n\t<meta name=\"twitter:data1\" content=\"Issouf Tapsoba\" \/>\n\t<meta name=\"twitter:label2\" content=\"Dur\u00e9e de lecture estim\u00e9e\" \/>\n\t<meta name=\"twitter:data2\" content=\"2 minutes\" \/>\n<script type=\"application\/ld+json\" class=\"yoast-schema-graph\">{\"@context\":\"https:\\\/\\\/schema.org\",\"@graph\":[{\"@type\":\"Article\",\"@id\":\"https:\\\/\\\/www.latribunedufaso.net\\\/?p=7750#article\",\"isPartOf\":{\"@id\":\"https:\\\/\\\/www.latribunedufaso.net\\\/?p=7750\"},\"author\":{\"name\":\"Issouf Tapsoba\",\"@id\":\"https:\\\/\\\/www.latribunedufaso.net\\\/#\\\/schema\\\/person\\\/e54e64c5778a7e72cf80a318b7a622b0\"},\"headline\":\"11e \u00e9dition de la journ\u00e9e mondiale du lait : Quelles contributions des acteurs pour la promotion de la coh\u00e9sion sociale au Burkina Faso ?\",\"datePublished\":\"2023-06-15T11:57:44+00:00\",\"dateModified\":\"2023-06-25T11:58:12+00:00\",\"mainEntityOfPage\":{\"@id\":\"https:\\\/\\\/www.latribunedufaso.net\\\/?p=7750\"},\"wordCount\":444,\"commentCount\":0,\"publisher\":{\"@id\":\"https:\\\/\\\/www.latribunedufaso.net\\\/#organization\"},\"image\":{\"@id\":\"https:\\\/\\\/www.latribunedufaso.net\\\/?p=7750#primaryimage\"},\"thumbnailUrl\":\"https:\\\/\\\/www.latribunedufaso.net\\\/wp-content\\\/uploads\\\/2023\\\/06\\\/IMG-20230624-WA0017.jpg\",\"articleSection\":[\"A la une\",\"\u00c9levage\"],\"inLanguage\":\"fr-FR\",\"potentialAction\":[{\"@type\":\"CommentAction\",\"name\":\"Comment\",\"target\":[\"https:\\\/\\\/www.latribunedufaso.net\\\/?p=7750#respond\"]}]},{\"@type\":\"WebPage\",\"@id\":\"https:\\\/\\\/www.latribunedufaso.net\\\/?p=7750\",\"url\":\"https:\\\/\\\/www.latribunedufaso.net\\\/?p=7750\",\"name\":\"11e \u00e9dition de la journ\u00e9e mondiale du lait : Quelles contributions des acteurs pour la promotion de la coh\u00e9sion sociale au Burkina Faso ? - La Tribune du Faso\",\"isPartOf\":{\"@id\":\"https:\\\/\\\/www.latribunedufaso.net\\\/#website\"},\"primaryImageOfPage\":{\"@id\":\"https:\\\/\\\/www.latribunedufaso.net\\\/?p=7750#primaryimage\"},\"image\":{\"@id\":\"https:\\\/\\\/www.latribunedufaso.net\\\/?p=7750#primaryimage\"},\"thumbnailUrl\":\"https:\\\/\\\/www.latribunedufaso.net\\\/wp-content\\\/uploads\\\/2023\\\/06\\\/IMG-20230624-WA0017.jpg\",\"datePublished\":\"2023-06-15T11:57:44+00:00\",\"dateModified\":\"2023-06-25T11:58:12+00:00\",\"breadcrumb\":{\"@id\":\"https:\\\/\\\/www.latribunedufaso.net\\\/?p=7750#breadcrumb\"},\"inLanguage\":\"fr-FR\",\"potentialAction\":[{\"@type\":\"ReadAction\",\"target\":[\"https:\\\/\\\/www.latribunedufaso.net\\\/?p=7750\"]}]},{\"@type\":\"ImageObject\",\"inLanguage\":\"fr-FR\",\"@id\":\"https:\\\/\\\/www.latribunedufaso.net\\\/?p=7750#primaryimage\",\"url\":\"https:\\\/\\\/www.latribunedufaso.net\\\/wp-content\\\/uploads\\\/2023\\\/06\\\/IMG-20230624-WA0017.jpg\",\"contentUrl\":\"https:\\\/\\\/www.latribunedufaso.net\\\/wp-content\\\/uploads\\\/2023\\\/06\\\/IMG-20230624-WA0017.jpg\",\"width\":992,\"height\":744},{\"@type\":\"BreadcrumbList\",\"@id\":\"https:\\\/\\\/www.latribunedufaso.net\\\/?p=7750#breadcrumb\",\"itemListElement\":[{\"@type\":\"ListItem\",\"position\":1,\"name\":\"Accueil\",\"item\":\"https:\\\/\\\/www.latribunedufaso.net\\\/\"},{\"@type\":\"ListItem\",\"position\":2,\"name\":\"11e \u00e9dition de la journ\u00e9e mondiale du lait : Quelles contributions des acteurs pour la promotion de la coh\u00e9sion sociale au Burkina Faso ?\"}]},{\"@type\":\"WebSite\",\"@id\":\"https:\\\/\\\/www.latribunedufaso.net\\\/#website\",\"url\":\"https:\\\/\\\/www.latribunedufaso.net\\\/\",\"name\":\"La Tribune du Faso\",\"description\":\"L&#039;information du monde rural en un clic\",\"publisher\":{\"@id\":\"https:\\\/\\\/www.latribunedufaso.net\\\/#organization\"},\"potentialAction\":[{\"@type\":\"SearchAction\",\"target\":{\"@type\":\"EntryPoint\",\"urlTemplate\":\"https:\\\/\\\/www.latribunedufaso.net\\\/?s={search_term_string}\"},\"query-input\":{\"@type\":\"PropertyValueSpecification\",\"valueRequired\":true,\"valueName\":\"search_term_string\"}}],\"inLanguage\":\"fr-FR\"},{\"@type\":\"Organization\",\"@id\":\"https:\\\/\\\/www.latribunedufaso.net\\\/#organization\",\"name\":\"La Tribune du Faso\",\"url\":\"https:\\\/\\\/www.latribunedufaso.net\\\/\",\"logo\":{\"@type\":\"ImageObject\",\"inLanguage\":\"fr-FR\",\"@id\":\"https:\\\/\\\/www.latribunedufaso.net\\\/#\\\/schema\\\/logo\\\/image\\\/\",\"url\":\"https:\\\/\\\/www.latribunedufaso.net\\\/wp-content\\\/uploads\\\/2020\\\/08\\\/Logo-Tribune-du-Faso-final-scaled.jpg\",\"contentUrl\":\"https:\\\/\\\/www.latribunedufaso.net\\\/wp-content\\\/uploads\\\/2020\\\/08\\\/Logo-Tribune-du-Faso-final-scaled.jpg\",\"width\":2560,\"height\":1856,\"caption\":\"La Tribune du Faso\"},\"image\":{\"@id\":\"https:\\\/\\\/www.latribunedufaso.net\\\/#\\\/schema\\\/logo\\\/image\\\/\"},\"sameAs\":[\"https:\\\/\\\/www.facebook.com\\\/LatribuneduFaso\\\/\"]},{\"@type\":\"Person\",\"@id\":\"https:\\\/\\\/www.latribunedufaso.net\\\/#\\\/schema\\\/person\\\/e54e64c5778a7e72cf80a318b7a622b0\",\"name\":\"Issouf Tapsoba\",\"image\":{\"@type\":\"ImageObject\",\"inLanguage\":\"fr-FR\",\"@id\":\"https:\\\/\\\/secure.gravatar.com\\\/avatar\\\/5e6c05150ce3230247d167f5b94d678eb05936197436d69b7921e3a95c9107ac?s=96&d=mm&r=g\",\"url\":\"https:\\\/\\\/secure.gravatar.com\\\/avatar\\\/5e6c05150ce3230247d167f5b94d678eb05936197436d69b7921e3a95c9107ac?s=96&d=mm&r=g\",\"contentUrl\":\"https:\\\/\\\/secure.gravatar.com\\\/avatar\\\/5e6c05150ce3230247d167f5b94d678eb05936197436d69b7921e3a95c9107ac?s=96&d=mm&r=g\",\"caption\":\"Issouf Tapsoba\"},\"url\":\"https:\\\/\\\/www.latribunedufaso.net\\\/?author=5\"}]}<\/script>\n<!-- \/ Yoast SEO plugin. -->","yoast_head_json":{"title":"11e \u00e9dition de la journ\u00e9e mondiale du lait : Quelles contributions des acteurs pour la promotion de la coh\u00e9sion sociale au Burkina Faso ? - La Tribune du Faso","robots":{"index":"index","follow":"follow","max-snippet":"max-snippet:-1","max-image-preview":"max-image-preview:large","max-video-preview":"max-video-preview:-1"},"canonical":"https:\/\/www.latribunedufaso.net\/?p=7750","og_locale":"fr_FR","og_type":"article","og_title":"11e \u00e9dition de la journ\u00e9e mondiale du lait : Quelles contributions des acteurs pour la promotion de la coh\u00e9sion sociale au Burkina Faso ? - La Tribune du Faso","og_description":"Ce jeudi 15 Juin 2023 \u00e0 Ouagadougou, le ministre en charge de l\u2019Agriculture, des ressources animales et halieutiques, Dr. D\u00e9nis Ou\u00e9draogo a pr\u00e9sid\u00e9 l\u2019ouverture de la 11e \u00e9dition de la journ\u00e9e mondiale du lait.","og_url":"https:\/\/www.latribunedufaso.net\/?p=7750","og_site_name":"La Tribune du Faso","article_publisher":"https:\/\/www.facebook.com\/LatribuneduFaso\/","article_published_time":"2023-06-15T11:57:44+00:00","article_modified_time":"2023-06-25T11:58:12+00:00","og_image":[{"width":992,"height":744,"url":"https:\/\/www.latribunedufaso.net\/wp-content\/uploads\/2023\/06\/IMG-20230624-WA0017.jpg","type":"image\/jpeg"}],"author":"Issouf Tapsoba","twitter_misc":{"\u00c9crit par":"Issouf Tapsoba","Dur\u00e9e de lecture estim\u00e9e":"2 minutes"},"schema":{"@context":"https:\/\/schema.org","@graph":[{"@type":"Article","@id":"https:\/\/www.latribunedufaso.net\/?p=7750#article","isPartOf":{"@id":"https:\/\/www.latribunedufaso.net\/?p=7750"},"author":{"name":"Issouf Tapsoba","@id":"https:\/\/www.latribunedufaso.net\/#\/schema\/person\/e54e64c5778a7e72cf80a318b7a622b0"},"headline":"11e \u00e9dition de la journ\u00e9e mondiale du lait : Quelles contributions des acteurs pour la promotion de la coh\u00e9sion sociale au Burkina Faso ?","datePublished":"2023-06-15T11:57:44+00:00","dateModified":"2023-06-25T11:58:12+00:00","mainEntityOfPage":{"@id":"https:\/\/www.latribunedufaso.net\/?p=7750"},"wordCount":444,"commentCount":0,"publisher":{"@id":"https:\/\/www.latribunedufaso.net\/#organization"},"image":{"@id":"https:\/\/www.latribunedufaso.net\/?p=7750#primaryimage"},"thumbnailUrl":"https:\/\/www.latribunedufaso.net\/wp-content\/uploads\/2023\/06\/IMG-20230624-WA0017.jpg","articleSection":["A la une","\u00c9levage"],"inLanguage":"fr-FR","potentialAction":[{"@type":"CommentAction","name":"Comment","target":["https:\/\/www.latribunedufaso.net\/?p=7750#respond"]}]},{"@type":"WebPage","@id":"https:\/\/www.latribunedufaso.net\/?p=7750","url":"https:\/\/www.latribunedufaso.net\/?p=7750","name":"11e \u00e9dition de la journ\u00e9e mondiale du lait : Quelles contributions des acteurs pour la promotion de la coh\u00e9sion sociale au Burkina Faso ? - La Tribune du Faso","isPartOf":{"@id":"https:\/\/www.latribunedufaso.net\/#website"},"primaryImageOfPage":{"@id":"https:\/\/www.latribunedufaso.net\/?p=7750#primaryimage"},"image":{"@id":"https:\/\/www.latribunedufaso.net\/?p=7750#primaryimage"},"thumbnailUrl":"https:\/\/www.latribunedufaso.net\/wp-content\/uploads\/2023\/06\/IMG-20230624-WA0017.jpg","datePublished":"2023-06-15T11:57:44+00:00","dateModified":"2023-06-25T11:58:12+00:00","breadcrumb":{"@id":"https:\/\/www.latribunedufaso.net\/?p=7750#breadcrumb"},"inLanguage":"fr-FR","potentialAction":[{"@type":"ReadAction","target":["https:\/\/www.latribunedufaso.net\/?p=7750"]}]},{"@type":"ImageObject","inLanguage":"fr-FR","@id":"https:\/\/www.latribunedufaso.net\/?p=7750#primaryimage","url":"https:\/\/www.latribunedufaso.net\/wp-content\/uploads\/2023\/06\/IMG-20230624-WA0017.jpg","contentUrl":"https:\/\/www.latribunedufaso.net\/wp-content\/uploads\/2023\/06\/IMG-20230624-WA0017.jpg","width":992,"height":744},{"@type":"BreadcrumbList","@id":"https:\/\/www.latribunedufaso.net\/?p=7750#breadcrumb","itemListElement":[{"@type":"ListItem","position":1,"name":"Accueil","item":"https:\/\/www.latribunedufaso.net\/"},{"@type":"ListItem","position":2,"name":"11e \u00e9dition de la journ\u00e9e mondiale du lait : Quelles contributions des acteurs pour la promotion de la coh\u00e9sion sociale au Burkina Faso ?"}]},{"@type":"WebSite","@id":"https:\/\/www.latribunedufaso.net\/#website","url":"https:\/\/www.latribunedufaso.net\/","name":"La Tribune du Faso","description":"L&#039;information du monde rural en un clic","publisher":{"@id":"https:\/\/www.latribunedufaso.net\/#organization"},"potentialAction":[{"@type":"SearchAction","target":{"@type":"EntryPoint","urlTemplate":"https:\/\/www.latribunedufaso.net\/?s={search_term_string}"},"query-input":{"@type":"PropertyValueSpecification","valueRequired":true,"valueName":"search_term_string"}}],"inLanguage":"fr-FR"},{"@type":"Organization","@id":"https:\/\/www.latribunedufaso.net\/#organization","name":"La Tribune du Faso","url":"https:\/\/www.latribunedufaso.net\/","logo":{"@type":"ImageObject","inLanguage":"fr-FR","@id":"https:\/\/www.latribunedufaso.net\/#\/schema\/logo\/image\/","url":"https:\/\/www.latribunedufaso.net\/wp-content\/uploads\/2020\/08\/Logo-Tribune-du-Faso-final-scaled.jpg","contentUrl":"https:\/\/www.latribunedufaso.net\/wp-content\/uploads\/2020\/08\/Logo-Tribune-du-Faso-final-scaled.jpg","width":2560,"height":1856,"caption":"La Tribune du Faso"},"image":{"@id":"https:\/\/www.latribunedufaso.net\/#\/schema\/logo\/image\/"},"sameAs":["https:\/\/www.facebook.com\/LatribuneduFaso\/"]},{"@type":"Person","@id":"https:\/\/www.latribunedufaso.net\/#\/schema\/person\/e54e64c5778a7e72cf80a318b7a622b0","name":"Issouf Tapsoba","image":{"@type":"ImageObject","inLanguage":"fr-FR","@id":"https:\/\/secure.gravatar.com\/avatar\/5e6c05150ce3230247d167f5b94d678eb05936197436d69b7921e3a95c9107ac?s=96&d=mm&r=g","url":"https:\/\/secure.gravatar.com\/avatar\/5e6c05150ce3230247d167f5b94d678eb05936197436d69b7921e3a95c9107ac?s=96&d=mm&r=g","contentUrl":"https:\/\/secure.gravatar.com\/avatar\/5e6c05150ce3230247d167f5b94d678eb05936197436d69b7921e3a95c9107ac?s=96&d=mm&r=g","caption":"Issouf Tapsoba"},"url":"https:\/\/www.latribunedufaso.net\/?author=5"}]}},"_links":{"self":[{"href":"https:\/\/www.latribunedufaso.net\/index.php?rest_route=\/wp\/v2\/posts\/7750","targetHints":{"allow":["GET"]}}],"collection":[{"href":"https:\/\/www.latribunedufaso.net\/index.php?rest_route=\/wp\/v2\/posts"}],"about":[{"href":"https:\/\/www.latribunedufaso.net\/index.php?rest_route=\/wp\/v2\/types\/post"}],"author":[{"embeddable":true,"href":"https:\/\/www.latribunedufaso.net\/index.php?rest_route=\/wp\/v2\/users\/5"}],"replies":[{"embeddable":true,"href":"https:\/\/www.latribunedufaso.net\/index.php?rest_route=%2Fwp%2Fv2%2Fcomments&post=7750"}],"version-history":[{"count":2,"href":"https:\/\/www.latribunedufaso.net\/index.php?rest_route=\/wp\/v2\/posts\/7750\/revisions"}],"predecessor-version":[{"id":7842,"href":"https:\/\/www.latribunedufaso.net\/index.php?rest_route=\/wp\/v2\/posts\/7750\/revisions\/7842"}],"wp:featuredmedia":[{"embeddable":true,"href":"https:\/\/www.latribunedufaso.net\/index.php?rest_route=\/wp\/v2\/media\/7837"}],"wp:attachment":[{"href":"https:\/\/www.latribunedufaso.net\/index.php?rest_route=%2Fwp%2Fv2%2Fmedia&parent=7750"}],"wp:term":[{"taxonomy":"category","embeddable":true,"href":"https:\/\/www.latribunedufaso.net\/index.php?rest_route=%2Fwp%2Fv2%2Fcategories&post=7750"},{"taxonomy":"post_tag","embeddable":true,"href":"https:\/\/www.latribunedufaso.net\/index.php?rest_route=%2Fwp%2Fv2%2Ftags&post=7750"}],"curies":[{"name":"wp","href":"https:\/\/api.w.org\/{rel}","templated":true}]}}