{"id":7716,"date":"2023-06-11T00:05:23","date_gmt":"2023-06-11T00:05:23","guid":{"rendered":"https:\/\/www.latribunedufaso.net\/?p=7716"},"modified":"2023-06-12T19:08:45","modified_gmt":"2023-06-12T19:08:45","slug":"expertise-nationale-lapen-renforce-les-capacites-des-representants-des-structures-deconcentrees-des-hauts-bassins","status":"publish","type":"post","link":"https:\/\/www.latribunedufaso.net\/?p=7716","title":{"rendered":"Expertise nationale : L\u2019APEN renforce les capacit\u00e9s des repr\u00e9sentants des structures d\u00e9concentr\u00e9es des Hauts-Bassins\u00a0"},"content":{"rendered":"<p style=\"text-align: justify;\"><strong><span style=\"font-size: 1.0625rem;\">L\u2019Agence de promotion de l\u2019expertise nationale (APEN) a pour but de promouvoir et de valoriser l\u2019expertise nationale. Dans le cadre de l\u2019ex\u00e9cution de ses missions, elle a organis\u00e9 le mercredi 7 juin 2023 \u00e0 Bobo-Dioulasso, un atelier d\u2019information et de sensibilisation \u00e0 l\u2019endroit des directions r\u00e9gionales des minist\u00e8res, des projets et programmes, des institutions et des collectivit\u00e9s territoriales de la r\u00e9gion des Hauts-Bassins. Objectif, faire conna\u00eetre l\u2019Agence aupr\u00e8s de ces structures et par ricochet, envisager des pistes de collaboration.<\/span><\/strong><br \/><!--more--><\/p>\n<p style=\"text-align: justify;\"><a href=\"https:\/\/www.latribunedufaso.net\/wp-content\/uploads\/2023\/06\/IMG-20230609-WA0027.jpg\"><img loading=\"lazy\" decoding=\"async\" class=\"size-medium wp-image-7722 alignleft\" src=\"https:\/\/www.latribunedufaso.net\/wp-content\/uploads\/2023\/06\/IMG-20230609-WA0027-300x169.jpg\" alt=\"\" width=\"300\" height=\"169\" srcset=\"https:\/\/www.latribunedufaso.net\/wp-content\/uploads\/2023\/06\/IMG-20230609-WA0027-300x169.jpg 300w, https:\/\/www.latribunedufaso.net\/wp-content\/uploads\/2023\/06\/IMG-20230609-WA0027-768x432.jpg 768w, https:\/\/www.latribunedufaso.net\/wp-content\/uploads\/2023\/06\/IMG-20230609-WA0027.jpg 1000w\" sizes=\"auto, (max-width: 300px) 100vw, 300px\" \/><\/a> Selon le pr\u00e9sident de l\u2019assembl\u00e9e g\u00e9n\u00e9rale de l\u2019APEN, Noufou Gnampa, la valorisation de l\u2019expertise nationale est une question fondamentale qui doit \u00eatre prise en compte dans les pr\u00e9occupations de tout pays qui aspire au d\u00e9veloppement tant \u00e9conomique que social. Au Burkina Faso, cette question a \u00e9t\u00e9 prise en charge par une r\u00e9glementation des professions de l\u2019expertise nationale \u00e0 travers l\u2019adoption de la loi 06\/AN du 17 mai 2011.\u00a0<\/p>\n<p style=\"text-align: justify;\">En d\u00e9pit de l\u2019adoption de ladite loi, il faut attendre jusqu\u2019en 2021 pour voir un fonctionnement effectif de l\u2019agence. En vue d\u2019atteindre la mission qui lui est assign\u00e9e, elle s\u2019inscrit dans une d\u00e9marche participative et collaborative \u00e0 travers la tenue d\u2019atelier d\u2019information et de sensibilisation sur l\u2019expertise nationale. L\u2019organisation de la pr\u00e9sente rencontre rentre justement dans ce cadre.<\/p>\n<p style=\"text-align: justify;\">Pour la repr\u00e9sentante du Gouverneur des Hauts-Bassins, Charlotte Bado, en mati\u00e8re d\u2019expertise ou de comp\u00e9tences, le Burkina Faso peut se vanter d\u2019en disposer dans tous les domaines que ce soit au niveau r\u00e9gional, national ou international. Cependant, il d\u00e9plore le fait que si cette expertise est reconnue et respect\u00e9e dans les diff\u00e9rentes instances, elle n\u2019est pas suffisamment valoris\u00e9e \u00e0 la hauteur du potentiel qu\u2019elle repr\u00e9sente.<\/p>\n<p style=\"text-align: justify;\">Cet atelier a connu la participation de 110 personnes issues des directions r\u00e9gionales des minist\u00e8res, des projets et programmes, des institutions et des collectivit\u00e9s territoriales de la r\u00e9gion des Hauts-Bassins concern\u00e9es par l\u2019expertise nationale. La rencontre a permis \u00e0 l\u2019APEN de mieux se faire conna\u00eetre par ces derniers, recevoir des suggestions et de d\u00e9gager des pistes de collaboration afin d\u2019assurer une meilleure valorisation et promotion de l\u2019expertise burkinab\u00e8.<\/p>\n<p style=\"text-align: justify;\">En rappel, l\u2019APEN est un \u00e9tablissement public de l\u2019Etat (EPE) \u00e0 caract\u00e8re professionnel, n\u00e9 de la volont\u00e9 du gouvernement et des acteurs du domaine de l\u2019expertise \u00e0 faire de l\u2019expertise nationale un outil acc\u00e9l\u00e9rateur du d\u00e9veloppement durable du Burkina Faso.\u00a0<\/p>\n<p style=\"text-align: justify;\"><strong>Issouf Tapsoba\u00a0<\/strong><\/p>\n<p style=\"text-align: justify;\"><strong>Latribunedufaso.net<\/strong><\/p>\n<p><a href=\"https:\/\/www.latribunedufaso.net\/wp-content\/uploads\/2023\/06\/IMG-20230609-WA0029.jpg\"><img loading=\"lazy\" decoding=\"async\" class=\"alignnone size-medium wp-image-7720\" src=\"https:\/\/www.latribunedufaso.net\/wp-content\/uploads\/2023\/06\/IMG-20230609-WA0029-300x169.jpg\" alt=\"\" width=\"300\" height=\"169\" srcset=\"https:\/\/www.latribunedufaso.net\/wp-content\/uploads\/2023\/06\/IMG-20230609-WA0029-300x169.jpg 300w, https:\/\/www.latribunedufaso.net\/wp-content\/uploads\/2023\/06\/IMG-20230609-WA0029-1024x576.jpg 1024w, https:\/\/www.latribunedufaso.net\/wp-content\/uploads\/2023\/06\/IMG-20230609-WA0029-768x432.jpg 768w, https:\/\/www.latribunedufaso.net\/wp-content\/uploads\/2023\/06\/IMG-20230609-WA0029.jpg 1080w\" sizes=\"auto, (max-width: 300px) 100vw, 300px\" \/><\/a><a href=\"https:\/\/www.latribunedufaso.net\/wp-content\/uploads\/2023\/06\/IMG-20230609-WA0041.jpg\"><img loading=\"lazy\" decoding=\"async\" class=\"alignnone size-medium wp-image-7717\" src=\"https:\/\/www.latribunedufaso.net\/wp-content\/uploads\/2023\/06\/IMG-20230609-WA0041-300x200.jpg\" alt=\"\" width=\"300\" height=\"200\" srcset=\"https:\/\/www.latribunedufaso.net\/wp-content\/uploads\/2023\/06\/IMG-20230609-WA0041-300x200.jpg 300w, https:\/\/www.latribunedufaso.net\/wp-content\/uploads\/2023\/06\/IMG-20230609-WA0041-1024x682.jpg 1024w, https:\/\/www.latribunedufaso.net\/wp-content\/uploads\/2023\/06\/IMG-20230609-WA0041-768x512.jpg 768w, https:\/\/www.latribunedufaso.net\/wp-content\/uploads\/2023\/06\/IMG-20230609-WA0041-1536x1023.jpg 1536w, https:\/\/www.latribunedufaso.net\/wp-content\/uploads\/2023\/06\/IMG-20230609-WA0041-840x560.jpg 840w, https:\/\/www.latribunedufaso.net\/wp-content\/uploads\/2023\/06\/IMG-20230609-WA0041-120x80.jpg 120w, https:\/\/www.latribunedufaso.net\/wp-content\/uploads\/2023\/06\/IMG-20230609-WA0041-360x240.jpg 360w, https:\/\/www.latribunedufaso.net\/wp-content\/uploads\/2023\/06\/IMG-20230609-WA0041-600x400.jpg 600w, https:\/\/www.latribunedufaso.net\/wp-content\/uploads\/2023\/06\/IMG-20230609-WA0041.jpg 1600w\" sizes=\"auto, (max-width: 300px) 100vw, 300px\" \/><\/a><\/p>\n","protected":false},"excerpt":{"rendered":"<p>L\u2019Agence de promotion de l\u2019expertise nationale (APEN) a pour but de promouvoir et de valoriser l\u2019expertise nationale. Dans le cadre de l\u2019ex\u00e9cution de ses missions, elle a organis\u00e9 le mercredi 7 juin 2023 \u00e0 Bobo-Dioulasso, un atelier d\u2019information et de sensibilisation \u00e0 l\u2019endroit des directions r\u00e9gionales des minist\u00e8res, des projets et programmes, des institutions et des collectivit\u00e9s territoriales de la r\u00e9gion des Hauts-Bassins. Objectif, faire conna\u00eetre l\u2019Agence aupr\u00e8s de ces structures et par ricochet, envisager des pistes de collaboration.<\/p>\n","protected":false},"author":2,"featured_media":7721,"comment_status":"open","ping_status":"open","sticky":false,"template":"","format":"standard","meta":{"footnotes":""},"categories":[13,1,8],"tags":[],"class_list":["post-7716","post","type-post","status-publish","format-standard","has-post-thumbnail","hentry","category-une","category-actu","category-societe"],"yoast_head":"<!-- This site is optimized with the Yoast SEO plugin v27.5 - https:\/\/yoast.com\/product\/yoast-seo-wordpress\/ -->\n<title>Expertise nationale : L\u2019APEN renforce les capacit\u00e9s des repr\u00e9sentants des structures d\u00e9concentr\u00e9es des Hauts-Bassins\u00a0 - La Tribune du Faso<\/title>\n<meta name=\"robots\" content=\"index, follow, max-snippet:-1, max-image-preview:large, max-video-preview:-1\" \/>\n<link rel=\"canonical\" href=\"https:\/\/www.latribunedufaso.net\/?p=7716\" \/>\n<meta property=\"og:locale\" content=\"fr_FR\" \/>\n<meta property=\"og:type\" content=\"article\" \/>\n<meta property=\"og:title\" content=\"Expertise nationale : L\u2019APEN renforce les capacit\u00e9s des repr\u00e9sentants des structures d\u00e9concentr\u00e9es des Hauts-Bassins\u00a0 - La Tribune du Faso\" \/>\n<meta property=\"og:description\" content=\"L\u2019Agence de promotion de l\u2019expertise nationale (APEN) a pour but de promouvoir et de valoriser l\u2019expertise nationale. Dans le cadre de l\u2019ex\u00e9cution de ses missions, elle a organis\u00e9 le mercredi 7 juin 2023 \u00e0 Bobo-Dioulasso, un atelier d\u2019information et de sensibilisation \u00e0 l\u2019endroit des directions r\u00e9gionales des minist\u00e8res, des projets et programmes, des institutions et des collectivit\u00e9s territoriales de la r\u00e9gion des Hauts-Bassins. Objectif, faire conna\u00eetre l\u2019Agence aupr\u00e8s de ces structures et par ricochet, envisager des pistes de collaboration.\" \/>\n<meta property=\"og:url\" content=\"https:\/\/www.latribunedufaso.net\/?p=7716\" \/>\n<meta property=\"og:site_name\" content=\"La Tribune du Faso\" \/>\n<meta property=\"article:publisher\" content=\"https:\/\/www.facebook.com\/LatribuneduFaso\/\" \/>\n<meta property=\"article:published_time\" content=\"2023-06-11T00:05:23+00:00\" \/>\n<meta property=\"article:modified_time\" content=\"2023-06-12T19:08:45+00:00\" \/>\n<meta property=\"og:image\" content=\"https:\/\/www.latribunedufaso.net\/wp-content\/uploads\/2023\/06\/IMG-20230609-WA0035.jpg\" \/>\n\t<meta property=\"og:image:width\" content=\"1000\" \/>\n\t<meta property=\"og:image:height\" content=\"563\" \/>\n\t<meta property=\"og:image:type\" content=\"image\/jpeg\" \/>\n<meta name=\"author\" content=\"Administrateur\" \/>\n<meta name=\"twitter:label1\" content=\"\u00c9crit par\" \/>\n\t<meta name=\"twitter:data1\" content=\"Administrateur\" \/>\n\t<meta name=\"twitter:label2\" content=\"Dur\u00e9e de lecture estim\u00e9e\" \/>\n\t<meta name=\"twitter:data2\" content=\"2 minutes\" \/>\n<script type=\"application\/ld+json\" class=\"yoast-schema-graph\">{\"@context\":\"https:\\\/\\\/schema.org\",\"@graph\":[{\"@type\":\"Article\",\"@id\":\"https:\\\/\\\/www.latribunedufaso.net\\\/?p=7716#article\",\"isPartOf\":{\"@id\":\"https:\\\/\\\/www.latribunedufaso.net\\\/?p=7716\"},\"author\":{\"name\":\"Administrateur\",\"@id\":\"https:\\\/\\\/www.latribunedufaso.net\\\/#\\\/schema\\\/person\\\/a380782d0605bb8aae27c40ea93b35b1\"},\"headline\":\"Expertise nationale : L\u2019APEN renforce les capacit\u00e9s des repr\u00e9sentants des structures d\u00e9concentr\u00e9es des Hauts-Bassins\u00a0\",\"datePublished\":\"2023-06-11T00:05:23+00:00\",\"dateModified\":\"2023-06-12T19:08:45+00:00\",\"mainEntityOfPage\":{\"@id\":\"https:\\\/\\\/www.latribunedufaso.net\\\/?p=7716\"},\"wordCount\":457,\"commentCount\":0,\"publisher\":{\"@id\":\"https:\\\/\\\/www.latribunedufaso.net\\\/#organization\"},\"image\":{\"@id\":\"https:\\\/\\\/www.latribunedufaso.net\\\/?p=7716#primaryimage\"},\"thumbnailUrl\":\"https:\\\/\\\/www.latribunedufaso.net\\\/wp-content\\\/uploads\\\/2023\\\/06\\\/IMG-20230609-WA0035.jpg\",\"articleSection\":[\"A la une\",\"Actualit\u00e9\",\"Soci\u00e9t\u00e9\"],\"inLanguage\":\"fr-FR\",\"potentialAction\":[{\"@type\":\"CommentAction\",\"name\":\"Comment\",\"target\":[\"https:\\\/\\\/www.latribunedufaso.net\\\/?p=7716#respond\"]}]},{\"@type\":\"WebPage\",\"@id\":\"https:\\\/\\\/www.latribunedufaso.net\\\/?p=7716\",\"url\":\"https:\\\/\\\/www.latribunedufaso.net\\\/?p=7716\",\"name\":\"Expertise nationale : L\u2019APEN renforce les capacit\u00e9s des repr\u00e9sentants des structures d\u00e9concentr\u00e9es des Hauts-Bassins\u00a0 - La Tribune du Faso\",\"isPartOf\":{\"@id\":\"https:\\\/\\\/www.latribunedufaso.net\\\/#website\"},\"primaryImageOfPage\":{\"@id\":\"https:\\\/\\\/www.latribunedufaso.net\\\/?p=7716#primaryimage\"},\"image\":{\"@id\":\"https:\\\/\\\/www.latribunedufaso.net\\\/?p=7716#primaryimage\"},\"thumbnailUrl\":\"https:\\\/\\\/www.latribunedufaso.net\\\/wp-content\\\/uploads\\\/2023\\\/06\\\/IMG-20230609-WA0035.jpg\",\"datePublished\":\"2023-06-11T00:05:23+00:00\",\"dateModified\":\"2023-06-12T19:08:45+00:00\",\"breadcrumb\":{\"@id\":\"https:\\\/\\\/www.latribunedufaso.net\\\/?p=7716#breadcrumb\"},\"inLanguage\":\"fr-FR\",\"potentialAction\":[{\"@type\":\"ReadAction\",\"target\":[\"https:\\\/\\\/www.latribunedufaso.net\\\/?p=7716\"]}]},{\"@type\":\"ImageObject\",\"inLanguage\":\"fr-FR\",\"@id\":\"https:\\\/\\\/www.latribunedufaso.net\\\/?p=7716#primaryimage\",\"url\":\"https:\\\/\\\/www.latribunedufaso.net\\\/wp-content\\\/uploads\\\/2023\\\/06\\\/IMG-20230609-WA0035.jpg\",\"contentUrl\":\"https:\\\/\\\/www.latribunedufaso.net\\\/wp-content\\\/uploads\\\/2023\\\/06\\\/IMG-20230609-WA0035.jpg\",\"width\":1000,\"height\":563},{\"@type\":\"BreadcrumbList\",\"@id\":\"https:\\\/\\\/www.latribunedufaso.net\\\/?p=7716#breadcrumb\",\"itemListElement\":[{\"@type\":\"ListItem\",\"position\":1,\"name\":\"Accueil\",\"item\":\"https:\\\/\\\/www.latribunedufaso.net\\\/\"},{\"@type\":\"ListItem\",\"position\":2,\"name\":\"Expertise nationale : L\u2019APEN renforce les capacit\u00e9s des repr\u00e9sentants des structures d\u00e9concentr\u00e9es des Hauts-Bassins\u00a0\"}]},{\"@type\":\"WebSite\",\"@id\":\"https:\\\/\\\/www.latribunedufaso.net\\\/#website\",\"url\":\"https:\\\/\\\/www.latribunedufaso.net\\\/\",\"name\":\"La Tribune du Faso\",\"description\":\"L&#039;information du monde rural en un clic\",\"publisher\":{\"@id\":\"https:\\\/\\\/www.latribunedufaso.net\\\/#organization\"},\"potentialAction\":[{\"@type\":\"SearchAction\",\"target\":{\"@type\":\"EntryPoint\",\"urlTemplate\":\"https:\\\/\\\/www.latribunedufaso.net\\\/?s={search_term_string}\"},\"query-input\":{\"@type\":\"PropertyValueSpecification\",\"valueRequired\":true,\"valueName\":\"search_term_string\"}}],\"inLanguage\":\"fr-FR\"},{\"@type\":\"Organization\",\"@id\":\"https:\\\/\\\/www.latribunedufaso.net\\\/#organization\",\"name\":\"La Tribune du Faso\",\"url\":\"https:\\\/\\\/www.latribunedufaso.net\\\/\",\"logo\":{\"@type\":\"ImageObject\",\"inLanguage\":\"fr-FR\",\"@id\":\"https:\\\/\\\/www.latribunedufaso.net\\\/#\\\/schema\\\/logo\\\/image\\\/\",\"url\":\"https:\\\/\\\/www.latribunedufaso.net\\\/wp-content\\\/uploads\\\/2020\\\/08\\\/Logo-Tribune-du-Faso-final-scaled.jpg\",\"contentUrl\":\"https:\\\/\\\/www.latribunedufaso.net\\\/wp-content\\\/uploads\\\/2020\\\/08\\\/Logo-Tribune-du-Faso-final-scaled.jpg\",\"width\":2560,\"height\":1856,\"caption\":\"La Tribune du Faso\"},\"image\":{\"@id\":\"https:\\\/\\\/www.latribunedufaso.net\\\/#\\\/schema\\\/logo\\\/image\\\/\"},\"sameAs\":[\"https:\\\/\\\/www.facebook.com\\\/LatribuneduFaso\\\/\"]},{\"@type\":\"Person\",\"@id\":\"https:\\\/\\\/www.latribunedufaso.net\\\/#\\\/schema\\\/person\\\/a380782d0605bb8aae27c40ea93b35b1\",\"name\":\"Administrateur\",\"image\":{\"@type\":\"ImageObject\",\"inLanguage\":\"fr-FR\",\"@id\":\"https:\\\/\\\/secure.gravatar.com\\\/avatar\\\/e20266f97d741f0e80ba1f60283074a9b3317fd7bfb727e0d95b51dafbf854a1?s=96&d=mm&r=g\",\"url\":\"https:\\\/\\\/secure.gravatar.com\\\/avatar\\\/e20266f97d741f0e80ba1f60283074a9b3317fd7bfb727e0d95b51dafbf854a1?s=96&d=mm&r=g\",\"contentUrl\":\"https:\\\/\\\/secure.gravatar.com\\\/avatar\\\/e20266f97d741f0e80ba1f60283074a9b3317fd7bfb727e0d95b51dafbf854a1?s=96&d=mm&r=g\",\"caption\":\"Administrateur\"},\"url\":\"https:\\\/\\\/www.latribunedufaso.net\\\/?author=2\"}]}<\/script>\n<!-- \/ Yoast SEO plugin. -->","yoast_head_json":{"title":"Expertise nationale : L\u2019APEN renforce les capacit\u00e9s des repr\u00e9sentants des structures d\u00e9concentr\u00e9es des Hauts-Bassins\u00a0 - La Tribune du Faso","robots":{"index":"index","follow":"follow","max-snippet":"max-snippet:-1","max-image-preview":"max-image-preview:large","max-video-preview":"max-video-preview:-1"},"canonical":"https:\/\/www.latribunedufaso.net\/?p=7716","og_locale":"fr_FR","og_type":"article","og_title":"Expertise nationale : L\u2019APEN renforce les capacit\u00e9s des repr\u00e9sentants des structures d\u00e9concentr\u00e9es des Hauts-Bassins\u00a0 - La Tribune du Faso","og_description":"L\u2019Agence de promotion de l\u2019expertise nationale (APEN) a pour but de promouvoir et de valoriser l\u2019expertise nationale. Dans le cadre de l\u2019ex\u00e9cution de ses missions, elle a organis\u00e9 le mercredi 7 juin 2023 \u00e0 Bobo-Dioulasso, un atelier d\u2019information et de sensibilisation \u00e0 l\u2019endroit des directions r\u00e9gionales des minist\u00e8res, des projets et programmes, des institutions et des collectivit\u00e9s territoriales de la r\u00e9gion des Hauts-Bassins. Objectif, faire conna\u00eetre l\u2019Agence aupr\u00e8s de ces structures et par ricochet, envisager des pistes de collaboration.","og_url":"https:\/\/www.latribunedufaso.net\/?p=7716","og_site_name":"La Tribune du Faso","article_publisher":"https:\/\/www.facebook.com\/LatribuneduFaso\/","article_published_time":"2023-06-11T00:05:23+00:00","article_modified_time":"2023-06-12T19:08:45+00:00","og_image":[{"width":1000,"height":563,"url":"https:\/\/www.latribunedufaso.net\/wp-content\/uploads\/2023\/06\/IMG-20230609-WA0035.jpg","type":"image\/jpeg"}],"author":"Administrateur","twitter_misc":{"\u00c9crit par":"Administrateur","Dur\u00e9e de lecture estim\u00e9e":"2 minutes"},"schema":{"@context":"https:\/\/schema.org","@graph":[{"@type":"Article","@id":"https:\/\/www.latribunedufaso.net\/?p=7716#article","isPartOf":{"@id":"https:\/\/www.latribunedufaso.net\/?p=7716"},"author":{"name":"Administrateur","@id":"https:\/\/www.latribunedufaso.net\/#\/schema\/person\/a380782d0605bb8aae27c40ea93b35b1"},"headline":"Expertise nationale : L\u2019APEN renforce les capacit\u00e9s des repr\u00e9sentants des structures d\u00e9concentr\u00e9es des Hauts-Bassins\u00a0","datePublished":"2023-06-11T00:05:23+00:00","dateModified":"2023-06-12T19:08:45+00:00","mainEntityOfPage":{"@id":"https:\/\/www.latribunedufaso.net\/?p=7716"},"wordCount":457,"commentCount":0,"publisher":{"@id":"https:\/\/www.latribunedufaso.net\/#organization"},"image":{"@id":"https:\/\/www.latribunedufaso.net\/?p=7716#primaryimage"},"thumbnailUrl":"https:\/\/www.latribunedufaso.net\/wp-content\/uploads\/2023\/06\/IMG-20230609-WA0035.jpg","articleSection":["A la une","Actualit\u00e9","Soci\u00e9t\u00e9"],"inLanguage":"fr-FR","potentialAction":[{"@type":"CommentAction","name":"Comment","target":["https:\/\/www.latribunedufaso.net\/?p=7716#respond"]}]},{"@type":"WebPage","@id":"https:\/\/www.latribunedufaso.net\/?p=7716","url":"https:\/\/www.latribunedufaso.net\/?p=7716","name":"Expertise nationale : L\u2019APEN renforce les capacit\u00e9s des repr\u00e9sentants des structures d\u00e9concentr\u00e9es des Hauts-Bassins\u00a0 - La Tribune du Faso","isPartOf":{"@id":"https:\/\/www.latribunedufaso.net\/#website"},"primaryImageOfPage":{"@id":"https:\/\/www.latribunedufaso.net\/?p=7716#primaryimage"},"image":{"@id":"https:\/\/www.latribunedufaso.net\/?p=7716#primaryimage"},"thumbnailUrl":"https:\/\/www.latribunedufaso.net\/wp-content\/uploads\/2023\/06\/IMG-20230609-WA0035.jpg","datePublished":"2023-06-11T00:05:23+00:00","dateModified":"2023-06-12T19:08:45+00:00","breadcrumb":{"@id":"https:\/\/www.latribunedufaso.net\/?p=7716#breadcrumb"},"inLanguage":"fr-FR","potentialAction":[{"@type":"ReadAction","target":["https:\/\/www.latribunedufaso.net\/?p=7716"]}]},{"@type":"ImageObject","inLanguage":"fr-FR","@id":"https:\/\/www.latribunedufaso.net\/?p=7716#primaryimage","url":"https:\/\/www.latribunedufaso.net\/wp-content\/uploads\/2023\/06\/IMG-20230609-WA0035.jpg","contentUrl":"https:\/\/www.latribunedufaso.net\/wp-content\/uploads\/2023\/06\/IMG-20230609-WA0035.jpg","width":1000,"height":563},{"@type":"BreadcrumbList","@id":"https:\/\/www.latribunedufaso.net\/?p=7716#breadcrumb","itemListElement":[{"@type":"ListItem","position":1,"name":"Accueil","item":"https:\/\/www.latribunedufaso.net\/"},{"@type":"ListItem","position":2,"name":"Expertise nationale : L\u2019APEN renforce les capacit\u00e9s des repr\u00e9sentants des structures d\u00e9concentr\u00e9es des Hauts-Bassins\u00a0"}]},{"@type":"WebSite","@id":"https:\/\/www.latribunedufaso.net\/#website","url":"https:\/\/www.latribunedufaso.net\/","name":"La Tribune du Faso","description":"L&#039;information du monde rural en un clic","publisher":{"@id":"https:\/\/www.latribunedufaso.net\/#organization"},"potentialAction":[{"@type":"SearchAction","target":{"@type":"EntryPoint","urlTemplate":"https:\/\/www.latribunedufaso.net\/?s={search_term_string}"},"query-input":{"@type":"PropertyValueSpecification","valueRequired":true,"valueName":"search_term_string"}}],"inLanguage":"fr-FR"},{"@type":"Organization","@id":"https:\/\/www.latribunedufaso.net\/#organization","name":"La Tribune du Faso","url":"https:\/\/www.latribunedufaso.net\/","logo":{"@type":"ImageObject","inLanguage":"fr-FR","@id":"https:\/\/www.latribunedufaso.net\/#\/schema\/logo\/image\/","url":"https:\/\/www.latribunedufaso.net\/wp-content\/uploads\/2020\/08\/Logo-Tribune-du-Faso-final-scaled.jpg","contentUrl":"https:\/\/www.latribunedufaso.net\/wp-content\/uploads\/2020\/08\/Logo-Tribune-du-Faso-final-scaled.jpg","width":2560,"height":1856,"caption":"La Tribune du Faso"},"image":{"@id":"https:\/\/www.latribunedufaso.net\/#\/schema\/logo\/image\/"},"sameAs":["https:\/\/www.facebook.com\/LatribuneduFaso\/"]},{"@type":"Person","@id":"https:\/\/www.latribunedufaso.net\/#\/schema\/person\/a380782d0605bb8aae27c40ea93b35b1","name":"Administrateur","image":{"@type":"ImageObject","inLanguage":"fr-FR","@id":"https:\/\/secure.gravatar.com\/avatar\/e20266f97d741f0e80ba1f60283074a9b3317fd7bfb727e0d95b51dafbf854a1?s=96&d=mm&r=g","url":"https:\/\/secure.gravatar.com\/avatar\/e20266f97d741f0e80ba1f60283074a9b3317fd7bfb727e0d95b51dafbf854a1?s=96&d=mm&r=g","contentUrl":"https:\/\/secure.gravatar.com\/avatar\/e20266f97d741f0e80ba1f60283074a9b3317fd7bfb727e0d95b51dafbf854a1?s=96&d=mm&r=g","caption":"Administrateur"},"url":"https:\/\/www.latribunedufaso.net\/?author=2"}]}},"_links":{"self":[{"href":"https:\/\/www.latribunedufaso.net\/index.php?rest_route=\/wp\/v2\/posts\/7716","targetHints":{"allow":["GET"]}}],"collection":[{"href":"https:\/\/www.latribunedufaso.net\/index.php?rest_route=\/wp\/v2\/posts"}],"about":[{"href":"https:\/\/www.latribunedufaso.net\/index.php?rest_route=\/wp\/v2\/types\/post"}],"author":[{"embeddable":true,"href":"https:\/\/www.latribunedufaso.net\/index.php?rest_route=\/wp\/v2\/users\/2"}],"replies":[{"embeddable":true,"href":"https:\/\/www.latribunedufaso.net\/index.php?rest_route=%2Fwp%2Fv2%2Fcomments&post=7716"}],"version-history":[{"count":3,"href":"https:\/\/www.latribunedufaso.net\/index.php?rest_route=\/wp\/v2\/posts\/7716\/revisions"}],"predecessor-version":[{"id":7726,"href":"https:\/\/www.latribunedufaso.net\/index.php?rest_route=\/wp\/v2\/posts\/7716\/revisions\/7726"}],"wp:featuredmedia":[{"embeddable":true,"href":"https:\/\/www.latribunedufaso.net\/index.php?rest_route=\/wp\/v2\/media\/7721"}],"wp:attachment":[{"href":"https:\/\/www.latribunedufaso.net\/index.php?rest_route=%2Fwp%2Fv2%2Fmedia&parent=7716"}],"wp:term":[{"taxonomy":"category","embeddable":true,"href":"https:\/\/www.latribunedufaso.net\/index.php?rest_route=%2Fwp%2Fv2%2Fcategories&post=7716"},{"taxonomy":"post_tag","embeddable":true,"href":"https:\/\/www.latribunedufaso.net\/index.php?rest_route=%2Fwp%2Fv2%2Ftags&post=7716"}],"curies":[{"name":"wp","href":"https:\/\/api.w.org\/{rel}","templated":true}]}}