{"id":7686,"date":"2023-06-10T00:52:22","date_gmt":"2023-06-10T00:52:22","guid":{"rendered":"https:\/\/www.latribunedufaso.net\/?p=7686"},"modified":"2023-06-10T11:15:09","modified_gmt":"2023-06-10T11:15:09","slug":"bepc-2023-environ-200-admis-sur-768-inscrits-dans-deux-jurys-du-lycee-mixte-de-gounghin","status":"publish","type":"post","link":"https:\/\/www.latribunedufaso.net\/?p=7686","title":{"rendered":"BEPC 2023 : Environ 200 admis sur 768 inscrits dans deux jurys du lyc\u00e9e mixte de Gounghin"},"content":{"rendered":"<p style=\"text-align: justify;\"><strong><span style=\"font-size: 1.0625rem;\">La proclamation des r\u00e9sultats du Brevet d\u2019\u00e9tude du premier cycle (BEPC) session 2023 a eu lieu ce vendredi 9 juin 2023 \u00e0 Ouagadougou.<\/span><\/strong><br \/><!--more--><\/p>\n<figure id=\"attachment_7692\" aria-describedby=\"caption-attachment-7692\" style=\"width: 300px\" class=\"wp-caption alignleft\"><a href=\"https:\/\/www.latribunedufaso.net\/wp-content\/uploads\/2023\/06\/IMG-20230610-WA0001.jpg\"><img loading=\"lazy\" decoding=\"async\" class=\"wp-image-7692 size-medium\" src=\"https:\/\/www.latribunedufaso.net\/wp-content\/uploads\/2023\/06\/IMG-20230610-WA0001-300x225.jpg\" width=\"300\" height=\"225\" srcset=\"https:\/\/www.latribunedufaso.net\/wp-content\/uploads\/2023\/06\/IMG-20230610-WA0001-300x225.jpg 300w, https:\/\/www.latribunedufaso.net\/wp-content\/uploads\/2023\/06\/IMG-20230610-WA0001-768x576.jpg 768w, https:\/\/www.latribunedufaso.net\/wp-content\/uploads\/2023\/06\/IMG-20230610-WA0001.jpg 992w\" sizes=\"auto, (max-width: 300px) 100vw, 300px\" \/><\/a><figcaption id=\"caption-attachment-7692\" class=\"wp-caption-text\"><em>Mathieu Coulibaly, pr\u00e9sident du jury 118<\/em><\/figcaption><\/figure>\n<p style=\"text-align: justify;\">Au Lyc\u00e9e mixte de gounghin ( LMG) , c\u2019est le jury 118 qui a commenc\u00e9 la proclamation, aux environs de 11 h. Pleures, cris, sauts de joie, etc. Toutes ces \u00e9motions \u00e9taient au rendez-vous. Au total 117 candidats sont admis sur 376 inscrits. Pour le pr\u00e9sident de ce jury, Mathieu Coulibaly, il y a une l\u00e9g\u00e8re hausse des r\u00e9sultats par rapport aux ann\u00e9es pr\u00e9c\u00e9dentes. \u00ab Pour parler des r\u00e9sultats, je constate qu\u2019il y a une l\u00e9g\u00e8re hausse par rapport \u00e0 ce que nous engrangions les ann\u00e9es ant\u00e9rieures. On a eu un taux de 37,05% alors que les ann\u00e9es pass\u00e9es, on \u00e9tait autour de 24%, 25% au premier tour. Cependant, il faut attendre les autres jurys pour faire une appr\u00e9ciation globale de ce semblant de hausse que je constate \u00bb, a-t-il signifi\u00e9.<\/p>\n<p style=\"text-align: justify;\">\u00ab Les r\u00e9sultats ne sont pas fameux, puisque sur un effectif de 392, nous n\u2019avons eu que 83 admis au premier tour \u00bb, a indiqu\u00e9 pour sa part, Honor\u00e9 Tapsoba, pr\u00e9sident du jury 28, o\u00f9 la proclamation s\u2019est faite autour de 12h30.<\/p>\n<figure id=\"attachment_7690\" aria-describedby=\"caption-attachment-7690\" style=\"width: 300px\" class=\"wp-caption alignleft\"><a href=\"https:\/\/www.latribunedufaso.net\/wp-content\/uploads\/2023\/06\/IMG-20230610-WA0002.jpg\"><img loading=\"lazy\" decoding=\"async\" class=\"wp-image-7690 size-medium\" src=\"https:\/\/www.latribunedufaso.net\/wp-content\/uploads\/2023\/06\/IMG-20230610-WA0002-300x225.jpg\" width=\"300\" height=\"225\" srcset=\"https:\/\/www.latribunedufaso.net\/wp-content\/uploads\/2023\/06\/IMG-20230610-WA0002-300x225.jpg 300w, https:\/\/www.latribunedufaso.net\/wp-content\/uploads\/2023\/06\/IMG-20230610-WA0002-768x576.jpg 768w, https:\/\/www.latribunedufaso.net\/wp-content\/uploads\/2023\/06\/IMG-20230610-WA0002.jpg 992w\" sizes=\"auto, (max-width: 300px) 100vw, 300px\" \/><\/a><figcaption id=\"caption-attachment-7690\" class=\"wp-caption-text\"><em>Uwimana Tracy \u00e9tait confiante quand \u00e0 sa r\u00e9ussite au BEPC<\/em><\/figcaption><\/figure>\n<p style=\"text-align: justify;\">Uwimana Tracy, \u00e9l\u00e8ve au complexe scolaire notre dame de l\u2019Annonciation est l\u2019une des heureux admis de ce jour. Elle dit n\u2019avoir pas \u00e9t\u00e9 surprise de sa r\u00e9ussite. \u00ab La composition n\u2019\u00e9tait pas trop dure, puisque c\u2019\u00e9tait des choses plus faciles que ce qu\u2019on voyait \u00e0 l\u2019\u00e9cole. On \u00e9tait donc confiante et s\u00fbr d\u2019avoir le BEPC. Aujourd\u2019hui, on est Juste venu voir nos notes sinon nous m\u00eame on avait confiance. Ma maman aime le dire, il faut avoir confiance en soi. Et quand on venait compos\u00e9, on avait cette confiance. Je suis contente d\u2019\u00eatre admise et j\u2019esp\u00e8re avoir une bourse, parce que c\u2019est bien d\u2019avoir l&rsquo; examen mais surtout de pouvoir continuer ses \u00e9tudes au second cycle. Je suis \u00e9galement contente de voir que mes autres camarades sont aussi admis, de voir la joie sur leurs visages \u00bb, a-t-elle affirm\u00e9.<\/p>\n<p style=\"text-align: justify;\">Si Tracy \u00e9tait s\u00fbre d\u2019avoir son examen, l\u2019\u00e9l\u00e8ve Jacob, lui par contre avait des doutes quant \u00e0 son admission. \u00ab J\u2019ai r\u00e9ussi \u00e0 mon examen du BEPC et cela m\u2019a \u00e9tonn\u00e9, parce que j\u2019ai fait un mois \u00e0 la maison. Je n&rsquo;y croyais pas, mais avec l\u2019aide de ma m\u00e8re, tout s\u2019est bien pass\u00e9. Merci maman \u00bb, a-t-il laiss\u00e9 entendre.<\/p>\n<p style=\"text-align: justify;\">A noter que le LMG a regroup\u00e9 en son sein 03 jurys ( 28, 103 et 118). Quand nous quittions les lieux, le jury 103 \u00e9tait toujours en salle pour la d\u00e9lib\u00e9ration.<\/p>\n<figure id=\"attachment_7693\" aria-describedby=\"caption-attachment-7693\" style=\"width: 300px\" class=\"wp-caption alignleft\"><a href=\"https:\/\/www.latribunedufaso.net\/wp-content\/uploads\/2023\/06\/IMG-20230610-WA0000.jpg\"><img loading=\"lazy\" decoding=\"async\" class=\"wp-image-7693 size-medium\" src=\"https:\/\/www.latribunedufaso.net\/wp-content\/uploads\/2023\/06\/IMG-20230610-WA0000-300x225.jpg\" width=\"300\" height=\"225\" srcset=\"https:\/\/www.latribunedufaso.net\/wp-content\/uploads\/2023\/06\/IMG-20230610-WA0000-300x225.jpg 300w, https:\/\/www.latribunedufaso.net\/wp-content\/uploads\/2023\/06\/IMG-20230610-WA0000-768x576.jpg 768w, https:\/\/www.latribunedufaso.net\/wp-content\/uploads\/2023\/06\/IMG-20230610-WA0000.jpg 992w\" sizes=\"auto, (max-width: 300px) 100vw, 300px\" \/><\/a><figcaption id=\"caption-attachment-7693\" class=\"wp-caption-text\"><em>Honor\u00e9 Tapsoba, pr\u00e9sident du jury 28<\/em><\/figcaption><\/figure>\n<p style=\"text-align: justify;\">Il convient de rappeler que cette ann\u00e9e, le minist\u00e8re de l\u2019 Education nationale, de l\u2019alphab\u00e9tisation et de la promotion des langues nationales (MENAPLN), a mis en place un nouveau logiciel pour la gestion des examens et concours ( SIGEC : Syst\u00e8me int\u00e9gr\u00e9 de gestion des examens et concours). Ce logiciel, selon ledit minist\u00e8re lors de sa conf\u00e9rence de presse, tenue le jeudi 27 avril 2023 \u00e0 Ouagadougou, permet de g\u00e9rer les examens \u00e0 partir d\u2019une seule plateforme. Le pr\u00e9sident du jury 28 explique sa premi\u00e8re exp\u00e9rience dudit logiciel. \u00ab C\u2019est \u00e0 quelques jours de l\u2019examen qu\u2019on a commenc\u00e9 la formation sur le nouveau logiciel. Nous \u00e9tions habitu\u00e9s au \u00ab Sage\u00bb. Avec celui-l\u00e0, il y avait quelques \u00e9l\u00e9ments qui manquaient. Comparativement \u00e0 l\u2019autre, o\u00f9 on avait la liste par salle d\u00e8s le premier tour, avec celui-ci, c\u2019est \u00e0 nous de concevoir ces listes. Cela joue sur le travail au secr\u00e9tariat \u00a0\u00bb, a-t-il indiqu\u00e9 .<\/p>\n<p style=\"text-align: justify;\"><span style=\"font-size: 1.0625rem;\">L\u2019administration des \u00e9preuves du second tour est pr\u00e9vue pour le lundi 12 juin 2023, \u00e0 partir de 6h.<\/span><\/p>\n<p style=\"text-align: justify;\"><strong>Astride Kiendrebeogo et Nabintou Ouattara (stagiaire)<\/strong><\/p>\n<p style=\"text-align: justify;\"><strong>Latribunedufaso.net<\/strong><\/p>\n<p><a href=\"https:\/\/www.latribunedufaso.net\/wp-content\/uploads\/2023\/06\/IMG-20230610-WA0003.jpg\"><img loading=\"lazy\" decoding=\"async\" class=\"alignnone size-medium wp-image-7689\" src=\"https:\/\/www.latribunedufaso.net\/wp-content\/uploads\/2023\/06\/IMG-20230610-WA0003-300x225.jpg\" alt=\"\" width=\"300\" height=\"225\" srcset=\"https:\/\/www.latribunedufaso.net\/wp-content\/uploads\/2023\/06\/IMG-20230610-WA0003-300x225.jpg 300w, https:\/\/www.latribunedufaso.net\/wp-content\/uploads\/2023\/06\/IMG-20230610-WA0003-768x576.jpg 768w, https:\/\/www.latribunedufaso.net\/wp-content\/uploads\/2023\/06\/IMG-20230610-WA0003.jpg 992w\" sizes=\"auto, (max-width: 300px) 100vw, 300px\" \/><\/a><a href=\"https:\/\/www.latribunedufaso.net\/wp-content\/uploads\/2023\/06\/IMG-20230610-WA0006.jpg\"><img loading=\"lazy\" decoding=\"async\" class=\"alignnone size-medium wp-image-7688\" src=\"https:\/\/www.latribunedufaso.net\/wp-content\/uploads\/2023\/06\/IMG-20230610-WA0006-300x225.jpg\" alt=\"\" width=\"300\" height=\"225\" srcset=\"https:\/\/www.latribunedufaso.net\/wp-content\/uploads\/2023\/06\/IMG-20230610-WA0006-300x225.jpg 300w, https:\/\/www.latribunedufaso.net\/wp-content\/uploads\/2023\/06\/IMG-20230610-WA0006-768x576.jpg 768w, https:\/\/www.latribunedufaso.net\/wp-content\/uploads\/2023\/06\/IMG-20230610-WA0006.jpg 992w\" sizes=\"auto, (max-width: 300px) 100vw, 300px\" \/><\/a><\/p>\n","protected":false},"excerpt":{"rendered":"<p>La proclamation des r\u00e9sultats du Brevet d\u2019\u00e9tude du premier cycle (BEPC) session 2023 a eu lieu ce vendredi 9 juin 2023 \u00e0 Ouagadougou.<\/p>\n","protected":false},"author":2,"featured_media":7687,"comment_status":"open","ping_status":"open","sticky":false,"template":"","format":"standard","meta":{"footnotes":""},"categories":[13,1,8],"tags":[],"class_list":["post-7686","post","type-post","status-publish","format-standard","has-post-thumbnail","hentry","category-une","category-actu","category-societe"],"yoast_head":"<!-- This site is optimized with the Yoast SEO plugin v27.4 - https:\/\/yoast.com\/product\/yoast-seo-wordpress\/ -->\n<title>BEPC 2023 : Environ 200 admis sur 768 inscrits dans deux jurys du lyc\u00e9e mixte de Gounghin - La Tribune du Faso<\/title>\n<meta name=\"robots\" content=\"index, follow, max-snippet:-1, max-image-preview:large, max-video-preview:-1\" \/>\n<link rel=\"canonical\" href=\"https:\/\/www.latribunedufaso.net\/?p=7686\" \/>\n<meta property=\"og:locale\" content=\"fr_FR\" \/>\n<meta property=\"og:type\" content=\"article\" \/>\n<meta property=\"og:title\" content=\"BEPC 2023 : Environ 200 admis sur 768 inscrits dans deux jurys du lyc\u00e9e mixte de Gounghin - La Tribune du Faso\" \/>\n<meta property=\"og:description\" content=\"La proclamation des r\u00e9sultats du Brevet d\u2019\u00e9tude du premier cycle (BEPC) session 2023 a eu lieu ce vendredi 9 juin 2023 \u00e0 Ouagadougou.\" \/>\n<meta property=\"og:url\" content=\"https:\/\/www.latribunedufaso.net\/?p=7686\" \/>\n<meta property=\"og:site_name\" content=\"La Tribune du Faso\" \/>\n<meta property=\"article:publisher\" content=\"https:\/\/www.facebook.com\/LatribuneduFaso\/\" \/>\n<meta property=\"article:published_time\" content=\"2023-06-10T00:52:22+00:00\" \/>\n<meta property=\"article:modified_time\" content=\"2023-06-10T11:15:09+00:00\" \/>\n<meta property=\"og:image\" content=\"https:\/\/www.latribunedufaso.net\/wp-content\/uploads\/2023\/06\/IMG-20230610-WA0005.jpg\" \/>\n\t<meta property=\"og:image:width\" content=\"992\" \/>\n\t<meta property=\"og:image:height\" content=\"744\" \/>\n\t<meta property=\"og:image:type\" content=\"image\/jpeg\" \/>\n<meta name=\"author\" content=\"Administrateur\" \/>\n<meta name=\"twitter:label1\" content=\"\u00c9crit par\" \/>\n\t<meta name=\"twitter:data1\" content=\"Administrateur\" \/>\n\t<meta name=\"twitter:label2\" content=\"Dur\u00e9e de lecture estim\u00e9e\" \/>\n\t<meta name=\"twitter:data2\" content=\"3 minutes\" \/>\n<script type=\"application\/ld+json\" class=\"yoast-schema-graph\">{\"@context\":\"https:\\\/\\\/schema.org\",\"@graph\":[{\"@type\":\"Article\",\"@id\":\"https:\\\/\\\/www.latribunedufaso.net\\\/?p=7686#article\",\"isPartOf\":{\"@id\":\"https:\\\/\\\/www.latribunedufaso.net\\\/?p=7686\"},\"author\":{\"name\":\"Administrateur\",\"@id\":\"https:\\\/\\\/www.latribunedufaso.net\\\/#\\\/schema\\\/person\\\/a380782d0605bb8aae27c40ea93b35b1\"},\"headline\":\"BEPC 2023 : Environ 200 admis sur 768 inscrits dans deux jurys du lyc\u00e9e mixte de Gounghin\",\"datePublished\":\"2023-06-10T00:52:22+00:00\",\"dateModified\":\"2023-06-10T11:15:09+00:00\",\"mainEntityOfPage\":{\"@id\":\"https:\\\/\\\/www.latribunedufaso.net\\\/?p=7686\"},\"wordCount\":691,\"commentCount\":0,\"publisher\":{\"@id\":\"https:\\\/\\\/www.latribunedufaso.net\\\/#organization\"},\"image\":{\"@id\":\"https:\\\/\\\/www.latribunedufaso.net\\\/?p=7686#primaryimage\"},\"thumbnailUrl\":\"https:\\\/\\\/www.latribunedufaso.net\\\/wp-content\\\/uploads\\\/2023\\\/06\\\/IMG-20230610-WA0005.jpg\",\"articleSection\":[\"A la une\",\"Actualit\u00e9\",\"Soci\u00e9t\u00e9\"],\"inLanguage\":\"fr-FR\",\"potentialAction\":[{\"@type\":\"CommentAction\",\"name\":\"Comment\",\"target\":[\"https:\\\/\\\/www.latribunedufaso.net\\\/?p=7686#respond\"]}]},{\"@type\":\"WebPage\",\"@id\":\"https:\\\/\\\/www.latribunedufaso.net\\\/?p=7686\",\"url\":\"https:\\\/\\\/www.latribunedufaso.net\\\/?p=7686\",\"name\":\"BEPC 2023 : Environ 200 admis sur 768 inscrits dans deux jurys du lyc\u00e9e mixte de Gounghin - La Tribune du Faso\",\"isPartOf\":{\"@id\":\"https:\\\/\\\/www.latribunedufaso.net\\\/#website\"},\"primaryImageOfPage\":{\"@id\":\"https:\\\/\\\/www.latribunedufaso.net\\\/?p=7686#primaryimage\"},\"image\":{\"@id\":\"https:\\\/\\\/www.latribunedufaso.net\\\/?p=7686#primaryimage\"},\"thumbnailUrl\":\"https:\\\/\\\/www.latribunedufaso.net\\\/wp-content\\\/uploads\\\/2023\\\/06\\\/IMG-20230610-WA0005.jpg\",\"datePublished\":\"2023-06-10T00:52:22+00:00\",\"dateModified\":\"2023-06-10T11:15:09+00:00\",\"breadcrumb\":{\"@id\":\"https:\\\/\\\/www.latribunedufaso.net\\\/?p=7686#breadcrumb\"},\"inLanguage\":\"fr-FR\",\"potentialAction\":[{\"@type\":\"ReadAction\",\"target\":[\"https:\\\/\\\/www.latribunedufaso.net\\\/?p=7686\"]}]},{\"@type\":\"ImageObject\",\"inLanguage\":\"fr-FR\",\"@id\":\"https:\\\/\\\/www.latribunedufaso.net\\\/?p=7686#primaryimage\",\"url\":\"https:\\\/\\\/www.latribunedufaso.net\\\/wp-content\\\/uploads\\\/2023\\\/06\\\/IMG-20230610-WA0005.jpg\",\"contentUrl\":\"https:\\\/\\\/www.latribunedufaso.net\\\/wp-content\\\/uploads\\\/2023\\\/06\\\/IMG-20230610-WA0005.jpg\",\"width\":992,\"height\":744},{\"@type\":\"BreadcrumbList\",\"@id\":\"https:\\\/\\\/www.latribunedufaso.net\\\/?p=7686#breadcrumb\",\"itemListElement\":[{\"@type\":\"ListItem\",\"position\":1,\"name\":\"Accueil\",\"item\":\"https:\\\/\\\/www.latribunedufaso.net\\\/\"},{\"@type\":\"ListItem\",\"position\":2,\"name\":\"BEPC 2023 : Environ 200 admis sur 768 inscrits dans deux jurys du lyc\u00e9e mixte de Gounghin\"}]},{\"@type\":\"WebSite\",\"@id\":\"https:\\\/\\\/www.latribunedufaso.net\\\/#website\",\"url\":\"https:\\\/\\\/www.latribunedufaso.net\\\/\",\"name\":\"La Tribune du Faso\",\"description\":\"L&#039;information du monde rural en un clic\",\"publisher\":{\"@id\":\"https:\\\/\\\/www.latribunedufaso.net\\\/#organization\"},\"potentialAction\":[{\"@type\":\"SearchAction\",\"target\":{\"@type\":\"EntryPoint\",\"urlTemplate\":\"https:\\\/\\\/www.latribunedufaso.net\\\/?s={search_term_string}\"},\"query-input\":{\"@type\":\"PropertyValueSpecification\",\"valueRequired\":true,\"valueName\":\"search_term_string\"}}],\"inLanguage\":\"fr-FR\"},{\"@type\":\"Organization\",\"@id\":\"https:\\\/\\\/www.latribunedufaso.net\\\/#organization\",\"name\":\"La Tribune du Faso\",\"url\":\"https:\\\/\\\/www.latribunedufaso.net\\\/\",\"logo\":{\"@type\":\"ImageObject\",\"inLanguage\":\"fr-FR\",\"@id\":\"https:\\\/\\\/www.latribunedufaso.net\\\/#\\\/schema\\\/logo\\\/image\\\/\",\"url\":\"https:\\\/\\\/www.latribunedufaso.net\\\/wp-content\\\/uploads\\\/2020\\\/08\\\/Logo-Tribune-du-Faso-final-scaled.jpg\",\"contentUrl\":\"https:\\\/\\\/www.latribunedufaso.net\\\/wp-content\\\/uploads\\\/2020\\\/08\\\/Logo-Tribune-du-Faso-final-scaled.jpg\",\"width\":2560,\"height\":1856,\"caption\":\"La Tribune du Faso\"},\"image\":{\"@id\":\"https:\\\/\\\/www.latribunedufaso.net\\\/#\\\/schema\\\/logo\\\/image\\\/\"},\"sameAs\":[\"https:\\\/\\\/www.facebook.com\\\/LatribuneduFaso\\\/\"]},{\"@type\":\"Person\",\"@id\":\"https:\\\/\\\/www.latribunedufaso.net\\\/#\\\/schema\\\/person\\\/a380782d0605bb8aae27c40ea93b35b1\",\"name\":\"Administrateur\",\"image\":{\"@type\":\"ImageObject\",\"inLanguage\":\"fr-FR\",\"@id\":\"https:\\\/\\\/secure.gravatar.com\\\/avatar\\\/e20266f97d741f0e80ba1f60283074a9b3317fd7bfb727e0d95b51dafbf854a1?s=96&d=mm&r=g\",\"url\":\"https:\\\/\\\/secure.gravatar.com\\\/avatar\\\/e20266f97d741f0e80ba1f60283074a9b3317fd7bfb727e0d95b51dafbf854a1?s=96&d=mm&r=g\",\"contentUrl\":\"https:\\\/\\\/secure.gravatar.com\\\/avatar\\\/e20266f97d741f0e80ba1f60283074a9b3317fd7bfb727e0d95b51dafbf854a1?s=96&d=mm&r=g\",\"caption\":\"Administrateur\"},\"url\":\"https:\\\/\\\/www.latribunedufaso.net\\\/?author=2\"}]}<\/script>\n<!-- \/ Yoast SEO plugin. -->","yoast_head_json":{"title":"BEPC 2023 : Environ 200 admis sur 768 inscrits dans deux jurys du lyc\u00e9e mixte de Gounghin - La Tribune du Faso","robots":{"index":"index","follow":"follow","max-snippet":"max-snippet:-1","max-image-preview":"max-image-preview:large","max-video-preview":"max-video-preview:-1"},"canonical":"https:\/\/www.latribunedufaso.net\/?p=7686","og_locale":"fr_FR","og_type":"article","og_title":"BEPC 2023 : Environ 200 admis sur 768 inscrits dans deux jurys du lyc\u00e9e mixte de Gounghin - La Tribune du Faso","og_description":"La proclamation des r\u00e9sultats du Brevet d\u2019\u00e9tude du premier cycle (BEPC) session 2023 a eu lieu ce vendredi 9 juin 2023 \u00e0 Ouagadougou.","og_url":"https:\/\/www.latribunedufaso.net\/?p=7686","og_site_name":"La Tribune du Faso","article_publisher":"https:\/\/www.facebook.com\/LatribuneduFaso\/","article_published_time":"2023-06-10T00:52:22+00:00","article_modified_time":"2023-06-10T11:15:09+00:00","og_image":[{"width":992,"height":744,"url":"https:\/\/www.latribunedufaso.net\/wp-content\/uploads\/2023\/06\/IMG-20230610-WA0005.jpg","type":"image\/jpeg"}],"author":"Administrateur","twitter_misc":{"\u00c9crit par":"Administrateur","Dur\u00e9e de lecture estim\u00e9e":"3 minutes"},"schema":{"@context":"https:\/\/schema.org","@graph":[{"@type":"Article","@id":"https:\/\/www.latribunedufaso.net\/?p=7686#article","isPartOf":{"@id":"https:\/\/www.latribunedufaso.net\/?p=7686"},"author":{"name":"Administrateur","@id":"https:\/\/www.latribunedufaso.net\/#\/schema\/person\/a380782d0605bb8aae27c40ea93b35b1"},"headline":"BEPC 2023 : Environ 200 admis sur 768 inscrits dans deux jurys du lyc\u00e9e mixte de Gounghin","datePublished":"2023-06-10T00:52:22+00:00","dateModified":"2023-06-10T11:15:09+00:00","mainEntityOfPage":{"@id":"https:\/\/www.latribunedufaso.net\/?p=7686"},"wordCount":691,"commentCount":0,"publisher":{"@id":"https:\/\/www.latribunedufaso.net\/#organization"},"image":{"@id":"https:\/\/www.latribunedufaso.net\/?p=7686#primaryimage"},"thumbnailUrl":"https:\/\/www.latribunedufaso.net\/wp-content\/uploads\/2023\/06\/IMG-20230610-WA0005.jpg","articleSection":["A la une","Actualit\u00e9","Soci\u00e9t\u00e9"],"inLanguage":"fr-FR","potentialAction":[{"@type":"CommentAction","name":"Comment","target":["https:\/\/www.latribunedufaso.net\/?p=7686#respond"]}]},{"@type":"WebPage","@id":"https:\/\/www.latribunedufaso.net\/?p=7686","url":"https:\/\/www.latribunedufaso.net\/?p=7686","name":"BEPC 2023 : Environ 200 admis sur 768 inscrits dans deux jurys du lyc\u00e9e mixte de Gounghin - La Tribune du Faso","isPartOf":{"@id":"https:\/\/www.latribunedufaso.net\/#website"},"primaryImageOfPage":{"@id":"https:\/\/www.latribunedufaso.net\/?p=7686#primaryimage"},"image":{"@id":"https:\/\/www.latribunedufaso.net\/?p=7686#primaryimage"},"thumbnailUrl":"https:\/\/www.latribunedufaso.net\/wp-content\/uploads\/2023\/06\/IMG-20230610-WA0005.jpg","datePublished":"2023-06-10T00:52:22+00:00","dateModified":"2023-06-10T11:15:09+00:00","breadcrumb":{"@id":"https:\/\/www.latribunedufaso.net\/?p=7686#breadcrumb"},"inLanguage":"fr-FR","potentialAction":[{"@type":"ReadAction","target":["https:\/\/www.latribunedufaso.net\/?p=7686"]}]},{"@type":"ImageObject","inLanguage":"fr-FR","@id":"https:\/\/www.latribunedufaso.net\/?p=7686#primaryimage","url":"https:\/\/www.latribunedufaso.net\/wp-content\/uploads\/2023\/06\/IMG-20230610-WA0005.jpg","contentUrl":"https:\/\/www.latribunedufaso.net\/wp-content\/uploads\/2023\/06\/IMG-20230610-WA0005.jpg","width":992,"height":744},{"@type":"BreadcrumbList","@id":"https:\/\/www.latribunedufaso.net\/?p=7686#breadcrumb","itemListElement":[{"@type":"ListItem","position":1,"name":"Accueil","item":"https:\/\/www.latribunedufaso.net\/"},{"@type":"ListItem","position":2,"name":"BEPC 2023 : Environ 200 admis sur 768 inscrits dans deux jurys du lyc\u00e9e mixte de Gounghin"}]},{"@type":"WebSite","@id":"https:\/\/www.latribunedufaso.net\/#website","url":"https:\/\/www.latribunedufaso.net\/","name":"La Tribune du Faso","description":"L&#039;information du monde rural en un clic","publisher":{"@id":"https:\/\/www.latribunedufaso.net\/#organization"},"potentialAction":[{"@type":"SearchAction","target":{"@type":"EntryPoint","urlTemplate":"https:\/\/www.latribunedufaso.net\/?s={search_term_string}"},"query-input":{"@type":"PropertyValueSpecification","valueRequired":true,"valueName":"search_term_string"}}],"inLanguage":"fr-FR"},{"@type":"Organization","@id":"https:\/\/www.latribunedufaso.net\/#organization","name":"La Tribune du Faso","url":"https:\/\/www.latribunedufaso.net\/","logo":{"@type":"ImageObject","inLanguage":"fr-FR","@id":"https:\/\/www.latribunedufaso.net\/#\/schema\/logo\/image\/","url":"https:\/\/www.latribunedufaso.net\/wp-content\/uploads\/2020\/08\/Logo-Tribune-du-Faso-final-scaled.jpg","contentUrl":"https:\/\/www.latribunedufaso.net\/wp-content\/uploads\/2020\/08\/Logo-Tribune-du-Faso-final-scaled.jpg","width":2560,"height":1856,"caption":"La Tribune du Faso"},"image":{"@id":"https:\/\/www.latribunedufaso.net\/#\/schema\/logo\/image\/"},"sameAs":["https:\/\/www.facebook.com\/LatribuneduFaso\/"]},{"@type":"Person","@id":"https:\/\/www.latribunedufaso.net\/#\/schema\/person\/a380782d0605bb8aae27c40ea93b35b1","name":"Administrateur","image":{"@type":"ImageObject","inLanguage":"fr-FR","@id":"https:\/\/secure.gravatar.com\/avatar\/e20266f97d741f0e80ba1f60283074a9b3317fd7bfb727e0d95b51dafbf854a1?s=96&d=mm&r=g","url":"https:\/\/secure.gravatar.com\/avatar\/e20266f97d741f0e80ba1f60283074a9b3317fd7bfb727e0d95b51dafbf854a1?s=96&d=mm&r=g","contentUrl":"https:\/\/secure.gravatar.com\/avatar\/e20266f97d741f0e80ba1f60283074a9b3317fd7bfb727e0d95b51dafbf854a1?s=96&d=mm&r=g","caption":"Administrateur"},"url":"https:\/\/www.latribunedufaso.net\/?author=2"}]}},"_links":{"self":[{"href":"https:\/\/www.latribunedufaso.net\/index.php?rest_route=\/wp\/v2\/posts\/7686","targetHints":{"allow":["GET"]}}],"collection":[{"href":"https:\/\/www.latribunedufaso.net\/index.php?rest_route=\/wp\/v2\/posts"}],"about":[{"href":"https:\/\/www.latribunedufaso.net\/index.php?rest_route=\/wp\/v2\/types\/post"}],"author":[{"embeddable":true,"href":"https:\/\/www.latribunedufaso.net\/index.php?rest_route=\/wp\/v2\/users\/2"}],"replies":[{"embeddable":true,"href":"https:\/\/www.latribunedufaso.net\/index.php?rest_route=%2Fwp%2Fv2%2Fcomments&post=7686"}],"version-history":[{"count":2,"href":"https:\/\/www.latribunedufaso.net\/index.php?rest_route=\/wp\/v2\/posts\/7686\/revisions"}],"predecessor-version":[{"id":7695,"href":"https:\/\/www.latribunedufaso.net\/index.php?rest_route=\/wp\/v2\/posts\/7686\/revisions\/7695"}],"wp:featuredmedia":[{"embeddable":true,"href":"https:\/\/www.latribunedufaso.net\/index.php?rest_route=\/wp\/v2\/media\/7687"}],"wp:attachment":[{"href":"https:\/\/www.latribunedufaso.net\/index.php?rest_route=%2Fwp%2Fv2%2Fmedia&parent=7686"}],"wp:term":[{"taxonomy":"category","embeddable":true,"href":"https:\/\/www.latribunedufaso.net\/index.php?rest_route=%2Fwp%2Fv2%2Fcategories&post=7686"},{"taxonomy":"post_tag","embeddable":true,"href":"https:\/\/www.latribunedufaso.net\/index.php?rest_route=%2Fwp%2Fv2%2Ftags&post=7686"}],"curies":[{"name":"wp","href":"https:\/\/api.w.org\/{rel}","templated":true}]}}