{"id":7525,"date":"2023-05-11T11:19:39","date_gmt":"2023-05-11T11:19:39","guid":{"rendered":"https:\/\/www.latribunedufaso.net\/?p=7525"},"modified":"2023-05-17T11:25:17","modified_gmt":"2023-05-17T11:25:17","slug":"kunde-music-export-cest-parti-pour-la-premiere-edition","status":"publish","type":"post","link":"https:\/\/www.latribunedufaso.net\/?p=7525","title":{"rendered":"Kund\u00e9 music export : c\u2019est parti pour la premi\u00e8re \u00e9dition\u00a0"},"content":{"rendered":"<p style=\"text-align: justify;\"><strong><span style=\"font-size: 1.0625rem;\">En marge des kund\u00e9 2023, se tiennent du 10 au 11 mai 2023, les \u00ab kund\u00e9 music export \u00bb . La c\u00e9r\u00e9monie d&rsquo;ouverture a eu lieu ce mercredi 10 mai 2023 \u00e0 Ouagadougou. C\u2019\u00e9tait au cours d\u2019une conf\u00e9rence de presse pr\u00e9sid\u00e9e par le ministre de la Communication, de la culture, des arts et du tourisme, Jean-Emmanuel Ou\u00e9draogo, patron de cette premi\u00e8re \u00e9dition. Cela, en pr\u00e9sence de Salfo Sor\u00e9 alias Jah Presse, commissaire g\u00e9n\u00e9ral des kund\u00e9 et de Salif Traor\u00e9 alias A\u2019Salfo, commissaire g\u00e9n\u00e9ral du Festival des Musiques Urbaines d\u2019Anoumanbo ( FEMUA).<\/span><\/strong><!--more--><\/p>\n<p style=\"text-align: justify;\"><a href=\"https:\/\/www.latribunedufaso.net\/wp-content\/uploads\/2023\/05\/IMG-20230517-WA0009.jpg\"><img loading=\"lazy\" decoding=\"async\" class=\"size-medium wp-image-7529 alignleft\" src=\"https:\/\/www.latribunedufaso.net\/wp-content\/uploads\/2023\/05\/IMG-20230517-WA0009-300x225.jpg\" alt=\"\" width=\"300\" height=\"225\" srcset=\"https:\/\/www.latribunedufaso.net\/wp-content\/uploads\/2023\/05\/IMG-20230517-WA0009-300x225.jpg 300w, https:\/\/www.latribunedufaso.net\/wp-content\/uploads\/2023\/05\/IMG-20230517-WA0009-1024x768.jpg 1024w, https:\/\/www.latribunedufaso.net\/wp-content\/uploads\/2023\/05\/IMG-20230517-WA0009-768x576.jpg 768w, https:\/\/www.latribunedufaso.net\/wp-content\/uploads\/2023\/05\/IMG-20230517-WA0009.jpg 1280w\" sizes=\"auto, (max-width: 300px) 100vw, 300px\" \/><\/a>Pour information, les kund\u00e9 music export sont une innovation de cette 21\u00e8me \u00e9dition des kund\u00e9. Son objectif selon Jah Presse, est de cr\u00e9er un cadre de rencontre entre acheteurs internationaux de musiques et les staffs des artistes burkinab\u00e8 en vue d\u2019accro\u00eetre la pr\u00e9sence du spectacle vivant de la musique burkinab\u00e8 sur la sc\u00e8ne internationale et dans les m\u00e9dias internationaux.<\/p>\n<p style=\"text-align: justify;\">Dans ce sens, trois activit\u00e9s sont pr\u00e9vues pour les deux jours. Il s\u2019agit d<span style=\"font-size: 1.0625rem;\">es Showcases\u00a0 qui permettront de pr\u00e9senter dix artistes burkinab\u00e8 d\u00e9tenteurs d\u2019au moins un kund\u00e9 au festival, aux labels de musique et aux m\u00e9dias internationaux. Cette activit\u00e9 se d\u00e9roulera les 10 et 11 mai au CENASA ( Centre national des arts, du spectacle et de l\u2019audiovisuel) \u00e0 Ouagadougou, \u00e0 partir de 19h. Les artistes retenus sont Eunice Goulla , Greg burkimbila, Don Sharp de Botoro, Sissao, Nabal\u00fcm , et bien d\u2019autres.<\/span><\/p>\n<p style=\"text-align: justify;\">Le r\u00e9seautage qui servira de cadre de rencontres, d\u2019\u00e9changes et de partenariats d\u2019affaires entre les tourneurs festivals , les labels de musique, les m\u00e9dias internationaux et les staffs des artistes burkinab\u00e8.<\/p>\n<p style=\"text-align: justify;\">Les ateliers\u00a0qui visent \u00e0 renforcer les comp\u00e9tences et le professionnalisme des acteurs de la musique burkinab\u00e8 sur la gestion de carri\u00e8re \u00e0 l\u2019international et la mon\u00e9tisation . Aussi, ces ateliers permettront aux participants de ma\u00eetriser les proc\u00e9dures de diffusion des musiques dans les festivals et sur les m\u00e9dias internationaux.<\/p>\n<p style=\"text-align: justify;\">Pour Jean Emmanuel Ou\u00e9draogo, c\u2019est une chance qui est donn\u00e9e \u00e0 l\u2019ensemble des acteurs culturels en g\u00e9n\u00e9ral et de la fili\u00e8re musicale en particulier, de pouvoir saisir des opportunit\u00e9s. \u00ab\u00a0Nous avons des talents au Burkina Faso pour pouvoir v\u00e9ritablement imposer la musique burkinab\u00e8 hors de nos fronti\u00e8res. Ce qui manquait, ce sont des cadres de ce genre qui offre l\u2019opportunit\u00e9 \u00e0 ces acteurs l\u00e0 de rencontrer des promoteurs de l\u2019industrie musicale \u00bb, a-t-il affirm\u00e9\u00a0<\/p>\n<p style=\"text-align: justify;\">\u00ab Il nous semble donc logique de soutenir kund\u00e9 music export, qui laisse pr\u00e9sager des r\u00e9sultats probants, notamment en permettant d\u2019assurer \u00e0 terme un meilleur acc\u00e8s au march\u00e9 dans une logique de cr\u00e9ation d\u2019emplois durables dans le secteur et garantir des revenues pour une plus-value \u00e9conomique au plan national\u00a0\u00bb, a-t-il ajout\u00e9.<\/p>\n<p style=\"text-align: justify;\">Pour A\u2019Salfo, cette initiative est un signe que l\u2019Afrique dans toute sa composante est entrain de se r\u00e9veiller, \u00e0 commencer par les industries culturelles et cr\u00e9atives. \u00ab\u00a0Il y a 10 \u00e0 15 ans de cela, nos acteurs culturels en Afrique ne se retrouvaient jamais pour parler. On se croisait \u00e0 des festivals et s\u00e9minaires en Europe. Aujourd\u2019hui nous avons cette initiative, cet engagement de nos autorit\u00e9s \u00e0 promouvoir nos valeurs culturelles, surtout musicales sur notre continent. Nous nous devons en tant que acteurs, de participer pleinement \u00e0 l\u2019\u00e9volution de cette fili\u00e8re\u00bb, a-t-il expliqu\u00e9.<\/p>\n<p style=\"text-align: justify;\">En rappel, les kund\u00e9 sont une c\u00e9r\u00e9monie qui r\u00e9compense annuellement les meilleurs artistes burkinab\u00e8 et africains. Lanc\u00e9e en 2001, son ambition est de positionner les artistes burkinab\u00e8 sur la sc\u00e8ne internationale.<\/p>\n<p style=\"text-align: justify;\"><strong>Astride Kiendrebeogo<\/strong><\/p>\n<p style=\"text-align: justify;\"><strong>Latribunedufaso.net<\/strong><\/p>\n<p><a href=\"https:\/\/www.latribunedufaso.net\/wp-content\/uploads\/2023\/05\/IMG-20230517-WA0017.jpg\"><img loading=\"lazy\" decoding=\"async\" class=\"alignnone size-medium wp-image-7530\" src=\"https:\/\/www.latribunedufaso.net\/wp-content\/uploads\/2023\/05\/IMG-20230517-WA0017-300x225.jpg\" alt=\"\" width=\"300\" height=\"225\" srcset=\"https:\/\/www.latribunedufaso.net\/wp-content\/uploads\/2023\/05\/IMG-20230517-WA0017-300x225.jpg 300w, https:\/\/www.latribunedufaso.net\/wp-content\/uploads\/2023\/05\/IMG-20230517-WA0017-1024x768.jpg 1024w, https:\/\/www.latribunedufaso.net\/wp-content\/uploads\/2023\/05\/IMG-20230517-WA0017-768x576.jpg 768w, https:\/\/www.latribunedufaso.net\/wp-content\/uploads\/2023\/05\/IMG-20230517-WA0017.jpg 1280w\" sizes=\"auto, (max-width: 300px) 100vw, 300px\" \/><\/a> <a href=\"https:\/\/www.latribunedufaso.net\/wp-content\/uploads\/2023\/05\/IMG-20230517-WA0018.jpg\"><img loading=\"lazy\" decoding=\"async\" class=\"alignnone size-medium wp-image-7531\" src=\"https:\/\/www.latribunedufaso.net\/wp-content\/uploads\/2023\/05\/IMG-20230517-WA0018-300x225.jpg\" alt=\"\" width=\"300\" height=\"225\" srcset=\"https:\/\/www.latribunedufaso.net\/wp-content\/uploads\/2023\/05\/IMG-20230517-WA0018-300x225.jpg 300w, https:\/\/www.latribunedufaso.net\/wp-content\/uploads\/2023\/05\/IMG-20230517-WA0018-1024x768.jpg 1024w, https:\/\/www.latribunedufaso.net\/wp-content\/uploads\/2023\/05\/IMG-20230517-WA0018-768x576.jpg 768w, https:\/\/www.latribunedufaso.net\/wp-content\/uploads\/2023\/05\/IMG-20230517-WA0018.jpg 1280w\" sizes=\"auto, (max-width: 300px) 100vw, 300px\" \/><\/a> <a href=\"https:\/\/www.latribunedufaso.net\/wp-content\/uploads\/2023\/05\/IMG-20230517-WA0015.jpg\"><img loading=\"lazy\" decoding=\"async\" class=\"alignnone size-medium wp-image-7532\" src=\"https:\/\/www.latribunedufaso.net\/wp-content\/uploads\/2023\/05\/IMG-20230517-WA0015-300x225.jpg\" alt=\"\" width=\"300\" height=\"225\" srcset=\"https:\/\/www.latribunedufaso.net\/wp-content\/uploads\/2023\/05\/IMG-20230517-WA0015-300x225.jpg 300w, https:\/\/www.latribunedufaso.net\/wp-content\/uploads\/2023\/05\/IMG-20230517-WA0015-1024x768.jpg 1024w, https:\/\/www.latribunedufaso.net\/wp-content\/uploads\/2023\/05\/IMG-20230517-WA0015-768x576.jpg 768w, https:\/\/www.latribunedufaso.net\/wp-content\/uploads\/2023\/05\/IMG-20230517-WA0015.jpg 1280w\" sizes=\"auto, (max-width: 300px) 100vw, 300px\" \/><\/a> <a href=\"https:\/\/www.latribunedufaso.net\/wp-content\/uploads\/2023\/05\/IMG-20230517-WA0007.jpg\"><img loading=\"lazy\" decoding=\"async\" class=\"alignnone size-medium wp-image-7533\" src=\"https:\/\/www.latribunedufaso.net\/wp-content\/uploads\/2023\/05\/IMG-20230517-WA0007-300x225.jpg\" alt=\"\" width=\"300\" height=\"225\" srcset=\"https:\/\/www.latribunedufaso.net\/wp-content\/uploads\/2023\/05\/IMG-20230517-WA0007-300x225.jpg 300w, https:\/\/www.latribunedufaso.net\/wp-content\/uploads\/2023\/05\/IMG-20230517-WA0007-1024x768.jpg 1024w, https:\/\/www.latribunedufaso.net\/wp-content\/uploads\/2023\/05\/IMG-20230517-WA0007-768x576.jpg 768w, https:\/\/www.latribunedufaso.net\/wp-content\/uploads\/2023\/05\/IMG-20230517-WA0007.jpg 1280w\" sizes=\"auto, (max-width: 300px) 100vw, 300px\" \/><\/a> <a href=\"https:\/\/www.latribunedufaso.net\/wp-content\/uploads\/2023\/05\/IMG-20230517-WA0008.jpg\"><img loading=\"lazy\" decoding=\"async\" class=\"alignnone size-medium wp-image-7534\" src=\"https:\/\/www.latribunedufaso.net\/wp-content\/uploads\/2023\/05\/IMG-20230517-WA0008-300x225.jpg\" alt=\"\" width=\"300\" height=\"225\" srcset=\"https:\/\/www.latribunedufaso.net\/wp-content\/uploads\/2023\/05\/IMG-20230517-WA0008-300x225.jpg 300w, https:\/\/www.latribunedufaso.net\/wp-content\/uploads\/2023\/05\/IMG-20230517-WA0008-1024x768.jpg 1024w, https:\/\/www.latribunedufaso.net\/wp-content\/uploads\/2023\/05\/IMG-20230517-WA0008-768x576.jpg 768w, https:\/\/www.latribunedufaso.net\/wp-content\/uploads\/2023\/05\/IMG-20230517-WA0008.jpg 1280w\" sizes=\"auto, (max-width: 300px) 100vw, 300px\" \/><\/a><\/p>\n","protected":false},"excerpt":{"rendered":"<p>En marge des kund\u00e9 2023, se tiennent du 10 au 11 mai 2023, les \u00ab kund\u00e9 music export \u00bb . La c\u00e9r\u00e9monie d&rsquo;ouverture a eu lieu ce mercredi 10 mai 2023 \u00e0 Ouagadougou. C\u2019\u00e9tait au cours d\u2019une conf\u00e9rence de presse pr\u00e9sid\u00e9e par le ministre de la Communication, de la culture, des arts et du tourisme, Jean-Emmanuel Ou\u00e9draogo, patron de cette premi\u00e8re \u00e9dition. Cela, en pr\u00e9sence de Salfo Sor\u00e9 alias Jah Presse, commissaire g\u00e9n\u00e9ral des kund\u00e9 et de Salif Traor\u00e9 alias A\u2019Salfo, commissaire g\u00e9n\u00e9ral du Festival des Musiques Urbaines d\u2019Anoumanbo ( FEMUA).<\/p>\n","protected":false},"author":2,"featured_media":7526,"comment_status":"open","ping_status":"open","sticky":false,"template":"","format":"standard","meta":{"footnotes":""},"categories":[13,1,30],"tags":[],"class_list":["post-7525","post","type-post","status-publish","format-standard","has-post-thumbnail","hentry","category-une","category-actu","category-art-et-culture"],"yoast_head":"<!-- This site is optimized with the Yoast SEO plugin v27.5 - https:\/\/yoast.com\/product\/yoast-seo-wordpress\/ -->\n<title>Kund\u00e9 music export : c\u2019est parti pour la premi\u00e8re \u00e9dition\u00a0 - La Tribune du Faso<\/title>\n<meta name=\"robots\" content=\"index, follow, max-snippet:-1, max-image-preview:large, max-video-preview:-1\" \/>\n<link rel=\"canonical\" href=\"https:\/\/www.latribunedufaso.net\/?p=7525\" \/>\n<meta property=\"og:locale\" content=\"fr_FR\" \/>\n<meta property=\"og:type\" content=\"article\" \/>\n<meta property=\"og:title\" content=\"Kund\u00e9 music export : c\u2019est parti pour la premi\u00e8re \u00e9dition\u00a0 - La Tribune du Faso\" \/>\n<meta property=\"og:description\" content=\"En marge des kund\u00e9 2023, se tiennent du 10 au 11 mai 2023, les \u00ab kund\u00e9 music export \u00bb . La c\u00e9r\u00e9monie d&rsquo;ouverture a eu lieu ce mercredi 10 mai 2023 \u00e0 Ouagadougou. C\u2019\u00e9tait au cours d\u2019une conf\u00e9rence de presse pr\u00e9sid\u00e9e par le ministre de la Communication, de la culture, des arts et du tourisme, Jean-Emmanuel Ou\u00e9draogo, patron de cette premi\u00e8re \u00e9dition. Cela, en pr\u00e9sence de Salfo Sor\u00e9 alias Jah Presse, commissaire g\u00e9n\u00e9ral des kund\u00e9 et de Salif Traor\u00e9 alias A\u2019Salfo, commissaire g\u00e9n\u00e9ral du Festival des Musiques Urbaines d\u2019Anoumanbo ( FEMUA).\" \/>\n<meta property=\"og:url\" content=\"https:\/\/www.latribunedufaso.net\/?p=7525\" \/>\n<meta property=\"og:site_name\" content=\"La Tribune du Faso\" \/>\n<meta property=\"article:publisher\" content=\"https:\/\/www.facebook.com\/LatribuneduFaso\/\" \/>\n<meta property=\"article:published_time\" content=\"2023-05-11T11:19:39+00:00\" \/>\n<meta property=\"article:modified_time\" content=\"2023-05-17T11:25:17+00:00\" \/>\n<meta property=\"og:image\" content=\"https:\/\/www.latribunedufaso.net\/wp-content\/uploads\/2023\/05\/IMG-20230517-WA0014.jpg\" \/>\n\t<meta property=\"og:image:width\" content=\"1280\" \/>\n\t<meta property=\"og:image:height\" content=\"960\" \/>\n\t<meta property=\"og:image:type\" content=\"image\/jpeg\" \/>\n<meta name=\"author\" content=\"Administrateur\" \/>\n<meta name=\"twitter:label1\" content=\"\u00c9crit par\" \/>\n\t<meta name=\"twitter:data1\" content=\"Administrateur\" \/>\n\t<meta name=\"twitter:label2\" content=\"Dur\u00e9e de lecture estim\u00e9e\" \/>\n\t<meta name=\"twitter:data2\" content=\"3 minutes\" \/>\n<script type=\"application\/ld+json\" class=\"yoast-schema-graph\">{\"@context\":\"https:\\\/\\\/schema.org\",\"@graph\":[{\"@type\":\"Article\",\"@id\":\"https:\\\/\\\/www.latribunedufaso.net\\\/?p=7525#article\",\"isPartOf\":{\"@id\":\"https:\\\/\\\/www.latribunedufaso.net\\\/?p=7525\"},\"author\":{\"name\":\"Administrateur\",\"@id\":\"https:\\\/\\\/www.latribunedufaso.net\\\/#\\\/schema\\\/person\\\/a380782d0605bb8aae27c40ea93b35b1\"},\"headline\":\"Kund\u00e9 music export : c\u2019est parti pour la premi\u00e8re \u00e9dition\u00a0\",\"datePublished\":\"2023-05-11T11:19:39+00:00\",\"dateModified\":\"2023-05-17T11:25:17+00:00\",\"mainEntityOfPage\":{\"@id\":\"https:\\\/\\\/www.latribunedufaso.net\\\/?p=7525\"},\"wordCount\":620,\"commentCount\":0,\"publisher\":{\"@id\":\"https:\\\/\\\/www.latribunedufaso.net\\\/#organization\"},\"image\":{\"@id\":\"https:\\\/\\\/www.latribunedufaso.net\\\/?p=7525#primaryimage\"},\"thumbnailUrl\":\"https:\\\/\\\/www.latribunedufaso.net\\\/wp-content\\\/uploads\\\/2023\\\/05\\\/IMG-20230517-WA0014.jpg\",\"articleSection\":[\"A la une\",\"Actualit\u00e9\",\"Art et Culture\"],\"inLanguage\":\"fr-FR\",\"potentialAction\":[{\"@type\":\"CommentAction\",\"name\":\"Comment\",\"target\":[\"https:\\\/\\\/www.latribunedufaso.net\\\/?p=7525#respond\"]}]},{\"@type\":\"WebPage\",\"@id\":\"https:\\\/\\\/www.latribunedufaso.net\\\/?p=7525\",\"url\":\"https:\\\/\\\/www.latribunedufaso.net\\\/?p=7525\",\"name\":\"Kund\u00e9 music export : c\u2019est parti pour la premi\u00e8re \u00e9dition\u00a0 - La Tribune du Faso\",\"isPartOf\":{\"@id\":\"https:\\\/\\\/www.latribunedufaso.net\\\/#website\"},\"primaryImageOfPage\":{\"@id\":\"https:\\\/\\\/www.latribunedufaso.net\\\/?p=7525#primaryimage\"},\"image\":{\"@id\":\"https:\\\/\\\/www.latribunedufaso.net\\\/?p=7525#primaryimage\"},\"thumbnailUrl\":\"https:\\\/\\\/www.latribunedufaso.net\\\/wp-content\\\/uploads\\\/2023\\\/05\\\/IMG-20230517-WA0014.jpg\",\"datePublished\":\"2023-05-11T11:19:39+00:00\",\"dateModified\":\"2023-05-17T11:25:17+00:00\",\"breadcrumb\":{\"@id\":\"https:\\\/\\\/www.latribunedufaso.net\\\/?p=7525#breadcrumb\"},\"inLanguage\":\"fr-FR\",\"potentialAction\":[{\"@type\":\"ReadAction\",\"target\":[\"https:\\\/\\\/www.latribunedufaso.net\\\/?p=7525\"]}]},{\"@type\":\"ImageObject\",\"inLanguage\":\"fr-FR\",\"@id\":\"https:\\\/\\\/www.latribunedufaso.net\\\/?p=7525#primaryimage\",\"url\":\"https:\\\/\\\/www.latribunedufaso.net\\\/wp-content\\\/uploads\\\/2023\\\/05\\\/IMG-20230517-WA0014.jpg\",\"contentUrl\":\"https:\\\/\\\/www.latribunedufaso.net\\\/wp-content\\\/uploads\\\/2023\\\/05\\\/IMG-20230517-WA0014.jpg\",\"width\":1280,\"height\":960},{\"@type\":\"BreadcrumbList\",\"@id\":\"https:\\\/\\\/www.latribunedufaso.net\\\/?p=7525#breadcrumb\",\"itemListElement\":[{\"@type\":\"ListItem\",\"position\":1,\"name\":\"Accueil\",\"item\":\"https:\\\/\\\/www.latribunedufaso.net\\\/\"},{\"@type\":\"ListItem\",\"position\":2,\"name\":\"Kund\u00e9 music export : c\u2019est parti pour la premi\u00e8re \u00e9dition\u00a0\"}]},{\"@type\":\"WebSite\",\"@id\":\"https:\\\/\\\/www.latribunedufaso.net\\\/#website\",\"url\":\"https:\\\/\\\/www.latribunedufaso.net\\\/\",\"name\":\"La Tribune du Faso\",\"description\":\"L&#039;information du monde rural en un clic\",\"publisher\":{\"@id\":\"https:\\\/\\\/www.latribunedufaso.net\\\/#organization\"},\"potentialAction\":[{\"@type\":\"SearchAction\",\"target\":{\"@type\":\"EntryPoint\",\"urlTemplate\":\"https:\\\/\\\/www.latribunedufaso.net\\\/?s={search_term_string}\"},\"query-input\":{\"@type\":\"PropertyValueSpecification\",\"valueRequired\":true,\"valueName\":\"search_term_string\"}}],\"inLanguage\":\"fr-FR\"},{\"@type\":\"Organization\",\"@id\":\"https:\\\/\\\/www.latribunedufaso.net\\\/#organization\",\"name\":\"La Tribune du Faso\",\"url\":\"https:\\\/\\\/www.latribunedufaso.net\\\/\",\"logo\":{\"@type\":\"ImageObject\",\"inLanguage\":\"fr-FR\",\"@id\":\"https:\\\/\\\/www.latribunedufaso.net\\\/#\\\/schema\\\/logo\\\/image\\\/\",\"url\":\"https:\\\/\\\/www.latribunedufaso.net\\\/wp-content\\\/uploads\\\/2020\\\/08\\\/Logo-Tribune-du-Faso-final-scaled.jpg\",\"contentUrl\":\"https:\\\/\\\/www.latribunedufaso.net\\\/wp-content\\\/uploads\\\/2020\\\/08\\\/Logo-Tribune-du-Faso-final-scaled.jpg\",\"width\":2560,\"height\":1856,\"caption\":\"La Tribune du Faso\"},\"image\":{\"@id\":\"https:\\\/\\\/www.latribunedufaso.net\\\/#\\\/schema\\\/logo\\\/image\\\/\"},\"sameAs\":[\"https:\\\/\\\/www.facebook.com\\\/LatribuneduFaso\\\/\"]},{\"@type\":\"Person\",\"@id\":\"https:\\\/\\\/www.latribunedufaso.net\\\/#\\\/schema\\\/person\\\/a380782d0605bb8aae27c40ea93b35b1\",\"name\":\"Administrateur\",\"image\":{\"@type\":\"ImageObject\",\"inLanguage\":\"fr-FR\",\"@id\":\"https:\\\/\\\/secure.gravatar.com\\\/avatar\\\/e20266f97d741f0e80ba1f60283074a9b3317fd7bfb727e0d95b51dafbf854a1?s=96&d=mm&r=g\",\"url\":\"https:\\\/\\\/secure.gravatar.com\\\/avatar\\\/e20266f97d741f0e80ba1f60283074a9b3317fd7bfb727e0d95b51dafbf854a1?s=96&d=mm&r=g\",\"contentUrl\":\"https:\\\/\\\/secure.gravatar.com\\\/avatar\\\/e20266f97d741f0e80ba1f60283074a9b3317fd7bfb727e0d95b51dafbf854a1?s=96&d=mm&r=g\",\"caption\":\"Administrateur\"},\"url\":\"https:\\\/\\\/www.latribunedufaso.net\\\/?author=2\"}]}<\/script>\n<!-- \/ Yoast SEO plugin. -->","yoast_head_json":{"title":"Kund\u00e9 music export : c\u2019est parti pour la premi\u00e8re \u00e9dition\u00a0 - La Tribune du Faso","robots":{"index":"index","follow":"follow","max-snippet":"max-snippet:-1","max-image-preview":"max-image-preview:large","max-video-preview":"max-video-preview:-1"},"canonical":"https:\/\/www.latribunedufaso.net\/?p=7525","og_locale":"fr_FR","og_type":"article","og_title":"Kund\u00e9 music export : c\u2019est parti pour la premi\u00e8re \u00e9dition\u00a0 - La Tribune du Faso","og_description":"En marge des kund\u00e9 2023, se tiennent du 10 au 11 mai 2023, les \u00ab kund\u00e9 music export \u00bb . La c\u00e9r\u00e9monie d&rsquo;ouverture a eu lieu ce mercredi 10 mai 2023 \u00e0 Ouagadougou. C\u2019\u00e9tait au cours d\u2019une conf\u00e9rence de presse pr\u00e9sid\u00e9e par le ministre de la Communication, de la culture, des arts et du tourisme, Jean-Emmanuel Ou\u00e9draogo, patron de cette premi\u00e8re \u00e9dition. Cela, en pr\u00e9sence de Salfo Sor\u00e9 alias Jah Presse, commissaire g\u00e9n\u00e9ral des kund\u00e9 et de Salif Traor\u00e9 alias A\u2019Salfo, commissaire g\u00e9n\u00e9ral du Festival des Musiques Urbaines d\u2019Anoumanbo ( FEMUA).","og_url":"https:\/\/www.latribunedufaso.net\/?p=7525","og_site_name":"La Tribune du Faso","article_publisher":"https:\/\/www.facebook.com\/LatribuneduFaso\/","article_published_time":"2023-05-11T11:19:39+00:00","article_modified_time":"2023-05-17T11:25:17+00:00","og_image":[{"width":1280,"height":960,"url":"https:\/\/www.latribunedufaso.net\/wp-content\/uploads\/2023\/05\/IMG-20230517-WA0014.jpg","type":"image\/jpeg"}],"author":"Administrateur","twitter_misc":{"\u00c9crit par":"Administrateur","Dur\u00e9e de lecture estim\u00e9e":"3 minutes"},"schema":{"@context":"https:\/\/schema.org","@graph":[{"@type":"Article","@id":"https:\/\/www.latribunedufaso.net\/?p=7525#article","isPartOf":{"@id":"https:\/\/www.latribunedufaso.net\/?p=7525"},"author":{"name":"Administrateur","@id":"https:\/\/www.latribunedufaso.net\/#\/schema\/person\/a380782d0605bb8aae27c40ea93b35b1"},"headline":"Kund\u00e9 music export : c\u2019est parti pour la premi\u00e8re \u00e9dition\u00a0","datePublished":"2023-05-11T11:19:39+00:00","dateModified":"2023-05-17T11:25:17+00:00","mainEntityOfPage":{"@id":"https:\/\/www.latribunedufaso.net\/?p=7525"},"wordCount":620,"commentCount":0,"publisher":{"@id":"https:\/\/www.latribunedufaso.net\/#organization"},"image":{"@id":"https:\/\/www.latribunedufaso.net\/?p=7525#primaryimage"},"thumbnailUrl":"https:\/\/www.latribunedufaso.net\/wp-content\/uploads\/2023\/05\/IMG-20230517-WA0014.jpg","articleSection":["A la une","Actualit\u00e9","Art et Culture"],"inLanguage":"fr-FR","potentialAction":[{"@type":"CommentAction","name":"Comment","target":["https:\/\/www.latribunedufaso.net\/?p=7525#respond"]}]},{"@type":"WebPage","@id":"https:\/\/www.latribunedufaso.net\/?p=7525","url":"https:\/\/www.latribunedufaso.net\/?p=7525","name":"Kund\u00e9 music export : c\u2019est parti pour la premi\u00e8re \u00e9dition\u00a0 - La Tribune du Faso","isPartOf":{"@id":"https:\/\/www.latribunedufaso.net\/#website"},"primaryImageOfPage":{"@id":"https:\/\/www.latribunedufaso.net\/?p=7525#primaryimage"},"image":{"@id":"https:\/\/www.latribunedufaso.net\/?p=7525#primaryimage"},"thumbnailUrl":"https:\/\/www.latribunedufaso.net\/wp-content\/uploads\/2023\/05\/IMG-20230517-WA0014.jpg","datePublished":"2023-05-11T11:19:39+00:00","dateModified":"2023-05-17T11:25:17+00:00","breadcrumb":{"@id":"https:\/\/www.latribunedufaso.net\/?p=7525#breadcrumb"},"inLanguage":"fr-FR","potentialAction":[{"@type":"ReadAction","target":["https:\/\/www.latribunedufaso.net\/?p=7525"]}]},{"@type":"ImageObject","inLanguage":"fr-FR","@id":"https:\/\/www.latribunedufaso.net\/?p=7525#primaryimage","url":"https:\/\/www.latribunedufaso.net\/wp-content\/uploads\/2023\/05\/IMG-20230517-WA0014.jpg","contentUrl":"https:\/\/www.latribunedufaso.net\/wp-content\/uploads\/2023\/05\/IMG-20230517-WA0014.jpg","width":1280,"height":960},{"@type":"BreadcrumbList","@id":"https:\/\/www.latribunedufaso.net\/?p=7525#breadcrumb","itemListElement":[{"@type":"ListItem","position":1,"name":"Accueil","item":"https:\/\/www.latribunedufaso.net\/"},{"@type":"ListItem","position":2,"name":"Kund\u00e9 music export : c\u2019est parti pour la premi\u00e8re \u00e9dition\u00a0"}]},{"@type":"WebSite","@id":"https:\/\/www.latribunedufaso.net\/#website","url":"https:\/\/www.latribunedufaso.net\/","name":"La Tribune du Faso","description":"L&#039;information du monde rural en un clic","publisher":{"@id":"https:\/\/www.latribunedufaso.net\/#organization"},"potentialAction":[{"@type":"SearchAction","target":{"@type":"EntryPoint","urlTemplate":"https:\/\/www.latribunedufaso.net\/?s={search_term_string}"},"query-input":{"@type":"PropertyValueSpecification","valueRequired":true,"valueName":"search_term_string"}}],"inLanguage":"fr-FR"},{"@type":"Organization","@id":"https:\/\/www.latribunedufaso.net\/#organization","name":"La Tribune du Faso","url":"https:\/\/www.latribunedufaso.net\/","logo":{"@type":"ImageObject","inLanguage":"fr-FR","@id":"https:\/\/www.latribunedufaso.net\/#\/schema\/logo\/image\/","url":"https:\/\/www.latribunedufaso.net\/wp-content\/uploads\/2020\/08\/Logo-Tribune-du-Faso-final-scaled.jpg","contentUrl":"https:\/\/www.latribunedufaso.net\/wp-content\/uploads\/2020\/08\/Logo-Tribune-du-Faso-final-scaled.jpg","width":2560,"height":1856,"caption":"La Tribune du Faso"},"image":{"@id":"https:\/\/www.latribunedufaso.net\/#\/schema\/logo\/image\/"},"sameAs":["https:\/\/www.facebook.com\/LatribuneduFaso\/"]},{"@type":"Person","@id":"https:\/\/www.latribunedufaso.net\/#\/schema\/person\/a380782d0605bb8aae27c40ea93b35b1","name":"Administrateur","image":{"@type":"ImageObject","inLanguage":"fr-FR","@id":"https:\/\/secure.gravatar.com\/avatar\/e20266f97d741f0e80ba1f60283074a9b3317fd7bfb727e0d95b51dafbf854a1?s=96&d=mm&r=g","url":"https:\/\/secure.gravatar.com\/avatar\/e20266f97d741f0e80ba1f60283074a9b3317fd7bfb727e0d95b51dafbf854a1?s=96&d=mm&r=g","contentUrl":"https:\/\/secure.gravatar.com\/avatar\/e20266f97d741f0e80ba1f60283074a9b3317fd7bfb727e0d95b51dafbf854a1?s=96&d=mm&r=g","caption":"Administrateur"},"url":"https:\/\/www.latribunedufaso.net\/?author=2"}]}},"_links":{"self":[{"href":"https:\/\/www.latribunedufaso.net\/index.php?rest_route=\/wp\/v2\/posts\/7525","targetHints":{"allow":["GET"]}}],"collection":[{"href":"https:\/\/www.latribunedufaso.net\/index.php?rest_route=\/wp\/v2\/posts"}],"about":[{"href":"https:\/\/www.latribunedufaso.net\/index.php?rest_route=\/wp\/v2\/types\/post"}],"author":[{"embeddable":true,"href":"https:\/\/www.latribunedufaso.net\/index.php?rest_route=\/wp\/v2\/users\/2"}],"replies":[{"embeddable":true,"href":"https:\/\/www.latribunedufaso.net\/index.php?rest_route=%2Fwp%2Fv2%2Fcomments&post=7525"}],"version-history":[{"count":1,"href":"https:\/\/www.latribunedufaso.net\/index.php?rest_route=\/wp\/v2\/posts\/7525\/revisions"}],"predecessor-version":[{"id":7535,"href":"https:\/\/www.latribunedufaso.net\/index.php?rest_route=\/wp\/v2\/posts\/7525\/revisions\/7535"}],"wp:featuredmedia":[{"embeddable":true,"href":"https:\/\/www.latribunedufaso.net\/index.php?rest_route=\/wp\/v2\/media\/7526"}],"wp:attachment":[{"href":"https:\/\/www.latribunedufaso.net\/index.php?rest_route=%2Fwp%2Fv2%2Fmedia&parent=7525"}],"wp:term":[{"taxonomy":"category","embeddable":true,"href":"https:\/\/www.latribunedufaso.net\/index.php?rest_route=%2Fwp%2Fv2%2Fcategories&post=7525"},{"taxonomy":"post_tag","embeddable":true,"href":"https:\/\/www.latribunedufaso.net\/index.php?rest_route=%2Fwp%2Fv2%2Ftags&post=7525"}],"curies":[{"name":"wp","href":"https:\/\/api.w.org\/{rel}","templated":true}]}}