{"id":7491,"date":"2023-05-09T08:36:27","date_gmt":"2023-05-09T08:36:27","guid":{"rendered":"https:\/\/www.latribunedufaso.net\/?p=7491"},"modified":"2023-05-11T09:01:01","modified_gmt":"2023-05-11T09:01:01","slug":"inclusion-financiere-lassociation-rayim-taaba-pour-le-developpement-et-lentraide-arde-outille-une-soixantaine-de-personnes","status":"publish","type":"post","link":"https:\/\/www.latribunedufaso.net\/?p=7491","title":{"rendered":"Inclusion financi\u00e8re\u00a0: l\u2019Association Rayim-taaba pour le d\u00e9veloppement et l\u2019entraide (ARDE) outille une soixantaine de personnes\u00a0"},"content":{"rendered":"<p style=\"text-align: justify;\"><strong><span style=\"font-size: 1.0625rem;\">Du 08 au 10 mai 2023, l\u2019Association Rayim-taaba pour le d\u00e9veloppement et l\u2019entraide (ARDE) organise une formation sur l\u2019\u00e9ducation financi\u00e8re au profit d\u2019une soixantaine de personnes. L\u2019objectif est de permettre un \u00e9panouissement financier des participants. La c\u00e9r\u00e9monie d\u2019ouverture de l\u2019atelier a eu lieu ce lundi 08 mai 2023 \u00e0 Ouagadougou.<\/span><\/strong><br \/><!--more--><\/p>\n<p style=\"text-align: justify;\"><a href=\"https:\/\/www.latribunedufaso.net\/wp-content\/uploads\/2023\/05\/IMG-20230508-WA0025.jpg\"><img loading=\"lazy\" decoding=\"async\" class=\"size-medium wp-image-7495 alignleft\" src=\"https:\/\/www.latribunedufaso.net\/wp-content\/uploads\/2023\/05\/IMG-20230508-WA0025-300x225.jpg\" alt=\"\" width=\"300\" height=\"225\" srcset=\"https:\/\/www.latribunedufaso.net\/wp-content\/uploads\/2023\/05\/IMG-20230508-WA0025-300x225.jpg 300w, https:\/\/www.latribunedufaso.net\/wp-content\/uploads\/2023\/05\/IMG-20230508-WA0025-1024x768.jpg 1024w, https:\/\/www.latribunedufaso.net\/wp-content\/uploads\/2023\/05\/IMG-20230508-WA0025-768x576.jpg 768w, https:\/\/www.latribunedufaso.net\/wp-content\/uploads\/2023\/05\/IMG-20230508-WA0025.jpg 1040w\" sizes=\"auto, (max-width: 300px) 100vw, 300px\" \/><\/a> Pour le pr\u00e9sident de l\u2019Association Rayim-taaba pour le d\u00e9veloppement et l\u2019entraide (ARDE), Cyril Kagamb\u00e8ga, le besoin de l\u2019organisation de cette formation est motiv\u00e9 par un constat de la situation \u00e9conomique peu reluisante de la population burkinab\u00e8 en g\u00e9n\u00e9ral et des membres de l\u2019association en particulier. C\u2019est donc dans ce cadre que s\u2019est tenue la formation qui, au-del\u00e0 des membres de l\u2019ARDE, est ouverte \u00e0 d\u2019autres personnes. <span style=\"font-size: 1.0625rem;\">Environ une soixantaine de participants prennent part \u00e0 cette activit\u00e9. Selon le formateur \u00c9variste Conombo, agent au secr\u00e9tariat technique pour la promotion de l\u2019inclusion financi\u00e8re, les participants seront form\u00e9s sur l\u2019\u00e9ducation financi\u00e8re qui est un ensemble de connaissances, d\u2019aptitudes, d\u2019attitudes et de comp\u00e9tences qui permet de faire des choix \u00e9clair\u00e9s pour prendre des d\u00e9cisions efficaces sur l\u2019utilisation et la gestion de ses ressources.<\/span><\/p>\n<p style=\"text-align: justify;\">Pendant ces 3 jours, les participants verront leurs comp\u00e9tences renforc\u00e9es sur essentiellement 4 modules \u00e0 savoir le budget, l\u2019\u00e9pargne, la dette et les services financiers d\u00e9centralis\u00e9s.<\/p>\n<p style=\"text-align: justify;\">En effet, Sur la budg\u00e9tisation, il s\u2019agira d\u2019aborder les notions sur la pression financi\u00e8re, le but financier et les diff\u00e9rentes \u00e9tapes d\u2019\u00e9laboration du budget. Pour le module sur l\u2019\u00e9pargne, les participants prendrons connaissance des raisons pour faire une \u00e9pargne, des difficult\u00e9s et comment les surmonter, de l&rsquo;\u00e9laboration d\u2019un plan d\u2019\u00e9pargne, des options d\u2019\u00e9pargne et un focus sera fait sur les fonds d\u2019urgence.<\/p>\n<p style=\"text-align: justify;\">Le module sur la dette\u00a0va \u00e9difier les participants sur la diff\u00e9rence entre pr\u00eat et dette, les raisons pour lesquelles on peut contracter un cr\u00e9dit, comment \u00e9viter le surendettement et les co\u00fbts li\u00e9s \u00e0 l\u2019emprunt et les institutions vers lesquelles il faut se diriger pour b\u00e9n\u00e9ficier de ces produits. Le dernier module va aborder les services financiers num\u00e9riques en faisant un focus sur la monnaie \u00e9lectronique notamment les enjeux de l\u2019utilisation des services de mobile money.<\/p>\n<p style=\"text-align: justify;\">Les participants ont exprim\u00e9 leur joie quant \u00e0 la tenue de la formation qui leur permettra de renforcer leurs comp\u00e9tences afin de mieux g\u00e9rer leurs ressources. \u00ab\u00a0Cette formation permettra de renforcer nos comp\u00e9tences sur 4 modules parmi lesquels deux ont plus retenus mon attention \u00e0 savoir la dette et l&rsquo;\u00e9pargne. En dehors de mes \u00e9tudes, j&rsquo;envisage me lancer dans l&rsquo;entrepreneuriat. Donc je pense que les comp\u00e9tences que je vais acqu\u00e9rir \u00e0 l&rsquo;issue de la pr\u00e9sente formation me seront d&rsquo;une grande utilit\u00e9\u00a0\u00bb a indiqu\u00e9 Raymonde Compaor\u00e9, \u00e9tudiante \u00e0 l&rsquo;Universit\u00e9 Joseph Ki-Zerbo. Victor Kagamb\u00e8ga, membre du bureau de l\u2019ARDE et participant \u00e0 la formation abonde dans le m\u00eame sens. \u00ab\u00a0Je salue la tenue de la formation. elle nous permettra de g\u00e9rer convenablement le peu de ressources que nous gagnons\u00a0\u00bb a-t-il laiss\u00e9 entendre.<\/p>\n<p style=\"text-align: justify;\"><strong>Issouf Tapsoba\u00a0<\/strong><\/p>\n<p style=\"text-align: justify;\"><strong>Latribunedufaso.net<\/strong><\/p>\n<p><a href=\"https:\/\/www.latribunedufaso.net\/wp-content\/uploads\/2023\/05\/IMG-20230509-WA0019.jpg\"><img loading=\"lazy\" decoding=\"async\" class=\"alignnone size-medium wp-image-7493\" src=\"https:\/\/www.latribunedufaso.net\/wp-content\/uploads\/2023\/05\/IMG-20230509-WA0019-300x225.jpg\" alt=\"\" width=\"300\" height=\"225\" srcset=\"https:\/\/www.latribunedufaso.net\/wp-content\/uploads\/2023\/05\/IMG-20230509-WA0019-300x225.jpg 300w, https:\/\/www.latribunedufaso.net\/wp-content\/uploads\/2023\/05\/IMG-20230509-WA0019-1024x768.jpg 1024w, https:\/\/www.latribunedufaso.net\/wp-content\/uploads\/2023\/05\/IMG-20230509-WA0019-768x576.jpg 768w, https:\/\/www.latribunedufaso.net\/wp-content\/uploads\/2023\/05\/IMG-20230509-WA0019.jpg 1040w\" sizes=\"auto, (max-width: 300px) 100vw, 300px\" \/><\/a><a href=\"https:\/\/www.latribunedufaso.net\/wp-content\/uploads\/2023\/05\/IMG-20230509-WA0020.jpg\"><img loading=\"lazy\" decoding=\"async\" class=\"alignnone size-medium wp-image-7494\" src=\"https:\/\/www.latribunedufaso.net\/wp-content\/uploads\/2023\/05\/IMG-20230509-WA0020-300x225.jpg\" alt=\"\" width=\"300\" height=\"225\" srcset=\"https:\/\/www.latribunedufaso.net\/wp-content\/uploads\/2023\/05\/IMG-20230509-WA0020-300x225.jpg 300w, https:\/\/www.latribunedufaso.net\/wp-content\/uploads\/2023\/05\/IMG-20230509-WA0020-1024x768.jpg 1024w, https:\/\/www.latribunedufaso.net\/wp-content\/uploads\/2023\/05\/IMG-20230509-WA0020-768x576.jpg 768w, https:\/\/www.latribunedufaso.net\/wp-content\/uploads\/2023\/05\/IMG-20230509-WA0020.jpg 1040w\" sizes=\"auto, (max-width: 300px) 100vw, 300px\" \/><\/a><a href=\"https:\/\/www.latribunedufaso.net\/wp-content\/uploads\/2023\/05\/IMG-20230508-WA0026.jpg\"><img loading=\"lazy\" decoding=\"async\" class=\"alignnone size-medium wp-image-7496\" src=\"https:\/\/www.latribunedufaso.net\/wp-content\/uploads\/2023\/05\/IMG-20230508-WA0026-300x225.jpg\" alt=\"\" width=\"300\" height=\"225\" srcset=\"https:\/\/www.latribunedufaso.net\/wp-content\/uploads\/2023\/05\/IMG-20230508-WA0026-300x225.jpg 300w, https:\/\/www.latribunedufaso.net\/wp-content\/uploads\/2023\/05\/IMG-20230508-WA0026-1024x768.jpg 1024w, https:\/\/www.latribunedufaso.net\/wp-content\/uploads\/2023\/05\/IMG-20230508-WA0026-768x576.jpg 768w, https:\/\/www.latribunedufaso.net\/wp-content\/uploads\/2023\/05\/IMG-20230508-WA0026.jpg 1040w\" sizes=\"auto, (max-width: 300px) 100vw, 300px\" \/><\/a><a href=\"https:\/\/www.latribunedufaso.net\/wp-content\/uploads\/2023\/05\/IMG-20230508-WA0024.jpg\"><img loading=\"lazy\" decoding=\"async\" class=\"alignnone size-medium wp-image-7497\" src=\"https:\/\/www.latribunedufaso.net\/wp-content\/uploads\/2023\/05\/IMG-20230508-WA0024-300x225.jpg\" alt=\"\" width=\"300\" height=\"225\" srcset=\"https:\/\/www.latribunedufaso.net\/wp-content\/uploads\/2023\/05\/IMG-20230508-WA0024-300x225.jpg 300w, https:\/\/www.latribunedufaso.net\/wp-content\/uploads\/2023\/05\/IMG-20230508-WA0024-1024x768.jpg 1024w, https:\/\/www.latribunedufaso.net\/wp-content\/uploads\/2023\/05\/IMG-20230508-WA0024-768x576.jpg 768w, https:\/\/www.latribunedufaso.net\/wp-content\/uploads\/2023\/05\/IMG-20230508-WA0024.jpg 1040w\" sizes=\"auto, (max-width: 300px) 100vw, 300px\" \/><\/a><a href=\"https:\/\/www.latribunedufaso.net\/wp-content\/uploads\/2023\/05\/IMG-20230508-WA0027.jpg\"><img loading=\"lazy\" decoding=\"async\" class=\"alignnone size-medium wp-image-7498\" src=\"https:\/\/www.latribunedufaso.net\/wp-content\/uploads\/2023\/05\/IMG-20230508-WA0027-300x225.jpg\" alt=\"\" width=\"300\" height=\"225\" srcset=\"https:\/\/www.latribunedufaso.net\/wp-content\/uploads\/2023\/05\/IMG-20230508-WA0027-300x225.jpg 300w, https:\/\/www.latribunedufaso.net\/wp-content\/uploads\/2023\/05\/IMG-20230508-WA0027-1024x768.jpg 1024w, https:\/\/www.latribunedufaso.net\/wp-content\/uploads\/2023\/05\/IMG-20230508-WA0027-768x576.jpg 768w, https:\/\/www.latribunedufaso.net\/wp-content\/uploads\/2023\/05\/IMG-20230508-WA0027.jpg 1040w\" sizes=\"auto, (max-width: 300px) 100vw, 300px\" \/><\/a><a href=\"https:\/\/www.latribunedufaso.net\/wp-content\/uploads\/2023\/05\/IMG-20230508-WA0024.jpg\"><\/a><\/p>\n","protected":false},"excerpt":{"rendered":"<p>Du 08 au 10 mai 2023, l\u2019Association Rayim-taaba pour le d\u00e9veloppement et l\u2019entraide (ARDE) organise une formation sur l\u2019\u00e9ducation financi\u00e8re au profit d\u2019une soixantaine de personnes. L\u2019objectif est de permettre un \u00e9panouissement financier des participants. La c\u00e9r\u00e9monie d\u2019ouverture de l\u2019atelier a eu lieu ce lundi 08 mai 2023 \u00e0 Ouagadougou.<\/p>\n","protected":false},"author":2,"featured_media":7492,"comment_status":"open","ping_status":"open","sticky":false,"template":"","format":"standard","meta":{"footnotes":""},"categories":[13,1,10],"tags":[],"class_list":["post-7491","post","type-post","status-publish","format-standard","has-post-thumbnail","hentry","category-une","category-actu","category-eco"],"yoast_head":"<!-- This site is optimized with the Yoast SEO plugin v27.4 - https:\/\/yoast.com\/product\/yoast-seo-wordpress\/ -->\n<title>Inclusion financi\u00e8re\u00a0: l\u2019Association Rayim-taaba pour le d\u00e9veloppement et l\u2019entraide (ARDE) outille une soixantaine de personnes\u00a0 - La Tribune du Faso<\/title>\n<meta name=\"robots\" content=\"index, follow, max-snippet:-1, max-image-preview:large, max-video-preview:-1\" \/>\n<link rel=\"canonical\" href=\"https:\/\/www.latribunedufaso.net\/?p=7491\" \/>\n<meta property=\"og:locale\" content=\"fr_FR\" \/>\n<meta property=\"og:type\" content=\"article\" \/>\n<meta property=\"og:title\" content=\"Inclusion financi\u00e8re\u00a0: l\u2019Association Rayim-taaba pour le d\u00e9veloppement et l\u2019entraide (ARDE) outille une soixantaine de personnes\u00a0 - La Tribune du Faso\" \/>\n<meta property=\"og:description\" content=\"Du 08 au 10 mai 2023, l\u2019Association Rayim-taaba pour le d\u00e9veloppement et l\u2019entraide (ARDE) organise une formation sur l\u2019\u00e9ducation financi\u00e8re au profit d\u2019une soixantaine de personnes. L\u2019objectif est de permettre un \u00e9panouissement financier des participants. La c\u00e9r\u00e9monie d\u2019ouverture de l\u2019atelier a eu lieu ce lundi 08 mai 2023 \u00e0 Ouagadougou.\" \/>\n<meta property=\"og:url\" content=\"https:\/\/www.latribunedufaso.net\/?p=7491\" \/>\n<meta property=\"og:site_name\" content=\"La Tribune du Faso\" \/>\n<meta property=\"article:publisher\" content=\"https:\/\/www.facebook.com\/LatribuneduFaso\/\" \/>\n<meta property=\"article:published_time\" content=\"2023-05-09T08:36:27+00:00\" \/>\n<meta property=\"article:modified_time\" content=\"2023-05-11T09:01:01+00:00\" \/>\n<meta property=\"og:image\" content=\"https:\/\/www.latribunedufaso.net\/wp-content\/uploads\/2023\/05\/IMG-20230509-WA0017.jpg\" \/>\n\t<meta property=\"og:image:width\" content=\"1040\" \/>\n\t<meta property=\"og:image:height\" content=\"780\" \/>\n\t<meta property=\"og:image:type\" content=\"image\/jpeg\" \/>\n<meta name=\"author\" content=\"Administrateur\" \/>\n<meta name=\"twitter:label1\" content=\"\u00c9crit par\" \/>\n\t<meta name=\"twitter:data1\" content=\"Administrateur\" \/>\n\t<meta name=\"twitter:label2\" content=\"Dur\u00e9e de lecture estim\u00e9e\" \/>\n\t<meta name=\"twitter:data2\" content=\"3 minutes\" \/>\n<script type=\"application\/ld+json\" class=\"yoast-schema-graph\">{\"@context\":\"https:\\\/\\\/schema.org\",\"@graph\":[{\"@type\":\"Article\",\"@id\":\"https:\\\/\\\/www.latribunedufaso.net\\\/?p=7491#article\",\"isPartOf\":{\"@id\":\"https:\\\/\\\/www.latribunedufaso.net\\\/?p=7491\"},\"author\":{\"name\":\"Administrateur\",\"@id\":\"https:\\\/\\\/www.latribunedufaso.net\\\/#\\\/schema\\\/person\\\/a380782d0605bb8aae27c40ea93b35b1\"},\"headline\":\"Inclusion financi\u00e8re\u00a0: l\u2019Association Rayim-taaba pour le d\u00e9veloppement et l\u2019entraide (ARDE) outille une soixantaine de personnes\u00a0\",\"datePublished\":\"2023-05-09T08:36:27+00:00\",\"dateModified\":\"2023-05-11T09:01:01+00:00\",\"mainEntityOfPage\":{\"@id\":\"https:\\\/\\\/www.latribunedufaso.net\\\/?p=7491\"},\"wordCount\":558,\"commentCount\":0,\"publisher\":{\"@id\":\"https:\\\/\\\/www.latribunedufaso.net\\\/#organization\"},\"image\":{\"@id\":\"https:\\\/\\\/www.latribunedufaso.net\\\/?p=7491#primaryimage\"},\"thumbnailUrl\":\"https:\\\/\\\/www.latribunedufaso.net\\\/wp-content\\\/uploads\\\/2023\\\/05\\\/IMG-20230509-WA0017.jpg\",\"articleSection\":[\"A la une\",\"Actualit\u00e9\",\"Economie\"],\"inLanguage\":\"fr-FR\",\"potentialAction\":[{\"@type\":\"CommentAction\",\"name\":\"Comment\",\"target\":[\"https:\\\/\\\/www.latribunedufaso.net\\\/?p=7491#respond\"]}]},{\"@type\":\"WebPage\",\"@id\":\"https:\\\/\\\/www.latribunedufaso.net\\\/?p=7491\",\"url\":\"https:\\\/\\\/www.latribunedufaso.net\\\/?p=7491\",\"name\":\"Inclusion financi\u00e8re\u00a0: l\u2019Association Rayim-taaba pour le d\u00e9veloppement et l\u2019entraide (ARDE) outille une soixantaine de personnes\u00a0 - La Tribune du Faso\",\"isPartOf\":{\"@id\":\"https:\\\/\\\/www.latribunedufaso.net\\\/#website\"},\"primaryImageOfPage\":{\"@id\":\"https:\\\/\\\/www.latribunedufaso.net\\\/?p=7491#primaryimage\"},\"image\":{\"@id\":\"https:\\\/\\\/www.latribunedufaso.net\\\/?p=7491#primaryimage\"},\"thumbnailUrl\":\"https:\\\/\\\/www.latribunedufaso.net\\\/wp-content\\\/uploads\\\/2023\\\/05\\\/IMG-20230509-WA0017.jpg\",\"datePublished\":\"2023-05-09T08:36:27+00:00\",\"dateModified\":\"2023-05-11T09:01:01+00:00\",\"breadcrumb\":{\"@id\":\"https:\\\/\\\/www.latribunedufaso.net\\\/?p=7491#breadcrumb\"},\"inLanguage\":\"fr-FR\",\"potentialAction\":[{\"@type\":\"ReadAction\",\"target\":[\"https:\\\/\\\/www.latribunedufaso.net\\\/?p=7491\"]}]},{\"@type\":\"ImageObject\",\"inLanguage\":\"fr-FR\",\"@id\":\"https:\\\/\\\/www.latribunedufaso.net\\\/?p=7491#primaryimage\",\"url\":\"https:\\\/\\\/www.latribunedufaso.net\\\/wp-content\\\/uploads\\\/2023\\\/05\\\/IMG-20230509-WA0017.jpg\",\"contentUrl\":\"https:\\\/\\\/www.latribunedufaso.net\\\/wp-content\\\/uploads\\\/2023\\\/05\\\/IMG-20230509-WA0017.jpg\",\"width\":1040,\"height\":780},{\"@type\":\"BreadcrumbList\",\"@id\":\"https:\\\/\\\/www.latribunedufaso.net\\\/?p=7491#breadcrumb\",\"itemListElement\":[{\"@type\":\"ListItem\",\"position\":1,\"name\":\"Accueil\",\"item\":\"https:\\\/\\\/www.latribunedufaso.net\\\/\"},{\"@type\":\"ListItem\",\"position\":2,\"name\":\"Inclusion financi\u00e8re\u00a0: l\u2019Association Rayim-taaba pour le d\u00e9veloppement et l\u2019entraide (ARDE) outille une soixantaine de personnes\u00a0\"}]},{\"@type\":\"WebSite\",\"@id\":\"https:\\\/\\\/www.latribunedufaso.net\\\/#website\",\"url\":\"https:\\\/\\\/www.latribunedufaso.net\\\/\",\"name\":\"La Tribune du Faso\",\"description\":\"L&#039;information du monde rural en un clic\",\"publisher\":{\"@id\":\"https:\\\/\\\/www.latribunedufaso.net\\\/#organization\"},\"potentialAction\":[{\"@type\":\"SearchAction\",\"target\":{\"@type\":\"EntryPoint\",\"urlTemplate\":\"https:\\\/\\\/www.latribunedufaso.net\\\/?s={search_term_string}\"},\"query-input\":{\"@type\":\"PropertyValueSpecification\",\"valueRequired\":true,\"valueName\":\"search_term_string\"}}],\"inLanguage\":\"fr-FR\"},{\"@type\":\"Organization\",\"@id\":\"https:\\\/\\\/www.latribunedufaso.net\\\/#organization\",\"name\":\"La Tribune du Faso\",\"url\":\"https:\\\/\\\/www.latribunedufaso.net\\\/\",\"logo\":{\"@type\":\"ImageObject\",\"inLanguage\":\"fr-FR\",\"@id\":\"https:\\\/\\\/www.latribunedufaso.net\\\/#\\\/schema\\\/logo\\\/image\\\/\",\"url\":\"https:\\\/\\\/www.latribunedufaso.net\\\/wp-content\\\/uploads\\\/2020\\\/08\\\/Logo-Tribune-du-Faso-final-scaled.jpg\",\"contentUrl\":\"https:\\\/\\\/www.latribunedufaso.net\\\/wp-content\\\/uploads\\\/2020\\\/08\\\/Logo-Tribune-du-Faso-final-scaled.jpg\",\"width\":2560,\"height\":1856,\"caption\":\"La Tribune du Faso\"},\"image\":{\"@id\":\"https:\\\/\\\/www.latribunedufaso.net\\\/#\\\/schema\\\/logo\\\/image\\\/\"},\"sameAs\":[\"https:\\\/\\\/www.facebook.com\\\/LatribuneduFaso\\\/\"]},{\"@type\":\"Person\",\"@id\":\"https:\\\/\\\/www.latribunedufaso.net\\\/#\\\/schema\\\/person\\\/a380782d0605bb8aae27c40ea93b35b1\",\"name\":\"Administrateur\",\"image\":{\"@type\":\"ImageObject\",\"inLanguage\":\"fr-FR\",\"@id\":\"https:\\\/\\\/secure.gravatar.com\\\/avatar\\\/e20266f97d741f0e80ba1f60283074a9b3317fd7bfb727e0d95b51dafbf854a1?s=96&d=mm&r=g\",\"url\":\"https:\\\/\\\/secure.gravatar.com\\\/avatar\\\/e20266f97d741f0e80ba1f60283074a9b3317fd7bfb727e0d95b51dafbf854a1?s=96&d=mm&r=g\",\"contentUrl\":\"https:\\\/\\\/secure.gravatar.com\\\/avatar\\\/e20266f97d741f0e80ba1f60283074a9b3317fd7bfb727e0d95b51dafbf854a1?s=96&d=mm&r=g\",\"caption\":\"Administrateur\"},\"url\":\"https:\\\/\\\/www.latribunedufaso.net\\\/?author=2\"}]}<\/script>\n<!-- \/ Yoast SEO plugin. -->","yoast_head_json":{"title":"Inclusion financi\u00e8re\u00a0: l\u2019Association Rayim-taaba pour le d\u00e9veloppement et l\u2019entraide (ARDE) outille une soixantaine de personnes\u00a0 - La Tribune du Faso","robots":{"index":"index","follow":"follow","max-snippet":"max-snippet:-1","max-image-preview":"max-image-preview:large","max-video-preview":"max-video-preview:-1"},"canonical":"https:\/\/www.latribunedufaso.net\/?p=7491","og_locale":"fr_FR","og_type":"article","og_title":"Inclusion financi\u00e8re\u00a0: l\u2019Association Rayim-taaba pour le d\u00e9veloppement et l\u2019entraide (ARDE) outille une soixantaine de personnes\u00a0 - La Tribune du Faso","og_description":"Du 08 au 10 mai 2023, l\u2019Association Rayim-taaba pour le d\u00e9veloppement et l\u2019entraide (ARDE) organise une formation sur l\u2019\u00e9ducation financi\u00e8re au profit d\u2019une soixantaine de personnes. L\u2019objectif est de permettre un \u00e9panouissement financier des participants. La c\u00e9r\u00e9monie d\u2019ouverture de l\u2019atelier a eu lieu ce lundi 08 mai 2023 \u00e0 Ouagadougou.","og_url":"https:\/\/www.latribunedufaso.net\/?p=7491","og_site_name":"La Tribune du Faso","article_publisher":"https:\/\/www.facebook.com\/LatribuneduFaso\/","article_published_time":"2023-05-09T08:36:27+00:00","article_modified_time":"2023-05-11T09:01:01+00:00","og_image":[{"width":1040,"height":780,"url":"https:\/\/www.latribunedufaso.net\/wp-content\/uploads\/2023\/05\/IMG-20230509-WA0017.jpg","type":"image\/jpeg"}],"author":"Administrateur","twitter_misc":{"\u00c9crit par":"Administrateur","Dur\u00e9e de lecture estim\u00e9e":"3 minutes"},"schema":{"@context":"https:\/\/schema.org","@graph":[{"@type":"Article","@id":"https:\/\/www.latribunedufaso.net\/?p=7491#article","isPartOf":{"@id":"https:\/\/www.latribunedufaso.net\/?p=7491"},"author":{"name":"Administrateur","@id":"https:\/\/www.latribunedufaso.net\/#\/schema\/person\/a380782d0605bb8aae27c40ea93b35b1"},"headline":"Inclusion financi\u00e8re\u00a0: l\u2019Association Rayim-taaba pour le d\u00e9veloppement et l\u2019entraide (ARDE) outille une soixantaine de personnes\u00a0","datePublished":"2023-05-09T08:36:27+00:00","dateModified":"2023-05-11T09:01:01+00:00","mainEntityOfPage":{"@id":"https:\/\/www.latribunedufaso.net\/?p=7491"},"wordCount":558,"commentCount":0,"publisher":{"@id":"https:\/\/www.latribunedufaso.net\/#organization"},"image":{"@id":"https:\/\/www.latribunedufaso.net\/?p=7491#primaryimage"},"thumbnailUrl":"https:\/\/www.latribunedufaso.net\/wp-content\/uploads\/2023\/05\/IMG-20230509-WA0017.jpg","articleSection":["A la une","Actualit\u00e9","Economie"],"inLanguage":"fr-FR","potentialAction":[{"@type":"CommentAction","name":"Comment","target":["https:\/\/www.latribunedufaso.net\/?p=7491#respond"]}]},{"@type":"WebPage","@id":"https:\/\/www.latribunedufaso.net\/?p=7491","url":"https:\/\/www.latribunedufaso.net\/?p=7491","name":"Inclusion financi\u00e8re\u00a0: l\u2019Association Rayim-taaba pour le d\u00e9veloppement et l\u2019entraide (ARDE) outille une soixantaine de personnes\u00a0 - La Tribune du Faso","isPartOf":{"@id":"https:\/\/www.latribunedufaso.net\/#website"},"primaryImageOfPage":{"@id":"https:\/\/www.latribunedufaso.net\/?p=7491#primaryimage"},"image":{"@id":"https:\/\/www.latribunedufaso.net\/?p=7491#primaryimage"},"thumbnailUrl":"https:\/\/www.latribunedufaso.net\/wp-content\/uploads\/2023\/05\/IMG-20230509-WA0017.jpg","datePublished":"2023-05-09T08:36:27+00:00","dateModified":"2023-05-11T09:01:01+00:00","breadcrumb":{"@id":"https:\/\/www.latribunedufaso.net\/?p=7491#breadcrumb"},"inLanguage":"fr-FR","potentialAction":[{"@type":"ReadAction","target":["https:\/\/www.latribunedufaso.net\/?p=7491"]}]},{"@type":"ImageObject","inLanguage":"fr-FR","@id":"https:\/\/www.latribunedufaso.net\/?p=7491#primaryimage","url":"https:\/\/www.latribunedufaso.net\/wp-content\/uploads\/2023\/05\/IMG-20230509-WA0017.jpg","contentUrl":"https:\/\/www.latribunedufaso.net\/wp-content\/uploads\/2023\/05\/IMG-20230509-WA0017.jpg","width":1040,"height":780},{"@type":"BreadcrumbList","@id":"https:\/\/www.latribunedufaso.net\/?p=7491#breadcrumb","itemListElement":[{"@type":"ListItem","position":1,"name":"Accueil","item":"https:\/\/www.latribunedufaso.net\/"},{"@type":"ListItem","position":2,"name":"Inclusion financi\u00e8re\u00a0: l\u2019Association Rayim-taaba pour le d\u00e9veloppement et l\u2019entraide (ARDE) outille une soixantaine de personnes\u00a0"}]},{"@type":"WebSite","@id":"https:\/\/www.latribunedufaso.net\/#website","url":"https:\/\/www.latribunedufaso.net\/","name":"La Tribune du Faso","description":"L&#039;information du monde rural en un clic","publisher":{"@id":"https:\/\/www.latribunedufaso.net\/#organization"},"potentialAction":[{"@type":"SearchAction","target":{"@type":"EntryPoint","urlTemplate":"https:\/\/www.latribunedufaso.net\/?s={search_term_string}"},"query-input":{"@type":"PropertyValueSpecification","valueRequired":true,"valueName":"search_term_string"}}],"inLanguage":"fr-FR"},{"@type":"Organization","@id":"https:\/\/www.latribunedufaso.net\/#organization","name":"La Tribune du Faso","url":"https:\/\/www.latribunedufaso.net\/","logo":{"@type":"ImageObject","inLanguage":"fr-FR","@id":"https:\/\/www.latribunedufaso.net\/#\/schema\/logo\/image\/","url":"https:\/\/www.latribunedufaso.net\/wp-content\/uploads\/2020\/08\/Logo-Tribune-du-Faso-final-scaled.jpg","contentUrl":"https:\/\/www.latribunedufaso.net\/wp-content\/uploads\/2020\/08\/Logo-Tribune-du-Faso-final-scaled.jpg","width":2560,"height":1856,"caption":"La Tribune du Faso"},"image":{"@id":"https:\/\/www.latribunedufaso.net\/#\/schema\/logo\/image\/"},"sameAs":["https:\/\/www.facebook.com\/LatribuneduFaso\/"]},{"@type":"Person","@id":"https:\/\/www.latribunedufaso.net\/#\/schema\/person\/a380782d0605bb8aae27c40ea93b35b1","name":"Administrateur","image":{"@type":"ImageObject","inLanguage":"fr-FR","@id":"https:\/\/secure.gravatar.com\/avatar\/e20266f97d741f0e80ba1f60283074a9b3317fd7bfb727e0d95b51dafbf854a1?s=96&d=mm&r=g","url":"https:\/\/secure.gravatar.com\/avatar\/e20266f97d741f0e80ba1f60283074a9b3317fd7bfb727e0d95b51dafbf854a1?s=96&d=mm&r=g","contentUrl":"https:\/\/secure.gravatar.com\/avatar\/e20266f97d741f0e80ba1f60283074a9b3317fd7bfb727e0d95b51dafbf854a1?s=96&d=mm&r=g","caption":"Administrateur"},"url":"https:\/\/www.latribunedufaso.net\/?author=2"}]}},"_links":{"self":[{"href":"https:\/\/www.latribunedufaso.net\/index.php?rest_route=\/wp\/v2\/posts\/7491","targetHints":{"allow":["GET"]}}],"collection":[{"href":"https:\/\/www.latribunedufaso.net\/index.php?rest_route=\/wp\/v2\/posts"}],"about":[{"href":"https:\/\/www.latribunedufaso.net\/index.php?rest_route=\/wp\/v2\/types\/post"}],"author":[{"embeddable":true,"href":"https:\/\/www.latribunedufaso.net\/index.php?rest_route=\/wp\/v2\/users\/2"}],"replies":[{"embeddable":true,"href":"https:\/\/www.latribunedufaso.net\/index.php?rest_route=%2Fwp%2Fv2%2Fcomments&post=7491"}],"version-history":[{"count":1,"href":"https:\/\/www.latribunedufaso.net\/index.php?rest_route=\/wp\/v2\/posts\/7491\/revisions"}],"predecessor-version":[{"id":7499,"href":"https:\/\/www.latribunedufaso.net\/index.php?rest_route=\/wp\/v2\/posts\/7491\/revisions\/7499"}],"wp:featuredmedia":[{"embeddable":true,"href":"https:\/\/www.latribunedufaso.net\/index.php?rest_route=\/wp\/v2\/media\/7492"}],"wp:attachment":[{"href":"https:\/\/www.latribunedufaso.net\/index.php?rest_route=%2Fwp%2Fv2%2Fmedia&parent=7491"}],"wp:term":[{"taxonomy":"category","embeddable":true,"href":"https:\/\/www.latribunedufaso.net\/index.php?rest_route=%2Fwp%2Fv2%2Fcategories&post=7491"},{"taxonomy":"post_tag","embeddable":true,"href":"https:\/\/www.latribunedufaso.net\/index.php?rest_route=%2Fwp%2Fv2%2Ftags&post=7491"}],"curies":[{"name":"wp","href":"https:\/\/api.w.org\/{rel}","templated":true}]}}