{"id":7426,"date":"2023-04-24T10:52:12","date_gmt":"2023-04-24T10:52:12","guid":{"rendered":"https:\/\/www.latribunedufaso.net\/?p=7426"},"modified":"2023-04-24T11:37:47","modified_gmt":"2023-04-24T11:37:47","slug":"agriculture-un-besoin-cerealier-de-72-000-tonnes-pour-la-population","status":"publish","type":"post","link":"https:\/\/www.latribunedufaso.net\/?p=7426","title":{"rendered":"Agriculture : Un besoin c\u00e9r\u00e9alier de 72 000 tonnes pour la population\u00a0"},"content":{"rendered":"<p style=\"text-align: justify;\"><strong><span style=\"font-size: 1.0625rem;\">\u00ab Gouvernance des projets et programmes pour une r\u00e9elle contribution \u00e0 la r\u00e9alisation des missions du minist\u00e8re : solutions et perspectives \u00bb. C&rsquo;est sous ce th\u00e8me que ce tient ce lundi 24 avril 2023, \u00e0 Ouagadougou, la premi\u00e8re session ordinaire de l\u2019ann\u00e9e 2023 du Conseil d\u2019administration (CASEM) du minist\u00e8re de l\u2019Agriculture. Objectif, examiner le rapport bilan de la mise en \u0153uvre des activit\u00e9s de 2022.<\/span><\/strong><br \/><!--more--><\/p>\n<p style=\"text-align: justify;\"><span style=\"font-size: 1.0625rem;\"><a href=\"https:\/\/www.latribunedufaso.net\/wp-content\/uploads\/2023\/04\/IMG-20230424-WA0004.jpg\"><img loading=\"lazy\" decoding=\"async\" class=\"size-medium wp-image-7428 alignleft\" src=\"https:\/\/www.latribunedufaso.net\/wp-content\/uploads\/2023\/04\/IMG-20230424-WA0004-300x225.jpg\" alt=\"\" width=\"300\" height=\"225\" srcset=\"https:\/\/www.latribunedufaso.net\/wp-content\/uploads\/2023\/04\/IMG-20230424-WA0004-300x225.jpg 300w, https:\/\/www.latribunedufaso.net\/wp-content\/uploads\/2023\/04\/IMG-20230424-WA0004-1024x768.jpg 1024w, https:\/\/www.latribunedufaso.net\/wp-content\/uploads\/2023\/04\/IMG-20230424-WA0004-768x576.jpg 768w, https:\/\/www.latribunedufaso.net\/wp-content\/uploads\/2023\/04\/IMG-20230424-WA0004.jpg 1040w\" sizes=\"auto, (max-width: 300px) 100vw, 300px\" \/><\/a>Selon le ministre de l\u2019Agriculture, des ressources animales et halieutiques, Dr Denis Ou\u00e9draogo, de fa\u00e7on globale, le taux d\u2019ex\u00e9cution des activit\u00e9s est de 75% du point de vue physique et 76% du point de vue financier. Au cours de la campagne, le pays a atteint une production de 5,18 millions tonnes. En plus, les efforts de l\u2019Etat et ses partenaires ont permis entre autres de mettre \u00e0 la disposition des producteurs 30 772,9 tonnes d\u2019engrais min\u00e9raux \u00e0 prix subventionn\u00e9, de r\u00e9aliser 82 mod\u00e8les d\u2019exploitation agricole, d\u2019ins\u00e9miner 2 937 vaches et de produire localement 106,5 tonnes d\u2019aliments pour poissons.<\/span><\/p>\n<p style=\"text-align: justify;\">Cependant, en ce qui concerne les besoins c\u00e9r\u00e9aliers de la population, la production de l\u2019ann\u00e9e 2022 s\u2019av\u00e8re insuffisante avec un d\u00e9ficit de plus de 72 000 tonnes. \u00ab Apr\u00e8s analyse, nous auront besoin d\u2019apporter un appui \u00e0 plus de 2 millions de personnes, soit 10% de la population Burkinab\u00e8 \u00bb a-t-il poursuivi.\u00a0<\/p>\n<p style=\"text-align: justify;\">Ce d\u00e9ficit est d\u00fb \u00e0 un ensemble de facteurs notamment la non adoption des bonnes pratiques agricoles, le d\u00e9placement de populations laissant leur r\u00e9colte et la persistance des attaques parasitaires.<\/p>\n<p style=\"text-align: justify;\">Pour inverser la tendance, l\u2019accent sera mis sur l\u2019appui-conseil des producteurs pour qu\u2019ils puissent respecter scrupuleusement les itin\u00e9raires techniques et adopter les bonnes pratiques agricoles.<\/p>\n<p style=\"text-align: justify;\"><strong>Issouf Tapsoba\u00a0<\/strong><\/p>\n<p style=\"text-align: justify;\"><strong>#Latribunesufaso.net<\/strong><\/p>\n<p style=\"text-align: justify;\"><a href=\"https:\/\/www.latribunedufaso.net\/wp-content\/uploads\/2023\/04\/IMG-20230424-WA0013.jpg\"><img loading=\"lazy\" decoding=\"async\" class=\"alignnone size-medium wp-image-7429\" src=\"https:\/\/www.latribunedufaso.net\/wp-content\/uploads\/2023\/04\/IMG-20230424-WA0013-300x225.jpg\" alt=\"\" width=\"300\" height=\"225\" srcset=\"https:\/\/www.latribunedufaso.net\/wp-content\/uploads\/2023\/04\/IMG-20230424-WA0013-300x225.jpg 300w, https:\/\/www.latribunedufaso.net\/wp-content\/uploads\/2023\/04\/IMG-20230424-WA0013-1024x768.jpg 1024w, https:\/\/www.latribunedufaso.net\/wp-content\/uploads\/2023\/04\/IMG-20230424-WA0013-768x576.jpg 768w, https:\/\/www.latribunedufaso.net\/wp-content\/uploads\/2023\/04\/IMG-20230424-WA0013.jpg 1040w\" sizes=\"auto, (max-width: 300px) 100vw, 300px\" \/><\/a><\/p>\n","protected":false},"excerpt":{"rendered":"<p>\u00ab Gouvernance des projets et programmes pour une r\u00e9elle contribution \u00e0 la r\u00e9alisation des missions du minist\u00e8re : solutions et perspectives \u00bb. C&rsquo;est sous ce th\u00e8me que ce tient ce lundi 24 avril 2023, \u00e0 Ouagadougou, la premi\u00e8re session ordinaire de l\u2019ann\u00e9e 2023 du Conseil d\u2019administration (CASEM) du minist\u00e8re de l\u2019Agriculture. Objectif, examiner le rapport bilan de la mise en \u0153uvre des activit\u00e9s de 2022.<\/p>\n","protected":false},"author":2,"featured_media":7427,"comment_status":"open","ping_status":"open","sticky":false,"template":"","format":"standard","meta":{"footnotes":""},"categories":[13,1,3],"tags":[],"class_list":["post-7426","post","type-post","status-publish","format-standard","has-post-thumbnail","hentry","category-une","category-actu","category-agri"],"yoast_head":"<!-- This site is optimized with the Yoast SEO plugin v27.5 - https:\/\/yoast.com\/product\/yoast-seo-wordpress\/ -->\n<title>Agriculture : Un besoin c\u00e9r\u00e9alier de 72 000 tonnes pour la population\u00a0 - La Tribune du Faso<\/title>\n<meta name=\"robots\" content=\"index, follow, max-snippet:-1, max-image-preview:large, max-video-preview:-1\" \/>\n<link rel=\"canonical\" href=\"https:\/\/www.latribunedufaso.net\/?p=7426\" \/>\n<meta property=\"og:locale\" content=\"fr_FR\" \/>\n<meta property=\"og:type\" content=\"article\" \/>\n<meta property=\"og:title\" content=\"Agriculture : Un besoin c\u00e9r\u00e9alier de 72 000 tonnes pour la population\u00a0 - La Tribune du Faso\" \/>\n<meta property=\"og:description\" content=\"\u00ab Gouvernance des projets et programmes pour une r\u00e9elle contribution \u00e0 la r\u00e9alisation des missions du minist\u00e8re : solutions et perspectives \u00bb. C&rsquo;est sous ce th\u00e8me que ce tient ce lundi 24 avril 2023, \u00e0 Ouagadougou, la premi\u00e8re session ordinaire de l\u2019ann\u00e9e 2023 du Conseil d\u2019administration (CASEM) du minist\u00e8re de l\u2019Agriculture. Objectif, examiner le rapport bilan de la mise en \u0153uvre des activit\u00e9s de 2022.\" \/>\n<meta property=\"og:url\" content=\"https:\/\/www.latribunedufaso.net\/?p=7426\" \/>\n<meta property=\"og:site_name\" content=\"La Tribune du Faso\" \/>\n<meta property=\"article:publisher\" content=\"https:\/\/www.facebook.com\/LatribuneduFaso\/\" \/>\n<meta property=\"article:published_time\" content=\"2023-04-24T10:52:12+00:00\" \/>\n<meta property=\"article:modified_time\" content=\"2023-04-24T11:37:47+00:00\" \/>\n<meta property=\"og:image\" content=\"https:\/\/www.latribunedufaso.net\/wp-content\/uploads\/2023\/04\/IMG-20230424-WA0009.jpg\" \/>\n\t<meta property=\"og:image:width\" content=\"1040\" \/>\n\t<meta property=\"og:image:height\" content=\"780\" \/>\n\t<meta property=\"og:image:type\" content=\"image\/jpeg\" \/>\n<meta name=\"author\" content=\"Administrateur\" \/>\n<meta name=\"twitter:label1\" content=\"\u00c9crit par\" \/>\n\t<meta name=\"twitter:data1\" content=\"Administrateur\" \/>\n\t<meta name=\"twitter:label2\" content=\"Dur\u00e9e de lecture estim\u00e9e\" \/>\n\t<meta name=\"twitter:data2\" content=\"1 minute\" \/>\n<script type=\"application\/ld+json\" class=\"yoast-schema-graph\">{\"@context\":\"https:\\\/\\\/schema.org\",\"@graph\":[{\"@type\":\"Article\",\"@id\":\"https:\\\/\\\/www.latribunedufaso.net\\\/?p=7426#article\",\"isPartOf\":{\"@id\":\"https:\\\/\\\/www.latribunedufaso.net\\\/?p=7426\"},\"author\":{\"name\":\"Administrateur\",\"@id\":\"https:\\\/\\\/www.latribunedufaso.net\\\/#\\\/schema\\\/person\\\/a380782d0605bb8aae27c40ea93b35b1\"},\"headline\":\"Agriculture : Un besoin c\u00e9r\u00e9alier de 72 000 tonnes pour la population\u00a0\",\"datePublished\":\"2023-04-24T10:52:12+00:00\",\"dateModified\":\"2023-04-24T11:37:47+00:00\",\"mainEntityOfPage\":{\"@id\":\"https:\\\/\\\/www.latribunedufaso.net\\\/?p=7426\"},\"wordCount\":299,\"commentCount\":0,\"publisher\":{\"@id\":\"https:\\\/\\\/www.latribunedufaso.net\\\/#organization\"},\"image\":{\"@id\":\"https:\\\/\\\/www.latribunedufaso.net\\\/?p=7426#primaryimage\"},\"thumbnailUrl\":\"https:\\\/\\\/www.latribunedufaso.net\\\/wp-content\\\/uploads\\\/2023\\\/04\\\/IMG-20230424-WA0009.jpg\",\"articleSection\":[\"A la une\",\"Actualit\u00e9\",\"Agriculture\"],\"inLanguage\":\"fr-FR\",\"potentialAction\":[{\"@type\":\"CommentAction\",\"name\":\"Comment\",\"target\":[\"https:\\\/\\\/www.latribunedufaso.net\\\/?p=7426#respond\"]}]},{\"@type\":\"WebPage\",\"@id\":\"https:\\\/\\\/www.latribunedufaso.net\\\/?p=7426\",\"url\":\"https:\\\/\\\/www.latribunedufaso.net\\\/?p=7426\",\"name\":\"Agriculture : Un besoin c\u00e9r\u00e9alier de 72 000 tonnes pour la population\u00a0 - La Tribune du Faso\",\"isPartOf\":{\"@id\":\"https:\\\/\\\/www.latribunedufaso.net\\\/#website\"},\"primaryImageOfPage\":{\"@id\":\"https:\\\/\\\/www.latribunedufaso.net\\\/?p=7426#primaryimage\"},\"image\":{\"@id\":\"https:\\\/\\\/www.latribunedufaso.net\\\/?p=7426#primaryimage\"},\"thumbnailUrl\":\"https:\\\/\\\/www.latribunedufaso.net\\\/wp-content\\\/uploads\\\/2023\\\/04\\\/IMG-20230424-WA0009.jpg\",\"datePublished\":\"2023-04-24T10:52:12+00:00\",\"dateModified\":\"2023-04-24T11:37:47+00:00\",\"breadcrumb\":{\"@id\":\"https:\\\/\\\/www.latribunedufaso.net\\\/?p=7426#breadcrumb\"},\"inLanguage\":\"fr-FR\",\"potentialAction\":[{\"@type\":\"ReadAction\",\"target\":[\"https:\\\/\\\/www.latribunedufaso.net\\\/?p=7426\"]}]},{\"@type\":\"ImageObject\",\"inLanguage\":\"fr-FR\",\"@id\":\"https:\\\/\\\/www.latribunedufaso.net\\\/?p=7426#primaryimage\",\"url\":\"https:\\\/\\\/www.latribunedufaso.net\\\/wp-content\\\/uploads\\\/2023\\\/04\\\/IMG-20230424-WA0009.jpg\",\"contentUrl\":\"https:\\\/\\\/www.latribunedufaso.net\\\/wp-content\\\/uploads\\\/2023\\\/04\\\/IMG-20230424-WA0009.jpg\",\"width\":1040,\"height\":780},{\"@type\":\"BreadcrumbList\",\"@id\":\"https:\\\/\\\/www.latribunedufaso.net\\\/?p=7426#breadcrumb\",\"itemListElement\":[{\"@type\":\"ListItem\",\"position\":1,\"name\":\"Accueil\",\"item\":\"https:\\\/\\\/www.latribunedufaso.net\\\/\"},{\"@type\":\"ListItem\",\"position\":2,\"name\":\"Agriculture : Un besoin c\u00e9r\u00e9alier de 72 000 tonnes pour la population\u00a0\"}]},{\"@type\":\"WebSite\",\"@id\":\"https:\\\/\\\/www.latribunedufaso.net\\\/#website\",\"url\":\"https:\\\/\\\/www.latribunedufaso.net\\\/\",\"name\":\"La Tribune du Faso\",\"description\":\"L&#039;information du monde rural en un clic\",\"publisher\":{\"@id\":\"https:\\\/\\\/www.latribunedufaso.net\\\/#organization\"},\"potentialAction\":[{\"@type\":\"SearchAction\",\"target\":{\"@type\":\"EntryPoint\",\"urlTemplate\":\"https:\\\/\\\/www.latribunedufaso.net\\\/?s={search_term_string}\"},\"query-input\":{\"@type\":\"PropertyValueSpecification\",\"valueRequired\":true,\"valueName\":\"search_term_string\"}}],\"inLanguage\":\"fr-FR\"},{\"@type\":\"Organization\",\"@id\":\"https:\\\/\\\/www.latribunedufaso.net\\\/#organization\",\"name\":\"La Tribune du Faso\",\"url\":\"https:\\\/\\\/www.latribunedufaso.net\\\/\",\"logo\":{\"@type\":\"ImageObject\",\"inLanguage\":\"fr-FR\",\"@id\":\"https:\\\/\\\/www.latribunedufaso.net\\\/#\\\/schema\\\/logo\\\/image\\\/\",\"url\":\"https:\\\/\\\/www.latribunedufaso.net\\\/wp-content\\\/uploads\\\/2020\\\/08\\\/Logo-Tribune-du-Faso-final-scaled.jpg\",\"contentUrl\":\"https:\\\/\\\/www.latribunedufaso.net\\\/wp-content\\\/uploads\\\/2020\\\/08\\\/Logo-Tribune-du-Faso-final-scaled.jpg\",\"width\":2560,\"height\":1856,\"caption\":\"La Tribune du Faso\"},\"image\":{\"@id\":\"https:\\\/\\\/www.latribunedufaso.net\\\/#\\\/schema\\\/logo\\\/image\\\/\"},\"sameAs\":[\"https:\\\/\\\/www.facebook.com\\\/LatribuneduFaso\\\/\"]},{\"@type\":\"Person\",\"@id\":\"https:\\\/\\\/www.latribunedufaso.net\\\/#\\\/schema\\\/person\\\/a380782d0605bb8aae27c40ea93b35b1\",\"name\":\"Administrateur\",\"image\":{\"@type\":\"ImageObject\",\"inLanguage\":\"fr-FR\",\"@id\":\"https:\\\/\\\/secure.gravatar.com\\\/avatar\\\/e20266f97d741f0e80ba1f60283074a9b3317fd7bfb727e0d95b51dafbf854a1?s=96&d=mm&r=g\",\"url\":\"https:\\\/\\\/secure.gravatar.com\\\/avatar\\\/e20266f97d741f0e80ba1f60283074a9b3317fd7bfb727e0d95b51dafbf854a1?s=96&d=mm&r=g\",\"contentUrl\":\"https:\\\/\\\/secure.gravatar.com\\\/avatar\\\/e20266f97d741f0e80ba1f60283074a9b3317fd7bfb727e0d95b51dafbf854a1?s=96&d=mm&r=g\",\"caption\":\"Administrateur\"},\"url\":\"https:\\\/\\\/www.latribunedufaso.net\\\/?author=2\"}]}<\/script>\n<!-- \/ Yoast SEO plugin. -->","yoast_head_json":{"title":"Agriculture : Un besoin c\u00e9r\u00e9alier de 72 000 tonnes pour la population\u00a0 - La Tribune du Faso","robots":{"index":"index","follow":"follow","max-snippet":"max-snippet:-1","max-image-preview":"max-image-preview:large","max-video-preview":"max-video-preview:-1"},"canonical":"https:\/\/www.latribunedufaso.net\/?p=7426","og_locale":"fr_FR","og_type":"article","og_title":"Agriculture : Un besoin c\u00e9r\u00e9alier de 72 000 tonnes pour la population\u00a0 - La Tribune du Faso","og_description":"\u00ab Gouvernance des projets et programmes pour une r\u00e9elle contribution \u00e0 la r\u00e9alisation des missions du minist\u00e8re : solutions et perspectives \u00bb. C&rsquo;est sous ce th\u00e8me que ce tient ce lundi 24 avril 2023, \u00e0 Ouagadougou, la premi\u00e8re session ordinaire de l\u2019ann\u00e9e 2023 du Conseil d\u2019administration (CASEM) du minist\u00e8re de l\u2019Agriculture. Objectif, examiner le rapport bilan de la mise en \u0153uvre des activit\u00e9s de 2022.","og_url":"https:\/\/www.latribunedufaso.net\/?p=7426","og_site_name":"La Tribune du Faso","article_publisher":"https:\/\/www.facebook.com\/LatribuneduFaso\/","article_published_time":"2023-04-24T10:52:12+00:00","article_modified_time":"2023-04-24T11:37:47+00:00","og_image":[{"width":1040,"height":780,"url":"https:\/\/www.latribunedufaso.net\/wp-content\/uploads\/2023\/04\/IMG-20230424-WA0009.jpg","type":"image\/jpeg"}],"author":"Administrateur","twitter_misc":{"\u00c9crit par":"Administrateur","Dur\u00e9e de lecture estim\u00e9e":"1 minute"},"schema":{"@context":"https:\/\/schema.org","@graph":[{"@type":"Article","@id":"https:\/\/www.latribunedufaso.net\/?p=7426#article","isPartOf":{"@id":"https:\/\/www.latribunedufaso.net\/?p=7426"},"author":{"name":"Administrateur","@id":"https:\/\/www.latribunedufaso.net\/#\/schema\/person\/a380782d0605bb8aae27c40ea93b35b1"},"headline":"Agriculture : Un besoin c\u00e9r\u00e9alier de 72 000 tonnes pour la population\u00a0","datePublished":"2023-04-24T10:52:12+00:00","dateModified":"2023-04-24T11:37:47+00:00","mainEntityOfPage":{"@id":"https:\/\/www.latribunedufaso.net\/?p=7426"},"wordCount":299,"commentCount":0,"publisher":{"@id":"https:\/\/www.latribunedufaso.net\/#organization"},"image":{"@id":"https:\/\/www.latribunedufaso.net\/?p=7426#primaryimage"},"thumbnailUrl":"https:\/\/www.latribunedufaso.net\/wp-content\/uploads\/2023\/04\/IMG-20230424-WA0009.jpg","articleSection":["A la une","Actualit\u00e9","Agriculture"],"inLanguage":"fr-FR","potentialAction":[{"@type":"CommentAction","name":"Comment","target":["https:\/\/www.latribunedufaso.net\/?p=7426#respond"]}]},{"@type":"WebPage","@id":"https:\/\/www.latribunedufaso.net\/?p=7426","url":"https:\/\/www.latribunedufaso.net\/?p=7426","name":"Agriculture : Un besoin c\u00e9r\u00e9alier de 72 000 tonnes pour la population\u00a0 - La Tribune du Faso","isPartOf":{"@id":"https:\/\/www.latribunedufaso.net\/#website"},"primaryImageOfPage":{"@id":"https:\/\/www.latribunedufaso.net\/?p=7426#primaryimage"},"image":{"@id":"https:\/\/www.latribunedufaso.net\/?p=7426#primaryimage"},"thumbnailUrl":"https:\/\/www.latribunedufaso.net\/wp-content\/uploads\/2023\/04\/IMG-20230424-WA0009.jpg","datePublished":"2023-04-24T10:52:12+00:00","dateModified":"2023-04-24T11:37:47+00:00","breadcrumb":{"@id":"https:\/\/www.latribunedufaso.net\/?p=7426#breadcrumb"},"inLanguage":"fr-FR","potentialAction":[{"@type":"ReadAction","target":["https:\/\/www.latribunedufaso.net\/?p=7426"]}]},{"@type":"ImageObject","inLanguage":"fr-FR","@id":"https:\/\/www.latribunedufaso.net\/?p=7426#primaryimage","url":"https:\/\/www.latribunedufaso.net\/wp-content\/uploads\/2023\/04\/IMG-20230424-WA0009.jpg","contentUrl":"https:\/\/www.latribunedufaso.net\/wp-content\/uploads\/2023\/04\/IMG-20230424-WA0009.jpg","width":1040,"height":780},{"@type":"BreadcrumbList","@id":"https:\/\/www.latribunedufaso.net\/?p=7426#breadcrumb","itemListElement":[{"@type":"ListItem","position":1,"name":"Accueil","item":"https:\/\/www.latribunedufaso.net\/"},{"@type":"ListItem","position":2,"name":"Agriculture : Un besoin c\u00e9r\u00e9alier de 72 000 tonnes pour la population\u00a0"}]},{"@type":"WebSite","@id":"https:\/\/www.latribunedufaso.net\/#website","url":"https:\/\/www.latribunedufaso.net\/","name":"La Tribune du Faso","description":"L&#039;information du monde rural en un clic","publisher":{"@id":"https:\/\/www.latribunedufaso.net\/#organization"},"potentialAction":[{"@type":"SearchAction","target":{"@type":"EntryPoint","urlTemplate":"https:\/\/www.latribunedufaso.net\/?s={search_term_string}"},"query-input":{"@type":"PropertyValueSpecification","valueRequired":true,"valueName":"search_term_string"}}],"inLanguage":"fr-FR"},{"@type":"Organization","@id":"https:\/\/www.latribunedufaso.net\/#organization","name":"La Tribune du Faso","url":"https:\/\/www.latribunedufaso.net\/","logo":{"@type":"ImageObject","inLanguage":"fr-FR","@id":"https:\/\/www.latribunedufaso.net\/#\/schema\/logo\/image\/","url":"https:\/\/www.latribunedufaso.net\/wp-content\/uploads\/2020\/08\/Logo-Tribune-du-Faso-final-scaled.jpg","contentUrl":"https:\/\/www.latribunedufaso.net\/wp-content\/uploads\/2020\/08\/Logo-Tribune-du-Faso-final-scaled.jpg","width":2560,"height":1856,"caption":"La Tribune du Faso"},"image":{"@id":"https:\/\/www.latribunedufaso.net\/#\/schema\/logo\/image\/"},"sameAs":["https:\/\/www.facebook.com\/LatribuneduFaso\/"]},{"@type":"Person","@id":"https:\/\/www.latribunedufaso.net\/#\/schema\/person\/a380782d0605bb8aae27c40ea93b35b1","name":"Administrateur","image":{"@type":"ImageObject","inLanguage":"fr-FR","@id":"https:\/\/secure.gravatar.com\/avatar\/e20266f97d741f0e80ba1f60283074a9b3317fd7bfb727e0d95b51dafbf854a1?s=96&d=mm&r=g","url":"https:\/\/secure.gravatar.com\/avatar\/e20266f97d741f0e80ba1f60283074a9b3317fd7bfb727e0d95b51dafbf854a1?s=96&d=mm&r=g","contentUrl":"https:\/\/secure.gravatar.com\/avatar\/e20266f97d741f0e80ba1f60283074a9b3317fd7bfb727e0d95b51dafbf854a1?s=96&d=mm&r=g","caption":"Administrateur"},"url":"https:\/\/www.latribunedufaso.net\/?author=2"}]}},"_links":{"self":[{"href":"https:\/\/www.latribunedufaso.net\/index.php?rest_route=\/wp\/v2\/posts\/7426","targetHints":{"allow":["GET"]}}],"collection":[{"href":"https:\/\/www.latribunedufaso.net\/index.php?rest_route=\/wp\/v2\/posts"}],"about":[{"href":"https:\/\/www.latribunedufaso.net\/index.php?rest_route=\/wp\/v2\/types\/post"}],"author":[{"embeddable":true,"href":"https:\/\/www.latribunedufaso.net\/index.php?rest_route=\/wp\/v2\/users\/2"}],"replies":[{"embeddable":true,"href":"https:\/\/www.latribunedufaso.net\/index.php?rest_route=%2Fwp%2Fv2%2Fcomments&post=7426"}],"version-history":[{"count":3,"href":"https:\/\/www.latribunedufaso.net\/index.php?rest_route=\/wp\/v2\/posts\/7426\/revisions"}],"predecessor-version":[{"id":7432,"href":"https:\/\/www.latribunedufaso.net\/index.php?rest_route=\/wp\/v2\/posts\/7426\/revisions\/7432"}],"wp:featuredmedia":[{"embeddable":true,"href":"https:\/\/www.latribunedufaso.net\/index.php?rest_route=\/wp\/v2\/media\/7427"}],"wp:attachment":[{"href":"https:\/\/www.latribunedufaso.net\/index.php?rest_route=%2Fwp%2Fv2%2Fmedia&parent=7426"}],"wp:term":[{"taxonomy":"category","embeddable":true,"href":"https:\/\/www.latribunedufaso.net\/index.php?rest_route=%2Fwp%2Fv2%2Fcategories&post=7426"},{"taxonomy":"post_tag","embeddable":true,"href":"https:\/\/www.latribunedufaso.net\/index.php?rest_route=%2Fwp%2Fv2%2Ftags&post=7426"}],"curies":[{"name":"wp","href":"https:\/\/api.w.org\/{rel}","templated":true}]}}