{"id":7401,"date":"2023-04-19T14:20:57","date_gmt":"2023-04-19T14:20:57","guid":{"rendered":"https:\/\/www.latribunedufaso.net\/?p=7401"},"modified":"2023-04-19T15:44:34","modified_gmt":"2023-04-19T15:44:34","slug":"gare-ouaga-inter-quest-ce-qui-explique-le-deguerpissement-muscle-des-marchands-de-betail","status":"publish","type":"post","link":"https:\/\/www.latribunedufaso.net\/?p=7401","title":{"rendered":"Gare Ouaga inter : Qu&rsquo;est-ce qui explique le d\u00e9guerpissement \u00ab\u00a0muscl\u00e9\u00a0\u00bb des marchands de b\u00e9tail?"},"content":{"rendered":"<p style=\"text-align: justify;\"><strong><span style=\"font-size: 1.0625rem;\">Le samedi 15 avril 2023, la commune de Ouagadougou a men\u00e9 une op\u00e9ration inopin\u00e9e de d\u00e9guerpissement des marchands de b\u00e9tail du march\u00e9 de Toyibi install\u00e9s sur le site de la gare Ouaga inter. Afin d\u2019expliquer les p\u00e9rip\u00e9ties de ladite op\u00e9ration, la Commune a rencontr\u00e9 la presse ce mercredi 19 avril 2023 \u00e0 Ouagadougou.<\/span><\/strong><br \/><!--more--><\/p>\n<p style=\"text-align: justify;\"><a href=\"https:\/\/www.latribunedufaso.net\/wp-content\/uploads\/2023\/04\/IMG-20230419-WA0003.jpg\"><img loading=\"lazy\" decoding=\"async\" class=\"size-medium wp-image-7412 alignleft\" src=\"https:\/\/www.latribunedufaso.net\/wp-content\/uploads\/2023\/04\/IMG-20230419-WA0003-300x225.jpg\" alt=\"\" width=\"300\" height=\"225\" srcset=\"https:\/\/www.latribunedufaso.net\/wp-content\/uploads\/2023\/04\/IMG-20230419-WA0003-300x225.jpg 300w, https:\/\/www.latribunedufaso.net\/wp-content\/uploads\/2023\/04\/IMG-20230419-WA0003-768x576.jpg 768w, https:\/\/www.latribunedufaso.net\/wp-content\/uploads\/2023\/04\/IMG-20230419-WA0003.jpg 1000w\" sizes=\"auto, (max-width: 300px) 100vw, 300px\" \/><\/a>Selon les conf\u00e9renciers du jour, la commune a am\u00e9nag\u00e9 un nouveau site \u00e0 Lanoag-yiri dans l\u2019arrondissement 11 de Ouagadougou au profit de ces marchands de b\u00e9tail mais ces derniers refusent d\u2019y partir. C&rsquo;est donc apr\u00e8s l\u2019\u00e9chec de plusieurs actions de n\u00e9gociation qu\u2019elle a \u00e9t\u00e9 oblig\u00e9 de passer au d\u00e9guerpissement. D\u00e9marr\u00e9e \u00e0 3h du matin, l\u2019op\u00e9ration a pris fin le m\u00eame jour \u00e0 18h30 (15 avril 2023). Elle a mobilis\u00e9 la police nationale, la police municipale, la gendarmerie nationale, la Direction g\u00e9n\u00e9rale des services techniques municipaux (DGSTM), les Volontaires adjoins de s\u00e9curit\u00e9 (VADS) et des man\u0153uvres.\u00a0<\/p>\n<p style=\"text-align: justify;\">Plus de 1382 t\u00eates d\u2019animaux ainsi que diverses autres marchandises ont \u00e9t\u00e9 saisies et mises en fourri\u00e8re. Cependant, de nos jours, il ne restent que 84 t\u00eate d\u2019animaux toujours en fourri\u00e8re. Le reste a \u00e9t\u00e9 remis gratuitement aux propri\u00e9taires sous pr\u00e9sentation de pi\u00e8ces justificatives (document des frais de transit) et \u00e0 condition qu\u2019ils soient transf\u00e9r\u00e9s directement sur le nouveau site am\u00e9nag\u00e9.<\/p>\n<p style=\"text-align: justify;\">Pour la Commune de Ouagadougou, l\u2019utilisation de la force se justifie par l\u2019\u00e9chec du recours \u00e0 toutes les voies possibles de r\u00e9solution de la situation \u00e0 l\u2019amiable (M\u00e9diateur du Faso, communiqu\u00e9s). \u00ab On ne voulait pas en arriver l\u00e0, mais comme on le dit, soit on est l\u2019autorit\u00e9 ou on ne l\u2019est pas. On s\u2019est assum\u00e9 \u00bb a d\u00e9clar\u00e9 le Directeur du cabinet du Pr\u00e9sident de la d\u00e9l\u00e9gation sp\u00e9ciale de Ouagadougou, Cl\u00e9ment Ouango. \u00ab Nous avons discut\u00e9 avec tous les responsables de ces marchands et commer\u00e7ants. Nous leur avons m\u00eame offert toutes les possibilit\u00e9s, mais ils ont refus\u00e9. Je pense m\u00eame qu\u2019on a trop tard\u00e9, parce que c\u2019est depuis 2021 qu\u2019ils devaient quitter les lieux, mais on a voulu r\u00e9soudre les choses \u00e0 l\u2019amiable et \u00e7a n\u2019a pas march\u00e9 \u00bb, a-t-il indiqu\u00e9. A chaque rencontre, a-t-il poursuivi, ils venaient avec de nouvelles revendications. On est m\u00eame all\u00e9 devant le M\u00e9diateur du Faso et tout cela a \u00e9chou\u00e9. On a pris notre responsabilit\u00e9.<\/p>\n<p style=\"text-align: justify;\">Selon le sieur Ouango, il n\u2019y aura pas d\u2019indemnisation possible des victimes car il leur avait \u00e9t\u00e9 donn\u00e9 toute la latitude de rejoindre le nouveau site.<\/p>\n<p style=\"text-align: justify;\"><strong>Issouf Tapsoba\u00a0<\/strong><\/p>\n<p style=\"text-align: justify;\"><strong>Latribunedufaso.net<\/strong><\/p>\n<p><a href=\"https:\/\/www.latribunedufaso.net\/wp-content\/uploads\/2023\/04\/IMG-20230419-WA0009.jpg\"><img loading=\"lazy\" decoding=\"async\" class=\"alignnone size-medium wp-image-7402\" src=\"https:\/\/www.latribunedufaso.net\/wp-content\/uploads\/2023\/04\/IMG-20230419-WA0009-300x225.jpg\" alt=\"\" width=\"300\" height=\"225\" srcset=\"https:\/\/www.latribunedufaso.net\/wp-content\/uploads\/2023\/04\/IMG-20230419-WA0009-300x225.jpg 300w, https:\/\/www.latribunedufaso.net\/wp-content\/uploads\/2023\/04\/IMG-20230419-WA0009-1024x768.jpg 1024w, https:\/\/www.latribunedufaso.net\/wp-content\/uploads\/2023\/04\/IMG-20230419-WA0009-768x576.jpg 768w, https:\/\/www.latribunedufaso.net\/wp-content\/uploads\/2023\/04\/IMG-20230419-WA0009.jpg 1040w\" sizes=\"auto, (max-width: 300px) 100vw, 300px\" \/><\/a> <a href=\"https:\/\/www.latribunedufaso.net\/wp-content\/uploads\/2023\/04\/IMG-20230419-WA0011.jpg\"><img loading=\"lazy\" decoding=\"async\" class=\"alignnone size-medium wp-image-7403\" src=\"https:\/\/www.latribunedufaso.net\/wp-content\/uploads\/2023\/04\/IMG-20230419-WA0011-300x225.jpg\" alt=\"\" width=\"300\" height=\"225\" srcset=\"https:\/\/www.latribunedufaso.net\/wp-content\/uploads\/2023\/04\/IMG-20230419-WA0011-300x225.jpg 300w, https:\/\/www.latribunedufaso.net\/wp-content\/uploads\/2023\/04\/IMG-20230419-WA0011-1024x768.jpg 1024w, https:\/\/www.latribunedufaso.net\/wp-content\/uploads\/2023\/04\/IMG-20230419-WA0011-768x576.jpg 768w, https:\/\/www.latribunedufaso.net\/wp-content\/uploads\/2023\/04\/IMG-20230419-WA0011.jpg 1040w\" sizes=\"auto, (max-width: 300px) 100vw, 300px\" \/><\/a> <a href=\"https:\/\/www.latribunedufaso.net\/wp-content\/uploads\/2023\/04\/IMG-20230419-WA0014.jpg\"><img loading=\"lazy\" decoding=\"async\" class=\"alignnone size-medium wp-image-7404\" src=\"https:\/\/www.latribunedufaso.net\/wp-content\/uploads\/2023\/04\/IMG-20230419-WA0014-300x225.jpg\" alt=\"\" width=\"300\" height=\"225\" srcset=\"https:\/\/www.latribunedufaso.net\/wp-content\/uploads\/2023\/04\/IMG-20230419-WA0014-300x225.jpg 300w, https:\/\/www.latribunedufaso.net\/wp-content\/uploads\/2023\/04\/IMG-20230419-WA0014-1024x768.jpg 1024w, https:\/\/www.latribunedufaso.net\/wp-content\/uploads\/2023\/04\/IMG-20230419-WA0014-768x576.jpg 768w, https:\/\/www.latribunedufaso.net\/wp-content\/uploads\/2023\/04\/IMG-20230419-WA0014.jpg 1040w\" sizes=\"auto, (max-width: 300px) 100vw, 300px\" \/><\/a> <a href=\"https:\/\/www.latribunedufaso.net\/wp-content\/uploads\/2023\/04\/IMG-20230419-WA0015.jpg\"><img loading=\"lazy\" decoding=\"async\" class=\"alignnone size-medium wp-image-7405\" src=\"https:\/\/www.latribunedufaso.net\/wp-content\/uploads\/2023\/04\/IMG-20230419-WA0015-300x225.jpg\" alt=\"\" width=\"300\" height=\"225\" srcset=\"https:\/\/www.latribunedufaso.net\/wp-content\/uploads\/2023\/04\/IMG-20230419-WA0015-300x225.jpg 300w, https:\/\/www.latribunedufaso.net\/wp-content\/uploads\/2023\/04\/IMG-20230419-WA0015-1024x768.jpg 1024w, https:\/\/www.latribunedufaso.net\/wp-content\/uploads\/2023\/04\/IMG-20230419-WA0015-768x576.jpg 768w, https:\/\/www.latribunedufaso.net\/wp-content\/uploads\/2023\/04\/IMG-20230419-WA0015.jpg 1040w\" sizes=\"auto, (max-width: 300px) 100vw, 300px\" \/><\/a> <a href=\"https:\/\/www.latribunedufaso.net\/wp-content\/uploads\/2023\/04\/IMG-20230419-WA0007.jpg\"><img loading=\"lazy\" decoding=\"async\" class=\"alignnone size-medium wp-image-7407\" src=\"https:\/\/www.latribunedufaso.net\/wp-content\/uploads\/2023\/04\/IMG-20230419-WA0007-300x225.jpg\" alt=\"\" width=\"300\" height=\"225\" srcset=\"https:\/\/www.latribunedufaso.net\/wp-content\/uploads\/2023\/04\/IMG-20230419-WA0007-300x225.jpg 300w, https:\/\/www.latribunedufaso.net\/wp-content\/uploads\/2023\/04\/IMG-20230419-WA0007-1024x768.jpg 1024w, https:\/\/www.latribunedufaso.net\/wp-content\/uploads\/2023\/04\/IMG-20230419-WA0007-768x576.jpg 768w, https:\/\/www.latribunedufaso.net\/wp-content\/uploads\/2023\/04\/IMG-20230419-WA0007.jpg 1040w\" sizes=\"auto, (max-width: 300px) 100vw, 300px\" \/><\/a> <a href=\"https:\/\/www.latribunedufaso.net\/wp-content\/uploads\/2023\/04\/IMG-20230419-WA0013.jpg\"><img loading=\"lazy\" decoding=\"async\" class=\"alignnone size-medium wp-image-7408\" src=\"https:\/\/www.latribunedufaso.net\/wp-content\/uploads\/2023\/04\/IMG-20230419-WA0013-300x225.jpg\" alt=\"\" width=\"300\" height=\"225\" srcset=\"https:\/\/www.latribunedufaso.net\/wp-content\/uploads\/2023\/04\/IMG-20230419-WA0013-300x225.jpg 300w, https:\/\/www.latribunedufaso.net\/wp-content\/uploads\/2023\/04\/IMG-20230419-WA0013-1024x768.jpg 1024w, https:\/\/www.latribunedufaso.net\/wp-content\/uploads\/2023\/04\/IMG-20230419-WA0013-768x576.jpg 768w, https:\/\/www.latribunedufaso.net\/wp-content\/uploads\/2023\/04\/IMG-20230419-WA0013.jpg 1040w\" sizes=\"auto, (max-width: 300px) 100vw, 300px\" \/><\/a> <a href=\"https:\/\/www.latribunedufaso.net\/wp-content\/uploads\/2023\/04\/IMG-20230419-WA0008.jpg\"><img loading=\"lazy\" decoding=\"async\" class=\"alignnone size-medium wp-image-7409\" src=\"https:\/\/www.latribunedufaso.net\/wp-content\/uploads\/2023\/04\/IMG-20230419-WA0008-300x225.jpg\" alt=\"\" width=\"300\" height=\"225\" srcset=\"https:\/\/www.latribunedufaso.net\/wp-content\/uploads\/2023\/04\/IMG-20230419-WA0008-300x225.jpg 300w, https:\/\/www.latribunedufaso.net\/wp-content\/uploads\/2023\/04\/IMG-20230419-WA0008-1024x768.jpg 1024w, https:\/\/www.latribunedufaso.net\/wp-content\/uploads\/2023\/04\/IMG-20230419-WA0008-768x576.jpg 768w, https:\/\/www.latribunedufaso.net\/wp-content\/uploads\/2023\/04\/IMG-20230419-WA0008.jpg 1040w\" sizes=\"auto, (max-width: 300px) 100vw, 300px\" \/><\/a> <a href=\"https:\/\/www.latribunedufaso.net\/wp-content\/uploads\/2023\/04\/IMG-20230419-WA0005.jpg\"><img loading=\"lazy\" decoding=\"async\" class=\"alignnone size-medium wp-image-7410\" src=\"https:\/\/www.latribunedufaso.net\/wp-content\/uploads\/2023\/04\/IMG-20230419-WA0005-300x225.jpg\" alt=\"\" width=\"300\" height=\"225\" srcset=\"https:\/\/www.latribunedufaso.net\/wp-content\/uploads\/2023\/04\/IMG-20230419-WA0005-300x225.jpg 300w, https:\/\/www.latribunedufaso.net\/wp-content\/uploads\/2023\/04\/IMG-20230419-WA0005-1024x768.jpg 1024w, https:\/\/www.latribunedufaso.net\/wp-content\/uploads\/2023\/04\/IMG-20230419-WA0005-768x576.jpg 768w, https:\/\/www.latribunedufaso.net\/wp-content\/uploads\/2023\/04\/IMG-20230419-WA0005.jpg 1040w\" sizes=\"auto, (max-width: 300px) 100vw, 300px\" \/><\/a> <a href=\"https:\/\/www.latribunedufaso.net\/wp-content\/uploads\/2023\/04\/IMG-20230419-WA0004.jpg\"><img loading=\"lazy\" decoding=\"async\" class=\"alignnone size-medium wp-image-7411\" src=\"https:\/\/www.latribunedufaso.net\/wp-content\/uploads\/2023\/04\/IMG-20230419-WA0004-300x225.jpg\" alt=\"\" width=\"300\" height=\"225\" srcset=\"https:\/\/www.latribunedufaso.net\/wp-content\/uploads\/2023\/04\/IMG-20230419-WA0004-300x225.jpg 300w, https:\/\/www.latribunedufaso.net\/wp-content\/uploads\/2023\/04\/IMG-20230419-WA0004-1024x768.jpg 1024w, https:\/\/www.latribunedufaso.net\/wp-content\/uploads\/2023\/04\/IMG-20230419-WA0004-768x576.jpg 768w, https:\/\/www.latribunedufaso.net\/wp-content\/uploads\/2023\/04\/IMG-20230419-WA0004.jpg 1040w\" sizes=\"auto, (max-width: 300px) 100vw, 300px\" \/><\/a><\/p>\n","protected":false},"excerpt":{"rendered":"<p>Le samedi 15 avril 2023, la commune de Ouagadougou a men\u00e9 une op\u00e9ration inopin\u00e9e de d\u00e9guerpissement des marchands de b\u00e9tail du march\u00e9 de Toyibi install\u00e9s sur le site de la gare Ouaga inter. Afin d\u2019expliquer les p\u00e9rip\u00e9ties de ladite op\u00e9ration, la Commune a rencontr\u00e9 la presse ce mercredi 19 avril 2023 \u00e0 Ouagadougou.<\/p>\n","protected":false},"author":2,"featured_media":7406,"comment_status":"open","ping_status":"open","sticky":false,"template":"","format":"standard","meta":{"footnotes":""},"categories":[13,1,8],"tags":[],"class_list":["post-7401","post","type-post","status-publish","format-standard","has-post-thumbnail","hentry","category-une","category-actu","category-societe"],"yoast_head":"<!-- This site is optimized with the Yoast SEO plugin v27.5 - https:\/\/yoast.com\/product\/yoast-seo-wordpress\/ -->\n<title>Gare Ouaga inter : Qu&#039;est-ce qui explique le d\u00e9guerpissement &quot;muscl\u00e9&quot; des marchands de b\u00e9tail? - La Tribune du Faso<\/title>\n<meta name=\"robots\" content=\"index, follow, max-snippet:-1, max-image-preview:large, max-video-preview:-1\" \/>\n<link rel=\"canonical\" href=\"https:\/\/www.latribunedufaso.net\/?p=7401\" \/>\n<meta property=\"og:locale\" content=\"fr_FR\" \/>\n<meta property=\"og:type\" content=\"article\" \/>\n<meta property=\"og:title\" content=\"Gare Ouaga inter : Qu&#039;est-ce qui explique le d\u00e9guerpissement &quot;muscl\u00e9&quot; des marchands de b\u00e9tail? - La Tribune du Faso\" \/>\n<meta property=\"og:description\" content=\"Le samedi 15 avril 2023, la commune de Ouagadougou a men\u00e9 une op\u00e9ration inopin\u00e9e de d\u00e9guerpissement des marchands de b\u00e9tail du march\u00e9 de Toyibi install\u00e9s sur le site de la gare Ouaga inter. Afin d\u2019expliquer les p\u00e9rip\u00e9ties de ladite op\u00e9ration, la Commune a rencontr\u00e9 la presse ce mercredi 19 avril 2023 \u00e0 Ouagadougou.\" \/>\n<meta property=\"og:url\" content=\"https:\/\/www.latribunedufaso.net\/?p=7401\" \/>\n<meta property=\"og:site_name\" content=\"La Tribune du Faso\" \/>\n<meta property=\"article:publisher\" content=\"https:\/\/www.facebook.com\/LatribuneduFaso\/\" \/>\n<meta property=\"article:published_time\" content=\"2023-04-19T14:20:57+00:00\" \/>\n<meta property=\"article:modified_time\" content=\"2023-04-19T15:44:34+00:00\" \/>\n<meta property=\"og:image\" content=\"https:\/\/www.latribunedufaso.net\/wp-content\/uploads\/2023\/04\/IMG-20230419-WA0010.jpg\" \/>\n\t<meta property=\"og:image:width\" content=\"1040\" \/>\n\t<meta property=\"og:image:height\" content=\"780\" \/>\n\t<meta property=\"og:image:type\" content=\"image\/jpeg\" \/>\n<meta name=\"author\" content=\"Administrateur\" \/>\n<meta name=\"twitter:label1\" content=\"\u00c9crit par\" \/>\n\t<meta name=\"twitter:data1\" content=\"Administrateur\" \/>\n\t<meta name=\"twitter:label2\" content=\"Dur\u00e9e de lecture estim\u00e9e\" \/>\n\t<meta name=\"twitter:data2\" content=\"2 minutes\" \/>\n<script type=\"application\/ld+json\" class=\"yoast-schema-graph\">{\"@context\":\"https:\\\/\\\/schema.org\",\"@graph\":[{\"@type\":\"Article\",\"@id\":\"https:\\\/\\\/www.latribunedufaso.net\\\/?p=7401#article\",\"isPartOf\":{\"@id\":\"https:\\\/\\\/www.latribunedufaso.net\\\/?p=7401\"},\"author\":{\"name\":\"Administrateur\",\"@id\":\"https:\\\/\\\/www.latribunedufaso.net\\\/#\\\/schema\\\/person\\\/a380782d0605bb8aae27c40ea93b35b1\"},\"headline\":\"Gare Ouaga inter : Qu&rsquo;est-ce qui explique le d\u00e9guerpissement \u00ab\u00a0muscl\u00e9\u00a0\u00bb des marchands de b\u00e9tail?\",\"datePublished\":\"2023-04-19T14:20:57+00:00\",\"dateModified\":\"2023-04-19T15:44:34+00:00\",\"mainEntityOfPage\":{\"@id\":\"https:\\\/\\\/www.latribunedufaso.net\\\/?p=7401\"},\"wordCount\":466,\"commentCount\":0,\"publisher\":{\"@id\":\"https:\\\/\\\/www.latribunedufaso.net\\\/#organization\"},\"image\":{\"@id\":\"https:\\\/\\\/www.latribunedufaso.net\\\/?p=7401#primaryimage\"},\"thumbnailUrl\":\"https:\\\/\\\/www.latribunedufaso.net\\\/wp-content\\\/uploads\\\/2023\\\/04\\\/IMG-20230419-WA0010.jpg\",\"articleSection\":[\"A la une\",\"Actualit\u00e9\",\"Soci\u00e9t\u00e9\"],\"inLanguage\":\"fr-FR\",\"potentialAction\":[{\"@type\":\"CommentAction\",\"name\":\"Comment\",\"target\":[\"https:\\\/\\\/www.latribunedufaso.net\\\/?p=7401#respond\"]}]},{\"@type\":\"WebPage\",\"@id\":\"https:\\\/\\\/www.latribunedufaso.net\\\/?p=7401\",\"url\":\"https:\\\/\\\/www.latribunedufaso.net\\\/?p=7401\",\"name\":\"Gare Ouaga inter : Qu'est-ce qui explique le d\u00e9guerpissement \\\"muscl\u00e9\\\" des marchands de b\u00e9tail? - La Tribune du Faso\",\"isPartOf\":{\"@id\":\"https:\\\/\\\/www.latribunedufaso.net\\\/#website\"},\"primaryImageOfPage\":{\"@id\":\"https:\\\/\\\/www.latribunedufaso.net\\\/?p=7401#primaryimage\"},\"image\":{\"@id\":\"https:\\\/\\\/www.latribunedufaso.net\\\/?p=7401#primaryimage\"},\"thumbnailUrl\":\"https:\\\/\\\/www.latribunedufaso.net\\\/wp-content\\\/uploads\\\/2023\\\/04\\\/IMG-20230419-WA0010.jpg\",\"datePublished\":\"2023-04-19T14:20:57+00:00\",\"dateModified\":\"2023-04-19T15:44:34+00:00\",\"breadcrumb\":{\"@id\":\"https:\\\/\\\/www.latribunedufaso.net\\\/?p=7401#breadcrumb\"},\"inLanguage\":\"fr-FR\",\"potentialAction\":[{\"@type\":\"ReadAction\",\"target\":[\"https:\\\/\\\/www.latribunedufaso.net\\\/?p=7401\"]}]},{\"@type\":\"ImageObject\",\"inLanguage\":\"fr-FR\",\"@id\":\"https:\\\/\\\/www.latribunedufaso.net\\\/?p=7401#primaryimage\",\"url\":\"https:\\\/\\\/www.latribunedufaso.net\\\/wp-content\\\/uploads\\\/2023\\\/04\\\/IMG-20230419-WA0010.jpg\",\"contentUrl\":\"https:\\\/\\\/www.latribunedufaso.net\\\/wp-content\\\/uploads\\\/2023\\\/04\\\/IMG-20230419-WA0010.jpg\",\"width\":1040,\"height\":780},{\"@type\":\"BreadcrumbList\",\"@id\":\"https:\\\/\\\/www.latribunedufaso.net\\\/?p=7401#breadcrumb\",\"itemListElement\":[{\"@type\":\"ListItem\",\"position\":1,\"name\":\"Accueil\",\"item\":\"https:\\\/\\\/www.latribunedufaso.net\\\/\"},{\"@type\":\"ListItem\",\"position\":2,\"name\":\"Gare Ouaga inter : Qu&rsquo;est-ce qui explique le d\u00e9guerpissement \u00ab\u00a0muscl\u00e9\u00a0\u00bb des marchands de b\u00e9tail?\"}]},{\"@type\":\"WebSite\",\"@id\":\"https:\\\/\\\/www.latribunedufaso.net\\\/#website\",\"url\":\"https:\\\/\\\/www.latribunedufaso.net\\\/\",\"name\":\"La Tribune du Faso\",\"description\":\"L&#039;information du monde rural en un clic\",\"publisher\":{\"@id\":\"https:\\\/\\\/www.latribunedufaso.net\\\/#organization\"},\"potentialAction\":[{\"@type\":\"SearchAction\",\"target\":{\"@type\":\"EntryPoint\",\"urlTemplate\":\"https:\\\/\\\/www.latribunedufaso.net\\\/?s={search_term_string}\"},\"query-input\":{\"@type\":\"PropertyValueSpecification\",\"valueRequired\":true,\"valueName\":\"search_term_string\"}}],\"inLanguage\":\"fr-FR\"},{\"@type\":\"Organization\",\"@id\":\"https:\\\/\\\/www.latribunedufaso.net\\\/#organization\",\"name\":\"La Tribune du Faso\",\"url\":\"https:\\\/\\\/www.latribunedufaso.net\\\/\",\"logo\":{\"@type\":\"ImageObject\",\"inLanguage\":\"fr-FR\",\"@id\":\"https:\\\/\\\/www.latribunedufaso.net\\\/#\\\/schema\\\/logo\\\/image\\\/\",\"url\":\"https:\\\/\\\/www.latribunedufaso.net\\\/wp-content\\\/uploads\\\/2020\\\/08\\\/Logo-Tribune-du-Faso-final-scaled.jpg\",\"contentUrl\":\"https:\\\/\\\/www.latribunedufaso.net\\\/wp-content\\\/uploads\\\/2020\\\/08\\\/Logo-Tribune-du-Faso-final-scaled.jpg\",\"width\":2560,\"height\":1856,\"caption\":\"La Tribune du Faso\"},\"image\":{\"@id\":\"https:\\\/\\\/www.latribunedufaso.net\\\/#\\\/schema\\\/logo\\\/image\\\/\"},\"sameAs\":[\"https:\\\/\\\/www.facebook.com\\\/LatribuneduFaso\\\/\"]},{\"@type\":\"Person\",\"@id\":\"https:\\\/\\\/www.latribunedufaso.net\\\/#\\\/schema\\\/person\\\/a380782d0605bb8aae27c40ea93b35b1\",\"name\":\"Administrateur\",\"image\":{\"@type\":\"ImageObject\",\"inLanguage\":\"fr-FR\",\"@id\":\"https:\\\/\\\/secure.gravatar.com\\\/avatar\\\/e20266f97d741f0e80ba1f60283074a9b3317fd7bfb727e0d95b51dafbf854a1?s=96&d=mm&r=g\",\"url\":\"https:\\\/\\\/secure.gravatar.com\\\/avatar\\\/e20266f97d741f0e80ba1f60283074a9b3317fd7bfb727e0d95b51dafbf854a1?s=96&d=mm&r=g\",\"contentUrl\":\"https:\\\/\\\/secure.gravatar.com\\\/avatar\\\/e20266f97d741f0e80ba1f60283074a9b3317fd7bfb727e0d95b51dafbf854a1?s=96&d=mm&r=g\",\"caption\":\"Administrateur\"},\"url\":\"https:\\\/\\\/www.latribunedufaso.net\\\/?author=2\"}]}<\/script>\n<!-- \/ Yoast SEO plugin. -->","yoast_head_json":{"title":"Gare Ouaga inter : Qu'est-ce qui explique le d\u00e9guerpissement \"muscl\u00e9\" des marchands de b\u00e9tail? - La Tribune du Faso","robots":{"index":"index","follow":"follow","max-snippet":"max-snippet:-1","max-image-preview":"max-image-preview:large","max-video-preview":"max-video-preview:-1"},"canonical":"https:\/\/www.latribunedufaso.net\/?p=7401","og_locale":"fr_FR","og_type":"article","og_title":"Gare Ouaga inter : Qu'est-ce qui explique le d\u00e9guerpissement \"muscl\u00e9\" des marchands de b\u00e9tail? - La Tribune du Faso","og_description":"Le samedi 15 avril 2023, la commune de Ouagadougou a men\u00e9 une op\u00e9ration inopin\u00e9e de d\u00e9guerpissement des marchands de b\u00e9tail du march\u00e9 de Toyibi install\u00e9s sur le site de la gare Ouaga inter. Afin d\u2019expliquer les p\u00e9rip\u00e9ties de ladite op\u00e9ration, la Commune a rencontr\u00e9 la presse ce mercredi 19 avril 2023 \u00e0 Ouagadougou.","og_url":"https:\/\/www.latribunedufaso.net\/?p=7401","og_site_name":"La Tribune du Faso","article_publisher":"https:\/\/www.facebook.com\/LatribuneduFaso\/","article_published_time":"2023-04-19T14:20:57+00:00","article_modified_time":"2023-04-19T15:44:34+00:00","og_image":[{"width":1040,"height":780,"url":"https:\/\/www.latribunedufaso.net\/wp-content\/uploads\/2023\/04\/IMG-20230419-WA0010.jpg","type":"image\/jpeg"}],"author":"Administrateur","twitter_misc":{"\u00c9crit par":"Administrateur","Dur\u00e9e de lecture estim\u00e9e":"2 minutes"},"schema":{"@context":"https:\/\/schema.org","@graph":[{"@type":"Article","@id":"https:\/\/www.latribunedufaso.net\/?p=7401#article","isPartOf":{"@id":"https:\/\/www.latribunedufaso.net\/?p=7401"},"author":{"name":"Administrateur","@id":"https:\/\/www.latribunedufaso.net\/#\/schema\/person\/a380782d0605bb8aae27c40ea93b35b1"},"headline":"Gare Ouaga inter : Qu&rsquo;est-ce qui explique le d\u00e9guerpissement \u00ab\u00a0muscl\u00e9\u00a0\u00bb des marchands de b\u00e9tail?","datePublished":"2023-04-19T14:20:57+00:00","dateModified":"2023-04-19T15:44:34+00:00","mainEntityOfPage":{"@id":"https:\/\/www.latribunedufaso.net\/?p=7401"},"wordCount":466,"commentCount":0,"publisher":{"@id":"https:\/\/www.latribunedufaso.net\/#organization"},"image":{"@id":"https:\/\/www.latribunedufaso.net\/?p=7401#primaryimage"},"thumbnailUrl":"https:\/\/www.latribunedufaso.net\/wp-content\/uploads\/2023\/04\/IMG-20230419-WA0010.jpg","articleSection":["A la une","Actualit\u00e9","Soci\u00e9t\u00e9"],"inLanguage":"fr-FR","potentialAction":[{"@type":"CommentAction","name":"Comment","target":["https:\/\/www.latribunedufaso.net\/?p=7401#respond"]}]},{"@type":"WebPage","@id":"https:\/\/www.latribunedufaso.net\/?p=7401","url":"https:\/\/www.latribunedufaso.net\/?p=7401","name":"Gare Ouaga inter : Qu'est-ce qui explique le d\u00e9guerpissement \"muscl\u00e9\" des marchands de b\u00e9tail? - La Tribune du Faso","isPartOf":{"@id":"https:\/\/www.latribunedufaso.net\/#website"},"primaryImageOfPage":{"@id":"https:\/\/www.latribunedufaso.net\/?p=7401#primaryimage"},"image":{"@id":"https:\/\/www.latribunedufaso.net\/?p=7401#primaryimage"},"thumbnailUrl":"https:\/\/www.latribunedufaso.net\/wp-content\/uploads\/2023\/04\/IMG-20230419-WA0010.jpg","datePublished":"2023-04-19T14:20:57+00:00","dateModified":"2023-04-19T15:44:34+00:00","breadcrumb":{"@id":"https:\/\/www.latribunedufaso.net\/?p=7401#breadcrumb"},"inLanguage":"fr-FR","potentialAction":[{"@type":"ReadAction","target":["https:\/\/www.latribunedufaso.net\/?p=7401"]}]},{"@type":"ImageObject","inLanguage":"fr-FR","@id":"https:\/\/www.latribunedufaso.net\/?p=7401#primaryimage","url":"https:\/\/www.latribunedufaso.net\/wp-content\/uploads\/2023\/04\/IMG-20230419-WA0010.jpg","contentUrl":"https:\/\/www.latribunedufaso.net\/wp-content\/uploads\/2023\/04\/IMG-20230419-WA0010.jpg","width":1040,"height":780},{"@type":"BreadcrumbList","@id":"https:\/\/www.latribunedufaso.net\/?p=7401#breadcrumb","itemListElement":[{"@type":"ListItem","position":1,"name":"Accueil","item":"https:\/\/www.latribunedufaso.net\/"},{"@type":"ListItem","position":2,"name":"Gare Ouaga inter : Qu&rsquo;est-ce qui explique le d\u00e9guerpissement \u00ab\u00a0muscl\u00e9\u00a0\u00bb des marchands de b\u00e9tail?"}]},{"@type":"WebSite","@id":"https:\/\/www.latribunedufaso.net\/#website","url":"https:\/\/www.latribunedufaso.net\/","name":"La Tribune du Faso","description":"L&#039;information du monde rural en un clic","publisher":{"@id":"https:\/\/www.latribunedufaso.net\/#organization"},"potentialAction":[{"@type":"SearchAction","target":{"@type":"EntryPoint","urlTemplate":"https:\/\/www.latribunedufaso.net\/?s={search_term_string}"},"query-input":{"@type":"PropertyValueSpecification","valueRequired":true,"valueName":"search_term_string"}}],"inLanguage":"fr-FR"},{"@type":"Organization","@id":"https:\/\/www.latribunedufaso.net\/#organization","name":"La Tribune du Faso","url":"https:\/\/www.latribunedufaso.net\/","logo":{"@type":"ImageObject","inLanguage":"fr-FR","@id":"https:\/\/www.latribunedufaso.net\/#\/schema\/logo\/image\/","url":"https:\/\/www.latribunedufaso.net\/wp-content\/uploads\/2020\/08\/Logo-Tribune-du-Faso-final-scaled.jpg","contentUrl":"https:\/\/www.latribunedufaso.net\/wp-content\/uploads\/2020\/08\/Logo-Tribune-du-Faso-final-scaled.jpg","width":2560,"height":1856,"caption":"La Tribune du Faso"},"image":{"@id":"https:\/\/www.latribunedufaso.net\/#\/schema\/logo\/image\/"},"sameAs":["https:\/\/www.facebook.com\/LatribuneduFaso\/"]},{"@type":"Person","@id":"https:\/\/www.latribunedufaso.net\/#\/schema\/person\/a380782d0605bb8aae27c40ea93b35b1","name":"Administrateur","image":{"@type":"ImageObject","inLanguage":"fr-FR","@id":"https:\/\/secure.gravatar.com\/avatar\/e20266f97d741f0e80ba1f60283074a9b3317fd7bfb727e0d95b51dafbf854a1?s=96&d=mm&r=g","url":"https:\/\/secure.gravatar.com\/avatar\/e20266f97d741f0e80ba1f60283074a9b3317fd7bfb727e0d95b51dafbf854a1?s=96&d=mm&r=g","contentUrl":"https:\/\/secure.gravatar.com\/avatar\/e20266f97d741f0e80ba1f60283074a9b3317fd7bfb727e0d95b51dafbf854a1?s=96&d=mm&r=g","caption":"Administrateur"},"url":"https:\/\/www.latribunedufaso.net\/?author=2"}]}},"_links":{"self":[{"href":"https:\/\/www.latribunedufaso.net\/index.php?rest_route=\/wp\/v2\/posts\/7401","targetHints":{"allow":["GET"]}}],"collection":[{"href":"https:\/\/www.latribunedufaso.net\/index.php?rest_route=\/wp\/v2\/posts"}],"about":[{"href":"https:\/\/www.latribunedufaso.net\/index.php?rest_route=\/wp\/v2\/types\/post"}],"author":[{"embeddable":true,"href":"https:\/\/www.latribunedufaso.net\/index.php?rest_route=\/wp\/v2\/users\/2"}],"replies":[{"embeddable":true,"href":"https:\/\/www.latribunedufaso.net\/index.php?rest_route=%2Fwp%2Fv2%2Fcomments&post=7401"}],"version-history":[{"count":4,"href":"https:\/\/www.latribunedufaso.net\/index.php?rest_route=\/wp\/v2\/posts\/7401\/revisions"}],"predecessor-version":[{"id":7416,"href":"https:\/\/www.latribunedufaso.net\/index.php?rest_route=\/wp\/v2\/posts\/7401\/revisions\/7416"}],"wp:featuredmedia":[{"embeddable":true,"href":"https:\/\/www.latribunedufaso.net\/index.php?rest_route=\/wp\/v2\/media\/7406"}],"wp:attachment":[{"href":"https:\/\/www.latribunedufaso.net\/index.php?rest_route=%2Fwp%2Fv2%2Fmedia&parent=7401"}],"wp:term":[{"taxonomy":"category","embeddable":true,"href":"https:\/\/www.latribunedufaso.net\/index.php?rest_route=%2Fwp%2Fv2%2Fcategories&post=7401"},{"taxonomy":"post_tag","embeddable":true,"href":"https:\/\/www.latribunedufaso.net\/index.php?rest_route=%2Fwp%2Fv2%2Ftags&post=7401"}],"curies":[{"name":"wp","href":"https:\/\/api.w.org\/{rel}","templated":true}]}}