{"id":7359,"date":"2023-04-12T14:02:20","date_gmt":"2023-04-12T14:02:20","guid":{"rendered":"https:\/\/www.latribunedufaso.net\/?p=7359"},"modified":"2023-04-12T14:06:05","modified_gmt":"2023-04-12T14:06:05","slug":"situation-securitaire-au-burkina-le-terrorisme-en-lui-meme-est-une-violation-des-droits-humains-aly-sanou-secretaire-general-du-mbdhp","status":"publish","type":"post","link":"https:\/\/www.latribunedufaso.net\/?p=7359","title":{"rendered":"Situation s\u00e9curitaire au Burkina\u00a0: \u00ab\u00a0Le terrorisme en lui-m\u00eame est une violation des droits humains\u00a0\u00bb, Aly Sanou, Secr\u00e9taire g\u00e9n\u00e9ral du MBDHP"},"content":{"rendered":"<p style=\"text-align: justify;\"><strong>Cela fait maintenant quelques ann\u00e9es que\u00a0 le Burkina Faso est en proie \u00e0 des attaques terroristes qui endeuillent les populations. Pour venir \u00e0 bout de \u00a0ce mal, les Forces de d\u00e9fense et de s\u00e9curit\u00e9 (FDS) m\u00e8nent des actions de s\u00e9curisation sur le terrain. Cependant, des cas de violations des droits humains sont de plus en plus \u00a0d\u00e9nonc\u00e9s lors de ces op\u00e9rations. Au cours d\u2019un entretien accord\u00e9 \u00e0 Latribunedufaso.net, le Secr\u00e9taire G\u00e9n\u00e9ral du Mouvement burkinab\u00e8 des droits de l\u2019homme et des peuples (MBDHP), \u00a0Aly Sanou, \u00a0pr\u00e9sente \u00a0les causes \u00a0et les enjeux de ce \u00a0ph\u00e9nom\u00e8ne.<\/strong><!--more--><\/p>\n<p style=\"text-align: justify;\"><strong>\u00a0<\/strong><strong><em>Latribunedufaso.net\u00a0: Lorsque l\u2019on parle de droits humains, \u00e0 quoi cela renvoie t-il\u00a0?<\/em><\/strong><\/p>\n<p style=\"text-align: justify;\"><strong>Aly Sanou\u00a0<\/strong>: Les droits humains sont des droits que nous avons du seul fait que nous naissons des \u00eatres humains. Que nous soyons blanc, noir,\u00a0 jaune,\u00a0 vert, homme ou femme, \u00e0 la naissance nous avons ces droits, qui visent \u00e0 garantir notre dignit\u00e9. Aussi\u00a0 nous permettre de nous\u00a0 \u00e9panouir dans la soci\u00e9t\u00e9 dans\u00a0 laquelle nous vivons et de pouvoir r\u00e9aliser nos aspirations justes et l\u00e9gitimes.<\/p>\n<p style=\"text-align: justify;\">G\u00e9n\u00e9ralement, c\u2019est sur la premi\u00e8re g\u00e9n\u00e9ration de droits humains ( droits civils et politiques) que les gens ont plus de connaissances, notamment le droit \u00e0 la vie, l\u2019interdiction de torturer et autres. Mais les droits humains c\u2019est\u00a0 aussi le droit \u00e0 l\u2019alimentation, \u00e0 l\u2019\u00e9ducation, \u00e0 la sant\u00e9, \u00e0 la paix, au d\u00e9veloppement. Bref un ensemble de droits dont l\u2019objectif ultime est premi\u00e8rement de\u00a0 garantir la dignit\u00e9 de la personne humaine et deuxi\u00e8mement lui permettre de s\u2019\u00e9panouir dans la soci\u00e9t\u00e9 dans laquelle elle vit.<\/p>\n<p style=\"text-align: justify;\"><strong><em>Dans la strat\u00e9gie de lutte de l\u2019Etat burkinab\u00e8 contre le terrorisme, le MBDHP a par moment relev\u00e9 des cas de violation des droits humains. Pouvez-vous nous en dire plus\u00a0?<\/em><\/strong><\/p>\n<p style=\"text-align: justify;\">D\u2019abord, Il faut dire que le terrorisme en lui-m\u00eame est une violation des droits humains. Quand on parle de terrorisme, on parle d\u2019assassinats, de viols de femmes, de d\u00e9placements forc\u00e9s des populations, de destruction des biens. Voil\u00e0 pourquoi en tant que d\u00e9fenseurs des droits humains, nous d\u00e9non\u00e7ons \u00a0\u00e9galement les actes des groupes arm\u00e9s terroristes (GAT). \u00a0C\u2019est bien de le pr\u00e9ciser, c\u2019est bien que les choses soient claires.<\/p>\n<div style=\"width: 840px;\" class=\"wp-video\"><video class=\"wp-video-shortcode\" id=\"video-7359-1\" width=\"840\" height=\"630\" preload=\"metadata\" controls=\"controls\"><source type=\"video\/mp4\" src=\"https:\/\/www.latribunedufaso.net\/wp-content\/uploads\/2023\/04\/Aly-Sanou-SG-MBDHP.mp4?_=1\" \/><a href=\"https:\/\/www.latribunedufaso.net\/wp-content\/uploads\/2023\/04\/Aly-Sanou-SG-MBDHP.mp4\">https:\/\/www.latribunedufaso.net\/wp-content\/uploads\/2023\/04\/Aly-Sanou-SG-MBDHP.mp4<\/a><\/video><\/div>\n<p>&nbsp;<\/p>\n<p style=\"text-align: justify;\">Mais nous estimons qu\u2019on ne \u00a0peut pas combattre correctement et \u00a0efficacement le terrorisme, si on ne met pas au c\u0153ur de la lutte, des principes de droits humains, dont le premier est la protection des populations civiles. Les Forces de D\u00e9fense et de S\u00e9curit\u00e9 (FDS) dans leur mandat, la protection des populations civiles est une question essentielle et cardinale. \u00a0Toute l\u2019action des FDS tourne autour de la protection des populations civiles. Il \u00a0n&rsquo;y a pas meilleure mani\u00e8re de prot\u00e9ger les populations civiles, que d\u2019\u00e9viter de commettre des ex\u00e9cutions sommaires et \u00a0extra judiciaires ainsi que des disparitions forc\u00e9es. Une ex\u00e9cution sommaire et extra judiciaire suppose que la personne qui en est victime avait \u00e9t\u00e9 maitris\u00e9e avant l\u2019ex\u00e9cution, qu\u2019elle ne constituait plus une menace, et que les personnes qui l\u2019on arr\u00eat\u00e9, outre le fait que cette personne n\u2019est plus une menace pour elles, ont pr\u00e9f\u00e9r\u00e9 l\u2019\u00e9liminer purement et simplement.<\/p>\n<p style=\"text-align: justify;\">Dans la lutte contre le terrorisme aujourd\u2019hui, des communaut\u00e9s disent qu\u2019elles sont stigmatis\u00e9es, qu\u2019elles sont victimes d\u2019un ciblage ethnique. Nous pensons que c\u2019est parce qu\u2019il y a des ex\u00e9cutions sommaires et \u00a0\u00a0extra judiciaires que ce sentiment existe. S\u2019il n\u2019y en avait pas, \u00e7a voudrait dire que toutes les personnes qui seront \u00e9limin\u00e9es dans le cadre de la lutte contre le terrorisme seraient des personnes arm\u00e9es qui pr\u00e9sentent un danger pour les FDS et \u00a0pour les \u00a0populations civiles, ce qui rendrait l\u00e9gitime l\u2019action de ces derni\u00e8res. Cela veut dire aujourd\u2019hui que personne ne pourrait \u00a0remettre en cause ce que font les FDS.<\/p>\n<p style=\"text-align: center;\"><strong><em>\u00ab\u00a0Pourquoi malgr\u00e9 toutes les op\u00e9rations militaires que nous faisons, le terrorisme ne fait que gagner du terrain\u00a0\u00bb<\/em><\/strong><\/p>\n<p style=\"text-align: justify;\">C\u2019est parce que cette action conduit \u00e0 ce que \u00a0des personnes d\u00e9sarm\u00e9es soient \u00e9limin\u00e9es qu\u2019il y a le d\u00e9bat. Est-ce que ce sont des terroristes\u00a0? \u00a0De notre point de vu, si des personnes ne constituent plus une menace, nous voulons que l\u2019Etat de droit s\u2019applique. Si nous avons des \u00e9l\u00e9ments tangibles qui montrent que ces personnes sont des terroristes, \u00a0laissons la justice faire son travail. Mais tant que ces personnes sont arm\u00e9es, refusent d\u2019obtemp\u00e9rer, et constituent des menaces pour les FDS, aucun d\u00e9fenseur des droits humains ne demandera d\u2019aller les attraper les mains nues. Je rappelle que si ces forces l\u00e0 ont des armes c\u2019est bien pour s\u2019en servir. Et nous notre action vise \u00e0 ce qu\u2019en se servant de ces armes, elles ne le fassent pas de fa\u00e7on arbitraire, parce que l\u2019arbitraire constitue lui-m\u00eame un \u00e9l\u00e9ment d\u2019alimentation de la crise s\u00e9curitaire dans notre pays.<\/p>\n<p style=\"text-align: justify;\">Je trouve dommage que lorsque \u00a0nos autorit\u00e9s communiquent, ce soit toujours en termes de personnes terroristes \u00e9limin\u00e9es. Ce qui nous importe le plus, c\u2019est le retour de la s\u00e9curit\u00e9 et de la paix. Le retour des personnes d\u00e9plac\u00e9es dans leurs communaut\u00e9s. Et la question que nous nous posons, c\u2019est pourquoi malgr\u00e9 toutes les op\u00e9rations militaires que nous faisons, le terrorisme ne fait que gagner du terrain. Nous avons vu l\u2019op\u00e9ration Otapuanu \u00e0 l\u2019Est en 2019, aujourd\u2019hui la r\u00e9gion de l\u2019Est est tr\u00e8s loin d\u2019\u00eatre une r\u00e9gion s\u00e9curis\u00e9e. Nous avons vu l\u2019op\u00e9ration Doofu dans la m\u00eame p\u00e9riode dans la r\u00e9gion du Sahel, aujourd\u2019hui le Sahel est infest\u00e9 par les groupes arm\u00e9s terroristes. \u00c7a veut dire que nous devons repenser nos op\u00e9rations militaires et les calibrer de sortes \u00e0 ce qu\u2019elles ne fassent pas des d\u00e9g\u00e2ts collat\u00e9raux, et \u00e0 ce qu\u2019elles permettent d\u2019assurer de fa\u00e7on effective la protection des populations civiles.<\/p>\n<p style=\"text-align: justify;\"><strong><em>A votre avis, qu\u2019est-ce qui peut bien expliquer ces cas de violation des droits humains\u00a0?<\/em><\/strong><\/p>\n<p style=\"text-align: justify;\">Nous pensons que c\u2019est l\u2019absence de volont\u00e9 et de courage politique. Depuis le MPP (Mouvement du Peuple pour le Progr\u00e8s) \u00e0 aujourd\u2019hui le MPSR2 (Mouvement Patriotique pour la Sauvegarde et la Restauration), aucune autorit\u00e9 politique dans notre pays, n\u2019a eu le courage de reconna\u00eetre qu\u2019il y a des ex\u00e9cutions sommaires et \u00a0extra-judiciaires. Alors que cela constitue un \u00e9l\u00e9ment d\u2019aggravation de la crise. A chaque fois que les d\u00e9fenseurs des droits humains d\u00e9noncent, on nous r\u00e9torque que les FDS sont form\u00e9s en droits humains, comme si une formation \u00e9tait une garantie absolue du respect des droits humains. Les militaires qui font des descentes muscl\u00e9es dans les quartiers o\u00f9 ils bastonnent des populations civiles sont form\u00e9s en droits humains, mais \u00e7a n&#8217;emp\u00eache pas qu\u2019ils fassent des descentes, on l\u2019a vu \u00e0 Nagrin, \u00a0\u00e0 P\u00f4, et \u00e0 Karpala. Cette absence de courage et de volont\u00e9 politique constitue le frein le plus essentiel.<\/p>\n<p style=\"text-align: justify;\">A cela s\u2019ajoute-le fait que lorsque l\u2019on d\u00e9nonce aujourd\u2019hui ces exactions, on nous qualifie d\u2019apatrides. Comme si demander \u00e0 l\u2019arm\u00e9e de mener des actions de fa\u00e7on plus professionnelle \u00e9tait un acte d&rsquo;apatride et c\u2019est dommage. Donc aujourd\u2019hui, c\u2019est claire, la responsabilit\u00e9, elle est d\u2019abord au niveau des acteurs politiques qui dirigent ce pays, qui ont librement choisi de fermer les yeux et de laisser faire.<\/p>\n<p style=\"text-align: justify;\"><strong><em>Des vid\u00e9os se sont par moment retrouv\u00e9es sur la toile. Quelles cons\u00e9quences cela peut avoir au sein de la soci\u00e9t\u00e9\u00a0?<\/em><\/strong><\/p>\n<p style=\"text-align: justify;\">Les vid\u00e9os horribles que nous voyons ont pour cons\u00e9quence de banaliser la vie humaine et de ne plus la sacraliser. C\u2019est- \u00e0 &#8211; dire \u00a0qu\u2019aujourd\u2019hui, pour un\u00a0 simple soup\u00e7on on peut tuer quelqu\u2019un, m\u00eame si cette personne \u00a0ne constitue pas pour vous, ni pour vos proches une menace. Cela est extr\u00eamement grave. \u00a0Si on veut construire une soci\u00e9t\u00e9 de paix, il faut que l\u2019on ait la culture de la paix. La culture de la paix signifie \u00a0que l\u2019on travaille \u00e0 ce que la vie humaine soit sacralis\u00e9e, ce d\u2019autant plus que nous disons et nous insistons l\u00e0-dessus, \u00a0\u00a0le fait de \u00a0tuer n\u2019est pas contraire aux principes des \u00a0droits humains, ce qui est contraire aux principes des droits humains, c\u2019est de tuer de fa\u00e7on arbitraire.<\/p>\n<p style=\"text-align: justify;\">L\u2019arbitraire c\u2019est quand on a maitris\u00e9 la \u00a0personne et qu\u2019elle ne constitue plus une menace, on peut la remettre \u00e0 la justice. On dit ok, on pr\u00e9f\u00e8re l\u2019\u00e9liminer soi-m\u00eame. L\u00e0, cela devient un cas d\u2019ex\u00e9cution sommaire, extra-judiciaire et un cas arbitraire. Le fait de \u00a0ne pas sanctionner ces cas, de les encourager \u00e0 la limite et de les laisser se perp\u00e9tuer, banalise la vie humaine. Aujourd\u2019hui au Burkina, si quelqu\u2019un est tu\u00e9 et qu\u2019on dit qu\u2019on le suspectait de terrorisme, c\u2019est suffisant pour qu\u2019on accepte. S\u2019il y a une chose que le terrorisme lui-m\u00eame a r\u00e9ussi, c\u2019est de banaliser la vie humaine dans notre pays et de d\u00e9shumaniser notre soci\u00e9t\u00e9 dans son ensemble.<\/p>\n<p style=\"text-align: justify;\"><strong><em>Pensez vous que l\u2019on peut \u00a0parler de droits humains encore lorsque des hommes arm\u00e9es massacrent la population\u00a0?<\/em><\/strong><\/p>\n<p style=\"text-align: justify;\">C&rsquo;est peut-\u00eatre nous d\u00e9fenseur des droits humains qui manquons de p\u00e9dagogie, parce-que c\u2019est dans ces moments qu&rsquo;il faut parler de droits humains, le terrorisme lui-m\u00eame \u00e9tant une violation des droits humains. \u00a0S\u2019il perdure \u00e7a veut dire que l\u2019Etat ne joue pas correctement son r\u00f4le de protection des populations civiles contre l\u2019ins\u00e9curit\u00e9 et contre les attaques terroristes. Il \u00a0faut donc \u00a0amener l\u2019Etat dans ce contexte \u00e0 jouer correctement son r\u00f4le et \u00a0si tel n\u2019est pas le cas, nous serons tr\u00e8s critiques vis-\u00e0-vis de lui.<\/p>\n<p style=\"text-align: justify;\">Maintenant, dans le r\u00f4le que l&rsquo;Etat doit jouer, il doit travailler \u00e0 ce que l&rsquo;Etat de droit s\u2019applique. Comme nous l\u2019avons dit, \u00a0s&rsquo;il y a une attaque terroriste dans une zone, lorsque les forces de s\u00e9curit\u00e9 interviennent il arrive que dans leurs actions elles tuent. Lorsqu\u2019il y a eu les attaques de Splendide h\u00f4tel, de Cappuccino et autres, le MBDHP a fait un communiqu\u00e9 pour f\u00e9liciter les FDS pour leur action, pourtant, elles ont eu \u00e0 tuer. Mais dans \u00a0ce cas, il n&rsquo;y a pas eu de violation des droits humains. La limite intervient lorsque comme nous \u00a0le disons et nous insistons l\u00e0-dessus, on a maitris\u00e9 des gens qui ne constituent plus de danger.<\/p>\n<p style=\"text-align: justify;\">L\u2019autre aspect, est que les exactions elles-m\u00eames ne sont pas efficaces dans la lutte contre le terrorisme. Non seulement elles donnent un sentiment de stigmatisation \u00e0 des populations qui en m\u00eame temps rejoignent les GAT. Voil\u00e0 pourquoi quand on observe la composition des \u00a0GAT dans\u00a0 notre pays, il y a des \u00a0communaut\u00e9s qui y sont majoritaires. Parce qu\u2019elles se sentent stigmatis\u00e9es, donc premier facteur qui nous fait dire que ce n\u2019est pas efficace.<\/p>\n<p style=\"text-align: justify;\">Le second facteur est que lorsque l\u2019on ma\u00eetrise des terroristes sur les champs de bataille, c\u2019est en m\u00eame tant une mine d\u2019informations. Le volet judiciaire que nous voulons qu\u2019il prenne le relais \u00a0va consister \u00e0 r\u00e9unir les preuves non seulement pour \u00a0accabler les terroristes pour qu\u2019ils rendent compte, mais \u00e9galement pour d\u00e9manteler un r\u00e9seau dont il pourrait \u00eatre un \u00e9l\u00e9ment. Ce terroriste qui est pris, il y\u2019a bien quelqu\u2019un qui lui a donn\u00e9 une Kalachnikov, qui le ravitaille en munitions. S\u2019il est \u00e9limin\u00e9 on ne peut remonter cette pente.<\/p>\n<p style=\"text-align: justify;\">Mais si on s\u2019inscrit dans un processus judiciaire, \u00e7a permet en m\u00eame temps de d\u00e9manteler tout un r\u00e9seau et d\u2019\u00eatre plus efficace dans la lutte contre le terrorisme. C\u2019est simplement ce que les d\u00e9fenseurs des droits humains demandent.<\/p>\n<p style=\"text-align: justify;\"><strong><em>Comment le public accueille votre lutte, est ce qu\u2019il y a une adh\u00e9sion\u00a0?<\/em><\/strong><\/p>\n<p style=\"text-align: justify;\">Nous pensons que nous ne sommes pas toujours bien compris. Peut-\u00eatre parce que nous n\u2019avons pas la p\u00e9dagogie n\u00e9cessaire pour nous faire comprendre. Mais en m\u00eame temps, lorsque nous observons l\u2019\u00e9volution du climat dans notre pays, en 2019\u00a0 le MBDHP a fait un rapport sur des \u00e9v\u00e8nements \u00e0 Ka\u00efn, un rapport qui a fait beaucoup de bruit \u00a0\u00a0dans l\u2019opinion.<\/p>\n<p style=\"text-align: justify;\">De 2019 \u00e0 2023, cela fait 04 ans, mais nous sentons que lorsque nous d\u00e9non\u00e7ons les exactions, l\u2019opinion devient plus r\u00e9ceptive, parce qu\u2019elle a eu le temps de faire son exp\u00e9rience, de savoir s\u2019il y a ou non des exactions. En 2019 on nous a dit qu\u2019il n\u2019y a pas d\u2019exactions. Maintenant ils sont tr\u00e8s peu \u00e0 se bomber le torse pour dire qu\u2019il n\u2019y en \u00a0a pas\u00a0 car elles nous ont rattrap\u00e9es.<\/p>\n<p style=\"text-align: justify;\">Pourquoi le terrorisme ne fait qu\u2019avancer\u00a0? \u00a0Ce questionnement doit \u00eatre une pr\u00e9occupation pour tous les burkinab\u00e8 \u00e9pris de paix dans notre pays. Les gens commencent \u00e0 se poser un certain nombre de questions et \u00e0 beaucoup plus interroger l\u2019action \u00a0de nos FDS. Nous disons que beaucoup de nos FDS font un travail formidable au prix de leurs vies. \u00a0Pour ceux l\u00e0, il n\u2019est pas juste que\u00a0 des violations des droits humains viennent ternir ce qu\u2019ils font.<\/p>\n<p style=\"text-align: justify;\"><strong><em>R\u00e9cemment l\u2019Assembl\u00e9e L\u00e9gislative de Transition a vot\u00e9 la modification de l\u2019article 241 du code de justice militaire. D\u00e9sormais\u00a0\u00a0 des officiers et agents de la police judiciaire et \u00e9galement des greffiers militaires seront d\u00e9ploy\u00e9s sur le th\u00e9\u00e2tre des op\u00e9rations avec les forces combattantes. Quelle appr\u00e9ciation faites-vous de cette nouvelle donne ?<\/em><\/strong><\/p>\n<p style=\"text-align: justify;\">A priori c\u2019est une bonne chose, parce que l\u2019action des pr\u00e9v\u00f4t\u00e9s vise \u00a0dans un premier temps \u00e0 r\u00e9unir les \u00e9l\u00e9ments de preuves contre les attaques que les FDS eux m\u00eame subissent. Si des unit\u00e9s militaires sont attaqu\u00e9es, il est bon qu\u2019il ait des enqu\u00eates qui permettent de retrouver ceux qui les ont attaqu\u00e9 pour que justice soit rendu aux victimes. \u00a0Le second volet est que leur action devrait permettre de r\u00e9duire consid\u00e9rablement les violations des droits humains du fait des FDS.<\/p>\n<p style=\"text-align: justify;\">Mais quelques soit les r\u00e9visions l\u00e9gislatives, s\u2019il n\u2019y a pas une volont\u00e9 et un courage politique clairs, \u00a0\u00a0il n&rsquo;y aura pas de changement sur le terrain. Nous disons qu\u2019il serait mieux que cette mesure nouvelle\u00a0 soit suivie d\u2019un engagement ferme de nos autorit\u00e9s. Sans cet engagement, les choses vont se poursuivre ainsi. \u00a0Bien au contraire quand nous allons d\u00e9noncer les violations des\u00a0 droits humains, ils viendront nous dire \u00ab il y a les pr\u00e9v\u00f4t\u00e9s sur le terrain, cela veut dire que les droits humains sont respect\u00e9s \u00bb. Donc, pour nous, l\u2019\u00e9l\u00e9ment central, c\u2019est la volont\u00e9 politique.<\/p>\n<p style=\"text-align: justify;\"><strong><em>Est-ce qu\u2019on peut dire que le MBDHP a enfin \u00e9t\u00e9 entendu, que c\u2019est une r\u00e9ponse \u00e0 votre longue lutte\u00a0?<\/em><\/strong><\/p>\n<p style=\"text-align: justify;\">Je ne dirai pas oui parce qu\u2019on attend de voir sur le terrain. On dirait qu\u2019on a \u00e9t\u00e9 entendu, si nos autorit\u00e9s sortaient de leur posture n\u00e9gationniste, mais la posture demeure. On nous dit toujours que c\u2019est faux ce qu\u2019on dit, qu\u2019il n\u2019y a pas de violation des droits humains sur le terrain. Cela m\u2019emm\u00e8ne \u00e0 dire que tant que cette\u00a0 posture n\u2019\u00e9volue pas, on peut se poser les questions v\u00e9ritables sur la volont\u00e9 de mettre un terme aux exactions.<\/p>\n<p style=\"text-align: justify;\"><strong><em>Votre mot de fin.<\/em><\/strong><\/p>\n<p style=\"text-align: justify;\">C\u2019est de demander \u00e0 la presse de nous accompagner dans le travail d\u2019\u00e9ducation aux droits humains. G\u00e9n\u00e9ralement, on peut \u00eatre hostile aux droits humains, quand on pense qu\u2019ils sont sens\u00e9s prot\u00e9ger les autres. Mais quand on les ram\u00e8ne \u00e0 notre propre personne et aux personnes que nous aimons, on devient beaucoup plus r\u00e9ceptif. Il faut travailler \u00e0 ce qu\u2019on se dise que la construction de la paix est fonction de notre capacit\u00e9 \u00e0 respecter les droits humains.<\/p>\n<p style=\"text-align: justify;\">Notre pays est dans une situation de guerre, mais la paix de demain il nous faut la pr\u00e9parer \u00e0 partir d&rsquo;aujourd\u2019hui. La meilleure mani\u00e8re de pr\u00e9parer cette paix, c\u2019est d\u2019arr\u00eater de banaliser la vie humaine, arr\u00eater les violations des droits humains et les exactions. Tant qu\u2019elles vont perdurer, nous ne ferons\u00a0 que nous enliser dans la guerre dans laquelle nous sommes.<\/p>\n<p style=\"text-align: justify;\"><strong>Entretien r\u00e9alis\u00e9 par Astride Kiendrebeogo<\/strong><\/p>\n<p style=\"text-align: justify;\"><strong>Latribunedufaso.net<\/strong><\/p>\n","protected":false},"excerpt":{"rendered":"<p>Cela fait maintenant quelques ann\u00e9es que\u00a0 le Burkina Faso est en proie \u00e0 des attaques terroristes qui endeuillent les populations. Pour venir \u00e0 bout de \u00a0ce mal, les Forces de d\u00e9fense et de s\u00e9curit\u00e9 (FDS) m\u00e8nent des actions de s\u00e9curisation sur le terrain. Cependant, des cas de violations des droits humains sont de plus en plus \u00a0d\u00e9nonc\u00e9s lors de ces op\u00e9rations. Au cours d\u2019un entretien accord\u00e9 \u00e0 Latribunedufaso.net, le Secr\u00e9taire G\u00e9n\u00e9ral du Mouvement burkinab\u00e8 des droits de l\u2019homme et des peuples (MBDHP), \u00a0Aly Sanou, \u00a0pr\u00e9sente \u00a0les causes \u00a0et les enjeux de ce \u00a0ph\u00e9nom\u00e8ne.<\/p>\n","protected":false},"author":2,"featured_media":7363,"comment_status":"open","ping_status":"open","sticky":false,"template":"","format":"standard","meta":{"footnotes":""},"categories":[13,1,8],"tags":[],"class_list":["post-7359","post","type-post","status-publish","format-standard","has-post-thumbnail","hentry","category-une","category-actu","category-societe"],"yoast_head":"<!-- This site is optimized with the Yoast SEO plugin v27.5 - https:\/\/yoast.com\/product\/yoast-seo-wordpress\/ -->\n<title>Situation s\u00e9curitaire au Burkina\u00a0: \u00ab\u00a0Le terrorisme en lui-m\u00eame est une violation des droits humains\u00a0\u00bb, Aly Sanou, Secr\u00e9taire g\u00e9n\u00e9ral du MBDHP - La Tribune du Faso<\/title>\n<meta name=\"robots\" content=\"index, follow, max-snippet:-1, max-image-preview:large, max-video-preview:-1\" \/>\n<link rel=\"canonical\" href=\"https:\/\/www.latribunedufaso.net\/?p=7359\" \/>\n<meta property=\"og:locale\" content=\"fr_FR\" \/>\n<meta property=\"og:type\" content=\"article\" \/>\n<meta property=\"og:title\" content=\"Situation s\u00e9curitaire au Burkina\u00a0: \u00ab\u00a0Le terrorisme en lui-m\u00eame est une violation des droits humains\u00a0\u00bb, Aly Sanou, Secr\u00e9taire g\u00e9n\u00e9ral du MBDHP - La Tribune du Faso\" \/>\n<meta property=\"og:description\" content=\"Cela fait maintenant quelques ann\u00e9es que\u00a0 le Burkina Faso est en proie \u00e0 des attaques terroristes qui endeuillent les populations. Pour venir \u00e0 bout de \u00a0ce mal, les Forces de d\u00e9fense et de s\u00e9curit\u00e9 (FDS) m\u00e8nent des actions de s\u00e9curisation sur le terrain. Cependant, des cas de violations des droits humains sont de plus en plus \u00a0d\u00e9nonc\u00e9s lors de ces op\u00e9rations. Au cours d\u2019un entretien accord\u00e9 \u00e0 Latribunedufaso.net, le Secr\u00e9taire G\u00e9n\u00e9ral du Mouvement burkinab\u00e8 des droits de l\u2019homme et des peuples (MBDHP), \u00a0Aly Sanou, \u00a0pr\u00e9sente \u00a0les causes \u00a0et les enjeux de ce \u00a0ph\u00e9nom\u00e8ne.\" \/>\n<meta property=\"og:url\" content=\"https:\/\/www.latribunedufaso.net\/?p=7359\" \/>\n<meta property=\"og:site_name\" content=\"La Tribune du Faso\" \/>\n<meta property=\"article:publisher\" content=\"https:\/\/www.facebook.com\/LatribuneduFaso\/\" \/>\n<meta property=\"article:published_time\" content=\"2023-04-12T14:02:20+00:00\" \/>\n<meta property=\"article:modified_time\" content=\"2023-04-12T14:06:05+00:00\" \/>\n<meta property=\"og:image\" content=\"https:\/\/www.latribunedufaso.net\/wp-content\/uploads\/2022\/02\/Ali-Sanou-SG-MBDHP_015546.jpg\" \/>\n\t<meta property=\"og:image:width\" content=\"2100\" \/>\n\t<meta property=\"og:image:height\" content=\"1275\" \/>\n\t<meta property=\"og:image:type\" content=\"image\/jpeg\" \/>\n<meta name=\"author\" content=\"Administrateur\" \/>\n<meta name=\"twitter:label1\" content=\"\u00c9crit par\" \/>\n\t<meta name=\"twitter:data1\" content=\"Administrateur\" \/>\n\t<meta name=\"twitter:label2\" content=\"Dur\u00e9e de lecture estim\u00e9e\" \/>\n\t<meta name=\"twitter:data2\" content=\"14 minutes\" \/>\n<script type=\"application\/ld+json\" class=\"yoast-schema-graph\">{\"@context\":\"https:\\\/\\\/schema.org\",\"@graph\":[{\"@type\":\"Article\",\"@id\":\"https:\\\/\\\/www.latribunedufaso.net\\\/?p=7359#article\",\"isPartOf\":{\"@id\":\"https:\\\/\\\/www.latribunedufaso.net\\\/?p=7359\"},\"author\":{\"name\":\"Administrateur\",\"@id\":\"https:\\\/\\\/www.latribunedufaso.net\\\/#\\\/schema\\\/person\\\/a380782d0605bb8aae27c40ea93b35b1\"},\"headline\":\"Situation s\u00e9curitaire au Burkina\u00a0: \u00ab\u00a0Le terrorisme en lui-m\u00eame est une violation des droits humains\u00a0\u00bb, Aly Sanou, Secr\u00e9taire g\u00e9n\u00e9ral du MBDHP\",\"datePublished\":\"2023-04-12T14:02:20+00:00\",\"dateModified\":\"2023-04-12T14:06:05+00:00\",\"mainEntityOfPage\":{\"@id\":\"https:\\\/\\\/www.latribunedufaso.net\\\/?p=7359\"},\"wordCount\":2884,\"commentCount\":0,\"publisher\":{\"@id\":\"https:\\\/\\\/www.latribunedufaso.net\\\/#organization\"},\"image\":{\"@id\":\"https:\\\/\\\/www.latribunedufaso.net\\\/?p=7359#primaryimage\"},\"thumbnailUrl\":\"https:\\\/\\\/www.latribunedufaso.net\\\/wp-content\\\/uploads\\\/2022\\\/02\\\/Ali-Sanou-SG-MBDHP_015546.jpg\",\"articleSection\":[\"A la une\",\"Actualit\u00e9\",\"Soci\u00e9t\u00e9\"],\"inLanguage\":\"fr-FR\",\"potentialAction\":[{\"@type\":\"CommentAction\",\"name\":\"Comment\",\"target\":[\"https:\\\/\\\/www.latribunedufaso.net\\\/?p=7359#respond\"]}]},{\"@type\":\"WebPage\",\"@id\":\"https:\\\/\\\/www.latribunedufaso.net\\\/?p=7359\",\"url\":\"https:\\\/\\\/www.latribunedufaso.net\\\/?p=7359\",\"name\":\"Situation s\u00e9curitaire au Burkina\u00a0: \u00ab\u00a0Le terrorisme en lui-m\u00eame est une violation des droits humains\u00a0\u00bb, Aly Sanou, Secr\u00e9taire g\u00e9n\u00e9ral du MBDHP - La Tribune du Faso\",\"isPartOf\":{\"@id\":\"https:\\\/\\\/www.latribunedufaso.net\\\/#website\"},\"primaryImageOfPage\":{\"@id\":\"https:\\\/\\\/www.latribunedufaso.net\\\/?p=7359#primaryimage\"},\"image\":{\"@id\":\"https:\\\/\\\/www.latribunedufaso.net\\\/?p=7359#primaryimage\"},\"thumbnailUrl\":\"https:\\\/\\\/www.latribunedufaso.net\\\/wp-content\\\/uploads\\\/2022\\\/02\\\/Ali-Sanou-SG-MBDHP_015546.jpg\",\"datePublished\":\"2023-04-12T14:02:20+00:00\",\"dateModified\":\"2023-04-12T14:06:05+00:00\",\"breadcrumb\":{\"@id\":\"https:\\\/\\\/www.latribunedufaso.net\\\/?p=7359#breadcrumb\"},\"inLanguage\":\"fr-FR\",\"potentialAction\":[{\"@type\":\"ReadAction\",\"target\":[\"https:\\\/\\\/www.latribunedufaso.net\\\/?p=7359\"]}]},{\"@type\":\"ImageObject\",\"inLanguage\":\"fr-FR\",\"@id\":\"https:\\\/\\\/www.latribunedufaso.net\\\/?p=7359#primaryimage\",\"url\":\"https:\\\/\\\/www.latribunedufaso.net\\\/wp-content\\\/uploads\\\/2022\\\/02\\\/Ali-Sanou-SG-MBDHP_015546.jpg\",\"contentUrl\":\"https:\\\/\\\/www.latribunedufaso.net\\\/wp-content\\\/uploads\\\/2022\\\/02\\\/Ali-Sanou-SG-MBDHP_015546.jpg\",\"width\":2100,\"height\":1275},{\"@type\":\"BreadcrumbList\",\"@id\":\"https:\\\/\\\/www.latribunedufaso.net\\\/?p=7359#breadcrumb\",\"itemListElement\":[{\"@type\":\"ListItem\",\"position\":1,\"name\":\"Accueil\",\"item\":\"https:\\\/\\\/www.latribunedufaso.net\\\/\"},{\"@type\":\"ListItem\",\"position\":2,\"name\":\"Situation s\u00e9curitaire au Burkina\u00a0: \u00ab\u00a0Le terrorisme en lui-m\u00eame est une violation des droits humains\u00a0\u00bb, Aly Sanou, Secr\u00e9taire g\u00e9n\u00e9ral du MBDHP\"}]},{\"@type\":\"WebSite\",\"@id\":\"https:\\\/\\\/www.latribunedufaso.net\\\/#website\",\"url\":\"https:\\\/\\\/www.latribunedufaso.net\\\/\",\"name\":\"La Tribune du Faso\",\"description\":\"L&#039;information du monde rural en un clic\",\"publisher\":{\"@id\":\"https:\\\/\\\/www.latribunedufaso.net\\\/#organization\"},\"potentialAction\":[{\"@type\":\"SearchAction\",\"target\":{\"@type\":\"EntryPoint\",\"urlTemplate\":\"https:\\\/\\\/www.latribunedufaso.net\\\/?s={search_term_string}\"},\"query-input\":{\"@type\":\"PropertyValueSpecification\",\"valueRequired\":true,\"valueName\":\"search_term_string\"}}],\"inLanguage\":\"fr-FR\"},{\"@type\":\"Organization\",\"@id\":\"https:\\\/\\\/www.latribunedufaso.net\\\/#organization\",\"name\":\"La Tribune du Faso\",\"url\":\"https:\\\/\\\/www.latribunedufaso.net\\\/\",\"logo\":{\"@type\":\"ImageObject\",\"inLanguage\":\"fr-FR\",\"@id\":\"https:\\\/\\\/www.latribunedufaso.net\\\/#\\\/schema\\\/logo\\\/image\\\/\",\"url\":\"https:\\\/\\\/www.latribunedufaso.net\\\/wp-content\\\/uploads\\\/2020\\\/08\\\/Logo-Tribune-du-Faso-final-scaled.jpg\",\"contentUrl\":\"https:\\\/\\\/www.latribunedufaso.net\\\/wp-content\\\/uploads\\\/2020\\\/08\\\/Logo-Tribune-du-Faso-final-scaled.jpg\",\"width\":2560,\"height\":1856,\"caption\":\"La Tribune du Faso\"},\"image\":{\"@id\":\"https:\\\/\\\/www.latribunedufaso.net\\\/#\\\/schema\\\/logo\\\/image\\\/\"},\"sameAs\":[\"https:\\\/\\\/www.facebook.com\\\/LatribuneduFaso\\\/\"]},{\"@type\":\"Person\",\"@id\":\"https:\\\/\\\/www.latribunedufaso.net\\\/#\\\/schema\\\/person\\\/a380782d0605bb8aae27c40ea93b35b1\",\"name\":\"Administrateur\",\"image\":{\"@type\":\"ImageObject\",\"inLanguage\":\"fr-FR\",\"@id\":\"https:\\\/\\\/secure.gravatar.com\\\/avatar\\\/e20266f97d741f0e80ba1f60283074a9b3317fd7bfb727e0d95b51dafbf854a1?s=96&d=mm&r=g\",\"url\":\"https:\\\/\\\/secure.gravatar.com\\\/avatar\\\/e20266f97d741f0e80ba1f60283074a9b3317fd7bfb727e0d95b51dafbf854a1?s=96&d=mm&r=g\",\"contentUrl\":\"https:\\\/\\\/secure.gravatar.com\\\/avatar\\\/e20266f97d741f0e80ba1f60283074a9b3317fd7bfb727e0d95b51dafbf854a1?s=96&d=mm&r=g\",\"caption\":\"Administrateur\"},\"url\":\"https:\\\/\\\/www.latribunedufaso.net\\\/?author=2\"}]}<\/script>\n<!-- \/ Yoast SEO plugin. -->","yoast_head_json":{"title":"Situation s\u00e9curitaire au Burkina\u00a0: \u00ab\u00a0Le terrorisme en lui-m\u00eame est une violation des droits humains\u00a0\u00bb, Aly Sanou, Secr\u00e9taire g\u00e9n\u00e9ral du MBDHP - La Tribune du Faso","robots":{"index":"index","follow":"follow","max-snippet":"max-snippet:-1","max-image-preview":"max-image-preview:large","max-video-preview":"max-video-preview:-1"},"canonical":"https:\/\/www.latribunedufaso.net\/?p=7359","og_locale":"fr_FR","og_type":"article","og_title":"Situation s\u00e9curitaire au Burkina\u00a0: \u00ab\u00a0Le terrorisme en lui-m\u00eame est une violation des droits humains\u00a0\u00bb, Aly Sanou, Secr\u00e9taire g\u00e9n\u00e9ral du MBDHP - La Tribune du Faso","og_description":"Cela fait maintenant quelques ann\u00e9es que\u00a0 le Burkina Faso est en proie \u00e0 des attaques terroristes qui endeuillent les populations. Pour venir \u00e0 bout de \u00a0ce mal, les Forces de d\u00e9fense et de s\u00e9curit\u00e9 (FDS) m\u00e8nent des actions de s\u00e9curisation sur le terrain. Cependant, des cas de violations des droits humains sont de plus en plus \u00a0d\u00e9nonc\u00e9s lors de ces op\u00e9rations. Au cours d\u2019un entretien accord\u00e9 \u00e0 Latribunedufaso.net, le Secr\u00e9taire G\u00e9n\u00e9ral du Mouvement burkinab\u00e8 des droits de l\u2019homme et des peuples (MBDHP), \u00a0Aly Sanou, \u00a0pr\u00e9sente \u00a0les causes \u00a0et les enjeux de ce \u00a0ph\u00e9nom\u00e8ne.","og_url":"https:\/\/www.latribunedufaso.net\/?p=7359","og_site_name":"La Tribune du Faso","article_publisher":"https:\/\/www.facebook.com\/LatribuneduFaso\/","article_published_time":"2023-04-12T14:02:20+00:00","article_modified_time":"2023-04-12T14:06:05+00:00","og_image":[{"width":2100,"height":1275,"url":"https:\/\/www.latribunedufaso.net\/wp-content\/uploads\/2022\/02\/Ali-Sanou-SG-MBDHP_015546.jpg","type":"image\/jpeg"}],"author":"Administrateur","twitter_misc":{"\u00c9crit par":"Administrateur","Dur\u00e9e de lecture estim\u00e9e":"14 minutes"},"schema":{"@context":"https:\/\/schema.org","@graph":[{"@type":"Article","@id":"https:\/\/www.latribunedufaso.net\/?p=7359#article","isPartOf":{"@id":"https:\/\/www.latribunedufaso.net\/?p=7359"},"author":{"name":"Administrateur","@id":"https:\/\/www.latribunedufaso.net\/#\/schema\/person\/a380782d0605bb8aae27c40ea93b35b1"},"headline":"Situation s\u00e9curitaire au Burkina\u00a0: \u00ab\u00a0Le terrorisme en lui-m\u00eame est une violation des droits humains\u00a0\u00bb, Aly Sanou, Secr\u00e9taire g\u00e9n\u00e9ral du MBDHP","datePublished":"2023-04-12T14:02:20+00:00","dateModified":"2023-04-12T14:06:05+00:00","mainEntityOfPage":{"@id":"https:\/\/www.latribunedufaso.net\/?p=7359"},"wordCount":2884,"commentCount":0,"publisher":{"@id":"https:\/\/www.latribunedufaso.net\/#organization"},"image":{"@id":"https:\/\/www.latribunedufaso.net\/?p=7359#primaryimage"},"thumbnailUrl":"https:\/\/www.latribunedufaso.net\/wp-content\/uploads\/2022\/02\/Ali-Sanou-SG-MBDHP_015546.jpg","articleSection":["A la une","Actualit\u00e9","Soci\u00e9t\u00e9"],"inLanguage":"fr-FR","potentialAction":[{"@type":"CommentAction","name":"Comment","target":["https:\/\/www.latribunedufaso.net\/?p=7359#respond"]}]},{"@type":"WebPage","@id":"https:\/\/www.latribunedufaso.net\/?p=7359","url":"https:\/\/www.latribunedufaso.net\/?p=7359","name":"Situation s\u00e9curitaire au Burkina\u00a0: \u00ab\u00a0Le terrorisme en lui-m\u00eame est une violation des droits humains\u00a0\u00bb, Aly Sanou, Secr\u00e9taire g\u00e9n\u00e9ral du MBDHP - La Tribune du Faso","isPartOf":{"@id":"https:\/\/www.latribunedufaso.net\/#website"},"primaryImageOfPage":{"@id":"https:\/\/www.latribunedufaso.net\/?p=7359#primaryimage"},"image":{"@id":"https:\/\/www.latribunedufaso.net\/?p=7359#primaryimage"},"thumbnailUrl":"https:\/\/www.latribunedufaso.net\/wp-content\/uploads\/2022\/02\/Ali-Sanou-SG-MBDHP_015546.jpg","datePublished":"2023-04-12T14:02:20+00:00","dateModified":"2023-04-12T14:06:05+00:00","breadcrumb":{"@id":"https:\/\/www.latribunedufaso.net\/?p=7359#breadcrumb"},"inLanguage":"fr-FR","potentialAction":[{"@type":"ReadAction","target":["https:\/\/www.latribunedufaso.net\/?p=7359"]}]},{"@type":"ImageObject","inLanguage":"fr-FR","@id":"https:\/\/www.latribunedufaso.net\/?p=7359#primaryimage","url":"https:\/\/www.latribunedufaso.net\/wp-content\/uploads\/2022\/02\/Ali-Sanou-SG-MBDHP_015546.jpg","contentUrl":"https:\/\/www.latribunedufaso.net\/wp-content\/uploads\/2022\/02\/Ali-Sanou-SG-MBDHP_015546.jpg","width":2100,"height":1275},{"@type":"BreadcrumbList","@id":"https:\/\/www.latribunedufaso.net\/?p=7359#breadcrumb","itemListElement":[{"@type":"ListItem","position":1,"name":"Accueil","item":"https:\/\/www.latribunedufaso.net\/"},{"@type":"ListItem","position":2,"name":"Situation s\u00e9curitaire au Burkina\u00a0: \u00ab\u00a0Le terrorisme en lui-m\u00eame est une violation des droits humains\u00a0\u00bb, Aly Sanou, Secr\u00e9taire g\u00e9n\u00e9ral du MBDHP"}]},{"@type":"WebSite","@id":"https:\/\/www.latribunedufaso.net\/#website","url":"https:\/\/www.latribunedufaso.net\/","name":"La Tribune du Faso","description":"L&#039;information du monde rural en un clic","publisher":{"@id":"https:\/\/www.latribunedufaso.net\/#organization"},"potentialAction":[{"@type":"SearchAction","target":{"@type":"EntryPoint","urlTemplate":"https:\/\/www.latribunedufaso.net\/?s={search_term_string}"},"query-input":{"@type":"PropertyValueSpecification","valueRequired":true,"valueName":"search_term_string"}}],"inLanguage":"fr-FR"},{"@type":"Organization","@id":"https:\/\/www.latribunedufaso.net\/#organization","name":"La Tribune du Faso","url":"https:\/\/www.latribunedufaso.net\/","logo":{"@type":"ImageObject","inLanguage":"fr-FR","@id":"https:\/\/www.latribunedufaso.net\/#\/schema\/logo\/image\/","url":"https:\/\/www.latribunedufaso.net\/wp-content\/uploads\/2020\/08\/Logo-Tribune-du-Faso-final-scaled.jpg","contentUrl":"https:\/\/www.latribunedufaso.net\/wp-content\/uploads\/2020\/08\/Logo-Tribune-du-Faso-final-scaled.jpg","width":2560,"height":1856,"caption":"La Tribune du Faso"},"image":{"@id":"https:\/\/www.latribunedufaso.net\/#\/schema\/logo\/image\/"},"sameAs":["https:\/\/www.facebook.com\/LatribuneduFaso\/"]},{"@type":"Person","@id":"https:\/\/www.latribunedufaso.net\/#\/schema\/person\/a380782d0605bb8aae27c40ea93b35b1","name":"Administrateur","image":{"@type":"ImageObject","inLanguage":"fr-FR","@id":"https:\/\/secure.gravatar.com\/avatar\/e20266f97d741f0e80ba1f60283074a9b3317fd7bfb727e0d95b51dafbf854a1?s=96&d=mm&r=g","url":"https:\/\/secure.gravatar.com\/avatar\/e20266f97d741f0e80ba1f60283074a9b3317fd7bfb727e0d95b51dafbf854a1?s=96&d=mm&r=g","contentUrl":"https:\/\/secure.gravatar.com\/avatar\/e20266f97d741f0e80ba1f60283074a9b3317fd7bfb727e0d95b51dafbf854a1?s=96&d=mm&r=g","caption":"Administrateur"},"url":"https:\/\/www.latribunedufaso.net\/?author=2"}]}},"_links":{"self":[{"href":"https:\/\/www.latribunedufaso.net\/index.php?rest_route=\/wp\/v2\/posts\/7359","targetHints":{"allow":["GET"]}}],"collection":[{"href":"https:\/\/www.latribunedufaso.net\/index.php?rest_route=\/wp\/v2\/posts"}],"about":[{"href":"https:\/\/www.latribunedufaso.net\/index.php?rest_route=\/wp\/v2\/types\/post"}],"author":[{"embeddable":true,"href":"https:\/\/www.latribunedufaso.net\/index.php?rest_route=\/wp\/v2\/users\/2"}],"replies":[{"embeddable":true,"href":"https:\/\/www.latribunedufaso.net\/index.php?rest_route=%2Fwp%2Fv2%2Fcomments&post=7359"}],"version-history":[{"count":3,"href":"https:\/\/www.latribunedufaso.net\/index.php?rest_route=\/wp\/v2\/posts\/7359\/revisions"}],"predecessor-version":[{"id":7366,"href":"https:\/\/www.latribunedufaso.net\/index.php?rest_route=\/wp\/v2\/posts\/7359\/revisions\/7366"}],"wp:featuredmedia":[{"embeddable":true,"href":"https:\/\/www.latribunedufaso.net\/index.php?rest_route=\/wp\/v2\/media\/7363"}],"wp:attachment":[{"href":"https:\/\/www.latribunedufaso.net\/index.php?rest_route=%2Fwp%2Fv2%2Fmedia&parent=7359"}],"wp:term":[{"taxonomy":"category","embeddable":true,"href":"https:\/\/www.latribunedufaso.net\/index.php?rest_route=%2Fwp%2Fv2%2Fcategories&post=7359"},{"taxonomy":"post_tag","embeddable":true,"href":"https:\/\/www.latribunedufaso.net\/index.php?rest_route=%2Fwp%2Fv2%2Ftags&post=7359"}],"curies":[{"name":"wp","href":"https:\/\/api.w.org\/{rel}","templated":true}]}}