{"id":7325,"date":"2023-03-30T23:40:40","date_gmt":"2023-03-30T23:40:40","guid":{"rendered":"https:\/\/www.latribunedufaso.net\/?p=7325"},"modified":"2023-04-03T15:47:07","modified_gmt":"2023-04-03T15:47:07","slug":"litterature-pr-magloire-some-analyse-le-rapport-entre-le-catholicisme-et-le-pouvoir-politique-de-1956-a-2000","status":"publish","type":"post","link":"https:\/\/www.latribunedufaso.net\/?p=7325","title":{"rendered":"Litt\u00e9rature : Pr Magloire Som\u00e9 analyse le rapport entre le catholicisme et le pouvoir politique de 1956 \u00e0 2000"},"content":{"rendered":"<p style=\"text-align: justify;\"><strong><span style=\"font-size: 1.0625rem;\">\u00ab Catholicisme, pouvoir politique et changement social au Burkina Faso de 1956 \u00e0 2000 \u00bb c\u2019est le titre du nouvel ouvrage de Pr Magloire Som\u00e9, professeur d\u2019histoire contemporaine et du fait religieux \u00e0 l\u2019Universit\u00e9 Joseph Ki-Zerbo. L\u2019\u0153uvre a \u00e9t\u00e9 pr\u00e9sent\u00e9e ce jeudi 30 mars 2023 \u00e0 l\u2019occasion d\u2019une conf\u00e9rence de d\u00e9dicace organis\u00e9e \u00e0 Ouagadougou. Dans ce livre, l\u2019auteur d\u00e9montre que les rapports entre le catholicisme et le pouvoir politique entre 1956 et 2000 ont \u00e9t\u00e9 g\u00e9n\u00e9rateur de changements sociaux au Burkina Faso.<\/span><\/strong><br \/><!--more--><\/p>\n<p style=\"text-align: justify;\"><a href=\"https:\/\/www.latribunedufaso.net\/wp-content\/uploads\/2023\/04\/IMG-20230403-WA0021.jpg\"><img loading=\"lazy\" decoding=\"async\" class=\"size-medium wp-image-7321 alignleft\" src=\"https:\/\/www.latribunedufaso.net\/wp-content\/uploads\/2023\/04\/IMG-20230403-WA0021-300x225.jpg\" alt=\"\" width=\"300\" height=\"225\" srcset=\"https:\/\/www.latribunedufaso.net\/wp-content\/uploads\/2023\/04\/IMG-20230403-WA0021-300x225.jpg 300w, https:\/\/www.latribunedufaso.net\/wp-content\/uploads\/2023\/04\/IMG-20230403-WA0021-1024x768.jpg 1024w, https:\/\/www.latribunedufaso.net\/wp-content\/uploads\/2023\/04\/IMG-20230403-WA0021-768x576.jpg 768w, https:\/\/www.latribunedufaso.net\/wp-content\/uploads\/2023\/04\/IMG-20230403-WA0021.jpg 1040w\" sizes=\"auto, (max-width: 300px) 100vw, 300px\" \/><\/a>Cet ouvrage est la somme de plusieurs ann\u00e9es de recherche sur le christianisme au Burkina Faso. C\u2019est une \u0153uvre scientifique qui fait appel \u00e0 la pluridisciplinarit\u00e9 (sociologie, histoire, anthropologie, religion). <span style=\"font-size: 1.0625rem;\">En synth\u00e8se, le changement social dont il est question est multiforme et vari\u00e9 dans le temps en fonction des circonstances du moment. En effet, on note dans l\u2019ouvrage des p\u00e9riodes o\u00f9 l\u2019Eglise catholique (EC) s\u2019accommode avec le pouvoir politique en place, tant\u00f4t elle joue un r\u00f4le de contre-pouvoir et souvent de m\u00e9diatrice de conflit ou arbitre des consultations \u00e9lectorales. Tous ces diff\u00e9rents aspects sont analys\u00e9s de fa\u00e7on chronologique par l\u2019auteur dans les deux parties de l\u2019ouvrage \u00e0 savoir l\u2019Eglise catholique dans la m\u00eal\u00e9e politique et le christianisme et changement social en p\u00e9riode post coloniale.\u00a0<\/span><\/p>\n<p style=\"text-align: justify;\">Selon l\u2019auteur, ce livre retrace l\u2019histoire politique du Burkina Faso et s\u2019adresse \u00e0 tous les citoyens burkinab\u00e8. \u00ab\u00a0J\u2019ai essay\u00e9 de retracer l\u2019\u00e9volution politique du pays avec quelques interventions que l\u2019Eglise catholique a faites lorsqu\u2019elle avait jug\u00e9 n\u00e9cessaire de se prononcer sur l\u2019\u00e9volution politique d\u2019une situation\u00a0\u00bb a-t-il expliqu\u00e9. Pour lui, au regard de ce que l\u2019EC a fait en termes d\u2019\u00e9ducation, il est difficile de parler de l\u2019Etat du Burkina Faso sans parler d\u2019elle.<\/p>\n<p style=\"text-align: justify;\">Dans l\u2019ouvrage, l\u2019auteur a \u00e9galement abord\u00e9 des concepts notamment l\u2019inculturation du christianisme et le syncr\u00e9tisme. Quant au premier point, il s\u2019agit d\u2019un processus d\u2019enracinement de l\u2019\u00e9vangile dans les cultures africaines. En effet, selon les th\u00e9ologiens africain, le christianisme diffus\u00e9 en Afrique est europ\u00e9en. Pour eux, il faut enraciner cet \u00e9vangile dans les cultures locales afin d\u2019avoir un christianisme typiquement africaine. Le syncr\u00e9tisme, quant \u00e0 elle, est un m\u00e9lange de rites notamment traditionnels et chr\u00e9tiens. Pour l\u2019auteur, cela peut souvent \u00eatre incompatible et risque de d\u00e9structurer le christianisme.<\/p>\n<p style=\"text-align: justify;\">\u00ab Catholicisme, pouvoir politique et changement social au Burkina Faso de 1956 \u00e0 2000 \u00bb est un ouvrage \u00e9dit\u00e9 aux \u00e9ditions Connaissance et savoirs \u00e0 Paris en 2022. Il est \u00e9dit\u00e9 dans la cat\u00e9gorie Essai\/\u00e9tude politique. C\u2019est une \u0153uvre de 444 pages comprenant 10 chapitres. La couverture porte une photo d\u2019une \u00e9glise de Boni sur la route de Bobo-Dioulasso avec un masque en fa\u00e7ade qui traduit concr\u00e8tement l\u2019inculturation. Le livre est disponible \u00e0 la librairie Jeunesse d\u2019Afrique au prix de 19\u00a0000 FCFA l\u2019unit\u00e9.<\/p>\n<p style=\"text-align: justify;\"><strong>Issouf Tapsoba<\/strong><\/p>\n<p style=\"text-align: justify;\"><strong>Latribunedufaso.net<\/strong><\/p>\n<p><a href=\"https:\/\/www.latribunedufaso.net\/wp-content\/uploads\/2023\/04\/IMG-20230403-WA0024-1.jpg\"><img loading=\"lazy\" decoding=\"async\" class=\"alignnone size-medium wp-image-7326\" src=\"https:\/\/www.latribunedufaso.net\/wp-content\/uploads\/2023\/04\/IMG-20230403-WA0024-1-300x225.jpg\" alt=\"\" width=\"300\" height=\"225\" srcset=\"https:\/\/www.latribunedufaso.net\/wp-content\/uploads\/2023\/04\/IMG-20230403-WA0024-1-300x225.jpg 300w, https:\/\/www.latribunedufaso.net\/wp-content\/uploads\/2023\/04\/IMG-20230403-WA0024-1-1024x768.jpg 1024w, https:\/\/www.latribunedufaso.net\/wp-content\/uploads\/2023\/04\/IMG-20230403-WA0024-1-768x576.jpg 768w, https:\/\/www.latribunedufaso.net\/wp-content\/uploads\/2023\/04\/IMG-20230403-WA0024-1.jpg 1040w\" sizes=\"auto, (max-width: 300px) 100vw, 300px\" \/><\/a><a href=\"https:\/\/www.latribunedufaso.net\/wp-content\/uploads\/2023\/04\/IMG-20230403-WA0025.jpg\"><img loading=\"lazy\" decoding=\"async\" class=\"alignnone size-medium wp-image-7322\" src=\"https:\/\/www.latribunedufaso.net\/wp-content\/uploads\/2023\/04\/IMG-20230403-WA0025-300x225.jpg\" alt=\"\" width=\"300\" height=\"225\" srcset=\"https:\/\/www.latribunedufaso.net\/wp-content\/uploads\/2023\/04\/IMG-20230403-WA0025-300x225.jpg 300w, https:\/\/www.latribunedufaso.net\/wp-content\/uploads\/2023\/04\/IMG-20230403-WA0025-1024x768.jpg 1024w, https:\/\/www.latribunedufaso.net\/wp-content\/uploads\/2023\/04\/IMG-20230403-WA0025-768x576.jpg 768w, https:\/\/www.latribunedufaso.net\/wp-content\/uploads\/2023\/04\/IMG-20230403-WA0025.jpg 1040w\" sizes=\"auto, (max-width: 300px) 100vw, 300px\" \/><\/a><\/p>\n","protected":false},"excerpt":{"rendered":"<p>\u00ab Catholicisme, pouvoir politique et changement social au Burkina Faso de 1956 \u00e0 2000 \u00bb c\u2019est le titre du nouvel ouvrage de Pr Magloire Som\u00e9, professeur d\u2019histoire contemporaine et du fait religieux \u00e0 l\u2019Universit\u00e9 Joseph Ki-Zerbo. L\u2019\u0153uvre a \u00e9t\u00e9 pr\u00e9sent\u00e9e ce jeudi 30 mars 2023 \u00e0 l\u2019occasion d\u2019une conf\u00e9rence de d\u00e9dicace organis\u00e9e \u00e0 Ouagadougou. Dans ce livre, l\u2019auteur d\u00e9montre que les rapports entre le catholicisme et le pouvoir politique entre 1956 et 2000 ont \u00e9t\u00e9 g\u00e9n\u00e9rateur de changements sociaux au Burkina Faso.<\/p>\n","protected":false},"author":2,"featured_media":7317,"comment_status":"open","ping_status":"open","sticky":false,"template":"","format":"standard","meta":{"footnotes":""},"categories":[13,1,30],"tags":[],"class_list":["post-7325","post","type-post","status-publish","format-standard","has-post-thumbnail","hentry","category-une","category-actu","category-art-et-culture"],"yoast_head":"<!-- This site is optimized with the Yoast SEO plugin v27.5 - https:\/\/yoast.com\/product\/yoast-seo-wordpress\/ -->\n<title>Litt\u00e9rature : Pr Magloire Som\u00e9 analyse le rapport entre le catholicisme et le pouvoir politique de 1956 \u00e0 2000 - La Tribune du Faso<\/title>\n<meta name=\"robots\" content=\"index, follow, max-snippet:-1, max-image-preview:large, max-video-preview:-1\" \/>\n<link rel=\"canonical\" href=\"https:\/\/www.latribunedufaso.net\/?p=7325\" \/>\n<meta property=\"og:locale\" content=\"fr_FR\" \/>\n<meta property=\"og:type\" content=\"article\" \/>\n<meta property=\"og:title\" content=\"Litt\u00e9rature : Pr Magloire Som\u00e9 analyse le rapport entre le catholicisme et le pouvoir politique de 1956 \u00e0 2000 - La Tribune du Faso\" \/>\n<meta property=\"og:description\" content=\"\u00ab Catholicisme, pouvoir politique et changement social au Burkina Faso de 1956 \u00e0 2000 \u00bb c\u2019est le titre du nouvel ouvrage de Pr Magloire Som\u00e9, professeur d\u2019histoire contemporaine et du fait religieux \u00e0 l\u2019Universit\u00e9 Joseph Ki-Zerbo. L\u2019\u0153uvre a \u00e9t\u00e9 pr\u00e9sent\u00e9e ce jeudi 30 mars 2023 \u00e0 l\u2019occasion d\u2019une conf\u00e9rence de d\u00e9dicace organis\u00e9e \u00e0 Ouagadougou. Dans ce livre, l\u2019auteur d\u00e9montre que les rapports entre le catholicisme et le pouvoir politique entre 1956 et 2000 ont \u00e9t\u00e9 g\u00e9n\u00e9rateur de changements sociaux au Burkina Faso.\" \/>\n<meta property=\"og:url\" content=\"https:\/\/www.latribunedufaso.net\/?p=7325\" \/>\n<meta property=\"og:site_name\" content=\"La Tribune du Faso\" \/>\n<meta property=\"article:publisher\" content=\"https:\/\/www.facebook.com\/LatribuneduFaso\/\" \/>\n<meta property=\"article:published_time\" content=\"2023-03-30T23:40:40+00:00\" \/>\n<meta property=\"article:modified_time\" content=\"2023-04-03T15:47:07+00:00\" \/>\n<meta property=\"og:image\" content=\"https:\/\/www.latribunedufaso.net\/wp-content\/uploads\/2023\/04\/IMG-20230403-WA0019.jpg\" \/>\n\t<meta property=\"og:image:width\" content=\"1040\" \/>\n\t<meta property=\"og:image:height\" content=\"780\" \/>\n\t<meta property=\"og:image:type\" content=\"image\/jpeg\" \/>\n<meta name=\"author\" content=\"Administrateur\" \/>\n<meta name=\"twitter:label1\" content=\"\u00c9crit par\" \/>\n\t<meta name=\"twitter:data1\" content=\"Administrateur\" \/>\n\t<meta name=\"twitter:label2\" content=\"Dur\u00e9e de lecture estim\u00e9e\" \/>\n\t<meta name=\"twitter:data2\" content=\"2 minutes\" \/>\n<script type=\"application\/ld+json\" class=\"yoast-schema-graph\">{\"@context\":\"https:\\\/\\\/schema.org\",\"@graph\":[{\"@type\":\"Article\",\"@id\":\"https:\\\/\\\/www.latribunedufaso.net\\\/?p=7325#article\",\"isPartOf\":{\"@id\":\"https:\\\/\\\/www.latribunedufaso.net\\\/?p=7325\"},\"author\":{\"name\":\"Administrateur\",\"@id\":\"https:\\\/\\\/www.latribunedufaso.net\\\/#\\\/schema\\\/person\\\/a380782d0605bb8aae27c40ea93b35b1\"},\"headline\":\"Litt\u00e9rature : Pr Magloire Som\u00e9 analyse le rapport entre le catholicisme et le pouvoir politique de 1956 \u00e0 2000\",\"datePublished\":\"2023-03-30T23:40:40+00:00\",\"dateModified\":\"2023-04-03T15:47:07+00:00\",\"mainEntityOfPage\":{\"@id\":\"https:\\\/\\\/www.latribunedufaso.net\\\/?p=7325\"},\"wordCount\":515,\"commentCount\":0,\"publisher\":{\"@id\":\"https:\\\/\\\/www.latribunedufaso.net\\\/#organization\"},\"image\":{\"@id\":\"https:\\\/\\\/www.latribunedufaso.net\\\/?p=7325#primaryimage\"},\"thumbnailUrl\":\"https:\\\/\\\/www.latribunedufaso.net\\\/wp-content\\\/uploads\\\/2023\\\/04\\\/IMG-20230403-WA0019.jpg\",\"articleSection\":[\"A la une\",\"Actualit\u00e9\",\"Art et Culture\"],\"inLanguage\":\"fr-FR\",\"potentialAction\":[{\"@type\":\"CommentAction\",\"name\":\"Comment\",\"target\":[\"https:\\\/\\\/www.latribunedufaso.net\\\/?p=7325#respond\"]}]},{\"@type\":\"WebPage\",\"@id\":\"https:\\\/\\\/www.latribunedufaso.net\\\/?p=7325\",\"url\":\"https:\\\/\\\/www.latribunedufaso.net\\\/?p=7325\",\"name\":\"Litt\u00e9rature : Pr Magloire Som\u00e9 analyse le rapport entre le catholicisme et le pouvoir politique de 1956 \u00e0 2000 - La Tribune du Faso\",\"isPartOf\":{\"@id\":\"https:\\\/\\\/www.latribunedufaso.net\\\/#website\"},\"primaryImageOfPage\":{\"@id\":\"https:\\\/\\\/www.latribunedufaso.net\\\/?p=7325#primaryimage\"},\"image\":{\"@id\":\"https:\\\/\\\/www.latribunedufaso.net\\\/?p=7325#primaryimage\"},\"thumbnailUrl\":\"https:\\\/\\\/www.latribunedufaso.net\\\/wp-content\\\/uploads\\\/2023\\\/04\\\/IMG-20230403-WA0019.jpg\",\"datePublished\":\"2023-03-30T23:40:40+00:00\",\"dateModified\":\"2023-04-03T15:47:07+00:00\",\"breadcrumb\":{\"@id\":\"https:\\\/\\\/www.latribunedufaso.net\\\/?p=7325#breadcrumb\"},\"inLanguage\":\"fr-FR\",\"potentialAction\":[{\"@type\":\"ReadAction\",\"target\":[\"https:\\\/\\\/www.latribunedufaso.net\\\/?p=7325\"]}]},{\"@type\":\"ImageObject\",\"inLanguage\":\"fr-FR\",\"@id\":\"https:\\\/\\\/www.latribunedufaso.net\\\/?p=7325#primaryimage\",\"url\":\"https:\\\/\\\/www.latribunedufaso.net\\\/wp-content\\\/uploads\\\/2023\\\/04\\\/IMG-20230403-WA0019.jpg\",\"contentUrl\":\"https:\\\/\\\/www.latribunedufaso.net\\\/wp-content\\\/uploads\\\/2023\\\/04\\\/IMG-20230403-WA0019.jpg\",\"width\":1040,\"height\":780},{\"@type\":\"BreadcrumbList\",\"@id\":\"https:\\\/\\\/www.latribunedufaso.net\\\/?p=7325#breadcrumb\",\"itemListElement\":[{\"@type\":\"ListItem\",\"position\":1,\"name\":\"Accueil\",\"item\":\"https:\\\/\\\/www.latribunedufaso.net\\\/\"},{\"@type\":\"ListItem\",\"position\":2,\"name\":\"Litt\u00e9rature : Pr Magloire Som\u00e9 analyse le rapport entre le catholicisme et le pouvoir politique de 1956 \u00e0 2000\"}]},{\"@type\":\"WebSite\",\"@id\":\"https:\\\/\\\/www.latribunedufaso.net\\\/#website\",\"url\":\"https:\\\/\\\/www.latribunedufaso.net\\\/\",\"name\":\"La Tribune du Faso\",\"description\":\"L&#039;information du monde rural en un clic\",\"publisher\":{\"@id\":\"https:\\\/\\\/www.latribunedufaso.net\\\/#organization\"},\"potentialAction\":[{\"@type\":\"SearchAction\",\"target\":{\"@type\":\"EntryPoint\",\"urlTemplate\":\"https:\\\/\\\/www.latribunedufaso.net\\\/?s={search_term_string}\"},\"query-input\":{\"@type\":\"PropertyValueSpecification\",\"valueRequired\":true,\"valueName\":\"search_term_string\"}}],\"inLanguage\":\"fr-FR\"},{\"@type\":\"Organization\",\"@id\":\"https:\\\/\\\/www.latribunedufaso.net\\\/#organization\",\"name\":\"La Tribune du Faso\",\"url\":\"https:\\\/\\\/www.latribunedufaso.net\\\/\",\"logo\":{\"@type\":\"ImageObject\",\"inLanguage\":\"fr-FR\",\"@id\":\"https:\\\/\\\/www.latribunedufaso.net\\\/#\\\/schema\\\/logo\\\/image\\\/\",\"url\":\"https:\\\/\\\/www.latribunedufaso.net\\\/wp-content\\\/uploads\\\/2020\\\/08\\\/Logo-Tribune-du-Faso-final-scaled.jpg\",\"contentUrl\":\"https:\\\/\\\/www.latribunedufaso.net\\\/wp-content\\\/uploads\\\/2020\\\/08\\\/Logo-Tribune-du-Faso-final-scaled.jpg\",\"width\":2560,\"height\":1856,\"caption\":\"La Tribune du Faso\"},\"image\":{\"@id\":\"https:\\\/\\\/www.latribunedufaso.net\\\/#\\\/schema\\\/logo\\\/image\\\/\"},\"sameAs\":[\"https:\\\/\\\/www.facebook.com\\\/LatribuneduFaso\\\/\"]},{\"@type\":\"Person\",\"@id\":\"https:\\\/\\\/www.latribunedufaso.net\\\/#\\\/schema\\\/person\\\/a380782d0605bb8aae27c40ea93b35b1\",\"name\":\"Administrateur\",\"image\":{\"@type\":\"ImageObject\",\"inLanguage\":\"fr-FR\",\"@id\":\"https:\\\/\\\/secure.gravatar.com\\\/avatar\\\/e20266f97d741f0e80ba1f60283074a9b3317fd7bfb727e0d95b51dafbf854a1?s=96&d=mm&r=g\",\"url\":\"https:\\\/\\\/secure.gravatar.com\\\/avatar\\\/e20266f97d741f0e80ba1f60283074a9b3317fd7bfb727e0d95b51dafbf854a1?s=96&d=mm&r=g\",\"contentUrl\":\"https:\\\/\\\/secure.gravatar.com\\\/avatar\\\/e20266f97d741f0e80ba1f60283074a9b3317fd7bfb727e0d95b51dafbf854a1?s=96&d=mm&r=g\",\"caption\":\"Administrateur\"},\"url\":\"https:\\\/\\\/www.latribunedufaso.net\\\/?author=2\"}]}<\/script>\n<!-- \/ Yoast SEO plugin. -->","yoast_head_json":{"title":"Litt\u00e9rature : Pr Magloire Som\u00e9 analyse le rapport entre le catholicisme et le pouvoir politique de 1956 \u00e0 2000 - La Tribune du Faso","robots":{"index":"index","follow":"follow","max-snippet":"max-snippet:-1","max-image-preview":"max-image-preview:large","max-video-preview":"max-video-preview:-1"},"canonical":"https:\/\/www.latribunedufaso.net\/?p=7325","og_locale":"fr_FR","og_type":"article","og_title":"Litt\u00e9rature : Pr Magloire Som\u00e9 analyse le rapport entre le catholicisme et le pouvoir politique de 1956 \u00e0 2000 - La Tribune du Faso","og_description":"\u00ab Catholicisme, pouvoir politique et changement social au Burkina Faso de 1956 \u00e0 2000 \u00bb c\u2019est le titre du nouvel ouvrage de Pr Magloire Som\u00e9, professeur d\u2019histoire contemporaine et du fait religieux \u00e0 l\u2019Universit\u00e9 Joseph Ki-Zerbo. L\u2019\u0153uvre a \u00e9t\u00e9 pr\u00e9sent\u00e9e ce jeudi 30 mars 2023 \u00e0 l\u2019occasion d\u2019une conf\u00e9rence de d\u00e9dicace organis\u00e9e \u00e0 Ouagadougou. Dans ce livre, l\u2019auteur d\u00e9montre que les rapports entre le catholicisme et le pouvoir politique entre 1956 et 2000 ont \u00e9t\u00e9 g\u00e9n\u00e9rateur de changements sociaux au Burkina Faso.","og_url":"https:\/\/www.latribunedufaso.net\/?p=7325","og_site_name":"La Tribune du Faso","article_publisher":"https:\/\/www.facebook.com\/LatribuneduFaso\/","article_published_time":"2023-03-30T23:40:40+00:00","article_modified_time":"2023-04-03T15:47:07+00:00","og_image":[{"width":1040,"height":780,"url":"https:\/\/www.latribunedufaso.net\/wp-content\/uploads\/2023\/04\/IMG-20230403-WA0019.jpg","type":"image\/jpeg"}],"author":"Administrateur","twitter_misc":{"\u00c9crit par":"Administrateur","Dur\u00e9e de lecture estim\u00e9e":"2 minutes"},"schema":{"@context":"https:\/\/schema.org","@graph":[{"@type":"Article","@id":"https:\/\/www.latribunedufaso.net\/?p=7325#article","isPartOf":{"@id":"https:\/\/www.latribunedufaso.net\/?p=7325"},"author":{"name":"Administrateur","@id":"https:\/\/www.latribunedufaso.net\/#\/schema\/person\/a380782d0605bb8aae27c40ea93b35b1"},"headline":"Litt\u00e9rature : Pr Magloire Som\u00e9 analyse le rapport entre le catholicisme et le pouvoir politique de 1956 \u00e0 2000","datePublished":"2023-03-30T23:40:40+00:00","dateModified":"2023-04-03T15:47:07+00:00","mainEntityOfPage":{"@id":"https:\/\/www.latribunedufaso.net\/?p=7325"},"wordCount":515,"commentCount":0,"publisher":{"@id":"https:\/\/www.latribunedufaso.net\/#organization"},"image":{"@id":"https:\/\/www.latribunedufaso.net\/?p=7325#primaryimage"},"thumbnailUrl":"https:\/\/www.latribunedufaso.net\/wp-content\/uploads\/2023\/04\/IMG-20230403-WA0019.jpg","articleSection":["A la une","Actualit\u00e9","Art et Culture"],"inLanguage":"fr-FR","potentialAction":[{"@type":"CommentAction","name":"Comment","target":["https:\/\/www.latribunedufaso.net\/?p=7325#respond"]}]},{"@type":"WebPage","@id":"https:\/\/www.latribunedufaso.net\/?p=7325","url":"https:\/\/www.latribunedufaso.net\/?p=7325","name":"Litt\u00e9rature : Pr Magloire Som\u00e9 analyse le rapport entre le catholicisme et le pouvoir politique de 1956 \u00e0 2000 - La Tribune du Faso","isPartOf":{"@id":"https:\/\/www.latribunedufaso.net\/#website"},"primaryImageOfPage":{"@id":"https:\/\/www.latribunedufaso.net\/?p=7325#primaryimage"},"image":{"@id":"https:\/\/www.latribunedufaso.net\/?p=7325#primaryimage"},"thumbnailUrl":"https:\/\/www.latribunedufaso.net\/wp-content\/uploads\/2023\/04\/IMG-20230403-WA0019.jpg","datePublished":"2023-03-30T23:40:40+00:00","dateModified":"2023-04-03T15:47:07+00:00","breadcrumb":{"@id":"https:\/\/www.latribunedufaso.net\/?p=7325#breadcrumb"},"inLanguage":"fr-FR","potentialAction":[{"@type":"ReadAction","target":["https:\/\/www.latribunedufaso.net\/?p=7325"]}]},{"@type":"ImageObject","inLanguage":"fr-FR","@id":"https:\/\/www.latribunedufaso.net\/?p=7325#primaryimage","url":"https:\/\/www.latribunedufaso.net\/wp-content\/uploads\/2023\/04\/IMG-20230403-WA0019.jpg","contentUrl":"https:\/\/www.latribunedufaso.net\/wp-content\/uploads\/2023\/04\/IMG-20230403-WA0019.jpg","width":1040,"height":780},{"@type":"BreadcrumbList","@id":"https:\/\/www.latribunedufaso.net\/?p=7325#breadcrumb","itemListElement":[{"@type":"ListItem","position":1,"name":"Accueil","item":"https:\/\/www.latribunedufaso.net\/"},{"@type":"ListItem","position":2,"name":"Litt\u00e9rature : Pr Magloire Som\u00e9 analyse le rapport entre le catholicisme et le pouvoir politique de 1956 \u00e0 2000"}]},{"@type":"WebSite","@id":"https:\/\/www.latribunedufaso.net\/#website","url":"https:\/\/www.latribunedufaso.net\/","name":"La Tribune du Faso","description":"L&#039;information du monde rural en un clic","publisher":{"@id":"https:\/\/www.latribunedufaso.net\/#organization"},"potentialAction":[{"@type":"SearchAction","target":{"@type":"EntryPoint","urlTemplate":"https:\/\/www.latribunedufaso.net\/?s={search_term_string}"},"query-input":{"@type":"PropertyValueSpecification","valueRequired":true,"valueName":"search_term_string"}}],"inLanguage":"fr-FR"},{"@type":"Organization","@id":"https:\/\/www.latribunedufaso.net\/#organization","name":"La Tribune du Faso","url":"https:\/\/www.latribunedufaso.net\/","logo":{"@type":"ImageObject","inLanguage":"fr-FR","@id":"https:\/\/www.latribunedufaso.net\/#\/schema\/logo\/image\/","url":"https:\/\/www.latribunedufaso.net\/wp-content\/uploads\/2020\/08\/Logo-Tribune-du-Faso-final-scaled.jpg","contentUrl":"https:\/\/www.latribunedufaso.net\/wp-content\/uploads\/2020\/08\/Logo-Tribune-du-Faso-final-scaled.jpg","width":2560,"height":1856,"caption":"La Tribune du Faso"},"image":{"@id":"https:\/\/www.latribunedufaso.net\/#\/schema\/logo\/image\/"},"sameAs":["https:\/\/www.facebook.com\/LatribuneduFaso\/"]},{"@type":"Person","@id":"https:\/\/www.latribunedufaso.net\/#\/schema\/person\/a380782d0605bb8aae27c40ea93b35b1","name":"Administrateur","image":{"@type":"ImageObject","inLanguage":"fr-FR","@id":"https:\/\/secure.gravatar.com\/avatar\/e20266f97d741f0e80ba1f60283074a9b3317fd7bfb727e0d95b51dafbf854a1?s=96&d=mm&r=g","url":"https:\/\/secure.gravatar.com\/avatar\/e20266f97d741f0e80ba1f60283074a9b3317fd7bfb727e0d95b51dafbf854a1?s=96&d=mm&r=g","contentUrl":"https:\/\/secure.gravatar.com\/avatar\/e20266f97d741f0e80ba1f60283074a9b3317fd7bfb727e0d95b51dafbf854a1?s=96&d=mm&r=g","caption":"Administrateur"},"url":"https:\/\/www.latribunedufaso.net\/?author=2"}]}},"_links":{"self":[{"href":"https:\/\/www.latribunedufaso.net\/index.php?rest_route=\/wp\/v2\/posts\/7325","targetHints":{"allow":["GET"]}}],"collection":[{"href":"https:\/\/www.latribunedufaso.net\/index.php?rest_route=\/wp\/v2\/posts"}],"about":[{"href":"https:\/\/www.latribunedufaso.net\/index.php?rest_route=\/wp\/v2\/types\/post"}],"author":[{"embeddable":true,"href":"https:\/\/www.latribunedufaso.net\/index.php?rest_route=\/wp\/v2\/users\/2"}],"replies":[{"embeddable":true,"href":"https:\/\/www.latribunedufaso.net\/index.php?rest_route=%2Fwp%2Fv2%2Fcomments&post=7325"}],"version-history":[{"count":1,"href":"https:\/\/www.latribunedufaso.net\/index.php?rest_route=\/wp\/v2\/posts\/7325\/revisions"}],"predecessor-version":[{"id":7327,"href":"https:\/\/www.latribunedufaso.net\/index.php?rest_route=\/wp\/v2\/posts\/7325\/revisions\/7327"}],"wp:featuredmedia":[{"embeddable":true,"href":"https:\/\/www.latribunedufaso.net\/index.php?rest_route=\/wp\/v2\/media\/7317"}],"wp:attachment":[{"href":"https:\/\/www.latribunedufaso.net\/index.php?rest_route=%2Fwp%2Fv2%2Fmedia&parent=7325"}],"wp:term":[{"taxonomy":"category","embeddable":true,"href":"https:\/\/www.latribunedufaso.net\/index.php?rest_route=%2Fwp%2Fv2%2Fcategories&post=7325"},{"taxonomy":"post_tag","embeddable":true,"href":"https:\/\/www.latribunedufaso.net\/index.php?rest_route=%2Fwp%2Fv2%2Ftags&post=7325"}],"curies":[{"name":"wp","href":"https:\/\/api.w.org\/{rel}","templated":true}]}}