{"id":7305,"date":"2023-03-30T20:51:32","date_gmt":"2023-03-30T20:51:32","guid":{"rendered":"https:\/\/www.latribunedufaso.net\/?p=7305"},"modified":"2023-03-31T08:52:38","modified_gmt":"2023-03-31T08:52:38","slug":"promotion-immobiliere-pas-plus-de-5-hectares-de-superficie-pour-chaque-societe","status":"publish","type":"post","link":"https:\/\/www.latribunedufaso.net\/?p=7305","title":{"rendered":"Promotion immobili\u00e8re : Pas plus de 5 hectares de superficie pour chaque soci\u00e9t\u00e9"},"content":{"rendered":"<p style=\"text-align: justify;\"><strong><span style=\"font-size: 1.0625rem;\">Le gouvernement a repris ses points de presse ce jeudi 30 mars 2023 \u00e0 Ouagadougou. <\/span><span style=\"font-size: 1.0625rem;\">Au menu des \u00e9changes, la question fonci\u00e8re. Le ministre des affaires fonci\u00e8res et de l\u2019habitat, Mika\u00eflou Sidib\u00e9 a expliqu\u00e9 aux hommes de m\u00e9dias, l\u2019avant projet de loi portant sur la promotion immobili\u00e8re, adopt\u00e9 le 29 mars 2023 en Conseil des ministre.<\/span><\/strong><br \/><!--more--><\/p>\n<p style=\"text-align: justify;\"><a href=\"https:\/\/www.latribunedufaso.net\/wp-content\/uploads\/2023\/03\/IMG-20230330-WA0005.jpg\"><img loading=\"lazy\" decoding=\"async\" class=\"size-medium wp-image-7307 alignleft\" src=\"https:\/\/www.latribunedufaso.net\/wp-content\/uploads\/2023\/03\/IMG-20230330-WA0005-300x225.jpg\" alt=\"\" width=\"300\" height=\"225\" srcset=\"https:\/\/www.latribunedufaso.net\/wp-content\/uploads\/2023\/03\/IMG-20230330-WA0005-300x225.jpg 300w, https:\/\/www.latribunedufaso.net\/wp-content\/uploads\/2023\/03\/IMG-20230330-WA0005-1024x768.jpg 1024w, https:\/\/www.latribunedufaso.net\/wp-content\/uploads\/2023\/03\/IMG-20230330-WA0005-768x576.jpg 768w, https:\/\/www.latribunedufaso.net\/wp-content\/uploads\/2023\/03\/IMG-20230330-WA0005.jpg 1280w\" sizes=\"auto, (max-width: 300px) 100vw, 300px\" \/><\/a>Au nombre des innovations dans ce projet de loi, on note la red\u00e9finition m\u00eame de l\u2019activit\u00e9 de promotion immobili\u00e8re ( qui, entre autre , exclu dor\u00e9navant les promoteurs immobiliers priv\u00e9s des op\u00e9rations d\u2019urbanisme notamment le lotissement ou la restructuration ) ; l\u2019 interdiction aux personnes physiques de mener l\u2019activit\u00e9 de promotion immobili\u00e8re ; la limitation des superficies au fin de promotion immobili\u00e8re ( qui passent de 25 hectares \u00e0 5 hectares) ; l\u2019obligation pour tout promoteur immobilier de requ\u00e9rir l\u2019autorisation pr\u00e9alable du minist\u00e8re en charge de l\u2019urbanisme pour toute publicit\u00e9 sur quelque produit immobilier que ce soit ; le rehaussement des sanctions en cas d\u2019infraction; l\u2019exclusivit\u00e9 reconnue \u00e0 l\u2019Etat dans la mobilisation de la terre en vue de la promotion immobili\u00e8re.<\/p>\n<p style=\"text-align: justify;\">\u00ab\u00a0 L\u2019adoption de cette nouvelle loi contribuera \u00e0 lutter contre l\u2019accaparement des terres, \u00e0 assurer une meilleure gestion du foncier national et \u00e0 pr\u00e9server les terres cultivables pour les g\u00e9n\u00e9rations actuelles et futures \u00bb, a fait savoir le Ministre Mika\u00eflou Sidib\u00e9 et pour lui d\u2019ajouter que cette loi ne vise aucunement des int\u00e9r\u00eats personnels. Les propri\u00e9taires terriens dit-il restent propri\u00e9taires de leurs terrains.<\/p>\n<p style=\"text-align: justify;\">Toutefois<span style=\"font-size: 1.0625rem;\">, en cas de cession, les terres ne sauraient \u00eatre utilis\u00e9es par le nouvel acqu\u00e9reur pour faire de la promotion immobili\u00e8re. Non , elles peuvent par exemple servir \u00e0 des activit\u00e9s agrosylvopastorales mais pas \u00e0 la promotion immobili\u00e8re. Seuls l\u2019Etat et ses d\u00e9membrements peuvent mobiliser les terres dans le cadre de la promotion immobili\u00e8re .<\/span><\/p>\n<p style=\"text-align: justify;\"><a href=\"https:\/\/www.latribunedufaso.net\/wp-content\/uploads\/2023\/03\/IMG-20230330-WA0003.jpg\"><img loading=\"lazy\" decoding=\"async\" class=\"size-medium wp-image-7306 alignleft\" src=\"https:\/\/www.latribunedufaso.net\/wp-content\/uploads\/2023\/03\/IMG-20230330-WA0003-300x225.jpg\" alt=\"\" width=\"300\" height=\"225\" srcset=\"https:\/\/www.latribunedufaso.net\/wp-content\/uploads\/2023\/03\/IMG-20230330-WA0003-300x225.jpg 300w, https:\/\/www.latribunedufaso.net\/wp-content\/uploads\/2023\/03\/IMG-20230330-WA0003-1024x768.jpg 1024w, https:\/\/www.latribunedufaso.net\/wp-content\/uploads\/2023\/03\/IMG-20230330-WA0003-768x576.jpg 768w, https:\/\/www.latribunedufaso.net\/wp-content\/uploads\/2023\/03\/IMG-20230330-WA0003.jpg 1280w\" sizes=\"auto, (max-width: 300px) 100vw, 300px\" \/><\/a>Cette conf\u00e9rence fut l\u2019occasion pour le Ministre, porte parole du gouvernement, Jean Emmanuel Ou\u00e9draogo de revenir sur certaines questions d\u2019actualit\u00e9 , notamment la suspension des programmes de la cha\u00eene de t\u00e9l\u00e9vision France 24 sur le territoire burkinab\u00e8. Pour lui, cela ne participe pas \u00e0 la volont\u00e9 de remettre en cause le traitement de la libert\u00e9 d\u2019expression. Il s\u2019agit de soutenir l\u2019offensive de reconqu\u00eate de \u00ab notre \u00bb pays . Ainsi le Ministre a rassur\u00e9 que \u00ab toute cha\u00eene aujourd&rsquo;hui qui va se faire l&rsquo;\u00e9cho de ce discours et de cette id\u00e9ologie terroriste verra sur son chemin le gouvernement de la Transition. Nous l\u2019avons fait une premi\u00e8re fois, parce c\u2019\u00e9tait pour les m\u00eames raisons qu\u2019on avait suspendu les programmes de la Radio France Internationale RFI, nous l&rsquo;avons fait pour France 24 et nous allons le faire demain si encore il y a n\u00e9cessit\u00e9 \u00bb.<\/p>\n<p style=\"text-align: justify;\"><strong>Astride Kiendrebeogo<\/strong><br \/><strong>Latribunedufaso.net<\/strong><\/p>\n","protected":false},"excerpt":{"rendered":"<p>Le gouvernement a repris ses points de presse ce jeudi 30 mars 2023 \u00e0 Ouagadougou. Au menu des \u00e9changes, la question fonci\u00e8re. Le ministre des affaires fonci\u00e8res et de l\u2019habitat, Mika\u00eflou Sidib\u00e9 a expliqu\u00e9 aux hommes de m\u00e9dias, l\u2019avant projet de loi portant sur la promotion immobili\u00e8re, adopt\u00e9 le 29 mars 2023 en Conseil des ministre.<\/p>\n","protected":false},"author":2,"featured_media":7308,"comment_status":"open","ping_status":"open","sticky":false,"template":"","format":"standard","meta":{"footnotes":""},"categories":[13,1,8],"tags":[],"class_list":["post-7305","post","type-post","status-publish","format-standard","has-post-thumbnail","hentry","category-une","category-actu","category-societe"],"yoast_head":"<!-- This site is optimized with the Yoast SEO plugin v27.4 - https:\/\/yoast.com\/product\/yoast-seo-wordpress\/ -->\n<title>Promotion immobili\u00e8re : Pas plus de 5 hectares de superficie pour chaque soci\u00e9t\u00e9 - La Tribune du Faso<\/title>\n<meta name=\"robots\" content=\"index, follow, max-snippet:-1, max-image-preview:large, max-video-preview:-1\" \/>\n<link rel=\"canonical\" href=\"https:\/\/www.latribunedufaso.net\/?p=7305\" \/>\n<meta property=\"og:locale\" content=\"fr_FR\" \/>\n<meta property=\"og:type\" content=\"article\" \/>\n<meta property=\"og:title\" content=\"Promotion immobili\u00e8re : Pas plus de 5 hectares de superficie pour chaque soci\u00e9t\u00e9 - La Tribune du Faso\" \/>\n<meta property=\"og:description\" content=\"Le gouvernement a repris ses points de presse ce jeudi 30 mars 2023 \u00e0 Ouagadougou. Au menu des \u00e9changes, la question fonci\u00e8re. Le ministre des affaires fonci\u00e8res et de l\u2019habitat, Mika\u00eflou Sidib\u00e9 a expliqu\u00e9 aux hommes de m\u00e9dias, l\u2019avant projet de loi portant sur la promotion immobili\u00e8re, adopt\u00e9 le 29 mars 2023 en Conseil des ministre.\" \/>\n<meta property=\"og:url\" content=\"https:\/\/www.latribunedufaso.net\/?p=7305\" \/>\n<meta property=\"og:site_name\" content=\"La Tribune du Faso\" \/>\n<meta property=\"article:publisher\" content=\"https:\/\/www.facebook.com\/LatribuneduFaso\/\" \/>\n<meta property=\"article:published_time\" content=\"2023-03-30T20:51:32+00:00\" \/>\n<meta property=\"article:modified_time\" content=\"2023-03-31T08:52:38+00:00\" \/>\n<meta property=\"og:image\" content=\"https:\/\/www.latribunedufaso.net\/wp-content\/uploads\/2023\/03\/IMG-20230330-WA0006.jpg\" \/>\n\t<meta property=\"og:image:width\" content=\"1280\" \/>\n\t<meta property=\"og:image:height\" content=\"960\" \/>\n\t<meta property=\"og:image:type\" content=\"image\/jpeg\" \/>\n<meta name=\"author\" content=\"Administrateur\" \/>\n<meta name=\"twitter:label1\" content=\"\u00c9crit par\" \/>\n\t<meta name=\"twitter:data1\" content=\"Administrateur\" \/>\n\t<meta name=\"twitter:label2\" content=\"Dur\u00e9e de lecture estim\u00e9e\" \/>\n\t<meta name=\"twitter:data2\" content=\"2 minutes\" \/>\n<script type=\"application\/ld+json\" class=\"yoast-schema-graph\">{\"@context\":\"https:\\\/\\\/schema.org\",\"@graph\":[{\"@type\":\"Article\",\"@id\":\"https:\\\/\\\/www.latribunedufaso.net\\\/?p=7305#article\",\"isPartOf\":{\"@id\":\"https:\\\/\\\/www.latribunedufaso.net\\\/?p=7305\"},\"author\":{\"name\":\"Administrateur\",\"@id\":\"https:\\\/\\\/www.latribunedufaso.net\\\/#\\\/schema\\\/person\\\/a380782d0605bb8aae27c40ea93b35b1\"},\"headline\":\"Promotion immobili\u00e8re : Pas plus de 5 hectares de superficie pour chaque soci\u00e9t\u00e9\",\"datePublished\":\"2023-03-30T20:51:32+00:00\",\"dateModified\":\"2023-03-31T08:52:38+00:00\",\"mainEntityOfPage\":{\"@id\":\"https:\\\/\\\/www.latribunedufaso.net\\\/?p=7305\"},\"wordCount\":489,\"commentCount\":0,\"publisher\":{\"@id\":\"https:\\\/\\\/www.latribunedufaso.net\\\/#organization\"},\"image\":{\"@id\":\"https:\\\/\\\/www.latribunedufaso.net\\\/?p=7305#primaryimage\"},\"thumbnailUrl\":\"https:\\\/\\\/www.latribunedufaso.net\\\/wp-content\\\/uploads\\\/2023\\\/03\\\/IMG-20230330-WA0006.jpg\",\"articleSection\":[\"A la une\",\"Actualit\u00e9\",\"Soci\u00e9t\u00e9\"],\"inLanguage\":\"fr-FR\",\"potentialAction\":[{\"@type\":\"CommentAction\",\"name\":\"Comment\",\"target\":[\"https:\\\/\\\/www.latribunedufaso.net\\\/?p=7305#respond\"]}]},{\"@type\":\"WebPage\",\"@id\":\"https:\\\/\\\/www.latribunedufaso.net\\\/?p=7305\",\"url\":\"https:\\\/\\\/www.latribunedufaso.net\\\/?p=7305\",\"name\":\"Promotion immobili\u00e8re : Pas plus de 5 hectares de superficie pour chaque soci\u00e9t\u00e9 - La Tribune du Faso\",\"isPartOf\":{\"@id\":\"https:\\\/\\\/www.latribunedufaso.net\\\/#website\"},\"primaryImageOfPage\":{\"@id\":\"https:\\\/\\\/www.latribunedufaso.net\\\/?p=7305#primaryimage\"},\"image\":{\"@id\":\"https:\\\/\\\/www.latribunedufaso.net\\\/?p=7305#primaryimage\"},\"thumbnailUrl\":\"https:\\\/\\\/www.latribunedufaso.net\\\/wp-content\\\/uploads\\\/2023\\\/03\\\/IMG-20230330-WA0006.jpg\",\"datePublished\":\"2023-03-30T20:51:32+00:00\",\"dateModified\":\"2023-03-31T08:52:38+00:00\",\"breadcrumb\":{\"@id\":\"https:\\\/\\\/www.latribunedufaso.net\\\/?p=7305#breadcrumb\"},\"inLanguage\":\"fr-FR\",\"potentialAction\":[{\"@type\":\"ReadAction\",\"target\":[\"https:\\\/\\\/www.latribunedufaso.net\\\/?p=7305\"]}]},{\"@type\":\"ImageObject\",\"inLanguage\":\"fr-FR\",\"@id\":\"https:\\\/\\\/www.latribunedufaso.net\\\/?p=7305#primaryimage\",\"url\":\"https:\\\/\\\/www.latribunedufaso.net\\\/wp-content\\\/uploads\\\/2023\\\/03\\\/IMG-20230330-WA0006.jpg\",\"contentUrl\":\"https:\\\/\\\/www.latribunedufaso.net\\\/wp-content\\\/uploads\\\/2023\\\/03\\\/IMG-20230330-WA0006.jpg\",\"width\":1280,\"height\":960},{\"@type\":\"BreadcrumbList\",\"@id\":\"https:\\\/\\\/www.latribunedufaso.net\\\/?p=7305#breadcrumb\",\"itemListElement\":[{\"@type\":\"ListItem\",\"position\":1,\"name\":\"Accueil\",\"item\":\"https:\\\/\\\/www.latribunedufaso.net\\\/\"},{\"@type\":\"ListItem\",\"position\":2,\"name\":\"Promotion immobili\u00e8re : Pas plus de 5 hectares de superficie pour chaque soci\u00e9t\u00e9\"}]},{\"@type\":\"WebSite\",\"@id\":\"https:\\\/\\\/www.latribunedufaso.net\\\/#website\",\"url\":\"https:\\\/\\\/www.latribunedufaso.net\\\/\",\"name\":\"La Tribune du Faso\",\"description\":\"L&#039;information du monde rural en un clic\",\"publisher\":{\"@id\":\"https:\\\/\\\/www.latribunedufaso.net\\\/#organization\"},\"potentialAction\":[{\"@type\":\"SearchAction\",\"target\":{\"@type\":\"EntryPoint\",\"urlTemplate\":\"https:\\\/\\\/www.latribunedufaso.net\\\/?s={search_term_string}\"},\"query-input\":{\"@type\":\"PropertyValueSpecification\",\"valueRequired\":true,\"valueName\":\"search_term_string\"}}],\"inLanguage\":\"fr-FR\"},{\"@type\":\"Organization\",\"@id\":\"https:\\\/\\\/www.latribunedufaso.net\\\/#organization\",\"name\":\"La Tribune du Faso\",\"url\":\"https:\\\/\\\/www.latribunedufaso.net\\\/\",\"logo\":{\"@type\":\"ImageObject\",\"inLanguage\":\"fr-FR\",\"@id\":\"https:\\\/\\\/www.latribunedufaso.net\\\/#\\\/schema\\\/logo\\\/image\\\/\",\"url\":\"https:\\\/\\\/www.latribunedufaso.net\\\/wp-content\\\/uploads\\\/2020\\\/08\\\/Logo-Tribune-du-Faso-final-scaled.jpg\",\"contentUrl\":\"https:\\\/\\\/www.latribunedufaso.net\\\/wp-content\\\/uploads\\\/2020\\\/08\\\/Logo-Tribune-du-Faso-final-scaled.jpg\",\"width\":2560,\"height\":1856,\"caption\":\"La Tribune du Faso\"},\"image\":{\"@id\":\"https:\\\/\\\/www.latribunedufaso.net\\\/#\\\/schema\\\/logo\\\/image\\\/\"},\"sameAs\":[\"https:\\\/\\\/www.facebook.com\\\/LatribuneduFaso\\\/\"]},{\"@type\":\"Person\",\"@id\":\"https:\\\/\\\/www.latribunedufaso.net\\\/#\\\/schema\\\/person\\\/a380782d0605bb8aae27c40ea93b35b1\",\"name\":\"Administrateur\",\"image\":{\"@type\":\"ImageObject\",\"inLanguage\":\"fr-FR\",\"@id\":\"https:\\\/\\\/secure.gravatar.com\\\/avatar\\\/e20266f97d741f0e80ba1f60283074a9b3317fd7bfb727e0d95b51dafbf854a1?s=96&d=mm&r=g\",\"url\":\"https:\\\/\\\/secure.gravatar.com\\\/avatar\\\/e20266f97d741f0e80ba1f60283074a9b3317fd7bfb727e0d95b51dafbf854a1?s=96&d=mm&r=g\",\"contentUrl\":\"https:\\\/\\\/secure.gravatar.com\\\/avatar\\\/e20266f97d741f0e80ba1f60283074a9b3317fd7bfb727e0d95b51dafbf854a1?s=96&d=mm&r=g\",\"caption\":\"Administrateur\"},\"url\":\"https:\\\/\\\/www.latribunedufaso.net\\\/?author=2\"}]}<\/script>\n<!-- \/ Yoast SEO plugin. -->","yoast_head_json":{"title":"Promotion immobili\u00e8re : Pas plus de 5 hectares de superficie pour chaque soci\u00e9t\u00e9 - La Tribune du Faso","robots":{"index":"index","follow":"follow","max-snippet":"max-snippet:-1","max-image-preview":"max-image-preview:large","max-video-preview":"max-video-preview:-1"},"canonical":"https:\/\/www.latribunedufaso.net\/?p=7305","og_locale":"fr_FR","og_type":"article","og_title":"Promotion immobili\u00e8re : Pas plus de 5 hectares de superficie pour chaque soci\u00e9t\u00e9 - La Tribune du Faso","og_description":"Le gouvernement a repris ses points de presse ce jeudi 30 mars 2023 \u00e0 Ouagadougou. Au menu des \u00e9changes, la question fonci\u00e8re. Le ministre des affaires fonci\u00e8res et de l\u2019habitat, Mika\u00eflou Sidib\u00e9 a expliqu\u00e9 aux hommes de m\u00e9dias, l\u2019avant projet de loi portant sur la promotion immobili\u00e8re, adopt\u00e9 le 29 mars 2023 en Conseil des ministre.","og_url":"https:\/\/www.latribunedufaso.net\/?p=7305","og_site_name":"La Tribune du Faso","article_publisher":"https:\/\/www.facebook.com\/LatribuneduFaso\/","article_published_time":"2023-03-30T20:51:32+00:00","article_modified_time":"2023-03-31T08:52:38+00:00","og_image":[{"width":1280,"height":960,"url":"https:\/\/www.latribunedufaso.net\/wp-content\/uploads\/2023\/03\/IMG-20230330-WA0006.jpg","type":"image\/jpeg"}],"author":"Administrateur","twitter_misc":{"\u00c9crit par":"Administrateur","Dur\u00e9e de lecture estim\u00e9e":"2 minutes"},"schema":{"@context":"https:\/\/schema.org","@graph":[{"@type":"Article","@id":"https:\/\/www.latribunedufaso.net\/?p=7305#article","isPartOf":{"@id":"https:\/\/www.latribunedufaso.net\/?p=7305"},"author":{"name":"Administrateur","@id":"https:\/\/www.latribunedufaso.net\/#\/schema\/person\/a380782d0605bb8aae27c40ea93b35b1"},"headline":"Promotion immobili\u00e8re : Pas plus de 5 hectares de superficie pour chaque soci\u00e9t\u00e9","datePublished":"2023-03-30T20:51:32+00:00","dateModified":"2023-03-31T08:52:38+00:00","mainEntityOfPage":{"@id":"https:\/\/www.latribunedufaso.net\/?p=7305"},"wordCount":489,"commentCount":0,"publisher":{"@id":"https:\/\/www.latribunedufaso.net\/#organization"},"image":{"@id":"https:\/\/www.latribunedufaso.net\/?p=7305#primaryimage"},"thumbnailUrl":"https:\/\/www.latribunedufaso.net\/wp-content\/uploads\/2023\/03\/IMG-20230330-WA0006.jpg","articleSection":["A la une","Actualit\u00e9","Soci\u00e9t\u00e9"],"inLanguage":"fr-FR","potentialAction":[{"@type":"CommentAction","name":"Comment","target":["https:\/\/www.latribunedufaso.net\/?p=7305#respond"]}]},{"@type":"WebPage","@id":"https:\/\/www.latribunedufaso.net\/?p=7305","url":"https:\/\/www.latribunedufaso.net\/?p=7305","name":"Promotion immobili\u00e8re : Pas plus de 5 hectares de superficie pour chaque soci\u00e9t\u00e9 - La Tribune du Faso","isPartOf":{"@id":"https:\/\/www.latribunedufaso.net\/#website"},"primaryImageOfPage":{"@id":"https:\/\/www.latribunedufaso.net\/?p=7305#primaryimage"},"image":{"@id":"https:\/\/www.latribunedufaso.net\/?p=7305#primaryimage"},"thumbnailUrl":"https:\/\/www.latribunedufaso.net\/wp-content\/uploads\/2023\/03\/IMG-20230330-WA0006.jpg","datePublished":"2023-03-30T20:51:32+00:00","dateModified":"2023-03-31T08:52:38+00:00","breadcrumb":{"@id":"https:\/\/www.latribunedufaso.net\/?p=7305#breadcrumb"},"inLanguage":"fr-FR","potentialAction":[{"@type":"ReadAction","target":["https:\/\/www.latribunedufaso.net\/?p=7305"]}]},{"@type":"ImageObject","inLanguage":"fr-FR","@id":"https:\/\/www.latribunedufaso.net\/?p=7305#primaryimage","url":"https:\/\/www.latribunedufaso.net\/wp-content\/uploads\/2023\/03\/IMG-20230330-WA0006.jpg","contentUrl":"https:\/\/www.latribunedufaso.net\/wp-content\/uploads\/2023\/03\/IMG-20230330-WA0006.jpg","width":1280,"height":960},{"@type":"BreadcrumbList","@id":"https:\/\/www.latribunedufaso.net\/?p=7305#breadcrumb","itemListElement":[{"@type":"ListItem","position":1,"name":"Accueil","item":"https:\/\/www.latribunedufaso.net\/"},{"@type":"ListItem","position":2,"name":"Promotion immobili\u00e8re : Pas plus de 5 hectares de superficie pour chaque soci\u00e9t\u00e9"}]},{"@type":"WebSite","@id":"https:\/\/www.latribunedufaso.net\/#website","url":"https:\/\/www.latribunedufaso.net\/","name":"La Tribune du Faso","description":"L&#039;information du monde rural en un clic","publisher":{"@id":"https:\/\/www.latribunedufaso.net\/#organization"},"potentialAction":[{"@type":"SearchAction","target":{"@type":"EntryPoint","urlTemplate":"https:\/\/www.latribunedufaso.net\/?s={search_term_string}"},"query-input":{"@type":"PropertyValueSpecification","valueRequired":true,"valueName":"search_term_string"}}],"inLanguage":"fr-FR"},{"@type":"Organization","@id":"https:\/\/www.latribunedufaso.net\/#organization","name":"La Tribune du Faso","url":"https:\/\/www.latribunedufaso.net\/","logo":{"@type":"ImageObject","inLanguage":"fr-FR","@id":"https:\/\/www.latribunedufaso.net\/#\/schema\/logo\/image\/","url":"https:\/\/www.latribunedufaso.net\/wp-content\/uploads\/2020\/08\/Logo-Tribune-du-Faso-final-scaled.jpg","contentUrl":"https:\/\/www.latribunedufaso.net\/wp-content\/uploads\/2020\/08\/Logo-Tribune-du-Faso-final-scaled.jpg","width":2560,"height":1856,"caption":"La Tribune du Faso"},"image":{"@id":"https:\/\/www.latribunedufaso.net\/#\/schema\/logo\/image\/"},"sameAs":["https:\/\/www.facebook.com\/LatribuneduFaso\/"]},{"@type":"Person","@id":"https:\/\/www.latribunedufaso.net\/#\/schema\/person\/a380782d0605bb8aae27c40ea93b35b1","name":"Administrateur","image":{"@type":"ImageObject","inLanguage":"fr-FR","@id":"https:\/\/secure.gravatar.com\/avatar\/e20266f97d741f0e80ba1f60283074a9b3317fd7bfb727e0d95b51dafbf854a1?s=96&d=mm&r=g","url":"https:\/\/secure.gravatar.com\/avatar\/e20266f97d741f0e80ba1f60283074a9b3317fd7bfb727e0d95b51dafbf854a1?s=96&d=mm&r=g","contentUrl":"https:\/\/secure.gravatar.com\/avatar\/e20266f97d741f0e80ba1f60283074a9b3317fd7bfb727e0d95b51dafbf854a1?s=96&d=mm&r=g","caption":"Administrateur"},"url":"https:\/\/www.latribunedufaso.net\/?author=2"}]}},"_links":{"self":[{"href":"https:\/\/www.latribunedufaso.net\/index.php?rest_route=\/wp\/v2\/posts\/7305","targetHints":{"allow":["GET"]}}],"collection":[{"href":"https:\/\/www.latribunedufaso.net\/index.php?rest_route=\/wp\/v2\/posts"}],"about":[{"href":"https:\/\/www.latribunedufaso.net\/index.php?rest_route=\/wp\/v2\/types\/post"}],"author":[{"embeddable":true,"href":"https:\/\/www.latribunedufaso.net\/index.php?rest_route=\/wp\/v2\/users\/2"}],"replies":[{"embeddable":true,"href":"https:\/\/www.latribunedufaso.net\/index.php?rest_route=%2Fwp%2Fv2%2Fcomments&post=7305"}],"version-history":[{"count":1,"href":"https:\/\/www.latribunedufaso.net\/index.php?rest_route=\/wp\/v2\/posts\/7305\/revisions"}],"predecessor-version":[{"id":7309,"href":"https:\/\/www.latribunedufaso.net\/index.php?rest_route=\/wp\/v2\/posts\/7305\/revisions\/7309"}],"wp:featuredmedia":[{"embeddable":true,"href":"https:\/\/www.latribunedufaso.net\/index.php?rest_route=\/wp\/v2\/media\/7308"}],"wp:attachment":[{"href":"https:\/\/www.latribunedufaso.net\/index.php?rest_route=%2Fwp%2Fv2%2Fmedia&parent=7305"}],"wp:term":[{"taxonomy":"category","embeddable":true,"href":"https:\/\/www.latribunedufaso.net\/index.php?rest_route=%2Fwp%2Fv2%2Fcategories&post=7305"},{"taxonomy":"post_tag","embeddable":true,"href":"https:\/\/www.latribunedufaso.net\/index.php?rest_route=%2Fwp%2Fv2%2Ftags&post=7305"}],"curies":[{"name":"wp","href":"https:\/\/api.w.org\/{rel}","templated":true}]}}