{"id":7266,"date":"2023-03-16T22:55:31","date_gmt":"2023-03-16T22:55:31","guid":{"rendered":"https:\/\/www.latribunedufaso.net\/?p=7266"},"modified":"2023-03-17T13:15:19","modified_gmt":"2023-03-17T13:15:19","slug":"gestion-de-lassemblee-nationale-sous-bala-sakande-tout-ce-que-lasce-lc-a-dit-sur-notre-client-est-faux-me-dieudonne-willy-avocat","status":"publish","type":"post","link":"https:\/\/www.latribunedufaso.net\/?p=7266","title":{"rendered":"Gestion de l\u2019Assembl\u00e9e nationale sous Bala Sakand\u00e9 : \u00ab Tout ce que l\u2019ASCE-LC a dit sur notre client est faux \u00bb, Me\u00a0 Dieudonn\u00e9 Willy avocat"},"content":{"rendered":"<p style=\"text-align: justify;\"><strong><span style=\"font-size: 1.0625rem;\">Ce jeudi 16 mars 2023 \u00e0 Ouagadougou, les avocats de l\u2019ex pr\u00e9sident de l\u2019Assembl\u00e9e nationale (AN), Alassane Bala Sakand\u00e9, ont anim\u00e9 une conf\u00e9rence de presse pour, selon eux, apporter une r\u00e9ponse aux informations totalement erron\u00e9es v\u00e9hicul\u00e9es \u00e0 dessein par le Contr\u00f4leur g\u00e9n\u00e9ral d&rsquo;Etat et aux attaques personnelles faites \u00e0 leur client. Cette sortie m\u00e9diatique intervient \u00e0 la suite d\u2019une r\u00e9cente publication du rapport d\u2019audit de l\u2019Autorit\u00e9 sup\u00e9rieure de contr\u00f4le d\u2019Etat et de lutte contre la corruption (ASCE-LC) \u00e9pinglant 3 institutions notamment l\u2019Assembl\u00e9e nationale d\u2019irr\u00e9gularit\u00e9s dans la gestion financi\u00e8re.<\/span><\/strong><br \/><!--more--><\/p>\n<p style=\"text-align: justify;\"><a href=\"https:\/\/www.latribunedufaso.net\/wp-content\/uploads\/2023\/03\/IMG-20230316-WA0026.jpg\"><img loading=\"lazy\" decoding=\"async\" class=\"size-medium wp-image-7269 alignleft\" src=\"https:\/\/www.latribunedufaso.net\/wp-content\/uploads\/2023\/03\/IMG-20230316-WA0026-300x225.jpg\" alt=\"\" width=\"300\" height=\"225\" srcset=\"https:\/\/www.latribunedufaso.net\/wp-content\/uploads\/2023\/03\/IMG-20230316-WA0026-300x225.jpg 300w, https:\/\/www.latribunedufaso.net\/wp-content\/uploads\/2023\/03\/IMG-20230316-WA0026-1024x768.jpg 1024w, https:\/\/www.latribunedufaso.net\/wp-content\/uploads\/2023\/03\/IMG-20230316-WA0026-768x576.jpg 768w, https:\/\/www.latribunedufaso.net\/wp-content\/uploads\/2023\/03\/IMG-20230316-WA0026.jpg 1040w\" sizes=\"auto, (max-width: 300px) 100vw, 300px\" \/><\/a>Selon Me Dieudonn\u00e9 Willy de la Soci\u00e9t\u00e9 civile professionnelle d\u2019avocats (SCPA) Sisili conseils, cet audit n\u2019est qu\u2019un plan pour liquider politiquement l\u2019ancien chef du l\u00e9gislatif burkinab\u00e8. Il en veut pour preuve l\u2019arrestation de son client le 27 mars 2022, sans association des autorit\u00e9s judiciaires et sous l\u2019ordre de Paul Henri Sandaogo Damiba. Aussi, a-t-il fait cas des interdictions de voyages \u00ab sans aucune raison \u00bb. \u00ab C\u2019est dans la foul\u00e9 de ces harc\u00e8lements physiques et moraux que la d\u00e9cision d\u2019auditer l\u2019AN a \u00e9t\u00e9 prise \u00bb a-t-il poursuivi.<\/p>\n<p style=\"text-align: justify;\">\u00ab\u00a0C\u2019est un audit cibl\u00e9. Il prend en compte seulement la p\u00e9riode de la gestion de Bala Sakand\u00e9, 2018 \u00e0 2021. Lorsque la demande a \u00e9t\u00e9 faite, toutes les pi\u00e8ces justificatives ont \u00e9t\u00e9 r\u00e9unies dans 4 cartons et remises \u00e0 l\u2019ALT pour \u00eatre transmises \u00e0 l&rsquo;ASCE-LC. Mais en ce moment, il se trouvait qu\u2019elle (ASCE-LC, ndlr) avait d\u00e9j\u00e0 transmis le rapport qui n\u2019a pas \u00e9t\u00e9 contredit et enrichi par les observations des personnes concern\u00e9es au gouvernement qui avait d\u00e9j\u00e0 fait un tapage m\u00e9diatique sur le document. C\u2019\u00e9tait le 3 ao\u00fbt 2022. Cependant, elle tente d\u2019expliquer qu\u2019il y a un contradictoire qui a \u00e9t\u00e9 apport\u00e9 et que les personnes concern\u00e9es ont \u00e9t\u00e9 invit\u00e9es \u00e0 s\u2019expliquer mais ce n\u2019\u00e9tait pas le cas\u00a0\u00bb a d\u00e9clar\u00e9 Me Willy.<\/p>\n<p style=\"text-align: justify;\">\u00abTout ce que l\u2019ASCE-LC a dit par rapport \u00e0 notre client est faux\u00bb, a-t-il poursuivi. En effet, on peut cat\u00e9goriser les d\u00e9penses en 3 rubriques. D\u2019abord il y a les d\u00e9penses qui ont \u00e9t\u00e9 \u00e9pingl\u00e9es comme n\u2019ayant pas \u00e9t\u00e9 soutenues par une pi\u00e8ce justificative qui se chiffre \u00e0 7,9 milliards . Ce qui n\u2019est pas vrai car nous en avons en notre possession. Ensuite, il y a une autre cat\u00e9gorie de d\u00e9pense qualifi\u00e9e comme inopportune. Par exemple, il s\u2019agit des d\u00e9penses comme la subvention a hauteur de 50 millions de l\u2019AN \u00e0 la RTB qui \u00e9tait en difficult\u00e9 en 2020, l\u2019organisation des journ\u00e9es de redevabilit\u00e9s, des journ\u00e9es de reconnaissance du d\u00e9put\u00e9 \u00e0 l\u2019enseignant et le programme des volontaires de l\u2019Assembl\u00e9e nationale pour former des jeunes. Ces d\u00e9penses se chiffrent environ \u00e0 1,4 milliards FCFA. Ce n\u2019est pas le r\u00f4le de l\u2019ASCE-LC de juger leur opportunit\u00e9 pour les \u00e9carter.<\/p>\n<p style=\"text-align: justify;\">En ce qui concerne la perte des int\u00e9r\u00eats qui se chiffre \u00e0 plus de 693 millions FCFA qu\u2019aurait pu g\u00e9n\u00e9rer le fonds de 12 milliards FCFA d\u00e9pos\u00e9s \u00e0 Wendkuni bank par l\u2019AN, l&rsquo;avocat de l&rsquo;ancien PAN trouve que c\u2019est une supposition anachronique.<\/p>\n<p style=\"text-align: justify;\">\u00ab\u00a0On suppose que si le fonds \u00e9tait d\u00e9pos\u00e9 a un compte r\u00e9mun\u00e9r\u00e9 \u00e0 hauteur de 4%, on aurait gagn\u00e9 des int\u00e9r\u00eats pouvant atteindre 693 millions FCFA. Ce n\u2019est pas une bonne logique. Si le fonds \u00e9taie rest\u00e9 au tr\u00e9sor, il n\u2019allait pas produire d\u2019int\u00e9r\u00eat\u00a0\u00bb s\u2019est-il expliqu\u00e9.<\/p>\n<p style=\"text-align: justify;\"><strong>Issouf Tapsoba<\/strong><\/p>\n<p style=\"text-align: justify;\"><strong>Latribunedufaso.net<\/strong><\/p>\n","protected":false},"excerpt":{"rendered":"<p>Ce jeudi 16 mars 2023 \u00e0 Ouagadougou, les avocats de l\u2019ex pr\u00e9sident de l\u2019Assembl\u00e9e nationale (AN), Alassane Bala Sakand\u00e9, ont anim\u00e9 une conf\u00e9rence de presse pour, selon eux, apporter une r\u00e9ponse aux informations totalement erron\u00e9es v\u00e9hicul\u00e9es \u00e0 dessein par le Contr\u00f4leur g\u00e9n\u00e9ral d&rsquo;Etat et aux attaques personnelles faites \u00e0 leur client. Cette sortie m\u00e9diatique intervient \u00e0 la suite d\u2019une r\u00e9cente publication du rapport d\u2019audit de l\u2019Autorit\u00e9 sup\u00e9rieure de contr\u00f4le d\u2019Etat et de lutte contre la corruption (ASCE-LC) \u00e9pinglant 3 institutions notamment l\u2019Assembl\u00e9e nationale d\u2019irr\u00e9gularit\u00e9s dans la gestion financi\u00e8re.<\/p>\n","protected":false},"author":2,"featured_media":7268,"comment_status":"open","ping_status":"open","sticky":false,"template":"","format":"standard","meta":{"footnotes":""},"categories":[13,1,8],"tags":[],"class_list":["post-7266","post","type-post","status-publish","format-standard","has-post-thumbnail","hentry","category-une","category-actu","category-societe"],"yoast_head":"<!-- This site is optimized with the Yoast SEO plugin v27.5 - https:\/\/yoast.com\/product\/yoast-seo-wordpress\/ -->\n<title>Gestion de l\u2019Assembl\u00e9e nationale sous Bala Sakand\u00e9 : \u00ab Tout ce que l\u2019ASCE-LC a dit sur notre client est faux \u00bb, Me\u00a0 Dieudonn\u00e9 Willy avocat - La Tribune du Faso<\/title>\n<meta name=\"robots\" content=\"index, follow, max-snippet:-1, max-image-preview:large, max-video-preview:-1\" \/>\n<link rel=\"canonical\" href=\"https:\/\/www.latribunedufaso.net\/?p=7266\" \/>\n<meta property=\"og:locale\" content=\"fr_FR\" \/>\n<meta property=\"og:type\" content=\"article\" \/>\n<meta property=\"og:title\" content=\"Gestion de l\u2019Assembl\u00e9e nationale sous Bala Sakand\u00e9 : \u00ab Tout ce que l\u2019ASCE-LC a dit sur notre client est faux \u00bb, Me\u00a0 Dieudonn\u00e9 Willy avocat - La Tribune du Faso\" \/>\n<meta property=\"og:description\" content=\"Ce jeudi 16 mars 2023 \u00e0 Ouagadougou, les avocats de l\u2019ex pr\u00e9sident de l\u2019Assembl\u00e9e nationale (AN), Alassane Bala Sakand\u00e9, ont anim\u00e9 une conf\u00e9rence de presse pour, selon eux, apporter une r\u00e9ponse aux informations totalement erron\u00e9es v\u00e9hicul\u00e9es \u00e0 dessein par le Contr\u00f4leur g\u00e9n\u00e9ral d&rsquo;Etat et aux attaques personnelles faites \u00e0 leur client. Cette sortie m\u00e9diatique intervient \u00e0 la suite d\u2019une r\u00e9cente publication du rapport d\u2019audit de l\u2019Autorit\u00e9 sup\u00e9rieure de contr\u00f4le d\u2019Etat et de lutte contre la corruption (ASCE-LC) \u00e9pinglant 3 institutions notamment l\u2019Assembl\u00e9e nationale d\u2019irr\u00e9gularit\u00e9s dans la gestion financi\u00e8re.\" \/>\n<meta property=\"og:url\" content=\"https:\/\/www.latribunedufaso.net\/?p=7266\" \/>\n<meta property=\"og:site_name\" content=\"La Tribune du Faso\" \/>\n<meta property=\"article:publisher\" content=\"https:\/\/www.facebook.com\/LatribuneduFaso\/\" \/>\n<meta property=\"article:published_time\" content=\"2023-03-16T22:55:31+00:00\" \/>\n<meta property=\"article:modified_time\" content=\"2023-03-17T13:15:19+00:00\" \/>\n<meta property=\"og:image\" content=\"https:\/\/www.latribunedufaso.net\/wp-content\/uploads\/2023\/03\/IMG-20230316-WA0023.jpg\" \/>\n\t<meta property=\"og:image:width\" content=\"1040\" \/>\n\t<meta property=\"og:image:height\" content=\"780\" \/>\n\t<meta property=\"og:image:type\" content=\"image\/jpeg\" \/>\n<meta name=\"author\" content=\"Administrateur\" \/>\n<meta name=\"twitter:label1\" content=\"\u00c9crit par\" \/>\n\t<meta name=\"twitter:data1\" content=\"Administrateur\" \/>\n\t<meta name=\"twitter:label2\" content=\"Dur\u00e9e de lecture estim\u00e9e\" \/>\n\t<meta name=\"twitter:data2\" content=\"3 minutes\" \/>\n<script type=\"application\/ld+json\" class=\"yoast-schema-graph\">{\"@context\":\"https:\\\/\\\/schema.org\",\"@graph\":[{\"@type\":\"Article\",\"@id\":\"https:\\\/\\\/www.latribunedufaso.net\\\/?p=7266#article\",\"isPartOf\":{\"@id\":\"https:\\\/\\\/www.latribunedufaso.net\\\/?p=7266\"},\"author\":{\"name\":\"Administrateur\",\"@id\":\"https:\\\/\\\/www.latribunedufaso.net\\\/#\\\/schema\\\/person\\\/a380782d0605bb8aae27c40ea93b35b1\"},\"headline\":\"Gestion de l\u2019Assembl\u00e9e nationale sous Bala Sakand\u00e9 : \u00ab Tout ce que l\u2019ASCE-LC a dit sur notre client est faux \u00bb, Me\u00a0 Dieudonn\u00e9 Willy avocat\",\"datePublished\":\"2023-03-16T22:55:31+00:00\",\"dateModified\":\"2023-03-17T13:15:19+00:00\",\"mainEntityOfPage\":{\"@id\":\"https:\\\/\\\/www.latribunedufaso.net\\\/?p=7266\"},\"wordCount\":635,\"commentCount\":0,\"publisher\":{\"@id\":\"https:\\\/\\\/www.latribunedufaso.net\\\/#organization\"},\"image\":{\"@id\":\"https:\\\/\\\/www.latribunedufaso.net\\\/?p=7266#primaryimage\"},\"thumbnailUrl\":\"https:\\\/\\\/www.latribunedufaso.net\\\/wp-content\\\/uploads\\\/2023\\\/03\\\/IMG-20230316-WA0023.jpg\",\"articleSection\":[\"A la une\",\"Actualit\u00e9\",\"Soci\u00e9t\u00e9\"],\"inLanguage\":\"fr-FR\",\"potentialAction\":[{\"@type\":\"CommentAction\",\"name\":\"Comment\",\"target\":[\"https:\\\/\\\/www.latribunedufaso.net\\\/?p=7266#respond\"]}]},{\"@type\":\"WebPage\",\"@id\":\"https:\\\/\\\/www.latribunedufaso.net\\\/?p=7266\",\"url\":\"https:\\\/\\\/www.latribunedufaso.net\\\/?p=7266\",\"name\":\"Gestion de l\u2019Assembl\u00e9e nationale sous Bala Sakand\u00e9 : \u00ab Tout ce que l\u2019ASCE-LC a dit sur notre client est faux \u00bb, Me\u00a0 Dieudonn\u00e9 Willy avocat - La Tribune du Faso\",\"isPartOf\":{\"@id\":\"https:\\\/\\\/www.latribunedufaso.net\\\/#website\"},\"primaryImageOfPage\":{\"@id\":\"https:\\\/\\\/www.latribunedufaso.net\\\/?p=7266#primaryimage\"},\"image\":{\"@id\":\"https:\\\/\\\/www.latribunedufaso.net\\\/?p=7266#primaryimage\"},\"thumbnailUrl\":\"https:\\\/\\\/www.latribunedufaso.net\\\/wp-content\\\/uploads\\\/2023\\\/03\\\/IMG-20230316-WA0023.jpg\",\"datePublished\":\"2023-03-16T22:55:31+00:00\",\"dateModified\":\"2023-03-17T13:15:19+00:00\",\"breadcrumb\":{\"@id\":\"https:\\\/\\\/www.latribunedufaso.net\\\/?p=7266#breadcrumb\"},\"inLanguage\":\"fr-FR\",\"potentialAction\":[{\"@type\":\"ReadAction\",\"target\":[\"https:\\\/\\\/www.latribunedufaso.net\\\/?p=7266\"]}]},{\"@type\":\"ImageObject\",\"inLanguage\":\"fr-FR\",\"@id\":\"https:\\\/\\\/www.latribunedufaso.net\\\/?p=7266#primaryimage\",\"url\":\"https:\\\/\\\/www.latribunedufaso.net\\\/wp-content\\\/uploads\\\/2023\\\/03\\\/IMG-20230316-WA0023.jpg\",\"contentUrl\":\"https:\\\/\\\/www.latribunedufaso.net\\\/wp-content\\\/uploads\\\/2023\\\/03\\\/IMG-20230316-WA0023.jpg\",\"width\":1040,\"height\":780},{\"@type\":\"BreadcrumbList\",\"@id\":\"https:\\\/\\\/www.latribunedufaso.net\\\/?p=7266#breadcrumb\",\"itemListElement\":[{\"@type\":\"ListItem\",\"position\":1,\"name\":\"Accueil\",\"item\":\"https:\\\/\\\/www.latribunedufaso.net\\\/\"},{\"@type\":\"ListItem\",\"position\":2,\"name\":\"Gestion de l\u2019Assembl\u00e9e nationale sous Bala Sakand\u00e9 : \u00ab Tout ce que l\u2019ASCE-LC a dit sur notre client est faux \u00bb, Me\u00a0 Dieudonn\u00e9 Willy avocat\"}]},{\"@type\":\"WebSite\",\"@id\":\"https:\\\/\\\/www.latribunedufaso.net\\\/#website\",\"url\":\"https:\\\/\\\/www.latribunedufaso.net\\\/\",\"name\":\"La Tribune du Faso\",\"description\":\"L&#039;information du monde rural en un clic\",\"publisher\":{\"@id\":\"https:\\\/\\\/www.latribunedufaso.net\\\/#organization\"},\"potentialAction\":[{\"@type\":\"SearchAction\",\"target\":{\"@type\":\"EntryPoint\",\"urlTemplate\":\"https:\\\/\\\/www.latribunedufaso.net\\\/?s={search_term_string}\"},\"query-input\":{\"@type\":\"PropertyValueSpecification\",\"valueRequired\":true,\"valueName\":\"search_term_string\"}}],\"inLanguage\":\"fr-FR\"},{\"@type\":\"Organization\",\"@id\":\"https:\\\/\\\/www.latribunedufaso.net\\\/#organization\",\"name\":\"La Tribune du Faso\",\"url\":\"https:\\\/\\\/www.latribunedufaso.net\\\/\",\"logo\":{\"@type\":\"ImageObject\",\"inLanguage\":\"fr-FR\",\"@id\":\"https:\\\/\\\/www.latribunedufaso.net\\\/#\\\/schema\\\/logo\\\/image\\\/\",\"url\":\"https:\\\/\\\/www.latribunedufaso.net\\\/wp-content\\\/uploads\\\/2020\\\/08\\\/Logo-Tribune-du-Faso-final-scaled.jpg\",\"contentUrl\":\"https:\\\/\\\/www.latribunedufaso.net\\\/wp-content\\\/uploads\\\/2020\\\/08\\\/Logo-Tribune-du-Faso-final-scaled.jpg\",\"width\":2560,\"height\":1856,\"caption\":\"La Tribune du Faso\"},\"image\":{\"@id\":\"https:\\\/\\\/www.latribunedufaso.net\\\/#\\\/schema\\\/logo\\\/image\\\/\"},\"sameAs\":[\"https:\\\/\\\/www.facebook.com\\\/LatribuneduFaso\\\/\"]},{\"@type\":\"Person\",\"@id\":\"https:\\\/\\\/www.latribunedufaso.net\\\/#\\\/schema\\\/person\\\/a380782d0605bb8aae27c40ea93b35b1\",\"name\":\"Administrateur\",\"image\":{\"@type\":\"ImageObject\",\"inLanguage\":\"fr-FR\",\"@id\":\"https:\\\/\\\/secure.gravatar.com\\\/avatar\\\/e20266f97d741f0e80ba1f60283074a9b3317fd7bfb727e0d95b51dafbf854a1?s=96&d=mm&r=g\",\"url\":\"https:\\\/\\\/secure.gravatar.com\\\/avatar\\\/e20266f97d741f0e80ba1f60283074a9b3317fd7bfb727e0d95b51dafbf854a1?s=96&d=mm&r=g\",\"contentUrl\":\"https:\\\/\\\/secure.gravatar.com\\\/avatar\\\/e20266f97d741f0e80ba1f60283074a9b3317fd7bfb727e0d95b51dafbf854a1?s=96&d=mm&r=g\",\"caption\":\"Administrateur\"},\"url\":\"https:\\\/\\\/www.latribunedufaso.net\\\/?author=2\"}]}<\/script>\n<!-- \/ Yoast SEO plugin. -->","yoast_head_json":{"title":"Gestion de l\u2019Assembl\u00e9e nationale sous Bala Sakand\u00e9 : \u00ab Tout ce que l\u2019ASCE-LC a dit sur notre client est faux \u00bb, Me\u00a0 Dieudonn\u00e9 Willy avocat - La Tribune du Faso","robots":{"index":"index","follow":"follow","max-snippet":"max-snippet:-1","max-image-preview":"max-image-preview:large","max-video-preview":"max-video-preview:-1"},"canonical":"https:\/\/www.latribunedufaso.net\/?p=7266","og_locale":"fr_FR","og_type":"article","og_title":"Gestion de l\u2019Assembl\u00e9e nationale sous Bala Sakand\u00e9 : \u00ab Tout ce que l\u2019ASCE-LC a dit sur notre client est faux \u00bb, Me\u00a0 Dieudonn\u00e9 Willy avocat - La Tribune du Faso","og_description":"Ce jeudi 16 mars 2023 \u00e0 Ouagadougou, les avocats de l\u2019ex pr\u00e9sident de l\u2019Assembl\u00e9e nationale (AN), Alassane Bala Sakand\u00e9, ont anim\u00e9 une conf\u00e9rence de presse pour, selon eux, apporter une r\u00e9ponse aux informations totalement erron\u00e9es v\u00e9hicul\u00e9es \u00e0 dessein par le Contr\u00f4leur g\u00e9n\u00e9ral d&rsquo;Etat et aux attaques personnelles faites \u00e0 leur client. Cette sortie m\u00e9diatique intervient \u00e0 la suite d\u2019une r\u00e9cente publication du rapport d\u2019audit de l\u2019Autorit\u00e9 sup\u00e9rieure de contr\u00f4le d\u2019Etat et de lutte contre la corruption (ASCE-LC) \u00e9pinglant 3 institutions notamment l\u2019Assembl\u00e9e nationale d\u2019irr\u00e9gularit\u00e9s dans la gestion financi\u00e8re.","og_url":"https:\/\/www.latribunedufaso.net\/?p=7266","og_site_name":"La Tribune du Faso","article_publisher":"https:\/\/www.facebook.com\/LatribuneduFaso\/","article_published_time":"2023-03-16T22:55:31+00:00","article_modified_time":"2023-03-17T13:15:19+00:00","og_image":[{"width":1040,"height":780,"url":"https:\/\/www.latribunedufaso.net\/wp-content\/uploads\/2023\/03\/IMG-20230316-WA0023.jpg","type":"image\/jpeg"}],"author":"Administrateur","twitter_misc":{"\u00c9crit par":"Administrateur","Dur\u00e9e de lecture estim\u00e9e":"3 minutes"},"schema":{"@context":"https:\/\/schema.org","@graph":[{"@type":"Article","@id":"https:\/\/www.latribunedufaso.net\/?p=7266#article","isPartOf":{"@id":"https:\/\/www.latribunedufaso.net\/?p=7266"},"author":{"name":"Administrateur","@id":"https:\/\/www.latribunedufaso.net\/#\/schema\/person\/a380782d0605bb8aae27c40ea93b35b1"},"headline":"Gestion de l\u2019Assembl\u00e9e nationale sous Bala Sakand\u00e9 : \u00ab Tout ce que l\u2019ASCE-LC a dit sur notre client est faux \u00bb, Me\u00a0 Dieudonn\u00e9 Willy avocat","datePublished":"2023-03-16T22:55:31+00:00","dateModified":"2023-03-17T13:15:19+00:00","mainEntityOfPage":{"@id":"https:\/\/www.latribunedufaso.net\/?p=7266"},"wordCount":635,"commentCount":0,"publisher":{"@id":"https:\/\/www.latribunedufaso.net\/#organization"},"image":{"@id":"https:\/\/www.latribunedufaso.net\/?p=7266#primaryimage"},"thumbnailUrl":"https:\/\/www.latribunedufaso.net\/wp-content\/uploads\/2023\/03\/IMG-20230316-WA0023.jpg","articleSection":["A la une","Actualit\u00e9","Soci\u00e9t\u00e9"],"inLanguage":"fr-FR","potentialAction":[{"@type":"CommentAction","name":"Comment","target":["https:\/\/www.latribunedufaso.net\/?p=7266#respond"]}]},{"@type":"WebPage","@id":"https:\/\/www.latribunedufaso.net\/?p=7266","url":"https:\/\/www.latribunedufaso.net\/?p=7266","name":"Gestion de l\u2019Assembl\u00e9e nationale sous Bala Sakand\u00e9 : \u00ab Tout ce que l\u2019ASCE-LC a dit sur notre client est faux \u00bb, Me\u00a0 Dieudonn\u00e9 Willy avocat - La Tribune du Faso","isPartOf":{"@id":"https:\/\/www.latribunedufaso.net\/#website"},"primaryImageOfPage":{"@id":"https:\/\/www.latribunedufaso.net\/?p=7266#primaryimage"},"image":{"@id":"https:\/\/www.latribunedufaso.net\/?p=7266#primaryimage"},"thumbnailUrl":"https:\/\/www.latribunedufaso.net\/wp-content\/uploads\/2023\/03\/IMG-20230316-WA0023.jpg","datePublished":"2023-03-16T22:55:31+00:00","dateModified":"2023-03-17T13:15:19+00:00","breadcrumb":{"@id":"https:\/\/www.latribunedufaso.net\/?p=7266#breadcrumb"},"inLanguage":"fr-FR","potentialAction":[{"@type":"ReadAction","target":["https:\/\/www.latribunedufaso.net\/?p=7266"]}]},{"@type":"ImageObject","inLanguage":"fr-FR","@id":"https:\/\/www.latribunedufaso.net\/?p=7266#primaryimage","url":"https:\/\/www.latribunedufaso.net\/wp-content\/uploads\/2023\/03\/IMG-20230316-WA0023.jpg","contentUrl":"https:\/\/www.latribunedufaso.net\/wp-content\/uploads\/2023\/03\/IMG-20230316-WA0023.jpg","width":1040,"height":780},{"@type":"BreadcrumbList","@id":"https:\/\/www.latribunedufaso.net\/?p=7266#breadcrumb","itemListElement":[{"@type":"ListItem","position":1,"name":"Accueil","item":"https:\/\/www.latribunedufaso.net\/"},{"@type":"ListItem","position":2,"name":"Gestion de l\u2019Assembl\u00e9e nationale sous Bala Sakand\u00e9 : \u00ab Tout ce que l\u2019ASCE-LC a dit sur notre client est faux \u00bb, Me\u00a0 Dieudonn\u00e9 Willy avocat"}]},{"@type":"WebSite","@id":"https:\/\/www.latribunedufaso.net\/#website","url":"https:\/\/www.latribunedufaso.net\/","name":"La Tribune du Faso","description":"L&#039;information du monde rural en un clic","publisher":{"@id":"https:\/\/www.latribunedufaso.net\/#organization"},"potentialAction":[{"@type":"SearchAction","target":{"@type":"EntryPoint","urlTemplate":"https:\/\/www.latribunedufaso.net\/?s={search_term_string}"},"query-input":{"@type":"PropertyValueSpecification","valueRequired":true,"valueName":"search_term_string"}}],"inLanguage":"fr-FR"},{"@type":"Organization","@id":"https:\/\/www.latribunedufaso.net\/#organization","name":"La Tribune du Faso","url":"https:\/\/www.latribunedufaso.net\/","logo":{"@type":"ImageObject","inLanguage":"fr-FR","@id":"https:\/\/www.latribunedufaso.net\/#\/schema\/logo\/image\/","url":"https:\/\/www.latribunedufaso.net\/wp-content\/uploads\/2020\/08\/Logo-Tribune-du-Faso-final-scaled.jpg","contentUrl":"https:\/\/www.latribunedufaso.net\/wp-content\/uploads\/2020\/08\/Logo-Tribune-du-Faso-final-scaled.jpg","width":2560,"height":1856,"caption":"La Tribune du Faso"},"image":{"@id":"https:\/\/www.latribunedufaso.net\/#\/schema\/logo\/image\/"},"sameAs":["https:\/\/www.facebook.com\/LatribuneduFaso\/"]},{"@type":"Person","@id":"https:\/\/www.latribunedufaso.net\/#\/schema\/person\/a380782d0605bb8aae27c40ea93b35b1","name":"Administrateur","image":{"@type":"ImageObject","inLanguage":"fr-FR","@id":"https:\/\/secure.gravatar.com\/avatar\/e20266f97d741f0e80ba1f60283074a9b3317fd7bfb727e0d95b51dafbf854a1?s=96&d=mm&r=g","url":"https:\/\/secure.gravatar.com\/avatar\/e20266f97d741f0e80ba1f60283074a9b3317fd7bfb727e0d95b51dafbf854a1?s=96&d=mm&r=g","contentUrl":"https:\/\/secure.gravatar.com\/avatar\/e20266f97d741f0e80ba1f60283074a9b3317fd7bfb727e0d95b51dafbf854a1?s=96&d=mm&r=g","caption":"Administrateur"},"url":"https:\/\/www.latribunedufaso.net\/?author=2"}]}},"_links":{"self":[{"href":"https:\/\/www.latribunedufaso.net\/index.php?rest_route=\/wp\/v2\/posts\/7266","targetHints":{"allow":["GET"]}}],"collection":[{"href":"https:\/\/www.latribunedufaso.net\/index.php?rest_route=\/wp\/v2\/posts"}],"about":[{"href":"https:\/\/www.latribunedufaso.net\/index.php?rest_route=\/wp\/v2\/types\/post"}],"author":[{"embeddable":true,"href":"https:\/\/www.latribunedufaso.net\/index.php?rest_route=\/wp\/v2\/users\/2"}],"replies":[{"embeddable":true,"href":"https:\/\/www.latribunedufaso.net\/index.php?rest_route=%2Fwp%2Fv2%2Fcomments&post=7266"}],"version-history":[{"count":1,"href":"https:\/\/www.latribunedufaso.net\/index.php?rest_route=\/wp\/v2\/posts\/7266\/revisions"}],"predecessor-version":[{"id":7270,"href":"https:\/\/www.latribunedufaso.net\/index.php?rest_route=\/wp\/v2\/posts\/7266\/revisions\/7270"}],"wp:featuredmedia":[{"embeddable":true,"href":"https:\/\/www.latribunedufaso.net\/index.php?rest_route=\/wp\/v2\/media\/7268"}],"wp:attachment":[{"href":"https:\/\/www.latribunedufaso.net\/index.php?rest_route=%2Fwp%2Fv2%2Fmedia&parent=7266"}],"wp:term":[{"taxonomy":"category","embeddable":true,"href":"https:\/\/www.latribunedufaso.net\/index.php?rest_route=%2Fwp%2Fv2%2Fcategories&post=7266"},{"taxonomy":"post_tag","embeddable":true,"href":"https:\/\/www.latribunedufaso.net\/index.php?rest_route=%2Fwp%2Fv2%2Ftags&post=7266"}],"curies":[{"name":"wp","href":"https:\/\/api.w.org\/{rel}","templated":true}]}}