{"id":7173,"date":"2023-02-28T23:20:09","date_gmt":"2023-02-28T23:20:09","guid":{"rendered":"https:\/\/www.latribunedufaso.net\/?p=7173"},"modified":"2023-03-01T16:05:09","modified_gmt":"2023-03-01T16:05:09","slug":"production-agro-sylvo-pastorale-un-resultat-satisfaisant-malgre-le-contexte-difficile-en-2022","status":"publish","type":"post","link":"https:\/\/www.latribunedufaso.net\/?p=7173","title":{"rendered":"Production agro-sylvo-pastorale : Un r\u00e9sultat satisfaisant malgr\u00e9 le contexte difficile en 2022"},"content":{"rendered":"<p style=\"text-align: justify;\"><strong><span style=\"font-size: 1.0625rem;\">Ce mardi 28 f\u00e9vrier 2023 \u00e0 Ouagadougou, s\u2019est tenue la revue annuelle 2023 du cadre sectoriel de dialogue \u00ab production agro-sylvo-pastorale \u00bb . Les diff\u00e9rents travaux se sont d\u00e9roul\u00e9s sous la pr\u00e9sidence du ministre de l\u2019Agriculture des ressources animales et halieutiques, Dr Denis Ou\u00e9draogo.<\/span><\/strong><br \/><!--more--><\/p>\n<p style=\"text-align: justify;\"><a href=\"https:\/\/www.latribunedufaso.net\/wp-content\/uploads\/2023\/03\/IMG-20230301-WA0006.jpg\"><img loading=\"lazy\" decoding=\"async\" class=\"size-medium wp-image-7177 alignleft\" src=\"https:\/\/www.latribunedufaso.net\/wp-content\/uploads\/2023\/03\/IMG-20230301-WA0006-300x225.jpg\" alt=\"\" width=\"300\" height=\"225\" srcset=\"https:\/\/www.latribunedufaso.net\/wp-content\/uploads\/2023\/03\/IMG-20230301-WA0006-300x225.jpg 300w, https:\/\/www.latribunedufaso.net\/wp-content\/uploads\/2023\/03\/IMG-20230301-WA0006-768x576.jpg 768w, https:\/\/www.latribunedufaso.net\/wp-content\/uploads\/2023\/03\/IMG-20230301-WA0006.jpg 992w\" sizes=\"auto, (max-width: 300px) 100vw, 300px\" \/><\/a>Appr\u00e9cier les performances de l\u2019ann\u00e9e 2022\u00a0; d\u00e9finir les meilleures options en terme de priorit\u00e9s d\u2019intervention pour la p\u00e9riode 2023-2025 \u00e0 travers le plan d\u2019action pour la stabilisation et le d\u00e9veloppement\u00a0; examiner la matrice du secteur et les propositions sur les groupes th\u00e9matiques du cadre sectoriel de dialogue. Tels sont les points qui ont anim\u00e9s les travaux de la pr\u00e9sente session.\u00a0<\/p>\n<p style=\"text-align: justify;\">Des performances de l\u2019ann\u00e9e 2022, on note un r\u00e9sultat d\u2019environ 65%. Ce r\u00e9sultat est jug\u00e9 satisfaisant par le ministre de l\u2019Agriculture , Dr Denis Ou\u00e9draogo au regard du contexte national et des difficult\u00e9s rencontr\u00e9es dans la mise en \u0153uvre du programme. \u00ab\u00a0 Comme vous le savez, l\u2019ann\u00e9e 2022 a \u00e9t\u00e9 tr\u00e8s \u00e9prouvante pour le Burkina Faso dans sa globalit\u00e9 et particuli\u00e8rement pour le secteur agro -sylvo-pastoral. Beaucoup de personnes ont quitt\u00e9 leurs terres , ils n\u2019ont pas produit. Nous n\u2019avons pas pu avoir acc\u00e8s \u00e0 certaines zones pour r\u00e9aliser certains investissements. Tout cela a affect\u00e9 nos performances , mais au regard du contexte national et des difficult\u00e9s rencontr\u00e9es, nous pensons que le r\u00e9sultat est satisfaisant parce qu\u2019il se situe autour de 65% . C\u2019est d\u00e9j\u00e0 appr\u00e9ciable \u00bb, a-t-il lanc\u00e9.<\/p>\n<p style=\"text-align: justify;\">A l\u2019entendre, des recommandations ont \u00e9t\u00e9 prises \u00e0 l\u2019issue de la rencontre dans le but d\u2019am\u00e9liorer ces performances. Il s\u2019agit notamment de la r\u00e9alisation des activit\u00e9s dans les d\u00e9lais et du d\u00e9caissement suffisant des ressources financi\u00e8res.<\/p>\n<p style=\"text-align: justify;\">En outre, ce cadre a \u00e9t\u00e9 le lieu de signature d\u2019un pacte d\u2019engagement pour la mise en \u0153uvre du plan national d\u2019investissement agro-sylvo-pastoral (PNIASP). Adopt\u00e9 en fin d\u00e9cembre 2022, la mise en \u0153uvre du PNIASP n\u00e9cessite une mobilisation budg\u00e9taire de 1 505 milliards de FCFA. Selon le Ministre , 51 % de ce budget ont \u00e9t\u00e9 mobilis\u00e9s \u00e0 ce jour. La signature du pacte entre les partenaires techniques et financiers ainsi que les acteurs \u00e9tatiques devrait favoriser la mobilisation du financement compl\u00e9mentaire.<\/p>\n<p style=\"text-align: justify;\">En rappel, le cadre de dialogue \u00ab production agro- Sylvo Pastorale \u00bb est compos\u00e9 du minist\u00e8re de l\u2019agriculture, de celui de l\u2019environnement et de l\u2019enseignement sup\u00e9rieur. Il permet d\u2019\u00e9changer sur des pr\u00e9occupations concernant lesdits minist\u00e8re.<\/p>\n<p style=\"text-align: justify;\"><strong>Astride Kiendrebeogo\u00a0<\/strong><\/p>\n<p style=\"text-align: justify;\"><strong>Latribunedufaso.net<\/strong><\/p>\n<p><a href=\"https:\/\/www.latribunedufaso.net\/wp-content\/uploads\/2023\/03\/IMG-20230301-WA0013.jpg\"><img loading=\"lazy\" decoding=\"async\" class=\"alignnone size-medium wp-image-7176\" src=\"https:\/\/www.latribunedufaso.net\/wp-content\/uploads\/2023\/03\/IMG-20230301-WA0013-300x225.jpg\" alt=\"\" width=\"300\" height=\"225\" srcset=\"https:\/\/www.latribunedufaso.net\/wp-content\/uploads\/2023\/03\/IMG-20230301-WA0013-300x225.jpg 300w, https:\/\/www.latribunedufaso.net\/wp-content\/uploads\/2023\/03\/IMG-20230301-WA0013-1024x768.jpg 1024w, https:\/\/www.latribunedufaso.net\/wp-content\/uploads\/2023\/03\/IMG-20230301-WA0013-768x576.jpg 768w, https:\/\/www.latribunedufaso.net\/wp-content\/uploads\/2023\/03\/IMG-20230301-WA0013.jpg 1280w\" sizes=\"auto, (max-width: 300px) 100vw, 300px\" \/><\/a><a href=\"https:\/\/www.latribunedufaso.net\/wp-content\/uploads\/2023\/03\/IMG-20230301-WA0011.jpg\"><img loading=\"lazy\" decoding=\"async\" class=\"alignnone size-medium wp-image-7175\" src=\"https:\/\/www.latribunedufaso.net\/wp-content\/uploads\/2023\/03\/IMG-20230301-WA0011-300x171.jpg\" alt=\"\" width=\"300\" height=\"171\" srcset=\"https:\/\/www.latribunedufaso.net\/wp-content\/uploads\/2023\/03\/IMG-20230301-WA0011-300x171.jpg 300w, https:\/\/www.latribunedufaso.net\/wp-content\/uploads\/2023\/03\/IMG-20230301-WA0011-768x437.jpg 768w, https:\/\/www.latribunedufaso.net\/wp-content\/uploads\/2023\/03\/IMG-20230301-WA0011.jpg 825w\" sizes=\"auto, (max-width: 300px) 100vw, 300px\" \/><\/a><\/p>\n","protected":false},"excerpt":{"rendered":"<p>Ce mardi 28 f\u00e9vrier 2023 \u00e0 Ouagadougou, s\u2019est tenue la revue annuelle 2023 du cadre sectoriel de dialogue \u00ab production agro-sylvo-pastorale \u00bb . Les diff\u00e9rents travaux se sont d\u00e9roul\u00e9s sous la pr\u00e9sidence du ministre de l\u2019Agriculture des ressources animales et halieutiques, Dr Denis Ou\u00e9draogo.<\/p>\n","protected":false},"author":2,"featured_media":7174,"comment_status":"open","ping_status":"open","sticky":false,"template":"","format":"standard","meta":{"footnotes":""},"categories":[13,1,3],"tags":[],"class_list":["post-7173","post","type-post","status-publish","format-standard","has-post-thumbnail","hentry","category-une","category-actu","category-agri"],"yoast_head":"<!-- This site is optimized with the Yoast SEO plugin v27.5 - https:\/\/yoast.com\/product\/yoast-seo-wordpress\/ -->\n<title>Production agro-sylvo-pastorale : Un r\u00e9sultat satisfaisant malgr\u00e9 le contexte difficile en 2022 - La Tribune du Faso<\/title>\n<meta name=\"robots\" content=\"index, follow, max-snippet:-1, max-image-preview:large, max-video-preview:-1\" \/>\n<link rel=\"canonical\" href=\"https:\/\/www.latribunedufaso.net\/?p=7173\" \/>\n<meta property=\"og:locale\" content=\"fr_FR\" \/>\n<meta property=\"og:type\" content=\"article\" \/>\n<meta property=\"og:title\" content=\"Production agro-sylvo-pastorale : Un r\u00e9sultat satisfaisant malgr\u00e9 le contexte difficile en 2022 - La Tribune du Faso\" \/>\n<meta property=\"og:description\" content=\"Ce mardi 28 f\u00e9vrier 2023 \u00e0 Ouagadougou, s\u2019est tenue la revue annuelle 2023 du cadre sectoriel de dialogue \u00ab production agro-sylvo-pastorale \u00bb . Les diff\u00e9rents travaux se sont d\u00e9roul\u00e9s sous la pr\u00e9sidence du ministre de l\u2019Agriculture des ressources animales et halieutiques, Dr Denis Ou\u00e9draogo.\" \/>\n<meta property=\"og:url\" content=\"https:\/\/www.latribunedufaso.net\/?p=7173\" \/>\n<meta property=\"og:site_name\" content=\"La Tribune du Faso\" \/>\n<meta property=\"article:publisher\" content=\"https:\/\/www.facebook.com\/LatribuneduFaso\/\" \/>\n<meta property=\"article:published_time\" content=\"2023-02-28T23:20:09+00:00\" \/>\n<meta property=\"article:modified_time\" content=\"2023-03-01T16:05:09+00:00\" \/>\n<meta property=\"og:image\" content=\"https:\/\/www.latribunedufaso.net\/wp-content\/uploads\/2023\/03\/IMG-20230301-WA0008.jpg\" \/>\n\t<meta property=\"og:image:width\" content=\"1280\" \/>\n\t<meta property=\"og:image:height\" content=\"852\" \/>\n\t<meta property=\"og:image:type\" content=\"image\/jpeg\" \/>\n<meta name=\"author\" content=\"Administrateur\" \/>\n<meta name=\"twitter:label1\" content=\"\u00c9crit par\" \/>\n\t<meta name=\"twitter:data1\" content=\"Administrateur\" \/>\n\t<meta name=\"twitter:label2\" content=\"Dur\u00e9e de lecture estim\u00e9e\" \/>\n\t<meta name=\"twitter:data2\" content=\"2 minutes\" \/>\n<script type=\"application\/ld+json\" class=\"yoast-schema-graph\">{\"@context\":\"https:\\\/\\\/schema.org\",\"@graph\":[{\"@type\":\"Article\",\"@id\":\"https:\\\/\\\/www.latribunedufaso.net\\\/?p=7173#article\",\"isPartOf\":{\"@id\":\"https:\\\/\\\/www.latribunedufaso.net\\\/?p=7173\"},\"author\":{\"name\":\"Administrateur\",\"@id\":\"https:\\\/\\\/www.latribunedufaso.net\\\/#\\\/schema\\\/person\\\/a380782d0605bb8aae27c40ea93b35b1\"},\"headline\":\"Production agro-sylvo-pastorale : Un r\u00e9sultat satisfaisant malgr\u00e9 le contexte difficile en 2022\",\"datePublished\":\"2023-02-28T23:20:09+00:00\",\"dateModified\":\"2023-03-01T16:05:09+00:00\",\"mainEntityOfPage\":{\"@id\":\"https:\\\/\\\/www.latribunedufaso.net\\\/?p=7173\"},\"wordCount\":441,\"commentCount\":0,\"publisher\":{\"@id\":\"https:\\\/\\\/www.latribunedufaso.net\\\/#organization\"},\"image\":{\"@id\":\"https:\\\/\\\/www.latribunedufaso.net\\\/?p=7173#primaryimage\"},\"thumbnailUrl\":\"https:\\\/\\\/www.latribunedufaso.net\\\/wp-content\\\/uploads\\\/2023\\\/03\\\/IMG-20230301-WA0008.jpg\",\"articleSection\":[\"A la une\",\"Actualit\u00e9\",\"Agriculture\"],\"inLanguage\":\"fr-FR\",\"potentialAction\":[{\"@type\":\"CommentAction\",\"name\":\"Comment\",\"target\":[\"https:\\\/\\\/www.latribunedufaso.net\\\/?p=7173#respond\"]}]},{\"@type\":\"WebPage\",\"@id\":\"https:\\\/\\\/www.latribunedufaso.net\\\/?p=7173\",\"url\":\"https:\\\/\\\/www.latribunedufaso.net\\\/?p=7173\",\"name\":\"Production agro-sylvo-pastorale : Un r\u00e9sultat satisfaisant malgr\u00e9 le contexte difficile en 2022 - La Tribune du Faso\",\"isPartOf\":{\"@id\":\"https:\\\/\\\/www.latribunedufaso.net\\\/#website\"},\"primaryImageOfPage\":{\"@id\":\"https:\\\/\\\/www.latribunedufaso.net\\\/?p=7173#primaryimage\"},\"image\":{\"@id\":\"https:\\\/\\\/www.latribunedufaso.net\\\/?p=7173#primaryimage\"},\"thumbnailUrl\":\"https:\\\/\\\/www.latribunedufaso.net\\\/wp-content\\\/uploads\\\/2023\\\/03\\\/IMG-20230301-WA0008.jpg\",\"datePublished\":\"2023-02-28T23:20:09+00:00\",\"dateModified\":\"2023-03-01T16:05:09+00:00\",\"breadcrumb\":{\"@id\":\"https:\\\/\\\/www.latribunedufaso.net\\\/?p=7173#breadcrumb\"},\"inLanguage\":\"fr-FR\",\"potentialAction\":[{\"@type\":\"ReadAction\",\"target\":[\"https:\\\/\\\/www.latribunedufaso.net\\\/?p=7173\"]}]},{\"@type\":\"ImageObject\",\"inLanguage\":\"fr-FR\",\"@id\":\"https:\\\/\\\/www.latribunedufaso.net\\\/?p=7173#primaryimage\",\"url\":\"https:\\\/\\\/www.latribunedufaso.net\\\/wp-content\\\/uploads\\\/2023\\\/03\\\/IMG-20230301-WA0008.jpg\",\"contentUrl\":\"https:\\\/\\\/www.latribunedufaso.net\\\/wp-content\\\/uploads\\\/2023\\\/03\\\/IMG-20230301-WA0008.jpg\",\"width\":1280,\"height\":852},{\"@type\":\"BreadcrumbList\",\"@id\":\"https:\\\/\\\/www.latribunedufaso.net\\\/?p=7173#breadcrumb\",\"itemListElement\":[{\"@type\":\"ListItem\",\"position\":1,\"name\":\"Accueil\",\"item\":\"https:\\\/\\\/www.latribunedufaso.net\\\/\"},{\"@type\":\"ListItem\",\"position\":2,\"name\":\"Production agro-sylvo-pastorale : Un r\u00e9sultat satisfaisant malgr\u00e9 le contexte difficile en 2022\"}]},{\"@type\":\"WebSite\",\"@id\":\"https:\\\/\\\/www.latribunedufaso.net\\\/#website\",\"url\":\"https:\\\/\\\/www.latribunedufaso.net\\\/\",\"name\":\"La Tribune du Faso\",\"description\":\"L&#039;information du monde rural en un clic\",\"publisher\":{\"@id\":\"https:\\\/\\\/www.latribunedufaso.net\\\/#organization\"},\"potentialAction\":[{\"@type\":\"SearchAction\",\"target\":{\"@type\":\"EntryPoint\",\"urlTemplate\":\"https:\\\/\\\/www.latribunedufaso.net\\\/?s={search_term_string}\"},\"query-input\":{\"@type\":\"PropertyValueSpecification\",\"valueRequired\":true,\"valueName\":\"search_term_string\"}}],\"inLanguage\":\"fr-FR\"},{\"@type\":\"Organization\",\"@id\":\"https:\\\/\\\/www.latribunedufaso.net\\\/#organization\",\"name\":\"La Tribune du Faso\",\"url\":\"https:\\\/\\\/www.latribunedufaso.net\\\/\",\"logo\":{\"@type\":\"ImageObject\",\"inLanguage\":\"fr-FR\",\"@id\":\"https:\\\/\\\/www.latribunedufaso.net\\\/#\\\/schema\\\/logo\\\/image\\\/\",\"url\":\"https:\\\/\\\/www.latribunedufaso.net\\\/wp-content\\\/uploads\\\/2020\\\/08\\\/Logo-Tribune-du-Faso-final-scaled.jpg\",\"contentUrl\":\"https:\\\/\\\/www.latribunedufaso.net\\\/wp-content\\\/uploads\\\/2020\\\/08\\\/Logo-Tribune-du-Faso-final-scaled.jpg\",\"width\":2560,\"height\":1856,\"caption\":\"La Tribune du Faso\"},\"image\":{\"@id\":\"https:\\\/\\\/www.latribunedufaso.net\\\/#\\\/schema\\\/logo\\\/image\\\/\"},\"sameAs\":[\"https:\\\/\\\/www.facebook.com\\\/LatribuneduFaso\\\/\"]},{\"@type\":\"Person\",\"@id\":\"https:\\\/\\\/www.latribunedufaso.net\\\/#\\\/schema\\\/person\\\/a380782d0605bb8aae27c40ea93b35b1\",\"name\":\"Administrateur\",\"image\":{\"@type\":\"ImageObject\",\"inLanguage\":\"fr-FR\",\"@id\":\"https:\\\/\\\/secure.gravatar.com\\\/avatar\\\/e20266f97d741f0e80ba1f60283074a9b3317fd7bfb727e0d95b51dafbf854a1?s=96&d=mm&r=g\",\"url\":\"https:\\\/\\\/secure.gravatar.com\\\/avatar\\\/e20266f97d741f0e80ba1f60283074a9b3317fd7bfb727e0d95b51dafbf854a1?s=96&d=mm&r=g\",\"contentUrl\":\"https:\\\/\\\/secure.gravatar.com\\\/avatar\\\/e20266f97d741f0e80ba1f60283074a9b3317fd7bfb727e0d95b51dafbf854a1?s=96&d=mm&r=g\",\"caption\":\"Administrateur\"},\"url\":\"https:\\\/\\\/www.latribunedufaso.net\\\/?author=2\"}]}<\/script>\n<!-- \/ Yoast SEO plugin. -->","yoast_head_json":{"title":"Production agro-sylvo-pastorale : Un r\u00e9sultat satisfaisant malgr\u00e9 le contexte difficile en 2022 - La Tribune du Faso","robots":{"index":"index","follow":"follow","max-snippet":"max-snippet:-1","max-image-preview":"max-image-preview:large","max-video-preview":"max-video-preview:-1"},"canonical":"https:\/\/www.latribunedufaso.net\/?p=7173","og_locale":"fr_FR","og_type":"article","og_title":"Production agro-sylvo-pastorale : Un r\u00e9sultat satisfaisant malgr\u00e9 le contexte difficile en 2022 - La Tribune du Faso","og_description":"Ce mardi 28 f\u00e9vrier 2023 \u00e0 Ouagadougou, s\u2019est tenue la revue annuelle 2023 du cadre sectoriel de dialogue \u00ab production agro-sylvo-pastorale \u00bb . Les diff\u00e9rents travaux se sont d\u00e9roul\u00e9s sous la pr\u00e9sidence du ministre de l\u2019Agriculture des ressources animales et halieutiques, Dr Denis Ou\u00e9draogo.","og_url":"https:\/\/www.latribunedufaso.net\/?p=7173","og_site_name":"La Tribune du Faso","article_publisher":"https:\/\/www.facebook.com\/LatribuneduFaso\/","article_published_time":"2023-02-28T23:20:09+00:00","article_modified_time":"2023-03-01T16:05:09+00:00","og_image":[{"width":1280,"height":852,"url":"https:\/\/www.latribunedufaso.net\/wp-content\/uploads\/2023\/03\/IMG-20230301-WA0008.jpg","type":"image\/jpeg"}],"author":"Administrateur","twitter_misc":{"\u00c9crit par":"Administrateur","Dur\u00e9e de lecture estim\u00e9e":"2 minutes"},"schema":{"@context":"https:\/\/schema.org","@graph":[{"@type":"Article","@id":"https:\/\/www.latribunedufaso.net\/?p=7173#article","isPartOf":{"@id":"https:\/\/www.latribunedufaso.net\/?p=7173"},"author":{"name":"Administrateur","@id":"https:\/\/www.latribunedufaso.net\/#\/schema\/person\/a380782d0605bb8aae27c40ea93b35b1"},"headline":"Production agro-sylvo-pastorale : Un r\u00e9sultat satisfaisant malgr\u00e9 le contexte difficile en 2022","datePublished":"2023-02-28T23:20:09+00:00","dateModified":"2023-03-01T16:05:09+00:00","mainEntityOfPage":{"@id":"https:\/\/www.latribunedufaso.net\/?p=7173"},"wordCount":441,"commentCount":0,"publisher":{"@id":"https:\/\/www.latribunedufaso.net\/#organization"},"image":{"@id":"https:\/\/www.latribunedufaso.net\/?p=7173#primaryimage"},"thumbnailUrl":"https:\/\/www.latribunedufaso.net\/wp-content\/uploads\/2023\/03\/IMG-20230301-WA0008.jpg","articleSection":["A la une","Actualit\u00e9","Agriculture"],"inLanguage":"fr-FR","potentialAction":[{"@type":"CommentAction","name":"Comment","target":["https:\/\/www.latribunedufaso.net\/?p=7173#respond"]}]},{"@type":"WebPage","@id":"https:\/\/www.latribunedufaso.net\/?p=7173","url":"https:\/\/www.latribunedufaso.net\/?p=7173","name":"Production agro-sylvo-pastorale : Un r\u00e9sultat satisfaisant malgr\u00e9 le contexte difficile en 2022 - La Tribune du Faso","isPartOf":{"@id":"https:\/\/www.latribunedufaso.net\/#website"},"primaryImageOfPage":{"@id":"https:\/\/www.latribunedufaso.net\/?p=7173#primaryimage"},"image":{"@id":"https:\/\/www.latribunedufaso.net\/?p=7173#primaryimage"},"thumbnailUrl":"https:\/\/www.latribunedufaso.net\/wp-content\/uploads\/2023\/03\/IMG-20230301-WA0008.jpg","datePublished":"2023-02-28T23:20:09+00:00","dateModified":"2023-03-01T16:05:09+00:00","breadcrumb":{"@id":"https:\/\/www.latribunedufaso.net\/?p=7173#breadcrumb"},"inLanguage":"fr-FR","potentialAction":[{"@type":"ReadAction","target":["https:\/\/www.latribunedufaso.net\/?p=7173"]}]},{"@type":"ImageObject","inLanguage":"fr-FR","@id":"https:\/\/www.latribunedufaso.net\/?p=7173#primaryimage","url":"https:\/\/www.latribunedufaso.net\/wp-content\/uploads\/2023\/03\/IMG-20230301-WA0008.jpg","contentUrl":"https:\/\/www.latribunedufaso.net\/wp-content\/uploads\/2023\/03\/IMG-20230301-WA0008.jpg","width":1280,"height":852},{"@type":"BreadcrumbList","@id":"https:\/\/www.latribunedufaso.net\/?p=7173#breadcrumb","itemListElement":[{"@type":"ListItem","position":1,"name":"Accueil","item":"https:\/\/www.latribunedufaso.net\/"},{"@type":"ListItem","position":2,"name":"Production agro-sylvo-pastorale : Un r\u00e9sultat satisfaisant malgr\u00e9 le contexte difficile en 2022"}]},{"@type":"WebSite","@id":"https:\/\/www.latribunedufaso.net\/#website","url":"https:\/\/www.latribunedufaso.net\/","name":"La Tribune du Faso","description":"L&#039;information du monde rural en un clic","publisher":{"@id":"https:\/\/www.latribunedufaso.net\/#organization"},"potentialAction":[{"@type":"SearchAction","target":{"@type":"EntryPoint","urlTemplate":"https:\/\/www.latribunedufaso.net\/?s={search_term_string}"},"query-input":{"@type":"PropertyValueSpecification","valueRequired":true,"valueName":"search_term_string"}}],"inLanguage":"fr-FR"},{"@type":"Organization","@id":"https:\/\/www.latribunedufaso.net\/#organization","name":"La Tribune du Faso","url":"https:\/\/www.latribunedufaso.net\/","logo":{"@type":"ImageObject","inLanguage":"fr-FR","@id":"https:\/\/www.latribunedufaso.net\/#\/schema\/logo\/image\/","url":"https:\/\/www.latribunedufaso.net\/wp-content\/uploads\/2020\/08\/Logo-Tribune-du-Faso-final-scaled.jpg","contentUrl":"https:\/\/www.latribunedufaso.net\/wp-content\/uploads\/2020\/08\/Logo-Tribune-du-Faso-final-scaled.jpg","width":2560,"height":1856,"caption":"La Tribune du Faso"},"image":{"@id":"https:\/\/www.latribunedufaso.net\/#\/schema\/logo\/image\/"},"sameAs":["https:\/\/www.facebook.com\/LatribuneduFaso\/"]},{"@type":"Person","@id":"https:\/\/www.latribunedufaso.net\/#\/schema\/person\/a380782d0605bb8aae27c40ea93b35b1","name":"Administrateur","image":{"@type":"ImageObject","inLanguage":"fr-FR","@id":"https:\/\/secure.gravatar.com\/avatar\/e20266f97d741f0e80ba1f60283074a9b3317fd7bfb727e0d95b51dafbf854a1?s=96&d=mm&r=g","url":"https:\/\/secure.gravatar.com\/avatar\/e20266f97d741f0e80ba1f60283074a9b3317fd7bfb727e0d95b51dafbf854a1?s=96&d=mm&r=g","contentUrl":"https:\/\/secure.gravatar.com\/avatar\/e20266f97d741f0e80ba1f60283074a9b3317fd7bfb727e0d95b51dafbf854a1?s=96&d=mm&r=g","caption":"Administrateur"},"url":"https:\/\/www.latribunedufaso.net\/?author=2"}]}},"_links":{"self":[{"href":"https:\/\/www.latribunedufaso.net\/index.php?rest_route=\/wp\/v2\/posts\/7173","targetHints":{"allow":["GET"]}}],"collection":[{"href":"https:\/\/www.latribunedufaso.net\/index.php?rest_route=\/wp\/v2\/posts"}],"about":[{"href":"https:\/\/www.latribunedufaso.net\/index.php?rest_route=\/wp\/v2\/types\/post"}],"author":[{"embeddable":true,"href":"https:\/\/www.latribunedufaso.net\/index.php?rest_route=\/wp\/v2\/users\/2"}],"replies":[{"embeddable":true,"href":"https:\/\/www.latribunedufaso.net\/index.php?rest_route=%2Fwp%2Fv2%2Fcomments&post=7173"}],"version-history":[{"count":1,"href":"https:\/\/www.latribunedufaso.net\/index.php?rest_route=\/wp\/v2\/posts\/7173\/revisions"}],"predecessor-version":[{"id":7178,"href":"https:\/\/www.latribunedufaso.net\/index.php?rest_route=\/wp\/v2\/posts\/7173\/revisions\/7178"}],"wp:featuredmedia":[{"embeddable":true,"href":"https:\/\/www.latribunedufaso.net\/index.php?rest_route=\/wp\/v2\/media\/7174"}],"wp:attachment":[{"href":"https:\/\/www.latribunedufaso.net\/index.php?rest_route=%2Fwp%2Fv2%2Fmedia&parent=7173"}],"wp:term":[{"taxonomy":"category","embeddable":true,"href":"https:\/\/www.latribunedufaso.net\/index.php?rest_route=%2Fwp%2Fv2%2Fcategories&post=7173"},{"taxonomy":"post_tag","embeddable":true,"href":"https:\/\/www.latribunedufaso.net\/index.php?rest_route=%2Fwp%2Fv2%2Ftags&post=7173"}],"curies":[{"name":"wp","href":"https:\/\/api.w.org\/{rel}","templated":true}]}}