{"id":6996,"date":"2023-02-01T00:04:46","date_gmt":"2023-02-01T00:04:46","guid":{"rendered":"https:\/\/www.latribunedufaso.net\/?p=6996"},"modified":"2023-02-01T14:25:31","modified_gmt":"2023-02-01T14:25:31","slug":"liberte-de-presse-au-burkina-non-les-medias-burkinabe-ne-sont-pas-la-radio-mille-collines","status":"publish","type":"post","link":"https:\/\/www.latribunedufaso.net\/?p=6996","title":{"rendered":"Libert\u00e9 de presse au Burkina\u00a0: Non, les m\u00e9dias burkinab\u00e8 ne sont pas la \u00ab\u00a0Radio mille collines\u00a0\u00bb"},"content":{"rendered":"<p style=\"text-align: justify;\"><strong>Le 23 janvier 2023, la Direction de la communication et des relations publiques de la primature, a publi\u00e9 sur la page Facebook de l\u2019institution, le compte rendu d\u2019une audience que le ma\u00eetre des lieux, Apollinaire Kyelem de Tamb\u00e9la, a accord\u00e9 au Pr\u00e9sident du Conseil sup\u00e9rieur de la communication (CSC), accompagn\u00e9 des membres du coll\u00e8ge des conseillers.<\/strong> <!--more--><\/p>\n<p style=\"text-align: justify;\">De ce compte rendu, il ressort des propos attribu\u00e9s au Premier ministre et qui suscitent des inqui\u00e9tudes et incompr\u00e9hensions des acteurs et organisations professionnelles des m\u00e9dias que nous sommes. En effet, on peut y lire ceci: <em>\u00ab On ne construit rien sans la discipline. Il est plus que n\u00e9cessaire de recadrer la communication au niveau des m\u00e9dias pour \u00e9viter la pagaille. L\u2019on se rappelle toujours de la Radio Mille Collines au Rwanda qui a jou\u00e9 un r\u00f4le d\u00e9terminant dans le g\u00e9nocide dans ce pays. Ce n\u2019est pas parce que l\u2019on est sur un plateau de t\u00e9l\u00e9vision ou dans un studio avec un micro que l\u2019on doit se croire tout permis \u00bb<\/em>.\u00a0<\/p>\n<p style=\"text-align: justify;\">Cette sortie du Premier ministre intervient apr\u00e8s une s\u00e9rie d\u2019actes d\u00e9nonc\u00e9s par les organisations professionnelles des m\u00e9dias, visant notamment au mus\u00e8lement de la presse depuis le retour des pouvoirs militaires le 24 janvier 2022. Ces propos attribu\u00e9s au Premier ministre interviennent \u00e9galement au moment o\u00f9 des individus se revendiquant comme des soutiens du pr\u00e9sident de la Transition, le Capitaine Ibrahim Traor\u00e9, appellent au meurtre de journalistes et \u00e0 des attaques contre des organes de presse. Elle intervient surtout dans un contexte o\u00f9 des groupuscules en voie de radicalisation, multiplient des actes de d\u00e9fiance \u00e0 la R\u00e9publique et de remise en cause progressive des fondements historiques, sociologiques et r\u00e9publicains, qui ont jusque-l\u00e0 maintenu l\u2019\u00e9difice Burkina debout, et ce malgr\u00e9 les vagues r\u00e9p\u00e9titives de tourbillons qui menacent de l\u2019emporter.<\/p>\n<p style=\"text-align: justify;\">A en croire le compte rendu qui a \u00e9t\u00e9 fait de cette rencontre, le Premier ministre insinue qu\u2019il y a de la pagaille dans les m\u00e9dias et fait une allusion dangereuse \u00e0 la Radio mille collines du Rwanda, invitant de ce fait, le CSC \u00e0 y mettre de l\u2019ordre.\u00a0<\/p>\n<p style=\"text-align: justify;\">Cette d\u00e9marche est \u00e9videmment contraire \u00e0 l\u2019esprit d\u2019ind\u00e9pendance du CSC qui ne doit recevoir d\u2019injonction ni du gouvernement ni d\u2019aucune autre structure ou pouvoir, dans sa mission de r\u00e9gulation.\u00a0<\/p>\n<p style=\"text-align: justify;\">Cette sortie du Premier ministre jette en p\u00e2ture nos m\u00e9dias, surtout dans un contexte national o\u00f9 \u00e9mergent<em> \u00ab des patriotes de la 25\u00e8me heure \u00bb<\/em>, disons, des adeptes de la pens\u00e9e unique, qui n\u2019h\u00e9sitent pas \u00e0 traiter tous ceux qui n\u2019\u00e9pousent pas leur conception et leur \u00ab <em>nouvel ordre<\/em> \u00bb politico-religieux et soci\u00e9tal, \u00ab <em>d\u2019apatrides ou d\u2019ennemis de la Transition qu\u2019il faut, soit \u00e9liminer physiquement, soit expatrier ou encore jeter en prison<\/em> \u00bb.\u00a0<\/p>\n<p style=\"text-align: justify;\">Ces \u2018\u2019<em>inquisiteurs<\/em>\u2019\u2019 des temps modernes s\u2019arrogent m\u00eame le droit et le pouvoir de choisir les \u00ab <em>bons journalistes<\/em> \u00bb, les \u00ab <em>m\u00e9dias patriotes<\/em> \u00bb et les \u00ab <em>m\u00e9dias supp\u00f4ts de la France \u00e0 fermer<\/em> \u00bb. D\u2019autres vont plus loin, en traitant les organisations professionnelles des m\u00e9dias de \u00ab <em>groupes terroristes<\/em> \u00bb,\u00a0 \u00ab <em>\u00e0 d\u00e9coloniser<\/em> \u00bb.\u00a0<\/p>\n<p style=\"text-align: justify;\">Notre Premier ministre, sans peut-\u00eatre le savoir, apporte ainsi de l\u2019eau au moulin de ces nouveaux \u00ab <em>r\u00e9volutionnaires<\/em> \u00bb,\u00a0 se croyant sortis de la cuisse de Jupiter et qui se sont investis de la mission messianique de lib\u00e9rer le Burkina \u00ab <em>des intellectuels apatrides et chiens de la France<\/em> \u00bb. Il donne \u00e0 ces \u00ab <em>supers citoyens<\/em> \u00bb qui, au nom de leur libert\u00e9 d\u2019expression, s\u2019arrogent tous les droits, y compris celui de choisir ceux qui m\u00e9ritent de vivre ou non, des raisons suppl\u00e9mentaires de poursuivre dans leurs errements.\u00a0<\/p>\n<p style=\"text-align: justify;\">Jusque-l\u00e0, et face \u00e0 nos d\u00e9nonciations, le gouvernement s\u2019est content\u00e9 de timides communiqu\u00e9s, d\u00e9non\u00e7ant du bout des l\u00e8vres ces menaces qui p\u00e8sent sur la libert\u00e9 de la presse, sur les droits humains et sur la s\u00e9curit\u00e9 des professionnels des m\u00e9dias ainsi que des organes et des entreprises de presse. Mais cette sortie de celui qui jusqu\u2019\u00e0 une date r\u00e9cente, \u00e9cumait nos plateaux de t\u00e9l\u00e9vision, nous donne des raisons suppl\u00e9mentaires de nous inqui\u00e9ter.\u00a0<\/p>\n<p style=\"text-align: justify;\">Au regard de la gravit\u00e9 de cette situation, il est apparu imp\u00e9ratif aux acteurs des m\u00e9dias que nous sommes, de tirer la sonnette d\u2019alarme et d\u2019interpeller les autorit\u00e9s de la Transition, \u00e0 commencer par le Chef de l\u2019Etat, son Premier ministre et son gouvernement ainsi que le pouvoir l\u00e9gislatif de Transition, sur les graves risques d\u2019atteintes \u00e0 la libert\u00e9 de la presse et surtout \u00e0 la s\u00e9curit\u00e9 des hommes et femmes de m\u00e9dias dans notre pays.\u00a0<\/p>\n<p style=\"text-align: justify;\">La lutte contre le terrorisme ne saurait aucunement \u00eatre un pr\u00e9texte pour mettre la presse ind\u00e9pendante sous coupe r\u00e9gl\u00e9e. D\u2019autant plus que depuis le d\u00e9but de cette guerre injuste impos\u00e9e au Burkina Faso et \u00e0 d\u2019autres pays de la sous-r\u00e9gion, les m\u00e9dias burkinab\u00e8 assument globalement leur responsabilit\u00e9 sociale, en se positionnant \u00e0 des niveaux divers, comme des artisans de la construction de la paix, de la formation d\u2019opinions publiques soucieuses de la pr\u00e9servation du climat et de la coh\u00e9sion sociale et de communion entre les communaut\u00e9s.\u00a0<\/p>\n<p style=\"text-align: justify;\">Conscients de cette responsabilit\u00e9 sociale, les m\u00e9dias burkinab\u00e8, \u00e0 travers des \u00e9ditoriaux et divers contenus, participent au d\u00e9sarmement psychologique et sociologique, \u00e0 la promotion d\u2019un vivre-ensemble apais\u00e9 partout sur le territoire national. Malgr\u00e9 la modestie de leurs moyens, nos m\u00e9dias travaillent avec rigueur et professionnalisme \u00e0 d\u00e9noncer la mauvaise gouvernance et \u00e0 constituer des relais de l\u2019action de nos gouvernants ainsi que des porte-voix de notre peuple.\u00a0<\/p>\n<p style=\"text-align: justify;\">Les m\u00e9dias burkinab\u00e8 n\u2019ont jamais \u00e9t\u00e9 et ne seront jamais un obstacle \u00e0 la lutte contre le terrorisme. Chaque fois que le pays les appelle, ils ont toujours r\u00e9pondu pr\u00e9sents avec honneur et d\u00e9vouement. Loin de nous toute pr\u00e9tention de dire que tout est parfait ! Mais les fautes ou les manquements (av\u00e9r\u00e9s ou ressentis comme tels) de quelques acteurs ne doivent pas autoriser nos autorit\u00e9s \u00e0 jeter tous les m\u00e9dias et leurs acteurs \u00e0 la vindicte populaire.\u00a0<\/p>\n<p style=\"text-align: justify;\">Dans cette guerre, tout le monde sait o\u00f9 se trouvent les responsabilit\u00e9s r\u00e9elles du drame que vivent les Burkinab\u00e8. Et ce n\u2019est certainement pas au niveau des m\u00e9dias qu\u2019il faudrait les rechercher. Il faut surtout \u00e9viter de faire des m\u00e9dias les boucs \u00e9missaires dans cette trag\u00e9die que vit le pays. Nous croyons plut\u00f4t que nous sommes une partie de la solution, et nous voyons notre responsabilit\u00e9 et notre engagement comme tels.\u00a0<\/p>\n<p style=\"text-align: justify;\">Les acteurs des m\u00e9dias voudraient, par cet \u00e9ditorial commun, r\u00e9affirmer leur soutien sans faille aux Forces de d\u00e9fense et de s\u00e9curit\u00e9 (FDS), aux volontaires pour la d\u00e9fense de la patrie (VDP), aux autorit\u00e9s de la Transition et \u00e0 tous les Burkinab\u00e8 engag\u00e9s d\u2019une mani\u00e8re ou d\u2019une autre dans ce combat pour la restauration de la dignit\u00e9 du peuple burkinab\u00e8 et de l\u2019int\u00e9grit\u00e9 du territoire national. Ils saluent les contributions des partenaires du Burkina Faso qui apportent leur soutien sinc\u00e8re \u00e0 notre peuple dans ces moments de grande incertitude.\u00a0<\/p>\n<p style=\"text-align: justify;\">Les acteurs des m\u00e9dias tiennent \u00e0 r\u00e9affirmer leur attachement au professionnalisme et \u00e0 l\u2019ind\u00e9pendance comme s\u00e8ve nourrici\u00e8re de notre m\u00e9tier.<\/p>\n<p style=\"text-align: justify;\">C\u2019est pourquoi, nous \u00e9levons \u00e0 travers ces lignes de vives protestations contre cette escalade dangereuse \u00e0 laquelle nous\u00a0 sommes\u00a0 de plus en plus expos\u00e9s.\u00a0 Il y a assur\u00e9ment\u00a0 urgence \u00e0 b\u00e2tir ensemble l\u2019unit\u00e9 nationale autour du d\u00e9fi majeur du moment,\u00a0 celui de\u00a0 pr\u00e9server l\u2019Etat de droit et du vivre-ensemble d\u00e9mocratique, garantissant et prot\u00e9geant les libert\u00e9s face aux d\u00e9rives, d\u2019o\u00f9 qu\u2019elles viennent.\u00a0<\/p>\n<p style=\"text-align: justify;\">Les acteurs des m\u00e9dias lancent un appel au gouvernement afin qu\u2019il cr\u00e9e les conditions permettant aux m\u00e9dias professionnels de continuer \u00e0 assurer le r\u00f4le de service public d\u2019information sans toutefois compromettre les actions des forces de d\u00e9fense et de s\u00e9curit\u00e9 ni violer les principes \u00e9thiques et d\u00e9ontologiques des m\u00e9tiers de l\u2019information.\u00a0<\/p>\n<p style=\"text-align: justify;\">Ils appellent les autorit\u00e9s \u00e0 se ressaisir et \u00e0 se concentrer sur l\u2019essentiel des missions de la Transition contenues dans la charte qui leur conf\u00e8re la l\u00e9gitimit\u00e9 ou la l\u00e9galit\u00e9 de diriger ce pays.\u00a0<\/p>\n<p style=\"text-align: justify;\">Ils les tiendront pour responsables de toutes atteintes \u00e0 l\u2019int\u00e9grit\u00e9 physique des professionnels des m\u00e9dias et \u00e0 la s\u00e9curit\u00e9 des locaux des entreprises de presse ainsi que les domiciles et autres propri\u00e9t\u00e9s priv\u00e9s des acteurs m\u00e9diatiques.\u00a0<\/p>\n<p style=\"text-align: justify;\">Ils prennent enfin l\u2019opinion nationale et internationale \u00e0 t\u00e9moin sur les graves menaces qui p\u00e8sent sur la presse au Burkina Faso et sur la n\u00e9cessit\u00e9 de ne pas briser ce rempart si cher \u00e0 la d\u00e9mocratie et \u00e0 l\u2019Etat de droit.\u00a0<\/p>\n<p style=\"text-align: justify;\">Pour une presse professionnelle, libre et responsable au service de la coh\u00e9sion sociale, de la paix, du d\u00e9veloppement, maintenons le cap et restons debout et fid\u00e8les \u00e0 notre sacerdoce d\u2019informer vrai, juste et utile, de former et d\u2019\u00e9duquer !<\/p>\n<p style=\"text-align: justify;\"><strong>Les Organisations Professionnelles des M\u00e9dias du Burkina Faso<\/strong><\/p>\n<p style=\"text-align: justify;\"><strong>Latribunedufaso.net<\/strong><\/p>\n","protected":false},"excerpt":{"rendered":"<p>Le 23 janvier 2023, la Direction de la communication et des relations publiques de la primature, a publi\u00e9 sur la page Facebook de l\u2019institution, le compte rendu d\u2019une audience que le ma\u00eetre des lieux, Apollinaire Kyelem de Tamb\u00e9la, a accord\u00e9 au Pr\u00e9sident du Conseil sup\u00e9rieur de la communication (CSC), accompagn\u00e9 des membres du coll\u00e8ge des conseillers.<\/p>\n","protected":false},"author":2,"featured_media":6997,"comment_status":"open","ping_status":"open","sticky":false,"template":"","format":"standard","meta":{"footnotes":""},"categories":[13,1,24,8,25],"tags":[],"class_list":["post-6996","post","type-post","status-publish","format-standard","has-post-thumbnail","hentry","category-une","category-actu","category-cenozo","category-societe","category-tribune"],"yoast_head":"<!-- This site is optimized with the Yoast SEO plugin v27.4 - https:\/\/yoast.com\/product\/yoast-seo-wordpress\/ -->\n<title>Libert\u00e9 de presse au Burkina\u00a0: Non, les m\u00e9dias burkinab\u00e8 ne sont pas la \u00ab\u00a0Radio mille collines\u00a0\u00bb - La Tribune du Faso<\/title>\n<meta name=\"robots\" content=\"index, follow, max-snippet:-1, max-image-preview:large, max-video-preview:-1\" \/>\n<link rel=\"canonical\" href=\"https:\/\/www.latribunedufaso.net\/?p=6996\" \/>\n<meta property=\"og:locale\" content=\"fr_FR\" \/>\n<meta property=\"og:type\" content=\"article\" \/>\n<meta property=\"og:title\" content=\"Libert\u00e9 de presse au Burkina\u00a0: Non, les m\u00e9dias burkinab\u00e8 ne sont pas la \u00ab\u00a0Radio mille collines\u00a0\u00bb - La Tribune du Faso\" \/>\n<meta property=\"og:description\" content=\"Le 23 janvier 2023, la Direction de la communication et des relations publiques de la primature, a publi\u00e9 sur la page Facebook de l\u2019institution, le compte rendu d\u2019une audience que le ma\u00eetre des lieux, Apollinaire Kyelem de Tamb\u00e9la, a accord\u00e9 au Pr\u00e9sident du Conseil sup\u00e9rieur de la communication (CSC), accompagn\u00e9 des membres du coll\u00e8ge des conseillers.\" \/>\n<meta property=\"og:url\" content=\"https:\/\/www.latribunedufaso.net\/?p=6996\" \/>\n<meta property=\"og:site_name\" content=\"La Tribune du Faso\" \/>\n<meta property=\"article:publisher\" content=\"https:\/\/www.facebook.com\/LatribuneduFaso\/\" \/>\n<meta property=\"article:published_time\" content=\"2023-02-01T00:04:46+00:00\" \/>\n<meta property=\"article:modified_time\" content=\"2023-02-01T14:25:31+00:00\" \/>\n<meta property=\"og:image\" content=\"https:\/\/www.latribunedufaso.net\/wp-content\/uploads\/2023\/02\/000001-Medias-en-ligne.jpg\" \/>\n\t<meta property=\"og:image:width\" content=\"600\" \/>\n\t<meta property=\"og:image:height\" content=\"356\" \/>\n\t<meta property=\"og:image:type\" content=\"image\/jpeg\" \/>\n<meta name=\"author\" content=\"Administrateur\" \/>\n<meta name=\"twitter:label1\" content=\"\u00c9crit par\" \/>\n\t<meta name=\"twitter:data1\" content=\"Administrateur\" \/>\n\t<meta name=\"twitter:label2\" content=\"Dur\u00e9e de lecture estim\u00e9e\" \/>\n\t<meta name=\"twitter:data2\" content=\"8 minutes\" \/>\n<script type=\"application\/ld+json\" class=\"yoast-schema-graph\">{\"@context\":\"https:\\\/\\\/schema.org\",\"@graph\":[{\"@type\":\"Article\",\"@id\":\"https:\\\/\\\/www.latribunedufaso.net\\\/?p=6996#article\",\"isPartOf\":{\"@id\":\"https:\\\/\\\/www.latribunedufaso.net\\\/?p=6996\"},\"author\":{\"name\":\"Administrateur\",\"@id\":\"https:\\\/\\\/www.latribunedufaso.net\\\/#\\\/schema\\\/person\\\/a380782d0605bb8aae27c40ea93b35b1\"},\"headline\":\"Libert\u00e9 de presse au Burkina\u00a0: Non, les m\u00e9dias burkinab\u00e8 ne sont pas la \u00ab\u00a0Radio mille collines\u00a0\u00bb\",\"datePublished\":\"2023-02-01T00:04:46+00:00\",\"dateModified\":\"2023-02-01T14:25:31+00:00\",\"mainEntityOfPage\":{\"@id\":\"https:\\\/\\\/www.latribunedufaso.net\\\/?p=6996\"},\"wordCount\":1574,\"commentCount\":0,\"publisher\":{\"@id\":\"https:\\\/\\\/www.latribunedufaso.net\\\/#organization\"},\"image\":{\"@id\":\"https:\\\/\\\/www.latribunedufaso.net\\\/?p=6996#primaryimage\"},\"thumbnailUrl\":\"https:\\\/\\\/www.latribunedufaso.net\\\/wp-content\\\/uploads\\\/2023\\\/02\\\/000001-Medias-en-ligne.jpg\",\"articleSection\":[\"A la une\",\"Actualit\u00e9\",\"CENOZO\",\"Soci\u00e9t\u00e9\",\"Tribune\"],\"inLanguage\":\"fr-FR\",\"potentialAction\":[{\"@type\":\"CommentAction\",\"name\":\"Comment\",\"target\":[\"https:\\\/\\\/www.latribunedufaso.net\\\/?p=6996#respond\"]}]},{\"@type\":\"WebPage\",\"@id\":\"https:\\\/\\\/www.latribunedufaso.net\\\/?p=6996\",\"url\":\"https:\\\/\\\/www.latribunedufaso.net\\\/?p=6996\",\"name\":\"Libert\u00e9 de presse au Burkina\u00a0: Non, les m\u00e9dias burkinab\u00e8 ne sont pas la \u00ab\u00a0Radio mille collines\u00a0\u00bb - La Tribune du Faso\",\"isPartOf\":{\"@id\":\"https:\\\/\\\/www.latribunedufaso.net\\\/#website\"},\"primaryImageOfPage\":{\"@id\":\"https:\\\/\\\/www.latribunedufaso.net\\\/?p=6996#primaryimage\"},\"image\":{\"@id\":\"https:\\\/\\\/www.latribunedufaso.net\\\/?p=6996#primaryimage\"},\"thumbnailUrl\":\"https:\\\/\\\/www.latribunedufaso.net\\\/wp-content\\\/uploads\\\/2023\\\/02\\\/000001-Medias-en-ligne.jpg\",\"datePublished\":\"2023-02-01T00:04:46+00:00\",\"dateModified\":\"2023-02-01T14:25:31+00:00\",\"breadcrumb\":{\"@id\":\"https:\\\/\\\/www.latribunedufaso.net\\\/?p=6996#breadcrumb\"},\"inLanguage\":\"fr-FR\",\"potentialAction\":[{\"@type\":\"ReadAction\",\"target\":[\"https:\\\/\\\/www.latribunedufaso.net\\\/?p=6996\"]}]},{\"@type\":\"ImageObject\",\"inLanguage\":\"fr-FR\",\"@id\":\"https:\\\/\\\/www.latribunedufaso.net\\\/?p=6996#primaryimage\",\"url\":\"https:\\\/\\\/www.latribunedufaso.net\\\/wp-content\\\/uploads\\\/2023\\\/02\\\/000001-Medias-en-ligne.jpg\",\"contentUrl\":\"https:\\\/\\\/www.latribunedufaso.net\\\/wp-content\\\/uploads\\\/2023\\\/02\\\/000001-Medias-en-ligne.jpg\",\"width\":600,\"height\":356},{\"@type\":\"BreadcrumbList\",\"@id\":\"https:\\\/\\\/www.latribunedufaso.net\\\/?p=6996#breadcrumb\",\"itemListElement\":[{\"@type\":\"ListItem\",\"position\":1,\"name\":\"Accueil\",\"item\":\"https:\\\/\\\/www.latribunedufaso.net\\\/\"},{\"@type\":\"ListItem\",\"position\":2,\"name\":\"Libert\u00e9 de presse au Burkina\u00a0: Non, les m\u00e9dias burkinab\u00e8 ne sont pas la \u00ab\u00a0Radio mille collines\u00a0\u00bb\"}]},{\"@type\":\"WebSite\",\"@id\":\"https:\\\/\\\/www.latribunedufaso.net\\\/#website\",\"url\":\"https:\\\/\\\/www.latribunedufaso.net\\\/\",\"name\":\"La Tribune du Faso\",\"description\":\"L&#039;information du monde rural en un clic\",\"publisher\":{\"@id\":\"https:\\\/\\\/www.latribunedufaso.net\\\/#organization\"},\"potentialAction\":[{\"@type\":\"SearchAction\",\"target\":{\"@type\":\"EntryPoint\",\"urlTemplate\":\"https:\\\/\\\/www.latribunedufaso.net\\\/?s={search_term_string}\"},\"query-input\":{\"@type\":\"PropertyValueSpecification\",\"valueRequired\":true,\"valueName\":\"search_term_string\"}}],\"inLanguage\":\"fr-FR\"},{\"@type\":\"Organization\",\"@id\":\"https:\\\/\\\/www.latribunedufaso.net\\\/#organization\",\"name\":\"La Tribune du Faso\",\"url\":\"https:\\\/\\\/www.latribunedufaso.net\\\/\",\"logo\":{\"@type\":\"ImageObject\",\"inLanguage\":\"fr-FR\",\"@id\":\"https:\\\/\\\/www.latribunedufaso.net\\\/#\\\/schema\\\/logo\\\/image\\\/\",\"url\":\"https:\\\/\\\/www.latribunedufaso.net\\\/wp-content\\\/uploads\\\/2020\\\/08\\\/Logo-Tribune-du-Faso-final-scaled.jpg\",\"contentUrl\":\"https:\\\/\\\/www.latribunedufaso.net\\\/wp-content\\\/uploads\\\/2020\\\/08\\\/Logo-Tribune-du-Faso-final-scaled.jpg\",\"width\":2560,\"height\":1856,\"caption\":\"La Tribune du Faso\"},\"image\":{\"@id\":\"https:\\\/\\\/www.latribunedufaso.net\\\/#\\\/schema\\\/logo\\\/image\\\/\"},\"sameAs\":[\"https:\\\/\\\/www.facebook.com\\\/LatribuneduFaso\\\/\"]},{\"@type\":\"Person\",\"@id\":\"https:\\\/\\\/www.latribunedufaso.net\\\/#\\\/schema\\\/person\\\/a380782d0605bb8aae27c40ea93b35b1\",\"name\":\"Administrateur\",\"image\":{\"@type\":\"ImageObject\",\"inLanguage\":\"fr-FR\",\"@id\":\"https:\\\/\\\/secure.gravatar.com\\\/avatar\\\/e20266f97d741f0e80ba1f60283074a9b3317fd7bfb727e0d95b51dafbf854a1?s=96&d=mm&r=g\",\"url\":\"https:\\\/\\\/secure.gravatar.com\\\/avatar\\\/e20266f97d741f0e80ba1f60283074a9b3317fd7bfb727e0d95b51dafbf854a1?s=96&d=mm&r=g\",\"contentUrl\":\"https:\\\/\\\/secure.gravatar.com\\\/avatar\\\/e20266f97d741f0e80ba1f60283074a9b3317fd7bfb727e0d95b51dafbf854a1?s=96&d=mm&r=g\",\"caption\":\"Administrateur\"},\"url\":\"https:\\\/\\\/www.latribunedufaso.net\\\/?author=2\"}]}<\/script>\n<!-- \/ Yoast SEO plugin. -->","yoast_head_json":{"title":"Libert\u00e9 de presse au Burkina\u00a0: Non, les m\u00e9dias burkinab\u00e8 ne sont pas la \u00ab\u00a0Radio mille collines\u00a0\u00bb - La Tribune du Faso","robots":{"index":"index","follow":"follow","max-snippet":"max-snippet:-1","max-image-preview":"max-image-preview:large","max-video-preview":"max-video-preview:-1"},"canonical":"https:\/\/www.latribunedufaso.net\/?p=6996","og_locale":"fr_FR","og_type":"article","og_title":"Libert\u00e9 de presse au Burkina\u00a0: Non, les m\u00e9dias burkinab\u00e8 ne sont pas la \u00ab\u00a0Radio mille collines\u00a0\u00bb - La Tribune du Faso","og_description":"Le 23 janvier 2023, la Direction de la communication et des relations publiques de la primature, a publi\u00e9 sur la page Facebook de l\u2019institution, le compte rendu d\u2019une audience que le ma\u00eetre des lieux, Apollinaire Kyelem de Tamb\u00e9la, a accord\u00e9 au Pr\u00e9sident du Conseil sup\u00e9rieur de la communication (CSC), accompagn\u00e9 des membres du coll\u00e8ge des conseillers.","og_url":"https:\/\/www.latribunedufaso.net\/?p=6996","og_site_name":"La Tribune du Faso","article_publisher":"https:\/\/www.facebook.com\/LatribuneduFaso\/","article_published_time":"2023-02-01T00:04:46+00:00","article_modified_time":"2023-02-01T14:25:31+00:00","og_image":[{"width":600,"height":356,"url":"https:\/\/www.latribunedufaso.net\/wp-content\/uploads\/2023\/02\/000001-Medias-en-ligne.jpg","type":"image\/jpeg"}],"author":"Administrateur","twitter_misc":{"\u00c9crit par":"Administrateur","Dur\u00e9e de lecture estim\u00e9e":"8 minutes"},"schema":{"@context":"https:\/\/schema.org","@graph":[{"@type":"Article","@id":"https:\/\/www.latribunedufaso.net\/?p=6996#article","isPartOf":{"@id":"https:\/\/www.latribunedufaso.net\/?p=6996"},"author":{"name":"Administrateur","@id":"https:\/\/www.latribunedufaso.net\/#\/schema\/person\/a380782d0605bb8aae27c40ea93b35b1"},"headline":"Libert\u00e9 de presse au Burkina\u00a0: Non, les m\u00e9dias burkinab\u00e8 ne sont pas la \u00ab\u00a0Radio mille collines\u00a0\u00bb","datePublished":"2023-02-01T00:04:46+00:00","dateModified":"2023-02-01T14:25:31+00:00","mainEntityOfPage":{"@id":"https:\/\/www.latribunedufaso.net\/?p=6996"},"wordCount":1574,"commentCount":0,"publisher":{"@id":"https:\/\/www.latribunedufaso.net\/#organization"},"image":{"@id":"https:\/\/www.latribunedufaso.net\/?p=6996#primaryimage"},"thumbnailUrl":"https:\/\/www.latribunedufaso.net\/wp-content\/uploads\/2023\/02\/000001-Medias-en-ligne.jpg","articleSection":["A la une","Actualit\u00e9","CENOZO","Soci\u00e9t\u00e9","Tribune"],"inLanguage":"fr-FR","potentialAction":[{"@type":"CommentAction","name":"Comment","target":["https:\/\/www.latribunedufaso.net\/?p=6996#respond"]}]},{"@type":"WebPage","@id":"https:\/\/www.latribunedufaso.net\/?p=6996","url":"https:\/\/www.latribunedufaso.net\/?p=6996","name":"Libert\u00e9 de presse au Burkina\u00a0: Non, les m\u00e9dias burkinab\u00e8 ne sont pas la \u00ab\u00a0Radio mille collines\u00a0\u00bb - La Tribune du Faso","isPartOf":{"@id":"https:\/\/www.latribunedufaso.net\/#website"},"primaryImageOfPage":{"@id":"https:\/\/www.latribunedufaso.net\/?p=6996#primaryimage"},"image":{"@id":"https:\/\/www.latribunedufaso.net\/?p=6996#primaryimage"},"thumbnailUrl":"https:\/\/www.latribunedufaso.net\/wp-content\/uploads\/2023\/02\/000001-Medias-en-ligne.jpg","datePublished":"2023-02-01T00:04:46+00:00","dateModified":"2023-02-01T14:25:31+00:00","breadcrumb":{"@id":"https:\/\/www.latribunedufaso.net\/?p=6996#breadcrumb"},"inLanguage":"fr-FR","potentialAction":[{"@type":"ReadAction","target":["https:\/\/www.latribunedufaso.net\/?p=6996"]}]},{"@type":"ImageObject","inLanguage":"fr-FR","@id":"https:\/\/www.latribunedufaso.net\/?p=6996#primaryimage","url":"https:\/\/www.latribunedufaso.net\/wp-content\/uploads\/2023\/02\/000001-Medias-en-ligne.jpg","contentUrl":"https:\/\/www.latribunedufaso.net\/wp-content\/uploads\/2023\/02\/000001-Medias-en-ligne.jpg","width":600,"height":356},{"@type":"BreadcrumbList","@id":"https:\/\/www.latribunedufaso.net\/?p=6996#breadcrumb","itemListElement":[{"@type":"ListItem","position":1,"name":"Accueil","item":"https:\/\/www.latribunedufaso.net\/"},{"@type":"ListItem","position":2,"name":"Libert\u00e9 de presse au Burkina\u00a0: Non, les m\u00e9dias burkinab\u00e8 ne sont pas la \u00ab\u00a0Radio mille collines\u00a0\u00bb"}]},{"@type":"WebSite","@id":"https:\/\/www.latribunedufaso.net\/#website","url":"https:\/\/www.latribunedufaso.net\/","name":"La Tribune du Faso","description":"L&#039;information du monde rural en un clic","publisher":{"@id":"https:\/\/www.latribunedufaso.net\/#organization"},"potentialAction":[{"@type":"SearchAction","target":{"@type":"EntryPoint","urlTemplate":"https:\/\/www.latribunedufaso.net\/?s={search_term_string}"},"query-input":{"@type":"PropertyValueSpecification","valueRequired":true,"valueName":"search_term_string"}}],"inLanguage":"fr-FR"},{"@type":"Organization","@id":"https:\/\/www.latribunedufaso.net\/#organization","name":"La Tribune du Faso","url":"https:\/\/www.latribunedufaso.net\/","logo":{"@type":"ImageObject","inLanguage":"fr-FR","@id":"https:\/\/www.latribunedufaso.net\/#\/schema\/logo\/image\/","url":"https:\/\/www.latribunedufaso.net\/wp-content\/uploads\/2020\/08\/Logo-Tribune-du-Faso-final-scaled.jpg","contentUrl":"https:\/\/www.latribunedufaso.net\/wp-content\/uploads\/2020\/08\/Logo-Tribune-du-Faso-final-scaled.jpg","width":2560,"height":1856,"caption":"La Tribune du Faso"},"image":{"@id":"https:\/\/www.latribunedufaso.net\/#\/schema\/logo\/image\/"},"sameAs":["https:\/\/www.facebook.com\/LatribuneduFaso\/"]},{"@type":"Person","@id":"https:\/\/www.latribunedufaso.net\/#\/schema\/person\/a380782d0605bb8aae27c40ea93b35b1","name":"Administrateur","image":{"@type":"ImageObject","inLanguage":"fr-FR","@id":"https:\/\/secure.gravatar.com\/avatar\/e20266f97d741f0e80ba1f60283074a9b3317fd7bfb727e0d95b51dafbf854a1?s=96&d=mm&r=g","url":"https:\/\/secure.gravatar.com\/avatar\/e20266f97d741f0e80ba1f60283074a9b3317fd7bfb727e0d95b51dafbf854a1?s=96&d=mm&r=g","contentUrl":"https:\/\/secure.gravatar.com\/avatar\/e20266f97d741f0e80ba1f60283074a9b3317fd7bfb727e0d95b51dafbf854a1?s=96&d=mm&r=g","caption":"Administrateur"},"url":"https:\/\/www.latribunedufaso.net\/?author=2"}]}},"_links":{"self":[{"href":"https:\/\/www.latribunedufaso.net\/index.php?rest_route=\/wp\/v2\/posts\/6996","targetHints":{"allow":["GET"]}}],"collection":[{"href":"https:\/\/www.latribunedufaso.net\/index.php?rest_route=\/wp\/v2\/posts"}],"about":[{"href":"https:\/\/www.latribunedufaso.net\/index.php?rest_route=\/wp\/v2\/types\/post"}],"author":[{"embeddable":true,"href":"https:\/\/www.latribunedufaso.net\/index.php?rest_route=\/wp\/v2\/users\/2"}],"replies":[{"embeddable":true,"href":"https:\/\/www.latribunedufaso.net\/index.php?rest_route=%2Fwp%2Fv2%2Fcomments&post=6996"}],"version-history":[{"count":1,"href":"https:\/\/www.latribunedufaso.net\/index.php?rest_route=\/wp\/v2\/posts\/6996\/revisions"}],"predecessor-version":[{"id":6998,"href":"https:\/\/www.latribunedufaso.net\/index.php?rest_route=\/wp\/v2\/posts\/6996\/revisions\/6998"}],"wp:featuredmedia":[{"embeddable":true,"href":"https:\/\/www.latribunedufaso.net\/index.php?rest_route=\/wp\/v2\/media\/6997"}],"wp:attachment":[{"href":"https:\/\/www.latribunedufaso.net\/index.php?rest_route=%2Fwp%2Fv2%2Fmedia&parent=6996"}],"wp:term":[{"taxonomy":"category","embeddable":true,"href":"https:\/\/www.latribunedufaso.net\/index.php?rest_route=%2Fwp%2Fv2%2Fcategories&post=6996"},{"taxonomy":"post_tag","embeddable":true,"href":"https:\/\/www.latribunedufaso.net\/index.php?rest_route=%2Fwp%2Fv2%2Ftags&post=6996"}],"curies":[{"name":"wp","href":"https:\/\/api.w.org\/{rel}","templated":true}]}}